{"id":2363,"date":"2022-12-22T16:01:53","date_gmt":"2022-12-22T16:01:53","guid":{"rendered":"https:\/\/www.semen-l.org\/?p=2363"},"modified":"2022-12-22T16:01:53","modified_gmt":"2022-12-22T16:01:53","slug":"rencontre-autour-de-la-restauration-du-chateau-renaissance-de-bournazel-bordeaux-1er-fevrier-2023-musee-daquitaine-18h","status":"publish","type":"post","link":"https:\/\/www.semen-l.org\/?p=2363","title":{"rendered":"Rencontre autour de la restauration du ch\u00e2teau Renaissance de Bournazel &#8211; Bordeaux, 1er f\u00e9vrier 2023, Mus\u00e9e d&rsquo;Aquitaine, 18h."},"content":{"rendered":"<p>Nous avons le plaisir de transmettre cette information du Centre Montaigne :<\/p>\n<p>Le 1er f\u00e9vrier prochain, le Centre Montaigne a le plaisir d&rsquo;organiser une rencontre autour de la restauration du ch\u00e2teau Renaissance de Bournazel, \u00e0 18 heures au Mus\u00e9e d&rsquo;Aquitaine.<\/p>\n<p>Ce tr\u00e8s beau ch\u00e2teau du Rouergue, qui \u00e9tait en partie d\u00e9truit, a \u00e9t\u00e9 non seulement restaur\u00e9 depuis dix ans mais, fait exceptionnel, reconstruit avec remise en place des \u00e9l\u00e9ments d\u00e9truits retrouv\u00e9s lors des travaux, ce qui a n\u00e9cessit\u00e9 aussi bien des outils num\u00e9riques que la mobilisation d&rsquo;un savoir faire artisanal tout \u00e0 fait int\u00e9ressants. Le jardin, qui avait disparu, a \u00e9galement \u00e9t\u00e9 restitu\u00e9, sous l&rsquo;\u00e9gide de Thierry Verdier, historien de l&rsquo;art et architecte \u00e0 l&rsquo;\u00e9cole d&rsquo;architecture de Montpellier.<\/p>\n<p>Le ch\u00e2teau restaur\u00e9 abrite aujourd&rsquo;hui, outre des collections de meubles et d&rsquo;objets, un colloque annuel sur la Renaissance, des r\u00e9sidences d&rsquo;artistes, des concerts et pourra sans doute accueillir bient\u00f4t des \u00e9tudiants pour des s\u00e9jours de travail (une biblioth\u00e8que de travail sur la Renaissance est en cours de constitution et d\u00e9j\u00e0 bien avanc\u00e9e).<\/p>\n<p>Pour ceux qui ne connaissent pas le ch\u00e2teau, voici le lien vers le site et un aper\u00e7u des travaux titanesques : https:\/\/www.chateau-bournazel.fr\/<\/p>\n<p>Les propri\u00e9taires, G\u00e9rald et Martine Harlin, \u00e0 l&rsquo;origine de cette restauration et de cette mutation patrimoniale ont accept\u00e9 de venir pr\u00e9senter, films et images \u00e0 l&rsquo;appui, \u00e0 la fois l&rsquo;histoire des dix ans de r\u00e9novation, la fa\u00e7on dont s&rsquo;est d\u00e9roul\u00e9 le chantier, le probl\u00e8me sp\u00e9cifique pos\u00e9 par les \u00e9l\u00e9ments reconstruits pour les Monuments historiques, etc., et la fa\u00e7on dont ils con\u00e7oivent la vie du ch\u00e2teau aujourd&rsquo;hui.<\/p>\n<p>Cette rencontre pourrait int\u00e9resser de nombreux \u00e9tudiants d&rsquo;histoire, d&rsquo;histoire de l&rsquo;art, d&rsquo;architecture, et tous ceux qui, d&rsquo;une mani\u00e8re ou d&rsquo;une autre, s&rsquo;int\u00e9ressent au patrimoine et \u00e0 la Renaissance. Le syst\u00e8me symbolique des ornements de la fa\u00e7ade est \u00e9galement tr\u00e8s int\u00e9ressant, comme la signification du jardin.<\/p>\n<p>Violaine Giacomotto-Charra<\/p>\n<p>Professeur des Universit\u00e9s (Litt\u00e9rature et langue fran\u00e7aises du XVIe si\u00e8cle)<\/p>\n<p>Litt\u00e9rature et histoire des savoirs \u00e0 la Renaissance<\/p>\n","protected":false},"excerpt":{"rendered":"<p>Nous avons le plaisir de transmettre cette information du Centre Montaigne : Le 1er f\u00e9vrier prochain, le Centre Montaigne a le plaisir d&rsquo;organiser une rencontre autour de la restauration du ch\u00e2teau Renaissance de Bournazel, \u00e0 18 heures au Mus\u00e9e d&rsquo;Aquitaine. &hellip; <a href=\"https:\/\/www.semen-l.org\/?p=2363\">Continuer la lecture <span class=\"meta-nav\">&rarr;<\/span><\/a><\/p>\n","protected":false},"author":26,"featured_media":1809,"comment_status":"open","ping_status":"open","sticky":false,"template":"","format":"standard","meta":{"footnotes":""},"categories":[4],"tags":[],"class_list":["post-2363","post","type-post","status-publish","format-standard","has-post-thumbnail","hentry","category-colloques"],"yoast_head":"<!-- This site is optimized with the Yoast SEO plugin v27.5 - https:\/\/yoast.com\/product\/yoast-seo-wordpress\/ -->\n<title>Rencontre autour de la restauration du ch\u00e2teau Renaissance de Bournazel - Bordeaux, 1er f\u00e9vrier 2023, Mus\u00e9e d&#039;Aquitaine, 18h. - Soci\u00e9t\u00e9 d&#039;\u00c9tudes M\u00e9dio Et N\u00e9o-Latines<\/title>\n<meta name=\"robots\" content=\"index, follow, max-snippet:-1, max-image-preview:large, max-video-preview:-1\" \/>\n<link rel=\"canonical\" href=\"http:\/\/www.semen-l.org\/?p=2363\" \/>\n<meta property=\"og:locale\" content=\"fr_FR\" \/>\n<meta property=\"og:type\" content=\"article\" \/>\n<meta property=\"og:title\" content=\"Rencontre autour de la restauration du ch\u00e2teau Renaissance de Bournazel - Bordeaux, 1er f\u00e9vrier 2023, Mus\u00e9e d&#039;Aquitaine, 18h. - Soci\u00e9t\u00e9 d&#039;\u00c9tudes M\u00e9dio Et N\u00e9o-Latines\" \/>\n<meta property=\"og:description\" content=\"Nous avons le plaisir de transmettre cette information du Centre Montaigne : Le 1er f\u00e9vrier prochain, le Centre Montaigne a le plaisir d&rsquo;organiser une rencontre autour de la restauration du ch\u00e2teau Renaissance de Bournazel, \u00e0 18 heures au Mus\u00e9e d&rsquo;Aquitaine. &hellip; Continuer la lecture &rarr;\" \/>\n<meta property=\"og:url\" content=\"http:\/\/www.semen-l.org\/?p=2363\" \/>\n<meta property=\"og:site_name\" content=\"Soci\u00e9t\u00e9 d&#039;\u00c9tudes M\u00e9dio Et N\u00e9o-Latines\" \/>\n<meta property=\"article:publisher\" content=\"https:\/\/www.facebook.com\/SEMENL2018\" \/>\n<meta property=\"article:published_time\" content=\"2022-12-22T16:01:53+00:00\" \/>\n<meta property=\"og:image\" content=\"http:\/\/www.semen-l.org\/wp-content\/uploads\/2021\/03\/logo-centre-montaigne.jpg\" \/>\n\t<meta property=\"og:image:width\" content=\"195\" \/>\n\t<meta property=\"og:image:height\" content=\"70\" \/>\n\t<meta property=\"og:image:type\" content=\"image\/jpeg\" \/>\n<meta name=\"author\" content=\"Julien Maudoux\" \/>\n<meta name=\"twitter:card\" content=\"summary_large_image\" \/>\n<meta name=\"twitter:label1\" content=\"\u00c9crit par\" \/>\n\t<meta name=\"twitter:data1\" content=\"Julien Maudoux\" \/>\n\t<meta name=\"twitter:label2\" content=\"Dur\u00e9e de lecture estim\u00e9e\" \/>\n\t<meta name=\"twitter:data2\" content=\"2 minutes\" \/>\n<script type=\"application\/ld+json\" class=\"yoast-schema-graph\">{\"@context\":\"https:\\\/\\\/schema.org\",\"@graph\":[{\"@type\":\"Article\",\"@id\":\"http:\\\/\\\/www.semen-l.org\\\/?p=2363#article\",\"isPartOf\":{\"@id\":\"http:\\\/\\\/www.semen-l.org\\\/?p=2363\"},\"author\":{\"name\":\"Julien Maudoux\",\"@id\":\"http:\\\/\\\/www.semen-l.org\\\/#\\\/schema\\\/person\\\/ef5208815f17666727763c5363a51344\"},\"headline\":\"Rencontre autour de la restauration du ch\u00e2teau Renaissance de Bournazel &#8211; Bordeaux, 1er f\u00e9vrier 2023, Mus\u00e9e d&rsquo;Aquitaine, 18h.\",\"datePublished\":\"2022-12-22T16:01:53+00:00\",\"mainEntityOfPage\":{\"@id\":\"http:\\\/\\\/www.semen-l.org\\\/?p=2363\"},\"wordCount\":403,\"commentCount\":0,\"publisher\":{\"@id\":\"http:\\\/\\\/www.semen-l.org\\\/#organization\"},\"image\":{\"@id\":\"http:\\\/\\\/www.semen-l.org\\\/?p=2363#primaryimage\"},\"thumbnailUrl\":\"https:\\\/\\\/www.semen-l.org\\\/wp-content\\\/uploads\\\/2021\\\/03\\\/logo-centre-montaigne.jpg\",\"articleSection\":[\"Colloques\"],\"inLanguage\":\"fr-FR\",\"potentialAction\":[{\"@type\":\"CommentAction\",\"name\":\"Comment\",\"target\":[\"http:\\\/\\\/www.semen-l.org\\\/?p=2363#respond\"]}]},{\"@type\":\"WebPage\",\"@id\":\"http:\\\/\\\/www.semen-l.org\\\/?p=2363\",\"url\":\"http:\\\/\\\/www.semen-l.org\\\/?p=2363\",\"name\":\"Rencontre autour de la restauration du ch\u00e2teau Renaissance de Bournazel - Bordeaux, 1er f\u00e9vrier 2023, Mus\u00e9e d'Aquitaine, 18h. - Soci\u00e9t\u00e9 d&#039;\u00c9tudes M\u00e9dio Et N\u00e9o-Latines\",\"isPartOf\":{\"@id\":\"http:\\\/\\\/www.semen-l.org\\\/#website\"},\"primaryImageOfPage\":{\"@id\":\"http:\\\/\\\/www.semen-l.org\\\/?p=2363#primaryimage\"},\"image\":{\"@id\":\"http:\\\/\\\/www.semen-l.org\\\/?p=2363#primaryimage\"},\"thumbnailUrl\":\"https:\\\/\\\/www.semen-l.org\\\/wp-content\\\/uploads\\\/2021\\\/03\\\/logo-centre-montaigne.jpg\",\"datePublished\":\"2022-12-22T16:01:53+00:00\",\"breadcrumb\":{\"@id\":\"http:\\\/\\\/www.semen-l.org\\\/?p=2363#breadcrumb\"},\"inLanguage\":\"fr-FR\",\"potentialAction\":[{\"@type\":\"ReadAction\",\"target\":[\"http:\\\/\\\/www.semen-l.org\\\/?p=2363\"]}]},{\"@type\":\"ImageObject\",\"inLanguage\":\"fr-FR\",\"@id\":\"http:\\\/\\\/www.semen-l.org\\\/?p=2363#primaryimage\",\"url\":\"https:\\\/\\\/www.semen-l.org\\\/wp-content\\\/uploads\\\/2021\\\/03\\\/logo-centre-montaigne.jpg\",\"contentUrl\":\"https:\\\/\\\/www.semen-l.org\\\/wp-content\\\/uploads\\\/2021\\\/03\\\/logo-centre-montaigne.jpg\",\"width\":195,\"height\":70},{\"@type\":\"BreadcrumbList\",\"@id\":\"http:\\\/\\\/www.semen-l.org\\\/?p=2363#breadcrumb\",\"itemListElement\":[{\"@type\":\"ListItem\",\"position\":1,\"name\":\"Accueil\",\"item\":\"http:\\\/\\\/www.semen-l.org\\\/\"},{\"@type\":\"ListItem\",\"position\":2,\"name\":\"Rencontre autour de la restauration du ch\u00e2teau Renaissance de Bournazel &#8211; Bordeaux, 1er f\u00e9vrier 2023, Mus\u00e9e d&rsquo;Aquitaine, 18h.\"}]},{\"@type\":\"WebSite\",\"@id\":\"http:\\\/\\\/www.semen-l.org\\\/#website\",\"url\":\"http:\\\/\\\/www.semen-l.org\\\/\",\"name\":\"Soci\u00e9t\u00e9 d'\u00c9tudes M\u00e9dio Et N\u00e9o-Latines\",\"description\":\"\",\"publisher\":{\"@id\":\"http:\\\/\\\/www.semen-l.org\\\/#organization\"},\"potentialAction\":[{\"@type\":\"SearchAction\",\"target\":{\"@type\":\"EntryPoint\",\"urlTemplate\":\"http:\\\/\\\/www.semen-l.org\\\/?s={search_term_string}\"},\"query-input\":{\"@type\":\"PropertyValueSpecification\",\"valueRequired\":true,\"valueName\":\"search_term_string\"}}],\"inLanguage\":\"fr-FR\"},{\"@type\":\"Organization\",\"@id\":\"http:\\\/\\\/www.semen-l.org\\\/#organization\",\"name\":\"Soci\u00e9t\u00e9 d'\u00e9tudes m\u00e9dio et n\u00e9o-latines\",\"url\":\"http:\\\/\\\/www.semen-l.org\\\/\",\"logo\":{\"@type\":\"ImageObject\",\"inLanguage\":\"fr-FR\",\"@id\":\"http:\\\/\\\/www.semen-l.org\\\/#\\\/schema\\\/logo\\\/image\\\/\",\"url\":\"http:\\\/\\\/www.semen-l.org\\\/wp-content\\\/uploads\\\/2020\\\/11\\\/logo-semenl.jpg\",\"contentUrl\":\"http:\\\/\\\/www.semen-l.org\\\/wp-content\\\/uploads\\\/2020\\\/11\\\/logo-semenl.jpg\",\"width\":408,\"height\":403,\"caption\":\"Soci\u00e9t\u00e9 d'\u00e9tudes m\u00e9dio et n\u00e9o-latines\"},\"image\":{\"@id\":\"http:\\\/\\\/www.semen-l.org\\\/#\\\/schema\\\/logo\\\/image\\\/\"},\"sameAs\":[\"https:\\\/\\\/www.facebook.com\\\/SEMENL2018\",\"https:\\\/\\\/independent.academia.edu\\\/SocitsdtudesmdioetnolatinesSEMENL\"]},{\"@type\":\"Person\",\"@id\":\"http:\\\/\\\/www.semen-l.org\\\/#\\\/schema\\\/person\\\/ef5208815f17666727763c5363a51344\",\"name\":\"Julien Maudoux\",\"image\":{\"@type\":\"ImageObject\",\"inLanguage\":\"fr-FR\",\"@id\":\"https:\\\/\\\/secure.gravatar.com\\\/avatar\\\/caabf4fb6242e2277733cd35a5c2aa083761ea25dae1d1ff3298b54292225292?s=96&d=mm&r=g\",\"url\":\"https:\\\/\\\/secure.gravatar.com\\\/avatar\\\/caabf4fb6242e2277733cd35a5c2aa083761ea25dae1d1ff3298b54292225292?s=96&d=mm&r=g\",\"contentUrl\":\"https:\\\/\\\/secure.gravatar.com\\\/avatar\\\/caabf4fb6242e2277733cd35a5c2aa083761ea25dae1d1ff3298b54292225292?s=96&d=mm&r=g\",\"caption\":\"Julien Maudoux\"},\"description\":\"Webmestre du site de la SEMEN-L\",\"url\":\"https:\\\/\\\/www.semen-l.org\\\/?author=26\"}]}<\/script>\n<!-- \/ Yoast SEO plugin. -->","yoast_head_json":{"title":"Rencontre autour de la restauration du ch\u00e2teau Renaissance de Bournazel - Bordeaux, 1er f\u00e9vrier 2023, Mus\u00e9e d'Aquitaine, 18h. - Soci\u00e9t\u00e9 d&#039;\u00c9tudes M\u00e9dio Et N\u00e9o-Latines","robots":{"index":"index","follow":"follow","max-snippet":"max-snippet:-1","max-image-preview":"max-image-preview:large","max-video-preview":"max-video-preview:-1"},"canonical":"http:\/\/www.semen-l.org\/?p=2363","og_locale":"fr_FR","og_type":"article","og_title":"Rencontre autour de la restauration du ch\u00e2teau Renaissance de Bournazel - Bordeaux, 1er f\u00e9vrier 2023, Mus\u00e9e d'Aquitaine, 18h. - Soci\u00e9t\u00e9 d&#039;\u00c9tudes M\u00e9dio Et N\u00e9o-Latines","og_description":"Nous avons le plaisir de transmettre cette information du Centre Montaigne : Le 1er f\u00e9vrier prochain, le Centre Montaigne a le plaisir d&rsquo;organiser une rencontre autour de la restauration du ch\u00e2teau Renaissance de Bournazel, \u00e0 18 heures au Mus\u00e9e d&rsquo;Aquitaine. &hellip; Continuer la lecture &rarr;","og_url":"http:\/\/www.semen-l.org\/?p=2363","og_site_name":"Soci\u00e9t\u00e9 d&#039;\u00c9tudes M\u00e9dio Et N\u00e9o-Latines","article_publisher":"https:\/\/www.facebook.com\/SEMENL2018","article_published_time":"2022-12-22T16:01:53+00:00","og_image":[{"width":195,"height":70,"url":"http:\/\/www.semen-l.org\/wp-content\/uploads\/2021\/03\/logo-centre-montaigne.jpg","type":"image\/jpeg"}],"author":"Julien Maudoux","twitter_card":"summary_large_image","twitter_misc":{"\u00c9crit par":"Julien Maudoux","Dur\u00e9e de lecture estim\u00e9e":"2 minutes"},"schema":{"@context":"https:\/\/schema.org","@graph":[{"@type":"Article","@id":"http:\/\/www.semen-l.org\/?p=2363#article","isPartOf":{"@id":"http:\/\/www.semen-l.org\/?p=2363"},"author":{"name":"Julien Maudoux","@id":"http:\/\/www.semen-l.org\/#\/schema\/person\/ef5208815f17666727763c5363a51344"},"headline":"Rencontre autour de la restauration du ch\u00e2teau Renaissance de Bournazel &#8211; Bordeaux, 1er f\u00e9vrier 2023, Mus\u00e9e d&rsquo;Aquitaine, 18h.","datePublished":"2022-12-22T16:01:53+00:00","mainEntityOfPage":{"@id":"http:\/\/www.semen-l.org\/?p=2363"},"wordCount":403,"commentCount":0,"publisher":{"@id":"http:\/\/www.semen-l.org\/#organization"},"image":{"@id":"http:\/\/www.semen-l.org\/?p=2363#primaryimage"},"thumbnailUrl":"https:\/\/www.semen-l.org\/wp-content\/uploads\/2021\/03\/logo-centre-montaigne.jpg","articleSection":["Colloques"],"inLanguage":"fr-FR","potentialAction":[{"@type":"CommentAction","name":"Comment","target":["http:\/\/www.semen-l.org\/?p=2363#respond"]}]},{"@type":"WebPage","@id":"http:\/\/www.semen-l.org\/?p=2363","url":"http:\/\/www.semen-l.org\/?p=2363","name":"Rencontre autour de la restauration du ch\u00e2teau Renaissance de Bournazel - Bordeaux, 1er f\u00e9vrier 2023, Mus\u00e9e d'Aquitaine, 18h. - Soci\u00e9t\u00e9 d&#039;\u00c9tudes M\u00e9dio Et N\u00e9o-Latines","isPartOf":{"@id":"http:\/\/www.semen-l.org\/#website"},"primaryImageOfPage":{"@id":"http:\/\/www.semen-l.org\/?p=2363#primaryimage"},"image":{"@id":"http:\/\/www.semen-l.org\/?p=2363#primaryimage"},"thumbnailUrl":"https:\/\/www.semen-l.org\/wp-content\/uploads\/2021\/03\/logo-centre-montaigne.jpg","datePublished":"2022-12-22T16:01:53+00:00","breadcrumb":{"@id":"http:\/\/www.semen-l.org\/?p=2363#breadcrumb"},"inLanguage":"fr-FR","potentialAction":[{"@type":"ReadAction","target":["http:\/\/www.semen-l.org\/?p=2363"]}]},{"@type":"ImageObject","inLanguage":"fr-FR","@id":"http:\/\/www.semen-l.org\/?p=2363#primaryimage","url":"https:\/\/www.semen-l.org\/wp-content\/uploads\/2021\/03\/logo-centre-montaigne.jpg","contentUrl":"https:\/\/www.semen-l.org\/wp-content\/uploads\/2021\/03\/logo-centre-montaigne.jpg","width":195,"height":70},{"@type":"BreadcrumbList","@id":"http:\/\/www.semen-l.org\/?p=2363#breadcrumb","itemListElement":[{"@type":"ListItem","position":1,"name":"Accueil","item":"http:\/\/www.semen-l.org\/"},{"@type":"ListItem","position":2,"name":"Rencontre autour de la restauration du ch\u00e2teau Renaissance de Bournazel &#8211; Bordeaux, 1er f\u00e9vrier 2023, Mus\u00e9e d&rsquo;Aquitaine, 18h."}]},{"@type":"WebSite","@id":"http:\/\/www.semen-l.org\/#website","url":"http:\/\/www.semen-l.org\/","name":"Soci\u00e9t\u00e9 d'\u00c9tudes M\u00e9dio Et N\u00e9o-Latines","description":"","publisher":{"@id":"http:\/\/www.semen-l.org\/#organization"},"potentialAction":[{"@type":"SearchAction","target":{"@type":"EntryPoint","urlTemplate":"http:\/\/www.semen-l.org\/?s={search_term_string}"},"query-input":{"@type":"PropertyValueSpecification","valueRequired":true,"valueName":"search_term_string"}}],"inLanguage":"fr-FR"},{"@type":"Organization","@id":"http:\/\/www.semen-l.org\/#organization","name":"Soci\u00e9t\u00e9 d'\u00e9tudes m\u00e9dio et n\u00e9o-latines","url":"http:\/\/www.semen-l.org\/","logo":{"@type":"ImageObject","inLanguage":"fr-FR","@id":"http:\/\/www.semen-l.org\/#\/schema\/logo\/image\/","url":"http:\/\/www.semen-l.org\/wp-content\/uploads\/2020\/11\/logo-semenl.jpg","contentUrl":"http:\/\/www.semen-l.org\/wp-content\/uploads\/2020\/11\/logo-semenl.jpg","width":408,"height":403,"caption":"Soci\u00e9t\u00e9 d'\u00e9tudes m\u00e9dio et n\u00e9o-latines"},"image":{"@id":"http:\/\/www.semen-l.org\/#\/schema\/logo\/image\/"},"sameAs":["https:\/\/www.facebook.com\/SEMENL2018","https:\/\/independent.academia.edu\/SocitsdtudesmdioetnolatinesSEMENL"]},{"@type":"Person","@id":"http:\/\/www.semen-l.org\/#\/schema\/person\/ef5208815f17666727763c5363a51344","name":"Julien Maudoux","image":{"@type":"ImageObject","inLanguage":"fr-FR","@id":"https:\/\/secure.gravatar.com\/avatar\/caabf4fb6242e2277733cd35a5c2aa083761ea25dae1d1ff3298b54292225292?s=96&d=mm&r=g","url":"https:\/\/secure.gravatar.com\/avatar\/caabf4fb6242e2277733cd35a5c2aa083761ea25dae1d1ff3298b54292225292?s=96&d=mm&r=g","contentUrl":"https:\/\/secure.gravatar.com\/avatar\/caabf4fb6242e2277733cd35a5c2aa083761ea25dae1d1ff3298b54292225292?s=96&d=mm&r=g","caption":"Julien Maudoux"},"description":"Webmestre du site de la SEMEN-L","url":"https:\/\/www.semen-l.org\/?author=26"}]}},"jetpack_featured_media_url":"https:\/\/www.semen-l.org\/wp-content\/uploads\/2021\/03\/logo-centre-montaigne.jpg","_links":{"self":[{"href":"https:\/\/www.semen-l.org\/index.php?rest_route=\/wp\/v2\/posts\/2363","targetHints":{"allow":["GET"]}}],"collection":[{"href":"https:\/\/www.semen-l.org\/index.php?rest_route=\/wp\/v2\/posts"}],"about":[{"href":"https:\/\/www.semen-l.org\/index.php?rest_route=\/wp\/v2\/types\/post"}],"author":[{"embeddable":true,"href":"https:\/\/www.semen-l.org\/index.php?rest_route=\/wp\/v2\/users\/26"}],"replies":[{"embeddable":true,"href":"https:\/\/www.semen-l.org\/index.php?rest_route=%2Fwp%2Fv2%2Fcomments&post=2363"}],"version-history":[{"count":0,"href":"https:\/\/www.semen-l.org\/index.php?rest_route=\/wp\/v2\/posts\/2363\/revisions"}],"wp:featuredmedia":[{"embeddable":true,"href":"https:\/\/www.semen-l.org\/index.php?rest_route=\/wp\/v2\/media\/1809"}],"wp:attachment":[{"href":"https:\/\/www.semen-l.org\/index.php?rest_route=%2Fwp%2Fv2%2Fmedia&parent=2363"}],"wp:term":[{"taxonomy":"category","embeddable":true,"href":"https:\/\/www.semen-l.org\/index.php?rest_route=%2Fwp%2Fv2%2Fcategories&post=2363"},{"taxonomy":"post_tag","embeddable":true,"href":"https:\/\/www.semen-l.org\/index.php?rest_route=%2Fwp%2Fv2%2Ftags&post=2363"}],"curies":[{"name":"wp","href":"https:\/\/api.w.org\/{rel}","templated":true}]}}