{"id":2274,"date":"2022-10-09T21:28:57","date_gmt":"2022-10-09T21:28:57","guid":{"rendered":"https:\/\/www.semen-l.org\/?p=2274"},"modified":"2022-10-09T21:44:57","modified_gmt":"2022-10-09T21:44:57","slug":"creer-une-memoire-des-passes-antiques-choix-constructions-et-transmissions-du-ixe-au-xviiie-siecle-erc-agrelita","status":"publish","type":"post","link":"https:\/\/www.semen-l.org\/?p=2274","title":{"rendered":"Cr\u00e9er une m\u00e9moire des pass\u00e9s antiques : Choix, constructions et transmissions du IXe au XVIIIe si\u00e8cle (ERC AGRELITA)"},"content":{"rendered":"\t\t<div data-elementor-type=\"wp-post\" data-elementor-id=\"2274\" class=\"elementor elementor-2274\">\n\t\t\t\t\t\t<section class=\"elementor-section elementor-top-section elementor-element elementor-element-019d9c5 elementor-section-boxed elementor-section-height-default elementor-section-height-default\" data-id=\"019d9c5\" data-element_type=\"section\" data-e-type=\"section\">\n\t\t\t\t\t\t<div class=\"elementor-container elementor-column-gap-default\">\n\t\t\t\t\t<div class=\"elementor-column elementor-col-100 elementor-top-column elementor-element elementor-element-370dc91\" data-id=\"370dc91\" data-element_type=\"column\" data-e-type=\"column\">\n\t\t\t<div class=\"elementor-widget-wrap elementor-element-populated\">\n\t\t\t\t\t\t<div class=\"elementor-element elementor-element-694ec38 elementor-widget elementor-widget-text-editor\" data-id=\"694ec38\" data-element_type=\"widget\" data-e-type=\"widget\" data-widget_type=\"text-editor.default\">\n\t\t\t\t<div class=\"elementor-widget-container\">\n\t\t\t\t\t\t\t\t\t<p>Nous vous informons de la tenue des journ\u00e9es d\u2019\u00e9tude\u00a0<span style=\"font-size: inherit; letter-spacing: inherit; color: var( --e-global-color-text );\">ERC AGRELITA, sous le titre \u00ab\u00a0<\/span><span style=\"font-family: Roboto, sans-serif; font-size: 13px; font-style: normal; font-weight: 400; color: var( --e-global-color-text );\">Cr\u00e9er une m\u00e9moire des pass\u00e9s antiques : Choix, constructions et transmissions du IXe au XVIIIe si\u00e8cle\u00a0\u00bb<\/span><span style=\"font-size: inherit; letter-spacing: inherit; color: var( --e-global-color-text );\">, organis\u00e9es par\u00a0<\/span><span style=\"font-family: Roboto, sans-serif; font-size: 13px; font-style: normal; font-weight: 400; letter-spacing: inherit; color: var( --e-global-color-text );\">Catherine Gaullier-Bougassas le j<\/span><span style=\"font-family: Roboto, sans-serif; font-size: 13px; font-style: normal; font-weight: 400; color: var( --e-global-color-text );\">eudi 13 &amp; vendredi 14 octobre 2022.<\/span><\/p><p><span style=\"font-family: Roboto, sans-serif; font-size: 13px; font-style: normal; font-weight: 400; color: var( --e-global-color-text );\">Elles se tiendront \u00e0 l&rsquo;<\/span><span style=\"color: var( --e-global-color-text ); font-size: inherit; letter-spacing: inherit;\">Amphith\u00e9\u00e2tre de la Biblioth\u00e8que Sainte-Barbe, 4 rue Valette, 75005 Paris. L&rsquo;inscription est\u00a0<\/span><span style=\"font-family: Roboto, sans-serif; font-size: 13px; font-style: normal; font-weight: 400; color: var( --e-global-color-text );\">obligatoire avant le 10 octobre 2022 en contactant caroline.crepiat at univ-lille.fr<\/span><\/p><p><span style=\"font-size: inherit; letter-spacing: inherit; color: var( --e-global-color-text );\">Pour plus d&rsquo;informations, vous pouvez consulter le programme ci-dessous et le site d&rsquo;AGRELITA : https:\/\/agrelita.hypotheses.org\/<\/span><\/p>\t\t\t\t\t\t\t\t<\/div>\n\t\t\t\t<\/div>\n\t\t\t\t\t<\/div>\n\t\t<\/div>\n\t\t\t\t\t<\/div>\n\t\t<\/section>\n\t\t\t\t<section class=\"elementor-section elementor-top-section elementor-element elementor-element-20c6e51 elementor-section-boxed elementor-section-height-default elementor-section-height-default\" data-id=\"20c6e51\" data-element_type=\"section\" data-e-type=\"section\">\n\t\t\t\t\t\t<div class=\"elementor-container elementor-column-gap-default\">\n\t\t\t\t\t<div class=\"elementor-column elementor-col-100 elementor-top-column elementor-element elementor-element-17aaf80\" data-id=\"17aaf80\" data-element_type=\"column\" data-e-type=\"column\">\n\t\t\t<div class=\"elementor-widget-wrap elementor-element-populated\">\n\t\t\t\t\t\t<div class=\"elementor-element elementor-element-6c97b17 elementor-widget elementor-widget-heading\" data-id=\"6c97b17\" data-element_type=\"widget\" data-e-type=\"widget\" data-widget_type=\"heading.default\">\n\t\t\t\t<div class=\"elementor-widget-container\">\n\t\t\t\t\t<h2 class=\"elementor-heading-title elementor-size-default\">Affiche et programme des journ\u00e9es<\/h2>\t\t\t\t<\/div>\n\t\t\t\t<\/div>\n\t\t\t\t\t<\/div>\n\t\t<\/div>\n\t\t\t\t\t<\/div>\n\t\t<\/section>\n\t\t\t\t<section class=\"elementor-section elementor-top-section elementor-element elementor-element-b095abe elementor-section-boxed elementor-section-height-default elementor-section-height-default\" data-id=\"b095abe\" data-element_type=\"section\" data-e-type=\"section\">\n\t\t\t\t\t\t<div class=\"elementor-container elementor-column-gap-default\">\n\t\t\t\t\t<div class=\"elementor-column elementor-col-100 elementor-top-column elementor-element elementor-element-d948547\" data-id=\"d948547\" data-element_type=\"column\" data-e-type=\"column\">\n\t\t\t<div class=\"elementor-widget-wrap elementor-element-populated\">\n\t\t\t\t\t\t<div class=\"elementor-element elementor-element-f1a3ccb elementor-widget elementor-widget-text-editor\" data-id=\"f1a3ccb\" data-element_type=\"widget\" data-e-type=\"widget\" data-widget_type=\"text-editor.default\">\n\t\t\t\t<div class=\"elementor-widget-container\">\n\t\t\t\t\t\t\t\t\t<a href=\"https:\/\/www.semen-l.org\/wp-content\/uploads\/2022\/10\/Agrelita_ProgrammeJE_oct2022_webdef.pdf\" class=\"pdfemb-viewer\" style=\"\" data-width=\"max\" data-height=\"max\" data-toolbar=\"both\" data-toolbar-fixed=\"off\">Affiche des journ\u00e9es Agrelita 2022<\/a>\t\t\t\t\t\t\t\t<\/div>\n\t\t\t\t<\/div>\n\t\t\t\t\t<\/div>\n\t\t<\/div>\n\t\t\t\t\t<\/div>\n\t\t<\/section>\n\t\t\t\t<section class=\"elementor-section elementor-top-section elementor-element elementor-element-b124025 elementor-section-boxed elementor-section-height-default elementor-section-height-default\" data-id=\"b124025\" data-element_type=\"section\" data-e-type=\"section\">\n\t\t\t\t\t\t<div class=\"elementor-container elementor-column-gap-default\">\n\t\t\t\t\t<div class=\"elementor-column elementor-col-100 elementor-top-column elementor-element elementor-element-efdffb2\" data-id=\"efdffb2\" data-element_type=\"column\" data-e-type=\"column\">\n\t\t\t<div class=\"elementor-widget-wrap elementor-element-populated\">\n\t\t\t\t\t\t<div class=\"elementor-element elementor-element-849041c elementor-widget elementor-widget-heading\" data-id=\"849041c\" data-element_type=\"widget\" data-e-type=\"widget\" data-widget_type=\"heading.default\">\n\t\t\t\t<div class=\"elementor-widget-container\">\n\t\t\t\t\t<h2 class=\"elementor-heading-title elementor-size-default\">Programme<\/h2>\t\t\t\t<\/div>\n\t\t\t\t<\/div>\n\t\t\t\t\t<\/div>\n\t\t<\/div>\n\t\t\t\t\t<\/div>\n\t\t<\/section>\n\t\t\t\t<section class=\"elementor-section elementor-top-section elementor-element elementor-element-5506a26 elementor-section-boxed elementor-section-height-default elementor-section-height-default\" data-id=\"5506a26\" data-element_type=\"section\" data-e-type=\"section\">\n\t\t\t\t\t\t<div class=\"elementor-container elementor-column-gap-default\">\n\t\t\t\t\t<div class=\"elementor-column elementor-col-100 elementor-top-column elementor-element elementor-element-7fb5a74\" data-id=\"7fb5a74\" data-element_type=\"column\" data-e-type=\"column\">\n\t\t\t<div class=\"elementor-widget-wrap elementor-element-populated\">\n\t\t\t\t\t\t<div class=\"elementor-element elementor-element-b6c37b9 elementor-widget elementor-widget-text-editor\" data-id=\"b6c37b9\" data-element_type=\"widget\" data-e-type=\"widget\" data-widget_type=\"text-editor.default\">\n\t\t\t\t<div class=\"elementor-widget-container\">\n\t\t\t\t\t\t\t\t\t<p class=\"has-text-align-center\" style=\"overflow-wrap: break-word; font-family: Lato, sans-serif; font-size: 16px; font-style: normal; font-weight: 400; margin-bottom: 24px; color: rgb(43, 43, 43); letter-spacing: normal;\"><span style=\"font-size: 16px; font-weight: 700;\">PROGRAMME :<\/span><\/p><p style=\"overflow-wrap: break-word; font-family: Lato, sans-serif; font-size: 16px; font-style: normal; font-weight: 400; margin-bottom: 24px; color: rgb(43, 43, 43); letter-spacing: normal; text-align: center;\"><span style=\"font-size: 16px; font-weight: 700;\">Jeudi 13 octobre<\/span><\/p><p style=\"overflow-wrap: break-word; font-family: Lato, sans-serif; font-size: 16px; font-style: normal; font-weight: 400; margin-bottom: 24px; color: rgb(43, 43, 43); letter-spacing: normal;\"><span style=\"font-size: 16px; font-weight: 700;\">&nbsp;<\/span>-9h Accueil<\/p><p style=\"overflow-wrap: break-word; font-family: Lato, sans-serif; font-size: 16px; font-style: normal; font-weight: 400; margin-bottom: 24px; color: rgb(43, 43, 43); letter-spacing: normal;\"><span style=\"font-size: 16px; font-weight: 700;\">-9h10 Introduction, Catherine Gaullier-Bougassas (Universit\u00e9 de Lille, ERC AGRELITA)<\/span><\/p><p style=\"overflow-wrap: break-word; font-family: Lato, sans-serif; font-size: 16px; font-style: normal; font-weight: 400; margin-bottom: 24px; color: rgb(43, 43, 43); letter-spacing: normal;\">-9h20-10h Keynote Speaker&nbsp;:&nbsp;<span style=\"font-size: 16px; font-weight: 700;\">Astrid Erll<\/span>&nbsp;(Universit\u00e9 Goethe \u2013 Francfort), \u00ab&nbsp;Odyssean Mnemohistories : On the Promises and Pitfalls of Studying Memory across the longue dur\u00e9e \u00bb<\/p><p style=\"overflow-wrap: break-word; font-family: Lato, sans-serif; font-size: 16px; font-style: normal; font-weight: 400; margin-bottom: 24px; color: rgb(43, 43, 43); letter-spacing: normal;\"><span id=\"more-2062\" style=\"font-size: 16px;\"><\/span><\/p><p style=\"overflow-wrap: break-word; font-family: Lato, sans-serif; font-size: 16px; font-style: normal; font-weight: 400; margin-bottom: 24px; color: rgb(43, 43, 43); letter-spacing: normal;\"><span style=\"font-size: 16px; font-weight: 700;\">Session 1&nbsp;:<\/span><\/p><p style=\"overflow-wrap: break-word; font-family: Lato, sans-serif; font-size: 16px; font-style: normal; font-weight: 400; margin-bottom: 24px; color: rgb(43, 43, 43); letter-spacing: normal;\">-10h-10h25&nbsp;<span style=\"font-size: 16px; font-weight: 700;\">Na\u00efs Virenque<\/span>&nbsp;(Universit\u00e9 Catholique de Louvain), \u00ab&nbsp;Un art de la m\u00e9moire d\u00e9mocrit\u00e9en ? R\u00e9\u00e9crire l\u2019histoire antique de l\u2019art de la m\u00e9moire&nbsp;\u00bb<\/p><p style=\"overflow-wrap: break-word; font-family: Lato, sans-serif; font-size: 16px; font-style: normal; font-weight: 400; margin-bottom: 24px; color: rgb(43, 43, 43); letter-spacing: normal;\">-10h25-10h45 discussion<\/p><p style=\"overflow-wrap: break-word; font-family: Lato, sans-serif; font-size: 16px; font-style: normal; font-weight: 400; margin-bottom: 24px; color: rgb(43, 43, 43); letter-spacing: normal;\">-10h45-11h pause<\/p><p style=\"overflow-wrap: break-word; font-family: Lato, sans-serif; font-size: 16px; font-style: normal; font-weight: 400; margin-bottom: 24px; color: rgb(43, 43, 43); letter-spacing: normal;\"><span style=\"font-size: 16px; font-weight: 700;\">Pr\u00e9sidence de s\u00e9ance&nbsp;:&nbsp;<\/span><span style=\"font-size: 16px; font-weight: 700;\">Fr\u00e9d\u00e9rique Lemerle&nbsp;<\/span><span style=\"font-size: 16px; font-weight: 700;\">(CNRS-Centre d\u2019\u00e9tudes sup\u00e9rieures de la Renaissance, Tours)<\/span><\/p><p style=\"overflow-wrap: break-word; font-family: Lato, sans-serif; font-size: 16px; font-style: normal; font-weight: 400; margin-bottom: 24px; color: rgb(43, 43, 43); letter-spacing: normal;\">-11h-11h25&nbsp;<span style=\"font-size: 16px; font-weight: 700;\">Emilia Di Rocco<\/span>&nbsp;(Sapienza Universit\u00e9 de Rome), \u00ab&nbsp;Creating the Memory of the Classical Past in Medieval Biblical Exegesis : Robert Holkot and The English \u201cClassicizing Friars\u201d \u00bb<\/p><p style=\"overflow-wrap: break-word; font-family: Lato, sans-serif; font-size: 16px; font-style: normal; font-weight: 400; margin-bottom: 24px; color: rgb(43, 43, 43); letter-spacing: normal;\">-11h25-11h50&nbsp;<span style=\"font-size: 16px; font-weight: 700;\">Mathilde Kaisin<\/span>&nbsp;(FNRS-Universit\u00e9 de Li\u00e8ge), \u00ab&nbsp;Transmission et r\u00e9\u00e9laboration des th\u00e9ories musicales antiques \u00e0 travers le&nbsp;<em style=\"font-size: 16px;\">De modis musicis antiquorum<\/em>&nbsp;de Girolamo Mei \u00bb<\/p><p style=\"overflow-wrap: break-word; font-family: Lato, sans-serif; font-size: 16px; font-style: normal; font-weight: 400; margin-bottom: 24px; color: rgb(43, 43, 43); letter-spacing: normal;\">11h50-12h10 Discussion<\/p><p style=\"overflow-wrap: break-word; font-family: Lato, sans-serif; font-size: 16px; font-style: normal; font-weight: 400; margin-bottom: 24px; color: rgb(43, 43, 43); letter-spacing: normal;\"><\/p><p style=\"overflow-wrap: break-word; font-family: Lato, sans-serif; font-size: 16px; font-style: normal; font-weight: 400; margin-bottom: 24px; color: rgb(43, 43, 43); letter-spacing: normal;\"><span style=\"font-size: 16px; font-weight: 700;\">Session 2&nbsp;:<\/span><\/p><p style=\"overflow-wrap: break-word; font-family: Lato, sans-serif; font-size: 16px; font-style: normal; font-weight: 400; margin-bottom: 24px; color: rgb(43, 43, 43); letter-spacing: normal;\"><span style=\"font-size: 16px; font-weight: 700;\">Pr\u00e9sidence de s\u00e9ance&nbsp;: \u00c9dith<\/span><span style=\"font-size: 16px; font-weight: 700;\">&nbsp;Karagiannis-Mazeaud (<\/span><span style=\"font-size: 16px; font-weight: 700;\">Universit\u00e9 de Strasbourg)<\/span><\/p><p style=\"overflow-wrap: break-word; font-family: Lato, sans-serif; font-size: 16px; font-style: normal; font-weight: 400; margin-bottom: 24px; color: rgb(43, 43, 43); letter-spacing: normal;\">-14h45-15h10&nbsp;<span style=\"font-size: 16px; font-weight: 700;\">Sandrine H\u00e9rich\u00e9 Pradeau<\/span>&nbsp;(Sorbonne Universit\u00e9), \u00ab&nbsp;\u201cM\u00e9moire architecturale\u201d et histoire universelle dans quelques&nbsp;<em style=\"font-size: 16px;\">Temples<\/em>&nbsp;de la fin du Moyen \u00c2ge&nbsp;\u00bb<\/p><p style=\"overflow-wrap: break-word; font-family: Lato, sans-serif; font-size: 16px; font-style: normal; font-weight: 400; margin-bottom: 24px; color: rgb(43, 43, 43); letter-spacing: normal;\">-15h10-15h35<span style=\"font-size: 16px; font-weight: 700;\">&nbsp;Fr\u00e9d\u00e9rique Lemerle<\/span>&nbsp;(CNRS-Centre d\u2019\u00e9tudes sup\u00e9rieures de la Renaissance, Tours), \u00ab&nbsp;La Gr\u00e8ce de papier des lecteurs de Vitruve au XVI<span style=\"font-size: 12px; height: 0px; line-height: 0; position: relative; bottom: 1ex;\">e<\/span>&nbsp;si\u00e8cle&nbsp;\u00bb<\/p><p style=\"overflow-wrap: break-word; font-family: Lato, sans-serif; font-size: 16px; font-style: normal; font-weight: 400; margin-bottom: 24px; color: rgb(43, 43, 43); letter-spacing: normal;\">-15h35-16h Discussion<\/p><p style=\"overflow-wrap: break-word; font-family: Lato, sans-serif; font-size: 16px; font-style: normal; font-weight: 400; margin-bottom: 24px; color: rgb(43, 43, 43); letter-spacing: normal;\">-16h-16h15 Pause<\/p><p style=\"overflow-wrap: break-word; font-family: Lato, sans-serif; font-size: 16px; font-style: normal; font-weight: 400; margin-bottom: 24px; color: rgb(43, 43, 43); letter-spacing: normal;\"><\/p><p style=\"overflow-wrap: break-word; font-family: Lato, sans-serif; font-size: 16px; font-style: normal; font-weight: 400; margin-bottom: 24px; color: rgb(43, 43, 43); letter-spacing: normal;\"><span style=\"font-size: 16px; font-weight: 700;\">Pr\u00e9sidence de s\u00e9ance&nbsp;:&nbsp; \u00c9milie S\u00e9ris (Sorbonne Universit\u00e9)<\/span><\/p><p style=\"overflow-wrap: break-word; font-family: Lato, sans-serif; font-size: 16px; font-style: normal; font-weight: 400; margin-bottom: 24px; color: rgb(43, 43, 43); letter-spacing: normal;\">-16h15-16h40&nbsp;<span style=\"font-size: 16px; font-weight: 700;\">Laura Foulquier<\/span>&nbsp;(Universit\u00e9 Lyon 2), \u00ab&nbsp;\u201c[E]lle est riche en colonnes, en sarcophages, en autels de marbres et de jaspes\u201d \u2013 Les remplois antiques de l\u2019abbaye Saint-Alyre (Clermont-Ferrand)&nbsp;\u00bb<\/p><p style=\"overflow-wrap: break-word; font-family: Lato, sans-serif; font-size: 16px; font-style: normal; font-weight: 400; margin-bottom: 24px; color: rgb(43, 43, 43); letter-spacing: normal;\">-16h40-17h05&nbsp;<span style=\"font-size: 16px; font-weight: 700;\">Marion Beaufils<\/span>&nbsp;(Universit\u00e9 Paris 1), \u00ab&nbsp;Des femmes et des vestiges : alt\u00e9rit\u00e9, d\u00e9sir et affect dans la construction d\u2019une m\u00e9moire de l\u2019antique \u00e0 la Renaissance&nbsp;\u00bb<\/p><p style=\"overflow-wrap: break-word; font-family: Lato, sans-serif; font-size: 16px; font-style: normal; font-weight: 400; margin-bottom: 24px; color: rgb(43, 43, 43); letter-spacing: normal;\">-17h05-17h30 Discussion<\/p><p style=\"overflow-wrap: break-word; font-family: Lato, sans-serif; font-size: 16px; font-style: normal; font-weight: 400; margin-bottom: 24px; color: rgb(43, 43, 43); letter-spacing: normal;\"><\/p><p style=\"overflow-wrap: break-word; font-family: Lato, sans-serif; font-size: 16px; font-style: normal; font-weight: 400; margin-bottom: 24px; color: rgb(43, 43, 43); letter-spacing: normal; text-align: center;\"><span style=\"font-size: 16px; font-weight: 700;\">Vendredi 14 octobre<\/span><\/p><p style=\"overflow-wrap: break-word; font-family: Lato, sans-serif; font-size: 16px; font-style: normal; font-weight: 400; margin-bottom: 24px; color: rgb(43, 43, 43); letter-spacing: normal;\"><span style=\"font-size: 16px; font-weight: 700;\">Session 3&nbsp;:<\/span><\/p><p style=\"overflow-wrap: break-word; font-family: Lato, sans-serif; font-size: 16px; font-style: normal; font-weight: 400; margin-bottom: 24px; color: rgb(43, 43, 43); letter-spacing: normal;\"><span style=\"font-size: 16px; font-weight: 700;\">Pr\u00e9sidence de s\u00e9ance&nbsp;: Clarisse Evrard (Universit\u00e9 de Lille, ERC AGRELITA)<\/span><\/p><p style=\"overflow-wrap: break-word; font-family: Lato, sans-serif; font-size: 16px; font-style: normal; font-weight: 400; margin-bottom: 24px; color: rgb(43, 43, 43); letter-spacing: normal;\">-9h-9h25&nbsp;<span style=\"font-size: 16px; font-weight: 700;\">\u00c9milie S\u00e9ris<\/span>&nbsp;(Sorbonne Universit\u00e9), \u00ab&nbsp;Portraits d\u2019hommes illustres de l\u2019Antiquit\u00e9 : le mus\u00e9e de Paul Jove et ses&nbsp;<em style=\"font-size: 16px;\">Elogia uirorum illustrium<\/em>&nbsp;\u00bb<\/p><p style=\"overflow-wrap: break-word; font-family: Lato, sans-serif; font-size: 16px; font-style: normal; font-weight: 400; margin-bottom: 24px; color: rgb(43, 43, 43); letter-spacing: normal;\">-9h25-9h50&nbsp;<span style=\"font-size: 16px; font-weight: 700;\">Patrick Michel<\/span>&nbsp;(Universit\u00e9 de Lille), \u00ab&nbsp;Les curieux fran\u00e7ais et la construction d\u2019une m\u00e9moire antique r\u00e9gionale ou nationale au XVIII<span style=\"font-size: 12px; height: 0px; line-height: 0; position: relative; bottom: 1ex;\">e&nbsp;<\/span>si\u00e8cle&nbsp;\u00bb<\/p><p style=\"overflow-wrap: break-word; font-family: Lato, sans-serif; font-size: 16px; font-style: normal; font-weight: 400; margin-bottom: 24px; color: rgb(43, 43, 43); letter-spacing: normal;\">-9h50-10h10 Discussion<\/p><p style=\"overflow-wrap: break-word; font-family: Lato, sans-serif; font-size: 16px; font-style: normal; font-weight: 400; margin-bottom: 24px; color: rgb(43, 43, 43); letter-spacing: normal;\">-10h10-10h25 Pause<\/p><p style=\"overflow-wrap: break-word; font-family: Lato, sans-serif; font-size: 16px; font-style: normal; font-weight: 400; margin-bottom: 24px; color: rgb(43, 43, 43); letter-spacing: normal; text-align: start;\"><\/p><p style=\"overflow-wrap: break-word; font-family: Lato, sans-serif; font-size: 16px; font-style: normal; font-weight: 400; margin-bottom: 24px; color: rgb(43, 43, 43); letter-spacing: normal;\"><span style=\"font-size: 16px; font-weight: 700;\">Session 4&nbsp;:<\/span><\/p><p style=\"overflow-wrap: break-word; font-family: Lato, sans-serif; font-size: 16px; font-style: normal; font-weight: 400; margin-bottom: 24px; color: rgb(43, 43, 43); letter-spacing: normal;\"><span style=\"font-size: 16px; font-weight: 700;\">Pr\u00e9sidence de s\u00e9ance&nbsp;: Patrick Michel (Universit\u00e9 de Lille)<\/span><\/p><p style=\"overflow-wrap: break-word; font-family: Lato, sans-serif; font-size: 16px; font-style: normal; font-weight: 400; margin-bottom: 24px; color: rgb(43, 43, 43); letter-spacing: normal;\">-10h25-10h50&nbsp;<span style=\"font-size: 16px; font-weight: 700;\">Margriet Hoogvliet<\/span>&nbsp;(Universit\u00e9 de Groningen), \u00ab&nbsp;Le \u201cLivre de bonnes meurs\u201d (c. 1404) de Jacques Legrand : l\u2019actualit\u00e9 de la philosophie grecque \u00e0 la fin du Moyen \u00c2ge&nbsp;\u00bb<\/p><p style=\"overflow-wrap: break-word; font-family: Lato, sans-serif; font-size: 16px; font-style: normal; font-weight: 400; margin-bottom: 24px; color: rgb(43, 43, 43); letter-spacing: normal;\">-10h50-11h15&nbsp;<span style=\"font-size: 16px; font-weight: 700;\">\u00c9dith Karagiannis-Mazeaud<\/span>&nbsp;(Universit\u00e9 de Strasbourg), \u00ab&nbsp;M\u00e9moire de la Gr\u00e8ce dans les livres d\u2019embl\u00e8mes en fran\u00e7ais du XVI<span style=\"font-size: 12px; height: 0px; line-height: 0; position: relative; bottom: 1ex;\">e&nbsp;<\/span>si\u00e8cle&nbsp;\u00bb<\/p><p style=\"overflow-wrap: break-word; font-family: Lato, sans-serif; font-size: 16px; font-style: normal; font-weight: 400; margin-bottom: 24px; color: rgb(43, 43, 43); letter-spacing: normal;\">-11h15-11h40&nbsp;<span style=\"font-size: 16px; font-weight: 700;\">Chlo\u00e9 Perrot<\/span>&nbsp;(BnF), \u00ab&nbsp;Les personnifications iconologiques, entre conservation et instrumentation d\u2019une tradition antique&nbsp;\u00bb<\/p><p style=\"overflow-wrap: break-word; font-family: Lato, sans-serif; font-size: 16px; font-style: normal; font-weight: 400; margin-bottom: 24px; color: rgb(43, 43, 43); letter-spacing: normal;\">-11h40-12h10 Discussion et cl\u00f4ture<\/p>\t\t\t\t\t\t\t\t<\/div>\n\t\t\t\t<\/div>\n\t\t\t\t\t<\/div>\n\t\t<\/div>\n\t\t\t\t\t<\/div>\n\t\t<\/section>\n\t\t\t\t<section class=\"elementor-section elementor-top-section elementor-element elementor-element-e221660 elementor-section-boxed elementor-section-height-default elementor-section-height-default\" data-id=\"e221660\" data-element_type=\"section\" data-e-type=\"section\">\n\t\t\t\t\t\t<div class=\"elementor-container elementor-column-gap-default\">\n\t\t\t\t\t<div class=\"elementor-column elementor-col-100 elementor-top-column elementor-element elementor-element-eff9f64\" data-id=\"eff9f64\" data-element_type=\"column\" data-e-type=\"column\">\n\t\t\t<div class=\"elementor-widget-wrap elementor-element-populated\">\n\t\t\t\t\t\t<div class=\"elementor-element elementor-element-cad531f elementor-widget elementor-widget-text-editor\" data-id=\"cad531f\" data-element_type=\"widget\" data-e-type=\"widget\" data-widget_type=\"text-editor.default\">\n\t\t\t\t<div class=\"elementor-widget-container\">\n\t\t\t\t\t\t\t\t\t<p>AGRELITA : The Reception of Ancient Greece in Premodern French Literature and Illustrations of Manuscripts and Printed Books (1320-1550) : how invented memories shaped the identity of European communities.<\/p><p>\u00a0<\/p><p>The AGRELITA project ERC n\u00b0 101018777 was launched on October 1st 2021. It is a 5-year project (2021-2026) financed on an ERC Advanced Grant 2020 through the European Union\u2019s Research and Innovation Programme Horizon 2020.<\/p><div>\u00a0<\/div>\t\t\t\t\t\t\t\t<\/div>\n\t\t\t\t<\/div>\n\t\t\t\t\t<\/div>\n\t\t<\/div>\n\t\t\t\t\t<\/div>\n\t\t<\/section>\n\t\t\t\t<\/div>\n\t\t","protected":false},"excerpt":{"rendered":"<p>Nous vous informons de la tenue des journ\u00e9es d\u2019\u00e9tude\u00a0ERC AGRELITA, sous le titre \u00ab\u00a0Cr\u00e9er une m\u00e9moire des pass\u00e9s antiques : Choix, constructions et transmissions du IXe au XVIIIe si\u00e8cle\u00a0\u00bb, organis\u00e9es par\u00a0Catherine Gaullier-Bougassas le jeudi 13 &amp; vendredi 14 octobre 2022. &hellip; <a href=\"https:\/\/www.semen-l.org\/?p=2274\">Continuer la lecture <span class=\"meta-nav\">&rarr;<\/span><\/a><\/p>\n","protected":false},"author":26,"featured_media":2288,"comment_status":"open","ping_status":"open","sticky":false,"template":"","format":"standard","meta":{"footnotes":""},"categories":[4],"tags":[165,1346,1705,1703,1701,1191,352,29,1706,1192,1707,1704,1393,1439,1653,1702,87],"class_list":["post-2274","post","type-post","status-publish","format-standard","has-post-thumbnail","hentry","category-colloques","tag-architecture","tag-bible","tag-clermont-ferrand","tag-de-modis-musicis-antiquorum","tag-democrite","tag-elogia-virorum-illustrium-paul-jove","tag-embleme","tag-exegese","tag-jacques-legrand","tag-jove-paul","tag-livre-de-bonnes-meurs","tag-mei-girolamo","tag-memoire","tag-modernite","tag-odyssee","tag-robert-holkot","tag-vitruve"],"yoast_head":"<!-- This site is optimized with the Yoast SEO plugin v27.5 - https:\/\/yoast.com\/product\/yoast-seo-wordpress\/ -->\n<title>Cr\u00e9er une m\u00e9moire des pass\u00e9s antiques : Choix, constructions et transmissions du IXe au XVIIIe si\u00e8cle (ERC AGRELITA) - Soci\u00e9t\u00e9 d&#039;\u00c9tudes M\u00e9dio Et N\u00e9o-Latines<\/title>\n<meta name=\"robots\" content=\"index, follow, max-snippet:-1, max-image-preview:large, max-video-preview:-1\" \/>\n<link rel=\"canonical\" href=\"https:\/\/www.semen-l.org\/?p=2274\" \/>\n<meta property=\"og:locale\" content=\"fr_FR\" \/>\n<meta property=\"og:type\" content=\"article\" \/>\n<meta property=\"og:title\" content=\"Cr\u00e9er une m\u00e9moire des pass\u00e9s antiques : Choix, constructions et transmissions du IXe au XVIIIe si\u00e8cle (ERC AGRELITA) - Soci\u00e9t\u00e9 d&#039;\u00c9tudes M\u00e9dio Et N\u00e9o-Latines\" \/>\n<meta property=\"og:description\" content=\"Nous vous informons de la tenue des journ\u00e9es d\u2019\u00e9tude\u00a0ERC AGRELITA, sous le titre \u00ab\u00a0Cr\u00e9er une m\u00e9moire des pass\u00e9s antiques : Choix, constructions et transmissions du IXe au XVIIIe si\u00e8cle\u00a0\u00bb, organis\u00e9es par\u00a0Catherine Gaullier-Bougassas le jeudi 13 &amp; vendredi 14 octobre 2022. &hellip; Continuer la lecture &rarr;\" \/>\n<meta property=\"og:url\" content=\"https:\/\/www.semen-l.org\/?p=2274\" \/>\n<meta property=\"og:site_name\" content=\"Soci\u00e9t\u00e9 d&#039;\u00c9tudes M\u00e9dio Et N\u00e9o-Latines\" \/>\n<meta property=\"article:publisher\" content=\"https:\/\/www.facebook.com\/SEMENL2018\" \/>\n<meta property=\"article:published_time\" content=\"2022-10-09T21:28:57+00:00\" \/>\n<meta property=\"article:modified_time\" content=\"2022-10-09T21:44:57+00:00\" \/>\n<meta property=\"og:image\" content=\"https:\/\/www.semen-l.org\/wp-content\/uploads\/2022\/10\/agrelita-journees22.jpg\" \/>\n\t<meta property=\"og:image:width\" content=\"544\" \/>\n\t<meta property=\"og:image:height\" content=\"664\" \/>\n\t<meta property=\"og:image:type\" content=\"image\/jpeg\" \/>\n<meta name=\"author\" content=\"Julien Maudoux\" \/>\n<meta name=\"twitter:card\" content=\"summary_large_image\" \/>\n<meta name=\"twitter:label1\" content=\"\u00c9crit par\" \/>\n\t<meta name=\"twitter:data1\" content=\"Julien Maudoux\" \/>\n\t<meta name=\"twitter:label2\" content=\"Dur\u00e9e de lecture estim\u00e9e\" \/>\n\t<meta name=\"twitter:data2\" content=\"3 minutes\" \/>\n<script type=\"application\/ld+json\" class=\"yoast-schema-graph\">{\"@context\":\"https:\\\/\\\/schema.org\",\"@graph\":[{\"@type\":\"Article\",\"@id\":\"https:\\\/\\\/www.semen-l.org\\\/?p=2274#article\",\"isPartOf\":{\"@id\":\"https:\\\/\\\/www.semen-l.org\\\/?p=2274\"},\"author\":{\"name\":\"Julien Maudoux\",\"@id\":\"http:\\\/\\\/www.semen-l.org\\\/#\\\/schema\\\/person\\\/ef5208815f17666727763c5363a51344\"},\"headline\":\"Cr\u00e9er une m\u00e9moire des pass\u00e9s antiques : Choix, constructions et transmissions du IXe au XVIIIe si\u00e8cle (ERC AGRELITA)\",\"datePublished\":\"2022-10-09T21:28:57+00:00\",\"dateModified\":\"2022-10-09T21:44:57+00:00\",\"mainEntityOfPage\":{\"@id\":\"https:\\\/\\\/www.semen-l.org\\\/?p=2274\"},\"wordCount\":758,\"commentCount\":0,\"publisher\":{\"@id\":\"http:\\\/\\\/www.semen-l.org\\\/#organization\"},\"image\":{\"@id\":\"https:\\\/\\\/www.semen-l.org\\\/?p=2274#primaryimage\"},\"thumbnailUrl\":\"https:\\\/\\\/www.semen-l.org\\\/wp-content\\\/uploads\\\/2022\\\/10\\\/agrelita-journees22.jpg\",\"keywords\":[\"architecture\",\"Bible\",\"Clermont-Ferrand\",\"De modis musicis antiquorum\",\"D\u00e9mocrite\",\"Elogia virorum illustrium (Paul Jove)\",\"embl\u00e8me\",\"exeg\u00e8se\",\"Jacques Legrand\",\"Jove (Paul)\",\"Livre de bonnes meurs\",\"Mei (Girolamo)\",\"m\u00e9moire\",\"modernit\u00e9\",\"Odyss\u00e9e\",\"Robert Holkot\",\"Vitruve\"],\"articleSection\":[\"Colloques\"],\"inLanguage\":\"fr-FR\",\"potentialAction\":[{\"@type\":\"CommentAction\",\"name\":\"Comment\",\"target\":[\"https:\\\/\\\/www.semen-l.org\\\/?p=2274#respond\"]}]},{\"@type\":\"WebPage\",\"@id\":\"https:\\\/\\\/www.semen-l.org\\\/?p=2274\",\"url\":\"https:\\\/\\\/www.semen-l.org\\\/?p=2274\",\"name\":\"Cr\u00e9er une m\u00e9moire des pass\u00e9s antiques : Choix, constructions et transmissions du IXe au XVIIIe si\u00e8cle (ERC AGRELITA) - Soci\u00e9t\u00e9 d&#039;\u00c9tudes M\u00e9dio Et N\u00e9o-Latines\",\"isPartOf\":{\"@id\":\"http:\\\/\\\/www.semen-l.org\\\/#website\"},\"primaryImageOfPage\":{\"@id\":\"https:\\\/\\\/www.semen-l.org\\\/?p=2274#primaryimage\"},\"image\":{\"@id\":\"https:\\\/\\\/www.semen-l.org\\\/?p=2274#primaryimage\"},\"thumbnailUrl\":\"https:\\\/\\\/www.semen-l.org\\\/wp-content\\\/uploads\\\/2022\\\/10\\\/agrelita-journees22.jpg\",\"datePublished\":\"2022-10-09T21:28:57+00:00\",\"dateModified\":\"2022-10-09T21:44:57+00:00\",\"breadcrumb\":{\"@id\":\"https:\\\/\\\/www.semen-l.org\\\/?p=2274#breadcrumb\"},\"inLanguage\":\"fr-FR\",\"potentialAction\":[{\"@type\":\"ReadAction\",\"target\":[\"https:\\\/\\\/www.semen-l.org\\\/?p=2274\"]}]},{\"@type\":\"ImageObject\",\"inLanguage\":\"fr-FR\",\"@id\":\"https:\\\/\\\/www.semen-l.org\\\/?p=2274#primaryimage\",\"url\":\"https:\\\/\\\/www.semen-l.org\\\/wp-content\\\/uploads\\\/2022\\\/10\\\/agrelita-journees22.jpg\",\"contentUrl\":\"https:\\\/\\\/www.semen-l.org\\\/wp-content\\\/uploads\\\/2022\\\/10\\\/agrelita-journees22.jpg\",\"width\":544,\"height\":664},{\"@type\":\"BreadcrumbList\",\"@id\":\"https:\\\/\\\/www.semen-l.org\\\/?p=2274#breadcrumb\",\"itemListElement\":[{\"@type\":\"ListItem\",\"position\":1,\"name\":\"Accueil\",\"item\":\"http:\\\/\\\/www.semen-l.org\\\/\"},{\"@type\":\"ListItem\",\"position\":2,\"name\":\"Cr\u00e9er une m\u00e9moire des pass\u00e9s antiques : Choix, constructions et transmissions du IXe au XVIIIe si\u00e8cle (ERC AGRELITA)\"}]},{\"@type\":\"WebSite\",\"@id\":\"http:\\\/\\\/www.semen-l.org\\\/#website\",\"url\":\"http:\\\/\\\/www.semen-l.org\\\/\",\"name\":\"Soci\u00e9t\u00e9 d'\u00c9tudes M\u00e9dio Et N\u00e9o-Latines\",\"description\":\"\",\"publisher\":{\"@id\":\"http:\\\/\\\/www.semen-l.org\\\/#organization\"},\"potentialAction\":[{\"@type\":\"SearchAction\",\"target\":{\"@type\":\"EntryPoint\",\"urlTemplate\":\"http:\\\/\\\/www.semen-l.org\\\/?s={search_term_string}\"},\"query-input\":{\"@type\":\"PropertyValueSpecification\",\"valueRequired\":true,\"valueName\":\"search_term_string\"}}],\"inLanguage\":\"fr-FR\"},{\"@type\":\"Organization\",\"@id\":\"http:\\\/\\\/www.semen-l.org\\\/#organization\",\"name\":\"Soci\u00e9t\u00e9 d'\u00e9tudes m\u00e9dio et n\u00e9o-latines\",\"url\":\"http:\\\/\\\/www.semen-l.org\\\/\",\"logo\":{\"@type\":\"ImageObject\",\"inLanguage\":\"fr-FR\",\"@id\":\"http:\\\/\\\/www.semen-l.org\\\/#\\\/schema\\\/logo\\\/image\\\/\",\"url\":\"http:\\\/\\\/www.semen-l.org\\\/wp-content\\\/uploads\\\/2020\\\/11\\\/logo-semenl.jpg\",\"contentUrl\":\"http:\\\/\\\/www.semen-l.org\\\/wp-content\\\/uploads\\\/2020\\\/11\\\/logo-semenl.jpg\",\"width\":408,\"height\":403,\"caption\":\"Soci\u00e9t\u00e9 d'\u00e9tudes m\u00e9dio et n\u00e9o-latines\"},\"image\":{\"@id\":\"http:\\\/\\\/www.semen-l.org\\\/#\\\/schema\\\/logo\\\/image\\\/\"},\"sameAs\":[\"https:\\\/\\\/www.facebook.com\\\/SEMENL2018\",\"https:\\\/\\\/independent.academia.edu\\\/SocitsdtudesmdioetnolatinesSEMENL\"]},{\"@type\":\"Person\",\"@id\":\"http:\\\/\\\/www.semen-l.org\\\/#\\\/schema\\\/person\\\/ef5208815f17666727763c5363a51344\",\"name\":\"Julien Maudoux\",\"image\":{\"@type\":\"ImageObject\",\"inLanguage\":\"fr-FR\",\"@id\":\"https:\\\/\\\/secure.gravatar.com\\\/avatar\\\/caabf4fb6242e2277733cd35a5c2aa083761ea25dae1d1ff3298b54292225292?s=96&d=mm&r=g\",\"url\":\"https:\\\/\\\/secure.gravatar.com\\\/avatar\\\/caabf4fb6242e2277733cd35a5c2aa083761ea25dae1d1ff3298b54292225292?s=96&d=mm&r=g\",\"contentUrl\":\"https:\\\/\\\/secure.gravatar.com\\\/avatar\\\/caabf4fb6242e2277733cd35a5c2aa083761ea25dae1d1ff3298b54292225292?s=96&d=mm&r=g\",\"caption\":\"Julien Maudoux\"},\"description\":\"Webmestre du site de la SEMEN-L\",\"url\":\"https:\\\/\\\/www.semen-l.org\\\/?author=26\"}]}<\/script>\n<!-- \/ Yoast SEO plugin. -->","yoast_head_json":{"title":"Cr\u00e9er une m\u00e9moire des pass\u00e9s antiques : Choix, constructions et transmissions du IXe au XVIIIe si\u00e8cle (ERC AGRELITA) - Soci\u00e9t\u00e9 d&#039;\u00c9tudes M\u00e9dio Et N\u00e9o-Latines","robots":{"index":"index","follow":"follow","max-snippet":"max-snippet:-1","max-image-preview":"max-image-preview:large","max-video-preview":"max-video-preview:-1"},"canonical":"https:\/\/www.semen-l.org\/?p=2274","og_locale":"fr_FR","og_type":"article","og_title":"Cr\u00e9er une m\u00e9moire des pass\u00e9s antiques : Choix, constructions et transmissions du IXe au XVIIIe si\u00e8cle (ERC AGRELITA) - Soci\u00e9t\u00e9 d&#039;\u00c9tudes M\u00e9dio Et N\u00e9o-Latines","og_description":"Nous vous informons de la tenue des journ\u00e9es d\u2019\u00e9tude\u00a0ERC AGRELITA, sous le titre \u00ab\u00a0Cr\u00e9er une m\u00e9moire des pass\u00e9s antiques : Choix, constructions et transmissions du IXe au XVIIIe si\u00e8cle\u00a0\u00bb, organis\u00e9es par\u00a0Catherine Gaullier-Bougassas le jeudi 13 &amp; vendredi 14 octobre 2022. &hellip; Continuer la lecture &rarr;","og_url":"https:\/\/www.semen-l.org\/?p=2274","og_site_name":"Soci\u00e9t\u00e9 d&#039;\u00c9tudes M\u00e9dio Et N\u00e9o-Latines","article_publisher":"https:\/\/www.facebook.com\/SEMENL2018","article_published_time":"2022-10-09T21:28:57+00:00","article_modified_time":"2022-10-09T21:44:57+00:00","og_image":[{"width":544,"height":664,"url":"https:\/\/www.semen-l.org\/wp-content\/uploads\/2022\/10\/agrelita-journees22.jpg","type":"image\/jpeg"}],"author":"Julien Maudoux","twitter_card":"summary_large_image","twitter_misc":{"\u00c9crit par":"Julien Maudoux","Dur\u00e9e de lecture estim\u00e9e":"3 minutes"},"schema":{"@context":"https:\/\/schema.org","@graph":[{"@type":"Article","@id":"https:\/\/www.semen-l.org\/?p=2274#article","isPartOf":{"@id":"https:\/\/www.semen-l.org\/?p=2274"},"author":{"name":"Julien Maudoux","@id":"http:\/\/www.semen-l.org\/#\/schema\/person\/ef5208815f17666727763c5363a51344"},"headline":"Cr\u00e9er une m\u00e9moire des pass\u00e9s antiques : Choix, constructions et transmissions du IXe au XVIIIe si\u00e8cle (ERC AGRELITA)","datePublished":"2022-10-09T21:28:57+00:00","dateModified":"2022-10-09T21:44:57+00:00","mainEntityOfPage":{"@id":"https:\/\/www.semen-l.org\/?p=2274"},"wordCount":758,"commentCount":0,"publisher":{"@id":"http:\/\/www.semen-l.org\/#organization"},"image":{"@id":"https:\/\/www.semen-l.org\/?p=2274#primaryimage"},"thumbnailUrl":"https:\/\/www.semen-l.org\/wp-content\/uploads\/2022\/10\/agrelita-journees22.jpg","keywords":["architecture","Bible","Clermont-Ferrand","De modis musicis antiquorum","D\u00e9mocrite","Elogia virorum illustrium (Paul Jove)","embl\u00e8me","exeg\u00e8se","Jacques Legrand","Jove (Paul)","Livre de bonnes meurs","Mei (Girolamo)","m\u00e9moire","modernit\u00e9","Odyss\u00e9e","Robert Holkot","Vitruve"],"articleSection":["Colloques"],"inLanguage":"fr-FR","potentialAction":[{"@type":"CommentAction","name":"Comment","target":["https:\/\/www.semen-l.org\/?p=2274#respond"]}]},{"@type":"WebPage","@id":"https:\/\/www.semen-l.org\/?p=2274","url":"https:\/\/www.semen-l.org\/?p=2274","name":"Cr\u00e9er une m\u00e9moire des pass\u00e9s antiques : Choix, constructions et transmissions du IXe au XVIIIe si\u00e8cle (ERC AGRELITA) - Soci\u00e9t\u00e9 d&#039;\u00c9tudes M\u00e9dio Et N\u00e9o-Latines","isPartOf":{"@id":"http:\/\/www.semen-l.org\/#website"},"primaryImageOfPage":{"@id":"https:\/\/www.semen-l.org\/?p=2274#primaryimage"},"image":{"@id":"https:\/\/www.semen-l.org\/?p=2274#primaryimage"},"thumbnailUrl":"https:\/\/www.semen-l.org\/wp-content\/uploads\/2022\/10\/agrelita-journees22.jpg","datePublished":"2022-10-09T21:28:57+00:00","dateModified":"2022-10-09T21:44:57+00:00","breadcrumb":{"@id":"https:\/\/www.semen-l.org\/?p=2274#breadcrumb"},"inLanguage":"fr-FR","potentialAction":[{"@type":"ReadAction","target":["https:\/\/www.semen-l.org\/?p=2274"]}]},{"@type":"ImageObject","inLanguage":"fr-FR","@id":"https:\/\/www.semen-l.org\/?p=2274#primaryimage","url":"https:\/\/www.semen-l.org\/wp-content\/uploads\/2022\/10\/agrelita-journees22.jpg","contentUrl":"https:\/\/www.semen-l.org\/wp-content\/uploads\/2022\/10\/agrelita-journees22.jpg","width":544,"height":664},{"@type":"BreadcrumbList","@id":"https:\/\/www.semen-l.org\/?p=2274#breadcrumb","itemListElement":[{"@type":"ListItem","position":1,"name":"Accueil","item":"http:\/\/www.semen-l.org\/"},{"@type":"ListItem","position":2,"name":"Cr\u00e9er une m\u00e9moire des pass\u00e9s antiques : Choix, constructions et transmissions du IXe au XVIIIe si\u00e8cle (ERC AGRELITA)"}]},{"@type":"WebSite","@id":"http:\/\/www.semen-l.org\/#website","url":"http:\/\/www.semen-l.org\/","name":"Soci\u00e9t\u00e9 d'\u00c9tudes M\u00e9dio Et N\u00e9o-Latines","description":"","publisher":{"@id":"http:\/\/www.semen-l.org\/#organization"},"potentialAction":[{"@type":"SearchAction","target":{"@type":"EntryPoint","urlTemplate":"http:\/\/www.semen-l.org\/?s={search_term_string}"},"query-input":{"@type":"PropertyValueSpecification","valueRequired":true,"valueName":"search_term_string"}}],"inLanguage":"fr-FR"},{"@type":"Organization","@id":"http:\/\/www.semen-l.org\/#organization","name":"Soci\u00e9t\u00e9 d'\u00e9tudes m\u00e9dio et n\u00e9o-latines","url":"http:\/\/www.semen-l.org\/","logo":{"@type":"ImageObject","inLanguage":"fr-FR","@id":"http:\/\/www.semen-l.org\/#\/schema\/logo\/image\/","url":"http:\/\/www.semen-l.org\/wp-content\/uploads\/2020\/11\/logo-semenl.jpg","contentUrl":"http:\/\/www.semen-l.org\/wp-content\/uploads\/2020\/11\/logo-semenl.jpg","width":408,"height":403,"caption":"Soci\u00e9t\u00e9 d'\u00e9tudes m\u00e9dio et n\u00e9o-latines"},"image":{"@id":"http:\/\/www.semen-l.org\/#\/schema\/logo\/image\/"},"sameAs":["https:\/\/www.facebook.com\/SEMENL2018","https:\/\/independent.academia.edu\/SocitsdtudesmdioetnolatinesSEMENL"]},{"@type":"Person","@id":"http:\/\/www.semen-l.org\/#\/schema\/person\/ef5208815f17666727763c5363a51344","name":"Julien Maudoux","image":{"@type":"ImageObject","inLanguage":"fr-FR","@id":"https:\/\/secure.gravatar.com\/avatar\/caabf4fb6242e2277733cd35a5c2aa083761ea25dae1d1ff3298b54292225292?s=96&d=mm&r=g","url":"https:\/\/secure.gravatar.com\/avatar\/caabf4fb6242e2277733cd35a5c2aa083761ea25dae1d1ff3298b54292225292?s=96&d=mm&r=g","contentUrl":"https:\/\/secure.gravatar.com\/avatar\/caabf4fb6242e2277733cd35a5c2aa083761ea25dae1d1ff3298b54292225292?s=96&d=mm&r=g","caption":"Julien Maudoux"},"description":"Webmestre du site de la SEMEN-L","url":"https:\/\/www.semen-l.org\/?author=26"}]}},"jetpack_featured_media_url":"https:\/\/www.semen-l.org\/wp-content\/uploads\/2022\/10\/agrelita-journees22.jpg","_links":{"self":[{"href":"https:\/\/www.semen-l.org\/index.php?rest_route=\/wp\/v2\/posts\/2274","targetHints":{"allow":["GET"]}}],"collection":[{"href":"https:\/\/www.semen-l.org\/index.php?rest_route=\/wp\/v2\/posts"}],"about":[{"href":"https:\/\/www.semen-l.org\/index.php?rest_route=\/wp\/v2\/types\/post"}],"author":[{"embeddable":true,"href":"https:\/\/www.semen-l.org\/index.php?rest_route=\/wp\/v2\/users\/26"}],"replies":[{"embeddable":true,"href":"https:\/\/www.semen-l.org\/index.php?rest_route=%2Fwp%2Fv2%2Fcomments&post=2274"}],"version-history":[{"count":0,"href":"https:\/\/www.semen-l.org\/index.php?rest_route=\/wp\/v2\/posts\/2274\/revisions"}],"wp:featuredmedia":[{"embeddable":true,"href":"https:\/\/www.semen-l.org\/index.php?rest_route=\/wp\/v2\/media\/2288"}],"wp:attachment":[{"href":"https:\/\/www.semen-l.org\/index.php?rest_route=%2Fwp%2Fv2%2Fmedia&parent=2274"}],"wp:term":[{"taxonomy":"category","embeddable":true,"href":"https:\/\/www.semen-l.org\/index.php?rest_route=%2Fwp%2Fv2%2Fcategories&post=2274"},{"taxonomy":"post_tag","embeddable":true,"href":"https:\/\/www.semen-l.org\/index.php?rest_route=%2Fwp%2Fv2%2Ftags&post=2274"}],"curies":[{"name":"wp","href":"https:\/\/api.w.org\/{rel}","templated":true}]}}