{"id":2266,"date":"2022-09-10T15:09:00","date_gmt":"2022-09-10T15:09:00","guid":{"rendered":"https:\/\/www.semen-l.org\/?p=2266"},"modified":"2022-09-10T15:09:32","modified_gmt":"2022-09-10T15:09:32","slug":"dignite-des-artes-promotion-et-evolution-des-arts-liberaux-de-lantiquite-a-la-renaissance","status":"publish","type":"post","link":"https:\/\/www.semen-l.org\/?p=2266","title":{"rendered":"Dignit\u00e9 des Artes : promotion et \u00e9volution des arts lib\u00e9raux de l\u2019Antiquit\u00e9 \u00e0 la Renaissance"},"content":{"rendered":"<p><img fetchpriority=\"high\" decoding=\"async\" class=\"alignright size-medium wp-image-2269\" src=\"http:\/\/www.semen-l.org\/wp-content\/uploads\/2022\/09\/dignitedesartes-couv-203x300.jpg\" alt=\"\" width=\"203\" height=\"300\" srcset=\"https:\/\/www.semen-l.org\/wp-content\/uploads\/2022\/09\/dignitedesartes-couv-203x300.jpg 203w, https:\/\/www.semen-l.org\/wp-content\/uploads\/2022\/09\/dignitedesartes-couv-136x200.jpg 136w, https:\/\/www.semen-l.org\/wp-content\/uploads\/2022\/09\/dignitedesartes-couv.jpg 458w\" sizes=\"(max-width: 203px) 100vw, 203px\" \/>Nous avons le plaisir de vous annoncer la parution de l&rsquo;ouvrage collectif <em>Dignit\u00e9 des Artes : promotion et \u00e9volution des arts lib\u00e9raux de l\u2019Antiquit\u00e9 \u00e0 la Renaissance<\/em>, sous la direction de Alice Lamy, Anne Raffarin et \u00c9milie S\u00e9ris, aux \u00c9ditions Honor\u00e9 Champion dans la collection \u00ab\u00a0Colloques, congr\u00e8s et conf\u00e9rences \u2013 le Moyen \u00c2ge\u00a0\u00bb (n\u00b0 30).<\/p>\n<p>Nous reproduisons le faire-part de pr\u00e9sentation et la table des mati\u00e8res ci-dessous :<\/p>\n<a href=\"https:\/\/www.semen-l.org\/wp-content\/uploads\/2022\/09\/CCCA-30.pdf\" class=\"pdfemb-viewer\" style=\"\" data-width=\"max\" data-height=\"max\" data-toolbar=\"both\" data-toolbar-fixed=\"off\">CCCA 30<\/a>\n<a href=\"https:\/\/www.semen-l.org\/wp-content\/uploads\/2022\/09\/dignite-des-artes-matieres.pdf\" class=\"pdfemb-viewer\" style=\"\" data-width=\"max\" data-height=\"max\" data-toolbar=\"both\" data-toolbar-fixed=\"off\">dignite-des-artes-matieres<\/a>\n<p>Pour plus d&rsquo;informations :\u00a0https:\/\/www.honorechampion.com\/fr\/12677-book-08535750-9782745357502.html<\/p>\n","protected":false},"excerpt":{"rendered":"<p>Nous avons le plaisir de vous annoncer la parution de l&rsquo;ouvrage collectif Dignit\u00e9 des Artes : promotion et \u00e9volution des arts lib\u00e9raux de l\u2019Antiquit\u00e9 \u00e0 la Renaissance, sous la direction de Alice Lamy, Anne Raffarin et \u00c9milie S\u00e9ris, aux \u00c9ditions &hellip; <a href=\"https:\/\/www.semen-l.org\/?p=2266\">Continuer la lecture <span class=\"meta-nav\">&rarr;<\/span><\/a><\/p>\n","protected":false},"author":26,"featured_media":2269,"comment_status":"open","ping_status":"open","sticky":false,"template":"","format":"standard","meta":{"footnotes":""},"categories":[7],"tags":[],"class_list":["post-2266","post","type-post","status-publish","format-standard","has-post-thumbnail","hentry","category-publications"],"yoast_head":"<!-- This site is optimized with the Yoast SEO plugin v27.5 - https:\/\/yoast.com\/product\/yoast-seo-wordpress\/ -->\n<title>Dignit\u00e9 des Artes : promotion et \u00e9volution des arts lib\u00e9raux de l\u2019Antiquit\u00e9 \u00e0 la Renaissance - Soci\u00e9t\u00e9 d&#039;\u00c9tudes M\u00e9dio Et N\u00e9o-Latines<\/title>\n<meta name=\"robots\" content=\"index, follow, max-snippet:-1, max-image-preview:large, max-video-preview:-1\" \/>\n<link rel=\"canonical\" href=\"https:\/\/www.semen-l.org\/?p=2266\" \/>\n<meta property=\"og:locale\" content=\"fr_FR\" \/>\n<meta property=\"og:type\" content=\"article\" \/>\n<meta property=\"og:title\" content=\"Dignit\u00e9 des Artes : promotion et \u00e9volution des arts lib\u00e9raux de l\u2019Antiquit\u00e9 \u00e0 la Renaissance - Soci\u00e9t\u00e9 d&#039;\u00c9tudes M\u00e9dio Et N\u00e9o-Latines\" \/>\n<meta property=\"og:description\" content=\"Nous avons le plaisir de vous annoncer la parution de l&rsquo;ouvrage collectif Dignit\u00e9 des Artes : promotion et \u00e9volution des arts lib\u00e9raux de l\u2019Antiquit\u00e9 \u00e0 la Renaissance, sous la direction de Alice Lamy, Anne Raffarin et \u00c9milie S\u00e9ris, aux \u00c9ditions &hellip; Continuer la lecture &rarr;\" \/>\n<meta property=\"og:url\" content=\"https:\/\/www.semen-l.org\/?p=2266\" \/>\n<meta property=\"og:site_name\" content=\"Soci\u00e9t\u00e9 d&#039;\u00c9tudes M\u00e9dio Et N\u00e9o-Latines\" \/>\n<meta property=\"article:publisher\" content=\"https:\/\/www.facebook.com\/SEMENL2018\" \/>\n<meta property=\"article:published_time\" content=\"2022-09-10T15:09:00+00:00\" \/>\n<meta property=\"article:modified_time\" content=\"2022-09-10T15:09:32+00:00\" \/>\n<meta property=\"og:image\" content=\"https:\/\/www.semen-l.org\/wp-content\/uploads\/2022\/09\/dignitedesartes-couv.jpg\" \/>\n\t<meta property=\"og:image:width\" content=\"458\" \/>\n\t<meta property=\"og:image:height\" content=\"676\" \/>\n\t<meta property=\"og:image:type\" content=\"image\/jpeg\" \/>\n<meta name=\"author\" content=\"Julien Maudoux\" \/>\n<meta name=\"twitter:card\" content=\"summary_large_image\" \/>\n<meta name=\"twitter:label1\" content=\"\u00c9crit par\" \/>\n\t<meta name=\"twitter:data1\" content=\"Julien Maudoux\" \/>\n\t<meta name=\"twitter:label2\" content=\"Dur\u00e9e de lecture estim\u00e9e\" \/>\n\t<meta name=\"twitter:data2\" content=\"1 minute\" \/>\n<script type=\"application\/ld+json\" class=\"yoast-schema-graph\">{\"@context\":\"https:\\\/\\\/schema.org\",\"@graph\":[{\"@type\":\"Article\",\"@id\":\"https:\\\/\\\/www.semen-l.org\\\/?p=2266#article\",\"isPartOf\":{\"@id\":\"https:\\\/\\\/www.semen-l.org\\\/?p=2266\"},\"author\":{\"name\":\"Julien Maudoux\",\"@id\":\"http:\\\/\\\/www.semen-l.org\\\/#\\\/schema\\\/person\\\/ef5208815f17666727763c5363a51344\"},\"headline\":\"Dignit\u00e9 des Artes : promotion et \u00e9volution des arts lib\u00e9raux de l\u2019Antiquit\u00e9 \u00e0 la Renaissance\",\"datePublished\":\"2022-09-10T15:09:00+00:00\",\"dateModified\":\"2022-09-10T15:09:32+00:00\",\"mainEntityOfPage\":{\"@id\":\"https:\\\/\\\/www.semen-l.org\\\/?p=2266\"},\"wordCount\":120,\"commentCount\":0,\"publisher\":{\"@id\":\"http:\\\/\\\/www.semen-l.org\\\/#organization\"},\"image\":{\"@id\":\"https:\\\/\\\/www.semen-l.org\\\/?p=2266#primaryimage\"},\"thumbnailUrl\":\"https:\\\/\\\/www.semen-l.org\\\/wp-content\\\/uploads\\\/2022\\\/09\\\/dignitedesartes-couv.jpg\",\"articleSection\":[\"Publications\"],\"inLanguage\":\"fr-FR\",\"potentialAction\":[{\"@type\":\"CommentAction\",\"name\":\"Comment\",\"target\":[\"https:\\\/\\\/www.semen-l.org\\\/?p=2266#respond\"]}]},{\"@type\":\"WebPage\",\"@id\":\"https:\\\/\\\/www.semen-l.org\\\/?p=2266\",\"url\":\"https:\\\/\\\/www.semen-l.org\\\/?p=2266\",\"name\":\"Dignit\u00e9 des Artes : promotion et \u00e9volution des arts lib\u00e9raux de l\u2019Antiquit\u00e9 \u00e0 la Renaissance - Soci\u00e9t\u00e9 d&#039;\u00c9tudes M\u00e9dio Et N\u00e9o-Latines\",\"isPartOf\":{\"@id\":\"http:\\\/\\\/www.semen-l.org\\\/#website\"},\"primaryImageOfPage\":{\"@id\":\"https:\\\/\\\/www.semen-l.org\\\/?p=2266#primaryimage\"},\"image\":{\"@id\":\"https:\\\/\\\/www.semen-l.org\\\/?p=2266#primaryimage\"},\"thumbnailUrl\":\"https:\\\/\\\/www.semen-l.org\\\/wp-content\\\/uploads\\\/2022\\\/09\\\/dignitedesartes-couv.jpg\",\"datePublished\":\"2022-09-10T15:09:00+00:00\",\"dateModified\":\"2022-09-10T15:09:32+00:00\",\"breadcrumb\":{\"@id\":\"https:\\\/\\\/www.semen-l.org\\\/?p=2266#breadcrumb\"},\"inLanguage\":\"fr-FR\",\"potentialAction\":[{\"@type\":\"ReadAction\",\"target\":[\"https:\\\/\\\/www.semen-l.org\\\/?p=2266\"]}]},{\"@type\":\"ImageObject\",\"inLanguage\":\"fr-FR\",\"@id\":\"https:\\\/\\\/www.semen-l.org\\\/?p=2266#primaryimage\",\"url\":\"https:\\\/\\\/www.semen-l.org\\\/wp-content\\\/uploads\\\/2022\\\/09\\\/dignitedesartes-couv.jpg\",\"contentUrl\":\"https:\\\/\\\/www.semen-l.org\\\/wp-content\\\/uploads\\\/2022\\\/09\\\/dignitedesartes-couv.jpg\",\"width\":458,\"height\":676},{\"@type\":\"BreadcrumbList\",\"@id\":\"https:\\\/\\\/www.semen-l.org\\\/?p=2266#breadcrumb\",\"itemListElement\":[{\"@type\":\"ListItem\",\"position\":1,\"name\":\"Accueil\",\"item\":\"http:\\\/\\\/www.semen-l.org\\\/\"},{\"@type\":\"ListItem\",\"position\":2,\"name\":\"Dignit\u00e9 des Artes : promotion et \u00e9volution des arts lib\u00e9raux de l\u2019Antiquit\u00e9 \u00e0 la Renaissance\"}]},{\"@type\":\"WebSite\",\"@id\":\"http:\\\/\\\/www.semen-l.org\\\/#website\",\"url\":\"http:\\\/\\\/www.semen-l.org\\\/\",\"name\":\"Soci\u00e9t\u00e9 d'\u00c9tudes M\u00e9dio Et N\u00e9o-Latines\",\"description\":\"\",\"publisher\":{\"@id\":\"http:\\\/\\\/www.semen-l.org\\\/#organization\"},\"potentialAction\":[{\"@type\":\"SearchAction\",\"target\":{\"@type\":\"EntryPoint\",\"urlTemplate\":\"http:\\\/\\\/www.semen-l.org\\\/?s={search_term_string}\"},\"query-input\":{\"@type\":\"PropertyValueSpecification\",\"valueRequired\":true,\"valueName\":\"search_term_string\"}}],\"inLanguage\":\"fr-FR\"},{\"@type\":\"Organization\",\"@id\":\"http:\\\/\\\/www.semen-l.org\\\/#organization\",\"name\":\"Soci\u00e9t\u00e9 d'\u00e9tudes m\u00e9dio et n\u00e9o-latines\",\"url\":\"http:\\\/\\\/www.semen-l.org\\\/\",\"logo\":{\"@type\":\"ImageObject\",\"inLanguage\":\"fr-FR\",\"@id\":\"http:\\\/\\\/www.semen-l.org\\\/#\\\/schema\\\/logo\\\/image\\\/\",\"url\":\"http:\\\/\\\/www.semen-l.org\\\/wp-content\\\/uploads\\\/2020\\\/11\\\/logo-semenl.jpg\",\"contentUrl\":\"http:\\\/\\\/www.semen-l.org\\\/wp-content\\\/uploads\\\/2020\\\/11\\\/logo-semenl.jpg\",\"width\":408,\"height\":403,\"caption\":\"Soci\u00e9t\u00e9 d'\u00e9tudes m\u00e9dio et n\u00e9o-latines\"},\"image\":{\"@id\":\"http:\\\/\\\/www.semen-l.org\\\/#\\\/schema\\\/logo\\\/image\\\/\"},\"sameAs\":[\"https:\\\/\\\/www.facebook.com\\\/SEMENL2018\",\"https:\\\/\\\/independent.academia.edu\\\/SocitsdtudesmdioetnolatinesSEMENL\"]},{\"@type\":\"Person\",\"@id\":\"http:\\\/\\\/www.semen-l.org\\\/#\\\/schema\\\/person\\\/ef5208815f17666727763c5363a51344\",\"name\":\"Julien Maudoux\",\"image\":{\"@type\":\"ImageObject\",\"inLanguage\":\"fr-FR\",\"@id\":\"https:\\\/\\\/secure.gravatar.com\\\/avatar\\\/caabf4fb6242e2277733cd35a5c2aa083761ea25dae1d1ff3298b54292225292?s=96&d=mm&r=g\",\"url\":\"https:\\\/\\\/secure.gravatar.com\\\/avatar\\\/caabf4fb6242e2277733cd35a5c2aa083761ea25dae1d1ff3298b54292225292?s=96&d=mm&r=g\",\"contentUrl\":\"https:\\\/\\\/secure.gravatar.com\\\/avatar\\\/caabf4fb6242e2277733cd35a5c2aa083761ea25dae1d1ff3298b54292225292?s=96&d=mm&r=g\",\"caption\":\"Julien Maudoux\"},\"description\":\"Webmestre du site de la SEMEN-L\",\"url\":\"https:\\\/\\\/www.semen-l.org\\\/?author=26\"}]}<\/script>\n<!-- \/ Yoast SEO plugin. -->","yoast_head_json":{"title":"Dignit\u00e9 des Artes : promotion et \u00e9volution des arts lib\u00e9raux de l\u2019Antiquit\u00e9 \u00e0 la Renaissance - Soci\u00e9t\u00e9 d&#039;\u00c9tudes M\u00e9dio Et N\u00e9o-Latines","robots":{"index":"index","follow":"follow","max-snippet":"max-snippet:-1","max-image-preview":"max-image-preview:large","max-video-preview":"max-video-preview:-1"},"canonical":"https:\/\/www.semen-l.org\/?p=2266","og_locale":"fr_FR","og_type":"article","og_title":"Dignit\u00e9 des Artes : promotion et \u00e9volution des arts lib\u00e9raux de l\u2019Antiquit\u00e9 \u00e0 la Renaissance - Soci\u00e9t\u00e9 d&#039;\u00c9tudes M\u00e9dio Et N\u00e9o-Latines","og_description":"Nous avons le plaisir de vous annoncer la parution de l&rsquo;ouvrage collectif Dignit\u00e9 des Artes : promotion et \u00e9volution des arts lib\u00e9raux de l\u2019Antiquit\u00e9 \u00e0 la Renaissance, sous la direction de Alice Lamy, Anne Raffarin et \u00c9milie S\u00e9ris, aux \u00c9ditions &hellip; Continuer la lecture &rarr;","og_url":"https:\/\/www.semen-l.org\/?p=2266","og_site_name":"Soci\u00e9t\u00e9 d&#039;\u00c9tudes M\u00e9dio Et N\u00e9o-Latines","article_publisher":"https:\/\/www.facebook.com\/SEMENL2018","article_published_time":"2022-09-10T15:09:00+00:00","article_modified_time":"2022-09-10T15:09:32+00:00","og_image":[{"width":458,"height":676,"url":"https:\/\/www.semen-l.org\/wp-content\/uploads\/2022\/09\/dignitedesartes-couv.jpg","type":"image\/jpeg"}],"author":"Julien Maudoux","twitter_card":"summary_large_image","twitter_misc":{"\u00c9crit par":"Julien Maudoux","Dur\u00e9e de lecture estim\u00e9e":"1 minute"},"schema":{"@context":"https:\/\/schema.org","@graph":[{"@type":"Article","@id":"https:\/\/www.semen-l.org\/?p=2266#article","isPartOf":{"@id":"https:\/\/www.semen-l.org\/?p=2266"},"author":{"name":"Julien Maudoux","@id":"http:\/\/www.semen-l.org\/#\/schema\/person\/ef5208815f17666727763c5363a51344"},"headline":"Dignit\u00e9 des Artes : promotion et \u00e9volution des arts lib\u00e9raux de l\u2019Antiquit\u00e9 \u00e0 la Renaissance","datePublished":"2022-09-10T15:09:00+00:00","dateModified":"2022-09-10T15:09:32+00:00","mainEntityOfPage":{"@id":"https:\/\/www.semen-l.org\/?p=2266"},"wordCount":120,"commentCount":0,"publisher":{"@id":"http:\/\/www.semen-l.org\/#organization"},"image":{"@id":"https:\/\/www.semen-l.org\/?p=2266#primaryimage"},"thumbnailUrl":"https:\/\/www.semen-l.org\/wp-content\/uploads\/2022\/09\/dignitedesartes-couv.jpg","articleSection":["Publications"],"inLanguage":"fr-FR","potentialAction":[{"@type":"CommentAction","name":"Comment","target":["https:\/\/www.semen-l.org\/?p=2266#respond"]}]},{"@type":"WebPage","@id":"https:\/\/www.semen-l.org\/?p=2266","url":"https:\/\/www.semen-l.org\/?p=2266","name":"Dignit\u00e9 des Artes : promotion et \u00e9volution des arts lib\u00e9raux de l\u2019Antiquit\u00e9 \u00e0 la Renaissance - Soci\u00e9t\u00e9 d&#039;\u00c9tudes M\u00e9dio Et N\u00e9o-Latines","isPartOf":{"@id":"http:\/\/www.semen-l.org\/#website"},"primaryImageOfPage":{"@id":"https:\/\/www.semen-l.org\/?p=2266#primaryimage"},"image":{"@id":"https:\/\/www.semen-l.org\/?p=2266#primaryimage"},"thumbnailUrl":"https:\/\/www.semen-l.org\/wp-content\/uploads\/2022\/09\/dignitedesartes-couv.jpg","datePublished":"2022-09-10T15:09:00+00:00","dateModified":"2022-09-10T15:09:32+00:00","breadcrumb":{"@id":"https:\/\/www.semen-l.org\/?p=2266#breadcrumb"},"inLanguage":"fr-FR","potentialAction":[{"@type":"ReadAction","target":["https:\/\/www.semen-l.org\/?p=2266"]}]},{"@type":"ImageObject","inLanguage":"fr-FR","@id":"https:\/\/www.semen-l.org\/?p=2266#primaryimage","url":"https:\/\/www.semen-l.org\/wp-content\/uploads\/2022\/09\/dignitedesartes-couv.jpg","contentUrl":"https:\/\/www.semen-l.org\/wp-content\/uploads\/2022\/09\/dignitedesartes-couv.jpg","width":458,"height":676},{"@type":"BreadcrumbList","@id":"https:\/\/www.semen-l.org\/?p=2266#breadcrumb","itemListElement":[{"@type":"ListItem","position":1,"name":"Accueil","item":"http:\/\/www.semen-l.org\/"},{"@type":"ListItem","position":2,"name":"Dignit\u00e9 des Artes : promotion et \u00e9volution des arts lib\u00e9raux de l\u2019Antiquit\u00e9 \u00e0 la Renaissance"}]},{"@type":"WebSite","@id":"http:\/\/www.semen-l.org\/#website","url":"http:\/\/www.semen-l.org\/","name":"Soci\u00e9t\u00e9 d'\u00c9tudes M\u00e9dio Et N\u00e9o-Latines","description":"","publisher":{"@id":"http:\/\/www.semen-l.org\/#organization"},"potentialAction":[{"@type":"SearchAction","target":{"@type":"EntryPoint","urlTemplate":"http:\/\/www.semen-l.org\/?s={search_term_string}"},"query-input":{"@type":"PropertyValueSpecification","valueRequired":true,"valueName":"search_term_string"}}],"inLanguage":"fr-FR"},{"@type":"Organization","@id":"http:\/\/www.semen-l.org\/#organization","name":"Soci\u00e9t\u00e9 d'\u00e9tudes m\u00e9dio et n\u00e9o-latines","url":"http:\/\/www.semen-l.org\/","logo":{"@type":"ImageObject","inLanguage":"fr-FR","@id":"http:\/\/www.semen-l.org\/#\/schema\/logo\/image\/","url":"http:\/\/www.semen-l.org\/wp-content\/uploads\/2020\/11\/logo-semenl.jpg","contentUrl":"http:\/\/www.semen-l.org\/wp-content\/uploads\/2020\/11\/logo-semenl.jpg","width":408,"height":403,"caption":"Soci\u00e9t\u00e9 d'\u00e9tudes m\u00e9dio et n\u00e9o-latines"},"image":{"@id":"http:\/\/www.semen-l.org\/#\/schema\/logo\/image\/"},"sameAs":["https:\/\/www.facebook.com\/SEMENL2018","https:\/\/independent.academia.edu\/SocitsdtudesmdioetnolatinesSEMENL"]},{"@type":"Person","@id":"http:\/\/www.semen-l.org\/#\/schema\/person\/ef5208815f17666727763c5363a51344","name":"Julien Maudoux","image":{"@type":"ImageObject","inLanguage":"fr-FR","@id":"https:\/\/secure.gravatar.com\/avatar\/caabf4fb6242e2277733cd35a5c2aa083761ea25dae1d1ff3298b54292225292?s=96&d=mm&r=g","url":"https:\/\/secure.gravatar.com\/avatar\/caabf4fb6242e2277733cd35a5c2aa083761ea25dae1d1ff3298b54292225292?s=96&d=mm&r=g","contentUrl":"https:\/\/secure.gravatar.com\/avatar\/caabf4fb6242e2277733cd35a5c2aa083761ea25dae1d1ff3298b54292225292?s=96&d=mm&r=g","caption":"Julien Maudoux"},"description":"Webmestre du site de la SEMEN-L","url":"https:\/\/www.semen-l.org\/?author=26"}]}},"jetpack_featured_media_url":"https:\/\/www.semen-l.org\/wp-content\/uploads\/2022\/09\/dignitedesartes-couv.jpg","_links":{"self":[{"href":"https:\/\/www.semen-l.org\/index.php?rest_route=\/wp\/v2\/posts\/2266","targetHints":{"allow":["GET"]}}],"collection":[{"href":"https:\/\/www.semen-l.org\/index.php?rest_route=\/wp\/v2\/posts"}],"about":[{"href":"https:\/\/www.semen-l.org\/index.php?rest_route=\/wp\/v2\/types\/post"}],"author":[{"embeddable":true,"href":"https:\/\/www.semen-l.org\/index.php?rest_route=\/wp\/v2\/users\/26"}],"replies":[{"embeddable":true,"href":"https:\/\/www.semen-l.org\/index.php?rest_route=%2Fwp%2Fv2%2Fcomments&post=2266"}],"version-history":[{"count":0,"href":"https:\/\/www.semen-l.org\/index.php?rest_route=\/wp\/v2\/posts\/2266\/revisions"}],"wp:featuredmedia":[{"embeddable":true,"href":"https:\/\/www.semen-l.org\/index.php?rest_route=\/wp\/v2\/media\/2269"}],"wp:attachment":[{"href":"https:\/\/www.semen-l.org\/index.php?rest_route=%2Fwp%2Fv2%2Fmedia&parent=2266"}],"wp:term":[{"taxonomy":"category","embeddable":true,"href":"https:\/\/www.semen-l.org\/index.php?rest_route=%2Fwp%2Fv2%2Fcategories&post=2266"},{"taxonomy":"post_tag","embeddable":true,"href":"https:\/\/www.semen-l.org\/index.php?rest_route=%2Fwp%2Fv2%2Ftags&post=2266"}],"curies":[{"name":"wp","href":"https:\/\/api.w.org\/{rel}","templated":true}]}}