{"id":2248,"date":"2022-09-10T14:54:02","date_gmt":"2022-09-10T14:54:02","guid":{"rendered":"https:\/\/www.semen-l.org\/?p=2248"},"modified":"2022-09-10T15:02:22","modified_gmt":"2022-09-10T15:02:22","slug":"mois-montaigne","status":"publish","type":"post","link":"https:\/\/www.semen-l.org\/?p=2248","title":{"rendered":"Mois Montaigne"},"content":{"rendered":"\t\t<div data-elementor-type=\"wp-post\" data-elementor-id=\"2248\" class=\"elementor elementor-2248\">\n\t\t\t\t\t\t<section class=\"elementor-section elementor-top-section elementor-element elementor-element-d62fa4d elementor-section-boxed elementor-section-height-default elementor-section-height-default\" data-id=\"d62fa4d\" data-element_type=\"section\" data-e-type=\"section\">\n\t\t\t\t\t\t<div class=\"elementor-container elementor-column-gap-default\">\n\t\t\t\t\t<div class=\"elementor-column elementor-col-100 elementor-top-column elementor-element elementor-element-0525007\" data-id=\"0525007\" data-element_type=\"column\" data-e-type=\"column\">\n\t\t\t<div class=\"elementor-widget-wrap elementor-element-populated\">\n\t\t\t\t\t\t<div class=\"elementor-element elementor-element-87f2906 elementor-widget elementor-widget-text-editor\" data-id=\"87f2906\" data-element_type=\"widget\" data-e-type=\"widget\" data-widget_type=\"text-editor.default\">\n\t\t\t\t<div class=\"elementor-widget-container\">\n\t\t\t\t\t\t\t\t\t<h1 style=\"font-family: Roboto, sans-serif; font-size: 13px; font-style: normal;\">Le Centre Montaigne nous fait part de l&rsquo;organisation de la cinqui\u00e8me \u00e9dition du Mois Montaigne :<\/h1><h1 style=\"font-family: Roboto, sans-serif; font-size: 13px; font-style: normal;\">Moi(s) Montaigne<\/h1><h2 style=\"font-family: Roboto, sans-serif; font-size: 13px; font-style: normal;\">5E \u00c9DITION<\/h2><p style=\"font-family: Roboto, sans-serif; font-size: 13px; font-style: normal; font-weight: 400; letter-spacing: normal;\"><strong style=\"font-size: 13px;\">\u00ab<\/strong>\u00a0<strong style=\"font-size: 13px;\">Montaigne<\/strong>\u00a0<strong style=\"font-size: 13px;\">\u00e0<\/strong>\u00a0<strong style=\"font-size: 13px;\">Bordeaux,<\/strong>\u00a0<strong style=\"font-size: 13px;\">Montaigne<\/strong>\u00a0<strong style=\"font-size: 13px;\">et Bordeaux \u00bb<\/strong><\/p><p style=\"font-family: Roboto, sans-serif; font-size: 13px; font-style: normal; font-weight: 400; letter-spacing: normal;\"><strong style=\"font-size: 13px;\">Contact :\u00a0<\/strong><a style=\"font-size: 13px;\" href=\"mailto:LeMoisMontaigne@u-bordeaux-montaigne.fr\">LeMoisMontaigne@u-bordeaux-montaigne.fr<\/a><\/p><p style=\"font-family: Roboto, sans-serif; font-size: 13px; font-style: normal; font-weight: 400; letter-spacing: normal;\"><strong style=\"font-size: 13px;\">Programme complet (pour l&rsquo;agrandir, allez sur le site du centre)\u00a0<\/strong><a style=\"font-size: 13px;\" href=\"http:\/\/centre-montaigne.huma-num.fr\/\"><strong style=\"font-size: 13px;\">http:\/\/centre-montaigne.huma-num.fr<\/strong><\/a><\/p>\t\t\t\t\t\t\t\t<\/div>\n\t\t\t\t<\/div>\n\t\t\t\t\t<\/div>\n\t\t<\/div>\n\t\t\t\t\t<\/div>\n\t\t<\/section>\n\t\t\t\t<section class=\"elementor-section elementor-top-section elementor-element elementor-element-5f8287e elementor-section-boxed elementor-section-height-default elementor-section-height-default\" data-id=\"5f8287e\" data-element_type=\"section\" data-e-type=\"section\">\n\t\t\t\t\t\t<div class=\"elementor-container elementor-column-gap-default\">\n\t\t\t\t\t<div class=\"elementor-column elementor-col-100 elementor-top-column elementor-element elementor-element-88bcb9e\" data-id=\"88bcb9e\" data-element_type=\"column\" data-e-type=\"column\">\n\t\t\t<div class=\"elementor-widget-wrap elementor-element-populated\">\n\t\t\t\t\t\t<div class=\"elementor-element elementor-element-c7bd263 elementor-widget elementor-widget-heading\" data-id=\"c7bd263\" data-element_type=\"widget\" data-e-type=\"widget\" data-widget_type=\"heading.default\">\n\t\t\t\t<div class=\"elementor-widget-container\">\n\t\t\t\t\t<h2 class=\"elementor-heading-title elementor-size-default\">Programme en .pdf<\/h2>\t\t\t\t<\/div>\n\t\t\t\t<\/div>\n\t\t\t\t\t<\/div>\n\t\t<\/div>\n\t\t\t\t\t<\/div>\n\t\t<\/section>\n\t\t\t\t<section class=\"elementor-section elementor-top-section elementor-element elementor-element-bb27b90 elementor-section-boxed elementor-section-height-default elementor-section-height-default\" data-id=\"bb27b90\" data-element_type=\"section\" data-e-type=\"section\">\n\t\t\t\t\t\t<div class=\"elementor-container elementor-column-gap-default\">\n\t\t\t\t\t<div class=\"elementor-column elementor-col-100 elementor-top-column elementor-element elementor-element-27bbf9c\" data-id=\"27bbf9c\" data-element_type=\"column\" data-e-type=\"column\">\n\t\t\t<div class=\"elementor-widget-wrap elementor-element-populated\">\n\t\t\t\t\t\t<div class=\"elementor-element elementor-element-272cbe1 elementor-widget elementor-widget-text-editor\" data-id=\"272cbe1\" data-element_type=\"widget\" data-e-type=\"widget\" data-widget_type=\"text-editor.default\">\n\t\t\t\t<div class=\"elementor-widget-container\">\n\t\t\t\t\t\t\t\t\t<p><span style=\"font-family: Roboto, sans-serif; font-size: 13px; font-style: normal; font-weight: 400;\"><a href=\"https:\/\/www.semen-l.org\/wp-content\/uploads\/2022\/09\/Prog.-5e-Mois-Montaigne.pdf\" class=\"pdfemb-viewer\" style=\"\" data-width=\"max\" data-height=\"max\" data-toolbar=\"both\" data-toolbar-fixed=\"off\">Prog. 5e Mois Montaigne<\/a><\/span><\/p>\t\t\t\t\t\t\t\t<\/div>\n\t\t\t\t<\/div>\n\t\t\t\t\t<\/div>\n\t\t<\/div>\n\t\t\t\t\t<\/div>\n\t\t<\/section>\n\t\t\t\t<section class=\"elementor-section elementor-top-section elementor-element elementor-element-b39d42d elementor-section-boxed elementor-section-height-default elementor-section-height-default\" data-id=\"b39d42d\" data-element_type=\"section\" data-e-type=\"section\">\n\t\t\t\t\t\t<div class=\"elementor-container elementor-column-gap-default\">\n\t\t\t\t\t<div class=\"elementor-column elementor-col-100 elementor-top-column elementor-element elementor-element-108472c\" data-id=\"108472c\" data-element_type=\"column\" data-e-type=\"column\">\n\t\t\t<div class=\"elementor-widget-wrap elementor-element-populated\">\n\t\t\t\t\t\t<div class=\"elementor-element elementor-element-7c46f00 elementor-widget elementor-widget-heading\" data-id=\"7c46f00\" data-element_type=\"widget\" data-e-type=\"widget\" data-widget_type=\"heading.default\">\n\t\t\t\t<div class=\"elementor-widget-container\">\n\t\t\t\t\t<h2 class=\"elementor-heading-title elementor-size-default\">En version texte<\/h2>\t\t\t\t<\/div>\n\t\t\t\t<\/div>\n\t\t\t\t\t<\/div>\n\t\t<\/div>\n\t\t\t\t\t<\/div>\n\t\t<\/section>\n\t\t\t\t<section class=\"elementor-section elementor-top-section elementor-element elementor-element-9ff3d43 elementor-section-boxed elementor-section-height-default elementor-section-height-default\" data-id=\"9ff3d43\" data-element_type=\"section\" data-e-type=\"section\">\n\t\t\t\t\t\t<div class=\"elementor-container elementor-column-gap-default\">\n\t\t\t\t\t<div class=\"elementor-column elementor-col-50 elementor-top-column elementor-element elementor-element-6fb864e\" data-id=\"6fb864e\" data-element_type=\"column\" data-e-type=\"column\">\n\t\t\t<div class=\"elementor-widget-wrap elementor-element-populated\">\n\t\t\t\t\t\t<div class=\"elementor-element elementor-element-39b9d914 elementor-widget elementor-widget-text-editor\" data-id=\"39b9d914\" data-element_type=\"widget\" data-e-type=\"widget\" data-widget_type=\"text-editor.default\">\n\t\t\t\t<div class=\"elementor-widget-container\">\n\t\t\t\t\t\t\t\t\t<h1><strong style=\"font-size: inherit; letter-spacing: inherit; color: var( --e-global-color-text );\">4 OCTOBRE<\/strong><\/h1><p><strong>12 NOVEMBRE 2022<\/strong><\/p><p>Manifestation organis\u00e9e par le <strong>Centre Montaigne<\/strong><\/p><p>Manifestation organis\u00e9e par le Centre Montaigne, avec le soutien du Service Culture de l\u2019Universit\u00e9 Bordeaux Montaigne, du D\u00e9partement de la Gironde et de la R\u00e9gion Nouvelle Aquitaine.<\/p><p>En collaboration avec la librairie Mollat, l\u2019Acad\u00e9mie des Sciences, Arts et Belles Lettres de Bordeaux, la Biblioth\u00e8que M\u00e9riadeck, la Cour d\u2019Appel de Bordeaux, l\u2019Ath\u00e9n\u00e9e Municipal, le Mus\u00e9e d\u2019Aquitaine, les Archives D\u00e9partementales et la Soci\u00e9t\u00e9 des Bibliophiles de Guyenne.<\/p><p><strong>4<\/strong><strong> OCTOBRE &gt; LANCEMENT DU 5E <\/strong><strong><em>MOI(S) MONTAIGNE,<\/em><\/strong><\/p><p>AVEC J\u00c9R\u00c9MIE FOA (AIX-MARSEILLE UNIVERSIT\u00c9)<\/p><p><strong>10h-12h<\/strong> <strong>&gt;<\/strong> <strong>Archives<\/strong> <strong>d\u00e9partementales<\/strong> <strong>: <\/strong>atelier sur les guerres de Religion <strong>&gt; Sur inscription<\/strong><\/p><p><strong>18h-19h30 &gt; <\/strong><strong>Station Ausone : <\/strong>rencontre autour de <em>Tous ceux <\/em><em>qui<\/em> <em>tombent<\/em>. <em>Visages<\/em> <em>du massacre de la Saint-Barth\u00e9lemy<\/em><\/p><p><em>\u00a0<\/em><strong>Pr\u00e9sentation des travaux de restauration <\/strong>de l\u2019exemplaire de Bordeaux des <em>Essais <\/em>de Montaigne<\/p><p>10-15 OCTOBRE &gt; SEMAINE PIERRE DE BRACH : INVIT\u00c9E D\u2019HONNEUR : CONCETTA CAVALLINI<\/p><p>11 OCTOBRE &gt; BM M\u00c9RIADECK &gt; 17h30-19h<\/p><p><strong>Conf\u00e9rence <\/strong>de <strong>Concetta Cavallini <\/strong>(Universit\u00e9 de Bari), Soci\u00e9t\u00e9 des Bibliophiles de Guyenne, \u00ab Pierre de Brach, polygraphe bordelais de la Renaissance \u00bb<\/p><p>12 OCTOBRE &gt; BM M\u00c9RIADECK &gt; 10h-12h<\/p><p><strong>Pr\u00e9sentation de livres anciens <\/strong>: (Concetta Cavallini) l\u2019exemplaire bordelais annot\u00e9 des <em>Po\u00e8mes <\/em>de Pierre de Brach et l\u2019atelier de Simon Millanges, \u00e9diteur de Montaigne (Fonds Patrimoniaux) <strong>&gt; Sur inscription<\/strong><\/p><p>15 OCTOBRE &gt; BM M\u00c9RIADECK &gt; 17h30<\/p><p><strong>Lectures <\/strong>d\u2019un choix de po\u00e8mes de Pierre de Brach par<\/p><p><strong>Fran\u00e7oise Sliwka<\/strong>, com\u00e9dienne<\/p><p>17 OCTOBRE &gt; ACAD\u00c9MIE DES SCIENCES &gt; 18h-19h30<\/p><p><strong>Conf\u00e9rence <\/strong>d\u2019<strong>Anne-Marie Cocula <\/strong>(CEMMC, UBM), \u00ab Montaigne, maire de Bordeaux : un choix de rois et de reines \u00bb<\/p><p>18 OCTOBRE &gt; MUS\u00c9E D\u2019AQUITAINE &gt; 18h-19h30<\/p><p><strong>Conf\u00e9rence<\/strong> de <strong>Laurent<\/strong> <strong>Coste<\/strong> (CEMMC, UBM), \u00ab Institutions et fonctionnement de la jurade de Bordeaux au temps de Montaigne \u00bb<\/p><p>24 OCTOBRE &gt; BM M\u00c9RIADECK &gt; 18h-19h30<\/p><p>\u00ab Montaigne en son pays \u00bb : <strong>lecture <\/strong>d\u2019extraits des <em>Essais<\/em>, par<\/p><p><strong>Julie Papin <\/strong>et <strong>Cl\u00e9mentine Couic<\/strong>, com\u00e9diennes<\/p><p>25 OCTOBRE &gt; BIBLIOTH\u00c8QUE DE LA COUR D\u2019APPEL DE BORDEAUX &gt; 18h-19h30<\/p><p><strong>Conf\u00e9rence <\/strong>de <strong>Philippe Desan <\/strong>(Universit\u00e9 de Chicago), \u00ab Sur quelques d\u00e9boires de Montaigne \u00e0 la mairie de Bordeaux \u00bb<\/p><p>27 OCTOBRE &gt; MUS\u00c9E D\u2019AQUITAINE &gt; 18h30-20h<\/p><p><strong>Visite th\u00e9\u00e2tralis\u00e9e <\/strong>avec le \u00ab Fant\u00f4me de Montaigne \u00bb<\/p><p>(offre r\u00e9serv\u00e9e aux personnels et \u00e9tudiants UBM)<\/p><p><strong>&gt;<\/strong> <strong>Sur<\/strong> <strong>inscription<\/strong>, 30 places<\/p><p>6 NOVEMBRE &gt; D\u00c9PART DU MUS\u00c9E D\u2019AQUITAINE \u00c0 11h<\/p><p>\u00ab Sur les pas de Montaigne \u00bb : <strong>visite du quartier Saint \u00c9loi<\/strong>, offerte par le mus\u00e9e <strong>&gt; Sur inscription <\/strong>(25 places)<\/p><p>8 NOVEMBRE &gt; ATH\u00c9N\u00c9E MUNICIPAL &gt; 9h-17h<\/p><p><strong>Journ\u00e9e de restitution des analyses <\/strong>sur le cercueil de Montaigne, organis\u00e9e par <strong>H\u00e9l\u00e8ne R\u00e9veillas <\/strong><strong>&gt; Sur inscription<\/strong><\/p><p>9 NOVEMBRE &gt; BM M\u00c9RIADECK &gt; 14h-16h<\/p><p><strong>Rencontre <\/strong>avec <strong>Alain Legros<\/strong>, pour son livre <em>Montaigne en quatre-vingts jours<\/em><\/p><p>9 NOVEMBRE &gt; MUS\u00c9E D\u2019AQUITAINE &gt; 18h-19h30<\/p><p><strong>Conf\u00e9rence <\/strong>d\u2019<strong>\u00c9z\u00e9chiel Jean-Courret <\/strong>(AUSONIUS, UBM),<\/p><p>\u00ab L\u2019\u00e9loge de Bordeaux dans les cosmographies humanistes \u00bb<\/p><p>10 NOVEMBRE &gt; MUS\u00c9E D\u2019AQUITAINE &gt; 19h30<\/p><p><strong>Projection du film <\/strong>\u00ab Montaigne et le tombeau myst\u00e9rieux \u00bb, en pr\u00e9sence de sa r\u00e9alisatrice, <strong>Pauline Coste<\/strong><\/p><p>SAMEDI 12 NOVEMBRE &gt; CONCERT DE CL\u00d4TURE &gt; 17h30<\/p><p><strong>Concert de musique <\/strong>fran\u00e7aise et gasconne du temps de Montaigne, par l\u2019ensemble vocal <strong>Le Plisson<\/strong>, Salons de l\u2019Acad\u00e9mie des Sciences, Arts et Belles Lettres de Bordeaux<\/p><blockquote><p>Sur inscription<\/p><\/blockquote><p><strong>BORDEAUX<\/strong><\/p><p><strong>Toutes<\/strong> <strong>les<\/strong> <strong>manifestations<\/strong> <strong>sont gratuites. Programme d\u00e9taill\u00e9 et adresses des inscriptions (si n\u00e9cessaire) sur le site <\/strong><strong>centre-montaigne.huma-num.fr<\/strong><\/p><p>\u00a0<\/p><p><strong>ACAD\u00c9MIE<\/strong> <strong>DES SCIENCES ARTS ET BELLES LETTRES<\/strong><\/p><p>1 place Bardineau, 1er \u00e9tage \/ Tram D &gt; <em>Fondaud\u00e8ge Museum<\/em><\/p><p><strong>ARCHIVES D\u00c9PARTEMENTALES DE LA GIRONDE<\/strong><\/p><p>72-78 cours Balguerie Stuttenberg<\/p><p>Tram B &gt; <em>cours du M\u00e9doc \/ <\/em>Tram A &gt; <em>Camille Godard<\/em><\/p><p><strong>BIBLIOTH\u00c8QUE M\u00c9RIADECK<\/strong><\/p><p>85 cours du Mar\u00e9chal Juin<\/p><p>Tram A &gt; <em>Palais de Justice <\/em>ou <em>H\u00f4tel de Police<\/em><\/p><p>\u00a0<\/p><p><strong>MUS\u00c9E D\u2019AQUITAINE<\/strong><\/p><p>20 cours Pasteur<\/p><p>Tram B &gt; <em>Mus\u00e9e d\u2019Aquitaine<\/em><\/p><p><strong>LIBRAIRIE MOLLAT<\/strong><\/p><p>15 rue Vital Carles et Station Ausone, 8 rue de la Vieille Tour<\/p><p>Tram B &gt; <em>Gambetta-Mus\u00e9e des arts d\u00e9coratifs et du design<\/em><\/p><p>\u00a0<\/p><p><strong>COUR<\/strong> <strong>D<\/strong> <strong>\u2018APPEL<\/strong> <strong>DE<\/strong> <strong>BORDEAUX<\/strong><\/p><p>Place de la R\u00e9publique Tram B &gt; <em>Mus\u00e9e d\u2019Aquitaine <\/em>Tram A ou B &gt; <em>H\u00f4tel de Ville<\/em><\/p><p><strong>ATH\u00c9N\u00c9E MUNICIPAL<\/strong><\/p><p>Place Saint Christoly<\/p><p>Tram A ou B &gt; <em>H\u00f4tel de Ville<\/em><\/p><p><em>\u00a0<\/em><\/p>\t\t\t\t\t\t\t\t<\/div>\n\t\t\t\t<\/div>\n\t\t\t\t\t<\/div>\n\t\t<\/div>\n\t\t\t\t<div class=\"elementor-column elementor-col-50 elementor-top-column elementor-element elementor-element-ef6ec7c\" data-id=\"ef6ec7c\" data-element_type=\"column\" data-e-type=\"column\">\n\t\t\t<div class=\"elementor-widget-wrap elementor-element-populated\">\n\t\t\t\t\t\t<div class=\"elementor-element elementor-element-6dbff6d elementor-widget elementor-widget-image\" data-id=\"6dbff6d\" data-element_type=\"widget\" data-e-type=\"widget\" data-widget_type=\"image.default\">\n\t\t\t\t<div class=\"elementor-widget-container\">\n\t\t\t\t\t\t\t\t\t\t\t\t\t\t\t<img fetchpriority=\"high\" decoding=\"async\" width=\"393\" height=\"907\" src=\"https:\/\/www.semen-l.org\/wp-content\/uploads\/2022\/09\/moismontaigne22.jpg\" class=\"attachment-large size-large wp-image-2249\" alt=\"\" srcset=\"https:\/\/www.semen-l.org\/wp-content\/uploads\/2022\/09\/moismontaigne22.jpg 393w, https:\/\/www.semen-l.org\/wp-content\/uploads\/2022\/09\/moismontaigne22-130x300.jpg 130w, https:\/\/www.semen-l.org\/wp-content\/uploads\/2022\/09\/moismontaigne22-87x200.jpg 87w\" sizes=\"(max-width: 393px) 100vw, 393px\" \/>\t\t\t\t\t\t\t\t\t\t\t\t\t\t\t<\/div>\n\t\t\t\t<\/div>\n\t\t\t\t\t<\/div>\n\t\t<\/div>\n\t\t\t\t\t<\/div>\n\t\t<\/section>\n\t\t\t\t<section class=\"elementor-section elementor-top-section elementor-element elementor-element-660025bd elementor-section-boxed elementor-section-height-default elementor-section-height-default\" data-id=\"660025bd\" data-element_type=\"section\" data-e-type=\"section\">\n\t\t\t\t\t\t<div class=\"elementor-container elementor-column-gap-default\">\n\t\t\t\t\t<div class=\"elementor-column elementor-col-100 elementor-top-column elementor-element elementor-element-ea15ac9\" data-id=\"ea15ac9\" data-element_type=\"column\" data-e-type=\"column\">\n\t\t\t<div class=\"elementor-widget-wrap\">\n\t\t\t\t\t\t\t<\/div>\n\t\t<\/div>\n\t\t\t\t\t<\/div>\n\t\t<\/section>\n\t\t\t\t<\/div>\n\t\t","protected":false},"excerpt":{"rendered":"<p>Le Centre Montaigne nous fait part de l&rsquo;organisation de la cinqui\u00e8me \u00e9dition du Mois Montaigne : Moi(s) Montaigne 5E \u00c9DITION \u00ab\u00a0Montaigne\u00a0\u00e0\u00a0Bordeaux,\u00a0Montaigne\u00a0et Bordeaux \u00bb Contact :\u00a0LeMoisMontaigne@u-bordeaux-montaigne.fr Programme complet (pour l&rsquo;agrandir, allez sur le site du centre)\u00a0http:\/\/centre-montaigne.huma-num.fr Programme en .pdf En version &hellip; <a href=\"https:\/\/www.semen-l.org\/?p=2248\">Continuer la lecture <span class=\"meta-nav\">&rarr;<\/span><\/a><\/p>\n","protected":false},"author":26,"featured_media":2249,"comment_status":"open","ping_status":"open","sticky":false,"template":"","format":"standard","meta":{"footnotes":""},"categories":[4],"tags":[],"class_list":["post-2248","post","type-post","status-publish","format-standard","has-post-thumbnail","hentry","category-colloques"],"yoast_head":"<!-- This site is optimized with the Yoast SEO plugin v27.5 - https:\/\/yoast.com\/product\/yoast-seo-wordpress\/ -->\n<title>Mois Montaigne - Soci\u00e9t\u00e9 d&#039;\u00c9tudes M\u00e9dio Et N\u00e9o-Latines<\/title>\n<meta name=\"robots\" content=\"index, follow, max-snippet:-1, max-image-preview:large, max-video-preview:-1\" \/>\n<link rel=\"canonical\" href=\"https:\/\/www.semen-l.org\/?p=2248\" \/>\n<meta property=\"og:locale\" content=\"fr_FR\" \/>\n<meta property=\"og:type\" content=\"article\" \/>\n<meta property=\"og:title\" content=\"Mois Montaigne - Soci\u00e9t\u00e9 d&#039;\u00c9tudes M\u00e9dio Et N\u00e9o-Latines\" \/>\n<meta property=\"og:description\" content=\"Le Centre Montaigne nous fait part de l&rsquo;organisation de la cinqui\u00e8me \u00e9dition du Mois Montaigne : Moi(s) Montaigne 5E \u00c9DITION \u00ab\u00a0Montaigne\u00a0\u00e0\u00a0Bordeaux,\u00a0Montaigne\u00a0et Bordeaux \u00bb Contact :\u00a0LeMoisMontaigne@u-bordeaux-montaigne.fr Programme complet (pour l&rsquo;agrandir, allez sur le site du centre)\u00a0http:\/\/centre-montaigne.huma-num.fr Programme en .pdf En version &hellip; Continuer la lecture &rarr;\" \/>\n<meta property=\"og:url\" content=\"https:\/\/www.semen-l.org\/?p=2248\" \/>\n<meta property=\"og:site_name\" content=\"Soci\u00e9t\u00e9 d&#039;\u00c9tudes M\u00e9dio Et N\u00e9o-Latines\" \/>\n<meta property=\"article:publisher\" content=\"https:\/\/www.facebook.com\/SEMENL2018\" \/>\n<meta property=\"article:published_time\" content=\"2022-09-10T14:54:02+00:00\" \/>\n<meta property=\"article:modified_time\" content=\"2022-09-10T15:02:22+00:00\" \/>\n<meta property=\"og:image\" content=\"https:\/\/www.semen-l.org\/wp-content\/uploads\/2022\/09\/moismontaigne22.jpg\" \/>\n\t<meta property=\"og:image:width\" content=\"393\" \/>\n\t<meta property=\"og:image:height\" content=\"907\" \/>\n\t<meta property=\"og:image:type\" content=\"image\/jpeg\" \/>\n<meta name=\"author\" content=\"Julien Maudoux\" \/>\n<meta name=\"twitter:card\" content=\"summary_large_image\" \/>\n<meta name=\"twitter:label1\" content=\"\u00c9crit par\" \/>\n\t<meta name=\"twitter:data1\" content=\"Julien Maudoux\" \/>\n\t<meta name=\"twitter:label2\" content=\"Dur\u00e9e de lecture estim\u00e9e\" \/>\n\t<meta name=\"twitter:data2\" content=\"4 minutes\" \/>\n<script type=\"application\/ld+json\" class=\"yoast-schema-graph\">{\"@context\":\"https:\\\/\\\/schema.org\",\"@graph\":[{\"@type\":\"Article\",\"@id\":\"https:\\\/\\\/www.semen-l.org\\\/?p=2248#article\",\"isPartOf\":{\"@id\":\"https:\\\/\\\/www.semen-l.org\\\/?p=2248\"},\"author\":{\"name\":\"Julien Maudoux\",\"@id\":\"http:\\\/\\\/www.semen-l.org\\\/#\\\/schema\\\/person\\\/ef5208815f17666727763c5363a51344\"},\"headline\":\"Mois Montaigne\",\"datePublished\":\"2022-09-10T14:54:02+00:00\",\"dateModified\":\"2022-09-10T15:02:22+00:00\",\"mainEntityOfPage\":{\"@id\":\"https:\\\/\\\/www.semen-l.org\\\/?p=2248\"},\"wordCount\":812,\"commentCount\":0,\"publisher\":{\"@id\":\"http:\\\/\\\/www.semen-l.org\\\/#organization\"},\"image\":{\"@id\":\"https:\\\/\\\/www.semen-l.org\\\/?p=2248#primaryimage\"},\"thumbnailUrl\":\"https:\\\/\\\/www.semen-l.org\\\/wp-content\\\/uploads\\\/2022\\\/09\\\/moismontaigne22.jpg\",\"articleSection\":[\"Colloques\"],\"inLanguage\":\"fr-FR\",\"potentialAction\":[{\"@type\":\"CommentAction\",\"name\":\"Comment\",\"target\":[\"https:\\\/\\\/www.semen-l.org\\\/?p=2248#respond\"]}]},{\"@type\":\"WebPage\",\"@id\":\"https:\\\/\\\/www.semen-l.org\\\/?p=2248\",\"url\":\"https:\\\/\\\/www.semen-l.org\\\/?p=2248\",\"name\":\"Mois Montaigne - Soci\u00e9t\u00e9 d&#039;\u00c9tudes M\u00e9dio Et N\u00e9o-Latines\",\"isPartOf\":{\"@id\":\"http:\\\/\\\/www.semen-l.org\\\/#website\"},\"primaryImageOfPage\":{\"@id\":\"https:\\\/\\\/www.semen-l.org\\\/?p=2248#primaryimage\"},\"image\":{\"@id\":\"https:\\\/\\\/www.semen-l.org\\\/?p=2248#primaryimage\"},\"thumbnailUrl\":\"https:\\\/\\\/www.semen-l.org\\\/wp-content\\\/uploads\\\/2022\\\/09\\\/moismontaigne22.jpg\",\"datePublished\":\"2022-09-10T14:54:02+00:00\",\"dateModified\":\"2022-09-10T15:02:22+00:00\",\"breadcrumb\":{\"@id\":\"https:\\\/\\\/www.semen-l.org\\\/?p=2248#breadcrumb\"},\"inLanguage\":\"fr-FR\",\"potentialAction\":[{\"@type\":\"ReadAction\",\"target\":[\"https:\\\/\\\/www.semen-l.org\\\/?p=2248\"]}]},{\"@type\":\"ImageObject\",\"inLanguage\":\"fr-FR\",\"@id\":\"https:\\\/\\\/www.semen-l.org\\\/?p=2248#primaryimage\",\"url\":\"https:\\\/\\\/www.semen-l.org\\\/wp-content\\\/uploads\\\/2022\\\/09\\\/moismontaigne22.jpg\",\"contentUrl\":\"https:\\\/\\\/www.semen-l.org\\\/wp-content\\\/uploads\\\/2022\\\/09\\\/moismontaigne22.jpg\",\"width\":393,\"height\":907},{\"@type\":\"BreadcrumbList\",\"@id\":\"https:\\\/\\\/www.semen-l.org\\\/?p=2248#breadcrumb\",\"itemListElement\":[{\"@type\":\"ListItem\",\"position\":1,\"name\":\"Accueil\",\"item\":\"http:\\\/\\\/www.semen-l.org\\\/\"},{\"@type\":\"ListItem\",\"position\":2,\"name\":\"Mois Montaigne\"}]},{\"@type\":\"WebSite\",\"@id\":\"http:\\\/\\\/www.semen-l.org\\\/#website\",\"url\":\"http:\\\/\\\/www.semen-l.org\\\/\",\"name\":\"Soci\u00e9t\u00e9 d'\u00c9tudes M\u00e9dio Et N\u00e9o-Latines\",\"description\":\"\",\"publisher\":{\"@id\":\"http:\\\/\\\/www.semen-l.org\\\/#organization\"},\"potentialAction\":[{\"@type\":\"SearchAction\",\"target\":{\"@type\":\"EntryPoint\",\"urlTemplate\":\"http:\\\/\\\/www.semen-l.org\\\/?s={search_term_string}\"},\"query-input\":{\"@type\":\"PropertyValueSpecification\",\"valueRequired\":true,\"valueName\":\"search_term_string\"}}],\"inLanguage\":\"fr-FR\"},{\"@type\":\"Organization\",\"@id\":\"http:\\\/\\\/www.semen-l.org\\\/#organization\",\"name\":\"Soci\u00e9t\u00e9 d'\u00e9tudes m\u00e9dio et n\u00e9o-latines\",\"url\":\"http:\\\/\\\/www.semen-l.org\\\/\",\"logo\":{\"@type\":\"ImageObject\",\"inLanguage\":\"fr-FR\",\"@id\":\"http:\\\/\\\/www.semen-l.org\\\/#\\\/schema\\\/logo\\\/image\\\/\",\"url\":\"http:\\\/\\\/www.semen-l.org\\\/wp-content\\\/uploads\\\/2020\\\/11\\\/logo-semenl.jpg\",\"contentUrl\":\"http:\\\/\\\/www.semen-l.org\\\/wp-content\\\/uploads\\\/2020\\\/11\\\/logo-semenl.jpg\",\"width\":408,\"height\":403,\"caption\":\"Soci\u00e9t\u00e9 d'\u00e9tudes m\u00e9dio et n\u00e9o-latines\"},\"image\":{\"@id\":\"http:\\\/\\\/www.semen-l.org\\\/#\\\/schema\\\/logo\\\/image\\\/\"},\"sameAs\":[\"https:\\\/\\\/www.facebook.com\\\/SEMENL2018\",\"https:\\\/\\\/independent.academia.edu\\\/SocitsdtudesmdioetnolatinesSEMENL\"]},{\"@type\":\"Person\",\"@id\":\"http:\\\/\\\/www.semen-l.org\\\/#\\\/schema\\\/person\\\/ef5208815f17666727763c5363a51344\",\"name\":\"Julien Maudoux\",\"image\":{\"@type\":\"ImageObject\",\"inLanguage\":\"fr-FR\",\"@id\":\"https:\\\/\\\/secure.gravatar.com\\\/avatar\\\/caabf4fb6242e2277733cd35a5c2aa083761ea25dae1d1ff3298b54292225292?s=96&d=mm&r=g\",\"url\":\"https:\\\/\\\/secure.gravatar.com\\\/avatar\\\/caabf4fb6242e2277733cd35a5c2aa083761ea25dae1d1ff3298b54292225292?s=96&d=mm&r=g\",\"contentUrl\":\"https:\\\/\\\/secure.gravatar.com\\\/avatar\\\/caabf4fb6242e2277733cd35a5c2aa083761ea25dae1d1ff3298b54292225292?s=96&d=mm&r=g\",\"caption\":\"Julien Maudoux\"},\"description\":\"Webmestre du site de la SEMEN-L\",\"url\":\"https:\\\/\\\/www.semen-l.org\\\/?author=26\"}]}<\/script>\n<!-- \/ Yoast SEO plugin. -->","yoast_head_json":{"title":"Mois Montaigne - Soci\u00e9t\u00e9 d&#039;\u00c9tudes M\u00e9dio Et N\u00e9o-Latines","robots":{"index":"index","follow":"follow","max-snippet":"max-snippet:-1","max-image-preview":"max-image-preview:large","max-video-preview":"max-video-preview:-1"},"canonical":"https:\/\/www.semen-l.org\/?p=2248","og_locale":"fr_FR","og_type":"article","og_title":"Mois Montaigne - Soci\u00e9t\u00e9 d&#039;\u00c9tudes M\u00e9dio Et N\u00e9o-Latines","og_description":"Le Centre Montaigne nous fait part de l&rsquo;organisation de la cinqui\u00e8me \u00e9dition du Mois Montaigne : Moi(s) Montaigne 5E \u00c9DITION \u00ab\u00a0Montaigne\u00a0\u00e0\u00a0Bordeaux,\u00a0Montaigne\u00a0et Bordeaux \u00bb Contact :\u00a0LeMoisMontaigne@u-bordeaux-montaigne.fr Programme complet (pour l&rsquo;agrandir, allez sur le site du centre)\u00a0http:\/\/centre-montaigne.huma-num.fr Programme en .pdf En version &hellip; Continuer la lecture &rarr;","og_url":"https:\/\/www.semen-l.org\/?p=2248","og_site_name":"Soci\u00e9t\u00e9 d&#039;\u00c9tudes M\u00e9dio Et N\u00e9o-Latines","article_publisher":"https:\/\/www.facebook.com\/SEMENL2018","article_published_time":"2022-09-10T14:54:02+00:00","article_modified_time":"2022-09-10T15:02:22+00:00","og_image":[{"width":393,"height":907,"url":"https:\/\/www.semen-l.org\/wp-content\/uploads\/2022\/09\/moismontaigne22.jpg","type":"image\/jpeg"}],"author":"Julien Maudoux","twitter_card":"summary_large_image","twitter_misc":{"\u00c9crit par":"Julien Maudoux","Dur\u00e9e de lecture estim\u00e9e":"4 minutes"},"schema":{"@context":"https:\/\/schema.org","@graph":[{"@type":"Article","@id":"https:\/\/www.semen-l.org\/?p=2248#article","isPartOf":{"@id":"https:\/\/www.semen-l.org\/?p=2248"},"author":{"name":"Julien Maudoux","@id":"http:\/\/www.semen-l.org\/#\/schema\/person\/ef5208815f17666727763c5363a51344"},"headline":"Mois Montaigne","datePublished":"2022-09-10T14:54:02+00:00","dateModified":"2022-09-10T15:02:22+00:00","mainEntityOfPage":{"@id":"https:\/\/www.semen-l.org\/?p=2248"},"wordCount":812,"commentCount":0,"publisher":{"@id":"http:\/\/www.semen-l.org\/#organization"},"image":{"@id":"https:\/\/www.semen-l.org\/?p=2248#primaryimage"},"thumbnailUrl":"https:\/\/www.semen-l.org\/wp-content\/uploads\/2022\/09\/moismontaigne22.jpg","articleSection":["Colloques"],"inLanguage":"fr-FR","potentialAction":[{"@type":"CommentAction","name":"Comment","target":["https:\/\/www.semen-l.org\/?p=2248#respond"]}]},{"@type":"WebPage","@id":"https:\/\/www.semen-l.org\/?p=2248","url":"https:\/\/www.semen-l.org\/?p=2248","name":"Mois Montaigne - Soci\u00e9t\u00e9 d&#039;\u00c9tudes M\u00e9dio Et N\u00e9o-Latines","isPartOf":{"@id":"http:\/\/www.semen-l.org\/#website"},"primaryImageOfPage":{"@id":"https:\/\/www.semen-l.org\/?p=2248#primaryimage"},"image":{"@id":"https:\/\/www.semen-l.org\/?p=2248#primaryimage"},"thumbnailUrl":"https:\/\/www.semen-l.org\/wp-content\/uploads\/2022\/09\/moismontaigne22.jpg","datePublished":"2022-09-10T14:54:02+00:00","dateModified":"2022-09-10T15:02:22+00:00","breadcrumb":{"@id":"https:\/\/www.semen-l.org\/?p=2248#breadcrumb"},"inLanguage":"fr-FR","potentialAction":[{"@type":"ReadAction","target":["https:\/\/www.semen-l.org\/?p=2248"]}]},{"@type":"ImageObject","inLanguage":"fr-FR","@id":"https:\/\/www.semen-l.org\/?p=2248#primaryimage","url":"https:\/\/www.semen-l.org\/wp-content\/uploads\/2022\/09\/moismontaigne22.jpg","contentUrl":"https:\/\/www.semen-l.org\/wp-content\/uploads\/2022\/09\/moismontaigne22.jpg","width":393,"height":907},{"@type":"BreadcrumbList","@id":"https:\/\/www.semen-l.org\/?p=2248#breadcrumb","itemListElement":[{"@type":"ListItem","position":1,"name":"Accueil","item":"http:\/\/www.semen-l.org\/"},{"@type":"ListItem","position":2,"name":"Mois Montaigne"}]},{"@type":"WebSite","@id":"http:\/\/www.semen-l.org\/#website","url":"http:\/\/www.semen-l.org\/","name":"Soci\u00e9t\u00e9 d'\u00c9tudes M\u00e9dio Et N\u00e9o-Latines","description":"","publisher":{"@id":"http:\/\/www.semen-l.org\/#organization"},"potentialAction":[{"@type":"SearchAction","target":{"@type":"EntryPoint","urlTemplate":"http:\/\/www.semen-l.org\/?s={search_term_string}"},"query-input":{"@type":"PropertyValueSpecification","valueRequired":true,"valueName":"search_term_string"}}],"inLanguage":"fr-FR"},{"@type":"Organization","@id":"http:\/\/www.semen-l.org\/#organization","name":"Soci\u00e9t\u00e9 d'\u00e9tudes m\u00e9dio et n\u00e9o-latines","url":"http:\/\/www.semen-l.org\/","logo":{"@type":"ImageObject","inLanguage":"fr-FR","@id":"http:\/\/www.semen-l.org\/#\/schema\/logo\/image\/","url":"http:\/\/www.semen-l.org\/wp-content\/uploads\/2020\/11\/logo-semenl.jpg","contentUrl":"http:\/\/www.semen-l.org\/wp-content\/uploads\/2020\/11\/logo-semenl.jpg","width":408,"height":403,"caption":"Soci\u00e9t\u00e9 d'\u00e9tudes m\u00e9dio et n\u00e9o-latines"},"image":{"@id":"http:\/\/www.semen-l.org\/#\/schema\/logo\/image\/"},"sameAs":["https:\/\/www.facebook.com\/SEMENL2018","https:\/\/independent.academia.edu\/SocitsdtudesmdioetnolatinesSEMENL"]},{"@type":"Person","@id":"http:\/\/www.semen-l.org\/#\/schema\/person\/ef5208815f17666727763c5363a51344","name":"Julien Maudoux","image":{"@type":"ImageObject","inLanguage":"fr-FR","@id":"https:\/\/secure.gravatar.com\/avatar\/caabf4fb6242e2277733cd35a5c2aa083761ea25dae1d1ff3298b54292225292?s=96&d=mm&r=g","url":"https:\/\/secure.gravatar.com\/avatar\/caabf4fb6242e2277733cd35a5c2aa083761ea25dae1d1ff3298b54292225292?s=96&d=mm&r=g","contentUrl":"https:\/\/secure.gravatar.com\/avatar\/caabf4fb6242e2277733cd35a5c2aa083761ea25dae1d1ff3298b54292225292?s=96&d=mm&r=g","caption":"Julien Maudoux"},"description":"Webmestre du site de la SEMEN-L","url":"https:\/\/www.semen-l.org\/?author=26"}]}},"jetpack_featured_media_url":"https:\/\/www.semen-l.org\/wp-content\/uploads\/2022\/09\/moismontaigne22.jpg","_links":{"self":[{"href":"https:\/\/www.semen-l.org\/index.php?rest_route=\/wp\/v2\/posts\/2248","targetHints":{"allow":["GET"]}}],"collection":[{"href":"https:\/\/www.semen-l.org\/index.php?rest_route=\/wp\/v2\/posts"}],"about":[{"href":"https:\/\/www.semen-l.org\/index.php?rest_route=\/wp\/v2\/types\/post"}],"author":[{"embeddable":true,"href":"https:\/\/www.semen-l.org\/index.php?rest_route=\/wp\/v2\/users\/26"}],"replies":[{"embeddable":true,"href":"https:\/\/www.semen-l.org\/index.php?rest_route=%2Fwp%2Fv2%2Fcomments&post=2248"}],"version-history":[{"count":0,"href":"https:\/\/www.semen-l.org\/index.php?rest_route=\/wp\/v2\/posts\/2248\/revisions"}],"wp:featuredmedia":[{"embeddable":true,"href":"https:\/\/www.semen-l.org\/index.php?rest_route=\/wp\/v2\/media\/2249"}],"wp:attachment":[{"href":"https:\/\/www.semen-l.org\/index.php?rest_route=%2Fwp%2Fv2%2Fmedia&parent=2248"}],"wp:term":[{"taxonomy":"category","embeddable":true,"href":"https:\/\/www.semen-l.org\/index.php?rest_route=%2Fwp%2Fv2%2Fcategories&post=2248"},{"taxonomy":"post_tag","embeddable":true,"href":"https:\/\/www.semen-l.org\/index.php?rest_route=%2Fwp%2Fv2%2Ftags&post=2248"}],"curies":[{"name":"wp","href":"https:\/\/api.w.org\/{rel}","templated":true}]}}