{"id":2209,"date":"2022-05-05T06:55:28","date_gmt":"2022-05-05T06:55:28","guid":{"rendered":"https:\/\/www.semen-l.org\/?p=2209"},"modified":"2022-06-05T07:04:00","modified_gmt":"2022-06-05T07:04:00","slug":"sixieme-congres-de-la-semen-l","status":"publish","type":"post","link":"https:\/\/www.semen-l.org\/?p=2209","title":{"rendered":"Sixi\u00e8me congr\u00e8s de la SEMEN-L"},"content":{"rendered":"\t\t<div data-elementor-type=\"wp-post\" data-elementor-id=\"2209\" class=\"elementor elementor-2209\">\n\t\t\t\t\t\t<section class=\"elementor-section elementor-top-section elementor-element elementor-element-2b08d47 elementor-section-boxed elementor-section-height-default elementor-section-height-default\" data-id=\"2b08d47\" data-element_type=\"section\" data-e-type=\"section\">\n\t\t\t\t\t\t<div class=\"elementor-container elementor-column-gap-default\">\n\t\t\t\t\t<div class=\"elementor-column elementor-col-100 elementor-top-column elementor-element elementor-element-df8bbb4\" data-id=\"df8bbb4\" data-element_type=\"column\" data-e-type=\"column\">\n\t\t\t<div class=\"elementor-widget-wrap elementor-element-populated\">\n\t\t\t\t\t\t<div class=\"elementor-element elementor-element-ebed395 elementor-widget elementor-widget-image\" data-id=\"ebed395\" data-element_type=\"widget\" data-e-type=\"widget\" data-widget_type=\"image.default\">\n\t\t\t\t<div class=\"elementor-widget-container\">\n\t\t\t\t\t\t\t\t\t\t\t\t\t\t\t<img fetchpriority=\"high\" decoding=\"async\" width=\"584\" height=\"826\" src=\"https:\/\/www.semen-l.org\/wp-content\/uploads\/2022\/05\/congres-dijon-724x1024.jpg\" class=\"attachment-large size-large wp-image-2216\" alt=\"\" srcset=\"https:\/\/www.semen-l.org\/wp-content\/uploads\/2022\/05\/congres-dijon-724x1024.jpg 724w, https:\/\/www.semen-l.org\/wp-content\/uploads\/2022\/05\/congres-dijon-212x300.jpg 212w, https:\/\/www.semen-l.org\/wp-content\/uploads\/2022\/05\/congres-dijon-768x1086.jpg 768w, https:\/\/www.semen-l.org\/wp-content\/uploads\/2022\/05\/congres-dijon-1086x1536.jpg 1086w, https:\/\/www.semen-l.org\/wp-content\/uploads\/2022\/05\/congres-dijon-1448x2048.jpg 1448w, https:\/\/www.semen-l.org\/wp-content\/uploads\/2022\/05\/congres-dijon-141x200.jpg 141w, https:\/\/www.semen-l.org\/wp-content\/uploads\/2022\/05\/congres-dijon-scaled.jpg 1810w\" sizes=\"(max-width: 584px) 100vw, 584px\" \/>\t\t\t\t\t\t\t\t\t\t\t\t\t\t\t<\/div>\n\t\t\t\t<\/div>\n\t\t\t\t\t<\/div>\n\t\t<\/div>\n\t\t\t\t\t<\/div>\n\t\t<\/section>\n\t\t\t\t<section class=\"elementor-section elementor-top-section elementor-element elementor-element-e04964b elementor-section-boxed elementor-section-height-default elementor-section-height-default\" data-id=\"e04964b\" data-element_type=\"section\" data-e-type=\"section\">\n\t\t\t\t\t\t<div class=\"elementor-container elementor-column-gap-default\">\n\t\t\t\t\t<div class=\"elementor-column elementor-col-100 elementor-top-column elementor-element elementor-element-f5e9330\" data-id=\"f5e9330\" data-element_type=\"column\" data-e-type=\"column\">\n\t\t\t<div class=\"elementor-widget-wrap elementor-element-populated\">\n\t\t\t\t\t\t<div class=\"elementor-element elementor-element-995cabf elementor-widget elementor-widget-heading\" data-id=\"995cabf\" data-element_type=\"widget\" data-e-type=\"widget\" data-widget_type=\"heading.default\">\n\t\t\t\t<div class=\"elementor-widget-container\">\n\t\t\t\t\t<h2 class=\"elementor-heading-title elementor-size-default\">Programme du congr\u00e8s<\/h2>\t\t\t\t<\/div>\n\t\t\t\t<\/div>\n\t\t\t\t\t<\/div>\n\t\t<\/div>\n\t\t\t\t\t<\/div>\n\t\t<\/section>\n\t\t\t\t<section class=\"elementor-section elementor-top-section elementor-element elementor-element-298bb87 elementor-section-boxed elementor-section-height-default elementor-section-height-default\" data-id=\"298bb87\" data-element_type=\"section\" data-e-type=\"section\">\n\t\t\t\t\t\t<div class=\"elementor-container elementor-column-gap-default\">\n\t\t\t\t\t<div class=\"elementor-column elementor-col-100 elementor-top-column elementor-element elementor-element-e7dfea7\" data-id=\"e7dfea7\" data-element_type=\"column\" data-e-type=\"column\">\n\t\t\t<div class=\"elementor-widget-wrap elementor-element-populated\">\n\t\t\t\t\t\t<div class=\"elementor-element elementor-element-91b4120 elementor-widget elementor-widget-text-editor\" data-id=\"91b4120\" data-element_type=\"widget\" data-e-type=\"widget\" data-widget_type=\"text-editor.default\">\n\t\t\t\t<div class=\"elementor-widget-container\">\n\t\t\t\t\t\t\t\t\t<p><strong>Programme du Congr\u00e8s de la SEMEN-L<\/strong><\/p><p><strong>Dijon, 8-11 juin 2022<\/strong><\/p><p><strong>\u00a0<\/strong><\/p><p><strong><u>Mercredi 8 juin 2022<\/u><\/strong><\/p><p><strong><u>\u00a0<\/u><\/strong><\/p><p><strong>13h\u00a0: Accueil et caf\u00e9 de bienvenue<\/strong><\/p><p><strong>\u00a0<\/strong><\/p><p><strong>\u00a0\u00a0\u00a0\u00a0\u00a0\u00a0\u00a0\u00a0\u00a0 <u>Session 1<\/u><\/strong><strong>\u00a0: Session des doctorants<\/strong> (pr\u00e9sidence\u00a0: Sylvie Laigneau-Fontaine)<\/p><p><strong>\u00a0<\/strong><\/p><ul><li>14h-14h20\u00a0: <strong>Marie Jeannot-Tirole<\/strong> (Universit\u00e9 de Strasbourg), \u00ab\u00a0L\u2019<em>H\u00e9cube<\/em> d\u2019\u00c9rasme\u00a0: bien plus qu\u2019une traduction\u00a0?\u00a0\u00bb<\/li><li>14h20-14h40\u00a0: <strong>Aur\u00e9lie Gay<\/strong> (Universit\u00e9 de Bourgogne Franche-Comt\u00e9), \u00ab\u00a0La cohabitation du latin et du grec dans l\u2019<em>Anthologie<\/em>de Janus Cornarius\u00a0: la concr\u00e9tisation de l\u2019id\u00e9al humaniste\u00a0?\u00a0\u00bb<\/li><li>14h40-15h\u00a0: <strong>Marc Dietrich<\/strong> (EPHE \u2013\u00a0PSL), \u00ab <em>Ex aequo coniuncta<\/em>: l\u2019int\u00e9gration de la langue grecque dans le\u00a0<em>Grunnius Sophista<\/em>de Luscinius\u00a0\u00bb (communication lue par J\u00e9r\u00e9mie Pinguet)<\/li><\/ul><p>\u00a0<\/p><p><strong>15h-15h20\u00a0: Discussion et pause<\/strong><\/p><p>\u00a0<\/p><p><strong>\u00a0\u00a0\u00a0\u00a0\u00a0\u00a0\u00a0\u00a0\u00a0 <u>Session 2<\/u><\/strong><strong>\u00a0: Moyen \u00c2ge (1) <\/strong>(pr\u00e9sidence\u00a0: Fran\u00e7ois Ploton-Nicollet)<\/p><p>\u00a0<\/p><ul><li>15h20-15h40\u00a0: <strong>B<\/strong><strong>aptiste La\u00efd<\/strong> (Universit\u00e9 Paris-Est Cr\u00e9teil), \u00ab\u00a0Les hell\u00e9nismes dans le style herm\u00e9neutique\u00a0: l\u2019exemple du\u00a0<em>Romulus hexam\u00e9trique<\/em>\u00bb<\/li><li>15h40-16h\u00a0: <strong>Brigitte Gauvin<\/strong> (Universit\u00e9 de Caen Normandie), \u00ab\u00a0Latin et grec dans le genre encyclop\u00e9dique de l\u2019Antiquit\u00e9 \u00e0 la Renaissance\u00a0: le cas des zoonymes\u00a0\u00bb<\/li><\/ul><p><strong>\u00a0<\/strong><\/p><p><strong>16h-16h20\u00a0: Discussion<\/strong><\/p><p><strong>\u00a0<\/strong><\/p><p><strong>Visite du Mus\u00e9e des Beaux-Arts (palais et tombeaux des ducs de Bourgogne)<\/strong><\/p><p>\u00a0<\/p><p><strong>D\u00eener libre<\/strong><\/p><p><strong>\u00a0<\/strong><\/p><p><strong><u>Jeudi 9 juin 2022<\/u><\/strong><\/p><p><strong><u>\u00a0<\/u><\/strong><\/p><p><strong>9h30\u00a0: Accueil (caf\u00e9, viennoisieries)<\/strong><\/p><p><strong>\u00a0<\/strong><\/p><p><strong>\u00a0\u00a0\u00a0\u00a0\u00a0\u00a0\u00a0\u00a0\u00a0 <u>Session 3<\/u><\/strong><strong>\u00a0: Moyen \u00c2ge (2) <\/strong>(pr\u00e9sidence\u00a0: Luigi-Alberto Sanchi)<\/p><p><strong>\u00a0<\/strong><\/p><ul><li>10h-10h20\u00a0:<strong> Fran\u00e7ois Ploton-Nicollet <\/strong>(\u00c9cole nationale des chartes), \u00ab\u00a0Savoir parcellaire et objet de prestige: le grec dans les <em>scriptoria <\/em>monastiques occidentaux au Haut Moyen \u00c2ge\u00a0\u00bb<\/li><li>10h20-10h40\u00a0:<strong> Alice Lamy<\/strong> (CPGE, Lyc\u00e9e Montesquieu, Le Mans), \u00ab\u00a0\u0398\u03b5\u1f79\u03c2, \u03c6\u1f7b\u03c3\u03b9\u03c2, \u03b5\u1f36\u03b4\u03bf\u03c2, \u1f55\u03bb\u03b7. Le vocabulaire grec du platonisme cosmologique \u00e0 l\u2019\u00e9preuve du latin m\u00e9di\u00e9val (xi<sup>e<\/sup>-xiii<sup>e<\/sup>si\u00e8cles)\u00a0\u00bb<\/li><li>10h40-11h\u00a0: <strong>Laury Sarti<\/strong> (Universit\u00e9 de Freiburg), \u00ab\u00a0La \u2018\u2018langue des Romains\u2019\u2019. Le discours sur le grec et le latin dans les sources franco-ottoniennes et byzantines\u00a0\u00bb<\/li><\/ul><p>\u00a0<\/p><p><strong>11h-11h20\u00a0: Discussion et pause<\/strong><\/p><p><strong>\u00a0<\/strong><\/p><p><strong>\u00a0\u00a0\u00a0\u00a0\u00a0\u00a0\u00a0\u00a0\u00a0 <u>Session 4<\/u><\/strong><strong><u>\u00a0<\/u><\/strong><strong>: Auteurs pluriels (1) <\/strong>(pr\u00e9sidence\u00a0: Virginie Leroux)<\/p><p><strong>\u00a0<\/strong><\/p><ul><li>11h20-11h40\u00a0: <strong>Martine Furno<\/strong> (IHRIM, ENS Lyon), \u00ab\u00a0D\u2019\u00c9rasme \u00e0 Juste Lipse en passant par Th\u00e9odore de B\u00e8ze\u00a0: enjeux didactiques et culturels des trait\u00e9s de prononciation du latin et du grec au xvi<sup>e<\/sup>si\u00e8cle\u00a0\u00bb<\/li><li>11h40-12h\u00a0: <strong>Lucie Claire<\/strong> (Universit\u00e9 de Picardie Jules Verne), \u00ab\u00a0Lectures humanistes de Denys d\u2019Halicarnasse\u00a0: \u00e0 propos de Thucydide\u00bb<\/li><\/ul><p>\u00a0<\/p><p><strong>12h-12h30\u00a0: Discussion<\/strong><\/p><p><strong>\u00a0<\/strong><\/p><p><strong>12h30\u00a0: D\u00e9jeuner\u00a0\u00e0 \u00ab\u00a0La Cantine\u00a0\u00bb<\/strong><\/p><p><strong>\u00a0<\/strong><\/p><p><strong>\u00a0\u00a0\u00a0\u00a0\u00a0\u00a0\u00a0\u00a0\u00a0 <u>Session 5<\/u><\/strong><strong>\u00a0: Auteurs pluriels (2) <\/strong>(pr\u00e9sidence\u00a0: Martine Furno)<\/p><p><strong>\u00a0<\/strong><\/p><ul><li>14h30-14h50\u00a0: <strong>Sophie Conte <\/strong>(Universit\u00e9 de Reims Champagne-Ardenne), \u00ab\u00a0\u00c9dition et traduction de Jean Chrysostome\u00a0: \u00c9rasme et ses successeurs \u00e0 l\u2019\u00e9poque moderne\u00a0\u00bb<\/li><li>14h50-15h10\u00a0: <strong>Malika Bastin<\/strong>&#8211;<strong>Hammou<\/strong> (Universit\u00e9 Grenoble Alpes),\u00ab\u00a0Parler grec ancien \u00e0 la Renaissance. Les dialogues grecs \u00e0 destination des apprentis hell\u00e9nistes, entre r\u00e9ception et cr\u00e9ation\u00a0\u00bb<\/li><li>15h10-15h30\u00a0: <strong>Laure Hermand-Schebat <\/strong>(Universit\u00e9 Jean Moulin Lyon 3), \u00ab\u00a0Lire T\u00e9rence \u00e0 la Renaissance, avec ou sans le grec\u00a0: de Politien \u00e0 la <em>Triplex<\/em>\u00bb<\/li><\/ul><p><strong>\u00a0<\/strong><\/p><p><strong>15h30-16h\u00a0: Discussion et pause<\/strong><\/p><p><strong>\u00a0<\/strong><\/p><p><strong><u>Session 6<\/u><\/strong><strong>\u00a0: Humanisme du nord (1) <\/strong>(pr\u00e9sidence\u00a0: Estelle Oudot)<\/p><p><strong>\u00a0<\/strong><\/p><ul><li>16h-16h20\u00a0: <strong>Marie-Laure Freyburger<\/strong> (Universit\u00e9 de Haute-Alsace), \u00ab\u00a0La (re)d\u00e9couverte du grec et sa diffusion par les humanistes dans le Rhin Sup\u00e9rieur\u00a0\u00bb<\/li><li>16h20-16h40\u00a0: <strong>James Hirstein<\/strong> (Universit\u00e9 de Strasbourg), \u00ab\u00a0La fin grecque et fran\u00e7aise de l\u2019<em>Histoire d\u2019Allemagne en trois livres <\/em>(1531) de Beatus Rhenanus de S\u00e9lestat\u00a0\u00bb<\/li><li>16h40-17h\u00a0: <strong>Virginie<\/strong> <strong>Leroux<\/strong> (EPHE \u2013 PSL), \u00abHom\u00e8re en latin\u00a0: les\u00a0<em>Icones<\/em> <em>Homericae<\/em>\u00a0 d\u2019Eobanus Hessus (1533)\u00a0\u00bb<\/li><\/ul><p>\u00a0<\/p><p><strong>17h-17h20\u00a0: Discussion<\/strong><\/p><p>\u00a0<\/p><p><strong>20h\u00a0: Banquet du congr\u00e8s <\/strong><\/p><p><strong>\u00a0<\/strong><\/p><p><strong><u>Vendredi 10 juin 2022<\/u><\/strong><\/p><p><strong>\u00a0<\/strong><\/p><p><strong>9h30\u00a0: Accueil (caf\u00e9, viennoiseries)<\/strong><\/p><p><strong>\u00a0<\/strong><\/p><p><strong>\u00a0\u00a0\u00a0\u00a0\u00a0\u00a0\u00a0\u00a0\u00a0 <u>Session 7<\/u><\/strong><strong>\u00a0: Humanisme du nord (2)<\/strong> (pr\u00e9sidence\u00a0: Jean-Louis Charlet)<\/p><p><strong>\u00a0<\/strong><\/p><ul><li>10h-10h20\u00a0: <strong>David Amherdt<\/strong> (Universit\u00e9 de Fribourg), \u00ab\u00a0Le grec au service de l\u2019<em>humanitas<\/em>. Les avantages du grec sur le latin selon Konrad Gessner\u00a0\u00bb<\/li><li>10h20-10h40\u00a0: <strong>\u00c9tienne Wolff<\/strong> (Universit\u00e9 Paris Nanterre), \u00ab\u00a0Aspects du bilinguisme latin-grec d\u2019\u00c9rasme\u00a0\u00bb<\/li><\/ul><p>\u00a0<\/p><p><strong>10h40-11h10\u00a0: Discussion et pause<\/strong><\/p><p><strong>\u00a0<\/strong><\/p><p><strong>\u00a0<\/strong><\/p><p><strong><u>Session 8<\/u><\/strong><strong>\u00a0: Humanisme fran\u00e7ais <\/strong>(pr\u00e9sidence\u00a0: Etienne Wolff)<\/p><p>\u00a0<\/p><ul><li>11h10-11h30\u00a0: <strong>B\u00e9atrice Charlet<\/strong> (Aix-Marseille Universit\u00e9), \u00ab\u00a0Le rapport au grec d\u2019Agrippa et Constant d\u2019Aubign\u00e9\u00a0\u00bb<\/li><li>11h30-11h50\u00a0:<strong> Luigi-Alberto Sanchi<\/strong> (CNRS), \u00ab\u00a0La r\u00e9flexion de Bud\u00e9 sur le grec dans les <em>Commentaires de la langue grecque\u00a0<\/em>\u00bb<\/li><li>11h50-12h10\u00a0: <strong>Anne Bouscharain<\/strong> (CPGE, Lyc\u00e9e Camille Jullian, Bordeaux), \u00ab\u00a0L\u2019\u00e9dition latine des po\u00e8mes de Th\u00e9ognis de M\u00e9gare par \u00c9lie Vinet (Paris, 1543) et la p\u00e9dagogie du grec dans l\u2019humanisme aquitain\u00a0\u00bb<\/li><li>12h10-12h30\u00a0: <strong>Mathieu Ferrand<\/strong> (Universit\u00e9 Grenoble Alpes), \u00ab\u00a0Le choix de la langue dans les spectacles d\u2019\u00e9tudiants \u00e0 Paris (xv<sup>e<\/sup>-xviii<sup>e<\/sup> si\u00e8cles)\u00a0\u00bb<\/li><\/ul><p>\u00a0<\/p><p><strong>12h30-13h\u00a0: Discussion<\/strong><\/p><p><strong>\u00a0<\/strong><\/p><p><strong>D\u00e9jeuner<\/strong> <strong>(buffet \u00e0 la MSH)<\/strong><\/p><p>\u00a0<\/p><p>\u00a0<\/p><p><strong><u>Session 9<\/u><\/strong><strong>\u00a0: Humanisme du sud (1) <\/strong>(pr\u00e9sidence\u00a0: James Hirstein)<\/p><p>\u00a0<\/p><ul><li>14h30-14h50\u00a0: <strong>Thomas Penguilly<\/strong> (Universit\u00e9 de Bretagne Occidentale), \u00ab\u00a0<em>Gr\u00e6c\u00e6 et Roman\u00e6 lingu\u00e6 fretus subsidiis<\/em>. L\u2019hell\u00e9nisme d\u2019Andr\u00e9 Alciat, entre lecture, traduction et cr\u00e9ation\u00a0\u00bb<\/li><li>14h50-15h10\u00a0: <strong>\u00c9milie S\u00e9ris<\/strong> (Sorbonne Universit\u00e9), \u00ab\u00a0<em>Vtraque lingua<\/em>: le latin et le grec, <em>topos <\/em>des\u00a0<em>Elogia uirorum illustrium\u00a0<\/em>de Paul Jove\u00a0\u00bb<\/li><\/ul><p>\u00a0<\/p><p><strong>15h10-15h30\u00a0: Discussion et pause.<\/strong><\/p><p>\u00a0<\/p><p><strong>\u00a0<\/strong><\/p><p><strong><u>Session 10<\/u><\/strong><strong>\u00a0: Humanisme du sud (2) <\/strong>(pr\u00e9sidence\u00a0: Mathieu Ferrand)<\/p><p><strong>\u00a0<\/strong><\/p><ul><li>15h30-15h50\u00a0: <strong>Alejandro Cantarero de Salazar<\/strong> (Universitat Aut\u00f2noma de Barcelona), \u00ab\u00a0La par\u00e9miologie grecque et ses sources latines dans les dialogues de Sebasti\u00e1n Fox Morcillo\u00a0\u00bb<\/li><li>15h50-16h10\u00a0: <strong>Jean-Louis Charlet<\/strong> (Aix-Marseille Universit\u00e9), \u00ab\u00a0Les traductions de citations po\u00e9tiques grecques en vers latins dans le\u00a0<em>Cornu copiae\u00a0<\/em>de Niccol\u00f2 Perotti\u00a0\u00bb<\/li><\/ul><p>\u00a0<\/p><p><strong>\u00a0\u00a0\u00a0\u00a0\u00a0\u00a0\u00a0\u00a0\u00a0 <\/strong><\/p><p><strong>\u00a0\u00a0\u00a0\u00a0\u00a0\u00a0\u00a0\u00a0\u00a0 <u>Session 11 et cl\u00f4ture<\/u>\u00a0: L\u2019humanisme et au-del\u00e0\u2026 <\/strong>(pr\u00e9sidence\u00a0: Jean-Fran\u00e7ois Cottier)<\/p><p><strong>\u00a0<\/strong><\/p><ul><li>16h10-16h30\u00a0: <strong>William Barton<\/strong> (Ludwig Boltzmann Institut, Innsbruck), \u00ab\u00a0Le philhell\u00e9nisme et l\u2019usage du grec ancien au xix<sup>e<\/sup>si\u00e8cle\u00a0: Le journal intime \u2018\u2018secret\u2019\u2019de C.-B. Hase\u00a0\u00bb<\/li><\/ul><p>\u00a0<\/p><p>\u00a0<\/p><p><strong>Discussion et fin du congr\u00e8s<\/strong><\/p><p>\u00a0<\/p><p>\u00a0<\/p><p><strong><u>Samedi 11 juin 2022<\/u><\/strong><\/p><p><strong>\u00a0<\/strong><\/p><p><strong>Visite des Hospices de Beaune<\/strong><\/p><p>\u00a0<\/p><p>D\u00e9part de Dijon 10h (parvis de la gare, d\u00e9part en voiture)<\/p><p>\u00a0<\/p><p>Arriv\u00e9e \u00e0 Beaune vers 10h30<\/p><p>\u00a0<\/p><p>Travers\u00e9e et visite de la ville<\/p><p>\u00a0<\/p><p>Entr\u00e9e aux Hospices 11h30 (visite guid\u00e9e d\u20191h, offerte par le congr\u00e8s)<\/p><p>\u00a0<\/p><p>D\u00e9jeuner libre dans Beaune<\/p><p>\u00a0<\/p><p>Retour \u00e0 Dijon en voiture<\/p><p>\u00a0<\/p><p><strong>\u00a0<\/strong><\/p><p>\u00a0<\/p><p>\u00a0<\/p><p>\u00a0<\/p>\t\t\t\t\t\t\t\t<\/div>\n\t\t\t\t<\/div>\n\t\t\t\t\t<\/div>\n\t\t<\/div>\n\t\t\t\t\t<\/div>\n\t\t<\/section>\n\t\t\t\t<\/div>\n\t\t","protected":false},"excerpt":{"rendered":"<p>Programme du congr\u00e8s Programme du Congr\u00e8s de la SEMEN-L Dijon, 8-11 juin 2022 \u00a0 Mercredi 8 juin 2022 \u00a0 13h\u00a0: Accueil et caf\u00e9 de bienvenue \u00a0 \u00a0\u00a0\u00a0\u00a0\u00a0\u00a0\u00a0\u00a0\u00a0 Session 1\u00a0: Session des doctorants (pr\u00e9sidence\u00a0: Sylvie Laigneau-Fontaine) \u00a0 14h-14h20\u00a0: Marie Jeannot-Tirole (Universit\u00e9 &hellip; <a href=\"https:\/\/www.semen-l.org\/?p=2209\">Continuer la lecture <span class=\"meta-nav\">&rarr;<\/span><\/a><\/p>\n","protected":false},"author":26,"featured_media":2216,"comment_status":"open","ping_status":"open","sticky":false,"template":"","format":"standard","meta":{"footnotes":""},"categories":[11],"tags":[],"class_list":["post-2209","post","type-post","status-publish","format-standard","has-post-thumbnail","hentry","category-congres"],"yoast_head":"<!-- This site is optimized with the Yoast SEO plugin v27.5 - https:\/\/yoast.com\/product\/yoast-seo-wordpress\/ -->\n<title>Sixi\u00e8me congr\u00e8s de la SEMEN-L - Soci\u00e9t\u00e9 d&#039;\u00c9tudes M\u00e9dio Et N\u00e9o-Latines<\/title>\n<meta name=\"robots\" content=\"index, follow, max-snippet:-1, max-image-preview:large, max-video-preview:-1\" \/>\n<link rel=\"canonical\" href=\"https:\/\/www.semen-l.org\/?p=2209\" \/>\n<meta property=\"og:locale\" content=\"fr_FR\" \/>\n<meta property=\"og:type\" content=\"article\" \/>\n<meta property=\"og:title\" content=\"Sixi\u00e8me congr\u00e8s de la SEMEN-L - Soci\u00e9t\u00e9 d&#039;\u00c9tudes M\u00e9dio Et N\u00e9o-Latines\" \/>\n<meta property=\"og:description\" content=\"Programme du congr\u00e8s Programme du Congr\u00e8s de la SEMEN-L Dijon, 8-11 juin 2022 \u00a0 Mercredi 8 juin 2022 \u00a0 13h\u00a0: Accueil et caf\u00e9 de bienvenue \u00a0 \u00a0\u00a0\u00a0\u00a0\u00a0\u00a0\u00a0\u00a0\u00a0 Session 1\u00a0: Session des doctorants (pr\u00e9sidence\u00a0: Sylvie Laigneau-Fontaine) \u00a0 14h-14h20\u00a0: Marie Jeannot-Tirole (Universit\u00e9 &hellip; Continuer la lecture &rarr;\" \/>\n<meta property=\"og:url\" content=\"https:\/\/www.semen-l.org\/?p=2209\" \/>\n<meta property=\"og:site_name\" content=\"Soci\u00e9t\u00e9 d&#039;\u00c9tudes M\u00e9dio Et N\u00e9o-Latines\" \/>\n<meta property=\"article:publisher\" content=\"https:\/\/www.facebook.com\/SEMENL2018\" \/>\n<meta property=\"article:published_time\" content=\"2022-05-05T06:55:28+00:00\" \/>\n<meta property=\"article:modified_time\" content=\"2022-06-05T07:04:00+00:00\" \/>\n<meta property=\"og:image\" content=\"https:\/\/www.semen-l.org\/wp-content\/uploads\/2022\/05\/congres-dijon-scaled.jpg\" \/>\n\t<meta property=\"og:image:width\" content=\"1810\" \/>\n\t<meta property=\"og:image:height\" content=\"2560\" \/>\n\t<meta property=\"og:image:type\" content=\"image\/jpeg\" \/>\n<meta name=\"author\" content=\"Julien Maudoux\" \/>\n<meta name=\"twitter:card\" content=\"summary_large_image\" \/>\n<meta name=\"twitter:label1\" content=\"\u00c9crit par\" \/>\n\t<meta name=\"twitter:data1\" content=\"Julien Maudoux\" \/>\n\t<meta name=\"twitter:label2\" content=\"Dur\u00e9e de lecture estim\u00e9e\" \/>\n\t<meta name=\"twitter:data2\" content=\"5 minutes\" \/>\n<script type=\"application\/ld+json\" class=\"yoast-schema-graph\">{\"@context\":\"https:\\\/\\\/schema.org\",\"@graph\":[{\"@type\":\"Article\",\"@id\":\"https:\\\/\\\/www.semen-l.org\\\/?p=2209#article\",\"isPartOf\":{\"@id\":\"https:\\\/\\\/www.semen-l.org\\\/?p=2209\"},\"author\":{\"name\":\"Julien Maudoux\",\"@id\":\"http:\\\/\\\/www.semen-l.org\\\/#\\\/schema\\\/person\\\/ef5208815f17666727763c5363a51344\"},\"headline\":\"Sixi\u00e8me congr\u00e8s de la SEMEN-L\",\"datePublished\":\"2022-05-05T06:55:28+00:00\",\"dateModified\":\"2022-06-05T07:04:00+00:00\",\"mainEntityOfPage\":{\"@id\":\"https:\\\/\\\/www.semen-l.org\\\/?p=2209\"},\"wordCount\":935,\"commentCount\":0,\"publisher\":{\"@id\":\"http:\\\/\\\/www.semen-l.org\\\/#organization\"},\"image\":{\"@id\":\"https:\\\/\\\/www.semen-l.org\\\/?p=2209#primaryimage\"},\"thumbnailUrl\":\"https:\\\/\\\/www.semen-l.org\\\/wp-content\\\/uploads\\\/2022\\\/05\\\/congres-dijon-scaled.jpg\",\"articleSection\":[\"Congr\u00e8s\"],\"inLanguage\":\"fr-FR\",\"potentialAction\":[{\"@type\":\"CommentAction\",\"name\":\"Comment\",\"target\":[\"https:\\\/\\\/www.semen-l.org\\\/?p=2209#respond\"]}]},{\"@type\":\"WebPage\",\"@id\":\"https:\\\/\\\/www.semen-l.org\\\/?p=2209\",\"url\":\"https:\\\/\\\/www.semen-l.org\\\/?p=2209\",\"name\":\"Sixi\u00e8me congr\u00e8s de la SEMEN-L - Soci\u00e9t\u00e9 d&#039;\u00c9tudes M\u00e9dio Et N\u00e9o-Latines\",\"isPartOf\":{\"@id\":\"http:\\\/\\\/www.semen-l.org\\\/#website\"},\"primaryImageOfPage\":{\"@id\":\"https:\\\/\\\/www.semen-l.org\\\/?p=2209#primaryimage\"},\"image\":{\"@id\":\"https:\\\/\\\/www.semen-l.org\\\/?p=2209#primaryimage\"},\"thumbnailUrl\":\"https:\\\/\\\/www.semen-l.org\\\/wp-content\\\/uploads\\\/2022\\\/05\\\/congres-dijon-scaled.jpg\",\"datePublished\":\"2022-05-05T06:55:28+00:00\",\"dateModified\":\"2022-06-05T07:04:00+00:00\",\"breadcrumb\":{\"@id\":\"https:\\\/\\\/www.semen-l.org\\\/?p=2209#breadcrumb\"},\"inLanguage\":\"fr-FR\",\"potentialAction\":[{\"@type\":\"ReadAction\",\"target\":[\"https:\\\/\\\/www.semen-l.org\\\/?p=2209\"]}]},{\"@type\":\"ImageObject\",\"inLanguage\":\"fr-FR\",\"@id\":\"https:\\\/\\\/www.semen-l.org\\\/?p=2209#primaryimage\",\"url\":\"https:\\\/\\\/www.semen-l.org\\\/wp-content\\\/uploads\\\/2022\\\/05\\\/congres-dijon-scaled.jpg\",\"contentUrl\":\"https:\\\/\\\/www.semen-l.org\\\/wp-content\\\/uploads\\\/2022\\\/05\\\/congres-dijon-scaled.jpg\",\"width\":1810,\"height\":2560},{\"@type\":\"BreadcrumbList\",\"@id\":\"https:\\\/\\\/www.semen-l.org\\\/?p=2209#breadcrumb\",\"itemListElement\":[{\"@type\":\"ListItem\",\"position\":1,\"name\":\"Accueil\",\"item\":\"http:\\\/\\\/www.semen-l.org\\\/\"},{\"@type\":\"ListItem\",\"position\":2,\"name\":\"Sixi\u00e8me congr\u00e8s de la SEMEN-L\"}]},{\"@type\":\"WebSite\",\"@id\":\"http:\\\/\\\/www.semen-l.org\\\/#website\",\"url\":\"http:\\\/\\\/www.semen-l.org\\\/\",\"name\":\"Soci\u00e9t\u00e9 d'\u00c9tudes M\u00e9dio Et N\u00e9o-Latines\",\"description\":\"\",\"publisher\":{\"@id\":\"http:\\\/\\\/www.semen-l.org\\\/#organization\"},\"potentialAction\":[{\"@type\":\"SearchAction\",\"target\":{\"@type\":\"EntryPoint\",\"urlTemplate\":\"http:\\\/\\\/www.semen-l.org\\\/?s={search_term_string}\"},\"query-input\":{\"@type\":\"PropertyValueSpecification\",\"valueRequired\":true,\"valueName\":\"search_term_string\"}}],\"inLanguage\":\"fr-FR\"},{\"@type\":\"Organization\",\"@id\":\"http:\\\/\\\/www.semen-l.org\\\/#organization\",\"name\":\"Soci\u00e9t\u00e9 d'\u00e9tudes m\u00e9dio et n\u00e9o-latines\",\"url\":\"http:\\\/\\\/www.semen-l.org\\\/\",\"logo\":{\"@type\":\"ImageObject\",\"inLanguage\":\"fr-FR\",\"@id\":\"http:\\\/\\\/www.semen-l.org\\\/#\\\/schema\\\/logo\\\/image\\\/\",\"url\":\"http:\\\/\\\/www.semen-l.org\\\/wp-content\\\/uploads\\\/2020\\\/11\\\/logo-semenl.jpg\",\"contentUrl\":\"http:\\\/\\\/www.semen-l.org\\\/wp-content\\\/uploads\\\/2020\\\/11\\\/logo-semenl.jpg\",\"width\":408,\"height\":403,\"caption\":\"Soci\u00e9t\u00e9 d'\u00e9tudes m\u00e9dio et n\u00e9o-latines\"},\"image\":{\"@id\":\"http:\\\/\\\/www.semen-l.org\\\/#\\\/schema\\\/logo\\\/image\\\/\"},\"sameAs\":[\"https:\\\/\\\/www.facebook.com\\\/SEMENL2018\",\"https:\\\/\\\/independent.academia.edu\\\/SocitsdtudesmdioetnolatinesSEMENL\"]},{\"@type\":\"Person\",\"@id\":\"http:\\\/\\\/www.semen-l.org\\\/#\\\/schema\\\/person\\\/ef5208815f17666727763c5363a51344\",\"name\":\"Julien Maudoux\",\"image\":{\"@type\":\"ImageObject\",\"inLanguage\":\"fr-FR\",\"@id\":\"https:\\\/\\\/secure.gravatar.com\\\/avatar\\\/caabf4fb6242e2277733cd35a5c2aa083761ea25dae1d1ff3298b54292225292?s=96&d=mm&r=g\",\"url\":\"https:\\\/\\\/secure.gravatar.com\\\/avatar\\\/caabf4fb6242e2277733cd35a5c2aa083761ea25dae1d1ff3298b54292225292?s=96&d=mm&r=g\",\"contentUrl\":\"https:\\\/\\\/secure.gravatar.com\\\/avatar\\\/caabf4fb6242e2277733cd35a5c2aa083761ea25dae1d1ff3298b54292225292?s=96&d=mm&r=g\",\"caption\":\"Julien Maudoux\"},\"description\":\"Webmestre du site de la SEMEN-L\",\"url\":\"https:\\\/\\\/www.semen-l.org\\\/?author=26\"}]}<\/script>\n<!-- \/ Yoast SEO plugin. -->","yoast_head_json":{"title":"Sixi\u00e8me congr\u00e8s de la SEMEN-L - Soci\u00e9t\u00e9 d&#039;\u00c9tudes M\u00e9dio Et N\u00e9o-Latines","robots":{"index":"index","follow":"follow","max-snippet":"max-snippet:-1","max-image-preview":"max-image-preview:large","max-video-preview":"max-video-preview:-1"},"canonical":"https:\/\/www.semen-l.org\/?p=2209","og_locale":"fr_FR","og_type":"article","og_title":"Sixi\u00e8me congr\u00e8s de la SEMEN-L - Soci\u00e9t\u00e9 d&#039;\u00c9tudes M\u00e9dio Et N\u00e9o-Latines","og_description":"Programme du congr\u00e8s Programme du Congr\u00e8s de la SEMEN-L Dijon, 8-11 juin 2022 \u00a0 Mercredi 8 juin 2022 \u00a0 13h\u00a0: Accueil et caf\u00e9 de bienvenue \u00a0 \u00a0\u00a0\u00a0\u00a0\u00a0\u00a0\u00a0\u00a0\u00a0 Session 1\u00a0: Session des doctorants (pr\u00e9sidence\u00a0: Sylvie Laigneau-Fontaine) \u00a0 14h-14h20\u00a0: Marie Jeannot-Tirole (Universit\u00e9 &hellip; Continuer la lecture &rarr;","og_url":"https:\/\/www.semen-l.org\/?p=2209","og_site_name":"Soci\u00e9t\u00e9 d&#039;\u00c9tudes M\u00e9dio Et N\u00e9o-Latines","article_publisher":"https:\/\/www.facebook.com\/SEMENL2018","article_published_time":"2022-05-05T06:55:28+00:00","article_modified_time":"2022-06-05T07:04:00+00:00","og_image":[{"width":1810,"height":2560,"url":"https:\/\/www.semen-l.org\/wp-content\/uploads\/2022\/05\/congres-dijon-scaled.jpg","type":"image\/jpeg"}],"author":"Julien Maudoux","twitter_card":"summary_large_image","twitter_misc":{"\u00c9crit par":"Julien Maudoux","Dur\u00e9e de lecture estim\u00e9e":"5 minutes"},"schema":{"@context":"https:\/\/schema.org","@graph":[{"@type":"Article","@id":"https:\/\/www.semen-l.org\/?p=2209#article","isPartOf":{"@id":"https:\/\/www.semen-l.org\/?p=2209"},"author":{"name":"Julien Maudoux","@id":"http:\/\/www.semen-l.org\/#\/schema\/person\/ef5208815f17666727763c5363a51344"},"headline":"Sixi\u00e8me congr\u00e8s de la SEMEN-L","datePublished":"2022-05-05T06:55:28+00:00","dateModified":"2022-06-05T07:04:00+00:00","mainEntityOfPage":{"@id":"https:\/\/www.semen-l.org\/?p=2209"},"wordCount":935,"commentCount":0,"publisher":{"@id":"http:\/\/www.semen-l.org\/#organization"},"image":{"@id":"https:\/\/www.semen-l.org\/?p=2209#primaryimage"},"thumbnailUrl":"https:\/\/www.semen-l.org\/wp-content\/uploads\/2022\/05\/congres-dijon-scaled.jpg","articleSection":["Congr\u00e8s"],"inLanguage":"fr-FR","potentialAction":[{"@type":"CommentAction","name":"Comment","target":["https:\/\/www.semen-l.org\/?p=2209#respond"]}]},{"@type":"WebPage","@id":"https:\/\/www.semen-l.org\/?p=2209","url":"https:\/\/www.semen-l.org\/?p=2209","name":"Sixi\u00e8me congr\u00e8s de la SEMEN-L - Soci\u00e9t\u00e9 d&#039;\u00c9tudes M\u00e9dio Et N\u00e9o-Latines","isPartOf":{"@id":"http:\/\/www.semen-l.org\/#website"},"primaryImageOfPage":{"@id":"https:\/\/www.semen-l.org\/?p=2209#primaryimage"},"image":{"@id":"https:\/\/www.semen-l.org\/?p=2209#primaryimage"},"thumbnailUrl":"https:\/\/www.semen-l.org\/wp-content\/uploads\/2022\/05\/congres-dijon-scaled.jpg","datePublished":"2022-05-05T06:55:28+00:00","dateModified":"2022-06-05T07:04:00+00:00","breadcrumb":{"@id":"https:\/\/www.semen-l.org\/?p=2209#breadcrumb"},"inLanguage":"fr-FR","potentialAction":[{"@type":"ReadAction","target":["https:\/\/www.semen-l.org\/?p=2209"]}]},{"@type":"ImageObject","inLanguage":"fr-FR","@id":"https:\/\/www.semen-l.org\/?p=2209#primaryimage","url":"https:\/\/www.semen-l.org\/wp-content\/uploads\/2022\/05\/congres-dijon-scaled.jpg","contentUrl":"https:\/\/www.semen-l.org\/wp-content\/uploads\/2022\/05\/congres-dijon-scaled.jpg","width":1810,"height":2560},{"@type":"BreadcrumbList","@id":"https:\/\/www.semen-l.org\/?p=2209#breadcrumb","itemListElement":[{"@type":"ListItem","position":1,"name":"Accueil","item":"http:\/\/www.semen-l.org\/"},{"@type":"ListItem","position":2,"name":"Sixi\u00e8me congr\u00e8s de la SEMEN-L"}]},{"@type":"WebSite","@id":"http:\/\/www.semen-l.org\/#website","url":"http:\/\/www.semen-l.org\/","name":"Soci\u00e9t\u00e9 d'\u00c9tudes M\u00e9dio Et N\u00e9o-Latines","description":"","publisher":{"@id":"http:\/\/www.semen-l.org\/#organization"},"potentialAction":[{"@type":"SearchAction","target":{"@type":"EntryPoint","urlTemplate":"http:\/\/www.semen-l.org\/?s={search_term_string}"},"query-input":{"@type":"PropertyValueSpecification","valueRequired":true,"valueName":"search_term_string"}}],"inLanguage":"fr-FR"},{"@type":"Organization","@id":"http:\/\/www.semen-l.org\/#organization","name":"Soci\u00e9t\u00e9 d'\u00e9tudes m\u00e9dio et n\u00e9o-latines","url":"http:\/\/www.semen-l.org\/","logo":{"@type":"ImageObject","inLanguage":"fr-FR","@id":"http:\/\/www.semen-l.org\/#\/schema\/logo\/image\/","url":"http:\/\/www.semen-l.org\/wp-content\/uploads\/2020\/11\/logo-semenl.jpg","contentUrl":"http:\/\/www.semen-l.org\/wp-content\/uploads\/2020\/11\/logo-semenl.jpg","width":408,"height":403,"caption":"Soci\u00e9t\u00e9 d'\u00e9tudes m\u00e9dio et n\u00e9o-latines"},"image":{"@id":"http:\/\/www.semen-l.org\/#\/schema\/logo\/image\/"},"sameAs":["https:\/\/www.facebook.com\/SEMENL2018","https:\/\/independent.academia.edu\/SocitsdtudesmdioetnolatinesSEMENL"]},{"@type":"Person","@id":"http:\/\/www.semen-l.org\/#\/schema\/person\/ef5208815f17666727763c5363a51344","name":"Julien Maudoux","image":{"@type":"ImageObject","inLanguage":"fr-FR","@id":"https:\/\/secure.gravatar.com\/avatar\/caabf4fb6242e2277733cd35a5c2aa083761ea25dae1d1ff3298b54292225292?s=96&d=mm&r=g","url":"https:\/\/secure.gravatar.com\/avatar\/caabf4fb6242e2277733cd35a5c2aa083761ea25dae1d1ff3298b54292225292?s=96&d=mm&r=g","contentUrl":"https:\/\/secure.gravatar.com\/avatar\/caabf4fb6242e2277733cd35a5c2aa083761ea25dae1d1ff3298b54292225292?s=96&d=mm&r=g","caption":"Julien Maudoux"},"description":"Webmestre du site de la SEMEN-L","url":"https:\/\/www.semen-l.org\/?author=26"}]}},"jetpack_featured_media_url":"https:\/\/www.semen-l.org\/wp-content\/uploads\/2022\/05\/congres-dijon-scaled.jpg","_links":{"self":[{"href":"https:\/\/www.semen-l.org\/index.php?rest_route=\/wp\/v2\/posts\/2209","targetHints":{"allow":["GET"]}}],"collection":[{"href":"https:\/\/www.semen-l.org\/index.php?rest_route=\/wp\/v2\/posts"}],"about":[{"href":"https:\/\/www.semen-l.org\/index.php?rest_route=\/wp\/v2\/types\/post"}],"author":[{"embeddable":true,"href":"https:\/\/www.semen-l.org\/index.php?rest_route=\/wp\/v2\/users\/26"}],"replies":[{"embeddable":true,"href":"https:\/\/www.semen-l.org\/index.php?rest_route=%2Fwp%2Fv2%2Fcomments&post=2209"}],"version-history":[{"count":0,"href":"https:\/\/www.semen-l.org\/index.php?rest_route=\/wp\/v2\/posts\/2209\/revisions"}],"wp:featuredmedia":[{"embeddable":true,"href":"https:\/\/www.semen-l.org\/index.php?rest_route=\/wp\/v2\/media\/2216"}],"wp:attachment":[{"href":"https:\/\/www.semen-l.org\/index.php?rest_route=%2Fwp%2Fv2%2Fmedia&parent=2209"}],"wp:term":[{"taxonomy":"category","embeddable":true,"href":"https:\/\/www.semen-l.org\/index.php?rest_route=%2Fwp%2Fv2%2Fcategories&post=2209"},{"taxonomy":"post_tag","embeddable":true,"href":"https:\/\/www.semen-l.org\/index.php?rest_route=%2Fwp%2Fv2%2Ftags&post=2209"}],"curies":[{"name":"wp","href":"https:\/\/api.w.org\/{rel}","templated":true}]}}