{"id":2191,"date":"2022-05-03T19:08:36","date_gmt":"2022-05-03T19:08:36","guid":{"rendered":"https:\/\/www.semen-l.org\/?p=2191"},"modified":"2022-06-03T19:16:21","modified_gmt":"2022-06-03T19:16:21","slug":"colloque-metaphysica-paupera-la-speculation-metaphysique-humaniste-xive-xvie-siecles-tours","status":"publish","type":"post","link":"https:\/\/www.semen-l.org\/?p=2191","title":{"rendered":"Colloque Metaphysica Paupera. La sp\u00e9culation m\u00e9taphysique humaniste (XIVe-XVIe si\u00e8cles) &#8211; Tours"},"content":{"rendered":"<p><a href=\"http:\/\/www.semen-l.org\/wp-content\/uploads\/2022\/05\/AFF-COLL-METAPHYSICA-5.pdf\"><img fetchpriority=\"high\" decoding=\"async\" class=\"alignright wp-image-2192\" src=\"http:\/\/www.semen-l.org\/wp-content\/uploads\/2022\/06\/affiche-metaphysica-paupera-222x300.jpg\" alt=\"\" width=\"322\" height=\"429\" \/><\/a><\/p>\n<p>Colloque Metaphysica Paupera. La sp\u00e9culation m\u00e9taphysique humaniste (XIVe-XVIe si\u00e8cles) &#8211; Tours<\/p>\n<p>15-17 juin 2022<br \/>\nTours, CESR &#8211; Salle Rapin<br \/>\n&amp; en distanciel<\/p>\n<p><a href=\"https:\/\/teams.microsoft.com\/l\/meetup-join\/19%3ameeting_Y2U5MGI3OTYtYWQ4MS00ZjgwLTg5ZjUtYTFkMDVlODNlN2Vl%40thread.v2\/0?context=%7b%22Tid%22%3a%2216150599-ebb0-4fcf-94a5-6010823c7bd5%22%2c%22Oid%22%3a%22eea9ef95-f471-4a0d-83f4-4648a6db6157%22%7d\">Lien de connexion<\/a><\/p>\n<p>organis\u00e9 par<br \/>\nFosca Mariani Zini<br \/>\n&amp; Christian Trottmann<br \/>\n(CESR , Universit\u00e9 de Tours)<\/p>\n<p>Contact &#8211; Marie-Laure Masquilier<br \/>\nmarie-laure.masquilier@univ-tours.fr<\/p>\n<p>Programme :<\/p>\n<a href=\"https:\/\/www.semen-l.org\/wp-content\/uploads\/2022\/05\/PROG-COLL-METAPHYSICA-WEB-1.pdf\" class=\"pdfemb-viewer\" style=\"\" data-width=\"max\" data-height=\"max\" data-toolbar=\"both\" data-toolbar-fixed=\"off\">PROG-COLL-METAPHYSICA-WEB (1)<\/a>\n<p>Version texte :<\/p>\n<p><strong>Mercredi 15 juin 2022<\/strong><\/p>\n<p><strong>14h15\u00a0\u00a0\u00a0 Introduction<\/strong><\/p>\n<h5><em>I &#8211; Arts et philosophie<\/em><\/h5>\n<p><em>Pr\u00e9sidente de s\u00e9ance : Annarita Angiolini<\/em><\/p>\n<p><strong>14h15\u00a0\u00a0\u00a0 Amalia Salvestrini <\/strong>&#8211; LEM, Paris\/Universit\u00e9 de Turin <em>L\u2019eredit\u00e0 francescana nel Rinascimento: intorno a Giotto e ai post-giotteschi<\/em><\/p>\n<p><strong>15h15<\/strong><strong>\u00a0\u00a0\u00a0\u00a0\u00a0 Pierre Caye <\/strong>&#8211; Paris, CNRS, Centre Jean P\u00e9pin, UMR 8230 <em>Richesse et pauvret\u00e9 philosophiques de la th\u00e9orie de l\u2019art \u00e0 la Renaissance<\/em><\/p>\n<p><strong>16h15\u00a0\u00a0\u00a0 Pause caf\u00e9<\/strong><\/p>\n<p><strong>16h30\u00a0\u00a0\u00a0 \u00c9milie S\u00e9ris <\/strong>&#8211; Universit\u00e9 Sorbonne &#8211; Le nu \u00e0 la Renaissance : d\u00e9voilement du monde et r\u00e9v\u00e9lation de la dignit\u00e9 humaine<\/p>\n<p><strong>17h30\u00a0\u00a0\u00a0 <\/strong>[<em>vid\u00e9o<\/em>] <strong>Florence Bistagne <\/strong>&#8211; Universit\u00e9 d\u2019Avignon\/CESR UMR 7323 &#8211; L\u2019\u00e9loge du luxe dans la litt\u00e9rature de la Renaissance<\/p>\n<h2>Jeudi\u00a016 juin 2022<\/h2>\n<p><em>II &#8211; MetAphysicA<\/em><\/p>\n<p>Pr\u00e9sident de s\u00e9ance : Fabio Seller<\/p>\n<p>9h15\u00a0\u00a0\u00a0 Annarita Angelini &#8211; Universit\u00e9 Alma Mater, Bologne &#8211; Metafisica e metamatematica in Cusano<\/p>\n<p>10h15\u00a0 Pause caf\u00e9<\/p>\n<p>10h30 Luca Barzelli &#8211; KU Leuven, De Wulf- Mansion Centre for Ancient, Medieval and Renaissance Philosophy &#8211; Al tramonto delle metafisiche classiche: il De ente et uno di Pico della Mirandola<\/p>\n<p>11h30\u00a0 Gianni Paganini &#8211; Universit\u00e9 du Pi\u00e9mont Oriental &#8211; \u00ab Riche ou pauvre ? \u00bb La m\u00e9taphysique des essences de Valla \u00e0 Hobbes<\/p>\n<p><em>III &#8211; MetAphysicA<\/em><\/p>\n<p>Pr\u00e9sidente de s\u00e9ance : Andrea Robiglio<\/p>\n<p>14h30\u00a0 Christian Trottmann &#8211; CESR, Universit\u00e9 de Tours &#8211; Richesses et pauvret\u00e9s d\u2019une des premi\u00e8res m\u00e9taphysiques fran\u00e7aises : consid\u00e9rations sur le Premier et le Second Curieux de Pontus de Tyard<\/p>\n<p>15h30\u00a0 Pause caf\u00e9<\/p>\n<p>15h45\u00a0 Paolo Ponzio &#8211; Universit\u00e9 Alma Mater de Bologne &#8211; \u201cUtrum physiologia sit prima philosophia\u201d: metafisica e scienze nel pensiero di Tommaso Campanella<\/p>\n<p>16h45\u00a0 Fosca Mariani Zini &#8211; CESR 7323 &#8211; M\u00e9taphysique et argumentation. Mis\u00e8re et noblesse de la dialectique (XV-XVI)<\/p>\n<p><strong>Vendredi 17 juin 2022<\/strong><\/p>\n<p><em>IV &#8211; exp\u00e9rience<\/em><\/p>\n<p>Pr\u00e9sident de s\u00e9ance: Paolo Ponzio<\/p>\n<p>9h\u00a0\u00a0\u00a0\u00a0\u00a0\u00a0\u00a0 Fabio Seller &#8211; Universit\u00e9 Federico II, Naples &#8211; Indigenza dell\u2019uomo e valore della religione in Tommaso Campanella<\/p>\n<p>10h\u00a0\u00a0\u00a0\u00a0\u00a0 Pause caf\u00e9<\/p>\n<p>10h15\u00a0 Fabrizio Meroi &#8211; Universit\u00e9 de Trento &#8211; Sogno e filosofia in Gianbattista Alberti<\/p>\n<p>11h15\u00a0 Simonetta Bassi &#8211; Universit\u00e9 de Pise &#8211; Ipotesi o realt\u00e0? Su alcune letture della prefazione di Osiander al de Revolutionibus<\/p>\n<p><em>V &#8211; exp\u00e9rience<\/em><\/p>\n<p>Pr\u00e9sidente de s\u00e9ance : \u00c9milie S\u00e9ris<\/p>\n<p>13h30\u00a0 Andrea Robiglio &#8211; KU Leuven, De Wulf &#8211; Mansion Centre for Ancient, Medieval and Renaissance Philosophy &#8211; \u00ab Quand je suis faible, c\u2019est alors que je suis fort \u00bb. Autour de la pens\u00e9e faible au d\u00e9but du XIVe si\u00e8cle<\/p>\n<p>14h30\u00a0 Sara Taglialatela &#8211; Marie Curie Fellow- Universit\u00e9 de Copenhagen &#8211; Bruno et Melanchthon sur la m\u00e9moire<\/p>\n","protected":false},"excerpt":{"rendered":"<p>Colloque Metaphysica Paupera. La sp\u00e9culation m\u00e9taphysique humaniste (XIVe-XVIe si\u00e8cles) &#8211; Tours 15-17 juin 2022 Tours, CESR &#8211; Salle Rapin &amp; en distanciel Lien de connexion organis\u00e9 par Fosca Mariani Zini &amp; Christian Trottmann (CESR , Universit\u00e9 de Tours) Contact &#8211; &hellip; <a href=\"https:\/\/www.semen-l.org\/?p=2191\">Continuer la lecture <span class=\"meta-nav\">&rarr;<\/span><\/a><\/p>\n","protected":false},"author":26,"featured_media":2192,"comment_status":"open","ping_status":"open","sticky":false,"template":"","format":"standard","meta":{"footnotes":""},"categories":[4],"tags":[],"class_list":["post-2191","post","type-post","status-publish","format-standard","has-post-thumbnail","hentry","category-colloques"],"yoast_head":"<!-- This site is optimized with the Yoast SEO plugin v27.5 - https:\/\/yoast.com\/product\/yoast-seo-wordpress\/ -->\n<title>Colloque Metaphysica Paupera. La sp\u00e9culation m\u00e9taphysique humaniste (XIVe-XVIe si\u00e8cles) - Tours - Soci\u00e9t\u00e9 d&#039;\u00c9tudes M\u00e9dio Et N\u00e9o-Latines<\/title>\n<meta name=\"robots\" content=\"index, follow, max-snippet:-1, max-image-preview:large, max-video-preview:-1\" \/>\n<link rel=\"canonical\" href=\"https:\/\/www.semen-l.org\/?p=2191\" \/>\n<meta property=\"og:locale\" content=\"fr_FR\" \/>\n<meta property=\"og:type\" content=\"article\" \/>\n<meta property=\"og:title\" content=\"Colloque Metaphysica Paupera. La sp\u00e9culation m\u00e9taphysique humaniste (XIVe-XVIe si\u00e8cles) - Tours - Soci\u00e9t\u00e9 d&#039;\u00c9tudes M\u00e9dio Et N\u00e9o-Latines\" \/>\n<meta property=\"og:description\" content=\"Colloque Metaphysica Paupera. La sp\u00e9culation m\u00e9taphysique humaniste (XIVe-XVIe si\u00e8cles) &#8211; Tours 15-17 juin 2022 Tours, CESR &#8211; Salle Rapin &amp; en distanciel Lien de connexion organis\u00e9 par Fosca Mariani Zini &amp; Christian Trottmann (CESR , Universit\u00e9 de Tours) Contact &#8211; &hellip; Continuer la lecture &rarr;\" \/>\n<meta property=\"og:url\" content=\"https:\/\/www.semen-l.org\/?p=2191\" \/>\n<meta property=\"og:site_name\" content=\"Soci\u00e9t\u00e9 d&#039;\u00c9tudes M\u00e9dio Et N\u00e9o-Latines\" \/>\n<meta property=\"article:publisher\" content=\"https:\/\/www.facebook.com\/SEMENL2018\" \/>\n<meta property=\"article:published_time\" content=\"2022-05-03T19:08:36+00:00\" \/>\n<meta property=\"article:modified_time\" content=\"2022-06-03T19:16:21+00:00\" \/>\n<meta property=\"og:image\" content=\"https:\/\/www.semen-l.org\/wp-content\/uploads\/2022\/06\/affiche-metaphysica-paupera.jpg\" \/>\n\t<meta property=\"og:image:width\" content=\"578\" \/>\n\t<meta property=\"og:image:height\" content=\"780\" \/>\n\t<meta property=\"og:image:type\" content=\"image\/jpeg\" \/>\n<meta name=\"author\" content=\"Julien Maudoux\" \/>\n<meta name=\"twitter:card\" content=\"summary_large_image\" \/>\n<meta name=\"twitter:label1\" content=\"\u00c9crit par\" \/>\n\t<meta name=\"twitter:data1\" content=\"Julien Maudoux\" \/>\n\t<meta name=\"twitter:label2\" content=\"Dur\u00e9e de lecture estim\u00e9e\" \/>\n\t<meta name=\"twitter:data2\" content=\"1 minute\" \/>\n<script type=\"application\/ld+json\" class=\"yoast-schema-graph\">{\"@context\":\"https:\\\/\\\/schema.org\",\"@graph\":[{\"@type\":\"Article\",\"@id\":\"https:\\\/\\\/www.semen-l.org\\\/?p=2191#article\",\"isPartOf\":{\"@id\":\"https:\\\/\\\/www.semen-l.org\\\/?p=2191\"},\"author\":{\"name\":\"Julien Maudoux\",\"@id\":\"http:\\\/\\\/www.semen-l.org\\\/#\\\/schema\\\/person\\\/ef5208815f17666727763c5363a51344\"},\"headline\":\"Colloque Metaphysica Paupera. La sp\u00e9culation m\u00e9taphysique humaniste (XIVe-XVIe si\u00e8cles) &#8211; Tours\",\"datePublished\":\"2022-05-03T19:08:36+00:00\",\"dateModified\":\"2022-06-03T19:16:21+00:00\",\"mainEntityOfPage\":{\"@id\":\"https:\\\/\\\/www.semen-l.org\\\/?p=2191\"},\"wordCount\":499,\"commentCount\":0,\"publisher\":{\"@id\":\"http:\\\/\\\/www.semen-l.org\\\/#organization\"},\"image\":{\"@id\":\"https:\\\/\\\/www.semen-l.org\\\/?p=2191#primaryimage\"},\"thumbnailUrl\":\"https:\\\/\\\/www.semen-l.org\\\/wp-content\\\/uploads\\\/2022\\\/06\\\/affiche-metaphysica-paupera.jpg\",\"articleSection\":[\"Colloques\"],\"inLanguage\":\"fr-FR\",\"potentialAction\":[{\"@type\":\"CommentAction\",\"name\":\"Comment\",\"target\":[\"https:\\\/\\\/www.semen-l.org\\\/?p=2191#respond\"]}]},{\"@type\":\"WebPage\",\"@id\":\"https:\\\/\\\/www.semen-l.org\\\/?p=2191\",\"url\":\"https:\\\/\\\/www.semen-l.org\\\/?p=2191\",\"name\":\"Colloque Metaphysica Paupera. La sp\u00e9culation m\u00e9taphysique humaniste (XIVe-XVIe si\u00e8cles) - Tours - Soci\u00e9t\u00e9 d&#039;\u00c9tudes M\u00e9dio Et N\u00e9o-Latines\",\"isPartOf\":{\"@id\":\"http:\\\/\\\/www.semen-l.org\\\/#website\"},\"primaryImageOfPage\":{\"@id\":\"https:\\\/\\\/www.semen-l.org\\\/?p=2191#primaryimage\"},\"image\":{\"@id\":\"https:\\\/\\\/www.semen-l.org\\\/?p=2191#primaryimage\"},\"thumbnailUrl\":\"https:\\\/\\\/www.semen-l.org\\\/wp-content\\\/uploads\\\/2022\\\/06\\\/affiche-metaphysica-paupera.jpg\",\"datePublished\":\"2022-05-03T19:08:36+00:00\",\"dateModified\":\"2022-06-03T19:16:21+00:00\",\"breadcrumb\":{\"@id\":\"https:\\\/\\\/www.semen-l.org\\\/?p=2191#breadcrumb\"},\"inLanguage\":\"fr-FR\",\"potentialAction\":[{\"@type\":\"ReadAction\",\"target\":[\"https:\\\/\\\/www.semen-l.org\\\/?p=2191\"]}]},{\"@type\":\"ImageObject\",\"inLanguage\":\"fr-FR\",\"@id\":\"https:\\\/\\\/www.semen-l.org\\\/?p=2191#primaryimage\",\"url\":\"https:\\\/\\\/www.semen-l.org\\\/wp-content\\\/uploads\\\/2022\\\/06\\\/affiche-metaphysica-paupera.jpg\",\"contentUrl\":\"https:\\\/\\\/www.semen-l.org\\\/wp-content\\\/uploads\\\/2022\\\/06\\\/affiche-metaphysica-paupera.jpg\",\"width\":578,\"height\":780},{\"@type\":\"BreadcrumbList\",\"@id\":\"https:\\\/\\\/www.semen-l.org\\\/?p=2191#breadcrumb\",\"itemListElement\":[{\"@type\":\"ListItem\",\"position\":1,\"name\":\"Accueil\",\"item\":\"http:\\\/\\\/www.semen-l.org\\\/\"},{\"@type\":\"ListItem\",\"position\":2,\"name\":\"Colloque Metaphysica Paupera. La sp\u00e9culation m\u00e9taphysique humaniste (XIVe-XVIe si\u00e8cles) &#8211; Tours\"}]},{\"@type\":\"WebSite\",\"@id\":\"http:\\\/\\\/www.semen-l.org\\\/#website\",\"url\":\"http:\\\/\\\/www.semen-l.org\\\/\",\"name\":\"Soci\u00e9t\u00e9 d'\u00c9tudes M\u00e9dio Et N\u00e9o-Latines\",\"description\":\"\",\"publisher\":{\"@id\":\"http:\\\/\\\/www.semen-l.org\\\/#organization\"},\"potentialAction\":[{\"@type\":\"SearchAction\",\"target\":{\"@type\":\"EntryPoint\",\"urlTemplate\":\"http:\\\/\\\/www.semen-l.org\\\/?s={search_term_string}\"},\"query-input\":{\"@type\":\"PropertyValueSpecification\",\"valueRequired\":true,\"valueName\":\"search_term_string\"}}],\"inLanguage\":\"fr-FR\"},{\"@type\":\"Organization\",\"@id\":\"http:\\\/\\\/www.semen-l.org\\\/#organization\",\"name\":\"Soci\u00e9t\u00e9 d'\u00e9tudes m\u00e9dio et n\u00e9o-latines\",\"url\":\"http:\\\/\\\/www.semen-l.org\\\/\",\"logo\":{\"@type\":\"ImageObject\",\"inLanguage\":\"fr-FR\",\"@id\":\"http:\\\/\\\/www.semen-l.org\\\/#\\\/schema\\\/logo\\\/image\\\/\",\"url\":\"http:\\\/\\\/www.semen-l.org\\\/wp-content\\\/uploads\\\/2020\\\/11\\\/logo-semenl.jpg\",\"contentUrl\":\"http:\\\/\\\/www.semen-l.org\\\/wp-content\\\/uploads\\\/2020\\\/11\\\/logo-semenl.jpg\",\"width\":408,\"height\":403,\"caption\":\"Soci\u00e9t\u00e9 d'\u00e9tudes m\u00e9dio et n\u00e9o-latines\"},\"image\":{\"@id\":\"http:\\\/\\\/www.semen-l.org\\\/#\\\/schema\\\/logo\\\/image\\\/\"},\"sameAs\":[\"https:\\\/\\\/www.facebook.com\\\/SEMENL2018\",\"https:\\\/\\\/independent.academia.edu\\\/SocitsdtudesmdioetnolatinesSEMENL\"]},{\"@type\":\"Person\",\"@id\":\"http:\\\/\\\/www.semen-l.org\\\/#\\\/schema\\\/person\\\/ef5208815f17666727763c5363a51344\",\"name\":\"Julien Maudoux\",\"image\":{\"@type\":\"ImageObject\",\"inLanguage\":\"fr-FR\",\"@id\":\"https:\\\/\\\/secure.gravatar.com\\\/avatar\\\/caabf4fb6242e2277733cd35a5c2aa083761ea25dae1d1ff3298b54292225292?s=96&d=mm&r=g\",\"url\":\"https:\\\/\\\/secure.gravatar.com\\\/avatar\\\/caabf4fb6242e2277733cd35a5c2aa083761ea25dae1d1ff3298b54292225292?s=96&d=mm&r=g\",\"contentUrl\":\"https:\\\/\\\/secure.gravatar.com\\\/avatar\\\/caabf4fb6242e2277733cd35a5c2aa083761ea25dae1d1ff3298b54292225292?s=96&d=mm&r=g\",\"caption\":\"Julien Maudoux\"},\"description\":\"Webmestre du site de la SEMEN-L\",\"url\":\"https:\\\/\\\/www.semen-l.org\\\/?author=26\"}]}<\/script>\n<!-- \/ Yoast SEO plugin. -->","yoast_head_json":{"title":"Colloque Metaphysica Paupera. La sp\u00e9culation m\u00e9taphysique humaniste (XIVe-XVIe si\u00e8cles) - Tours - Soci\u00e9t\u00e9 d&#039;\u00c9tudes M\u00e9dio Et N\u00e9o-Latines","robots":{"index":"index","follow":"follow","max-snippet":"max-snippet:-1","max-image-preview":"max-image-preview:large","max-video-preview":"max-video-preview:-1"},"canonical":"https:\/\/www.semen-l.org\/?p=2191","og_locale":"fr_FR","og_type":"article","og_title":"Colloque Metaphysica Paupera. La sp\u00e9culation m\u00e9taphysique humaniste (XIVe-XVIe si\u00e8cles) - Tours - Soci\u00e9t\u00e9 d&#039;\u00c9tudes M\u00e9dio Et N\u00e9o-Latines","og_description":"Colloque Metaphysica Paupera. La sp\u00e9culation m\u00e9taphysique humaniste (XIVe-XVIe si\u00e8cles) &#8211; Tours 15-17 juin 2022 Tours, CESR &#8211; Salle Rapin &amp; en distanciel Lien de connexion organis\u00e9 par Fosca Mariani Zini &amp; Christian Trottmann (CESR , Universit\u00e9 de Tours) Contact &#8211; &hellip; Continuer la lecture &rarr;","og_url":"https:\/\/www.semen-l.org\/?p=2191","og_site_name":"Soci\u00e9t\u00e9 d&#039;\u00c9tudes M\u00e9dio Et N\u00e9o-Latines","article_publisher":"https:\/\/www.facebook.com\/SEMENL2018","article_published_time":"2022-05-03T19:08:36+00:00","article_modified_time":"2022-06-03T19:16:21+00:00","og_image":[{"width":578,"height":780,"url":"https:\/\/www.semen-l.org\/wp-content\/uploads\/2022\/06\/affiche-metaphysica-paupera.jpg","type":"image\/jpeg"}],"author":"Julien Maudoux","twitter_card":"summary_large_image","twitter_misc":{"\u00c9crit par":"Julien Maudoux","Dur\u00e9e de lecture estim\u00e9e":"1 minute"},"schema":{"@context":"https:\/\/schema.org","@graph":[{"@type":"Article","@id":"https:\/\/www.semen-l.org\/?p=2191#article","isPartOf":{"@id":"https:\/\/www.semen-l.org\/?p=2191"},"author":{"name":"Julien Maudoux","@id":"http:\/\/www.semen-l.org\/#\/schema\/person\/ef5208815f17666727763c5363a51344"},"headline":"Colloque Metaphysica Paupera. La sp\u00e9culation m\u00e9taphysique humaniste (XIVe-XVIe si\u00e8cles) &#8211; Tours","datePublished":"2022-05-03T19:08:36+00:00","dateModified":"2022-06-03T19:16:21+00:00","mainEntityOfPage":{"@id":"https:\/\/www.semen-l.org\/?p=2191"},"wordCount":499,"commentCount":0,"publisher":{"@id":"http:\/\/www.semen-l.org\/#organization"},"image":{"@id":"https:\/\/www.semen-l.org\/?p=2191#primaryimage"},"thumbnailUrl":"https:\/\/www.semen-l.org\/wp-content\/uploads\/2022\/06\/affiche-metaphysica-paupera.jpg","articleSection":["Colloques"],"inLanguage":"fr-FR","potentialAction":[{"@type":"CommentAction","name":"Comment","target":["https:\/\/www.semen-l.org\/?p=2191#respond"]}]},{"@type":"WebPage","@id":"https:\/\/www.semen-l.org\/?p=2191","url":"https:\/\/www.semen-l.org\/?p=2191","name":"Colloque Metaphysica Paupera. La sp\u00e9culation m\u00e9taphysique humaniste (XIVe-XVIe si\u00e8cles) - Tours - Soci\u00e9t\u00e9 d&#039;\u00c9tudes M\u00e9dio Et N\u00e9o-Latines","isPartOf":{"@id":"http:\/\/www.semen-l.org\/#website"},"primaryImageOfPage":{"@id":"https:\/\/www.semen-l.org\/?p=2191#primaryimage"},"image":{"@id":"https:\/\/www.semen-l.org\/?p=2191#primaryimage"},"thumbnailUrl":"https:\/\/www.semen-l.org\/wp-content\/uploads\/2022\/06\/affiche-metaphysica-paupera.jpg","datePublished":"2022-05-03T19:08:36+00:00","dateModified":"2022-06-03T19:16:21+00:00","breadcrumb":{"@id":"https:\/\/www.semen-l.org\/?p=2191#breadcrumb"},"inLanguage":"fr-FR","potentialAction":[{"@type":"ReadAction","target":["https:\/\/www.semen-l.org\/?p=2191"]}]},{"@type":"ImageObject","inLanguage":"fr-FR","@id":"https:\/\/www.semen-l.org\/?p=2191#primaryimage","url":"https:\/\/www.semen-l.org\/wp-content\/uploads\/2022\/06\/affiche-metaphysica-paupera.jpg","contentUrl":"https:\/\/www.semen-l.org\/wp-content\/uploads\/2022\/06\/affiche-metaphysica-paupera.jpg","width":578,"height":780},{"@type":"BreadcrumbList","@id":"https:\/\/www.semen-l.org\/?p=2191#breadcrumb","itemListElement":[{"@type":"ListItem","position":1,"name":"Accueil","item":"http:\/\/www.semen-l.org\/"},{"@type":"ListItem","position":2,"name":"Colloque Metaphysica Paupera. La sp\u00e9culation m\u00e9taphysique humaniste (XIVe-XVIe si\u00e8cles) &#8211; Tours"}]},{"@type":"WebSite","@id":"http:\/\/www.semen-l.org\/#website","url":"http:\/\/www.semen-l.org\/","name":"Soci\u00e9t\u00e9 d'\u00c9tudes M\u00e9dio Et N\u00e9o-Latines","description":"","publisher":{"@id":"http:\/\/www.semen-l.org\/#organization"},"potentialAction":[{"@type":"SearchAction","target":{"@type":"EntryPoint","urlTemplate":"http:\/\/www.semen-l.org\/?s={search_term_string}"},"query-input":{"@type":"PropertyValueSpecification","valueRequired":true,"valueName":"search_term_string"}}],"inLanguage":"fr-FR"},{"@type":"Organization","@id":"http:\/\/www.semen-l.org\/#organization","name":"Soci\u00e9t\u00e9 d'\u00e9tudes m\u00e9dio et n\u00e9o-latines","url":"http:\/\/www.semen-l.org\/","logo":{"@type":"ImageObject","inLanguage":"fr-FR","@id":"http:\/\/www.semen-l.org\/#\/schema\/logo\/image\/","url":"http:\/\/www.semen-l.org\/wp-content\/uploads\/2020\/11\/logo-semenl.jpg","contentUrl":"http:\/\/www.semen-l.org\/wp-content\/uploads\/2020\/11\/logo-semenl.jpg","width":408,"height":403,"caption":"Soci\u00e9t\u00e9 d'\u00e9tudes m\u00e9dio et n\u00e9o-latines"},"image":{"@id":"http:\/\/www.semen-l.org\/#\/schema\/logo\/image\/"},"sameAs":["https:\/\/www.facebook.com\/SEMENL2018","https:\/\/independent.academia.edu\/SocitsdtudesmdioetnolatinesSEMENL"]},{"@type":"Person","@id":"http:\/\/www.semen-l.org\/#\/schema\/person\/ef5208815f17666727763c5363a51344","name":"Julien Maudoux","image":{"@type":"ImageObject","inLanguage":"fr-FR","@id":"https:\/\/secure.gravatar.com\/avatar\/caabf4fb6242e2277733cd35a5c2aa083761ea25dae1d1ff3298b54292225292?s=96&d=mm&r=g","url":"https:\/\/secure.gravatar.com\/avatar\/caabf4fb6242e2277733cd35a5c2aa083761ea25dae1d1ff3298b54292225292?s=96&d=mm&r=g","contentUrl":"https:\/\/secure.gravatar.com\/avatar\/caabf4fb6242e2277733cd35a5c2aa083761ea25dae1d1ff3298b54292225292?s=96&d=mm&r=g","caption":"Julien Maudoux"},"description":"Webmestre du site de la SEMEN-L","url":"https:\/\/www.semen-l.org\/?author=26"}]}},"jetpack_featured_media_url":"https:\/\/www.semen-l.org\/wp-content\/uploads\/2022\/06\/affiche-metaphysica-paupera.jpg","_links":{"self":[{"href":"https:\/\/www.semen-l.org\/index.php?rest_route=\/wp\/v2\/posts\/2191","targetHints":{"allow":["GET"]}}],"collection":[{"href":"https:\/\/www.semen-l.org\/index.php?rest_route=\/wp\/v2\/posts"}],"about":[{"href":"https:\/\/www.semen-l.org\/index.php?rest_route=\/wp\/v2\/types\/post"}],"author":[{"embeddable":true,"href":"https:\/\/www.semen-l.org\/index.php?rest_route=\/wp\/v2\/users\/26"}],"replies":[{"embeddable":true,"href":"https:\/\/www.semen-l.org\/index.php?rest_route=%2Fwp%2Fv2%2Fcomments&post=2191"}],"version-history":[{"count":0,"href":"https:\/\/www.semen-l.org\/index.php?rest_route=\/wp\/v2\/posts\/2191\/revisions"}],"wp:featuredmedia":[{"embeddable":true,"href":"https:\/\/www.semen-l.org\/index.php?rest_route=\/wp\/v2\/media\/2192"}],"wp:attachment":[{"href":"https:\/\/www.semen-l.org\/index.php?rest_route=%2Fwp%2Fv2%2Fmedia&parent=2191"}],"wp:term":[{"taxonomy":"category","embeddable":true,"href":"https:\/\/www.semen-l.org\/index.php?rest_route=%2Fwp%2Fv2%2Fcategories&post=2191"},{"taxonomy":"post_tag","embeddable":true,"href":"https:\/\/www.semen-l.org\/index.php?rest_route=%2Fwp%2Fv2%2Ftags&post=2191"}],"curies":[{"name":"wp","href":"https:\/\/api.w.org\/{rel}","templated":true}]}}