{"id":2099,"date":"2022-02-04T17:40:33","date_gmt":"2022-02-04T17:40:33","guid":{"rendered":"https:\/\/www.semen-l.org\/?p=2099"},"modified":"2022-02-04T18:00:32","modified_gmt":"2022-02-04T18:00:32","slug":"fabrique-du-scandale-et-rivalites-memorielles-en-france-et-en-europe-1550-1697","status":"publish","type":"post","link":"https:\/\/www.semen-l.org\/?p=2099","title":{"rendered":"Fabrique du scandale et rivalit\u00e9s m\u00e9morielles en France et en Europe (1550-1697)"},"content":{"rendered":"\t\t<div data-elementor-type=\"wp-post\" data-elementor-id=\"2099\" class=\"elementor elementor-2099\">\n\t\t\t\t\t\t<section class=\"elementor-section elementor-top-section elementor-element elementor-element-e0117e1 elementor-section-boxed elementor-section-height-default elementor-section-height-default\" data-id=\"e0117e1\" data-element_type=\"section\" data-e-type=\"section\">\n\t\t\t\t\t\t<div class=\"elementor-container elementor-column-gap-default\">\n\t\t\t\t\t<div class=\"elementor-column elementor-col-50 elementor-top-column elementor-element elementor-element-2eaed9c\" data-id=\"2eaed9c\" data-element_type=\"column\" data-e-type=\"column\">\n\t\t\t<div class=\"elementor-widget-wrap elementor-element-populated\">\n\t\t\t\t\t\t<div class=\"elementor-element elementor-element-d4dd21a elementor-widget elementor-widget-text-editor\" data-id=\"d4dd21a\" data-element_type=\"widget\" data-e-type=\"widget\" data-widget_type=\"text-editor.default\">\n\t\t\t\t<div class=\"elementor-widget-container\">\n\t\t\t\t\t\t\t\t\t<p><span style=\"font-family: Roboto, sans-serif; font-size: 13px; font-style: normal; font-weight: 400;\">Violaine Giacomotto-Charra a le plaisir de vous annoncer la parution du 2e volume de la collection \u00ab\u00a0Savoirs humanistes\u00a0\u00bb, sur la plateforme des presses universitaires aquitaines en ligne, Un@ \u00e9ditions, un bel ouvrage dirig\u00e9 par Blandine Perona, Isabelle Moreau et Enrica Zanin et intitul\u00e9 Fabrique du scandale et rivalit\u00e9s m\u00e9morielles en France et en Europe (1550-1697).<\/span><\/p><p><span style=\"font-family: Roboto, sans-serif; font-size: 13px; font-style: normal; font-weight: 400;\">En voici le r\u00e9sum\u00e9:<\/span><\/p><p>\u00ab\u00a0En 1550, la notion th\u00e9ologique de \u00ab scandale \u00bb est mise en avant par le trait\u00e9 Des scandales de Calvin. Le r\u00e9formateur invite ses coreligionnaires \u00e0 ne pas avoir peur du scandale, \u00e0 ne pas se pr\u00e9occuper de la <em>fama<\/em>. Le pr\u00e9sent ouvrage montre, \u00e0 travers l\u2019\u00e9tude de cette notion, combien les conflits confessionnels de cette \u00e9poque sont en effet une bataille de r\u00e9putation et deviennent m\u00eame une bataille de la m\u00e9moire, non sans cons\u00e9quence sur l\u2019\u00e9criture de l\u2019histoire. R\u00e9form\u00e9s et catholiques essaient d\u2019imposer leur r\u00e9cit.<span style=\"font-family: Roboto, sans-serif; font-size: 13px; font-style: normal; font-weight: 400;\"><br \/><\/span><\/p>\t\t\t\t\t\t\t\t<\/div>\n\t\t\t\t<\/div>\n\t\t\t\t\t<\/div>\n\t\t<\/div>\n\t\t\t\t<div class=\"elementor-column elementor-col-50 elementor-top-column elementor-element elementor-element-220a9dd\" data-id=\"220a9dd\" data-element_type=\"column\" data-e-type=\"column\">\n\t\t\t<div class=\"elementor-widget-wrap elementor-element-populated\">\n\t\t\t\t\t\t<div class=\"elementor-element elementor-element-6c10abb elementor-widget elementor-widget-image\" data-id=\"6c10abb\" data-element_type=\"widget\" data-e-type=\"widget\" data-widget_type=\"image.default\">\n\t\t\t\t<div class=\"elementor-widget-container\">\n\t\t\t\t\t\t\t\t\t\t\t\t\t\t\t<img fetchpriority=\"high\" decoding=\"async\" width=\"501\" height=\"761\" src=\"https:\/\/www.semen-l.org\/wp-content\/uploads\/2022\/02\/couv-publication-scandale.jpg\" class=\"attachment-large size-large wp-image-2100\" alt=\"\" srcset=\"https:\/\/www.semen-l.org\/wp-content\/uploads\/2022\/02\/couv-publication-scandale.jpg 501w, https:\/\/www.semen-l.org\/wp-content\/uploads\/2022\/02\/couv-publication-scandale-198x300.jpg 198w, https:\/\/www.semen-l.org\/wp-content\/uploads\/2022\/02\/couv-publication-scandale-132x200.jpg 132w\" sizes=\"(max-width: 501px) 100vw, 501px\" \/>\t\t\t\t\t\t\t\t\t\t\t\t\t\t\t<\/div>\n\t\t\t\t<\/div>\n\t\t\t\t\t<\/div>\n\t\t<\/div>\n\t\t\t\t\t<\/div>\n\t\t<\/section>\n\t\t\t\t<section class=\"elementor-section elementor-top-section elementor-element elementor-element-68d181a4 elementor-section-boxed elementor-section-height-default elementor-section-height-default\" data-id=\"68d181a4\" data-element_type=\"section\" data-e-type=\"section\">\n\t\t\t\t\t\t<div class=\"elementor-container elementor-column-gap-default\">\n\t\t\t\t\t<div class=\"elementor-column elementor-col-100 elementor-top-column elementor-element elementor-element-74af39cb\" data-id=\"74af39cb\" data-element_type=\"column\" data-e-type=\"column\">\n\t\t\t<div class=\"elementor-widget-wrap elementor-element-populated\">\n\t\t\t\t\t\t<div class=\"elementor-element elementor-element-238770e8 elementor-widget elementor-widget-text-editor\" data-id=\"238770e8\" data-element_type=\"widget\" data-e-type=\"widget\" data-widget_type=\"text-editor.default\">\n\t\t\t\t<div class=\"elementor-widget-container\">\n\t\t\t\t\t\t\t\t\t<p>Le scandale est une arme pol\u00e9mique essentielle dans les deux camps, au centre d\u2019une guerre de libelles qui fait advenir un \u00ab espace public \u00bb d\u00e9chir\u00e9. \u00c0 une fabrique th\u00e9ologique du scandale, succ\u00e8de alors une fabrique juridique du scandale qui permet progressivement au pouvoir monarchique de reprendre la ma\u00eetrise de cet espace public. Ce livre analyse ainsi la gen\u00e8se du scandale dans son sens moderne, \u00e0 savoir un \u00e9v\u00e9nement construit par un r\u00e9cit \u00ab m\u00e9diatique \u00bb et instrumentalis\u00e9 politiquement qui met en crise les normes et valeurs fondamentales d\u2019une soci\u00e9t\u00e9, parce qu\u2019il rend compte d\u2019actes ou de propos qui les transgressent\u00a0\u00bb.<\/p><p>Selon le principe de la collection, l&rsquo;ouvrage est en acc\u00e8s libre (lecture et t\u00e9l\u00e9chargement) et sa bibliographie d\u00e9j\u00e0 trait\u00e9e en zot\u00e9ro. Vous le trouverez \u00e0 l&rsquo;adresse suivante :<\/p><p><blockquote class=\"wp-embedded-content\" data-secret=\"Glxoyob2Rs\"><a href=\"https:\/\/una-editions.fr\/fabrique-du-scandale-et-rivalites-memorielles\/\">Fabrique du scandale et rivalit\u00e9s m\u00e9morielles en France et en Europe (1550-1697)<\/a><\/blockquote><iframe class=\"wp-embedded-content\" sandbox=\"allow-scripts\" security=\"restricted\" style=\"position: absolute; clip: rect(1px, 1px, 1px, 1px);\" title=\"\u00ab\u00a0Fabrique du scandale et rivalit\u00e9s m\u00e9morielles&lt;br&gt; en France et en Europe (1550-1697)\u00a0\u00bb &#8212; UNA \u00e9ditions\" src=\"https:\/\/una-editions.fr\/fabrique-du-scandale-et-rivalites-memorielles\/embed\/#?secret=sbazl42lMr#?secret=Glxoyob2Rs\" data-secret=\"Glxoyob2Rs\" width=\"584\" height=\"329\" frameborder=\"0\" marginwidth=\"0\" marginheight=\"0\" scrolling=\"no\"><\/iframe><\/p><p><br \/>Le prochain volume est annonc\u00e9, il s&rsquo;agira d&rsquo;une monographie que Dominique Fratani a tir\u00e9e de son in\u00e9dit d&rsquo;HDR sur la correspondance de Bernado Tasso : Virt\u00f9 et Servit\u00f9 : Bernardo Tasso ou les tribulations d\u2019un humaniste du XVIe si\u00e8cle.<\/p>\t\t\t\t\t\t\t\t<\/div>\n\t\t\t\t<\/div>\n\t\t\t\t\t<\/div>\n\t\t<\/div>\n\t\t\t\t\t<\/div>\n\t\t<\/section>\n\t\t\t\t<section class=\"elementor-section elementor-top-section elementor-element elementor-element-48328b6 elementor-section-boxed elementor-section-height-default elementor-section-height-default\" data-id=\"48328b6\" data-element_type=\"section\" data-e-type=\"section\">\n\t\t\t\t\t\t<div class=\"elementor-container elementor-column-gap-default\">\n\t\t\t\t\t<div class=\"elementor-column elementor-col-100 elementor-top-column elementor-element elementor-element-9b92949\" data-id=\"9b92949\" data-element_type=\"column\" data-e-type=\"column\">\n\t\t\t<div class=\"elementor-widget-wrap elementor-element-populated\">\n\t\t\t\t\t\t<div class=\"elementor-element elementor-element-2a72cab elementor-widget elementor-widget-heading\" data-id=\"2a72cab\" data-element_type=\"widget\" data-e-type=\"widget\" data-widget_type=\"heading.default\">\n\t\t\t\t<div class=\"elementor-widget-container\">\n\t\t\t\t\t<h2 class=\"elementor-heading-title elementor-size-default\">Summary in English<\/h2>\t\t\t\t<\/div>\n\t\t\t\t<\/div>\n\t\t\t\t\t<\/div>\n\t\t<\/div>\n\t\t\t\t\t<\/div>\n\t\t<\/section>\n\t\t\t\t<section class=\"elementor-section elementor-top-section elementor-element elementor-element-b353dbe elementor-section-boxed elementor-section-height-default elementor-section-height-default\" data-id=\"b353dbe\" data-element_type=\"section\" data-e-type=\"section\">\n\t\t\t\t\t\t<div class=\"elementor-container elementor-column-gap-default\">\n\t\t\t\t\t<div class=\"elementor-column elementor-col-100 elementor-top-column elementor-element elementor-element-d9c3b1f\" data-id=\"d9c3b1f\" data-element_type=\"column\" data-e-type=\"column\">\n\t\t\t<div class=\"elementor-widget-wrap elementor-element-populated\">\n\t\t\t\t\t\t<div class=\"elementor-element elementor-element-9cd833e elementor-widget elementor-widget-text-editor\" data-id=\"9cd833e\" data-element_type=\"widget\" data-e-type=\"widget\" data-widget_type=\"text-editor.default\">\n\t\t\t\t<div class=\"elementor-widget-container\">\n\t\t\t\t\t\t\t\t\t<p><em>In 1550, the theological notion of \u201cscandal\u201d was put forward in Calvin\u2019s treatise Concerning Scandals. The reformer invited his coreligionists not to be afraid of scandal and not to concern themselves with fama. Focusing on the notion of scandal, the present study demonstrates the role of reputation in interdenominational conflicts. The Protestant-Catholic conflicts become a battle of conflicting memories. As Catholics and Protestants fight to impose their own narratives, it impacts the writing of history. Scandal, thus, is crucial on both sides; it constitutes a polemical tool in a war fought with the pen and the press where libels are tearing apart the nascent \u2018public space\u2019. Following its theological making, the legal making of scandal then gradually allows the monarchy to regain control of its torn \u2018public space\u2019. This book thus analyses the emerging of scandal in its modern understanding: an event constructed as a narrative through media coverage for political purposes, which brings into crisis the common basic standards and values of a society due to the transgressive nature of the acts or words it accounts for.<\/em><\/p>\t\t\t\t\t\t\t\t<\/div>\n\t\t\t\t<\/div>\n\t\t\t\t\t<\/div>\n\t\t<\/div>\n\t\t\t\t\t<\/div>\n\t\t<\/section>\n\t\t\t\t<section class=\"elementor-section elementor-top-section elementor-element elementor-element-5c45320 elementor-section-boxed elementor-section-height-default elementor-section-height-default\" data-id=\"5c45320\" data-element_type=\"section\" data-e-type=\"section\">\n\t\t\t\t\t\t<div class=\"elementor-container elementor-column-gap-default\">\n\t\t\t\t\t<div class=\"elementor-column elementor-col-100 elementor-top-column elementor-element elementor-element-f795740\" data-id=\"f795740\" data-element_type=\"column\" data-e-type=\"column\">\n\t\t\t<div class=\"elementor-widget-wrap elementor-element-populated\">\n\t\t\t\t\t\t<div class=\"elementor-element elementor-element-c3bd696 elementor-widget elementor-widget-image\" data-id=\"c3bd696\" data-element_type=\"widget\" data-e-type=\"widget\" data-widget_type=\"image.default\">\n\t\t\t\t<div class=\"elementor-widget-container\">\n\t\t\t\t\t\t\t\t\t\t\t\t\t\t\t<img decoding=\"async\" width=\"584\" height=\"874\" src=\"https:\/\/www.semen-l.org\/wp-content\/uploads\/2022\/02\/couv4-publication-scandale.jpg\" class=\"attachment-large size-large wp-image-2105\" alt=\"\" srcset=\"https:\/\/www.semen-l.org\/wp-content\/uploads\/2022\/02\/couv4-publication-scandale.jpg 617w, https:\/\/www.semen-l.org\/wp-content\/uploads\/2022\/02\/couv4-publication-scandale-201x300.jpg 201w, https:\/\/www.semen-l.org\/wp-content\/uploads\/2022\/02\/couv4-publication-scandale-134x200.jpg 134w\" sizes=\"(max-width: 584px) 100vw, 584px\" \/>\t\t\t\t\t\t\t\t\t\t\t\t\t\t\t<\/div>\n\t\t\t\t<\/div>\n\t\t\t\t\t<\/div>\n\t\t<\/div>\n\t\t\t\t\t<\/div>\n\t\t<\/section>\n\t\t\t\t<\/div>\n\t\t","protected":false},"excerpt":{"rendered":"<p>Violaine Giacomotto-Charra a le plaisir de vous annoncer la parution du 2e volume de la collection \u00ab\u00a0Savoirs humanistes\u00a0\u00bb, sur la plateforme des presses universitaires aquitaines en ligne, Un@ \u00e9ditions, un bel ouvrage dirig\u00e9 par Blandine Perona, Isabelle Moreau et Enrica &hellip; <a href=\"https:\/\/www.semen-l.org\/?p=2099\">Continuer la lecture <span class=\"meta-nav\">&rarr;<\/span><\/a><\/p>\n","protected":false},"author":26,"featured_media":2100,"comment_status":"open","ping_status":"open","sticky":false,"template":"","format":"standard","meta":{"footnotes":""},"categories":[7],"tags":[715,1474,1678,679,1440,286,1505],"class_list":["post-2099","post","type-post","status-publish","format-standard","has-post-thumbnail","hentry","category-publications","tag-calvin-jean","tag-contre-reforme","tag-des-scandales-calvin","tag-fama","tag-protestantisme","tag-theologie","tag-transgression"],"yoast_head":"<!-- This site is optimized with the Yoast SEO plugin v27.5 - https:\/\/yoast.com\/product\/yoast-seo-wordpress\/ -->\n<title>Fabrique du scandale et rivalit\u00e9s m\u00e9morielles en France et en Europe (1550-1697) - SEMEN-L<\/title>\n<meta name=\"robots\" content=\"index, follow, max-snippet:-1, max-image-preview:large, max-video-preview:-1\" \/>\n<link rel=\"canonical\" href=\"https:\/\/www.semen-l.org\/?p=2099\" \/>\n<meta property=\"og:locale\" content=\"fr_FR\" \/>\n<meta property=\"og:type\" content=\"article\" \/>\n<meta property=\"og:title\" content=\"Fabrique du scandale et rivalit\u00e9s m\u00e9morielles en France et en Europe (1550-1697) - SEMEN-L\" \/>\n<meta property=\"og:description\" content=\"Violaine Giacomotto-Charra a le plaisir de vous annoncer la parution du 2e volume de la collection \u00ab\u00a0Savoirs humanistes\u00a0\u00bb, sur la plateforme des presses universitaires aquitaines en ligne, Un@ \u00e9ditions, un bel ouvrage dirig\u00e9 par Blandine Perona, Isabelle Moreau et Enrica &hellip; Continuer la lecture &rarr;\" \/>\n<meta property=\"og:url\" content=\"https:\/\/www.semen-l.org\/?p=2099\" \/>\n<meta property=\"og:site_name\" content=\"Soci\u00e9t\u00e9 d&#039;\u00c9tudes M\u00e9dio Et N\u00e9o-Latines\" \/>\n<meta property=\"article:publisher\" content=\"https:\/\/www.facebook.com\/SEMENL2018\" \/>\n<meta property=\"article:published_time\" content=\"2022-02-04T17:40:33+00:00\" \/>\n<meta property=\"article:modified_time\" content=\"2022-02-04T18:00:32+00:00\" \/>\n<meta property=\"og:image\" content=\"https:\/\/www.semen-l.org\/wp-content\/uploads\/2022\/02\/couv-publication-scandale.jpg\" \/>\n\t<meta property=\"og:image:width\" content=\"501\" \/>\n\t<meta property=\"og:image:height\" content=\"761\" \/>\n\t<meta property=\"og:image:type\" content=\"image\/jpeg\" \/>\n<meta name=\"author\" content=\"Julien Maudoux\" \/>\n<meta name=\"twitter:card\" content=\"summary_large_image\" \/>\n<meta name=\"twitter:label1\" content=\"\u00c9crit par\" \/>\n\t<meta name=\"twitter:data1\" content=\"Julien Maudoux\" \/>\n\t<meta name=\"twitter:label2\" content=\"Dur\u00e9e de lecture estim\u00e9e\" \/>\n\t<meta name=\"twitter:data2\" content=\"4 minutes\" \/>\n<script type=\"application\/ld+json\" class=\"yoast-schema-graph\">{\"@context\":\"https:\\\/\\\/schema.org\",\"@graph\":[{\"@type\":\"Article\",\"@id\":\"https:\\\/\\\/www.semen-l.org\\\/?p=2099#article\",\"isPartOf\":{\"@id\":\"https:\\\/\\\/www.semen-l.org\\\/?p=2099\"},\"author\":{\"name\":\"Julien Maudoux\",\"@id\":\"http:\\\/\\\/www.semen-l.org\\\/#\\\/schema\\\/person\\\/ef5208815f17666727763c5363a51344\"},\"headline\":\"Fabrique du scandale et rivalit\u00e9s m\u00e9morielles en France et en Europe (1550-1697)\",\"datePublished\":\"2022-02-04T17:40:33+00:00\",\"dateModified\":\"2022-02-04T18:00:32+00:00\",\"mainEntityOfPage\":{\"@id\":\"https:\\\/\\\/www.semen-l.org\\\/?p=2099\"},\"wordCount\":543,\"commentCount\":0,\"publisher\":{\"@id\":\"http:\\\/\\\/www.semen-l.org\\\/#organization\"},\"image\":{\"@id\":\"https:\\\/\\\/www.semen-l.org\\\/?p=2099#primaryimage\"},\"thumbnailUrl\":\"https:\\\/\\\/www.semen-l.org\\\/wp-content\\\/uploads\\\/2022\\\/02\\\/couv-publication-scandale.jpg\",\"keywords\":[\"Calvin (Jean)\",\"contre-r\u00e9forme\",\"Des scandales (Calvin)\",\"fama\",\"protestantisme\",\"th\u00e9ologie\",\"transgression\"],\"articleSection\":[\"Publications\"],\"inLanguage\":\"fr-FR\",\"potentialAction\":[{\"@type\":\"CommentAction\",\"name\":\"Comment\",\"target\":[\"https:\\\/\\\/www.semen-l.org\\\/?p=2099#respond\"]}]},{\"@type\":\"WebPage\",\"@id\":\"https:\\\/\\\/www.semen-l.org\\\/?p=2099\",\"url\":\"https:\\\/\\\/www.semen-l.org\\\/?p=2099\",\"name\":\"Fabrique du scandale et rivalit\u00e9s m\u00e9morielles en France et en Europe (1550-1697) - SEMEN-L\",\"isPartOf\":{\"@id\":\"http:\\\/\\\/www.semen-l.org\\\/#website\"},\"primaryImageOfPage\":{\"@id\":\"https:\\\/\\\/www.semen-l.org\\\/?p=2099#primaryimage\"},\"image\":{\"@id\":\"https:\\\/\\\/www.semen-l.org\\\/?p=2099#primaryimage\"},\"thumbnailUrl\":\"https:\\\/\\\/www.semen-l.org\\\/wp-content\\\/uploads\\\/2022\\\/02\\\/couv-publication-scandale.jpg\",\"datePublished\":\"2022-02-04T17:40:33+00:00\",\"dateModified\":\"2022-02-04T18:00:32+00:00\",\"breadcrumb\":{\"@id\":\"https:\\\/\\\/www.semen-l.org\\\/?p=2099#breadcrumb\"},\"inLanguage\":\"fr-FR\",\"potentialAction\":[{\"@type\":\"ReadAction\",\"target\":[\"https:\\\/\\\/www.semen-l.org\\\/?p=2099\"]}]},{\"@type\":\"ImageObject\",\"inLanguage\":\"fr-FR\",\"@id\":\"https:\\\/\\\/www.semen-l.org\\\/?p=2099#primaryimage\",\"url\":\"https:\\\/\\\/www.semen-l.org\\\/wp-content\\\/uploads\\\/2022\\\/02\\\/couv-publication-scandale.jpg\",\"contentUrl\":\"https:\\\/\\\/www.semen-l.org\\\/wp-content\\\/uploads\\\/2022\\\/02\\\/couv-publication-scandale.jpg\",\"width\":501,\"height\":761},{\"@type\":\"BreadcrumbList\",\"@id\":\"https:\\\/\\\/www.semen-l.org\\\/?p=2099#breadcrumb\",\"itemListElement\":[{\"@type\":\"ListItem\",\"position\":1,\"name\":\"Accueil\",\"item\":\"http:\\\/\\\/www.semen-l.org\\\/\"},{\"@type\":\"ListItem\",\"position\":2,\"name\":\"Fabrique du scandale et rivalit\u00e9s m\u00e9morielles en France et en Europe (1550-1697)\"}]},{\"@type\":\"WebSite\",\"@id\":\"http:\\\/\\\/www.semen-l.org\\\/#website\",\"url\":\"http:\\\/\\\/www.semen-l.org\\\/\",\"name\":\"Soci\u00e9t\u00e9 d'\u00c9tudes M\u00e9dio Et N\u00e9o-Latines\",\"description\":\"\",\"publisher\":{\"@id\":\"http:\\\/\\\/www.semen-l.org\\\/#organization\"},\"potentialAction\":[{\"@type\":\"SearchAction\",\"target\":{\"@type\":\"EntryPoint\",\"urlTemplate\":\"http:\\\/\\\/www.semen-l.org\\\/?s={search_term_string}\"},\"query-input\":{\"@type\":\"PropertyValueSpecification\",\"valueRequired\":true,\"valueName\":\"search_term_string\"}}],\"inLanguage\":\"fr-FR\"},{\"@type\":\"Organization\",\"@id\":\"http:\\\/\\\/www.semen-l.org\\\/#organization\",\"name\":\"Soci\u00e9t\u00e9 d'\u00e9tudes m\u00e9dio et n\u00e9o-latines\",\"url\":\"http:\\\/\\\/www.semen-l.org\\\/\",\"logo\":{\"@type\":\"ImageObject\",\"inLanguage\":\"fr-FR\",\"@id\":\"http:\\\/\\\/www.semen-l.org\\\/#\\\/schema\\\/logo\\\/image\\\/\",\"url\":\"http:\\\/\\\/www.semen-l.org\\\/wp-content\\\/uploads\\\/2020\\\/11\\\/logo-semenl.jpg\",\"contentUrl\":\"http:\\\/\\\/www.semen-l.org\\\/wp-content\\\/uploads\\\/2020\\\/11\\\/logo-semenl.jpg\",\"width\":408,\"height\":403,\"caption\":\"Soci\u00e9t\u00e9 d'\u00e9tudes m\u00e9dio et n\u00e9o-latines\"},\"image\":{\"@id\":\"http:\\\/\\\/www.semen-l.org\\\/#\\\/schema\\\/logo\\\/image\\\/\"},\"sameAs\":[\"https:\\\/\\\/www.facebook.com\\\/SEMENL2018\",\"https:\\\/\\\/independent.academia.edu\\\/SocitsdtudesmdioetnolatinesSEMENL\"]},{\"@type\":\"Person\",\"@id\":\"http:\\\/\\\/www.semen-l.org\\\/#\\\/schema\\\/person\\\/ef5208815f17666727763c5363a51344\",\"name\":\"Julien Maudoux\",\"image\":{\"@type\":\"ImageObject\",\"inLanguage\":\"fr-FR\",\"@id\":\"https:\\\/\\\/secure.gravatar.com\\\/avatar\\\/caabf4fb6242e2277733cd35a5c2aa083761ea25dae1d1ff3298b54292225292?s=96&d=mm&r=g\",\"url\":\"https:\\\/\\\/secure.gravatar.com\\\/avatar\\\/caabf4fb6242e2277733cd35a5c2aa083761ea25dae1d1ff3298b54292225292?s=96&d=mm&r=g\",\"contentUrl\":\"https:\\\/\\\/secure.gravatar.com\\\/avatar\\\/caabf4fb6242e2277733cd35a5c2aa083761ea25dae1d1ff3298b54292225292?s=96&d=mm&r=g\",\"caption\":\"Julien Maudoux\"},\"description\":\"Webmestre du site de la SEMEN-L\",\"url\":\"https:\\\/\\\/www.semen-l.org\\\/?author=26\"}]}<\/script>\n<!-- \/ Yoast SEO plugin. -->","yoast_head_json":{"title":"Fabrique du scandale et rivalit\u00e9s m\u00e9morielles en France et en Europe (1550-1697) - SEMEN-L","robots":{"index":"index","follow":"follow","max-snippet":"max-snippet:-1","max-image-preview":"max-image-preview:large","max-video-preview":"max-video-preview:-1"},"canonical":"https:\/\/www.semen-l.org\/?p=2099","og_locale":"fr_FR","og_type":"article","og_title":"Fabrique du scandale et rivalit\u00e9s m\u00e9morielles en France et en Europe (1550-1697) - SEMEN-L","og_description":"Violaine Giacomotto-Charra a le plaisir de vous annoncer la parution du 2e volume de la collection \u00ab\u00a0Savoirs humanistes\u00a0\u00bb, sur la plateforme des presses universitaires aquitaines en ligne, Un@ \u00e9ditions, un bel ouvrage dirig\u00e9 par Blandine Perona, Isabelle Moreau et Enrica &hellip; Continuer la lecture &rarr;","og_url":"https:\/\/www.semen-l.org\/?p=2099","og_site_name":"Soci\u00e9t\u00e9 d&#039;\u00c9tudes M\u00e9dio Et N\u00e9o-Latines","article_publisher":"https:\/\/www.facebook.com\/SEMENL2018","article_published_time":"2022-02-04T17:40:33+00:00","article_modified_time":"2022-02-04T18:00:32+00:00","og_image":[{"width":501,"height":761,"url":"https:\/\/www.semen-l.org\/wp-content\/uploads\/2022\/02\/couv-publication-scandale.jpg","type":"image\/jpeg"}],"author":"Julien Maudoux","twitter_card":"summary_large_image","twitter_misc":{"\u00c9crit par":"Julien Maudoux","Dur\u00e9e de lecture estim\u00e9e":"4 minutes"},"schema":{"@context":"https:\/\/schema.org","@graph":[{"@type":"Article","@id":"https:\/\/www.semen-l.org\/?p=2099#article","isPartOf":{"@id":"https:\/\/www.semen-l.org\/?p=2099"},"author":{"name":"Julien Maudoux","@id":"http:\/\/www.semen-l.org\/#\/schema\/person\/ef5208815f17666727763c5363a51344"},"headline":"Fabrique du scandale et rivalit\u00e9s m\u00e9morielles en France et en Europe (1550-1697)","datePublished":"2022-02-04T17:40:33+00:00","dateModified":"2022-02-04T18:00:32+00:00","mainEntityOfPage":{"@id":"https:\/\/www.semen-l.org\/?p=2099"},"wordCount":543,"commentCount":0,"publisher":{"@id":"http:\/\/www.semen-l.org\/#organization"},"image":{"@id":"https:\/\/www.semen-l.org\/?p=2099#primaryimage"},"thumbnailUrl":"https:\/\/www.semen-l.org\/wp-content\/uploads\/2022\/02\/couv-publication-scandale.jpg","keywords":["Calvin (Jean)","contre-r\u00e9forme","Des scandales (Calvin)","fama","protestantisme","th\u00e9ologie","transgression"],"articleSection":["Publications"],"inLanguage":"fr-FR","potentialAction":[{"@type":"CommentAction","name":"Comment","target":["https:\/\/www.semen-l.org\/?p=2099#respond"]}]},{"@type":"WebPage","@id":"https:\/\/www.semen-l.org\/?p=2099","url":"https:\/\/www.semen-l.org\/?p=2099","name":"Fabrique du scandale et rivalit\u00e9s m\u00e9morielles en France et en Europe (1550-1697) - SEMEN-L","isPartOf":{"@id":"http:\/\/www.semen-l.org\/#website"},"primaryImageOfPage":{"@id":"https:\/\/www.semen-l.org\/?p=2099#primaryimage"},"image":{"@id":"https:\/\/www.semen-l.org\/?p=2099#primaryimage"},"thumbnailUrl":"https:\/\/www.semen-l.org\/wp-content\/uploads\/2022\/02\/couv-publication-scandale.jpg","datePublished":"2022-02-04T17:40:33+00:00","dateModified":"2022-02-04T18:00:32+00:00","breadcrumb":{"@id":"https:\/\/www.semen-l.org\/?p=2099#breadcrumb"},"inLanguage":"fr-FR","potentialAction":[{"@type":"ReadAction","target":["https:\/\/www.semen-l.org\/?p=2099"]}]},{"@type":"ImageObject","inLanguage":"fr-FR","@id":"https:\/\/www.semen-l.org\/?p=2099#primaryimage","url":"https:\/\/www.semen-l.org\/wp-content\/uploads\/2022\/02\/couv-publication-scandale.jpg","contentUrl":"https:\/\/www.semen-l.org\/wp-content\/uploads\/2022\/02\/couv-publication-scandale.jpg","width":501,"height":761},{"@type":"BreadcrumbList","@id":"https:\/\/www.semen-l.org\/?p=2099#breadcrumb","itemListElement":[{"@type":"ListItem","position":1,"name":"Accueil","item":"http:\/\/www.semen-l.org\/"},{"@type":"ListItem","position":2,"name":"Fabrique du scandale et rivalit\u00e9s m\u00e9morielles en France et en Europe (1550-1697)"}]},{"@type":"WebSite","@id":"http:\/\/www.semen-l.org\/#website","url":"http:\/\/www.semen-l.org\/","name":"Soci\u00e9t\u00e9 d'\u00c9tudes M\u00e9dio Et N\u00e9o-Latines","description":"","publisher":{"@id":"http:\/\/www.semen-l.org\/#organization"},"potentialAction":[{"@type":"SearchAction","target":{"@type":"EntryPoint","urlTemplate":"http:\/\/www.semen-l.org\/?s={search_term_string}"},"query-input":{"@type":"PropertyValueSpecification","valueRequired":true,"valueName":"search_term_string"}}],"inLanguage":"fr-FR"},{"@type":"Organization","@id":"http:\/\/www.semen-l.org\/#organization","name":"Soci\u00e9t\u00e9 d'\u00e9tudes m\u00e9dio et n\u00e9o-latines","url":"http:\/\/www.semen-l.org\/","logo":{"@type":"ImageObject","inLanguage":"fr-FR","@id":"http:\/\/www.semen-l.org\/#\/schema\/logo\/image\/","url":"http:\/\/www.semen-l.org\/wp-content\/uploads\/2020\/11\/logo-semenl.jpg","contentUrl":"http:\/\/www.semen-l.org\/wp-content\/uploads\/2020\/11\/logo-semenl.jpg","width":408,"height":403,"caption":"Soci\u00e9t\u00e9 d'\u00e9tudes m\u00e9dio et n\u00e9o-latines"},"image":{"@id":"http:\/\/www.semen-l.org\/#\/schema\/logo\/image\/"},"sameAs":["https:\/\/www.facebook.com\/SEMENL2018","https:\/\/independent.academia.edu\/SocitsdtudesmdioetnolatinesSEMENL"]},{"@type":"Person","@id":"http:\/\/www.semen-l.org\/#\/schema\/person\/ef5208815f17666727763c5363a51344","name":"Julien Maudoux","image":{"@type":"ImageObject","inLanguage":"fr-FR","@id":"https:\/\/secure.gravatar.com\/avatar\/caabf4fb6242e2277733cd35a5c2aa083761ea25dae1d1ff3298b54292225292?s=96&d=mm&r=g","url":"https:\/\/secure.gravatar.com\/avatar\/caabf4fb6242e2277733cd35a5c2aa083761ea25dae1d1ff3298b54292225292?s=96&d=mm&r=g","contentUrl":"https:\/\/secure.gravatar.com\/avatar\/caabf4fb6242e2277733cd35a5c2aa083761ea25dae1d1ff3298b54292225292?s=96&d=mm&r=g","caption":"Julien Maudoux"},"description":"Webmestre du site de la SEMEN-L","url":"https:\/\/www.semen-l.org\/?author=26"}]}},"jetpack_featured_media_url":"https:\/\/www.semen-l.org\/wp-content\/uploads\/2022\/02\/couv-publication-scandale.jpg","_links":{"self":[{"href":"https:\/\/www.semen-l.org\/index.php?rest_route=\/wp\/v2\/posts\/2099","targetHints":{"allow":["GET"]}}],"collection":[{"href":"https:\/\/www.semen-l.org\/index.php?rest_route=\/wp\/v2\/posts"}],"about":[{"href":"https:\/\/www.semen-l.org\/index.php?rest_route=\/wp\/v2\/types\/post"}],"author":[{"embeddable":true,"href":"https:\/\/www.semen-l.org\/index.php?rest_route=\/wp\/v2\/users\/26"}],"replies":[{"embeddable":true,"href":"https:\/\/www.semen-l.org\/index.php?rest_route=%2Fwp%2Fv2%2Fcomments&post=2099"}],"version-history":[{"count":0,"href":"https:\/\/www.semen-l.org\/index.php?rest_route=\/wp\/v2\/posts\/2099\/revisions"}],"wp:featuredmedia":[{"embeddable":true,"href":"https:\/\/www.semen-l.org\/index.php?rest_route=\/wp\/v2\/media\/2100"}],"wp:attachment":[{"href":"https:\/\/www.semen-l.org\/index.php?rest_route=%2Fwp%2Fv2%2Fmedia&parent=2099"}],"wp:term":[{"taxonomy":"category","embeddable":true,"href":"https:\/\/www.semen-l.org\/index.php?rest_route=%2Fwp%2Fv2%2Fcategories&post=2099"},{"taxonomy":"post_tag","embeddable":true,"href":"https:\/\/www.semen-l.org\/index.php?rest_route=%2Fwp%2Fv2%2Ftags&post=2099"}],"curies":[{"name":"wp","href":"https:\/\/api.w.org\/{rel}","templated":true}]}}