{"id":2097,"date":"2021-12-31T22:49:38","date_gmt":"2021-12-31T22:49:38","guid":{"rendered":"https:\/\/www.semen-l.org\/?p=2097"},"modified":"2022-02-01T22:52:28","modified_gmt":"2022-02-01T22:52:28","slug":"cours-et-seminaires-2021-2022","status":"publish","type":"post","link":"https:\/\/www.semen-l.org\/?p=2097","title":{"rendered":"Cours et s\u00e9minaires 2021-2022"},"content":{"rendered":"<p>COURS ET S\u00c9MINAIRES 2021-2022<\/p>\n<h1><u>\u00c9cole Nationale des Chartes<\/u> Fran\u00e7ois Ploton-Nicollet<\/h1>\n<p>\u00ab Latin m\u00e9di\u00e9val, aspects linguistiques \u00bb, lundi, 10.30-12.30, 8 nov.-17 d\u00e9c.<\/p>\n<p>\u00ab Latin de l\u2019Antiquit\u00e9 tardive, du Moyen \u00c2ge et de la Renaissance, aspects litt\u00e9raires, stylistiques et philologiques \u00bb, lundi, 8.30-10.30, 27 sept.-5 nov.<\/p>\n<p>\u00ab Histoire des textes : l\u2019\u00e9pop\u00e9e de Virgile \u00e0 l\u2019Arioste \u00bb, lundi, 15.00-17.00, 27 sept.-5 nov.<\/p>\n<p>\u00ab Histoire des textes : les grands courants litt\u00e9raires du 3e au 12e s. \u00bb, mercredi, 13.30-15.30, 27 sept.-5 novembre.<\/p>\n<p>\u00ab Codicologie th\u00e9orique \u00bb : lundi 10.30-12.30, 27 sept.-5 nov.<\/p>\n<p>\u00ab Latin m\u00e9di\u00e9val : les textes documentaires \u00bb (avec O. Guyotjeannin), le lundi, 14h30-15h30, 17 janv.-15 avril.<\/p>\n<p>\u00ab Histoire des textes : Bible et culture biblique \u00bb, lundi, 10.30-11.30, 17 janv.- 15 avr.<\/p>\n<p>65 rue de Richelieu (auditeurs libres sur inscription <a href=\"mailto:etudes@enc-sorbonne.fr\">etudes@enc-<\/a> <a href=\"mailto:etudes@enc-sorbonne.fr\">sorbonne.fr)<\/a><\/p>\n<h1><u>\u00c9cole Normale Sup\u00e9rieure Lyon<\/u><\/h1>\n<p><strong>Marie-C\u00e9line Isa\u00efa, Caroline Chevalier-Royet et Fr\u00e9d\u00e9ric Duplessis<\/strong><\/p>\n<p>\u00ab Atelier d&rsquo;\u00e9dition et de traduction des <em>Miracula sancti Germani <\/em>d&rsquo;Heiric d&rsquo;Auxerre \u00ab Le mercredi de 13h30 \u00e0 15h30, S\u00e9ance inaugurale le 22 septembre 2021 puis sur un rythme bimensuel.<\/p>\n<p>Sources chr\u00e9tiennes, salle de s\u00e9minaire (22 rue Sala, Lyon 69002 1er \u00e9tage \u00e0 droite) ; <a href=\"https:\/\/mastermondesmedievaux.univ-lyon2.fr\/atelier-heiric-d-auxerre-682814.kjsp\">https:\/\/mastermondesmedievaux.univ-lyon2.fr\/atelier-<\/a> <a href=\"https:\/\/mastermondesmedievaux.univ-lyon2.fr\/atelier-heiric-d-auxerre-682814.kjsp\">heiric-d-auxerre-682814.kjsp<\/a><\/p>\n<p>&nbsp;<\/p>\n<h1>Fr\u00e9d\u00e9ric Duplessis<\/h1>\n<p>Cours de latin m\u00e9di\u00e9val. Second semestre, les mardis, 16h-18h, \u00e0 partir du 18 janvier 2022<\/p>\n<p>S\u00e9minaire de litt\u00e9rature m\u00e9diolatine : \u00ab\u00a0Editer et traduire des <em>Carmina <\/em>de Paul Diacre\u00a0\u00bb. Second semestre, les mardis, 14h-16h \u00e0 partir du 18 janvier 2022<\/p>\n<h1><u>\u00c9cole Normale Sup\u00e9rieure Paris<\/u> C\u00e9cile Lan\u00e9ry (IRHT)<\/h1>\n<p>\u00ab Lecture et critique des manuscrits latins. S\u00e9minaire d\u2019initiation \u00bb. Inscrit au programme du master de recherche \u00ab \u00c9tudes m\u00e9di\u00e9vales : litt\u00e9rature, textes, savoirs \u00bb (Paris-Sorbonne, Sorbonne Nouvelle, ENS, ENC), mais ouvert \u00e0 tous sans inscription pr\u00e9alable. Outre la formation de base n\u00e9cessaire \u00e0 l\u2019\u00e9dition des textes anciens (pal\u00e9ographie, codicologie, ecdotique, histoire des textes), le s\u00e9minaire inclura (si les conditions sanitaires le permettent) des visites de biblioth\u00e8ques et des conf\u00e9rences faites par des intervenants ext\u00e9rieurs.<\/p>\n<p>Les mardis de 17h30 \u00e0 19h30, du 28 septembre 2021 \u00e0 juin 2022, salle de s\u00e9minaire du Centre d\u2019\u00e9tudes anciennes (au rez-de-chauss\u00e9e, entre les escaliers A et B), ENS, 45 rue d\u2019Ulm, 75005 Paris.<\/p>\n<p>Contact : <a href=\"mailto:cecile.lanery@irht.cnrs.fr\">cecile.lanery@irht.cnrs.fr<\/a><\/p>\n<p>&nbsp;<\/p>\n<p>&nbsp;<\/p>\n<h1><u>\u00c9cole Pratique des Hautes \u00c9tudes (EPHE, PSL)<\/u> Jean-Marc Mandosio<\/h1>\n<p>\u00ab Latin technique du XII<sup>e<\/sup> au XVIII<sup>e<\/sup> si\u00e8cle \u00bb : Le <em>De vita longa <\/em>de Paracelse, en collaboration avec Didier Kahn ; Les dialogues philosophiques de Jacques Lef\u00e8vres d\u2019Etaples ; Textes magiques et alchimiques. (jeudi de 14 h \u00e0 16 h, en Sorbonne, escalier E, salle d&rsquo;\u00e9gyptologie, \u00e0 compter du 21 octobre.<\/p>\n<p>Contact : <a href=\"mailto:jean-marc.mandosio@ephe.psl.eu\">jean-marc.mandosio@ephe.psl.eu<\/a><\/p>\n<p>&nbsp;<\/p>\n<h1>Anne-Marie Turcan-Verkerk<\/h1>\n<p>Atelier m\u00e9dio-latin. Trois samedis par an de 10h \u00e0 12h15 et de 14h \u00e0 16h00.<\/p>\n<p>EPHE-PSL, salle d&rsquo;Histoire (alias D 52), Sorbonne, escalier E, 1<sup>er<\/sup> \u00e9tage (\u00e0 confirmer)<\/p>\n<p>Contact : <a href=\"mailto:anne-marie.turcan-verkerk@ephe.psl.eu\">anne-marie.turcan-verkerk@ephe.psl.eu<\/a><\/p>\n<p>&nbsp;<\/p>\n<h1>Anne-Marie Turcan-Verkerk (EPHE-PSL) et J. Delmulle, charg\u00e9 des conf\u00e9rences (IRHT)<\/h1>\n<p>Langue et litt\u00e9rature latines du Moyen \u00c2ge : L\u00e9tald de Micy, un auteur et une \u0153uvre \u00e0 reconstruire : d\u00e9finition, \u00e9dition, traduction et commentaire des <em>Opera omnia <\/em>(suite).<\/p>\n<p>Contact : <a href=\"mailto:anne-marie.turcan-verkerk@ephe.sorbonne.fr\">anne-marie.turcan-verkerk@ephe.sorbonne.fr<\/a><\/p>\n<h1>J. Delmulle<\/h1>\n<p>\u00ab Biblioth\u00e8ques augustiniennes : floril\u00e8ges patristiques et collections de livres anciennes (III). Lectures du <em>Liber epigrammatum <\/em>de Prosper d\u2019Aquitaine (VIe-XVe s.) \u00bb<\/p>\n<p>Les mercredis de 10h00 \u00e0 12h00 ; date de reprise : le mercredi 03 novembre 2021. Campus Condorcet- Aubervilliers, salle 0.006<\/p>\n<p>&nbsp;<\/p>\n<h1>Virginie Leroux<\/h1>\n<p>\u00ab Langue et litt\u00e9rature n\u00e9o-latines \u00bb : mythographie, po\u00e9sie et questions de po\u00e9tique. Le livre I de l\u2019<em>Histoire des dieux pa\u00efens <\/em>de Lilio Gregorio Giraldi (1548) ; Les po\u00e8tes de Fran\u00e7ois Ier (Th\u00e9ocr\u00e8ne et Contarini) ; \u00c9diter et commenter les po\u00e8tes Anciens \u00e0 la Renaissance. Les vendredis de 16h00 \u00e0 18h00. Sorbonne, escalier E, 1er \u00e9tage, salle d\u2019\u00e9gyptologie. Contact : <a href=\"mailto:virginie.leroux@ephe.sorbonne.fr\">virginie.leroux@ephe.sorbonne.fr<\/a><\/p>\n<p>&nbsp;<\/p>\n<p><strong><u>Institut de Recherche sur l\u2019Histoire des Textes (IRHT)<\/u><\/strong> (sauf indication contraire : Campus Condorcet, 15 rue Waldeck Rochet ou 14 cours des humanit\u00e9s, Aubervilliers, m\u00e9tro Front Populaire)<\/p>\n<p>-Stage d\u2019initiation au manuscrit m\u00e9di\u00e9val : dates 2022 \u00e0 d\u00e9terminer<\/p>\n<p>&nbsp;<\/p>\n<h1>S\u00e9bastien Barret<\/h1>\n<ul>\n<li>Approches professionnelles des archives, niveau 2 : les &#8211; les 3, 17 et 24 novembre, de 14h \u00e0 17h \u00e0 l&rsquo;universit\u00e9 d&rsquo;Orl\u00e9ans, Collegium LLSH<\/li>\n<li>\u00ab Probl\u00e8mes d\u2019ecdotique des documents diplomatiques m\u00e9di\u00e9vaux du dictator \u00e0 l&rsquo;historien : la r\u00e9ception des documents diplomatiques m\u00e9di\u00e9vaux\u00bb (EPHE, Section des Sciences historiques et philologiques), 2<sup>e<\/sup> et 4<sup>e<\/sup> jeudi \u00e0 partir du 14 octobre, 10h-12h. B\u00e2timent de recherche Nord, salle 0.009.<\/li>\n<\/ul>\n<p>Contact : <a href=\"mailto:sebastien.barret@irht.cnrs.fr\">sebastien.barret@irht.cnrs.fr<\/a><\/p>\n<p>&nbsp;<\/p>\n<h1>Section de codicologie, histoire des biblioth\u00e8ques et h\u00e9raldique<\/h1>\n<p>\u00ab Histoires des biblioth\u00e8ques anciennes. Fragments et biblioth\u00e8ques \u00bb. Vendredi \u00e0 partir du 19 novembre, 10h-13h.<\/p>\n<p>Contact : <a href=\"mailto:hanno.wijsman@irht.cnrs.fr\">jeremy.<\/a><a href=\"mailto:delmulle@cnrs.fr\">delmulle@cnrs.fr<\/a><\/p>\n<p>&nbsp;<\/p>\n<h1>Isabelle Draelants<\/h1>\n<p>Atelier de traduction de textes scientifiques latin m\u00e9di\u00e9vaux : <em>Minuta, vermes, annulosa, reptilia <\/em>: insectes et vermine dans les textes m\u00e9di\u00e9vaux sur la nature \u00bb. 2<sup>e<\/sup> et 4<sup>e<\/sup> jeudi du mois \u00e0 partir du 21 octobre de 9h \u00e0 11h,<\/p>\n<p>b\u00e2timent recherche Nord, 2<sup>e<\/sup> \u00e9tage. Programme des s\u00e9ances et informations sur :<\/p>\n<p><a href=\"https:\/\/ateliervdb.hypotheses.org\/693\">https:\/\/ateliervdb.hypotheses.org\/693<\/a> Contact : <a href=\"mailto:isabelle.draelants@irht.cnrs.fr\">isabelle.draelants@irht.cnrs.fr<\/a><\/p>\n<p>&nbsp;<\/p>\n<h1>Claudia Rabel<\/h1>\n<p>\u00ab Les Ymagiers. Conf\u00e9rences sur l\u2019iconographie m\u00e9di\u00e9vale \u00bb. \u00c9cole du Louvre, lundi \u00e0 partir du 18 octobre, 17 h 30-19h30.<\/p>\n<p>Contact : <a href=\"mailto:claudia.rabel@irht.cnrs.fr\">claudia.rabel@irht.cnrs.fr<\/a><\/p>\n<p>&nbsp;<\/p>\n<h1><u>Universit\u00e9 Aix Marseille (AMU)<\/u> B\u00e9atrice Charlet et Carine Ferradou<\/h1>\n<p>-Cours de \u00ab Culture\/Litt\u00e9rature humaniste \u00bb (L1-L3, non sp\u00e9cialistes) <u>Th\u00e8mes trait\u00e9s<\/u> : semestres 1, 3, 5 : \u00ab \u00c0 l\u2019\u00e9cole des Humanistes \u00bb <em>; <\/em>\u00ab Les genres prosa\u00efques populaires en latin \u00bb ; \u00ab La r\u00e9ception et l\u2019\u00e9volution des genres po\u00e9tiques antiques \u00e0 partir de la Renaissance \u00bb ; semestres 2, 4, 6 : \u00ab Les Humanistes \u00e0 la d\u00e9couverte du monde \u00bb ; \u00ab L\u2019\u00e9mergence de l\u2019individu dans la litt\u00e9rature humaniste \u00bb ; \u00ab Perspective romane et r\u00e9flexion sur la langue et les langues de Dante \u00e0 la p\u00e9riode moderne \u00bb.<\/p>\n<p>-Cours sur textes traduits (L1-L3, non sp\u00e9cialistes, semestres 2, 4, 6) :<\/p>\n<p>\u00ab La r\u00e9volution humaniste: interactions et transferts culturels \u00bb.<\/p>\n<p>&nbsp;<\/p>\n<h1><u>Universit\u00e9 de Bordeaux, Centre Montaigne,<\/u> Anne Bouscharain<\/h1>\n<p>Atelier de traduction : traduction et commentaire du trait\u00e9 de Gabriel de Lurbe, <em>De Illustribus Aquitaniae viris, a Constantino magno usque ad nostra tempora, libellus <\/em>(Bordeaux, Millanges, 1591), en collaboration avec la Biblioth\u00e8que Municipale de Bordeaux, l\u2019universit\u00e9 Bordeaux Montaigne et la Soci\u00e9t\u00e9 d\u2019\u00c9tudes M\u00e9dio- et N\u00e9o-Latines. Tous les vendredis, \u00e0 la BM, 13h-15h. Descriptif disponible sur le site du Centre Montaigne.<\/p>\n<p>&nbsp;<\/p>\n<h1>Violaine Giacomotto-Charra<\/h1>\n<p>-Programme Hum<em>an<\/em>A, Humanismes Aquitains \/ Humanisme Aujourd\u2019hui en Nouvelle Aquitaine. (<a href=\"https:\/\/centre-montaigne.huma-num.fr\/\">https:\/\/centre-montaigne.huma-num.fr\/<\/a>)<\/p>\n<p>-S\u00e9minaire de master Lettres et philosophie (Epist\u00e9mologie et Histoire des sciences) : \u00ab Livres et lieux de savoir \u00e0 la Renaissance \u00bb<\/p>\n<h1>Dani\u00e8le James-Raoul<\/h1>\n<p>S\u00e9minaire de M2 Litt\u00e9rature et arts du monde, semestre 1 : \u00ab Questions de style dans la litt\u00e9rature du Moyen \u00c2ge (XII<sup>e<\/sup>-XIII<sup>e<\/sup> si\u00e8cles) \u00bb, mercredi 13h30-15h30.<\/p>\n<p>&nbsp;<\/p>\n<h1><u>Universit\u00e9 de Bourgogne<\/u> Sylvie Laigneau-Fontaine<\/h1>\n<p>S\u00e9minaire de Master : \u00ab L\u2019\u00e9pigramme latine et n\u00e9o-latine \u00bb, mardi 15-17 h (S 1).<\/p>\n<p>&nbsp;<\/p>\n<h1><u>Universit\u00e9 de Caen<\/u><\/h1>\n<ul>\n<li>S\u00e9ance de s\u00e9minaire du 15 octobre 2021 : Niek Thate et Catherine Jacquemard, \u00ab Num\u00e9rique et opinion publique au Moyen \u00c2ge. Le Mariale de Jumi\u00e8ges \u00bb.<\/li>\n<li>S\u00e9ance de s\u00e9minaire du 12 novembre 2021 : C\u00e9line Bonhert, \u00ab L&rsquo;\u00e9dition des <em>Mythologiae libri decem <\/em>de Natale Conti sur la plate-forme EMAN. Approche num\u00e9rique d&rsquo;une compilation \u00e9rudite \u00bb.<\/li>\n<li>S\u00e9ance de s\u00e9minaire du 11 mars 2022 : Fran\u00e7ois Ploton-Nicollet,<\/li>\n<\/ul>\n<p>\u00ab Classicisme et communication politique dans l&rsquo;\u00e9pop\u00e9e de Paderborn (Karolus Magnus et Leo Papa) \u00bb ; Delphine Meunier, \u00ab Claudien, L&rsquo;\u00e9pop\u00e9e comme choix politique \u00bb.<\/p>\n<p>&nbsp;<\/p>\n<h1><u>Universit\u00e9 de Gen\u00e8ve<\/u> C\u00e9dric Giraud<\/h1>\n<p>-Semestre d&rsquo;automne : \u00ab Les genres de la litt\u00e9rature latine m\u00e9di\u00e9vale \u00bb.<\/p>\n<p>-Semestre de printemps : \u00ab L&rsquo;<em>Aurora <\/em>de Pierre Riga \u00bb. mercredi, 16h-18h, contact <a href=\"mailto:cedricgiraud@gmail.com\">cedricgiraud@gmail.com<\/a><\/p>\n<p>&nbsp;<\/p>\n<h1><u>Universit\u00e9 de Louvain-la-Neuve<\/u> Agn\u00e8s Guiderdoni et Aline Smeesters<\/h1>\n<p>\u00ab Histoire de l&rsquo;Humanisme \u00bb (2<sup>e<\/sup> semestre).<\/p>\n<p>&nbsp;<\/p>\n<h1>Aline Smeesters<\/h1>\n<p>\u00ab Auteurs latins du Moyen Age et de la Renaissance \u00bb (2<sup>e<\/sup> semestre).<\/p>\n<h1><u>Universit\u00e9 d\u2019Orl\u00e9ans \/ IRHT<\/u><\/h1>\n<p><strong>J.-P. Boudet, A. Caiozzo, J. V\u00e9ron\u00e8se (univ. Orl\u00e9ans), J.-Ch. Coulon (IRHT)<\/strong><\/p>\n<p>\u00ab Recherches en histoire des textes scientifiques et magiques au Moyen \u00c2ge \u00bb. Ce s\u00e9minaire a pour but de pr\u00e9senter des recherches sur l\u2019histoire des sciences m\u00e9di\u00e9vales au sens large.<\/p>\n<p>Programme de l\u2019ann\u00e9e : <a href=\"https:\/\/www.irht.cnrs.fr\/fr\/agenda\/seminaire\/sciences-et-magie-entre-orient-et-occident-au-moyen-age\">https:\/\/www.irht.cnrs.fr\/fr\/agenda\/seminaire\/sciences-et-magie-entre-<\/a> <a href=\"https:\/\/www.irht.cnrs.fr\/fr\/agenda\/seminaire\/sciences-et-magie-entre-orient-et-occident-au-moyen-age\">orient-et-occident-au-moyen-age<\/a><\/p>\n<p>IRHT, Centre Augustin-Thierry (Orl\u00e9ans). Un vendredi par mois \u00e0 partir du 15 octobre de, 10 h-12 h. Entr\u00e9e libre, contacts : <a href=\"mailto:aacaiozzo@gmail.com\">aacaiozzo@gmail.com<\/a><\/p>\n<p>\/ <a href=\"mailto:julien.veronese45@orange.fr\">julien.veronese45@orange.fr<\/a><\/p>\n<p>&nbsp;<\/p>\n<h1><u>Universit\u00e9 Paris I \/ LAMOP-Ecole Normale Sup\u00e9rieure de Paris<\/u><\/h1>\n<p><strong>Beno\u00eet<\/strong> <strong>Gr\u00e9vin<\/strong> <strong>(CNRS-CRH),<\/strong> <strong>et<\/strong> <strong>Cl\u00e9mence<\/strong> <strong>Revest (CNRS-Centre Roland Mousnier)<\/strong><\/p>\n<p>\u00ab Latin m\u00e9di\u00e9val et renaissant pour les historiens \u00bb.<\/p>\n<p>Sous-cycle 1 (automne 2021) : L\u2019humanisme comme langage de gouvernement : les pr\u00e9ambules de statuts dans l\u2019Italie du Quattrocento (coord. C. Revest : premi\u00e8re s\u00e9ance 24 septembre 2021)<\/p>\n<p>Sous-cycle 2 (hiver-d\u00e9but printemps 2022) : Autour des lettres de Dante (III). Pour ou contre l\u2019Empire au d\u00e9but du XIV<sup>e<\/sup> si\u00e8cle (coord.<\/p>\n<ol>\n<li>Gr\u00e9vin, premi\u00e8re s\u00e9ance 28 janvier 2022).<\/li>\n<\/ol>\n<p>Les vendredis de 14h \u00e0 16h, salle d\u2019histoire, \u00c9cole normale sup\u00e9rieure d\u2019Ulm- S\u00e8vres, 45 rue d\u2019Ulm. Ouvert \u00e0 tous, mais pr\u00e9inscriptions obligatoires sur le lien suivant :<\/p>\n<p><a href=\"https:\/\/framaforms.org\/seminaire-latin-medieval-et-renaissant-pour-les-historiens-benoit-grevin-clemence-revest-1629967127\">https:\/\/framaforms.org\/seminaire-latin-medieval-et-renaissant-pour-les-<\/a> <a href=\"https:\/\/framaforms.org\/seminaire-latin-medieval-et-renaissant-pour-les-historiens-benoit-grevin-clemence-revest-1629967127\">historiens-benoit-grevin-clemence-revest-1629967127<\/a><\/p>\n<p>Contact <a href=\"mailto:benoit.grevin@orange.fr\">benoit.grevin@orange.fr, <\/a>et <a href=\"mailto:cl.revest@gmail.com\">cl.revest@gmail.com<\/a><\/p>\n<p>&nbsp;<\/p>\n<h1><u>Universit\u00e9 Paris II, Panth\u00e9on-Assas (Institut d\u2019histoire du droit Jean<\/u> <u>Gaudemet)<\/u><\/h1>\n<p><strong>Luigi-Alberto Sanchi (CNRS-IHD) et Xavier Pr\u00e9vost (U. Bordeaux) <\/strong>S\u00e9minaire international pluridisciplinaire du r\u00e9seau Humanisme juridique (coll\u00e8ge\u00a0\u00a0\u00a0\u00a0\u00a0\u00a0\u00a0\u00a0\u00a0 Sainte-Barbe,\u00a0\u00a0\u00a0\u00a0\u00a0\u00a0\u00a0\u00a0\u00a0\u00a0\u00a0\u00a0\u00a0\u00a0\u00a0\u00a0 salle\u00a0\u00a0 Collinet, vendredi 14h30-16h30 : https:\/\/hid.hypotheses.org\/4757)<\/p>\n<h1><u>Universit\u00e9 Paris Est Cr\u00e9teil (UPEC)<\/u> Anne Raffarin<\/h1>\n<p>S\u00e9minaire de Master (S2) : \u00ab Litt\u00e9rature latine \u00e0 l\u2019\u00e2ge de l\u2019Humanisme : formes de la circulation des savoirs \u00bb (circulation des savoirs dans des genres ouverts, dialogues, miscellan\u00e9es, centuries, adages\u2026 existence d\u2019une litt\u00e9rature ayant pour objectif la diffusion du savoir sans toutefois se contraindre \u00e0 des r\u00e8gles formelles strictement pr\u00e9d\u00e9finies. A ce sujet se tiendra un colloque Des <em>Nuits attiques <\/em>aux <em>Jours de f\u00eate <\/em>: circulation des savoirs aux marges de l\u2019encyclop\u00e9die. Colloque international UPEC- 17, 18 et 19 mars 2022.<\/p>\n<p>&nbsp;<\/p>\n<p>&nbsp;<\/p>\n<h1><u>Universit\u00e9 Paris Sorbonne<\/u> H\u00e9l\u00e8ne Casanova-Robin<\/h1>\n<p>S\u00e9minaire : Litt\u00e9rature latine de la Renaissance (jeudi 15h-17h Maison de la recherche, salle D 421)<\/p>\n<p>-Semestre 1 : Mythe et po\u00e9sie : le ciel, les hommes et les dieux, dans la po\u00e9sie latine de la Renaissance<\/p>\n<p>-Semestre 2 : Th\u00e9ories de l\u2019amour et repr\u00e9sentations po\u00e9tiques dans la litt\u00e9rature latine de l\u2019Humanisme et de la Renaissance<\/p>\n<p>&nbsp;<\/p>\n<h1>Lucas Fonseca<\/h1>\n<p>TD sur la renaissance de Catulle au XV<sup>e<\/sup> si\u00e8cle.<\/p>\n<p>&nbsp;<\/p>\n<h1>A.P. Pouey-Mounou<\/h1>\n<p>Atelier XVI<sup>e<\/sup> si\u00e8cle (<a href=\"http:\/\/officinedemercure.org\/\">http:\/\/officinedemercure.org\/<\/a>)<\/p>\n<p>&nbsp;<\/p>\n<h1>\u00c9milie S\u00e9ris<\/h1>\n<p>-CM\/TD de L1 et L2, option \u00ab Litt\u00e9rature et culture latines de la Renaissance \u00bb (S1 et S2) : \u00ab Le nu dans la litt\u00e9rature et les arts de la Renaissance \u00bb.<\/p>\n<p>-CM\/TD de L2, bi-cursus Lettres (Sorbonne) \/Sciences sociales (Sciences Po), S2 : \u00ab Prolongements de l\u2019Antiquit\u00e9 \u00e0 l\u2019\u00e2ge de l\u2019humanisme \u00bb.<\/p>\n<p>-CM de L3, option \u00ab Litt\u00e9rature et culture latines de la Renaissance \u00bb, S1 :<\/p>\n<p>\u00ab La po\u00e9sie n\u00e9o-latine : une revanche des \u00ab\u00a0petits\u00a0\u00bb genres ? \u00bb ; S2 : \u00ab Les humanistes et l&rsquo;histoire: renaissance de la biographie \u00bb.<\/p>\n<p>-Agr\u00e9gation d\u2019italien, \u00e9preuve orale de latin sur auteur : \u00ab P\u00e9trarque, <em>Affrica<\/em>, V \u00bb.<\/p>\n<h1><u>Universit\u00e9 de Picardie Jules Verne<\/u><\/h1>\n<p><strong>Laurence Boul\u00e8gue <\/strong>(<a href=\"mailto:laurence.boulegue@u-picardie.fr\">laurence.boulegue@u-picardie.fr<\/a>)<\/p>\n<p>-CM L3, S2 : \u00ab Po\u00e9sie et philosophie de l\u2019Antiquit\u00e9 \u00e0 la Renaissance \u00bb<\/p>\n<p>-S\u00e9minaire de Master, S1 : \u00ab La question f\u00e9minine en d\u00e9bat dans la pens\u00e9e humaniste (XIV<sup>e<\/sup> -XVI<sup>e<\/sup> si\u00e8cles) mercredi, 14-16h, UFR Lettres.<\/p>\n<p>-S\u00e9minaire de recherche, UR UPJV 4284 TrAme : \u00ab Autour du <em>De mulieribus <\/em>de Mario Equicola &#8211; La question f\u00e9minine \u00e0 l&rsquo;\u00c2ge humaniste \u00bb (\u00e0 partir de f\u00e9vrier 2022).<\/p>\n<p>&nbsp;<\/p>\n<h1><u>Universit\u00e9 de Strasbourg<\/u> James Hirstein<\/h1>\n<p>S\u00e9minaire : \u00ab L\u2019\u00e9dition, la traduction et le commentaire des \u00c9pigrammes (1520) de Johann Sapidus de S\u00e9lestat (1490-1561) \u00bb.<\/p>\n<p>&nbsp;<\/p>\n<h1><u>Universit\u00e9 de Toulouse-Le Mirail<\/u> Anne-H\u00e9l\u00e8ne Klinger-Doll\u00e9<\/h1>\n<p>-S\u00e9minaire de Master Lettres (M1\/M2) : \u00ab Humanisme et Antiquit\u00e9 \u00bb<\/p>\n<p>-Initiation \u00e0 la litt\u00e9rature n\u00e9o-latine (L3 Lettres classiques).<\/p>\n","protected":false},"excerpt":{"rendered":"<p>COURS ET S\u00c9MINAIRES 2021-2022 \u00c9cole Nationale des Chartes Fran\u00e7ois Ploton-Nicollet \u00ab Latin m\u00e9di\u00e9val, aspects linguistiques \u00bb, lundi, 10.30-12.30, 8 nov.-17 d\u00e9c. \u00ab Latin de l\u2019Antiquit\u00e9 tardive, du Moyen \u00c2ge et de la Renaissance, aspects litt\u00e9raires, stylistiques et philologiques \u00bb, lundi, &hellip; <a href=\"https:\/\/www.semen-l.org\/?p=2097\">Continuer la lecture <span class=\"meta-nav\">&rarr;<\/span><\/a><\/p>\n","protected":false},"author":26,"featured_media":1120,"comment_status":"open","ping_status":"open","sticky":false,"template":"","format":"standard","meta":{"footnotes":""},"categories":[5],"tags":[],"class_list":["post-2097","post","type-post","status-publish","format-standard","has-post-thumbnail","hentry","category-cours-et-seminaires"],"yoast_head":"<!-- This site is optimized with the Yoast SEO plugin v27.5 - https:\/\/yoast.com\/product\/yoast-seo-wordpress\/ -->\n<title>Cours et s\u00e9minaires 2021-2022 - Soci\u00e9t\u00e9 d&#039;\u00c9tudes M\u00e9dio Et N\u00e9o-Latines<\/title>\n<meta name=\"robots\" content=\"index, follow, max-snippet:-1, max-image-preview:large, max-video-preview:-1\" \/>\n<link rel=\"canonical\" href=\"https:\/\/www.semen-l.org\/?p=2097\" \/>\n<meta property=\"og:locale\" content=\"fr_FR\" \/>\n<meta property=\"og:type\" content=\"article\" \/>\n<meta property=\"og:title\" content=\"Cours et s\u00e9minaires 2021-2022 - Soci\u00e9t\u00e9 d&#039;\u00c9tudes M\u00e9dio Et N\u00e9o-Latines\" \/>\n<meta property=\"og:description\" content=\"COURS ET S\u00c9MINAIRES 2021-2022 \u00c9cole Nationale des Chartes Fran\u00e7ois Ploton-Nicollet \u00ab Latin m\u00e9di\u00e9val, aspects linguistiques \u00bb, lundi, 10.30-12.30, 8 nov.-17 d\u00e9c. \u00ab Latin de l\u2019Antiquit\u00e9 tardive, du Moyen \u00c2ge et de la Renaissance, aspects litt\u00e9raires, stylistiques et philologiques \u00bb, lundi, &hellip; Continuer la lecture &rarr;\" \/>\n<meta property=\"og:url\" content=\"https:\/\/www.semen-l.org\/?p=2097\" \/>\n<meta property=\"og:site_name\" content=\"Soci\u00e9t\u00e9 d&#039;\u00c9tudes M\u00e9dio Et N\u00e9o-Latines\" \/>\n<meta property=\"article:publisher\" content=\"https:\/\/www.facebook.com\/SEMENL2018\" \/>\n<meta property=\"article:published_time\" content=\"2021-12-31T22:49:38+00:00\" \/>\n<meta property=\"article:modified_time\" content=\"2022-02-01T22:52:28+00:00\" \/>\n<meta property=\"og:image\" content=\"https:\/\/www.semen-l.org\/wp-content\/uploads\/2020\/11\/semen-l-arriere.png\" \/>\n\t<meta property=\"og:image:width\" content=\"294\" \/>\n\t<meta property=\"og:image:height\" content=\"286\" \/>\n\t<meta property=\"og:image:type\" content=\"image\/png\" \/>\n<meta name=\"author\" content=\"Julien Maudoux\" \/>\n<meta name=\"twitter:card\" content=\"summary_large_image\" \/>\n<meta name=\"twitter:label1\" content=\"\u00c9crit par\" \/>\n\t<meta name=\"twitter:data1\" content=\"Julien Maudoux\" \/>\n\t<meta name=\"twitter:label2\" content=\"Dur\u00e9e de lecture estim\u00e9e\" \/>\n\t<meta name=\"twitter:data2\" content=\"9 minutes\" \/>\n<script type=\"application\/ld+json\" class=\"yoast-schema-graph\">{\"@context\":\"https:\\\/\\\/schema.org\",\"@graph\":[{\"@type\":\"Article\",\"@id\":\"https:\\\/\\\/www.semen-l.org\\\/?p=2097#article\",\"isPartOf\":{\"@id\":\"https:\\\/\\\/www.semen-l.org\\\/?p=2097\"},\"author\":{\"name\":\"Julien Maudoux\",\"@id\":\"http:\\\/\\\/www.semen-l.org\\\/#\\\/schema\\\/person\\\/ef5208815f17666727763c5363a51344\"},\"headline\":\"Cours et s\u00e9minaires 2021-2022\",\"datePublished\":\"2021-12-31T22:49:38+00:00\",\"dateModified\":\"2022-02-01T22:52:28+00:00\",\"mainEntityOfPage\":{\"@id\":\"https:\\\/\\\/www.semen-l.org\\\/?p=2097\"},\"wordCount\":1974,\"commentCount\":0,\"publisher\":{\"@id\":\"http:\\\/\\\/www.semen-l.org\\\/#organization\"},\"image\":{\"@id\":\"https:\\\/\\\/www.semen-l.org\\\/?p=2097#primaryimage\"},\"thumbnailUrl\":\"https:\\\/\\\/www.semen-l.org\\\/wp-content\\\/uploads\\\/2020\\\/11\\\/semen-l-arriere.png\",\"articleSection\":[\"Cours et s\u00e9minaires\"],\"inLanguage\":\"fr-FR\",\"potentialAction\":[{\"@type\":\"CommentAction\",\"name\":\"Comment\",\"target\":[\"https:\\\/\\\/www.semen-l.org\\\/?p=2097#respond\"]}]},{\"@type\":\"WebPage\",\"@id\":\"https:\\\/\\\/www.semen-l.org\\\/?p=2097\",\"url\":\"https:\\\/\\\/www.semen-l.org\\\/?p=2097\",\"name\":\"Cours et s\u00e9minaires 2021-2022 - Soci\u00e9t\u00e9 d&#039;\u00c9tudes M\u00e9dio Et N\u00e9o-Latines\",\"isPartOf\":{\"@id\":\"http:\\\/\\\/www.semen-l.org\\\/#website\"},\"primaryImageOfPage\":{\"@id\":\"https:\\\/\\\/www.semen-l.org\\\/?p=2097#primaryimage\"},\"image\":{\"@id\":\"https:\\\/\\\/www.semen-l.org\\\/?p=2097#primaryimage\"},\"thumbnailUrl\":\"https:\\\/\\\/www.semen-l.org\\\/wp-content\\\/uploads\\\/2020\\\/11\\\/semen-l-arriere.png\",\"datePublished\":\"2021-12-31T22:49:38+00:00\",\"dateModified\":\"2022-02-01T22:52:28+00:00\",\"breadcrumb\":{\"@id\":\"https:\\\/\\\/www.semen-l.org\\\/?p=2097#breadcrumb\"},\"inLanguage\":\"fr-FR\",\"potentialAction\":[{\"@type\":\"ReadAction\",\"target\":[\"https:\\\/\\\/www.semen-l.org\\\/?p=2097\"]}]},{\"@type\":\"ImageObject\",\"inLanguage\":\"fr-FR\",\"@id\":\"https:\\\/\\\/www.semen-l.org\\\/?p=2097#primaryimage\",\"url\":\"https:\\\/\\\/www.semen-l.org\\\/wp-content\\\/uploads\\\/2020\\\/11\\\/semen-l-arriere.png\",\"contentUrl\":\"https:\\\/\\\/www.semen-l.org\\\/wp-content\\\/uploads\\\/2020\\\/11\\\/semen-l-arriere.png\",\"width\":294,\"height\":286},{\"@type\":\"BreadcrumbList\",\"@id\":\"https:\\\/\\\/www.semen-l.org\\\/?p=2097#breadcrumb\",\"itemListElement\":[{\"@type\":\"ListItem\",\"position\":1,\"name\":\"Accueil\",\"item\":\"http:\\\/\\\/www.semen-l.org\\\/\"},{\"@type\":\"ListItem\",\"position\":2,\"name\":\"Cours et s\u00e9minaires 2021-2022\"}]},{\"@type\":\"WebSite\",\"@id\":\"http:\\\/\\\/www.semen-l.org\\\/#website\",\"url\":\"http:\\\/\\\/www.semen-l.org\\\/\",\"name\":\"Soci\u00e9t\u00e9 d'\u00c9tudes M\u00e9dio Et N\u00e9o-Latines\",\"description\":\"\",\"publisher\":{\"@id\":\"http:\\\/\\\/www.semen-l.org\\\/#organization\"},\"potentialAction\":[{\"@type\":\"SearchAction\",\"target\":{\"@type\":\"EntryPoint\",\"urlTemplate\":\"http:\\\/\\\/www.semen-l.org\\\/?s={search_term_string}\"},\"query-input\":{\"@type\":\"PropertyValueSpecification\",\"valueRequired\":true,\"valueName\":\"search_term_string\"}}],\"inLanguage\":\"fr-FR\"},{\"@type\":\"Organization\",\"@id\":\"http:\\\/\\\/www.semen-l.org\\\/#organization\",\"name\":\"Soci\u00e9t\u00e9 d'\u00e9tudes m\u00e9dio et n\u00e9o-latines\",\"url\":\"http:\\\/\\\/www.semen-l.org\\\/\",\"logo\":{\"@type\":\"ImageObject\",\"inLanguage\":\"fr-FR\",\"@id\":\"http:\\\/\\\/www.semen-l.org\\\/#\\\/schema\\\/logo\\\/image\\\/\",\"url\":\"http:\\\/\\\/www.semen-l.org\\\/wp-content\\\/uploads\\\/2020\\\/11\\\/logo-semenl.jpg\",\"contentUrl\":\"http:\\\/\\\/www.semen-l.org\\\/wp-content\\\/uploads\\\/2020\\\/11\\\/logo-semenl.jpg\",\"width\":408,\"height\":403,\"caption\":\"Soci\u00e9t\u00e9 d'\u00e9tudes m\u00e9dio et n\u00e9o-latines\"},\"image\":{\"@id\":\"http:\\\/\\\/www.semen-l.org\\\/#\\\/schema\\\/logo\\\/image\\\/\"},\"sameAs\":[\"https:\\\/\\\/www.facebook.com\\\/SEMENL2018\",\"https:\\\/\\\/independent.academia.edu\\\/SocitsdtudesmdioetnolatinesSEMENL\"]},{\"@type\":\"Person\",\"@id\":\"http:\\\/\\\/www.semen-l.org\\\/#\\\/schema\\\/person\\\/ef5208815f17666727763c5363a51344\",\"name\":\"Julien Maudoux\",\"image\":{\"@type\":\"ImageObject\",\"inLanguage\":\"fr-FR\",\"@id\":\"https:\\\/\\\/secure.gravatar.com\\\/avatar\\\/caabf4fb6242e2277733cd35a5c2aa083761ea25dae1d1ff3298b54292225292?s=96&d=mm&r=g\",\"url\":\"https:\\\/\\\/secure.gravatar.com\\\/avatar\\\/caabf4fb6242e2277733cd35a5c2aa083761ea25dae1d1ff3298b54292225292?s=96&d=mm&r=g\",\"contentUrl\":\"https:\\\/\\\/secure.gravatar.com\\\/avatar\\\/caabf4fb6242e2277733cd35a5c2aa083761ea25dae1d1ff3298b54292225292?s=96&d=mm&r=g\",\"caption\":\"Julien Maudoux\"},\"description\":\"Webmestre du site de la SEMEN-L\",\"url\":\"https:\\\/\\\/www.semen-l.org\\\/?author=26\"}]}<\/script>\n<!-- \/ Yoast SEO plugin. -->","yoast_head_json":{"title":"Cours et s\u00e9minaires 2021-2022 - Soci\u00e9t\u00e9 d&#039;\u00c9tudes M\u00e9dio Et N\u00e9o-Latines","robots":{"index":"index","follow":"follow","max-snippet":"max-snippet:-1","max-image-preview":"max-image-preview:large","max-video-preview":"max-video-preview:-1"},"canonical":"https:\/\/www.semen-l.org\/?p=2097","og_locale":"fr_FR","og_type":"article","og_title":"Cours et s\u00e9minaires 2021-2022 - Soci\u00e9t\u00e9 d&#039;\u00c9tudes M\u00e9dio Et N\u00e9o-Latines","og_description":"COURS ET S\u00c9MINAIRES 2021-2022 \u00c9cole Nationale des Chartes Fran\u00e7ois Ploton-Nicollet \u00ab Latin m\u00e9di\u00e9val, aspects linguistiques \u00bb, lundi, 10.30-12.30, 8 nov.-17 d\u00e9c. \u00ab Latin de l\u2019Antiquit\u00e9 tardive, du Moyen \u00c2ge et de la Renaissance, aspects litt\u00e9raires, stylistiques et philologiques \u00bb, lundi, &hellip; Continuer la lecture &rarr;","og_url":"https:\/\/www.semen-l.org\/?p=2097","og_site_name":"Soci\u00e9t\u00e9 d&#039;\u00c9tudes M\u00e9dio Et N\u00e9o-Latines","article_publisher":"https:\/\/www.facebook.com\/SEMENL2018","article_published_time":"2021-12-31T22:49:38+00:00","article_modified_time":"2022-02-01T22:52:28+00:00","og_image":[{"width":294,"height":286,"url":"https:\/\/www.semen-l.org\/wp-content\/uploads\/2020\/11\/semen-l-arriere.png","type":"image\/png"}],"author":"Julien Maudoux","twitter_card":"summary_large_image","twitter_misc":{"\u00c9crit par":"Julien Maudoux","Dur\u00e9e de lecture estim\u00e9e":"9 minutes"},"schema":{"@context":"https:\/\/schema.org","@graph":[{"@type":"Article","@id":"https:\/\/www.semen-l.org\/?p=2097#article","isPartOf":{"@id":"https:\/\/www.semen-l.org\/?p=2097"},"author":{"name":"Julien Maudoux","@id":"http:\/\/www.semen-l.org\/#\/schema\/person\/ef5208815f17666727763c5363a51344"},"headline":"Cours et s\u00e9minaires 2021-2022","datePublished":"2021-12-31T22:49:38+00:00","dateModified":"2022-02-01T22:52:28+00:00","mainEntityOfPage":{"@id":"https:\/\/www.semen-l.org\/?p=2097"},"wordCount":1974,"commentCount":0,"publisher":{"@id":"http:\/\/www.semen-l.org\/#organization"},"image":{"@id":"https:\/\/www.semen-l.org\/?p=2097#primaryimage"},"thumbnailUrl":"https:\/\/www.semen-l.org\/wp-content\/uploads\/2020\/11\/semen-l-arriere.png","articleSection":["Cours et s\u00e9minaires"],"inLanguage":"fr-FR","potentialAction":[{"@type":"CommentAction","name":"Comment","target":["https:\/\/www.semen-l.org\/?p=2097#respond"]}]},{"@type":"WebPage","@id":"https:\/\/www.semen-l.org\/?p=2097","url":"https:\/\/www.semen-l.org\/?p=2097","name":"Cours et s\u00e9minaires 2021-2022 - Soci\u00e9t\u00e9 d&#039;\u00c9tudes M\u00e9dio Et N\u00e9o-Latines","isPartOf":{"@id":"http:\/\/www.semen-l.org\/#website"},"primaryImageOfPage":{"@id":"https:\/\/www.semen-l.org\/?p=2097#primaryimage"},"image":{"@id":"https:\/\/www.semen-l.org\/?p=2097#primaryimage"},"thumbnailUrl":"https:\/\/www.semen-l.org\/wp-content\/uploads\/2020\/11\/semen-l-arriere.png","datePublished":"2021-12-31T22:49:38+00:00","dateModified":"2022-02-01T22:52:28+00:00","breadcrumb":{"@id":"https:\/\/www.semen-l.org\/?p=2097#breadcrumb"},"inLanguage":"fr-FR","potentialAction":[{"@type":"ReadAction","target":["https:\/\/www.semen-l.org\/?p=2097"]}]},{"@type":"ImageObject","inLanguage":"fr-FR","@id":"https:\/\/www.semen-l.org\/?p=2097#primaryimage","url":"https:\/\/www.semen-l.org\/wp-content\/uploads\/2020\/11\/semen-l-arriere.png","contentUrl":"https:\/\/www.semen-l.org\/wp-content\/uploads\/2020\/11\/semen-l-arriere.png","width":294,"height":286},{"@type":"BreadcrumbList","@id":"https:\/\/www.semen-l.org\/?p=2097#breadcrumb","itemListElement":[{"@type":"ListItem","position":1,"name":"Accueil","item":"http:\/\/www.semen-l.org\/"},{"@type":"ListItem","position":2,"name":"Cours et s\u00e9minaires 2021-2022"}]},{"@type":"WebSite","@id":"http:\/\/www.semen-l.org\/#website","url":"http:\/\/www.semen-l.org\/","name":"Soci\u00e9t\u00e9 d'\u00c9tudes M\u00e9dio Et N\u00e9o-Latines","description":"","publisher":{"@id":"http:\/\/www.semen-l.org\/#organization"},"potentialAction":[{"@type":"SearchAction","target":{"@type":"EntryPoint","urlTemplate":"http:\/\/www.semen-l.org\/?s={search_term_string}"},"query-input":{"@type":"PropertyValueSpecification","valueRequired":true,"valueName":"search_term_string"}}],"inLanguage":"fr-FR"},{"@type":"Organization","@id":"http:\/\/www.semen-l.org\/#organization","name":"Soci\u00e9t\u00e9 d'\u00e9tudes m\u00e9dio et n\u00e9o-latines","url":"http:\/\/www.semen-l.org\/","logo":{"@type":"ImageObject","inLanguage":"fr-FR","@id":"http:\/\/www.semen-l.org\/#\/schema\/logo\/image\/","url":"http:\/\/www.semen-l.org\/wp-content\/uploads\/2020\/11\/logo-semenl.jpg","contentUrl":"http:\/\/www.semen-l.org\/wp-content\/uploads\/2020\/11\/logo-semenl.jpg","width":408,"height":403,"caption":"Soci\u00e9t\u00e9 d'\u00e9tudes m\u00e9dio et n\u00e9o-latines"},"image":{"@id":"http:\/\/www.semen-l.org\/#\/schema\/logo\/image\/"},"sameAs":["https:\/\/www.facebook.com\/SEMENL2018","https:\/\/independent.academia.edu\/SocitsdtudesmdioetnolatinesSEMENL"]},{"@type":"Person","@id":"http:\/\/www.semen-l.org\/#\/schema\/person\/ef5208815f17666727763c5363a51344","name":"Julien Maudoux","image":{"@type":"ImageObject","inLanguage":"fr-FR","@id":"https:\/\/secure.gravatar.com\/avatar\/caabf4fb6242e2277733cd35a5c2aa083761ea25dae1d1ff3298b54292225292?s=96&d=mm&r=g","url":"https:\/\/secure.gravatar.com\/avatar\/caabf4fb6242e2277733cd35a5c2aa083761ea25dae1d1ff3298b54292225292?s=96&d=mm&r=g","contentUrl":"https:\/\/secure.gravatar.com\/avatar\/caabf4fb6242e2277733cd35a5c2aa083761ea25dae1d1ff3298b54292225292?s=96&d=mm&r=g","caption":"Julien Maudoux"},"description":"Webmestre du site de la SEMEN-L","url":"https:\/\/www.semen-l.org\/?author=26"}]}},"jetpack_featured_media_url":"https:\/\/www.semen-l.org\/wp-content\/uploads\/2020\/11\/semen-l-arriere.png","_links":{"self":[{"href":"https:\/\/www.semen-l.org\/index.php?rest_route=\/wp\/v2\/posts\/2097","targetHints":{"allow":["GET"]}}],"collection":[{"href":"https:\/\/www.semen-l.org\/index.php?rest_route=\/wp\/v2\/posts"}],"about":[{"href":"https:\/\/www.semen-l.org\/index.php?rest_route=\/wp\/v2\/types\/post"}],"author":[{"embeddable":true,"href":"https:\/\/www.semen-l.org\/index.php?rest_route=\/wp\/v2\/users\/26"}],"replies":[{"embeddable":true,"href":"https:\/\/www.semen-l.org\/index.php?rest_route=%2Fwp%2Fv2%2Fcomments&post=2097"}],"version-history":[{"count":0,"href":"https:\/\/www.semen-l.org\/index.php?rest_route=\/wp\/v2\/posts\/2097\/revisions"}],"wp:featuredmedia":[{"embeddable":true,"href":"https:\/\/www.semen-l.org\/index.php?rest_route=\/wp\/v2\/media\/1120"}],"wp:attachment":[{"href":"https:\/\/www.semen-l.org\/index.php?rest_route=%2Fwp%2Fv2%2Fmedia&parent=2097"}],"wp:term":[{"taxonomy":"category","embeddable":true,"href":"https:\/\/www.semen-l.org\/index.php?rest_route=%2Fwp%2Fv2%2Fcategories&post=2097"},{"taxonomy":"post_tag","embeddable":true,"href":"https:\/\/www.semen-l.org\/index.php?rest_route=%2Fwp%2Fv2%2Ftags&post=2097"}],"curies":[{"name":"wp","href":"https:\/\/api.w.org\/{rel}","templated":true}]}}