{"id":2093,"date":"2021-12-31T22:43:13","date_gmt":"2021-12-31T22:43:13","guid":{"rendered":"https:\/\/www.semen-l.org\/?p=2093"},"modified":"2022-02-05T11:07:16","modified_gmt":"2022-02-05T11:07:16","slug":"colloque-et-projets-de-recherche-decembre-2021","status":"publish","type":"post","link":"https:\/\/www.semen-l.org\/?p=2093","title":{"rendered":"Colloque et projets de recherche (d\u00e9cembre 2021)"},"content":{"rendered":"<h1>Colloques :<\/h1>\n<p><strong>\u00a0<\/strong>30 septembre-1er octobre 2021, Bordeaux, Universit\u00e9 de Bordeaux- Montaigne : \u00ab Meditant \u00e0 part moy les raisons d\u2019un cas si estrange\u2026 \u00bb. R\u00e9cits de cas, r\u00e9cits d\u2019observation et choses m\u00e9morables dans le savoir de la Renaissance, org. Centre Montaigne et Acad\u00e9mie des Sciences, arts et belles<\/p>\n<ul>\n<li>30 septembre-3 octobre 2021, Cerisy, Centre culturel international, \u00ab Po\u00e9sie &amp; politique dans les mondes normands m\u00e9di\u00e9vaux. IX<sup>e<\/sup>-XIII<sup>e<\/sup> si\u00e8cle \u00bb, A. Gautier, M.A. Lucas-Avenel, L. Mathey-Maille<\/li>\n<li>6-8 octobre 2021 de 9h \u00e0 17h, Paris, H\u00f4tel de ville, \u00ab Histoire et transmission de la Passio imaginis Salvatoris \u00bb, colloque international, org. Nick Thate (IRHT)<\/li>\n<li>8 octobre 2021, s\u00e9minaire virtuel international de la FISIER (ReNoV\/ReNeW ), \u00ab Langues, traductions et transferts \u00bb, en visio- conf\u00e9rence.<\/li>\n<li>8 octobre 2021, Toulouse, Universit\u00e9 Toulouse-Jean Jaur\u00e8s, \u00ab L&rsquo;Antiquit\u00e9 apr\u00e8s l&rsquo;Antiquit\u00e9 : un h\u00e9ritage en partage \u00bb, premi\u00e8re journ\u00e9e d\u2019\u00e9tudes, C. Bur, C. Bonnet, A.-H. Klinger-Doll\u00e9, T. Lanfranchi.<\/li>\n<\/ul>\n<ul>\n<li>14-15 octobre 2021, Colloque international, Les jeux sur les mots, les lettres et les sons dans les textes latins, Universit\u00e9 Paris Nanterre, B\u00e2timent Max Weber (grand amphith\u00e9\u00e2tre), org. \u00c9. Wolff (\u00e9quipe THEMAM, UMR 7041 ArScAn ; IUF). Contact : <a href=\"mailto:ewolff@parisnanterre.fr\">ewolff@parisnanterre.fr<\/a><\/li>\n<li>20-21 octobre 2021, Le sommeil. Th\u00e9ories, repr\u00e9sentations et pratiques (Moyen \u00c2ge et \u00c9poque moderne), Universit\u00e9 de Lausanne, B. Andenmatten, K. Crousaz, A. Paravicini Bagliani. Contact : <a href=\"mailto:Bernard.Andenmatten@unil.ch\">Bernard.Andenmatten@unil.ch <\/a>ou <a href=\"mailto:Karine.Crousaz@unil.c\">Karine.Crousaz@unil.c<\/a><\/li>\n<\/ul>\n<ul>\n<li>21-23 octobre 2021, S\u00e9lestat, Biblioth\u00e8que humaniste, \u00ab P\u00e9dagogies de la Renaissance et supports de l\u2019\u00e9crit \u00bb, colloque international, L. Claire, M. Furno, A.-H. Klinger-Doll\u00e9 et L. Naas.<\/li>\n<li>25 octobre 2021, Bordeaux, Universit\u00e9 Bordeaux-Montaigne (salle des th\u00e8ses) : journ\u00e9e d&rsquo;agr\u00e9gation consacr\u00e9e \u00e0 Joachim Du Bellay, 14h-18h.<\/li>\n<li>27 octobre 2021, Bordeaux, Universit\u00e9 Bordeaux-Montaigne : Philippe Desan, le\u00e7on inaugurale pour la rentr\u00e9e solennelle de l&rsquo;\u00e9cole doctorale Montaigne Humanit\u00e9s : \u00ab Montaigne, corps physique et corps social \u00bb.<\/li>\n<li>4-6 2021, Caen, Craham, Colloque Ichtya-GDRI Zoomathia,<\/li>\n<\/ul>\n<p>\u00ab Transmission des savoirs sur les poissons et les animaux aquatiques, textes et images (Antiquit\u00e9, Moyen-Age, XVIe s) \u00bb, org. Th. Buquet, B. Gauvin, A. Zucker.<\/p>\n<ul>\n<li>10 novembre-4 d\u00e9cembre 2021, Bordeaux, Universit\u00e9 Bordeaux- Montaigne : Moi(s) Montaigne 2021, \u00ab Montaigne voyage \u00bb. Diverses rencontres en divers lieux, programme \u00e0 consulter : https:\/\/centre- huma-num.fr\/.<\/li>\n<li>18 novembre 2021, Tours, Colloque international, Nature et soci\u00e9t\u00e9 \u00e0 Rome, r\u00e9alit\u00e9s et repr\u00e9sentations, org. \u00c9. Gavoille et I. G. Mastrorosa.<\/li>\n<li>24 novembre 2021, Aubervilliers, Campus Condorcet, \u00ab Les \u201cr\u00e9v\u00e9lations\u201d comme support de transmission d\u2019un savoir cosmologique \u00bb, journ\u00e9e d\u2019\u00e9tude, I. Draelants, J.-Ch. Coulon et E. Abate (IRHT).<\/li>\n<li>25-25 novembre 2021, Londres, Institut Warburg, \u00ab\u00a0(Re)Ordering the The Mythographic Web through Times\u00a0\u00bb, workshop org. C. Bonhert. Programme et inscriptions : https:\/\/warburg.sas.ac.uk\/node\/8423.<\/li>\n<li>3-4 d\u00e9cembre 2021, Grenoble, Universit\u00e9 Grenoble Alpes, \u00ab Princeps philologorum : L\u2019autorit\u00e9 du philologue dans les \u00e9ditions de textes anciens \u00e0 la Renaissance \u00bb, org. ANR \u00ab IThAC \u00bb et Centre de recherche Translatio (UMR 5316 Litt&amp;Arts). Contact : <a href=\"mailto:ithac@univ-grenoble-alpes.fr\">ithac@univ-grenoble-alpes.fr<\/a><\/li>\n<li>20-21 janvier 2022, Paris, Institut Catholique, \u00ab La raison au Moyen-\u00c2ge \u00bb, colloque international de l\u2019Institut d\u2019\u00c9tudes M\u00e9di\u00e9vales (ICP), D. Poirel.<\/li>\n<li>10-11 f\u00e9vrier 2022, Boulogne-sur-Mer, \u00ab La fabrique des r\u00e9cits m\u00e9di\u00e9- vaux \u00bb, G. Baillet et P. Mourgues.<\/li>\n<li>10-12 f\u00e9vrier 2022, Bonn, Universit\u00e9 de Bonn, D\u00e9partement de Philologie grecque et latine, \u00ab Dimensions and Aspects of Latin Literature of the Baroque Period \u00bb, meeting of The Neo-Latin Society (Die Neulateinische Gesellschaft, DNG). Org Hintzen (b.hintzen@uni-bonn.de) et G. M\u00fcller.<\/li>\n<li>4 mars 2022, Aubervilliers, Campus Condorcet, \u00ab Journ\u00e9e internationale en hommage \u00e0 Denis Muzerelle [pal\u00e9ographie des textes latins] \u00bb, M. Gurrado (IRHT), Gazette du livre m\u00e9di\u00e9val.<\/li>\n<li>17-19 mars 2022, Cr\u00e9teil, UPEC, \u00ab Des Nuits attiques aux Jours de f\u00eate : circulation des savoirs aux marges de l\u2019encyclop\u00e9die \u00bb, colloque international A. Raffarin et T. Miguet. Contact : <a href=\"mailto:thibault.miguet@u-pec.fr\">thibault.miguet@u-pec.fr<\/a> ou <a href=\"mailto:anne.raffarin@u-pec.fr\">anne.raffarin@u-pec.fr<\/a><\/li>\n<li>20-26 mars 2022, Cargese (Corse), Institut d\u2019\u00c9tudes Scientifiques de Cargese, \u00ab Schol\u2019Art \u00bb : \u00ab Les th\u00e9ories modernes des lettres et des arts \u00e0 la lumi\u00e8re de la seconde scolastique (France-Italie, 1500-1700) \u00bb. Spring School organis\u00e9e par l\u2019Universit\u00e9 de Louvain-la-Neuve (Gemca). Promoteurs : Guiderdoni, R. Dekoninck, A. Leblanc, A. Smeesters. Contact : <a href=\"mailto:scholart-cargese@uclouvain.be\">scholart-cargese@uclouvain.be<\/a><\/li>\n<li>mars-avril 2022, Bordeaux, Universit\u00e9 Bordeaux-Montaigne : Moi(s) Montaigne 2022, \u00ab Montaigne voyage II \u00bb : la r\u00e9ception internationale des Programme \u00e0 consulter : https:\/\/centre-montaigne.huma-num.fr\/.<\/li>\n<li>30 mars-2 avril 2022, Dublin, Renaissance Society of America 68th Annual<\/li>\n<li>30 mars-2 avril 2022, Dublin, session double \u00ab La question f\u00e9minine chez les humanistes italiens et fran\u00e7ais. D\u00e9bats \/ II. Repr\u00e9sentations [The feminine question among Italian and French humanists. I. Debates\/II. Representations] \u00bb, org. L. Boul\u00e8gue (UR UPJV 4284 TrAme) &#8211; S. Gambino- Longo (U. Lyon), RSA 68th annual meeting.<\/li>\n<li>30 mars-2 avril 2022, Dublin, table ronde \u00ab Les <em>Opera omnia <\/em>de Jean Second (1511-1536) \u00bb, M. Laureys (U. Bonn) \u2013 V. Leroux (EPHE, PSL), RSA 68th Annual Meeting.<\/li>\n<li>31 mars 2022-1er avril 2022, Bordeaux, Universit\u00e9 Bordeaux-Montaigne : \u00ab Les milieux intellectuels du droit et de la m\u00e9decine \u00bb et \u00ab Le Coll\u00e8ge de Guyenne \u00bb.<\/li>\n<li>31 mai-2 juin, Paris, ENS Ulm, Colloque international Relire la Po\u00e9tique d\u2019Aristote, C. Mauduit, G. Navaud et O. Renaut.<\/li>\n<li>9-11 juin 2021, Dijon, Universit\u00e9 de Bourgogne, \u00ab Latin et grec au Moyen \u00c2ge et \u00e0 la Renaissance \u00bb, congr\u00e8s de la Semen-L, S. Laigneau-Fontaine (sylvie.laigneau-fontaine@sfr.fr) et E. Oudot.<\/li>\n<li>20-22 juin 2022, Aubervilliers, Campus Condorcet et Paris, Bibl. Sainte- Genevi\u00e8ve, \u00ab Scriptor, Cantor &amp; Du chantre au scribe et vice-versa \u00bb, colloque international, org. E. De Luca (univ. Lisbonne), J.-Fr. Goudesenne (IRHT)<\/li>\n<li>23-25 juin \u00a02022,\u00a0 \u00a0Angers\u00a0 \u00a0et\u00a0 \u00a0Tours,\u00a0 \u00a0Archives\u00a0 \u00a0d\u00e9partementales, \u00ab Remembratio codicum. Fragments de manuscrits de chant reconstruits \u00bb, colloque international, org. J.-Fr. Goudesenne, G. Kagan, L. Albiero (IRHT), M.-E. Gautier (BM Angers) et L. Gueit-Montchal (Arch. d\u00e9p. Tours)<\/li>\n<li>1-6 ao\u00fbt 2022, 18e Congr\u00e8s de l\u2019Association Internationale de N\u00e9o-Latin (IANLS),<\/li>\n<li>22- 26 ao\u00fbt 2022, Aubervilliers, Campus Condorcet, 15e congr\u00e8s de la Soci\u00e9t\u00e9 internationale de philosophie m\u00e9di\u00e9vale, M. Brinzei, I. Draelants (IRHT)<\/li>\n<\/ul>\n<h1>Programmes de recherche :<\/h1>\n<ul>\n<li>programme Burgundia humanistica : programme dirig\u00e9 par S. Laigneau- Fontaine, sur les humanistes bourguignons (XVI<sup>e<\/sup> et XVII<sup>e<\/sup> si\u00e8cles). Projet soutenu par le Conseil R\u00e9gional de Bourgogne, par un financement et un contrat doctoral (Elena Ghiringhelli, la Continuation des Fastes d\u2019Ovide par le Dijonnais Claude-Barth\u00e9lemy Morisot (1649), \u00e9dition, traduction, commentaire du livre VII, sous la dir. de S. Laigneau-Fontaine, u. Dijon, et Val\u00e9rie Wampfler, u. Reims). Plusieurs travaux termin\u00e9s ou actuellement en cours appartiennent \u00e0 ce programme, par exemple la publication par N. Istasse de Joannes Ravisius Textor, un r\u00e9gent humaniste \u00e0 l\u2019aube de la Renaissance fran\u00e7aise (Gen\u00e8ve, Droz, 2020) ou l\u2019\u00e9dition, traduction, commentaire en cours de la Gigantomachie de l\u2019Autunois Jacques Guijon (1658). Le corpus est immense et vari\u00e9 (textes de droit, de m\u00e9decine, tumuli, \u00e9loges, correspondances, po\u00e9sies diverses\u2026). Contact : laigneau- <a href=\"mailto:fontaine@u-bourgogne.fr\">fontaine@u-bourgogne.fr.<\/a><\/li>\n<li>programme H<em>uman<\/em>A, Humanismes Aquitains \/ Humanisme Aujourd\u2019hui en Nouvelle Aquitaine, Universit\u00e9 Bordeaux-Montaigne, Centre Montaigne, direction V. Giacomotto-Charra (https:\/\/centre-montaigne.huma-num.fr). Le colloque \u00ab Aquitaniae Latinae (1300-1700) \u00bb, en collaboration avec la SEMEN-L, a \u00e9t\u00e9 report\u00e9 en mars. Contact : <a href=\"mailto:anne.bouscharain@gmail.com\">anne.bouscharain@gmail.com.<\/a><\/li>\n<li>projet CREAMYTHALEX : La r\u00e9ception de l\u2019Antiquit\u00e9 grecque en Promotrice Catherine Gaullier-Bougassas Le projet a d\u2019abord port\u00e9 sur la figure d\u2019Alexandre le Grand et les travaux permis par un financement ANR ont \u00e9t\u00e9 publi\u00e9s dans la collection \u00ab Alexander redivivus \u00bb cr\u00e9\u00e9e durant ce projet chez Brepols : <a href=\"http:\/\/www.brepols.net\/Pages\/BrowseBySeries.aspx?TreeSeries=AR\">http:\/\/www.brepols.net\/Pages\/BrowseBySeries.aspx?TreeSeries=AR.<\/a> Il s\u2019est ensuite \u00e9largi \u00e0 la r\u00e9ception de l\u2019Antiquit\u00e9 grecque d\u2019avant Alexandre. Une nouvelle collection a ainsi \u00e9t\u00e9 cr\u00e9\u00e9e chez Brepols : \u00ab Recherches sur les R\u00e9ceptions de l\u2019Antiquit\u00e9 \u00bb, direction Catherine Gaullier-Bougassas (<a href=\"http:\/\/www.brepols.net\/Pages\/BrowseBySeries.aspx?TreeSeries=RRA&amp;fbc\">http:\/\/www.brepols.net\/Pages\/BrowseBySeries.aspx?TreeSeries=RRA&amp;fbc<\/a> lid=IwAR0MNaU1ZLctpVqzbXIpFzeYEz0c_mIwGFpe1WpVLK7vDUM GOZCVMnYlflQ). Contact : catherine-bougassas@orange.fr).<\/li>\n<li>projet FNS Humanistica Helvetica (avril 2020-mars 2024, Fribourg, Facult\u00e9 des lettres et sciences humaines, D\u00e9partement de philologie classique). Ce projet a pour but de faire conna\u00eetre la litt\u00e9rature latine humaniste du XVI<sup>e<\/sup> si\u00e8cle en Suisse par le biais d\u2019un portail Internet bilingue fran\u00e7ais-allemand (https:\/<a href=\"http:\/\/www.unifr.ch\/go\/humanistica-helvetica)\">\/www<\/a>.<a href=\"http:\/\/www.unifr.ch\/go\/humanistica-helvetica)\">unifr.ch\/go\/humanistica-helvetica).<\/a>\u00a0\u00a0\u00a0\u00a0\u00a0\u00a0\u00a0\u00a0\u00a0\u00a0\u00a0\u00a0\u00a0\u00a0\u00a0\u00a0\u00a0\u00a0\u00a0\u00a0\u00a0\u00a0\u00a0\u00a0\u00a0\u00a0\u00a0\u00a0\u00a0\u00a0\u00a0 Contact : <a href=\"mailto:david.amherdt@unifr.ch\">david.amherdt@unifr.ch<\/a><\/li>\n<li>projet Natale Conti, Mythologia (1567-1527). Les Mythologiae libri decem de Natale Conti, publi\u00e9s pour la premi\u00e8re fois \u00e0 Venise en 1567, servirent d&rsquo;ouvrage de r\u00e9f\u00e9rence dans toute l&rsquo;Europe pendant plus de deux si\u00e8cles : les \u00e9tudiants, les artistes, les po\u00e8tes, les librettistes d&rsquo;op\u00e9ra, les m\u00e9decins, les philosophes et le public lettr\u00e9 de l&rsquo;Europe des XVIe-XVIIIe si\u00e8cles y puis\u00e8rent une connaissance encyclop\u00e9dique sur les cultes et les croyances de l&rsquo;Antiquit\u00e9. Le site Natale Conti, Mythologia, 1567-1627 (https:\/\/eman- org\/Mythologia\/) pr\u00e9sente l\u2019\u00e9dition num\u00e9rique de quatre \u00e9tats de ce texte en mutation (Venise 1567, Francfort 1581, Lyon 1612 et Paris 1627) : plus qu&rsquo;une \u0153uvre, la Mythologie constitue un corpus foisonnant auquel collabor\u00e8rent \u00e9diteurs, correcteurs, traducteurs et graveurs. Le projet est en cours de r\u00e9alisation et accueille volontiers de nouvelles participations. Contact : <a href=\"mailto:celine.bohnert@univ-reims.fr\">celine.bohnert@univ-reims.fr<\/a><\/li>\n<li>projet ANR \u00ab IThAC \u00bb, Universit\u00e9 Grenoble Alpes. Le projet porte sur la r\u00e9ception du th\u00e9\u00e2tre antique au XVIe si\u00e8cle et plus particuli\u00e8rement sur les paratextes th\u00e9\u00e2traux des auteurs anciens \u00e0 la Renaissance (https:\/\/ithac.hypotheses.org\/le-projet). Contact : <a href=\"mailto:ithac@univ-grenoble-alpes.fr\">ithac@univ-grenoble-alpes.fr<\/a><\/li>\n<li>projet de recherche ANR \u00ab LiBer \u00bb sur la traduction de trois D\u00e9cades de Tite-Live par Pierre Bersuire (\u2020 1362), l\u2019Universit\u00e9 Lumi\u00e8re Lyon 2 et le laboratoire CIHAM (Histoire, Arch\u00e9ologie, Litt\u00e9ratures des Mondes Chr\u00e9tiens et Musulmans M\u00e9di\u00e9vaux), UMR 5648. Promoteurs : Maryl\u00e8ne Possama\u00ef et C\u00e9dric Giraud. Contact : <a href=\"mailto:cedric.giraud@unige.ch\">giraud@unige.ch<\/a><\/li>\n<\/ul>\n","protected":false},"excerpt":{"rendered":"<p>Colloques : \u00a030 septembre-1er octobre 2021, Bordeaux, Universit\u00e9 de Bordeaux- Montaigne : \u00ab Meditant \u00e0 part moy les raisons d\u2019un cas si estrange\u2026 \u00bb. R\u00e9cits de cas, r\u00e9cits d\u2019observation et choses m\u00e9morables dans le savoir de la Renaissance, org. Centre &hellip; <a href=\"https:\/\/www.semen-l.org\/?p=2093\">Continuer la lecture <span class=\"meta-nav\">&rarr;<\/span><\/a><\/p>\n","protected":false},"author":26,"featured_media":1201,"comment_status":"open","ping_status":"open","sticky":false,"template":"","format":"standard","meta":{"footnotes":""},"categories":[4],"tags":[],"class_list":["post-2093","post","type-post","status-publish","format-standard","has-post-thumbnail","hentry","category-colloques"],"yoast_head":"<!-- This site is optimized with the Yoast SEO plugin v27.5 - https:\/\/yoast.com\/product\/yoast-seo-wordpress\/ -->\n<title>Colloque et projets de recherche (d\u00e9cembre 2021) - Soci\u00e9t\u00e9 d&#039;\u00c9tudes M\u00e9dio Et N\u00e9o-Latines<\/title>\n<meta name=\"robots\" content=\"index, follow, max-snippet:-1, max-image-preview:large, max-video-preview:-1\" \/>\n<link rel=\"canonical\" href=\"https:\/\/www.semen-l.org\/?p=2093\" \/>\n<meta property=\"og:locale\" content=\"fr_FR\" \/>\n<meta property=\"og:type\" content=\"article\" \/>\n<meta property=\"og:title\" content=\"Colloque et projets de recherche (d\u00e9cembre 2021) - Soci\u00e9t\u00e9 d&#039;\u00c9tudes M\u00e9dio Et N\u00e9o-Latines\" \/>\n<meta property=\"og:description\" content=\"Colloques : \u00a030 septembre-1er octobre 2021, Bordeaux, Universit\u00e9 de Bordeaux- Montaigne : \u00ab Meditant \u00e0 part moy les raisons d\u2019un cas si estrange\u2026 \u00bb. R\u00e9cits de cas, r\u00e9cits d\u2019observation et choses m\u00e9morables dans le savoir de la Renaissance, org. Centre &hellip; Continuer la lecture &rarr;\" \/>\n<meta property=\"og:url\" content=\"https:\/\/www.semen-l.org\/?p=2093\" \/>\n<meta property=\"og:site_name\" content=\"Soci\u00e9t\u00e9 d&#039;\u00c9tudes M\u00e9dio Et N\u00e9o-Latines\" \/>\n<meta property=\"article:publisher\" content=\"https:\/\/www.facebook.com\/SEMENL2018\" \/>\n<meta property=\"article:published_time\" content=\"2021-12-31T22:43:13+00:00\" \/>\n<meta property=\"article:modified_time\" content=\"2022-02-05T11:07:16+00:00\" \/>\n<meta property=\"og:image\" content=\"https:\/\/www.semen-l.org\/wp-content\/uploads\/2020\/11\/ecole-athenes-categorie.jpg\" \/>\n\t<meta property=\"og:image:width\" content=\"1000\" \/>\n\t<meta property=\"og:image:height\" content=\"300\" \/>\n\t<meta property=\"og:image:type\" content=\"image\/jpeg\" \/>\n<meta name=\"author\" content=\"Julien Maudoux\" \/>\n<meta name=\"twitter:card\" content=\"summary_large_image\" \/>\n<meta name=\"twitter:label1\" content=\"\u00c9crit par\" \/>\n\t<meta name=\"twitter:data1\" content=\"Julien Maudoux\" \/>\n\t<meta name=\"twitter:label2\" content=\"Dur\u00e9e de lecture estim\u00e9e\" \/>\n\t<meta name=\"twitter:data2\" content=\"8 minutes\" \/>\n<script type=\"application\/ld+json\" class=\"yoast-schema-graph\">{\"@context\":\"https:\\\/\\\/schema.org\",\"@graph\":[{\"@type\":\"Article\",\"@id\":\"https:\\\/\\\/www.semen-l.org\\\/?p=2093#article\",\"isPartOf\":{\"@id\":\"https:\\\/\\\/www.semen-l.org\\\/?p=2093\"},\"author\":{\"name\":\"Julien Maudoux\",\"@id\":\"http:\\\/\\\/www.semen-l.org\\\/#\\\/schema\\\/person\\\/ef5208815f17666727763c5363a51344\"},\"headline\":\"Colloque et projets de recherche (d\u00e9cembre 2021)\",\"datePublished\":\"2021-12-31T22:43:13+00:00\",\"dateModified\":\"2022-02-05T11:07:16+00:00\",\"mainEntityOfPage\":{\"@id\":\"https:\\\/\\\/www.semen-l.org\\\/?p=2093\"},\"wordCount\":1566,\"commentCount\":0,\"publisher\":{\"@id\":\"http:\\\/\\\/www.semen-l.org\\\/#organization\"},\"image\":{\"@id\":\"https:\\\/\\\/www.semen-l.org\\\/?p=2093#primaryimage\"},\"thumbnailUrl\":\"https:\\\/\\\/www.semen-l.org\\\/wp-content\\\/uploads\\\/2020\\\/11\\\/ecole-athenes-categorie.jpg\",\"articleSection\":[\"Colloques\"],\"inLanguage\":\"fr-FR\",\"potentialAction\":[{\"@type\":\"CommentAction\",\"name\":\"Comment\",\"target\":[\"https:\\\/\\\/www.semen-l.org\\\/?p=2093#respond\"]}]},{\"@type\":\"WebPage\",\"@id\":\"https:\\\/\\\/www.semen-l.org\\\/?p=2093\",\"url\":\"https:\\\/\\\/www.semen-l.org\\\/?p=2093\",\"name\":\"Colloque et projets de recherche (d\u00e9cembre 2021) - Soci\u00e9t\u00e9 d&#039;\u00c9tudes M\u00e9dio Et N\u00e9o-Latines\",\"isPartOf\":{\"@id\":\"http:\\\/\\\/www.semen-l.org\\\/#website\"},\"primaryImageOfPage\":{\"@id\":\"https:\\\/\\\/www.semen-l.org\\\/?p=2093#primaryimage\"},\"image\":{\"@id\":\"https:\\\/\\\/www.semen-l.org\\\/?p=2093#primaryimage\"},\"thumbnailUrl\":\"https:\\\/\\\/www.semen-l.org\\\/wp-content\\\/uploads\\\/2020\\\/11\\\/ecole-athenes-categorie.jpg\",\"datePublished\":\"2021-12-31T22:43:13+00:00\",\"dateModified\":\"2022-02-05T11:07:16+00:00\",\"breadcrumb\":{\"@id\":\"https:\\\/\\\/www.semen-l.org\\\/?p=2093#breadcrumb\"},\"inLanguage\":\"fr-FR\",\"potentialAction\":[{\"@type\":\"ReadAction\",\"target\":[\"https:\\\/\\\/www.semen-l.org\\\/?p=2093\"]}]},{\"@type\":\"ImageObject\",\"inLanguage\":\"fr-FR\",\"@id\":\"https:\\\/\\\/www.semen-l.org\\\/?p=2093#primaryimage\",\"url\":\"https:\\\/\\\/www.semen-l.org\\\/wp-content\\\/uploads\\\/2020\\\/11\\\/ecole-athenes-categorie.jpg\",\"contentUrl\":\"https:\\\/\\\/www.semen-l.org\\\/wp-content\\\/uploads\\\/2020\\\/11\\\/ecole-athenes-categorie.jpg\",\"width\":1000,\"height\":300},{\"@type\":\"BreadcrumbList\",\"@id\":\"https:\\\/\\\/www.semen-l.org\\\/?p=2093#breadcrumb\",\"itemListElement\":[{\"@type\":\"ListItem\",\"position\":1,\"name\":\"Accueil\",\"item\":\"http:\\\/\\\/www.semen-l.org\\\/\"},{\"@type\":\"ListItem\",\"position\":2,\"name\":\"Colloque et projets de recherche (d\u00e9cembre 2021)\"}]},{\"@type\":\"WebSite\",\"@id\":\"http:\\\/\\\/www.semen-l.org\\\/#website\",\"url\":\"http:\\\/\\\/www.semen-l.org\\\/\",\"name\":\"Soci\u00e9t\u00e9 d'\u00c9tudes M\u00e9dio Et N\u00e9o-Latines\",\"description\":\"\",\"publisher\":{\"@id\":\"http:\\\/\\\/www.semen-l.org\\\/#organization\"},\"potentialAction\":[{\"@type\":\"SearchAction\",\"target\":{\"@type\":\"EntryPoint\",\"urlTemplate\":\"http:\\\/\\\/www.semen-l.org\\\/?s={search_term_string}\"},\"query-input\":{\"@type\":\"PropertyValueSpecification\",\"valueRequired\":true,\"valueName\":\"search_term_string\"}}],\"inLanguage\":\"fr-FR\"},{\"@type\":\"Organization\",\"@id\":\"http:\\\/\\\/www.semen-l.org\\\/#organization\",\"name\":\"Soci\u00e9t\u00e9 d'\u00e9tudes m\u00e9dio et n\u00e9o-latines\",\"url\":\"http:\\\/\\\/www.semen-l.org\\\/\",\"logo\":{\"@type\":\"ImageObject\",\"inLanguage\":\"fr-FR\",\"@id\":\"http:\\\/\\\/www.semen-l.org\\\/#\\\/schema\\\/logo\\\/image\\\/\",\"url\":\"http:\\\/\\\/www.semen-l.org\\\/wp-content\\\/uploads\\\/2020\\\/11\\\/logo-semenl.jpg\",\"contentUrl\":\"http:\\\/\\\/www.semen-l.org\\\/wp-content\\\/uploads\\\/2020\\\/11\\\/logo-semenl.jpg\",\"width\":408,\"height\":403,\"caption\":\"Soci\u00e9t\u00e9 d'\u00e9tudes m\u00e9dio et n\u00e9o-latines\"},\"image\":{\"@id\":\"http:\\\/\\\/www.semen-l.org\\\/#\\\/schema\\\/logo\\\/image\\\/\"},\"sameAs\":[\"https:\\\/\\\/www.facebook.com\\\/SEMENL2018\",\"https:\\\/\\\/independent.academia.edu\\\/SocitsdtudesmdioetnolatinesSEMENL\"]},{\"@type\":\"Person\",\"@id\":\"http:\\\/\\\/www.semen-l.org\\\/#\\\/schema\\\/person\\\/ef5208815f17666727763c5363a51344\",\"name\":\"Julien Maudoux\",\"image\":{\"@type\":\"ImageObject\",\"inLanguage\":\"fr-FR\",\"@id\":\"https:\\\/\\\/secure.gravatar.com\\\/avatar\\\/caabf4fb6242e2277733cd35a5c2aa083761ea25dae1d1ff3298b54292225292?s=96&d=mm&r=g\",\"url\":\"https:\\\/\\\/secure.gravatar.com\\\/avatar\\\/caabf4fb6242e2277733cd35a5c2aa083761ea25dae1d1ff3298b54292225292?s=96&d=mm&r=g\",\"contentUrl\":\"https:\\\/\\\/secure.gravatar.com\\\/avatar\\\/caabf4fb6242e2277733cd35a5c2aa083761ea25dae1d1ff3298b54292225292?s=96&d=mm&r=g\",\"caption\":\"Julien Maudoux\"},\"description\":\"Webmestre du site de la SEMEN-L\",\"url\":\"https:\\\/\\\/www.semen-l.org\\\/?author=26\"}]}<\/script>\n<!-- \/ Yoast SEO plugin. -->","yoast_head_json":{"title":"Colloque et projets de recherche (d\u00e9cembre 2021) - Soci\u00e9t\u00e9 d&#039;\u00c9tudes M\u00e9dio Et N\u00e9o-Latines","robots":{"index":"index","follow":"follow","max-snippet":"max-snippet:-1","max-image-preview":"max-image-preview:large","max-video-preview":"max-video-preview:-1"},"canonical":"https:\/\/www.semen-l.org\/?p=2093","og_locale":"fr_FR","og_type":"article","og_title":"Colloque et projets de recherche (d\u00e9cembre 2021) - Soci\u00e9t\u00e9 d&#039;\u00c9tudes M\u00e9dio Et N\u00e9o-Latines","og_description":"Colloques : \u00a030 septembre-1er octobre 2021, Bordeaux, Universit\u00e9 de Bordeaux- Montaigne : \u00ab Meditant \u00e0 part moy les raisons d\u2019un cas si estrange\u2026 \u00bb. R\u00e9cits de cas, r\u00e9cits d\u2019observation et choses m\u00e9morables dans le savoir de la Renaissance, org. Centre &hellip; Continuer la lecture &rarr;","og_url":"https:\/\/www.semen-l.org\/?p=2093","og_site_name":"Soci\u00e9t\u00e9 d&#039;\u00c9tudes M\u00e9dio Et N\u00e9o-Latines","article_publisher":"https:\/\/www.facebook.com\/SEMENL2018","article_published_time":"2021-12-31T22:43:13+00:00","article_modified_time":"2022-02-05T11:07:16+00:00","og_image":[{"width":1000,"height":300,"url":"https:\/\/www.semen-l.org\/wp-content\/uploads\/2020\/11\/ecole-athenes-categorie.jpg","type":"image\/jpeg"}],"author":"Julien Maudoux","twitter_card":"summary_large_image","twitter_misc":{"\u00c9crit par":"Julien Maudoux","Dur\u00e9e de lecture estim\u00e9e":"8 minutes"},"schema":{"@context":"https:\/\/schema.org","@graph":[{"@type":"Article","@id":"https:\/\/www.semen-l.org\/?p=2093#article","isPartOf":{"@id":"https:\/\/www.semen-l.org\/?p=2093"},"author":{"name":"Julien Maudoux","@id":"http:\/\/www.semen-l.org\/#\/schema\/person\/ef5208815f17666727763c5363a51344"},"headline":"Colloque et projets de recherche (d\u00e9cembre 2021)","datePublished":"2021-12-31T22:43:13+00:00","dateModified":"2022-02-05T11:07:16+00:00","mainEntityOfPage":{"@id":"https:\/\/www.semen-l.org\/?p=2093"},"wordCount":1566,"commentCount":0,"publisher":{"@id":"http:\/\/www.semen-l.org\/#organization"},"image":{"@id":"https:\/\/www.semen-l.org\/?p=2093#primaryimage"},"thumbnailUrl":"https:\/\/www.semen-l.org\/wp-content\/uploads\/2020\/11\/ecole-athenes-categorie.jpg","articleSection":["Colloques"],"inLanguage":"fr-FR","potentialAction":[{"@type":"CommentAction","name":"Comment","target":["https:\/\/www.semen-l.org\/?p=2093#respond"]}]},{"@type":"WebPage","@id":"https:\/\/www.semen-l.org\/?p=2093","url":"https:\/\/www.semen-l.org\/?p=2093","name":"Colloque et projets de recherche (d\u00e9cembre 2021) - Soci\u00e9t\u00e9 d&#039;\u00c9tudes M\u00e9dio Et N\u00e9o-Latines","isPartOf":{"@id":"http:\/\/www.semen-l.org\/#website"},"primaryImageOfPage":{"@id":"https:\/\/www.semen-l.org\/?p=2093#primaryimage"},"image":{"@id":"https:\/\/www.semen-l.org\/?p=2093#primaryimage"},"thumbnailUrl":"https:\/\/www.semen-l.org\/wp-content\/uploads\/2020\/11\/ecole-athenes-categorie.jpg","datePublished":"2021-12-31T22:43:13+00:00","dateModified":"2022-02-05T11:07:16+00:00","breadcrumb":{"@id":"https:\/\/www.semen-l.org\/?p=2093#breadcrumb"},"inLanguage":"fr-FR","potentialAction":[{"@type":"ReadAction","target":["https:\/\/www.semen-l.org\/?p=2093"]}]},{"@type":"ImageObject","inLanguage":"fr-FR","@id":"https:\/\/www.semen-l.org\/?p=2093#primaryimage","url":"https:\/\/www.semen-l.org\/wp-content\/uploads\/2020\/11\/ecole-athenes-categorie.jpg","contentUrl":"https:\/\/www.semen-l.org\/wp-content\/uploads\/2020\/11\/ecole-athenes-categorie.jpg","width":1000,"height":300},{"@type":"BreadcrumbList","@id":"https:\/\/www.semen-l.org\/?p=2093#breadcrumb","itemListElement":[{"@type":"ListItem","position":1,"name":"Accueil","item":"http:\/\/www.semen-l.org\/"},{"@type":"ListItem","position":2,"name":"Colloque et projets de recherche (d\u00e9cembre 2021)"}]},{"@type":"WebSite","@id":"http:\/\/www.semen-l.org\/#website","url":"http:\/\/www.semen-l.org\/","name":"Soci\u00e9t\u00e9 d'\u00c9tudes M\u00e9dio Et N\u00e9o-Latines","description":"","publisher":{"@id":"http:\/\/www.semen-l.org\/#organization"},"potentialAction":[{"@type":"SearchAction","target":{"@type":"EntryPoint","urlTemplate":"http:\/\/www.semen-l.org\/?s={search_term_string}"},"query-input":{"@type":"PropertyValueSpecification","valueRequired":true,"valueName":"search_term_string"}}],"inLanguage":"fr-FR"},{"@type":"Organization","@id":"http:\/\/www.semen-l.org\/#organization","name":"Soci\u00e9t\u00e9 d'\u00e9tudes m\u00e9dio et n\u00e9o-latines","url":"http:\/\/www.semen-l.org\/","logo":{"@type":"ImageObject","inLanguage":"fr-FR","@id":"http:\/\/www.semen-l.org\/#\/schema\/logo\/image\/","url":"http:\/\/www.semen-l.org\/wp-content\/uploads\/2020\/11\/logo-semenl.jpg","contentUrl":"http:\/\/www.semen-l.org\/wp-content\/uploads\/2020\/11\/logo-semenl.jpg","width":408,"height":403,"caption":"Soci\u00e9t\u00e9 d'\u00e9tudes m\u00e9dio et n\u00e9o-latines"},"image":{"@id":"http:\/\/www.semen-l.org\/#\/schema\/logo\/image\/"},"sameAs":["https:\/\/www.facebook.com\/SEMENL2018","https:\/\/independent.academia.edu\/SocitsdtudesmdioetnolatinesSEMENL"]},{"@type":"Person","@id":"http:\/\/www.semen-l.org\/#\/schema\/person\/ef5208815f17666727763c5363a51344","name":"Julien Maudoux","image":{"@type":"ImageObject","inLanguage":"fr-FR","@id":"https:\/\/secure.gravatar.com\/avatar\/caabf4fb6242e2277733cd35a5c2aa083761ea25dae1d1ff3298b54292225292?s=96&d=mm&r=g","url":"https:\/\/secure.gravatar.com\/avatar\/caabf4fb6242e2277733cd35a5c2aa083761ea25dae1d1ff3298b54292225292?s=96&d=mm&r=g","contentUrl":"https:\/\/secure.gravatar.com\/avatar\/caabf4fb6242e2277733cd35a5c2aa083761ea25dae1d1ff3298b54292225292?s=96&d=mm&r=g","caption":"Julien Maudoux"},"description":"Webmestre du site de la SEMEN-L","url":"https:\/\/www.semen-l.org\/?author=26"}]}},"jetpack_featured_media_url":"https:\/\/www.semen-l.org\/wp-content\/uploads\/2020\/11\/ecole-athenes-categorie.jpg","_links":{"self":[{"href":"https:\/\/www.semen-l.org\/index.php?rest_route=\/wp\/v2\/posts\/2093","targetHints":{"allow":["GET"]}}],"collection":[{"href":"https:\/\/www.semen-l.org\/index.php?rest_route=\/wp\/v2\/posts"}],"about":[{"href":"https:\/\/www.semen-l.org\/index.php?rest_route=\/wp\/v2\/types\/post"}],"author":[{"embeddable":true,"href":"https:\/\/www.semen-l.org\/index.php?rest_route=\/wp\/v2\/users\/26"}],"replies":[{"embeddable":true,"href":"https:\/\/www.semen-l.org\/index.php?rest_route=%2Fwp%2Fv2%2Fcomments&post=2093"}],"version-history":[{"count":0,"href":"https:\/\/www.semen-l.org\/index.php?rest_route=\/wp\/v2\/posts\/2093\/revisions"}],"wp:featuredmedia":[{"embeddable":true,"href":"https:\/\/www.semen-l.org\/index.php?rest_route=\/wp\/v2\/media\/1201"}],"wp:attachment":[{"href":"https:\/\/www.semen-l.org\/index.php?rest_route=%2Fwp%2Fv2%2Fmedia&parent=2093"}],"wp:term":[{"taxonomy":"category","embeddable":true,"href":"https:\/\/www.semen-l.org\/index.php?rest_route=%2Fwp%2Fv2%2Fcategories&post=2093"},{"taxonomy":"post_tag","embeddable":true,"href":"https:\/\/www.semen-l.org\/index.php?rest_route=%2Fwp%2Fv2%2Ftags&post=2093"}],"curies":[{"name":"wp","href":"https:\/\/api.w.org\/{rel}","templated":true}]}}