{"id":2006,"date":"2022-01-29T11:26:04","date_gmt":"2022-01-29T11:26:04","guid":{"rendered":"https:\/\/www.semen-l.org\/?p=2006"},"modified":"2022-01-29T15:28:45","modified_gmt":"2022-01-29T15:28:45","slug":"theses-en-cours-2021-2022","status":"publish","type":"post","link":"https:\/\/www.semen-l.org\/?p=2006","title":{"rendered":"Th\u00e8ses en cours 2021-2022"},"content":{"rendered":"\t\t<div data-elementor-type=\"wp-post\" data-elementor-id=\"2006\" class=\"elementor elementor-2006\">\n\t\t\t\t\t\t<section class=\"elementor-section elementor-top-section elementor-element elementor-element-b6bde0e elementor-section-boxed elementor-section-height-default elementor-section-height-default\" data-id=\"b6bde0e\" data-element_type=\"section\" data-e-type=\"section\">\n\t\t\t\t\t\t<div class=\"elementor-container elementor-column-gap-default\">\n\t\t\t\t\t<div class=\"elementor-column elementor-col-100 elementor-top-column elementor-element elementor-element-cc6761c\" data-id=\"cc6761c\" data-element_type=\"column\" data-e-type=\"column\">\n\t\t\t<div class=\"elementor-widget-wrap elementor-element-populated\">\n\t\t\t\t\t\t<div class=\"elementor-element elementor-element-1222693 elementor-widget elementor-widget-heading\" data-id=\"1222693\" data-element_type=\"widget\" data-e-type=\"widget\" data-widget_type=\"heading.default\">\n\t\t\t\t<div class=\"elementor-widget-container\">\n\t\t\t\t\t<h2 class=\"elementor-heading-title elementor-size-default\">Le document en .pdf<\/h2>\t\t\t\t<\/div>\n\t\t\t\t<\/div>\n\t\t\t\t\t<\/div>\n\t\t<\/div>\n\t\t\t\t\t<\/div>\n\t\t<\/section>\n\t\t\t\t<section class=\"elementor-section elementor-top-section elementor-element elementor-element-dbb3fa6 elementor-section-boxed elementor-section-height-default elementor-section-height-default\" data-id=\"dbb3fa6\" data-element_type=\"section\" data-e-type=\"section\">\n\t\t\t\t\t\t<div class=\"elementor-container elementor-column-gap-default\">\n\t\t\t\t\t<div class=\"elementor-column elementor-col-100 elementor-top-column elementor-element elementor-element-db5231d\" data-id=\"db5231d\" data-element_type=\"column\" data-e-type=\"column\">\n\t\t\t<div class=\"elementor-widget-wrap elementor-element-populated\">\n\t\t\t\t\t\t<div class=\"elementor-element elementor-element-fb07f16 elementor-widget elementor-widget-shortcode\" data-id=\"fb07f16\" data-element_type=\"widget\" data-e-type=\"widget\" data-widget_type=\"shortcode.default\">\n\t\t\t\t<div class=\"elementor-widget-container\">\n\t\t\t\t\t\t\t<div class=\"elementor-shortcode\"><a href=\"https:\/\/www.semen-l.org\/wp-content\/uploads\/2022\/01\/theses-dec-21.pdf\" class=\"pdfemb-viewer\" style=\"\" data-width=\"max\" data-height=\"max\" data-toolbar=\"both\" data-toolbar-fixed=\"off\">theses-dec-21<\/a><\/div>\n\t\t\t\t\t\t<\/div>\n\t\t\t\t<\/div>\n\t\t\t\t\t<\/div>\n\t\t<\/div>\n\t\t\t\t\t<\/div>\n\t\t<\/section>\n\t\t\t\t<section class=\"elementor-section elementor-top-section elementor-element elementor-element-43839e5 elementor-section-boxed elementor-section-height-default elementor-section-height-default\" data-id=\"43839e5\" data-element_type=\"section\" data-e-type=\"section\">\n\t\t\t\t\t\t<div class=\"elementor-container elementor-column-gap-default\">\n\t\t\t\t\t<div class=\"elementor-column elementor-col-100 elementor-top-column elementor-element elementor-element-587767c\" data-id=\"587767c\" data-element_type=\"column\" data-e-type=\"column\">\n\t\t\t<div class=\"elementor-widget-wrap elementor-element-populated\">\n\t\t\t\t\t\t<div class=\"elementor-element elementor-element-d0d58de elementor-widget elementor-widget-heading\" data-id=\"d0d58de\" data-element_type=\"widget\" data-e-type=\"widget\" data-widget_type=\"heading.default\">\n\t\t\t\t<div class=\"elementor-widget-container\">\n\t\t\t\t\t<h2 class=\"elementor-heading-title elementor-size-default\">Version texte (incluant les r\u00e9sum\u00e9s de theses.fr lorsqu'ils sont disponibles)<\/h2>\t\t\t\t<\/div>\n\t\t\t\t<\/div>\n\t\t\t\t\t<\/div>\n\t\t<\/div>\n\t\t\t\t\t<\/div>\n\t\t<\/section>\n\t\t\t\t<section class=\"elementor-section elementor-top-section elementor-element elementor-element-98bf32d elementor-section-boxed elementor-section-height-default elementor-section-height-default\" data-id=\"98bf32d\" data-element_type=\"section\" data-e-type=\"section\">\n\t\t\t\t\t\t<div class=\"elementor-container elementor-column-gap-default\">\n\t\t\t\t\t<div class=\"elementor-column elementor-col-100 elementor-top-column elementor-element elementor-element-1e14f72\" data-id=\"1e14f72\" data-element_type=\"column\" data-e-type=\"column\">\n\t\t\t<div class=\"elementor-widget-wrap elementor-element-populated\">\n\t\t\t\t\t\t<div class=\"elementor-element elementor-element-3a247b4 elementor-widget elementor-widget-text-editor\" data-id=\"3a247b4\" data-element_type=\"widget\" data-e-type=\"widget\" data-widget_type=\"text-editor.default\">\n\t\t\t\t<div class=\"elementor-widget-container\">\n\t\t\t\t\t\t\t\t\t<p><strong><em>\u00c9cole Nationale des Chartes<\/em><\/strong><\/p><p>Guignard, Nicolas, <a href=\"https:\/\/theses.fr\/s306175\"><em>La pens\u00e9e politique d\u2019H\u00e9linand de Froidmont au travers du Cronicon<\/em><\/a>, co-dir. Fr. Ploton-Nicollet et P. Arabeyre.<\/p><blockquote><p>Le but de cette th\u00e8se est de montrer et d&rsquo;analyser la port\u00e9e politique, juridique et litt\u00e9raire de l&rsquo;\u0153uvre du cistercien H\u00e9linand de Froidmont (1160-1230 ca.). Ce travail inclura l&rsquo;\u00e9dition critique, traduite et comment\u00e9e, du De bono regimine principis, trait\u00e9 en forme de miroir du prince qui constitue le long chapitre 38 du livre XI de la Chronique universelle. Ce trait\u00e9 nous est parvenu au travers d&rsquo;un tout petit nombre de manuscrits et a \u00e9t\u00e9 notamment compil\u00e9 par le dominicain Vincent de Beauvais. Afin de r\u00e9aliser l&rsquo;\u00e9dition scientifique De bono regimine principis, les diff\u00e9rentes sources de ce texte devront faire l&rsquo;objet d&rsquo;un examen syst\u00e9matique. Les diff\u00e9rents emprunts \u00e0 la tradition biblique et \u00e0 la litt\u00e9rature latine qui sont convoqu\u00e9s dans le trait\u00e9 d&rsquo;H\u00e9linand de Froidmont seront \u00e9galement analys\u00e9s. Il sera montr\u00e9 en quoi ces outils rh\u00e9toriques participent \u00e0 fa\u00e7onner un v\u00e9ritable portrait du roi et \u00e0 donner du pouvoir royal un visage id\u00e9al. Enfin, les diff\u00e9rentes formes du pouvoir princier seront approch\u00e9es par le prisme du genre litt\u00e9raire qu&rsquo;est le miroir des princes.<\/p><\/blockquote><p>Sz\u00e9kely-Calma, Iulia, <em><a href=\"https:\/\/theses.fr\/s280323\">Le succ\u00e8s m\u00e9di\u00e9val d&rsquo;un pseudo-Aristote. \u00c9dition et \u00e9tude de la diffusion du Liber de causis (XIIIe-XVIe si\u00e8cles)<\/a>,<\/em> co-dir. Fr. Ploton-Nicollet et D. Poirel (EPHE).<\/p><blockquote><p>Le pr\u00e9sent doctorat se propose de r\u00e9aliser une nouvelle \u00e9dition latine du Liber de causis et d&rsquo;\u00e9tudier sa diffusion durant la p\u00e9riode m\u00e9di\u00e9vale \u00e0 partir de tous les t\u00e9moins manuscrits connus. En d\u00e9pit des diverses attributions dont il a fait l&rsquo;objet au Moyen \u00c2ge, l&rsquo;origine du Liber remonte \u00e0 l&rsquo;\u00e9cole grecque n\u00e9oplatonicienne en passant ensuite par le monde arabe islamique. Inspir\u00e9 par l&rsquo;Elementatio theologica de Proclus (412-485), un texte \u00e9crit sous forme de 211 propositions axiomatiques portant sur les premiers principes de l&rsquo;univers, il fut abr\u00e9g\u00e9 et retravaill\u00e9 \u00e0 Bagdad, vers le milieu du IXe si\u00e8cle, dans l&rsquo;entourage du philosophe Al-Kindi. Le Liber de causis fut souvent attribu\u00e9 \u00e0 Aristote et consid\u00e9r\u00e9 comme le compl\u00e9ment de sa M\u00e9taphysique ; de ce fait, les deux trait\u00e9s furent introduits dans le curriculum de la facult\u00e9 des arts de Paris, afin d&rsquo;\u00eatre lus et enseign\u00e9s ensemble, puis interdits \u00e0 plusieurs reprises \u00e0 l&rsquo;occasion des censures successives visant l&rsquo;enseignement de certains textes d&rsquo;Aristote en 1210, 1215 et 1231. L&rsquo;opuscule fut comment\u00e9 tout au long du XIIIe si\u00e8cle par des th\u00e9ologiens et ma\u00eetres \u00e8s arts de grande renomm\u00e9e comme Roger Bacon, Albert le Grand, Thomas d&rsquo;Aquin, Gilles de Rome, Pierre d&rsquo;Auvergne, Siger de Brabant etc., mais la tradition des commentaires continua de se d\u00e9ployer aussi dans les XIVe et XVe si\u00e8cles. Cette r\u00e9ception tardive est moins connue et, bien qu&rsquo;elle continu\u00e2t d&rsquo;exister en Occident, elle commen\u00e7a \u00e0 se d\u00e9placer vers l&rsquo;Europe centrale, au sein des nouvelles universit\u00e9s fond\u00e9es dans le Saint-Empire romain germanique. Le nombre des manuscrits qui transmettent le texte latin du De causis d\u00e9passe actuellement 260 et l&rsquo;on d\u00e9nombre \u00e9galement 91 commentaires (38 commentaires continus, 37 ensembles de gloses, 16 questions quodlib\u00e9tiques). Pour l&rsquo;\u00e9dition latine, nous nous proposons de consulter l&rsquo;ensemble des manuscrits comprenant le texte et les commentaires o\u00f9 ont \u00e9t\u00e9 transcrites des portions plus amples de l&rsquo;opuscule. Par cet examen pouss\u00e9 des t\u00e9moins, nous donnerons une \u00e9dition plus compl\u00e8te (l&rsquo;ancienne \u00e9dition s&rsquo;est appuy\u00e9e sur la collation de dix manuscrits seulement, ici et l\u00e0 compl\u00e9t\u00e9e par la consultation ponctuelle de 80 manuscrits : A. Pattin, &lsquo;Le Liber de causis. \u00c9dition \u00e9tablie \u00e0 l&rsquo;aide de 90 manuscrits avec introduction et notes&rsquo;, Tijdschrift Voor Filosofie 28 (1966), p. 90-203) et chercherons \u00e0 retracer la diffusion de l&rsquo;ensemble de ce corpus en Europe occidentale aussi bien que centrale et, en cons\u00e9quence, \u00e0 r\u00e9\u00e9valuer l&rsquo;impact de ce trait\u00e9 pseudo-aristot\u00e9licien au Moyen \u00c2ge.<\/p><\/blockquote><p>Zajac, Cl\u00e9ment, <em><a href=\"https:\/\/theses.fr\/s221742\">\u00c9dition, traduction et commentaire de la Lyrica poesis praeceptionibus et exemplis illustrata de Jacob Masen (1654)<\/a>,<\/em> dir. Fr. Ploton-Nicollet.<\/p><blockquote><p>Il s&rsquo;agira dans un premier temps d&rsquo;\u00e9tablir une version num\u00e9rique du texte sous la forme d&rsquo;une \u00e9dition critique, qui prendra en compte, en apparat, la collation des trois \u00e9ditions parues du vivant de l&rsquo;auteur ou juste apr\u00e8s sa mort. Ce travail pr\u00e9liminaire permettra d&rsquo;aboutir \u00e0 un texte qui puisse faire r\u00e9f\u00e9rence, facile \u00e0 lire comme \u00e0 manipuler, y compris dans sa version num\u00e9rique qui pourrait trouver une place l\u00e9gitime dans une base de donn\u00e9es de textes n\u00e9o-latins. Dans un second temps, et toujours en s&rsquo;inscrivant dans cette perspective d&rsquo;accessibilit\u00e9 du document, une grande partie du travail sera consacr\u00e9e \u00e0 la traduction de celui-ci en fran\u00e7ais. Il conviendra ensuite d&rsquo;expliciter le texte en le munissant d&rsquo;un appareil d&rsquo;annotations comportant les n\u00e9cessaires \u00e9lucidations, les renvois internes au corpus, la confrontation des odes au propos th\u00e9orique de leur auteur, enfin, un relev\u00e9 syst\u00e9matique des allusions et loci similes repla\u00e7ant l&rsquo;\u0153uvre dans son contexte culturel, recherche qui s&rsquo;appuiera sur les bases de donn\u00e9es textuelles disponibles. En dernier lieu, une introduction, sous forme dissertative, cherchera \u00e0 cerner l&rsquo;esth\u00e9tique de Masen, en lien notamment avec les caract\u00e9ristiques que prend le mouvement baroque dans les arts figur\u00e9s, auxquels l&rsquo;auteur fait de nombreuses allusions.<\/p><\/blockquote><p><strong><em>\u00c9cole Pratique des Hautes \u00c9tudes (EPHE)<\/em><\/strong><\/p><p>Colas, Fr\u00e9d\u00e9ric, <em>Recherches sur l\u2019\u00e9dition des Progymnasmata d\u2019Aphthonios par Reinhard Lorich (1542, 1546)<\/em>, dir. V. Leroux avec M. Kraus, Universit\u00e9 de T\u00fcbingen.<\/p><p>Delplanque, Fabrice, <a href=\"https:\/\/theses.fr\/s221107\"><em>\u00c9dition, traduction et commentaire du Livre V du De poeta d\u2019Antonio Sebastiano Minturno (1559)<\/em><\/a>, dir. V. Leroux.<\/p><blockquote><p>La traduction et l&rsquo;\u00e9dition du cinqui\u00e8me livre de la po\u00e9tique n\u00e9o-latine de l&rsquo;humaniste Antonio Sebastiano Minturno, consacr\u00e9 \u00e0 la po\u00e9sie lyrique, permettra de comprendre la fa\u00e7on dont s&rsquo;est constitut\u00e9e \u00e0 la Renaissance une th\u00e9orie de la po\u00e9sie lyrique reposant sur les concepts aristot\u00e9liciens qui fonderont notre modernit\u00e9, et comment s&rsquo;est \u00e9tabli un genre, reconnu et l\u00e9gitim\u00e9, qui jouera un r\u00f4le d\u00e9cisif dans l&rsquo;essor des litt\u00e9ratures nationales en Europe.<\/p><\/blockquote><p>Dietrich, Marc, <a href=\"https:\/\/theses.fr\/s217639\"><em>Un dialogue humaniste satirique : le Grunnius Sophista <\/em><em>d\u2019Othmar Luscinius\u00a0 (1522). \u00c9dition, traduction et commentaire<\/em><\/a>, dir. V. Leroux avec D. Brancher, Universit\u00e9 de B\u00e2le.<\/p><blockquote><p>Publi\u00e9 en d\u00e9cembre 1522 \u00e0 Strasbourg par l&rsquo;humaniste Othmar Luscinius (v. 1480-1537), le \u00ab Grunnius Sophista \u00bb est un dialogue n\u00e9o-latin anim\u00e9, nourri de r\u00e9f\u00e9rences antiques, aux prises avec des questions vari\u00e9es, d&rsquo;ordre culturel, litt\u00e9raire, philosophique ou religieux. N\u00e9 de la rencontre incongrue entre Misobarbarus, d\u00e9fenseur des lettres et de la culture, et Grunnius, un sophiste transform\u00e9 en cochon qui pourfend l&rsquo;\u00e9rudition, ce dialogue se pr\u00e9sente comme une satire de la \u00ab barbarie \u00bb des ignorants qui entendent \u00ab d\u00e9chiqueter \u00bb les savants. Reflet des pr\u00e9occupations humanistes de son temps, cet opus original semble avoir re\u00e7u un accueil favorable dans l&rsquo;Europe humaniste du XVIe si\u00e8cle. Or, malgr\u00e9 l&rsquo;int\u00e9r\u00eat ind\u00e9niable que pr\u00e9sente cette \u0153uvre, ni \u00e9dition critique ni traduction fran\u00e7aise n&rsquo;en ont \u00e9t\u00e9 r\u00e9alis\u00e9es \u00e0 ce jour. Nous nous proposons donc de combler cette lacune, en accompagnant notre \u00e9dition d&rsquo;un commentaire d\u00e9taill\u00e9. Dans un premier temps, il s&rsquo;agira d&rsquo;\u00e9valuer l&rsquo;originalit\u00e9 de l&rsquo;\u0153uvre au sein du genre du dialogue, fondateur des pratiques humanistes : la singularit\u00e9 du \u00ab Grunnius \u00bb devrait appara\u00eetre gr\u00e2ce \u00e0 une \u00e9tude intertextuelle de ce que Luscinius doit \u00e0 Lucien, l&rsquo;un de ses mod\u00e8les favoris, et \u00e0 \u00c9rasme, son brillant contemporain. Dans un deuxi\u00e8me temps, il nous faudra mettre au jour les cibles implicites de ce dialogue satirique : nous t\u00e2cherons ainsi de le situer dans le contexte social et culturel de l&rsquo;humanisme europ\u00e9en, en g\u00e9n\u00e9ral, et strasbourgeois, en particulier. En outre, nous mettrons en \u00e9vidence les strat\u00e9gies de promotion de la langue et de la litt\u00e9rature grecques que met en \u0153uvre Luscinius. Enfin, nous interrogerons le choix de la figure du cochon comme incarnation de l&rsquo;ignorance : loin d&rsquo;\u00eatre anodine, celle-ci rev\u00eat en effet, depuis l&rsquo;Antiquit\u00e9, des connotations ambivalentes dont nous devrons comprendre les implications dans l&rsquo;\u0153uvre.<\/p><\/blockquote><p>Dremierre, Dorota, Adam Burski, <a href=\"https:\/\/theses.fr\/s205910\"><em>Dialectica Ciceronis \u2013 \u00e9dition critique comment\u00e9e et annot\u00e9e<\/em><\/a>, dir. V. Leroux avec P. Galand-Willemen et M. Szyma\u0144ski, Universit\u00e9 de Varsovie.<\/p><blockquote><p>La Dialectica Ciceronis (1604) est selon l&rsquo;intention de son auteur &#8211; Adam Burski (1560 env. &#8211; 1611), professeur de philosophie pratique &#8211; un manuel de dialectique sto\u00efcienne destin\u00e9 \u00e0 l&rsquo;usage des \u00e9tudiants du cursus universitaire, et en particulier \u00e0 celui des \u00e9tudiants de l&rsquo;Acad\u00e9mie de Zamosc. Cependant, \u00e9rudite et exploitant de mani\u00e8re innovante les sources antiques, la Dialectica Ciceronis d\u00e9passe de loin cette vis\u00e9e pour constituer un vrai travail de recherches dans l&rsquo;esprit humaniste et un premier recueil des fragments sto\u00efciens dont les Stoicorum Veterum Fragmenta de Hans von Arnim (1902) apparaissent comme la continuation, sans que von Arnim e\u00fbt, selon toute vraisemblance, la connaissance du travail de Burski. La Dialectica Ciceronis est l&rsquo;oeuvre maitresse de Burski, elle est toujours peu connue parmi les historiens de la philosophie en Pologne et presque inconnue au-del\u00e0 de ses fronti\u00e8res. Elle n&rsquo;a jamais \u00e9t\u00e9 \u00e9dit\u00e9e apr\u00e8s l&rsquo;editio princeps de 1604. Les travaux concernant Burski et sa Dialectica sont tr\u00e8s peu nombreux (I. Dambska, 1974 ; M. Szymanski, 1988 ; D. Facca 2000). Mes travaux menant \u00e0 l&rsquo;\u00e9dition de la Dialectica Ciceronis (\u00e9dit\u00e9e sans doute en un seul tirage) ont consist\u00e9 \u00e0 choisir l&rsquo;exemplaire devant servir de source de transcription, \u00e0 transcrire et \u00e0 \u00e9tablir le texte latin et grec, \u00e0 rechercher les sources antiques, \u00e0 annoter le texte ainsi qu&rsquo;\u00e0 l&rsquo;introduire. Dans l&rsquo;introduction mes recherches ont pris diff\u00e9rentes directions. Tout d&rsquo;abord des recherches biographiques ont \u00e9t\u00e9 n\u00e9cessaires, peu d&rsquo;informations \u00e9tant disponibles sur Adam Burski. Je me suis int\u00e9ress\u00e9e \u00e0 l&rsquo;Acad\u00e9mie de Zamosc; o\u00f9 Burski a travaill\u00e9 durant la majorit\u00e9 de sa carri\u00e8re de professeur et \u00e0 l&rsquo;influence intellectuelle qu&rsquo;a pu avoir sur lui son m\u00e9c\u00e8ne et le fondateur de l&rsquo;Acad\u00e9mie, grand humaniste et homme d&rsquo;\u00e9tat, Jan Zamoyski. J&rsquo;ai essay\u00e9 d&rsquo;\u00e9tablir pr\u00e9cis\u00e9ment quel \u00e9tait le r\u00f4le de Burski au sein de l&rsquo;Acad\u00e9mie et ai pu constater qu&rsquo;\u00e0 c\u00f4t\u00e9 de sa charge p\u00e9dagogique en philosophie et en po\u00e9tique, il avait une fonction importante dans l&rsquo;\u00e9ducation particuli\u00e8re du fils unique de Jan Zamoyski et qu&rsquo;il accomplissait des t\u00e2ches multiples dans l&rsquo;imprimerie acad\u00e9mique. Un dernier point concernant Adam Burski fut pour moi de dresser la liste de ses travaux ; pour ce faire j&rsquo;ai consult\u00e9 les manuscrits provenant de Zamo\u015b\u0107 de la fin du XVI\u00e8me si\u00e8cle (Burski s&rsquo;y est \u00e9tabli en 1597) et de la premi\u00e8re d\u00e9cennie du XVII\u00e8me si\u00e8cle. Gr\u00e2ce \u00e0 cette \u00e9tude j&rsquo;ai pu mettre au jour dix-sept textes et cours dont il \u00e9tait auteur ; j&rsquo;ai identifi\u00e9 \u00e0 cette occasion quelques impr\u00e9cisions ou erreurs apparaissant dans des travaux du XIX\u00e8me ou du d\u00e9but du XX\u00e8me si\u00e8cles. Dans un second temps je me suis int\u00e9ress\u00e9e \u00e0 la Dialectica Ciceronis, tout d&rsquo;abord en tentant de cerner sa place parmi les ouvrages concernant la dialectique \u00e0 la Renaissance et ensuite en \u00e9valuant l&rsquo;h\u00e9ritage cic\u00e9ronien de la Dialectica et en analysant l&rsquo;approche \u00e9clectique de Burski, favoris\u00e9e par la forme du dialogue. D\u00e9terminer les liens du cercle de Zamosc avec Juste Lipse et avec le n\u00e9osto\u00efcisme fleurissant en Europe d\u00e8s la fin du XVI\u00e8me si\u00e8cle constitua une autre direction de mes recherches. En confrontant l&rsquo;ouvrage de Burski \u00e0 ceux de Juste Lipse j&rsquo;ai pu constater les limites de l&rsquo;apport des id\u00e9es venant des Pays-Bas. Enfin je me suis pench\u00e9e sur le contenu logique de la Dialectica et j&rsquo;ai \u00e9tudi\u00e9 la fa\u00e7on dont il distingue la logique sto\u00efcienne et la logique p\u00e9ripat\u00e9ticienne.<\/p><\/blockquote><p>Dubarry, St\u00e9phanie, <a href=\"https:\/\/theses.fr\/s307776\"><em>Les figures de l\u2019inspiration dans le De Deis gentium\u2026historia de Lilio Gregorio Giraldi (1548)<\/em><\/a>, dir. V. Leroux.<\/p><blockquote><p>Lilio Gregorio Giraldi (1479-1552) est un humaniste ferrarais, r\u00e9put\u00e9 pour son \u00e9rudition. L&rsquo;\u00e9tude de sa premi\u00e8re \u0153uvre, le Syntagma de Musis, a permis de mettre en \u00e9vidence des sp\u00e9cificit\u00e9s de l&rsquo;\u00e9criture de Giraldi \u00e0 partir d&rsquo;un sujet peu pr\u00e9sent chez les autres mythographes. Nous entendons donc \u00e9largir le corpus afin de d\u00e9terminer si, dans le cas de dieux qui ont \u00e9t\u00e9 plus massivement trait\u00e9s, Giraldi apporte de nouveau une voix originale. Notre th\u00e8se portera donc sur les chapitres 7 (De Apolline, Aesculapio, Musis, Aurora) et 8 (De Baccho, Priapo, aliis) du De Deis gentium, publi\u00e9 en 1548, dont nous proposerons une traduction annot\u00e9e et un commentaire. Il s&rsquo;agira de confronter le texte d\u00e9j\u00e0 \u00e9tudi\u00e9, Syntagma de Musis, avec sa version du De Deis gentium, dans le chapitre 7 de comprendre son travail sur les sources. L&rsquo;identification des sources utilis\u00e9es par l&rsquo;humaniste ferrarais sera, en effet, \u00e9clairante sur sa mani\u00e8re de travailler, mais aussi sur la circulation des \u0153uvres \u00e0 la Renaissance.<\/p><\/blockquote><p>Fichant, Ombeline, <a href=\"https:\/\/theses.fr\/s222204\"><em>Zoologie et ex\u00e9g\u00e8se c. 1200 : \u00e9tude et \u00e9dition critique de l&rsquo;Opusculum de naturis animalium excerptum de dictis sanctorum et plurimum magistrorum, entre bestiaire moralis\u00e9 et encyclop\u00e9die zoologique<\/em> \u00bb<\/a>, contrat de th\u00e8se EPHE, dir. I. Draelants (IRHT).<\/p><blockquote><p>Le manuscrit II 1143 (d\u00e9but du 13e s.), conserv\u00e9 \u00e0 la Biblioth\u00e8que Royale Albert 1er \u00e0 Bruxelles, contient un texte singulier, rest\u00e9 inexplor\u00e9 jusqu&rsquo;ici : l\u00a0\u00bbOpusculum de naturis animalium excerptum de dictis sanctorum et plurimum magistrorum&rsquo;. Peut-\u00eatre r\u00e9dig\u00e9e au d\u00e9but du XIIIe si\u00e8cle dans le dioc\u00e8se de Li\u00e8ge, cette \u0153uvre in\u00e9dite propose une s\u00e9rie de notices consacr\u00e9es aux animaux, o\u00f9 se trouvent m\u00eal\u00e9es connaissances zoologiques et m\u00e9dicales, commentaires ex\u00e9g\u00e9tiques, anecdotes, extraits de fables ou de r\u00e9cits antiques et consid\u00e9rations morales ; elle se place ainsi \u00e0 la crois\u00e9e des genres m\u00e9di\u00e9vaux des bestiaires, des encyclop\u00e9dies et des recueils de distinctions. Ce texte original, dont l&rsquo;auteur et le milieu de r\u00e9daction restent \u00e0 d\u00e9couvrir, m\u00e9rite d&rsquo;\u00eatre \u00e9tudi\u00e9 en rapport avec les \u0153uvres qui l&rsquo;ont inspir\u00e9, pour mettre en lumi\u00e8re les liens entre progr\u00e8s de la zoologie et ex\u00e9g\u00e8se, l&rsquo;\u00e9volution des genres narratifs au Moyen \u00c2ge, l&rsquo;organisation et la transmission des savoirs \u00e0 l&rsquo;\u00e9poque de sa r\u00e9daction. Une \u00e9tude historique d\u00e9taill\u00e9e et une \u00e9dition critique provisoire, objets de ce travail de th\u00e8se, devraient permettre de comprendre la nature de cet &lsquo;Opusculum&rsquo; original et d&rsquo;en reconstituer le contenu, les sources d&rsquo;inspiration (&lsquo;auctoritates&rsquo;), la port\u00e9e et le contexte de composition.<\/p><\/blockquote><p>Franzoni, Silverio, <a href=\"https:\/\/theses.fr\/s205719\">\u00ab\u00a0Ricerche sul Florilegium Gallicum (verso un&rsquo;edizione critica) \u00bb<\/a>, doctorat et contrat doctoral de la Scuola normale Superiore di Pisa, sous la direction de Giulia Ammannati, en co-dir. avec A.- M. Turcan-Verkerk.<\/p><blockquote><p>Mon projet de recherche porte sur le \u00ab\u00a0Florilegium Gallicum\u00a0\u00bb, une anthologie de classiques latins (en po\u00e9sie et en prose) qui compte sans doute parmi les floril\u00e8ges m\u00e9di\u00e9vaux les plus riches et vari\u00e9s. Malgr\u00e9 l&rsquo;int\u00e9r\u00eat qu&rsquo;il a su attirer, aucune \u00e9tude compl\u00e8te lui a \u00e9t\u00e9 consacr\u00e9e: des probl\u00e8mes fondamentaux restent ainsi toujours sans solutions, tels que le lieu ou l&rsquo;\u00e9poque d&rsquo;origine, les ressources qui en ont permis la compilation, la physionomie de l&rsquo;auteur anonyme et ses motivations. \u00c0 ces questions, d&rsquo;ailleurs, on ne peut pas r\u00e9pondre sans une base textuelle fiable et, surtout, compl\u00e8te; et elle devra se fonder sur un nouvel examen de la diffusion du floril\u00e8ge et de ses transformations. \u00c0 tout cela mon projet voudrait donner une solution: c&rsquo;est pourquoi, l&rsquo;\u00e9tude des origines et des motivations du floril\u00e8ge va avancer de pair avec la pr\u00e9paration d&rsquo;une \u00e9dition critique finalement compl\u00e8te.<\/p><\/blockquote><p>Harter, Marie-Odile, <em><a href=\"https:\/\/theses.fr\/s235009\">Les amours de Cupidon au 16eme si\u00e8cle de N. Brizard \u00e0 F. Habert d&rsquo;Issoudun<\/a><\/em>, dir. V. Leroux.<\/p><blockquote><p>L&rsquo;origine de ce projet de th\u00e8se r\u00e9side dans la d\u00e9couverte et l&rsquo;envie de traduire l&rsquo;\u0153uvre po\u00e9tique d&rsquo;un auteur ardennais du XVI\u00e8me si\u00e8cle, Nicolas Brizard,\u00e9crite en n\u00e9o-latin et intitul\u00e9e \u00ab\u00a0Metamorphoses Amoris quibus adjectae sunt elegiae amatoriae: omnia ad imitationem Ovidii (quoad licuit) conscripta et elaborata\u00a0\u00bb. Cet auteur, certes, s&rsquo;inspire du principe de la m\u00e9tamorphose longuement d\u00e9velopp\u00e9e par Ovide et puise dans son mod\u00e8le de nombreuses allusions mythologiques.Mais il s&rsquo;en \u00e9loigne beaucoup en choisissant comme protagoniste Cupidon, le dieu de l&rsquo;amour, qui prend de nombreuses apparences surprenantes pour se m\u00ealer aux amours des mortels dont il fait le r\u00e9cit. En cela, Nicolas Brizard se rapproche donc davantage des \u0153uvres \u00e9rotiques de son ma\u00eetre,s&rsquo;inscrivant ainsi dans le renouveau de la po\u00e9sie \u00e9l\u00e9giaque \u00e0 la Renaissance et dans une nouvelle r\u00e9ception d&rsquo;Ovide. Cette \u00ab\u00a0mode\u00a0\u00bb litt\u00e9raire explique sans doute l&rsquo;int\u00e9r\u00eat d&rsquo;un autre po\u00e8te fran\u00e7ais de la m\u00eame \u00e9poque, Fran\u00e7ois Habert d&rsquo;Issoudun, pour l&rsquo;\u0153uvre de Nicolas Brizard et la r\u00e9\u00e9criture partielle qu&rsquo;il en fit en moyen fran\u00e7ais sous le titre:\u00a0\u00bbLes M\u00e9tamorfoses de Cupido, fils de la D\u00e9esse Cyth\u00e9r\u00e9e, qui se mua en diverses formes, contenues en la page suivante.Il nous semble donc int\u00e9ressant de confronter ces deux textes.<\/p><\/blockquote><p>Lonati, \u00c9lisa, <a href=\"https:\/\/theses.fr\/s205831\"><em>\u00c9dition, \u00e9tude des sources et de la r\u00e9ception du Chronicon d\u2019H\u00e9linand de Froidmont \u00bb<\/em><\/a>, doctorat et contrat doctoral de l&rsquo;EPHE, dir. A.-M. Turcan-Verkerk, en co-dir. avec G. Ammannati, Scuola Normale Superiore di Pisa.<\/p><blockquote><p>Le sujet de ma th\u00e8se est le Chronicon du cistercien H\u00e9linand de Froidmont (1160-1230 ca.), une chronique universelle qui parcourt en 49 livres toute l&rsquo;histoire h\u00e9bra\u00efque, grecque et latine de la Cr\u00e9ation jusqu&rsquo;\u00e0 l&rsquo;ann\u00e9e 1204, en s&rsquo;appuyant sur des dizaines de sources classiques et m\u00e9di\u00e9vales et en compl\u00e9tant l&rsquo;exposition des faits avec des digressions litt\u00e9raires, scientifiques et ex\u00e9g\u00e9tiques. Cette oeuvre a rencontr\u00e9 au fil des si\u00e8cles un succ\u00e8s in\u00e9gal : elle a disparu en partie d\u00e9j\u00e0 du vivant de l&rsquo;auteur ou peu apr\u00e8s, alors que la moiti\u00e9 qui en survit n&rsquo;est attest\u00e9e que par trois t\u00e9moins directs et quelques-uns indirects, dont le plus important est le Speculum Maius, l&rsquo;encyclop\u00e9die compil\u00e9e par le dominicain Vincent de Beauvais entre 1240 et 1260. Mon projet vise \u00e0 une \u00e9tude globale de cet ouvrage encore presque compl\u00e8tement inconnu. Les \u00e9tapes fondamentales seront : 1) \u00e9diter pour la premi\u00e8re fois d&rsquo;une fa\u00e7on scientifique le texte de certains des livres surv\u00e9cus et clarifier les rapports entre leurs t\u00e9moins directs et indirects ; 2) analyser les sources utilis\u00e9es par H\u00e9linand tant du point de vue de leur transmission que de la fa\u00e7on dont elles ont \u00e9t\u00e9 r\u00e9employ\u00e9es par le Chronicon ; 3) nourrir avec ces enqu\u00eates ponctuelles une \u00e9tude de l&rsquo;architecture intellectuelle qui soutient l&rsquo;ouvrage entier ; 4) d\u00e9finir la contribution du Chronicon aux diff\u00e9rentes sections du Speculum Maius et \u00e9valuer quelles sources ont \u00e9t\u00e9 connues par Vincent seulement \u00e0 travers l&rsquo;ouvrage d&rsquo;H\u00e9linand. Les r\u00e9sultats de cette recherche sont susceptibles d&rsquo;\u00eatre diffus\u00e9s par des articles, une \u00e9dition critique, une monographie et une \u00e9dition \u00e9lectronique en TEI, qui permettrait de reconstruire autour de notre ouvrage la constellation de ses sources et de ses r\u00e9utilisateurs, en rendant de cette fa\u00e7on concr\u00e8tement visible la complexit\u00e9 des relations qui ont permi la naissance du Chronicon.<\/p><\/blockquote><p>Nitti, Valeria Giovanna, <a href=\"https:\/\/theses.fr\/s233410\"><em>Edizione della Summa Cognito e analisi dei rapporti tra ars dictaminis francese e italiana nella met\u00e0 del secolo XII<\/em><\/a>, doctorat et contrat doctoral de l&rsquo;Universit\u00e0 degli Studi di Siena, dir. F. Stella, en co-dir. avec A.-M. Turcan-Verkerk.<\/p><blockquote><p>\u00c0 la fin du XI si\u00e8cle on d\u00e9veloppe en Italie une nouvelle discipline connue comme ars dictaminis qui a pour sujet la r\u00e9daction d&rsquo;une composition \u00e9crite, en particulier des lettres. Elle connait ses origines dans l&rsquo;abbaye de Montcassin et se perfectionne gr\u00e2ce aux contributions des premi\u00e8res grands dictatores du Studium de Bologne. \u00c0 partir de la moiti\u00e9 du XII si\u00e8cle, elle va se propager dans toute Europe gr\u00e2ce aux manuels, les artes dictandi, \u00e9crits par les maitres italiens les plus c\u00e9l\u00e8bres. Ce projet de recherche porte sur l&rsquo;\u00e9dition critique de la Summa Cognito, un texte fondamental pour pouvoir reconstruire l&rsquo;histoire de l&rsquo;introduction de l&rsquo;ars dictaminis en France. A&rsquo; travers la comparaison de la Summa Cognito avec les autres premi\u00e8res artes dictandi fran\u00e7aise, on essayera de comprendre la nature du dictamen fran\u00e7ais, le rapport entre le dictamen italien et celui n\u00e8 au-del\u00e0 des Alpes et la circulation de artes dictandi dans la r\u00e9gion ligerienne, \u00e9blouissant centre culturel auXIIs.<\/p><\/blockquote><p>Tripodi, Giandomenico, <em><a href=\"https:\/\/theses.fr\/s273059\">Le commentaire de Benvenuto da Imola aux G\u00e9orgiques et la tradition ex\u00e9g\u00e9tique m\u00e9di\u00e9vale du po\u00e8me virgilien<\/a>, <\/em>doctorat et contrat doctoral de l&rsquo;Universit\u00e0 degli Studi di Siena, dir. F. Stella, Universit\u00e9 de Sienne, en co-direction avec V. Leroux.<\/p><blockquote><p>Le commentaire de Benvenuto da Imola aux G\u00e9orgiques constitue la plus ample ex\u00e9g\u00e8se au po\u00e8me virgilien que le Moyen \u00c2ge connaisse. \u00c9crit en 1378, le commentaire rassemble les caract\u00e9ristiques d&rsquo;une ex\u00e9g\u00e8se encore m\u00e9di\u00e9vale, mais contamin\u00e9e par une sensibilit\u00e9 et par des \u00e9l\u00e9ments caract\u00e9ristiques de la future critique humaniste. Il se trouve dans dix manuscrits, tous du XVeme si\u00e8cle, sous la forme de trois diff\u00e9rentes recollectiones, notes tir\u00e9es d&rsquo;un cours tenu \u00e0 Ferrare en 1378. La recollectio \u00abA\u00bb appara\u00eet comme la meilleure, par l&rsquo;exhaustivit\u00e9 et la coh\u00e9rence (Cremona, Biblioteca Statale, Fondo Governativo 109; London, British Library, Additional 10095; Modena, Biblioteca Estense Universitaria, Campori Appendice 263); la recollectio \u00abB\u00bb, bien que de bonne qualit\u00e9 et bien qu&rsquo;elle pr\u00e9sente quelques diff\u00e9rences et ajouts par rapport \u00e0 \u00abA\u00bb, semble moins compl\u00e8te surtout dans les deux derniers livres (Oxford, Bodleian Library, Lat. class. C. 9; Firenze, Museo Horne, 2924; Citt\u00e0 del Vaticano, Biblioteca Apostolica Vaticana, Ott. Lat. 1262); la recollectio \u00abC\u00bb montre plusieurs omissions, lacunes et probl\u00e8mes textuels (Assisi, Biblioteca francescana, Fondo antico 302; Basel, \u00d6ffentliche Bibliothek der Universit\u00e4t, F V 49); deux manuscrits restent \u00e0 \u00e9valuer (Citt\u00e0 del Vaticano, Biblioteca Apostolica Vaticana, Chigi H VIII 267; Sevilla, Biblioteca Capitular y Colombina, 05-7-03). La pr\u00e9sente th\u00e8se proposera l&rsquo;\u00e9dition critique du commentaire sur la base de tous les manuscrits, surtout ceux de la recollectio \u00abA\u00bb et pr\u00e9sentera en annexe les plus int\u00e9ressantes gloses des deux autres recollectiones. Le projet a un double objectif. En premier lieu (1), sur le plan diachronique, il veut fournir les lignes g\u00e9n\u00e9rales de l&rsquo;ex\u00e9g\u00e8se sur les G\u00e9orgiques au Moyen \u00c2ge, avec une attention \u00e0 la fin du Moyen \u00c2ge (XIIeme-XIVeme si\u00e8cles). Il analysera notamment le commentaire d&rsquo;Ilario d&rsquo;Orl\u00e9ans (France: XIIeme-XIIIeme si\u00e8cles) et de Zono de Magnalis (Florence: XIVeme si\u00e8cle) pour \u00e9tudier une ex\u00e9g\u00e8se inconnue, en mettant en \u00e9vidence les traits communs, les divergences et les sources utilis\u00e9es. Deuxi\u00e8mement (2), sur le plan synchronique, il propose une r\u00e9\u00e9valuation de la figure de Benvenuto da Imola, homme de culture entre Moyen \u00c2ge et Humanisme, ami et interlocuteur de Giovanni Boccaccio et de Coluccio Salutati, grande autorit\u00e9, commentateur des classiques latins, de la Commedia de Dante et du Bucolicum Carmen de P\u00e9trarque. Il s&rsquo;agira, en particulier, de retrouver dans ses \u0153uvres ex\u00e9g\u00e9tiques (commentaires \u00e0 Valerius Maximus, \u00e0 Lucain, \u00e0 Virgile, \u00e0 P\u00e9trarque et \u00e0 Dante) des mat\u00e9riaux glossographiques communs et d&rsquo;\u00e9tudier la dynamique d&rsquo;utilisation des sources.<\/p><\/blockquote><p><strong><em>Universit\u00e9 de Bordeaux-Montaigne<\/em><\/strong><\/p><p>Bey, Carine, <a href=\"https:\/\/theses.fr\/s191408\"><em>La naissance de la sorci\u00e8re dans la litt\u00e9rature du Moyen \u00c2ge (XIIe-XVe si\u00e8cles)<\/em><\/a>, dir. Dani\u00e8le James-Raoul.<\/p><p>Pierre, Hannelore, <a href=\"https:\/\/theses.fr\/s245191\"><em>D\u2019Ausone \u00e0 Elie Vinet. La Comm\u00e9moration des professeurs bordelais d\u2019Ausone et sa r\u00e9ception dans les milieux humanistes bordelais de la Renaissance<\/em><\/a>, dir. Violaine Giacomotto- Charra.<\/p><p>Gall, Marie, <a href=\"https:\/\/theses.fr\/s297020\"><em>\u00c2me<\/em>, <em>imagination et nouveaux syst\u00e8mes cosmo-biologiques dans les fictions scientifiques du XVIIe si\u00e8cle<\/em><\/a>, dir. Violaine Giacomotto-Charra.<\/p><p>Labarri\u00e8re, Rapha\u00eblle, <em>Style de genre, styles d\u2019auteurs : le fabliau en question(s)<\/em>, dir. Dani\u00e8le James-Raoul.<\/p><p>Maudoux, Julien, <a href=\"https:\/\/theses.fr\/s92326\"><em>La vieille femme dans la litt\u00e9rature du Moyen \u00c2ge<\/em><\/a>, co-dir. Dani\u00e8le James-Raoul et G\u00e9raldine Puccini.<\/p><blockquote><p>Au Moyen \u00c2ge, les vieilles femmes concentrent plusieurs formes de marginalit\u00e9 et des caract\u00e9ristiques sociales et existentielles probl\u00e9matiques. Ce travail propose d\u2019\u00e9tudier les repr\u00e9sentations litt\u00e9raires qui en sont faites en Occident en utilisant un corpus large constitu\u00e9 d\u2019\u0153uvres vernaculaires et latines, litt\u00e9raires mais aussi m\u00e9dicales et religieuses, de l\u2019Antiquit\u00e9 jusqu\u2019au d\u00e9but de la Renaissance. La production majoritairement masculine est marqu\u00e9e par une certaine misogynie dans le contexte de discours religieux, savants et populaires qui, g\u00e9n\u00e9ralement n\u00e9gatifs envers la vieillesse au f\u00e9minin, l\u2019utilisent pr\u00e9f\u00e9rentiellement pour aborder la laideur, la d\u00e9ch\u00e9ance et la monstruosit\u00e9 esth\u00e9tiques et morales. Cependant, les personnages de vieilles femmes sont rares et leurs emplois ne se limitent ni \u00e0 un unique r\u00f4le st\u00e9r\u00e9otyp\u00e9 d\u2019adversaire d\u00e9valoris\u00e9, ni au type monolithique de l\u2019entremetteuse ou de la sorci\u00e8re. Tant\u00f4t \u00e9pisodique, tant\u00f4t obs\u00e9dante ; insignifiante ici, l\u00e0 charg\u00e9e de significations symboliques complexes et parfois ambivalentes ; tour \u00e0 tour pure utilit\u00e9 narrative et personnage au sens plein du terme, la vetula interroge les normes m\u00e9di\u00e9vales, entre conformisme moral, transgression sexuelle, subversion id\u00e9ologique et menace de l\u2019ordre masculin. Mais il s\u2019agit aussi d\u2019une figure proprement litt\u00e9raire, situ\u00e9e au croisement strat\u00e9gique d\u2019enjeux stylistiques, rh\u00e9toriques et de querelles de clercs \u00e0 la port\u00e9e consid\u00e9rable, tant \u00e0 propos des pratiques d\u2019\u00e9criture qu\u2019en ce qui concerne la question de la misogynie. Profond\u00e9ment orient\u00e9 d\u00e8s le plan lexical, cet imaginaire a \u00e9t\u00e9 analys\u00e9 sous l\u2019aspect th\u00e9matique, qui a permis de singulariser les probl\u00e8mes pos\u00e9s par le corps f\u00e9minin s\u00e9nile et la question du contr\u00f4le des dames de grand \u00e2ge soup\u00e7onn\u00e9es de d\u00e9viance, mais aussi sous l\u2019angle des r\u00f4les actantiels et symboliques. Cet examen permet de constater que la vieille femme est ambivalente, \u00e0 la fois p\u00e9riph\u00e9rique et \u00e9tonnamment incontournable, malgr\u00e9 le silence et sa rel\u00e9gation dans les marges, d\u00e8s lors qu\u2019on s\u2019attache \u00e0 comprendre les ressorts des discours sur les femmes au Moyen \u00c2ge et \u00e0 sonder l\u2019histoire litt\u00e9raire, qui a r\u00e9serv\u00e9 \u00e0 la figure une place inattendue dans la fabrique des textes.<\/p><\/blockquote><p>Mourgues, Priscilla, <a href=\"https:\/\/theses.fr\/s171786\"><em>La po\u00e9tique du cheminement dans le Livre des Merveilles du monde<\/em><\/a>, dir. Dani\u00e8le James-Raoul.<\/p><p><strong><em>Universit\u00e9 de Bourgogne-Franche Comt\u00e9<\/em><\/strong><\/p><p>Bonnefont, Fran\u00e7ois, <em>Martin Thierry, humaniste provincial au XVIe si\u00e8cle : \u00e9tude de l\u2019\u0153uvre latine et de son contexte<\/em>, dir. Sylvie Laigneau-Fontaine.<\/p><p>Gay, Aur\u00e9lie, <a href=\"https:\/\/theses.fr\/s198346\"><em>Le regard, m\u00e9taphore de l\u2019anthologie dans les Selecta Epigrammata Latina de Cornarius<\/em><\/a>, dir. Sylvie Laigneau-Fontaine et Estelle Oudot (U. Bourgogne).<\/p><blockquote><p>Il s&rsquo;agira de s\u00e9lectionner dans l&rsquo;anthologie de Janus Cornarius toutes les \u00e9pigrammes grecques et latines qui mettent en sc\u00e8ne le regard,de les traduire puis de les commenter.<\/p><\/blockquote><p>Ghiringhelli, Elena, <a href=\"https:\/\/theses.fr\/s252706\"><em>Le 7e livre des Fastes d\u2019Ovide, dans la continuation de Claude-Barth\u00e9lemy Morisot<\/em><\/a>, co-dir. Sylvie Laigneau-Fontaine et Val\u00e9rie Wampfler (U. Reims). Contrat doctoral R\u00e9gion.<\/p><blockquote><p>Dans le cadre de l&rsquo;essor important que conna\u00eet en France, depuis quelques dizaines d&rsquo;ann\u00e9es, l&rsquo;\u00e9tude des litt\u00e9ratures latine et grecque de la Renaissance, m\u00eame si un mouvement d&rsquo;\u00e9dition de po\u00e8tes plus \u00ab mineurs \u00bb a vu le jour, certains restent encore dans l&rsquo;ombre. Or, l&rsquo;\u0153uvre de ceux qui ne sont pas parvenus \u00e0 un renom national, qui n&rsquo;ont pas fr\u00e9quent\u00e9 la Cour et les Grands de leur \u00e9poque, se r\u00e9v\u00e8le d&rsquo;un grand int\u00e9r\u00eat, en particulier pour l&rsquo;histoire des soci\u00e9t\u00e9s et des mentalit\u00e9s : elle permet de se faire une id\u00e9e de ce que pouvait \u00eatre, dans un milieu donn\u00e9, les go\u00fbts, les lectures, les connaissances, la formation, la culture&#8230; de tous ces \u00ab intellectuels de province \u00bb, parfois d\u00e9cri\u00e9s, mais en raison, le plus souvent, de la m\u00e9connaissance que l&rsquo;on a d&rsquo;eux. Il se trouve que la Bourgogne \u0096 entendue au sens historique large \u0096 est un terrain particuli\u00e8rement fertile pour des recherches de cet ordre. La ville de Dijon, pour ne parler que d&rsquo;elle, conna\u00eet en effet une activit\u00e9 \u00e9ditoriale en latin et grec tr\u00e8s forte durant les XVIe et XVIIe si\u00e8cles. Les causes en sont multiples : nombreuses institutions religieuses dans la ville, forte pr\u00e9sence de parlementaires (ou d&rsquo;aristocratie \u00ab tomb\u00e9e dans la robe \u00bb), go\u00fbt des \u00e9lites pour le passage d&rsquo;une langue \u00e0 l&rsquo;autre, pr\u00e9sence de nombreux vestiges et \u00ab lieux de m\u00e9moire \u00bb antiques sur le territoire&#8230; Dans le cadre d&rsquo;une valorisation patrimoniale, il est donc utile de permettre au public de mieux conna\u00eetre ces auteurs, leurs \u0153uvres, leurs id\u00e9es, bref, leur personne. Parmi ces auteurs, Claude-Barth\u00e9lemy Morisot (1592-1661) est tout particuli\u00e8rement int\u00e9ressant. Argumentaire scientifique : probl\u00e9matique, enjeux, m\u00e9thodologie Avocat au Parlement de Dijon, Morisot est aussi un \u00e9rudit qui connut un grand succ\u00e8s au sein de la R\u00e9publique des Lettres de son temps. La traduction et l&rsquo;\u00e9tude de plusieurs de ses \u0153uvres (Morisot \u00e9crit en latin) ont \u00e9t\u00e9 entreprises par Val\u00e9rie Wampfler, la co-directrice de cette th\u00e8se : sont \u00e9dit\u00e9es ou en cours d&rsquo;\u00e9dition la Porticus Medicaea (1626), la Peruviana (1644) et sa Conclusio et interpretatio (1646), ainsi que plusieurs extraits de la correspondance de Morisot avec les \u00e9rudits de son temps, r\u00e9unie dans les Epistularum centuriae prima et secunda (1656) ; la traduction d&rsquo;un ouvrage de jeunesse de Morisot, l&rsquo;Alitophili veritatis lacrymae (1624), a \u00e9t\u00e9 amorc\u00e9e, et un projet de travail d&rsquo;\u00e9quipe consacr\u00e9 aux in\u00e9dits de Morisot est en cours d&rsquo;\u00e9laboration \u00e0 l&rsquo;Universit\u00e9 de Reims Champagne Ardenne, associ\u00e9e au projet Burgundia Humanistica (voir infra). Font partie de ce projet les curieux P. O. Nasonis Fastorum libri XII, quorum sex posteriores a C.-B. Morisoto Divione substituti sunt (Dijon, P. Guyot, 1649) : il s&rsquo;agit d&rsquo;une continuation de l&rsquo;\u0153uvre inachev\u00e9e d&rsquo;Ovide. Morisot \u00e9dite en effet les six chants des Fastes \u00e9crits par le po\u00e8te de Sulmone, mais affirme avoir \u00ab l&rsquo;audace \u00bb de continuer le calendrier des f\u00eates romaines en \u00e9crivant lui-m\u00eame les six derniers chants. Une \u00e9tude approfondie de cette \u0153uvre qui m\u00eale \u00e9l\u00e9ments d&rsquo;histoire, de civilisation, de religion romaines jette une lumi\u00e8re consid\u00e9rable sur les connaissances et les centres d&rsquo;int\u00e9r\u00eats d&rsquo;un parlementaire bourguignon du XVIIe si\u00e8cle. Le travail consistera \u00e0 faire le point sur les connaissances actuelles \u00e0 propos des Fastes d&rsquo;Ovide, afin de juger de la r\u00e9ussite (en termes d&rsquo;\u00e9rudition et de style) de cette continuation, qu&rsquo;il faudra r\u00e9inscrire dans le cadre plus large de la r\u00e9ception des \u0153uvres du po\u00e8te de Sulmone aux XVIe et XVIIe si\u00e8cles et dans celui du \u00ab genre \u00bb de la continuation. Enfin, il conviendra de choisir un des six chants \u00e9crits par Morisot et d&rsquo;en pr\u00e9senter une traduction annot\u00e9e.<\/p><\/blockquote><p>Jacob, Barbara, <a href=\"https:\/\/theses.fr\/s227102\"><em>Audacem faciebat amor : Thisb\u00e9, une h\u00e9ro\u00efne ovidienne dans la litt\u00e9rature europ\u00e9enne de l\u2019Antiquit\u00e9 au Moyen-Age (XIe-XVe si\u00e8cles)<\/em><\/a>, co-dir. S. Laigneau-Fontaine et J.-M. Fritz.<\/p><blockquote><p>Au Moyen \u00c2ge, la fable de Pyrame et Thisb\u00e9 offre au lecteur un \u00e9ventail de repr\u00e9sentations vari\u00e9es aux enjeux diff\u00e9rents: elle est traduite, remani\u00e9e, transpos\u00e9e pour servir des objectifs litt\u00e9raires, all\u00e9goriques et moraux. Histoire d&rsquo;amour atemporelle, elle a subi un transfert culturel aux multiples facettes, des textes mythographiques \u00e0 la po\u00e9sie, en passant par une inscription dans l&rsquo;imaginaire collectif litt\u00e9raire et pictural. Nous explorons donc la r\u00e9ception multiforme de cette fable pour retracer son \u00e9volution diachronique depuis ses origines, afin de filtrer les myth\u00e8mes qui persistent malgr\u00e9 les changements de forme et d\u00e9terminer leurs variations et leurs constances; il s&rsquo;agira ainsi de comprendre comment les auteurs s&rsquo;approprient le mythe et en livrent leur propre interpr\u00e9tation en fonction du contexte. Notre corpus s&rsquo;\u00e9tend de l&rsquo;Antiquit\u00e9 au XVe si\u00e8cle et contient des textes en langue latine, grecque et vernaculaire. Dans ces textes, il n&rsquo;est pas rare que l&rsquo;auteur ou un personnage se compare \u00e0 Pyrame ou \u00e0 Thisb\u00e9: quel sens prend cette comparaison, de quelle mani\u00e8re devient-elle une figure topique de l&rsquo;amour menant \u00e0 la mort, de l&rsquo;amour contrant la mort, un exemple ou un contre-exemple ? Et plus particuli\u00e8rement, comment Thisb\u00e9, dont l&rsquo;audace et la lib\u00e9ration de la parole amoureuse semblent ouvrir la voie \u00e0 d&rsquo;autres personnages f\u00e9minins apr\u00e8s elle, devient-elle, de personnage ovidien, une figure courtoise, vertueuse, mariale, mais surtout une h\u00e9ro\u00efne forte et ind\u00e9pendante ?<\/p><\/blockquote><p>Pinguet, J\u00e9r\u00e9mie, <a href=\"https:\/\/theses.fr\/s245456\"><em>Les N\u00e9nies de Jean Salmon Macrin, \u00e9dition, traduction commentaire<\/em><\/a>, dir. Sylvie Laigneau-Fontaine et Virginie Leroux (EPHE). Contrat doctoral ENS.<\/p><blockquote><p>Ma th\u00e8se consiste en l&rsquo;\u00e9dition, la traduction et le commentaire litt\u00e9raire des \u00ab\u00a0N\u00e9nies\u00a0\u00bb, parues en 1550 et compos\u00e9es par le po\u00e8te et humaniste fran\u00e7ais n\u00e9olatin Jean Salmon Macrin au sujet de la mort de sa femme, Guillonne Boursault, surnomm\u00e9e G\u00e9lonis.<\/p><\/blockquote><p>Saunier-Letercq, Val\u00e9rie, <em>La traduction latine de l\u2019Iphig\u00e9nie \u00e0 Aulis d\u2019Euripide par Erasme<\/em>, dir. Sylvie Laigneau-Fontaine et Estelle Oudot (U. Bourgogne).<\/p><p><strong><em>Universit\u00e9 de Caen-Normandie<\/em><\/strong><\/p><p>Robert, C\u00e9line, <a href=\"https:\/\/theses.fr\/s301958\"><em>Edition critique multimodale, traduction et commentaire des po\u00e8mes \u00e9pistolaires de Raoul Tortaire (XIe-XIIe si\u00e8cles)<\/em><\/a>, co-direction Marie Agn\u00e8s Avenel et Brigitte Gauvin.<\/p><p><strong><em>Universit\u00e9 de Gen\u00e8ve<\/em><\/strong><\/p><p>Defa\u00ffsse, Eve, <a href=\"https:\/\/theses.fr\/s210087\"><em>Entre clo\u00eetre et universit\u00e9 : la biblioth\u00e8que de l\u2019abbaye de Saint-Victor de Paris aux XIIIe-XIVe si\u00e8cles<\/em><\/a>, co-dir. C\u00e9dric Giraud et Caby (Universit\u00e9 de Lumi\u00e8re Lyon II).<\/p><p>De Ridder, Julien, <em>Humanisme et r\u00e9volution po\u00e9tique au onzi\u00e8me si\u00e8cle : recherches sur les carmina varia de Marbode de Rennes<\/em> \u00bb, dir. C\u00e9dric Giraud, co-tutelle internationale B. Van Den Abeele (Universit\u00e9 de Louvain-la-Neuve).<\/p><p>Germay, Blandine de, <em>Former l\u2019int\u00e9riorit\u00e9 au XIVe si\u00e8cle : l\u2019Orationarium du c\u00e9lestin Pierre Poquet. \u00c9dition critique et commentaire<\/em> \u00bb, dir. C\u00e9dric Giraud.<\/p><p>Mazel, Nicolas, <a href=\"https:\/\/theses.fr\/s308029\"><em>Fortune des H\u00e9ro\u00efdes d\u2019Ovide au Moyen \u00c2ge (XIe-XVe) : domaine fran\u00e7ais, latin et italien<\/em><\/a>, co-dir. C\u00e9dric Giraud et M. Possama\u00ef (Universit\u00e9 Lumi\u00e8re Lyon II).<\/p><p>M\u00e9rieux, Anne-Claude, <a href=\"https:\/\/theses.fr\/s300765\"><em>Penser l\u2019\u00e9ducation du roi dans les romans des XIIe et XIIIe si\u00e8cles : Alexandre, Arthur et Josaphat<\/em><\/a>, dir. C\u00e9dric Giraud, co-tutelle internationale avec V. Fasseur (Universit\u00e9 de Montpellier).<\/p><blockquote><p>Auteur du premier trait\u00e9 de philosophie politique, le \u00ab\u00a0Policraticus\u00a0\u00bb (1159), Jean de Salisbury th\u00e9orise et dessine l&rsquo;image du bon prince. Dans la litt\u00e9rature \u00e9pique et romanesque des XIIe et XIIIe si\u00e8cles trois rois se distinguent : Alexandre, Arthur et Josaphat. L&rsquo;un est un roi pa\u00efen, les deux autres sont chr\u00e9tiens. Ces rois suivent un apprentissage diff\u00e9rent gr\u00e2ce \u00e0 leurs ma\u00eetres respectifs, Aristote, Merlin et Barlaam. Les auteurs de l'\u00a0\u00bbHistoria de Preliis Alexandri Magn\u00a0\u00bbi, Thomas de Kent, Alexandre de Paris et Gautier de Ch\u00e2tillon s&rsquo;attachent \u00e0 retranscrire le parcours d&rsquo;Alexandre. Geoffroy de Monmouth et Robert de Boron se concentrent sur l&rsquo;\u00e9ducation d&rsquo;Uter et d&rsquo;Arthur. L&rsquo;auteur de la vulgate latine du \u00ab\u00a0Barlaam et Iosaphat\u00a0\u00bb, Gui de Cambrai et deux anonymes racontent, quant \u00e0 eux, l&rsquo;avanc\u00e9e de Josaphat et d&rsquo;Avenir sur la voie de la chr\u00e9tient\u00e9. R\u00e9cits m\u00e9dio-latins et romans mettent en avant la construction d&rsquo;un id\u00e9al royal que conduiraient Jean de Salisbury et la r\u00e9forme gr\u00e9gorienne. L&rsquo;\u00e9tude des repr\u00e9sentations d&rsquo;Alexandre, d&rsquo;Arthur et de Josaphat met en lumi\u00e8re le retentissement des r\u00e9formes politiques en cours dans les litt\u00e9ratures \u00e9piques et romanesques des XIIe et XIIIe si\u00e8cles.<\/p><\/blockquote><p><em><strong>Universit\u00e9 de Louvain-la-Neuve<\/strong><\/em><\/p><p>Aydin, Elisabeth, <em>Po\u00e9sie et philosophie grecques dans l\u2019humanisme fran\u00e7ais et n\u00e9erlandais entre la seconde moiti\u00e9 du XVIe et la premi\u00e8re moiti\u00e9 du XVIIe si\u00e8cle<\/em>, dir. Aline Smeesters.<\/p><p>Supply, Caroline, <em>La veine po\u00e9tique n\u00e9o-latine du deuil familial au tournant du XIVe et XVe si\u00e8cles en Italie. \u00c9tude de la construction du discours po\u00e9tique et des repr\u00e9sentations<\/em>, dir. Aline Smeesters.<\/p><p>Mercier, Farah, <em>Autour de Denis Petau (Dionysius Petavius S.J., 1583- 1652) : \u00e9tude du r\u00e9seau relationnel d\u2019un j\u00e9suite fran\u00e7ais<\/em>, dir. Aline Smeesters.<\/p><p><strong><em>Universit\u00e9 Paris II Panth\u00e9on-Assas<\/em><\/strong><\/p><p>Robaglia, Baptiste, <em><a href=\"https:\/\/theses.fr\/s238140\">La pens\u00e9e juridique d\u2019\u00c9tienne Pasquier (1529-1615)<\/a>,<\/em> co- dir. Philippe Cocatre-Zilgien et Xavier Pr\u00e9vost (U. Bordeaux). Contrat doctoral, universit\u00e9 Paris II Panth\u00e9on-Assas.<\/p><blockquote><p>\u00c9tienne Pasquier (1529-1615) est g\u00e9n\u00e9ralement connu pour ses Recherches de la France dont le premier livre parut en 1560. Une riche historiographie existe d\u00e9j\u00e0 sur les conceptions historiques de Pasquier. Cependant, l&rsquo;\u00e9tude de la pens\u00e9e juridique de Pasquier n&rsquo;est quasiment pas abord\u00e9e. Il m&rsquo;est apparu opportun de devoir r\u00e9aliser une \u00e9tude sur sa pens\u00e9e juridique. Pour mieux la comprendre, il s&rsquo;agira tout d&rsquo;abord de contextualiser ses \u0153uvres, sa vie et son id\u00e9ologie tant d&rsquo;un point de vue historique que juridique. Notre auteur connut le bouleversement des \u00e9tudes de Droit provoqu\u00e9 par l&rsquo;humanisme juridique. Il en prit notamment l&rsquo;ensemble des b\u00e9n\u00e9fices en suivant les le\u00e7ons d&rsquo;Hotman et de Baudoin \u00e0 Paris. Avant de poursuivre son cursus \u00e0 Toulouse o\u00f9 il rencontra le ma\u00eetre de l&rsquo;humanisme historiciste Cujas. Puis, il termina ses \u00e9tudes en Italie o\u00f9 il put \u00e9couter les derniers enseignements d&rsquo;Alciat, p\u00e8re fondateur de l&rsquo;humanisme juridique en France. Il devint ensuite avocat au Parlement de Paris o\u00f9 il se m\u00eala au milieu parlementaire. Au sein de ce milieu, Pasquier devint un membre des Politiques, mouvement cherchant \u00e0 pr\u00e9server l&rsquo;unit\u00e9 du royaume de France troubl\u00e9 par les luttes confessionnelles. Par ailleurs, Pasquier, en tant qu&rsquo;humaniste praticien, a cherch\u00e9 \u00e0 mettre en exergue un droit national par l&rsquo;utilisation de l&rsquo;histoire, des traditions, des coutumes et de la langue. Pour mieux appr\u00e9hender la pens\u00e9e de Pasquier, nous concentrerons notre \u00e9tude, tant d&rsquo;un point de vue publiciste que privatiste, sur la mani\u00e8re dont notre auteur per\u00e7oit le droit.<\/p><\/blockquote><p>Ravoniarison, Ga\u00ebtan, <em>La pens\u00e9e juridique de Claude de Seyssel (v.1450- 1520) : la tradition \u00e0 l\u2019\u00e9preuve de l\u2019humanisme<\/em>, co-dir. Bernard d\u2019Alteroche et Xavier Pr\u00e9vost (U. Bordeaux). Contrat doctoral universit\u00e9 Paris II Panth\u00e9on-Assas.<\/p><p><strong><em>Universit\u00e9 Paris III<\/em><\/strong><\/p><p>Hue-Haynez, Catherine, <a href=\"https:\/\/theses.fr\/s81313\"><em>La\u00a0 \u00a0question\u00a0\u00a0\u00a0 du\u00a0\u00a0\u00a0 mariage\u00a0\u00a0\u00a0 chez\u00a0\u00a0\u00a0 \u00c9rasme : des Annotations de Paul \u00e0 l\u2019Institutio matrimonii : \u00e9laboration conceptuelle et formes discursives \u00bb<\/em><\/a>, co-dir. Nathalie Dauvois et Anne- H\u00e9l\u00e8ne Klinger-Doll\u00e9 (U. Toulouse).<\/p><blockquote><p>La pens\u00e9e matrimoniale d\u2019\u00c9rasme a souvent \u00e9t\u00e9 appr\u00e9hend\u00e9e au prisme des pol\u00e9miques. Celles-ci ont pu occulter l\u2019importance de la question du mariage dans la philosophia Christi. L\u2019objet de cette \u00e9tude est de comprendre comment la mise en \u0153uvre de formes discursives vari\u00e9es, au sein d\u2019\u0153uvres de genres diff\u00e9rents, permet l\u2019\u00e9laboration d\u2019une nouvelle conception de l\u2019institution matrimoniale. Les textes latins sont pr\u00e9sent\u00e9s dans leur contexte et une traduction en fran\u00e7ais des passages les plus significatifs est propos\u00e9e. La premi\u00e8re partie est consacr\u00e9e \u00e0 la r\u00e9flexion doctrinale. \u00c9rasme met en \u00e9vidence les tensions entre les mod\u00e8les propos\u00e9s par l\u2019\u00c9glise et les usages contemporains. Les complexit\u00e9s et les contradictions du droit canon, le d\u00e9faut de formalisation des rites, font l\u2019objet de vives critiques. Il d\u00e9veloppe une conception du sacrement comme image de l\u2019amour divin, qui permet d\u2019envisager dissolution et remariage. Les \u00e9l\u00e9ments constitutifs d\u2019une rh\u00e9torique du mariage sont ensuite \u00e9tudi\u00e9s : invention de propositions et d\u2019exemples \u00e0 partir de lieux d\u00e9lib\u00e9ratifs, adaptation du vocabulaire latin aux realia, recours au raisonnement inductif et aux cas, polyphonie et dialogues. La notion rh\u00e9torique de decorum ouvre \u00e0 une d\u00e9marche qui privil\u00e9gie le particulier, les circonstances de temps et de lieu, y compris dans les domaines de l\u2019herm\u00e9neutique biblique et de l\u2019\u00e9thique. Le troisi\u00e8me volet de l\u2019\u00e9tude s\u2019attache \u00e0 caract\u00e9riser l\u2019\u00e9thique matrimoniale \u00e9rasmienne \u00e0 partir de situations de la vie quotidienne. Les \u00e9poux sont invit\u00e9s \u00e0 exercer leur libre arbitre, au lieu de se conformer \u00e0 des normes morales, et \u00e0 imiter l\u2019exemple d\u2019un mariage id\u00e9al ciment\u00e9 par l\u2019amour mutuel.<\/p><\/blockquote><p><strong><em>Universit\u00e9 de Paris-Sorbonne<\/em><\/strong><\/p><p>Bellanger, Lor\u00e8ne, <a href=\"https:\/\/theses.fr\/s298996\"><em>Les Carmina de Jean Commire (1678) : \u00e9dition, traduction et commentaire<\/em><\/a>, dir. \u00c9milie S\u00e9ris.<\/p><p>Casellato, Nicolas, <a href=\"https:\/\/theses.fr\/s163237\"><em>Traduction et commentaire des Quattior libri Amorum siue quattuor latera Germaniae (1502) de Conrad Celtis<\/em><\/a>, dir. H\u00e9l\u00e8ne Casanova-Robin.<\/p><p>Ciss\u00e9, Bernadette, <a href=\"https:\/\/theses.fr\/s207924\"><em>L\u2019argumentation pol\u00e9mique dans la crise politique et religieuse au XVIe si\u00e8cle : Ronsard et les protestants<\/em><\/a>, dir. A.-P. Pouey- Mounou.<\/p><p>Faure, Adrian, <a href=\"https:\/\/theses.fr\/s245052\"><em>Scipion l\u2019Africain entre Antiquit\u00e9 et Renaissance : r\u00e9\u00e9laboration morale, politique et po\u00e9tique d\u2019une figure litt\u00e9raire artistique<\/em><\/a>, co-dir. Hel\u00e8ne Casanova-Robin et E. Rosso.<\/p><p>Fayard, Emma, <a href=\"https:\/\/theses.fr\/s210680\"><em>Une muse diserte. Copia et pertinence dans les \u0152uvres de Ronsard<\/em><\/a>, dir. A.-P. Pouey-Mounou.<\/p><p>Fonseca, Lucas<em>, <a href=\"https:\/\/theses.fr\/s244553\">\u00c9dition traduction et commentaire du Parthenopeus siue Amores de Giovanni Pontano<\/a><\/em>, dir. Hel\u00e8ne Casanova-Robin.<\/p><p>Leidi, Giulia, <a href=\"https:\/\/theses.fr\/s234343\"><em>Tibulle dans la po\u00e9sie et les \u00e9tudes des Humanistes sur l\u2019\u00e9l\u00e9gie antique<\/em><\/a>, co-tutelle H. Casanova-Robin et D. Coppini (U. Florence).<\/p><p>Lemerre-Louerat, Anne, <a href=\"https:\/\/theses.fr\/s190814\"><em>La Po\u00e9sie des m\u00e9t\u00e9ores de l\u2019Humanisme latin \u00e0 la Pl\u00e9iade<\/em><\/a>, co-direction H. Casanova-Robin et A.-P. Pouey-Mounou.<\/p><p>Meng, Yao, <a href=\"https:\/\/theses.fr\/s258465\"><em>La discr\u00e9tion dans la po\u00e9sie amoureuse de la Pl\u00e9iade : approche \u00e9nonciative et figurale d\u2019une rh\u00e9torique de l\u2019implicite<\/em><\/a>, dir. A.-P. Pouey- Mounou.<\/p><p>Payen de La Garanderie, <a href=\"https:\/\/theses.fr\/s247334\">Ad\u00e8le, <em>La Pl\u00e9iade l\u00e9g\u00e8re : innovations stylistiques dans les genres po\u00e9tiques mineurs \u00e0 la Renaissance (1552-1585)<\/em><\/a>, dir. A.-P. Pouey-Mounou.<\/p><p>Ruciak, Astr\u00e9e, <a href=\"https:\/\/theses.fr\/s236700\"><em>La rh\u00e9torique du surnaturel : choix de langue et choix de style dans la rh\u00e9torique d\u00e9monologique en langue fran\u00e7aise au tournant des XVIe et XVIIe si\u00e8cles<\/em><\/a>, dir. A.-P. Pouey-Mounou.<\/p><p>Souhait, Nicolas, <a href=\"https:\/\/theses.fr\/s244758\"><em>Dorat p\u00e9dagogue de la langue fran\u00e7aise. De la po\u00e9tique trilingue \u00e0 l\u2019illustration du fran\u00e7ais dans la po\u00e9sie de la jeune Pl\u00e9iade (1549-1556)<\/em><\/a>, dir. A.-P. Pouey-Mounou.<\/p><p>Wippermann, Jonas, <em>Die Ambivalenz der Form. Das Werk Pierre de Ronsards zwischen politischem Interesse und k\u00fcnstlerischer Form<\/em>, dir. A.-P. Pouey-Mounou, co-encadrement avec K. Westerwelle (dir. principale) et U. Langer, M\u00fcnster.<\/p><p>Yvert-Hamon, Sophie, <em>Ethos, repr\u00e9sentation de l\u2019autre et argumentation dans le discours de controverse religieuse de Philippe Duplessis-Mornay<\/em>, dir. A.-P. Pouey-Mounou, co-dir. avec B. Nov\u00e9n, Stockholm.<\/p><p>H\u00e9l\u00e8ne Casanova-Robin signale en outre un projet de th\u00e8se en pr\u00e9paration sur l\u2019<em>Isottaeus<\/em> de Basinio de Parme.<\/p><p><strong><em>Universit\u00e9 Paris XII<\/em><\/strong><\/p><p>Anne Raffarin signale deux projets de th\u00e8se sous sa direction : Claire-Marie Mourgues sur les <em>Jours de f\u00eate<\/em> d\u2019Alessandro d\u2019Alessandro et Nicolas Brisbois sur \u00ab Les traductions latines par Willibald Pirckheimer des trait\u00e9s du Pseudo-Platon \u00bb.<\/p><p><strong><em>Universit\u00e9 de Picardie Jules Verne<\/em><\/strong><\/p><p>Bruni, Vincent : <a href=\"https:\/\/theses.fr\/s263526\"><em>Le De imitatione (1541) de Bartolomeo Ricci : \u00e9dition, traduction et commentaire (p\u00e9dagogie et humanisme au seizi\u00e8me si\u00e8cle italien)<\/em><\/a>, dir. Laurence Boul\u00e8gue.<\/p><blockquote><p>Comme le laisse entendre le titre, nous souhaitons proposer la premi\u00e8re \u00e9dition scientifique compl\u00e8te du trait\u00e9 sur l&rsquo;imitation de Bartolomeo Ricci, le . Cette \u00e9dition proposera une courte introduction, une transcription du texte bas\u00e9e sur l&rsquo;\u00e9dition aldine de 1557, une traduction en fran\u00e7ais, annot\u00e9e, suivie d&rsquo;un commentaire. Bartolomeo Ricci, humaniste italien n\u00e9 \u00e0 Lugo en 1490 et mort \u00e0 Ferrare en 1569, a consacr\u00e9 sa vie \u00e0 l&rsquo;enseignement, tout d&rsquo;abord dans des \u00e9coles publiques puis au service de la famille d&rsquo;Este, \u00e0 Ferrare. Il devient le pr\u00e9cepteur des deux fils d&rsquo;Ercole II d&rsquo;Este, Alfonso et Luigi. C&rsquo;est \u00e0 Alfonso qu&rsquo;il d\u00e9die ses trois livres sur l&rsquo;imitation, qui se pr\u00e9sente comme des lettres adress\u00e9es \u00e0 son \u00e9l\u00e8ve. Ce trait\u00e9 rev\u00eat donc une double dimension: dimension th\u00e9orique en ce qu&rsquo;il participe au d\u00e9bat litt\u00e9raire intense de l&rsquo;\u00e9poque autour de la notion d&rsquo;imitation; dimension p\u00e9dagogique, puisque ce texte met en jeu la relation entre le professeur et l&rsquo;\u00e9l\u00e8ve et apporte \u00e0 ce dernier des conseils pour progresser. Ce trait\u00e9, connu des sp\u00e9cialistes, n&rsquo;a pour le moment, en France comme \u00e0 l&rsquo;\u00e9tranger, jamais \u00e9t\u00e9 \u00e9dit\u00e9 de mani\u00e8re scientifique et compl\u00e8te. Cette th\u00e8se se propose de r\u00e9pondre \u00e0 ce manque.<\/p><\/blockquote><p>Biacchesi, Arrigo : <em>L\u2019Apologeticon (1515) de Mercurius Vipera : \u00e9dition, traduction, commentaire<\/em>, dir. Laurence Boul\u00e8gue.<\/p><p>Maroye, Florentin : <a href=\"https:\/\/theses.fr\/s308223\"><em>Les traductions latines de trois com\u00e9dies d\u2019Aristophane (Les Gu\u00eapes, La paix, Lysistrata) par Florent Chrestien (1541-1596)<\/em><\/a>, dir. Laurence Boul\u00e8gue et Nathalie Catellani (U. Picardie).<\/p><blockquote><p>Il s&rsquo;agira, dans cette th\u00e8se, de d\u00e9crire et de montrer comment les traductions d&rsquo;Aristophane par Florent Chrestien et les apparats qui les accompagnent sont \u00e0 la fois l&rsquo;\u0153uvre d&rsquo;un \u00e9rudit humaniste, hell\u00e9niste et latiniste, et celle d&rsquo;un acteur de son \u00e9poque. L&rsquo;analyse, dont la premi\u00e8re approche sera donc philologique, se propose aussi d&rsquo;\u00e9tudier les possibles implications des engagements et positions de Florent Chrestien non seulement dans les paratextes, mais aussi dans ses choix m\u00eame de traduction et dans ses commentaires. Notre travail se veut novateur en ce que les traductions de Florent Chrestien, mis \u00e0 part quelques articles tr\u00e8s utiles mais peu nombreux, n&rsquo;ont pas fait l&rsquo;objet d&rsquo;une \u00e9tude syst\u00e9matique. Florent Chrestien, n\u00e9anmoins, du fait de la figure de protestant affirm\u00e9 qui est la sienne et du fait de la place centrale qu&rsquo;il occupe dans les d\u00e9bats de son temps est une figure centrale du XVI\u1d49 si\u00e8cle fran\u00e7ais. C&rsquo;est la raison pour laquelle notre sujet de th\u00e8se se propose d&rsquo;observer la porosit\u00e9 qui existe entre les deux aspects de son activit\u00e9. C&rsquo;est gr\u00e2ce au trilinguisme de Florent Chrestien (fran\u00e7ais &#8211; latin &#8211; grec), sans doute la caract\u00e9ristique la plus marquante de son \u0153uvre, que nous comptons p\u00e9n\u00e9trer la pens\u00e9e de l&rsquo;auteur, pour comprendre qu&rsquo;elle ne doit pas \u00eatre limit\u00e9e \u00e0 un exercice d&rsquo;\u00e9rudition ou de talent de philologue.<\/p><\/blockquote><p><strong><em>Universit\u00e9 de Rennes 2<\/em><\/strong><\/p><p>Colobert, Avery (contrat doctoral ENS) : <em>Les Lectiones antiquae de Caelius Rhodiginus : enqu\u00eate sur une esth\u00e9tique du farrago dans l&rsquo;Italie de la Renaissance<\/em>, dir. Anne Rolet.<\/p><p>Dugu\u00e9, Kevin (contrat doctoral) :<a href=\"https:\/\/theses.fr\/s298724\"> <em>Les Parques : des Moires romaines ?<\/em> <\/a><em>\u00c9tude sur le transfert des d\u00e9esses grecques du destin dans le monde romain entre le IVe av. J.-C. et le IVe si\u00e8cle apr. J.-C. (litt\u00e9rature, inscriptions, iconographie),<\/em> dir. Anne Rolet.<\/p><p><strong><em>Universit\u00e9 de Strasbourg<\/em><\/strong><\/p><p>Jeannot-Tirole, Marie, <a href=\"https:\/\/theses.fr\/s296166\"><em>Un po\u00e8me humaniste n\u00e9 de l\u2019h\u00e9ritage antique : la Sylua epistolaris seu Barba de Johann Sapidus (1490-1561)<\/em><\/a>, dir. James Hirstein (contrat doctoral)<\/p><p>Kinosky, Nicolas, <a href=\"https:\/\/theses.fr\/s269575\">\u00ab Les M\u00e9tamorphoses d\u2019Apul\u00e9e et l\u2019Hypnerotomachia Poliphili de Francesco Colonna, imitatio, aemulatio, renovatio d\u2019un roman initiatique \u00bb<\/a>, co-direction avec Gilles Polizzi, Litt. fran., Univ. de Haute-Alsace.<\/p><p>Marchand, Chantal, <a href=\"https:\/\/theses.fr\/s270890\"><em>Les voix f\u00e9minines dans les Colloques d\u2019\u00c9rasme de Rotterdam<\/em><\/a>, dir. James Histein.<\/p><p>Melo, Marcos, <a href=\"https:\/\/theses.fr\/s304244\"><em>Le prince et les pauvres dans la rh\u00e9torique d\u00e9lib\u00e9rative relative \u00e0 l\u2019Etat chez Erasme de Rotterdam<\/em><\/a>, dir. James Hirstein.<\/p><p>P\u00e9rez, Elena, <a href=\"https:\/\/theses.fr\/s270196\"><em>La po\u00e9sie de la naissance en France (1457-1572)<\/em><\/a>, co-direction James Hirstein et Jean-Charles Monferran (U. Paris-Sorbonne).<\/p>\t\t\t\t\t\t\t\t<\/div>\n\t\t\t\t<\/div>\n\t\t\t\t\t<\/div>\n\t\t<\/div>\n\t\t\t\t\t<\/div>\n\t\t<\/section>\n\t\t\t\t<section class=\"elementor-section elementor-top-section elementor-element elementor-element-9e73f39 elementor-section-boxed elementor-section-height-default elementor-section-height-default\" data-id=\"9e73f39\" data-element_type=\"section\" data-e-type=\"section\">\n\t\t\t\t\t\t<div class=\"elementor-container elementor-column-gap-default\">\n\t\t\t\t\t<div class=\"elementor-column elementor-col-100 elementor-top-column elementor-element elementor-element-1218c8b\" data-id=\"1218c8b\" data-element_type=\"column\" data-e-type=\"column\">\n\t\t\t<div class=\"elementor-widget-wrap\">\n\t\t\t\t\t\t\t<\/div>\n\t\t<\/div>\n\t\t\t\t\t<\/div>\n\t\t<\/section>\n\t\t\t\t<section class=\"elementor-section elementor-top-section elementor-element elementor-element-3c930f94 elementor-section-boxed elementor-section-height-default elementor-section-height-default\" data-id=\"3c930f94\" data-element_type=\"section\" data-e-type=\"section\">\n\t\t\t\t\t\t<div class=\"elementor-container elementor-column-gap-default\">\n\t\t\t\t\t<div class=\"elementor-column elementor-col-100 elementor-top-column elementor-element elementor-element-275aa64c\" data-id=\"275aa64c\" data-element_type=\"column\" data-e-type=\"column\">\n\t\t\t<div class=\"elementor-widget-wrap elementor-element-populated\">\n\t\t\t\t\t\t<div class=\"elementor-element elementor-element-28e77b75 elementor-widget elementor-widget-shortcode\" data-id=\"28e77b75\" data-element_type=\"widget\" data-e-type=\"widget\" data-widget_type=\"shortcode.default\">\n\t\t\t\t<div class=\"elementor-widget-container\">\n\t\t\t\t\t\t\t<div class=\"elementor-shortcode\"><a href=\"https:\/\/www.semen-l.org\/wp-content\/uploads\/2022\/01\/theses-dec-21.pdf\" class=\"pdfemb-viewer\" style=\"\" data-width=\"max\" data-height=\"max\" data-toolbar=\"both\" data-toolbar-fixed=\"off\">theses-dec-21<\/a><\/div>\n\t\t\t\t\t\t<\/div>\n\t\t\t\t<\/div>\n\t\t\t\t\t<\/div>\n\t\t<\/div>\n\t\t\t\t\t<\/div>\n\t\t<\/section>\n\t\t\t\t<\/div>\n\t\t","protected":false},"excerpt":{"rendered":"<p>Le document en .pdf Version texte (incluant les r\u00e9sum\u00e9s de theses.fr lorsqu&rsquo;ils sont disponibles) \u00c9cole Nationale des Chartes Guignard, Nicolas, La pens\u00e9e politique d\u2019H\u00e9linand de Froidmont au travers du Cronicon, co-dir. Fr. Ploton-Nicollet et P. Arabeyre. Le but de cette &hellip; <a href=\"https:\/\/www.semen-l.org\/?p=2006\">Continuer la lecture <span class=\"meta-nav\">&rarr;<\/span><\/a><\/p>\n","protected":false},"author":26,"featured_media":0,"comment_status":"open","ping_status":"open","sticky":false,"template":"","format":"standard","meta":{"footnotes":""},"categories":[9],"tags":[],"class_list":["post-2006","post","type-post","status-publish","format-standard","hentry","category-theses-en-cours"],"yoast_head":"<!-- This site is optimized with the Yoast SEO plugin v27.5 - https:\/\/yoast.com\/product\/yoast-seo-wordpress\/ -->\n<title>Th\u00e8ses en cours 2021-2022 - Soci\u00e9t\u00e9 d&#039;\u00c9tudes M\u00e9dio Et N\u00e9o-Latines<\/title>\n<meta name=\"robots\" content=\"index, follow, max-snippet:-1, max-image-preview:large, max-video-preview:-1\" \/>\n<link rel=\"canonical\" href=\"http:\/\/www.semen-l.org\/?p=2006\" \/>\n<meta property=\"og:locale\" content=\"fr_FR\" \/>\n<meta property=\"og:type\" content=\"article\" \/>\n<meta property=\"og:title\" content=\"Th\u00e8ses en cours 2021-2022 - Soci\u00e9t\u00e9 d&#039;\u00c9tudes M\u00e9dio Et N\u00e9o-Latines\" \/>\n<meta property=\"og:description\" content=\"Le document en .pdf Version texte (incluant les r\u00e9sum\u00e9s de theses.fr lorsqu&rsquo;ils sont disponibles) \u00c9cole Nationale des Chartes Guignard, Nicolas, La pens\u00e9e politique d\u2019H\u00e9linand de Froidmont au travers du Cronicon, co-dir. Fr. Ploton-Nicollet et P. Arabeyre. Le but de cette &hellip; Continuer la lecture &rarr;\" \/>\n<meta property=\"og:url\" content=\"http:\/\/www.semen-l.org\/?p=2006\" \/>\n<meta property=\"og:site_name\" content=\"Soci\u00e9t\u00e9 d&#039;\u00c9tudes M\u00e9dio Et N\u00e9o-Latines\" \/>\n<meta property=\"article:publisher\" content=\"https:\/\/www.facebook.com\/SEMENL2018\" \/>\n<meta property=\"article:published_time\" content=\"2022-01-29T11:26:04+00:00\" \/>\n<meta property=\"article:modified_time\" content=\"2022-01-29T15:28:45+00:00\" \/>\n<meta name=\"author\" content=\"Julien Maudoux\" \/>\n<meta name=\"twitter:card\" content=\"summary_large_image\" \/>\n<meta name=\"twitter:label1\" content=\"\u00c9crit par\" \/>\n\t<meta name=\"twitter:data1\" content=\"Julien Maudoux\" \/>\n\t<meta name=\"twitter:label2\" content=\"Dur\u00e9e de lecture estim\u00e9e\" \/>\n\t<meta name=\"twitter:data2\" content=\"37 minutes\" \/>\n<script type=\"application\/ld+json\" class=\"yoast-schema-graph\">{\"@context\":\"https:\\\/\\\/schema.org\",\"@graph\":[{\"@type\":\"Article\",\"@id\":\"http:\\\/\\\/www.semen-l.org\\\/?p=2006#article\",\"isPartOf\":{\"@id\":\"http:\\\/\\\/www.semen-l.org\\\/?p=2006\"},\"author\":{\"name\":\"Julien Maudoux\",\"@id\":\"http:\\\/\\\/www.semen-l.org\\\/#\\\/schema\\\/person\\\/ef5208815f17666727763c5363a51344\"},\"headline\":\"Th\u00e8ses en cours 2021-2022\",\"datePublished\":\"2022-01-29T11:26:04+00:00\",\"dateModified\":\"2022-01-29T15:28:45+00:00\",\"mainEntityOfPage\":{\"@id\":\"http:\\\/\\\/www.semen-l.org\\\/?p=2006\"},\"wordCount\":8112,\"commentCount\":0,\"publisher\":{\"@id\":\"http:\\\/\\\/www.semen-l.org\\\/#organization\"},\"articleSection\":[\"Th\u00e8ses en cours\"],\"inLanguage\":\"fr-FR\",\"potentialAction\":[{\"@type\":\"CommentAction\",\"name\":\"Comment\",\"target\":[\"http:\\\/\\\/www.semen-l.org\\\/?p=2006#respond\"]}]},{\"@type\":\"WebPage\",\"@id\":\"http:\\\/\\\/www.semen-l.org\\\/?p=2006\",\"url\":\"http:\\\/\\\/www.semen-l.org\\\/?p=2006\",\"name\":\"Th\u00e8ses en cours 2021-2022 - Soci\u00e9t\u00e9 d&#039;\u00c9tudes M\u00e9dio Et N\u00e9o-Latines\",\"isPartOf\":{\"@id\":\"http:\\\/\\\/www.semen-l.org\\\/#website\"},\"datePublished\":\"2022-01-29T11:26:04+00:00\",\"dateModified\":\"2022-01-29T15:28:45+00:00\",\"breadcrumb\":{\"@id\":\"http:\\\/\\\/www.semen-l.org\\\/?p=2006#breadcrumb\"},\"inLanguage\":\"fr-FR\",\"potentialAction\":[{\"@type\":\"ReadAction\",\"target\":[\"http:\\\/\\\/www.semen-l.org\\\/?p=2006\"]}]},{\"@type\":\"BreadcrumbList\",\"@id\":\"http:\\\/\\\/www.semen-l.org\\\/?p=2006#breadcrumb\",\"itemListElement\":[{\"@type\":\"ListItem\",\"position\":1,\"name\":\"Accueil\",\"item\":\"http:\\\/\\\/www.semen-l.org\\\/\"},{\"@type\":\"ListItem\",\"position\":2,\"name\":\"Th\u00e8ses en cours 2021-2022\"}]},{\"@type\":\"WebSite\",\"@id\":\"http:\\\/\\\/www.semen-l.org\\\/#website\",\"url\":\"http:\\\/\\\/www.semen-l.org\\\/\",\"name\":\"Soci\u00e9t\u00e9 d'\u00c9tudes M\u00e9dio Et N\u00e9o-Latines\",\"description\":\"\",\"publisher\":{\"@id\":\"http:\\\/\\\/www.semen-l.org\\\/#organization\"},\"potentialAction\":[{\"@type\":\"SearchAction\",\"target\":{\"@type\":\"EntryPoint\",\"urlTemplate\":\"http:\\\/\\\/www.semen-l.org\\\/?s={search_term_string}\"},\"query-input\":{\"@type\":\"PropertyValueSpecification\",\"valueRequired\":true,\"valueName\":\"search_term_string\"}}],\"inLanguage\":\"fr-FR\"},{\"@type\":\"Organization\",\"@id\":\"http:\\\/\\\/www.semen-l.org\\\/#organization\",\"name\":\"Soci\u00e9t\u00e9 d'\u00e9tudes m\u00e9dio et n\u00e9o-latines\",\"url\":\"http:\\\/\\\/www.semen-l.org\\\/\",\"logo\":{\"@type\":\"ImageObject\",\"inLanguage\":\"fr-FR\",\"@id\":\"http:\\\/\\\/www.semen-l.org\\\/#\\\/schema\\\/logo\\\/image\\\/\",\"url\":\"http:\\\/\\\/www.semen-l.org\\\/wp-content\\\/uploads\\\/2020\\\/11\\\/logo-semenl.jpg\",\"contentUrl\":\"http:\\\/\\\/www.semen-l.org\\\/wp-content\\\/uploads\\\/2020\\\/11\\\/logo-semenl.jpg\",\"width\":408,\"height\":403,\"caption\":\"Soci\u00e9t\u00e9 d'\u00e9tudes m\u00e9dio et n\u00e9o-latines\"},\"image\":{\"@id\":\"http:\\\/\\\/www.semen-l.org\\\/#\\\/schema\\\/logo\\\/image\\\/\"},\"sameAs\":[\"https:\\\/\\\/www.facebook.com\\\/SEMENL2018\",\"https:\\\/\\\/independent.academia.edu\\\/SocitsdtudesmdioetnolatinesSEMENL\"]},{\"@type\":\"Person\",\"@id\":\"http:\\\/\\\/www.semen-l.org\\\/#\\\/schema\\\/person\\\/ef5208815f17666727763c5363a51344\",\"name\":\"Julien Maudoux\",\"image\":{\"@type\":\"ImageObject\",\"inLanguage\":\"fr-FR\",\"@id\":\"https:\\\/\\\/secure.gravatar.com\\\/avatar\\\/caabf4fb6242e2277733cd35a5c2aa083761ea25dae1d1ff3298b54292225292?s=96&d=mm&r=g\",\"url\":\"https:\\\/\\\/secure.gravatar.com\\\/avatar\\\/caabf4fb6242e2277733cd35a5c2aa083761ea25dae1d1ff3298b54292225292?s=96&d=mm&r=g\",\"contentUrl\":\"https:\\\/\\\/secure.gravatar.com\\\/avatar\\\/caabf4fb6242e2277733cd35a5c2aa083761ea25dae1d1ff3298b54292225292?s=96&d=mm&r=g\",\"caption\":\"Julien Maudoux\"},\"description\":\"Webmestre du site de la SEMEN-L\",\"url\":\"https:\\\/\\\/www.semen-l.org\\\/?author=26\"}]}<\/script>\n<!-- \/ Yoast SEO plugin. -->","yoast_head_json":{"title":"Th\u00e8ses en cours 2021-2022 - Soci\u00e9t\u00e9 d&#039;\u00c9tudes M\u00e9dio Et N\u00e9o-Latines","robots":{"index":"index","follow":"follow","max-snippet":"max-snippet:-1","max-image-preview":"max-image-preview:large","max-video-preview":"max-video-preview:-1"},"canonical":"http:\/\/www.semen-l.org\/?p=2006","og_locale":"fr_FR","og_type":"article","og_title":"Th\u00e8ses en cours 2021-2022 - Soci\u00e9t\u00e9 d&#039;\u00c9tudes M\u00e9dio Et N\u00e9o-Latines","og_description":"Le document en .pdf Version texte (incluant les r\u00e9sum\u00e9s de theses.fr lorsqu&rsquo;ils sont disponibles) \u00c9cole Nationale des Chartes Guignard, Nicolas, La pens\u00e9e politique d\u2019H\u00e9linand de Froidmont au travers du Cronicon, co-dir. Fr. Ploton-Nicollet et P. Arabeyre. Le but de cette &hellip; Continuer la lecture &rarr;","og_url":"http:\/\/www.semen-l.org\/?p=2006","og_site_name":"Soci\u00e9t\u00e9 d&#039;\u00c9tudes M\u00e9dio Et N\u00e9o-Latines","article_publisher":"https:\/\/www.facebook.com\/SEMENL2018","article_published_time":"2022-01-29T11:26:04+00:00","article_modified_time":"2022-01-29T15:28:45+00:00","author":"Julien Maudoux","twitter_card":"summary_large_image","twitter_misc":{"\u00c9crit par":"Julien Maudoux","Dur\u00e9e de lecture estim\u00e9e":"37 minutes"},"schema":{"@context":"https:\/\/schema.org","@graph":[{"@type":"Article","@id":"http:\/\/www.semen-l.org\/?p=2006#article","isPartOf":{"@id":"http:\/\/www.semen-l.org\/?p=2006"},"author":{"name":"Julien Maudoux","@id":"http:\/\/www.semen-l.org\/#\/schema\/person\/ef5208815f17666727763c5363a51344"},"headline":"Th\u00e8ses en cours 2021-2022","datePublished":"2022-01-29T11:26:04+00:00","dateModified":"2022-01-29T15:28:45+00:00","mainEntityOfPage":{"@id":"http:\/\/www.semen-l.org\/?p=2006"},"wordCount":8112,"commentCount":0,"publisher":{"@id":"http:\/\/www.semen-l.org\/#organization"},"articleSection":["Th\u00e8ses en cours"],"inLanguage":"fr-FR","potentialAction":[{"@type":"CommentAction","name":"Comment","target":["http:\/\/www.semen-l.org\/?p=2006#respond"]}]},{"@type":"WebPage","@id":"http:\/\/www.semen-l.org\/?p=2006","url":"http:\/\/www.semen-l.org\/?p=2006","name":"Th\u00e8ses en cours 2021-2022 - Soci\u00e9t\u00e9 d&#039;\u00c9tudes M\u00e9dio Et N\u00e9o-Latines","isPartOf":{"@id":"http:\/\/www.semen-l.org\/#website"},"datePublished":"2022-01-29T11:26:04+00:00","dateModified":"2022-01-29T15:28:45+00:00","breadcrumb":{"@id":"http:\/\/www.semen-l.org\/?p=2006#breadcrumb"},"inLanguage":"fr-FR","potentialAction":[{"@type":"ReadAction","target":["http:\/\/www.semen-l.org\/?p=2006"]}]},{"@type":"BreadcrumbList","@id":"http:\/\/www.semen-l.org\/?p=2006#breadcrumb","itemListElement":[{"@type":"ListItem","position":1,"name":"Accueil","item":"http:\/\/www.semen-l.org\/"},{"@type":"ListItem","position":2,"name":"Th\u00e8ses en cours 2021-2022"}]},{"@type":"WebSite","@id":"http:\/\/www.semen-l.org\/#website","url":"http:\/\/www.semen-l.org\/","name":"Soci\u00e9t\u00e9 d'\u00c9tudes M\u00e9dio Et N\u00e9o-Latines","description":"","publisher":{"@id":"http:\/\/www.semen-l.org\/#organization"},"potentialAction":[{"@type":"SearchAction","target":{"@type":"EntryPoint","urlTemplate":"http:\/\/www.semen-l.org\/?s={search_term_string}"},"query-input":{"@type":"PropertyValueSpecification","valueRequired":true,"valueName":"search_term_string"}}],"inLanguage":"fr-FR"},{"@type":"Organization","@id":"http:\/\/www.semen-l.org\/#organization","name":"Soci\u00e9t\u00e9 d'\u00e9tudes m\u00e9dio et n\u00e9o-latines","url":"http:\/\/www.semen-l.org\/","logo":{"@type":"ImageObject","inLanguage":"fr-FR","@id":"http:\/\/www.semen-l.org\/#\/schema\/logo\/image\/","url":"http:\/\/www.semen-l.org\/wp-content\/uploads\/2020\/11\/logo-semenl.jpg","contentUrl":"http:\/\/www.semen-l.org\/wp-content\/uploads\/2020\/11\/logo-semenl.jpg","width":408,"height":403,"caption":"Soci\u00e9t\u00e9 d'\u00e9tudes m\u00e9dio et n\u00e9o-latines"},"image":{"@id":"http:\/\/www.semen-l.org\/#\/schema\/logo\/image\/"},"sameAs":["https:\/\/www.facebook.com\/SEMENL2018","https:\/\/independent.academia.edu\/SocitsdtudesmdioetnolatinesSEMENL"]},{"@type":"Person","@id":"http:\/\/www.semen-l.org\/#\/schema\/person\/ef5208815f17666727763c5363a51344","name":"Julien Maudoux","image":{"@type":"ImageObject","inLanguage":"fr-FR","@id":"https:\/\/secure.gravatar.com\/avatar\/caabf4fb6242e2277733cd35a5c2aa083761ea25dae1d1ff3298b54292225292?s=96&d=mm&r=g","url":"https:\/\/secure.gravatar.com\/avatar\/caabf4fb6242e2277733cd35a5c2aa083761ea25dae1d1ff3298b54292225292?s=96&d=mm&r=g","contentUrl":"https:\/\/secure.gravatar.com\/avatar\/caabf4fb6242e2277733cd35a5c2aa083761ea25dae1d1ff3298b54292225292?s=96&d=mm&r=g","caption":"Julien Maudoux"},"description":"Webmestre du site de la SEMEN-L","url":"https:\/\/www.semen-l.org\/?author=26"}]}},"jetpack_featured_media_url":"","_links":{"self":[{"href":"https:\/\/www.semen-l.org\/index.php?rest_route=\/wp\/v2\/posts\/2006","targetHints":{"allow":["GET"]}}],"collection":[{"href":"https:\/\/www.semen-l.org\/index.php?rest_route=\/wp\/v2\/posts"}],"about":[{"href":"https:\/\/www.semen-l.org\/index.php?rest_route=\/wp\/v2\/types\/post"}],"author":[{"embeddable":true,"href":"https:\/\/www.semen-l.org\/index.php?rest_route=\/wp\/v2\/users\/26"}],"replies":[{"embeddable":true,"href":"https:\/\/www.semen-l.org\/index.php?rest_route=%2Fwp%2Fv2%2Fcomments&post=2006"}],"version-history":[{"count":0,"href":"https:\/\/www.semen-l.org\/index.php?rest_route=\/wp\/v2\/posts\/2006\/revisions"}],"wp:attachment":[{"href":"https:\/\/www.semen-l.org\/index.php?rest_route=%2Fwp%2Fv2%2Fmedia&parent=2006"}],"wp:term":[{"taxonomy":"category","embeddable":true,"href":"https:\/\/www.semen-l.org\/index.php?rest_route=%2Fwp%2Fv2%2Fcategories&post=2006"},{"taxonomy":"post_tag","embeddable":true,"href":"https:\/\/www.semen-l.org\/index.php?rest_route=%2Fwp%2Fv2%2Ftags&post=2006"}],"curies":[{"name":"wp","href":"https:\/\/api.w.org\/{rel}","templated":true}]}}