{"id":1988,"date":"2022-01-19T19:17:29","date_gmt":"2022-01-19T19:17:29","guid":{"rendered":"https:\/\/www.semen-l.org\/?p=1988"},"modified":"2022-01-28T19:24:49","modified_gmt":"2022-01-28T19:24:49","slug":"agrippa-daubigne-oeuvre-tsome-viii-poesies-politiques-satiriques-poemata-poesies-de-constant-daubigne","status":"publish","type":"post","link":"https:\/\/www.semen-l.org\/?p=1988","title":{"rendered":"Agrippa d&rsquo;Aubign\u00e9, \u0152uvre. Tome VIII &#8211; Po\u00e9sies politiques, satiriques, Poemata, Po\u00e9sies de Constant d&rsquo;Aubign\u00e9"},"content":{"rendered":"<p><a href=\"https:\/\/classiques-garnier.com\/index.php\/aubigne-agrippa-d-oeuvres-tome-viii-poesies-politiques-satiriques-poemata-poesies-de-constant-d-aubigne.html\"><img fetchpriority=\"high\" decoding=\"async\" class=\"alignright size-medium wp-image-1990\" src=\"http:\/\/www.semen-l.org\/wp-content\/uploads\/2022\/01\/daubigne-t8-200x300.jpg\" alt=\"\" width=\"200\" height=\"300\" srcset=\"https:\/\/www.semen-l.org\/wp-content\/uploads\/2022\/01\/daubigne-t8-200x300.jpg 200w, https:\/\/www.semen-l.org\/wp-content\/uploads\/2022\/01\/daubigne-t8-133x200.jpg 133w, https:\/\/www.semen-l.org\/wp-content\/uploads\/2022\/01\/daubigne-t8.jpg 400w\" sizes=\"(max-width: 200px) 100vw, 200px\" \/><\/a>Agrippa d&rsquo;Aubign\u00e9, <em>\u0152uvres<\/em> sous la direction de Jean-Raymond Fanlo, Marie-Madeleine Fragonard et Gilbert Schrenck. <em>Tome VIII &#8211; Po\u00e9sies politiques, satiriques, Poemata, Po\u00e9sies de Constant d&rsquo;Aubign\u00e9<\/em>, \u00c9dition de Jean-Louis Charlet, B\u00e9atrice Charlet-Mesdjian et Jean-Raymond Fanlo, Paris, Classiques Garnier, coll. \u00ab Textes de la Renaissance \u00bb, paru le 19 janvier 2022.<\/p>\n<p><a href=\"https:\/\/classiques-garnier.com\/index.php\/aubigne-agrippa-d-oeuvres-tome-viii-poesies-politiques-satiriques-poemata-poesies-de-constant-d-aubigne.html\">Lien vers le site de l&rsquo;\u00e9diteur<\/a><\/p>\n<ul class=\"list-unstyled\">\n<li><b>R\u00e9sum\u00e9:<\/b>\u00a0Ce tome contient la premi\u00e8re \u00e9dition critique de la po\u00e9sie politique, satirique et ludique d\u2019Agrippa d\u2019Aubign\u00e9, ainsi que de la po\u00e9sie latine, avec traduction. Des in\u00e9dits sont publi\u00e9s, de fausses attributions sont r\u00e9fut\u00e9es. Des pans m\u00e9connus ou ignor\u00e9s d\u2019une \u0153uvre po\u00e9tique majeure se r\u00e9v\u00e8lent.<\/li>\n<li><em>This volume contains the first critical edition of Agrippa d\u2019Aubign\u00e9\u2019s political, satirical, and ludic poetry, as well as his Latin poetry with translations. Unpublished works are included; false attributions are refuted. Unknown or ignored quarters of a major poetic oeuvre are revealed.<\/em><\/li>\n<\/ul>\n<ul class=\"list-unstyled\">\n<li><b>Nombre de pages:<\/b>\u00a0722<\/li>\n<li><b>Parution:<\/b>\u00a0<span id=\"pse-parutiondate\">19\/01\/2022<\/span><\/li>\n<li><b>Collection:<\/b>\u00a0<a href=\"https:\/\/classiques-garnier.com\/index.php\/textes-de-la-renaissance.html\">Textes de la Renaissance<\/a>, n\u00b0 241<\/li>\n<\/ul>\n<h4><a class=\"\" href=\"https:\/\/classiques-garnier.com\/index.php\/aubigne-agrippa-d-oeuvres-tome-viii-poesies-politiques-satiriques-poemata-poesies-de-constant-d-aubigne.html#collapse-notice\" data-toggle=\"collapse\" aria-expanded=\"true\">Autres informations \u2b9f<\/a><\/h4>\n<ul id=\"collapse-notice\" class=\"list-unstyled collapse in\" aria-expanded=\"true\">\n<li><b>ISBN:<\/b>\u00a0<span id=\"pse-isbn\">978-2-406-12147-3<\/span><\/li>\n<li><b>ISSN:<\/b>\u00a01262-2842<\/li>\n<li><b>DOI:<\/b>\u00a010.48611\/isbn.978-2-406-12149-7<\/li>\n<li><b>\u00c9diteur:<\/b>\u00a0Classiques Garnier<\/li>\n<li><b>Mise en ligne:<\/b>\u00a019\/01\/2022<\/li>\n<li><b>Langue:<\/b>\u00a0Fran\u00e7ais<\/li>\n<li><b>Mots-cl\u00e9s:<\/b>\u00a0Po\u00e9sie de la Renaissance, \u00e9pigrammes latines, litt\u00e9rature pol\u00e9mique, litt\u00e9rature fac\u00e9tieuse, satire, latin macaronique<\/li>\n<\/ul>\n","protected":false},"excerpt":{"rendered":"<p>Agrippa d&rsquo;Aubign\u00e9, \u0152uvres sous la direction de Jean-Raymond Fanlo, Marie-Madeleine Fragonard et Gilbert Schrenck. Tome VIII &#8211; Po\u00e9sies politiques, satiriques, Poemata, Po\u00e9sies de Constant d&rsquo;Aubign\u00e9, \u00c9dition de Jean-Louis Charlet, B\u00e9atrice Charlet-Mesdjian et Jean-Raymond Fanlo, Paris, Classiques Garnier, coll. \u00ab Textes &hellip; <a href=\"https:\/\/www.semen-l.org\/?p=1988\">Continuer la lecture <span class=\"meta-nav\">&rarr;<\/span><\/a><\/p>\n","protected":false},"author":26,"featured_media":1990,"comment_status":"open","ping_status":"open","sticky":false,"template":"","format":"standard","meta":{"footnotes":""},"categories":[7],"tags":[1671,1670],"class_list":["post-1988","post","type-post","status-publish","format-standard","has-post-thumbnail","hentry","category-publications","tag-daubigne-constant","tag-daubigne-theodore-agrippa"],"yoast_head":"<!-- This site is optimized with the Yoast SEO plugin v27.5 - https:\/\/yoast.com\/product\/yoast-seo-wordpress\/ -->\n<title>Agrippa d&#039;Aubign\u00e9, \u0152uvre. Tome VIII - Po\u00e9sies politiques, satiriques, Poemata, Po\u00e9sies de Constant d&#039;Aubign\u00e9 - Soci\u00e9t\u00e9 d&#039;\u00c9tudes M\u00e9dio Et N\u00e9o-Latines<\/title>\n<meta name=\"robots\" content=\"index, follow, max-snippet:-1, max-image-preview:large, max-video-preview:-1\" \/>\n<link rel=\"canonical\" href=\"https:\/\/www.semen-l.org\/?p=1988\" \/>\n<meta property=\"og:locale\" content=\"fr_FR\" \/>\n<meta property=\"og:type\" content=\"article\" \/>\n<meta property=\"og:title\" content=\"Agrippa d&#039;Aubign\u00e9, \u0152uvre. Tome VIII - Po\u00e9sies politiques, satiriques, Poemata, Po\u00e9sies de Constant d&#039;Aubign\u00e9 - Soci\u00e9t\u00e9 d&#039;\u00c9tudes M\u00e9dio Et N\u00e9o-Latines\" \/>\n<meta property=\"og:description\" content=\"Agrippa d&rsquo;Aubign\u00e9, \u0152uvres sous la direction de Jean-Raymond Fanlo, Marie-Madeleine Fragonard et Gilbert Schrenck. Tome VIII &#8211; Po\u00e9sies politiques, satiriques, Poemata, Po\u00e9sies de Constant d&rsquo;Aubign\u00e9, \u00c9dition de Jean-Louis Charlet, B\u00e9atrice Charlet-Mesdjian et Jean-Raymond Fanlo, Paris, Classiques Garnier, coll. \u00ab Textes &hellip; Continuer la lecture &rarr;\" \/>\n<meta property=\"og:url\" content=\"https:\/\/www.semen-l.org\/?p=1988\" \/>\n<meta property=\"og:site_name\" content=\"Soci\u00e9t\u00e9 d&#039;\u00c9tudes M\u00e9dio Et N\u00e9o-Latines\" \/>\n<meta property=\"article:publisher\" content=\"https:\/\/www.facebook.com\/SEMENL2018\" \/>\n<meta property=\"article:published_time\" content=\"2022-01-19T19:17:29+00:00\" \/>\n<meta property=\"article:modified_time\" content=\"2022-01-28T19:24:49+00:00\" \/>\n<meta property=\"og:image\" content=\"https:\/\/www.semen-l.org\/wp-content\/uploads\/2022\/01\/daubigne-t8.jpg\" \/>\n\t<meta property=\"og:image:width\" content=\"400\" \/>\n\t<meta property=\"og:image:height\" content=\"600\" \/>\n\t<meta property=\"og:image:type\" content=\"image\/jpeg\" \/>\n<meta name=\"author\" content=\"Julien Maudoux\" \/>\n<meta name=\"twitter:card\" content=\"summary_large_image\" \/>\n<meta name=\"twitter:label1\" content=\"\u00c9crit par\" \/>\n\t<meta name=\"twitter:data1\" content=\"Julien Maudoux\" \/>\n\t<meta name=\"twitter:label2\" content=\"Dur\u00e9e de lecture estim\u00e9e\" \/>\n\t<meta name=\"twitter:data2\" content=\"1 minute\" \/>\n<script type=\"application\/ld+json\" class=\"yoast-schema-graph\">{\"@context\":\"https:\\\/\\\/schema.org\",\"@graph\":[{\"@type\":\"Article\",\"@id\":\"https:\\\/\\\/www.semen-l.org\\\/?p=1988#article\",\"isPartOf\":{\"@id\":\"https:\\\/\\\/www.semen-l.org\\\/?p=1988\"},\"author\":{\"name\":\"Julien Maudoux\",\"@id\":\"http:\\\/\\\/www.semen-l.org\\\/#\\\/schema\\\/person\\\/ef5208815f17666727763c5363a51344\"},\"headline\":\"Agrippa d&rsquo;Aubign\u00e9, \u0152uvre. Tome VIII &#8211; Po\u00e9sies politiques, satiriques, Poemata, Po\u00e9sies de Constant d&rsquo;Aubign\u00e9\",\"datePublished\":\"2022-01-19T19:17:29+00:00\",\"dateModified\":\"2022-01-28T19:24:49+00:00\",\"mainEntityOfPage\":{\"@id\":\"https:\\\/\\\/www.semen-l.org\\\/?p=1988\"},\"wordCount\":234,\"commentCount\":0,\"publisher\":{\"@id\":\"http:\\\/\\\/www.semen-l.org\\\/#organization\"},\"image\":{\"@id\":\"https:\\\/\\\/www.semen-l.org\\\/?p=1988#primaryimage\"},\"thumbnailUrl\":\"https:\\\/\\\/www.semen-l.org\\\/wp-content\\\/uploads\\\/2022\\\/01\\\/daubigne-t8.jpg\",\"keywords\":[\"D'Aubign\u00e9 (Constant)\",\"D'Aubign\u00e9 (Th\u00e9odore Agrippa)\"],\"articleSection\":[\"Publications\"],\"inLanguage\":\"fr-FR\",\"potentialAction\":[{\"@type\":\"CommentAction\",\"name\":\"Comment\",\"target\":[\"https:\\\/\\\/www.semen-l.org\\\/?p=1988#respond\"]}]},{\"@type\":\"WebPage\",\"@id\":\"https:\\\/\\\/www.semen-l.org\\\/?p=1988\",\"url\":\"https:\\\/\\\/www.semen-l.org\\\/?p=1988\",\"name\":\"Agrippa d'Aubign\u00e9, \u0152uvre. Tome VIII - Po\u00e9sies politiques, satiriques, Poemata, Po\u00e9sies de Constant d'Aubign\u00e9 - Soci\u00e9t\u00e9 d&#039;\u00c9tudes M\u00e9dio Et N\u00e9o-Latines\",\"isPartOf\":{\"@id\":\"http:\\\/\\\/www.semen-l.org\\\/#website\"},\"primaryImageOfPage\":{\"@id\":\"https:\\\/\\\/www.semen-l.org\\\/?p=1988#primaryimage\"},\"image\":{\"@id\":\"https:\\\/\\\/www.semen-l.org\\\/?p=1988#primaryimage\"},\"thumbnailUrl\":\"https:\\\/\\\/www.semen-l.org\\\/wp-content\\\/uploads\\\/2022\\\/01\\\/daubigne-t8.jpg\",\"datePublished\":\"2022-01-19T19:17:29+00:00\",\"dateModified\":\"2022-01-28T19:24:49+00:00\",\"breadcrumb\":{\"@id\":\"https:\\\/\\\/www.semen-l.org\\\/?p=1988#breadcrumb\"},\"inLanguage\":\"fr-FR\",\"potentialAction\":[{\"@type\":\"ReadAction\",\"target\":[\"https:\\\/\\\/www.semen-l.org\\\/?p=1988\"]}]},{\"@type\":\"ImageObject\",\"inLanguage\":\"fr-FR\",\"@id\":\"https:\\\/\\\/www.semen-l.org\\\/?p=1988#primaryimage\",\"url\":\"https:\\\/\\\/www.semen-l.org\\\/wp-content\\\/uploads\\\/2022\\\/01\\\/daubigne-t8.jpg\",\"contentUrl\":\"https:\\\/\\\/www.semen-l.org\\\/wp-content\\\/uploads\\\/2022\\\/01\\\/daubigne-t8.jpg\",\"width\":400,\"height\":600},{\"@type\":\"BreadcrumbList\",\"@id\":\"https:\\\/\\\/www.semen-l.org\\\/?p=1988#breadcrumb\",\"itemListElement\":[{\"@type\":\"ListItem\",\"position\":1,\"name\":\"Accueil\",\"item\":\"http:\\\/\\\/www.semen-l.org\\\/\"},{\"@type\":\"ListItem\",\"position\":2,\"name\":\"Agrippa d&rsquo;Aubign\u00e9, \u0152uvre. Tome VIII &#8211; Po\u00e9sies politiques, satiriques, Poemata, Po\u00e9sies de Constant d&rsquo;Aubign\u00e9\"}]},{\"@type\":\"WebSite\",\"@id\":\"http:\\\/\\\/www.semen-l.org\\\/#website\",\"url\":\"http:\\\/\\\/www.semen-l.org\\\/\",\"name\":\"Soci\u00e9t\u00e9 d'\u00c9tudes M\u00e9dio Et N\u00e9o-Latines\",\"description\":\"\",\"publisher\":{\"@id\":\"http:\\\/\\\/www.semen-l.org\\\/#organization\"},\"potentialAction\":[{\"@type\":\"SearchAction\",\"target\":{\"@type\":\"EntryPoint\",\"urlTemplate\":\"http:\\\/\\\/www.semen-l.org\\\/?s={search_term_string}\"},\"query-input\":{\"@type\":\"PropertyValueSpecification\",\"valueRequired\":true,\"valueName\":\"search_term_string\"}}],\"inLanguage\":\"fr-FR\"},{\"@type\":\"Organization\",\"@id\":\"http:\\\/\\\/www.semen-l.org\\\/#organization\",\"name\":\"Soci\u00e9t\u00e9 d'\u00e9tudes m\u00e9dio et n\u00e9o-latines\",\"url\":\"http:\\\/\\\/www.semen-l.org\\\/\",\"logo\":{\"@type\":\"ImageObject\",\"inLanguage\":\"fr-FR\",\"@id\":\"http:\\\/\\\/www.semen-l.org\\\/#\\\/schema\\\/logo\\\/image\\\/\",\"url\":\"http:\\\/\\\/www.semen-l.org\\\/wp-content\\\/uploads\\\/2020\\\/11\\\/logo-semenl.jpg\",\"contentUrl\":\"http:\\\/\\\/www.semen-l.org\\\/wp-content\\\/uploads\\\/2020\\\/11\\\/logo-semenl.jpg\",\"width\":408,\"height\":403,\"caption\":\"Soci\u00e9t\u00e9 d'\u00e9tudes m\u00e9dio et n\u00e9o-latines\"},\"image\":{\"@id\":\"http:\\\/\\\/www.semen-l.org\\\/#\\\/schema\\\/logo\\\/image\\\/\"},\"sameAs\":[\"https:\\\/\\\/www.facebook.com\\\/SEMENL2018\",\"https:\\\/\\\/independent.academia.edu\\\/SocitsdtudesmdioetnolatinesSEMENL\"]},{\"@type\":\"Person\",\"@id\":\"http:\\\/\\\/www.semen-l.org\\\/#\\\/schema\\\/person\\\/ef5208815f17666727763c5363a51344\",\"name\":\"Julien Maudoux\",\"image\":{\"@type\":\"ImageObject\",\"inLanguage\":\"fr-FR\",\"@id\":\"https:\\\/\\\/secure.gravatar.com\\\/avatar\\\/caabf4fb6242e2277733cd35a5c2aa083761ea25dae1d1ff3298b54292225292?s=96&d=mm&r=g\",\"url\":\"https:\\\/\\\/secure.gravatar.com\\\/avatar\\\/caabf4fb6242e2277733cd35a5c2aa083761ea25dae1d1ff3298b54292225292?s=96&d=mm&r=g\",\"contentUrl\":\"https:\\\/\\\/secure.gravatar.com\\\/avatar\\\/caabf4fb6242e2277733cd35a5c2aa083761ea25dae1d1ff3298b54292225292?s=96&d=mm&r=g\",\"caption\":\"Julien Maudoux\"},\"description\":\"Webmestre du site de la SEMEN-L\",\"url\":\"https:\\\/\\\/www.semen-l.org\\\/?author=26\"}]}<\/script>\n<!-- \/ Yoast SEO plugin. -->","yoast_head_json":{"title":"Agrippa d'Aubign\u00e9, \u0152uvre. Tome VIII - Po\u00e9sies politiques, satiriques, Poemata, Po\u00e9sies de Constant d'Aubign\u00e9 - Soci\u00e9t\u00e9 d&#039;\u00c9tudes M\u00e9dio Et N\u00e9o-Latines","robots":{"index":"index","follow":"follow","max-snippet":"max-snippet:-1","max-image-preview":"max-image-preview:large","max-video-preview":"max-video-preview:-1"},"canonical":"https:\/\/www.semen-l.org\/?p=1988","og_locale":"fr_FR","og_type":"article","og_title":"Agrippa d'Aubign\u00e9, \u0152uvre. Tome VIII - Po\u00e9sies politiques, satiriques, Poemata, Po\u00e9sies de Constant d'Aubign\u00e9 - Soci\u00e9t\u00e9 d&#039;\u00c9tudes M\u00e9dio Et N\u00e9o-Latines","og_description":"Agrippa d&rsquo;Aubign\u00e9, \u0152uvres sous la direction de Jean-Raymond Fanlo, Marie-Madeleine Fragonard et Gilbert Schrenck. Tome VIII &#8211; Po\u00e9sies politiques, satiriques, Poemata, Po\u00e9sies de Constant d&rsquo;Aubign\u00e9, \u00c9dition de Jean-Louis Charlet, B\u00e9atrice Charlet-Mesdjian et Jean-Raymond Fanlo, Paris, Classiques Garnier, coll. \u00ab Textes &hellip; Continuer la lecture &rarr;","og_url":"https:\/\/www.semen-l.org\/?p=1988","og_site_name":"Soci\u00e9t\u00e9 d&#039;\u00c9tudes M\u00e9dio Et N\u00e9o-Latines","article_publisher":"https:\/\/www.facebook.com\/SEMENL2018","article_published_time":"2022-01-19T19:17:29+00:00","article_modified_time":"2022-01-28T19:24:49+00:00","og_image":[{"width":400,"height":600,"url":"https:\/\/www.semen-l.org\/wp-content\/uploads\/2022\/01\/daubigne-t8.jpg","type":"image\/jpeg"}],"author":"Julien Maudoux","twitter_card":"summary_large_image","twitter_misc":{"\u00c9crit par":"Julien Maudoux","Dur\u00e9e de lecture estim\u00e9e":"1 minute"},"schema":{"@context":"https:\/\/schema.org","@graph":[{"@type":"Article","@id":"https:\/\/www.semen-l.org\/?p=1988#article","isPartOf":{"@id":"https:\/\/www.semen-l.org\/?p=1988"},"author":{"name":"Julien Maudoux","@id":"http:\/\/www.semen-l.org\/#\/schema\/person\/ef5208815f17666727763c5363a51344"},"headline":"Agrippa d&rsquo;Aubign\u00e9, \u0152uvre. Tome VIII &#8211; Po\u00e9sies politiques, satiriques, Poemata, Po\u00e9sies de Constant d&rsquo;Aubign\u00e9","datePublished":"2022-01-19T19:17:29+00:00","dateModified":"2022-01-28T19:24:49+00:00","mainEntityOfPage":{"@id":"https:\/\/www.semen-l.org\/?p=1988"},"wordCount":234,"commentCount":0,"publisher":{"@id":"http:\/\/www.semen-l.org\/#organization"},"image":{"@id":"https:\/\/www.semen-l.org\/?p=1988#primaryimage"},"thumbnailUrl":"https:\/\/www.semen-l.org\/wp-content\/uploads\/2022\/01\/daubigne-t8.jpg","keywords":["D'Aubign\u00e9 (Constant)","D'Aubign\u00e9 (Th\u00e9odore Agrippa)"],"articleSection":["Publications"],"inLanguage":"fr-FR","potentialAction":[{"@type":"CommentAction","name":"Comment","target":["https:\/\/www.semen-l.org\/?p=1988#respond"]}]},{"@type":"WebPage","@id":"https:\/\/www.semen-l.org\/?p=1988","url":"https:\/\/www.semen-l.org\/?p=1988","name":"Agrippa d'Aubign\u00e9, \u0152uvre. Tome VIII - Po\u00e9sies politiques, satiriques, Poemata, Po\u00e9sies de Constant d'Aubign\u00e9 - Soci\u00e9t\u00e9 d&#039;\u00c9tudes M\u00e9dio Et N\u00e9o-Latines","isPartOf":{"@id":"http:\/\/www.semen-l.org\/#website"},"primaryImageOfPage":{"@id":"https:\/\/www.semen-l.org\/?p=1988#primaryimage"},"image":{"@id":"https:\/\/www.semen-l.org\/?p=1988#primaryimage"},"thumbnailUrl":"https:\/\/www.semen-l.org\/wp-content\/uploads\/2022\/01\/daubigne-t8.jpg","datePublished":"2022-01-19T19:17:29+00:00","dateModified":"2022-01-28T19:24:49+00:00","breadcrumb":{"@id":"https:\/\/www.semen-l.org\/?p=1988#breadcrumb"},"inLanguage":"fr-FR","potentialAction":[{"@type":"ReadAction","target":["https:\/\/www.semen-l.org\/?p=1988"]}]},{"@type":"ImageObject","inLanguage":"fr-FR","@id":"https:\/\/www.semen-l.org\/?p=1988#primaryimage","url":"https:\/\/www.semen-l.org\/wp-content\/uploads\/2022\/01\/daubigne-t8.jpg","contentUrl":"https:\/\/www.semen-l.org\/wp-content\/uploads\/2022\/01\/daubigne-t8.jpg","width":400,"height":600},{"@type":"BreadcrumbList","@id":"https:\/\/www.semen-l.org\/?p=1988#breadcrumb","itemListElement":[{"@type":"ListItem","position":1,"name":"Accueil","item":"http:\/\/www.semen-l.org\/"},{"@type":"ListItem","position":2,"name":"Agrippa d&rsquo;Aubign\u00e9, \u0152uvre. Tome VIII &#8211; Po\u00e9sies politiques, satiriques, Poemata, Po\u00e9sies de Constant d&rsquo;Aubign\u00e9"}]},{"@type":"WebSite","@id":"http:\/\/www.semen-l.org\/#website","url":"http:\/\/www.semen-l.org\/","name":"Soci\u00e9t\u00e9 d'\u00c9tudes M\u00e9dio Et N\u00e9o-Latines","description":"","publisher":{"@id":"http:\/\/www.semen-l.org\/#organization"},"potentialAction":[{"@type":"SearchAction","target":{"@type":"EntryPoint","urlTemplate":"http:\/\/www.semen-l.org\/?s={search_term_string}"},"query-input":{"@type":"PropertyValueSpecification","valueRequired":true,"valueName":"search_term_string"}}],"inLanguage":"fr-FR"},{"@type":"Organization","@id":"http:\/\/www.semen-l.org\/#organization","name":"Soci\u00e9t\u00e9 d'\u00e9tudes m\u00e9dio et n\u00e9o-latines","url":"http:\/\/www.semen-l.org\/","logo":{"@type":"ImageObject","inLanguage":"fr-FR","@id":"http:\/\/www.semen-l.org\/#\/schema\/logo\/image\/","url":"http:\/\/www.semen-l.org\/wp-content\/uploads\/2020\/11\/logo-semenl.jpg","contentUrl":"http:\/\/www.semen-l.org\/wp-content\/uploads\/2020\/11\/logo-semenl.jpg","width":408,"height":403,"caption":"Soci\u00e9t\u00e9 d'\u00e9tudes m\u00e9dio et n\u00e9o-latines"},"image":{"@id":"http:\/\/www.semen-l.org\/#\/schema\/logo\/image\/"},"sameAs":["https:\/\/www.facebook.com\/SEMENL2018","https:\/\/independent.academia.edu\/SocitsdtudesmdioetnolatinesSEMENL"]},{"@type":"Person","@id":"http:\/\/www.semen-l.org\/#\/schema\/person\/ef5208815f17666727763c5363a51344","name":"Julien Maudoux","image":{"@type":"ImageObject","inLanguage":"fr-FR","@id":"https:\/\/secure.gravatar.com\/avatar\/caabf4fb6242e2277733cd35a5c2aa083761ea25dae1d1ff3298b54292225292?s=96&d=mm&r=g","url":"https:\/\/secure.gravatar.com\/avatar\/caabf4fb6242e2277733cd35a5c2aa083761ea25dae1d1ff3298b54292225292?s=96&d=mm&r=g","contentUrl":"https:\/\/secure.gravatar.com\/avatar\/caabf4fb6242e2277733cd35a5c2aa083761ea25dae1d1ff3298b54292225292?s=96&d=mm&r=g","caption":"Julien Maudoux"},"description":"Webmestre du site de la SEMEN-L","url":"https:\/\/www.semen-l.org\/?author=26"}]}},"jetpack_featured_media_url":"https:\/\/www.semen-l.org\/wp-content\/uploads\/2022\/01\/daubigne-t8.jpg","_links":{"self":[{"href":"https:\/\/www.semen-l.org\/index.php?rest_route=\/wp\/v2\/posts\/1988","targetHints":{"allow":["GET"]}}],"collection":[{"href":"https:\/\/www.semen-l.org\/index.php?rest_route=\/wp\/v2\/posts"}],"about":[{"href":"https:\/\/www.semen-l.org\/index.php?rest_route=\/wp\/v2\/types\/post"}],"author":[{"embeddable":true,"href":"https:\/\/www.semen-l.org\/index.php?rest_route=\/wp\/v2\/users\/26"}],"replies":[{"embeddable":true,"href":"https:\/\/www.semen-l.org\/index.php?rest_route=%2Fwp%2Fv2%2Fcomments&post=1988"}],"version-history":[{"count":0,"href":"https:\/\/www.semen-l.org\/index.php?rest_route=\/wp\/v2\/posts\/1988\/revisions"}],"wp:featuredmedia":[{"embeddable":true,"href":"https:\/\/www.semen-l.org\/index.php?rest_route=\/wp\/v2\/media\/1990"}],"wp:attachment":[{"href":"https:\/\/www.semen-l.org\/index.php?rest_route=%2Fwp%2Fv2%2Fmedia&parent=1988"}],"wp:term":[{"taxonomy":"category","embeddable":true,"href":"https:\/\/www.semen-l.org\/index.php?rest_route=%2Fwp%2Fv2%2Fcategories&post=1988"},{"taxonomy":"post_tag","embeddable":true,"href":"https:\/\/www.semen-l.org\/index.php?rest_route=%2Fwp%2Fv2%2Ftags&post=1988"}],"curies":[{"name":"wp","href":"https:\/\/api.w.org\/{rel}","templated":true}]}}