{"id":1983,"date":"2021-11-07T18:59:55","date_gmt":"2021-11-07T18:59:55","guid":{"rendered":"https:\/\/www.semen-l.org\/?p=1983"},"modified":"2022-01-28T19:11:32","modified_gmt":"2022-01-28T19:11:32","slug":"princeps-philologorum-lautorite-du-philologue-dans-les-editions-de-textes-anciens-a-la-renaissance-grenoble","status":"publish","type":"post","link":"https:\/\/www.semen-l.org\/?p=1983","title":{"rendered":"Princeps philologorum. L\u2019autorit\u00e9 du philologue dans les \u00e9ditions de textes anciens \u00e0 la Renaissance (Grenoble)"},"content":{"rendered":"<div class=\"presentation bordure-bottom\">\n<p><a href=\"http:\/\/https:\/\/www.fabula.org\/actualites\/princeps-philologorum-lautorite-du-philologue-dans-les-editions-de-textes_105142.php\"><img fetchpriority=\"high\" decoding=\"async\" class=\"alignright size-medium wp-image-1985\" src=\"http:\/\/www.semen-l.org\/wp-content\/uploads\/2021\/11\/couv-coll-princeps21-200x300.jpg\" alt=\"\" width=\"200\" height=\"300\" srcset=\"https:\/\/www.semen-l.org\/wp-content\/uploads\/2021\/11\/couv-coll-princeps21-200x300.jpg 200w, https:\/\/www.semen-l.org\/wp-content\/uploads\/2021\/11\/couv-coll-princeps21-134x200.jpg 134w, https:\/\/www.semen-l.org\/wp-content\/uploads\/2021\/11\/couv-coll-princeps21.jpg 545w\" sizes=\"(max-width: 200px) 100vw, 200px\" \/><\/a><\/p>\n<p>Source : https:\/\/www.fabula.org\/actualites\/princeps-philologorum-lautorite-du-philologue-dans-les-editions-de-textes_105142.php<\/p>\n<p>Information publi\u00e9e le 24 Novembre 2021 par Marc Escola (source : Sarah Gaucher)<\/p>\n<blockquote><p>\u00c0 la crois\u00e9e des recherches men\u00e9es au sein de l&rsquo;ANR IThAC, qui porte sur les paratextes th\u00e9\u00e2traux des auteurs anciens \u00e0 la Renaissance, et du centre Translatio, qui s\u2019int\u00e9resse \u00e0 la transmission et \u00e0 la r\u00e9ception des textes antiques, ce colloque se propose de r\u00e9fl\u00e9chir \u00e0 l\u2019autorit\u00e9 du philologue, compris au sens large de savant &#8211; \u00e9diteur, traducteur, correcteur &#8211; et de commentateur de textes anciens \u00e0 la Renaissance.<\/p>\n<p><strong>Programme<\/strong><\/p>\n<p><strong>Jeudi 2 d\u00e9cembre<\/strong><\/p>\n<p>9h Introduction au colloque \u2013 Florian Barri\u00e8re\u00a0; Malika Bastin-Hammou\u00a0; Isabelle Cogitore\u00a0; Mathieu Ferrand<\/p>\n<p>9h30 Conf\u00e9rence inaugurale. Martine Furno, Universit\u00e9 Grenoble Alpes\u00a0: \u00ab\u00a0L\u2019imprimeur e(s)t le philologue\u00a0: enjeux sociaux, \u00e9conomiques et intellectuels de l\u2019ethos philologique de l\u2019imprimeur au XVIe si\u00e8cle, de Josse Bade \u00e0 Henri Estienne\u00a0\u00bb<\/p>\n<p>10h30 Pause<\/p>\n<p><strong>Session 1\u00a0: La question de l\u2019autorit\u00e9 face au grec et \u00e0 l\u2019h\u00e9breu<\/strong>\u00a0\u00a0&#8211; Pr\u00e9sidence\u00a0: Malika Bastin-Hammou<\/p>\n<p>10h45 Christiane Louette, Universit\u00e9 Grenoble Alpes\u00a0: \u00ab\u00a0L&rsquo;imperturbable assurance du traducteur d&rsquo;Hom\u00e8re \u00e0 la Renaissance\u00a0\u00bb<\/p>\n<p>11h15 Jes\u00fas de Prado Plumed, Universidad Nacional Aut\u00f3noma de M\u00e9xico \/ \u00c9cole Pratique des Hautes \u00c9tudes\u00a0: \u00ab\u00a0Une joyeuse entr\u00e9e\u00a0? L\u2019institutionnalisation des savoirs juifs en Espagne inquisitoriale sous l\u2019angle de la culture \u00e9crite de l\u2019humanisme\u00a0\u00bb<\/p>\n<p><strong>Session 2\u00a0: \u00c9diter les po\u00e8tes latins<\/strong>\u00a0&#8211; Pr\u00e9sidence\u00a0: Mathieu Ferrand<\/p>\n<p>14h Florian Barri\u00e8re, Universit\u00e9 Grenoble Alpes, et B\u00e9n\u00e9dicte Chachuat, Universit\u00e9 Toulouse-Jean Jaur\u00e8s\u00a0: \u00ab\u00a0Gregor Bersmann, \u00e9diteur de Lucain\u00a0\u00bb<\/p>\n<p>14h30 Matteo Rossetti, Universit\u00e0 di Milano\u00a0: \u00ab\u00a0Poetam ego primus pubblice legi. Lorenzo Bonincontri, primo commentatore di Manilio\u00a0\u00bb<\/p>\n<p>15h Virginie Leroux, \u00c9cole Pratique des Hautes \u00c9tudes\u00a0: \u00ab\u00a0Conflits d\u2019autorit\u00e9\u00a0: Marc-Antoine Muret et Joseph-Juste Scaliger \u00e9diteurs et commentateurs des po\u00e8tes \u00e9l\u00e9giaques latins\u00a0\u00bb<\/p>\n<p>15h30 Pause<\/p>\n<p>16h Sarah Gaucher, Universit\u00e9 Jean Moulin Lyon III\u00a0: \u00ab\u00a0Les paratextes \u00e0 l\u2019\u00e9dition de Lucilius par Dousa (1597)\u00a0\u00bb<\/p>\n<p>16h30 David Amherdt, Universit\u00e9 de Fribourg\u00a0: \u00ab\u00a0Conrad Gessner philologue\u00a0\u00bb<\/p>\n<p><strong>Vendredi 3 d\u00e9cembre<\/strong><\/p>\n<p><strong>Session 3\u00a0: Le philologue et l\u2019\u00e9criture de l\u2019Histoire<\/strong>\u00a0&#8211; Pr\u00e9sidence\u00a0: Isabelle Cogitore<\/p>\n<p>9h15 Agnese D\u2019Angelo, Universit\u00e0 di Roma \u201cLa Sapienza\u201d\u00a0: \u00ab\u00a0Petrus Victorius\u2019 edition of Sallust\u00a0\u00bb<\/p>\n<p>9h45 Marie-Laure Freyburger-Galland, Universit\u00e9 de Haute Alsace\u00a0: \u00ab\u00a0Les \u00e9ditions humanistes de Dion Cassius\u00a0: la philologie au service de l\u2019histoire romaine\u00a0\u00bb<\/p>\n<p>10h15 Pause<\/p>\n<p>10h30 K\u00e9vin Bovier, Universit\u00e9 de Fribourg\u00a0: \u00ab\u00a0P\u00e9dagogie, patriotisme et philologie\u00a0: Johannes Rhellicanus et ses Annotationes \u00e0 C\u00e9sar\u00a0\u00bb<\/p>\n<p>11h Lucie Claire, Universit\u00e9 de Picardie\u00a0: \u00ab\u00a0La fabrique du philologue. Strat\u00e9gies auctoriales dans les Notae sur Quinte-Curce de Franciscus Modius (Cologne, 1579)\u00a0\u00bb<\/p>\n<p><strong>Session 4\u00a0: Autorit\u00e9 diffract\u00e9e\u00a0: le philologue dans son si\u00e8cle<\/strong>\u00a0&#8211; Pr\u00e9sidence\u00a0: Florian Barri\u00e8re<\/p>\n<p>13h30 G\u00e9rard Freyburger, Universit\u00e9 de Strasbourg\u00a0: \u00ab\u00a0L\u2019\u00e9cho de la pr\u00e9face de B\u00e9roalde \u00e0 l\u2019\u00e9dition princeps de Censorinus dans l\u2019exemplaire annot\u00e9 par Beatus Rhenanus\u00a0\u00bb<\/p>\n<p>14h Pause<\/p>\n<p>14h15 Philippine Azadian, \u00c9cole nationale des Chartes\u00a0: \u00ab\u00a0La mise en sc\u00e8ne de la m\u00e9thode philologique d\u2019Adrien Turn\u00e8be dans ses \u00e9ditions\u00a0\u00bb<\/p>\n<p>14h45 Mathieu Ferrand, Universit\u00e9 Grenoble Alpes\u00a0: \u00ab\u00a0Autorit\u00e9 et auctorialit\u00e9 partag\u00e9e dans l\u2019\u00e9dition des vingt com\u00e9dies de Plaute par Denis Lambin (Paris, 1576)\u00a0\u00bb<\/p>\n<p>15h15 Conclusions \u2013 Pascale Par\u00e9-Rey<\/p>\n<p>*<\/p>\n<p><strong>Informations pratiques<\/strong><\/p>\n<p><strong>Date\u00a0:<\/strong>\u00a002-03\/12\/2021<\/p>\n<p><strong>Lieu\u00a0:<\/strong>\u00a0Universit\u00e9 Grenoble Alpes (02\/12\/2021 F018 b\u00e2timent IM2AG \u2013 03\/12\/2021 Amphith\u00e9\u00e2tre de la MaCI)<\/p>\n<p><strong>Organisateurs\u00a0:<\/strong>\u00a0Centre de recherche Translatio (UMR 5316 Litt&amp;Arts) &#8211; ANR \u00ab\u00a0IThAC\u00a0\u00bb<\/p>\n<p>Organis\u00e9 par Florian Barri\u00e8re, Malika Bastin-Hammou, Isabelle Cogitore, Mathieu Ferrand<\/p>\n<p><strong>*<\/strong><\/p>\n<p><strong>Suivi \u00e0 distance\u00a0:<\/strong>\u00a0Zoom, pour obtenir le lien de connexion contacter\u00a0<a href=\"mailto:sarah.gaucher@univ-lyon3.fr\">sarah.gaucher@univ-lyon3.fr<\/a><\/p><\/blockquote>\n<\/div>\n<div class=\"annexes\">\n<blockquote>\n<div class=\"uneannexe\">\n<h4>RESPONSABLE :<\/h4>\n<p><a href=\"mailto:sarah.gaucher@univ-lyon3.fr\">Centre de recherche Translatio (UMR 5316 Litt&amp;Arts) &#8211; ANR \u00ab IThAC \u00bb Organis\u00e9 par Florian Barri\u00e8re, Malika Bastin-Hammou, Isabelle Cogitore, Mathieu Ferrand<\/a><\/p>\n<\/div>\n<div class=\"uneannexe\">\n<h4>URL DE R\u00c9F\u00c9RENCE<\/h4>\n<p><a href=\"https:\/\/ithac.hypotheses.org\/\" target=\"_blank\" rel=\"noopener\">https:\/\/ithac.hypotheses.org\/<\/a><\/p>\n<\/div>\n<div class=\"uneannexe\">\n<h4>ADRESSE<\/h4>\n<p>Universit\u00e9 Grenoble Alpes (02\/12\/2021 F018 b\u00e2timent IM2AG \u2013 03\/12\/2021 Amphith\u00e9\u00e2tre de la MaCI)<\/p>\n<\/div>\n<\/blockquote>\n<\/div>\n","protected":false},"excerpt":{"rendered":"<p>Source : https:\/\/www.fabula.org\/actualites\/princeps-philologorum-lautorite-du-philologue-dans-les-editions-de-textes_105142.php Information publi\u00e9e le 24 Novembre 2021 par Marc Escola (source : Sarah Gaucher) \u00c0 la crois\u00e9e des recherches men\u00e9es au sein de l&rsquo;ANR IThAC, qui porte sur les paratextes th\u00e9\u00e2traux des auteurs anciens \u00e0 la Renaissance, et &hellip; <a href=\"https:\/\/www.semen-l.org\/?p=1983\">Continuer la lecture <span class=\"meta-nav\">&rarr;<\/span><\/a><\/p>\n","protected":false},"author":26,"featured_media":1985,"comment_status":"open","ping_status":"open","sticky":false,"template":"","format":"standard","meta":{"footnotes":""},"categories":[4],"tags":[1433,408,1668,1664,1669,1666,1665,284,1575,1425,1654,1187,416,144,1465,51,1663,211,1204,1667,1048,1496,692,95,1569,1572,1357,1570,464,79,886],"class_list":["post-1983","post","type-post","status-publish","format-standard","has-post-thumbnail","hentry","category-colloques","tag-autorite","tag-berauld-nicolas","tag-beroalde","tag-bersmann-gregor","tag-censorinus","tag-dion-cassius","tag-dousa-janus","tag-elegie","tag-gessner-conrad","tag-grec-ancien","tag-hebreu","tag-histoire","tag-homere","tag-humanisme","tag-jules-cesar","tag-denis-lambin","tag-lucain","tag-lucilius","tag-manilius","tag-modius-franciscus","tag-muret-marc-antoine","tag-paratexte","tag-philologie","tag-plaute","tag-quinte-curce","tag-rhellicanus-johannes","tag-rhenanus-beatus","tag-salluste","tag-scaliger-joseph-juste","tag-adrien-turnebe","tag-vettori-piero"],"yoast_head":"<!-- This site is optimized with the Yoast SEO plugin v27.5 - https:\/\/yoast.com\/product\/yoast-seo-wordpress\/ -->\n<title>Princeps philologorum. L\u2019autorit\u00e9 du philologue dans les \u00e9ditions de textes anciens \u00e0 la Renaissance (Grenoble) - Soci\u00e9t\u00e9 d&#039;\u00c9tudes M\u00e9dio Et N\u00e9o-Latines<\/title>\n<meta name=\"robots\" content=\"index, follow, max-snippet:-1, max-image-preview:large, max-video-preview:-1\" \/>\n<link rel=\"canonical\" href=\"https:\/\/www.semen-l.org\/?p=1983\" \/>\n<meta property=\"og:locale\" content=\"fr_FR\" \/>\n<meta property=\"og:type\" content=\"article\" \/>\n<meta property=\"og:title\" content=\"Princeps philologorum. L\u2019autorit\u00e9 du philologue dans les \u00e9ditions de textes anciens \u00e0 la Renaissance (Grenoble) - Soci\u00e9t\u00e9 d&#039;\u00c9tudes M\u00e9dio Et N\u00e9o-Latines\" \/>\n<meta property=\"og:description\" content=\"Source : https:\/\/www.fabula.org\/actualites\/princeps-philologorum-lautorite-du-philologue-dans-les-editions-de-textes_105142.php Information publi\u00e9e le 24 Novembre 2021 par Marc Escola (source : Sarah Gaucher) \u00c0 la crois\u00e9e des recherches men\u00e9es au sein de l&rsquo;ANR IThAC, qui porte sur les paratextes th\u00e9\u00e2traux des auteurs anciens \u00e0 la Renaissance, et &hellip; Continuer la lecture &rarr;\" \/>\n<meta property=\"og:url\" content=\"https:\/\/www.semen-l.org\/?p=1983\" \/>\n<meta property=\"og:site_name\" content=\"Soci\u00e9t\u00e9 d&#039;\u00c9tudes M\u00e9dio Et N\u00e9o-Latines\" \/>\n<meta property=\"article:publisher\" content=\"https:\/\/www.facebook.com\/SEMENL2018\" \/>\n<meta property=\"article:published_time\" content=\"2021-11-07T18:59:55+00:00\" \/>\n<meta property=\"article:modified_time\" content=\"2022-01-28T19:11:32+00:00\" \/>\n<meta property=\"og:image\" content=\"https:\/\/www.semen-l.org\/wp-content\/uploads\/2021\/11\/couv-coll-princeps21.jpg\" \/>\n\t<meta property=\"og:image:width\" content=\"545\" \/>\n\t<meta property=\"og:image:height\" content=\"816\" \/>\n\t<meta property=\"og:image:type\" content=\"image\/jpeg\" \/>\n<meta name=\"author\" content=\"Julien Maudoux\" \/>\n<meta name=\"twitter:card\" content=\"summary_large_image\" \/>\n<meta name=\"twitter:label1\" content=\"\u00c9crit par\" \/>\n\t<meta name=\"twitter:data1\" content=\"Julien Maudoux\" \/>\n\t<meta name=\"twitter:label2\" content=\"Dur\u00e9e de lecture estim\u00e9e\" \/>\n\t<meta name=\"twitter:data2\" content=\"3 minutes\" \/>\n<script type=\"application\/ld+json\" class=\"yoast-schema-graph\">{\"@context\":\"https:\\\/\\\/schema.org\",\"@graph\":[{\"@type\":\"Article\",\"@id\":\"https:\\\/\\\/www.semen-l.org\\\/?p=1983#article\",\"isPartOf\":{\"@id\":\"https:\\\/\\\/www.semen-l.org\\\/?p=1983\"},\"author\":{\"name\":\"Julien Maudoux\",\"@id\":\"http:\\\/\\\/www.semen-l.org\\\/#\\\/schema\\\/person\\\/ef5208815f17666727763c5363a51344\"},\"headline\":\"Princeps philologorum. L\u2019autorit\u00e9 du philologue dans les \u00e9ditions de textes anciens \u00e0 la Renaissance (Grenoble)\",\"datePublished\":\"2021-11-07T18:59:55+00:00\",\"dateModified\":\"2022-01-28T19:11:32+00:00\",\"mainEntityOfPage\":{\"@id\":\"https:\\\/\\\/www.semen-l.org\\\/?p=1983\"},\"wordCount\":633,\"commentCount\":0,\"publisher\":{\"@id\":\"http:\\\/\\\/www.semen-l.org\\\/#organization\"},\"image\":{\"@id\":\"https:\\\/\\\/www.semen-l.org\\\/?p=1983#primaryimage\"},\"thumbnailUrl\":\"https:\\\/\\\/www.semen-l.org\\\/wp-content\\\/uploads\\\/2021\\\/11\\\/couv-coll-princeps21.jpg\",\"keywords\":[\"autorit\u00e9\",\"B\u00e9rauld (Nicolas)\",\"B\u00e9roalde de Verville (Francois)\",\"Bersmann (Gregor)\",\"Censorinus\",\"Dion Cassius\",\"Dousa (Janus)\",\"\u00e9l\u00e9gie\",\"Gessner (Conrad)\",\"grec ancien\",\"h\u00e9breu\",\"histoire\",\"Hom\u00e8re\",\"humanisme\",\"Jules C\u00e9sar\",\"Lambin (Denis)\",\"Lucain\",\"Lucilius\",\"Manilius\",\"Modius (Franciscus)\",\"Muret (Marc Antoine)\",\"paratexte\",\"philologie\",\"Plaute\",\"Quinte-Curce\",\"Rhellicanus (Johannes)\",\"Rhenanus (Beatus)\",\"Salluste\",\"Scaliger (Joseph Juste)\",\"Turn\u00e8be (Adrien)\",\"Vettori (Piero)\"],\"articleSection\":[\"Colloques\"],\"inLanguage\":\"fr-FR\",\"potentialAction\":[{\"@type\":\"CommentAction\",\"name\":\"Comment\",\"target\":[\"https:\\\/\\\/www.semen-l.org\\\/?p=1983#respond\"]}]},{\"@type\":\"WebPage\",\"@id\":\"https:\\\/\\\/www.semen-l.org\\\/?p=1983\",\"url\":\"https:\\\/\\\/www.semen-l.org\\\/?p=1983\",\"name\":\"Princeps philologorum. L\u2019autorit\u00e9 du philologue dans les \u00e9ditions de textes anciens \u00e0 la Renaissance (Grenoble) - Soci\u00e9t\u00e9 d&#039;\u00c9tudes M\u00e9dio Et N\u00e9o-Latines\",\"isPartOf\":{\"@id\":\"http:\\\/\\\/www.semen-l.org\\\/#website\"},\"primaryImageOfPage\":{\"@id\":\"https:\\\/\\\/www.semen-l.org\\\/?p=1983#primaryimage\"},\"image\":{\"@id\":\"https:\\\/\\\/www.semen-l.org\\\/?p=1983#primaryimage\"},\"thumbnailUrl\":\"https:\\\/\\\/www.semen-l.org\\\/wp-content\\\/uploads\\\/2021\\\/11\\\/couv-coll-princeps21.jpg\",\"datePublished\":\"2021-11-07T18:59:55+00:00\",\"dateModified\":\"2022-01-28T19:11:32+00:00\",\"breadcrumb\":{\"@id\":\"https:\\\/\\\/www.semen-l.org\\\/?p=1983#breadcrumb\"},\"inLanguage\":\"fr-FR\",\"potentialAction\":[{\"@type\":\"ReadAction\",\"target\":[\"https:\\\/\\\/www.semen-l.org\\\/?p=1983\"]}]},{\"@type\":\"ImageObject\",\"inLanguage\":\"fr-FR\",\"@id\":\"https:\\\/\\\/www.semen-l.org\\\/?p=1983#primaryimage\",\"url\":\"https:\\\/\\\/www.semen-l.org\\\/wp-content\\\/uploads\\\/2021\\\/11\\\/couv-coll-princeps21.jpg\",\"contentUrl\":\"https:\\\/\\\/www.semen-l.org\\\/wp-content\\\/uploads\\\/2021\\\/11\\\/couv-coll-princeps21.jpg\",\"width\":545,\"height\":816},{\"@type\":\"BreadcrumbList\",\"@id\":\"https:\\\/\\\/www.semen-l.org\\\/?p=1983#breadcrumb\",\"itemListElement\":[{\"@type\":\"ListItem\",\"position\":1,\"name\":\"Accueil\",\"item\":\"http:\\\/\\\/www.semen-l.org\\\/\"},{\"@type\":\"ListItem\",\"position\":2,\"name\":\"Princeps philologorum. L\u2019autorit\u00e9 du philologue dans les \u00e9ditions de textes anciens \u00e0 la Renaissance (Grenoble)\"}]},{\"@type\":\"WebSite\",\"@id\":\"http:\\\/\\\/www.semen-l.org\\\/#website\",\"url\":\"http:\\\/\\\/www.semen-l.org\\\/\",\"name\":\"Soci\u00e9t\u00e9 d'\u00c9tudes M\u00e9dio Et N\u00e9o-Latines\",\"description\":\"\",\"publisher\":{\"@id\":\"http:\\\/\\\/www.semen-l.org\\\/#organization\"},\"potentialAction\":[{\"@type\":\"SearchAction\",\"target\":{\"@type\":\"EntryPoint\",\"urlTemplate\":\"http:\\\/\\\/www.semen-l.org\\\/?s={search_term_string}\"},\"query-input\":{\"@type\":\"PropertyValueSpecification\",\"valueRequired\":true,\"valueName\":\"search_term_string\"}}],\"inLanguage\":\"fr-FR\"},{\"@type\":\"Organization\",\"@id\":\"http:\\\/\\\/www.semen-l.org\\\/#organization\",\"name\":\"Soci\u00e9t\u00e9 d'\u00e9tudes m\u00e9dio et n\u00e9o-latines\",\"url\":\"http:\\\/\\\/www.semen-l.org\\\/\",\"logo\":{\"@type\":\"ImageObject\",\"inLanguage\":\"fr-FR\",\"@id\":\"http:\\\/\\\/www.semen-l.org\\\/#\\\/schema\\\/logo\\\/image\\\/\",\"url\":\"http:\\\/\\\/www.semen-l.org\\\/wp-content\\\/uploads\\\/2020\\\/11\\\/logo-semenl.jpg\",\"contentUrl\":\"http:\\\/\\\/www.semen-l.org\\\/wp-content\\\/uploads\\\/2020\\\/11\\\/logo-semenl.jpg\",\"width\":408,\"height\":403,\"caption\":\"Soci\u00e9t\u00e9 d'\u00e9tudes m\u00e9dio et n\u00e9o-latines\"},\"image\":{\"@id\":\"http:\\\/\\\/www.semen-l.org\\\/#\\\/schema\\\/logo\\\/image\\\/\"},\"sameAs\":[\"https:\\\/\\\/www.facebook.com\\\/SEMENL2018\",\"https:\\\/\\\/independent.academia.edu\\\/SocitsdtudesmdioetnolatinesSEMENL\"]},{\"@type\":\"Person\",\"@id\":\"http:\\\/\\\/www.semen-l.org\\\/#\\\/schema\\\/person\\\/ef5208815f17666727763c5363a51344\",\"name\":\"Julien Maudoux\",\"image\":{\"@type\":\"ImageObject\",\"inLanguage\":\"fr-FR\",\"@id\":\"https:\\\/\\\/secure.gravatar.com\\\/avatar\\\/caabf4fb6242e2277733cd35a5c2aa083761ea25dae1d1ff3298b54292225292?s=96&d=mm&r=g\",\"url\":\"https:\\\/\\\/secure.gravatar.com\\\/avatar\\\/caabf4fb6242e2277733cd35a5c2aa083761ea25dae1d1ff3298b54292225292?s=96&d=mm&r=g\",\"contentUrl\":\"https:\\\/\\\/secure.gravatar.com\\\/avatar\\\/caabf4fb6242e2277733cd35a5c2aa083761ea25dae1d1ff3298b54292225292?s=96&d=mm&r=g\",\"caption\":\"Julien Maudoux\"},\"description\":\"Webmestre du site de la SEMEN-L\",\"url\":\"https:\\\/\\\/www.semen-l.org\\\/?author=26\"}]}<\/script>\n<!-- \/ Yoast SEO plugin. -->","yoast_head_json":{"title":"Princeps philologorum. L\u2019autorit\u00e9 du philologue dans les \u00e9ditions de textes anciens \u00e0 la Renaissance (Grenoble) - Soci\u00e9t\u00e9 d&#039;\u00c9tudes M\u00e9dio Et N\u00e9o-Latines","robots":{"index":"index","follow":"follow","max-snippet":"max-snippet:-1","max-image-preview":"max-image-preview:large","max-video-preview":"max-video-preview:-1"},"canonical":"https:\/\/www.semen-l.org\/?p=1983","og_locale":"fr_FR","og_type":"article","og_title":"Princeps philologorum. L\u2019autorit\u00e9 du philologue dans les \u00e9ditions de textes anciens \u00e0 la Renaissance (Grenoble) - Soci\u00e9t\u00e9 d&#039;\u00c9tudes M\u00e9dio Et N\u00e9o-Latines","og_description":"Source : https:\/\/www.fabula.org\/actualites\/princeps-philologorum-lautorite-du-philologue-dans-les-editions-de-textes_105142.php Information publi\u00e9e le 24 Novembre 2021 par Marc Escola (source : Sarah Gaucher) \u00c0 la crois\u00e9e des recherches men\u00e9es au sein de l&rsquo;ANR IThAC, qui porte sur les paratextes th\u00e9\u00e2traux des auteurs anciens \u00e0 la Renaissance, et &hellip; Continuer la lecture &rarr;","og_url":"https:\/\/www.semen-l.org\/?p=1983","og_site_name":"Soci\u00e9t\u00e9 d&#039;\u00c9tudes M\u00e9dio Et N\u00e9o-Latines","article_publisher":"https:\/\/www.facebook.com\/SEMENL2018","article_published_time":"2021-11-07T18:59:55+00:00","article_modified_time":"2022-01-28T19:11:32+00:00","og_image":[{"width":545,"height":816,"url":"https:\/\/www.semen-l.org\/wp-content\/uploads\/2021\/11\/couv-coll-princeps21.jpg","type":"image\/jpeg"}],"author":"Julien Maudoux","twitter_card":"summary_large_image","twitter_misc":{"\u00c9crit par":"Julien Maudoux","Dur\u00e9e de lecture estim\u00e9e":"3 minutes"},"schema":{"@context":"https:\/\/schema.org","@graph":[{"@type":"Article","@id":"https:\/\/www.semen-l.org\/?p=1983#article","isPartOf":{"@id":"https:\/\/www.semen-l.org\/?p=1983"},"author":{"name":"Julien Maudoux","@id":"http:\/\/www.semen-l.org\/#\/schema\/person\/ef5208815f17666727763c5363a51344"},"headline":"Princeps philologorum. L\u2019autorit\u00e9 du philologue dans les \u00e9ditions de textes anciens \u00e0 la Renaissance (Grenoble)","datePublished":"2021-11-07T18:59:55+00:00","dateModified":"2022-01-28T19:11:32+00:00","mainEntityOfPage":{"@id":"https:\/\/www.semen-l.org\/?p=1983"},"wordCount":633,"commentCount":0,"publisher":{"@id":"http:\/\/www.semen-l.org\/#organization"},"image":{"@id":"https:\/\/www.semen-l.org\/?p=1983#primaryimage"},"thumbnailUrl":"https:\/\/www.semen-l.org\/wp-content\/uploads\/2021\/11\/couv-coll-princeps21.jpg","keywords":["autorit\u00e9","B\u00e9rauld (Nicolas)","B\u00e9roalde de Verville (Francois)","Bersmann (Gregor)","Censorinus","Dion Cassius","Dousa (Janus)","\u00e9l\u00e9gie","Gessner (Conrad)","grec ancien","h\u00e9breu","histoire","Hom\u00e8re","humanisme","Jules C\u00e9sar","Lambin (Denis)","Lucain","Lucilius","Manilius","Modius (Franciscus)","Muret (Marc Antoine)","paratexte","philologie","Plaute","Quinte-Curce","Rhellicanus (Johannes)","Rhenanus (Beatus)","Salluste","Scaliger (Joseph Juste)","Turn\u00e8be (Adrien)","Vettori (Piero)"],"articleSection":["Colloques"],"inLanguage":"fr-FR","potentialAction":[{"@type":"CommentAction","name":"Comment","target":["https:\/\/www.semen-l.org\/?p=1983#respond"]}]},{"@type":"WebPage","@id":"https:\/\/www.semen-l.org\/?p=1983","url":"https:\/\/www.semen-l.org\/?p=1983","name":"Princeps philologorum. L\u2019autorit\u00e9 du philologue dans les \u00e9ditions de textes anciens \u00e0 la Renaissance (Grenoble) - Soci\u00e9t\u00e9 d&#039;\u00c9tudes M\u00e9dio Et N\u00e9o-Latines","isPartOf":{"@id":"http:\/\/www.semen-l.org\/#website"},"primaryImageOfPage":{"@id":"https:\/\/www.semen-l.org\/?p=1983#primaryimage"},"image":{"@id":"https:\/\/www.semen-l.org\/?p=1983#primaryimage"},"thumbnailUrl":"https:\/\/www.semen-l.org\/wp-content\/uploads\/2021\/11\/couv-coll-princeps21.jpg","datePublished":"2021-11-07T18:59:55+00:00","dateModified":"2022-01-28T19:11:32+00:00","breadcrumb":{"@id":"https:\/\/www.semen-l.org\/?p=1983#breadcrumb"},"inLanguage":"fr-FR","potentialAction":[{"@type":"ReadAction","target":["https:\/\/www.semen-l.org\/?p=1983"]}]},{"@type":"ImageObject","inLanguage":"fr-FR","@id":"https:\/\/www.semen-l.org\/?p=1983#primaryimage","url":"https:\/\/www.semen-l.org\/wp-content\/uploads\/2021\/11\/couv-coll-princeps21.jpg","contentUrl":"https:\/\/www.semen-l.org\/wp-content\/uploads\/2021\/11\/couv-coll-princeps21.jpg","width":545,"height":816},{"@type":"BreadcrumbList","@id":"https:\/\/www.semen-l.org\/?p=1983#breadcrumb","itemListElement":[{"@type":"ListItem","position":1,"name":"Accueil","item":"http:\/\/www.semen-l.org\/"},{"@type":"ListItem","position":2,"name":"Princeps philologorum. L\u2019autorit\u00e9 du philologue dans les \u00e9ditions de textes anciens \u00e0 la Renaissance (Grenoble)"}]},{"@type":"WebSite","@id":"http:\/\/www.semen-l.org\/#website","url":"http:\/\/www.semen-l.org\/","name":"Soci\u00e9t\u00e9 d'\u00c9tudes M\u00e9dio Et N\u00e9o-Latines","description":"","publisher":{"@id":"http:\/\/www.semen-l.org\/#organization"},"potentialAction":[{"@type":"SearchAction","target":{"@type":"EntryPoint","urlTemplate":"http:\/\/www.semen-l.org\/?s={search_term_string}"},"query-input":{"@type":"PropertyValueSpecification","valueRequired":true,"valueName":"search_term_string"}}],"inLanguage":"fr-FR"},{"@type":"Organization","@id":"http:\/\/www.semen-l.org\/#organization","name":"Soci\u00e9t\u00e9 d'\u00e9tudes m\u00e9dio et n\u00e9o-latines","url":"http:\/\/www.semen-l.org\/","logo":{"@type":"ImageObject","inLanguage":"fr-FR","@id":"http:\/\/www.semen-l.org\/#\/schema\/logo\/image\/","url":"http:\/\/www.semen-l.org\/wp-content\/uploads\/2020\/11\/logo-semenl.jpg","contentUrl":"http:\/\/www.semen-l.org\/wp-content\/uploads\/2020\/11\/logo-semenl.jpg","width":408,"height":403,"caption":"Soci\u00e9t\u00e9 d'\u00e9tudes m\u00e9dio et n\u00e9o-latines"},"image":{"@id":"http:\/\/www.semen-l.org\/#\/schema\/logo\/image\/"},"sameAs":["https:\/\/www.facebook.com\/SEMENL2018","https:\/\/independent.academia.edu\/SocitsdtudesmdioetnolatinesSEMENL"]},{"@type":"Person","@id":"http:\/\/www.semen-l.org\/#\/schema\/person\/ef5208815f17666727763c5363a51344","name":"Julien Maudoux","image":{"@type":"ImageObject","inLanguage":"fr-FR","@id":"https:\/\/secure.gravatar.com\/avatar\/caabf4fb6242e2277733cd35a5c2aa083761ea25dae1d1ff3298b54292225292?s=96&d=mm&r=g","url":"https:\/\/secure.gravatar.com\/avatar\/caabf4fb6242e2277733cd35a5c2aa083761ea25dae1d1ff3298b54292225292?s=96&d=mm&r=g","contentUrl":"https:\/\/secure.gravatar.com\/avatar\/caabf4fb6242e2277733cd35a5c2aa083761ea25dae1d1ff3298b54292225292?s=96&d=mm&r=g","caption":"Julien Maudoux"},"description":"Webmestre du site de la SEMEN-L","url":"https:\/\/www.semen-l.org\/?author=26"}]}},"jetpack_featured_media_url":"https:\/\/www.semen-l.org\/wp-content\/uploads\/2021\/11\/couv-coll-princeps21.jpg","_links":{"self":[{"href":"https:\/\/www.semen-l.org\/index.php?rest_route=\/wp\/v2\/posts\/1983","targetHints":{"allow":["GET"]}}],"collection":[{"href":"https:\/\/www.semen-l.org\/index.php?rest_route=\/wp\/v2\/posts"}],"about":[{"href":"https:\/\/www.semen-l.org\/index.php?rest_route=\/wp\/v2\/types\/post"}],"author":[{"embeddable":true,"href":"https:\/\/www.semen-l.org\/index.php?rest_route=\/wp\/v2\/users\/26"}],"replies":[{"embeddable":true,"href":"https:\/\/www.semen-l.org\/index.php?rest_route=%2Fwp%2Fv2%2Fcomments&post=1983"}],"version-history":[{"count":0,"href":"https:\/\/www.semen-l.org\/index.php?rest_route=\/wp\/v2\/posts\/1983\/revisions"}],"wp:featuredmedia":[{"embeddable":true,"href":"https:\/\/www.semen-l.org\/index.php?rest_route=\/wp\/v2\/media\/1985"}],"wp:attachment":[{"href":"https:\/\/www.semen-l.org\/index.php?rest_route=%2Fwp%2Fv2%2Fmedia&parent=1983"}],"wp:term":[{"taxonomy":"category","embeddable":true,"href":"https:\/\/www.semen-l.org\/index.php?rest_route=%2Fwp%2Fv2%2Fcategories&post=1983"},{"taxonomy":"post_tag","embeddable":true,"href":"https:\/\/www.semen-l.org\/index.php?rest_route=%2Fwp%2Fv2%2Ftags&post=1983"}],"curies":[{"name":"wp","href":"https:\/\/api.w.org\/{rel}","templated":true}]}}