{"id":1969,"date":"2021-10-07T18:31:25","date_gmt":"2021-10-07T18:31:25","guid":{"rendered":"https:\/\/www.semen-l.org\/?p=1969"},"modified":"2022-01-28T18:52:33","modified_gmt":"2022-01-28T18:52:33","slug":"colloque-international-pedagogies-de-la-renaissance-et-supports-de-lecrit-a-la-bibliotheque-humaniste-de-selestat","status":"publish","type":"post","link":"https:\/\/www.semen-l.org\/?p=1969","title":{"rendered":"Colloque international P\u00e9dagogies de la Renaissance et supports de l\u2019\u00e9crit \u00e0 la Biblioth\u00e8que Humaniste de S\u00e9lestat"},"content":{"rendered":"\t\t<div data-elementor-type=\"wp-post\" data-elementor-id=\"1969\" class=\"elementor elementor-1969\">\n\t\t\t\t\t\t<section class=\"elementor-section elementor-top-section elementor-element elementor-element-f57eb0f elementor-section-boxed elementor-section-height-default elementor-section-height-default\" data-id=\"f57eb0f\" data-element_type=\"section\" data-e-type=\"section\">\n\t\t\t\t\t\t<div class=\"elementor-container elementor-column-gap-default\">\n\t\t\t\t\t<div class=\"elementor-column elementor-col-50 elementor-top-column elementor-element elementor-element-3081a2e\" data-id=\"3081a2e\" data-element_type=\"column\" data-e-type=\"column\">\n\t\t\t<div class=\"elementor-widget-wrap elementor-element-populated\">\n\t\t\t\t\t\t<div class=\"elementor-element elementor-element-add684c elementor-widget elementor-widget-text-editor\" data-id=\"add684c\" data-element_type=\"widget\" data-e-type=\"widget\" data-widget_type=\"text-editor.default\">\n\t\t\t\t<div class=\"elementor-widget-container\">\n\t\t\t\t\t\t\t\t\t<p style=\"font-family: Roboto, sans-serif; font-size: 13px; font-style: normal; font-weight: 400; letter-spacing: normal;\">Colloque international P\u00e9dagogies de la Renaissance et supports de l\u2019\u00e9crit. Biblioth\u00e8que Humaniste de S\u00e9lestat &#8211; Auditorium 1 place Dr Maurice Kubler 67600 S\u00e9lestat<\/p><p style=\"font-family: Roboto, sans-serif; font-size: 13px; font-style: normal; font-weight: 400; letter-spacing: normal;\">21-23 octobre 2021<\/p><p style=\"font-family: Roboto, sans-serif; font-size: 13px; font-style: normal; font-weight: 400; letter-spacing: normal;\"><span style=\"font-size: inherit; letter-spacing: inherit; color: var( --e-global-color-text );\">Les liens entre le monde des p\u00e9dagogues et celui du livre, \u00e0 la Renaissance, sont multiples et bien document\u00e9s. On se propose, dans le pr\u00e9sent colloque, d\u2019examiner de quelles fa\u00e7ons les supports de l\u2019\u00e9crit \u2013 imprim\u00e9, manuscrit \u2013 interviennent dans la conception, la diffusion et la r\u00e9ception des p\u00e9dagogies de la Renaissance. Quelles \u00e9volutions dans la mani\u00e8re d\u2019enseigner ou de suivre un cours peut-on d\u00e9celer ? Quelles transformations, quelles r\u00e9flexions p\u00e9dagogiques suppose le passage d\u2019un cours d\u00e9livr\u00e9 dans un cadre pr\u00e9cis, oralement, devant un auditoire limit\u00e9 et dans une \u00ab performance \u00bb singuli\u00e8re, \u00e0 un ouvrage p\u00e9dagogique, dont les lectorats peuvent <\/span><span style=\"font-size: inherit; letter-spacing: inherit; color: var( --e-global-color-text );\">\u00eatre vari\u00e9s, et qui fige un contenu ? Dans quelle mesure les ouvrages p\u00e9dagogiques produits sont-ils le reflet de cours d\u00e9livr\u00e9s in vivo, ou l\u2019invention d\u2019ouvrages sp\u00e9cifiques ? Comment les possibilit\u00e9s de l\u2019imprim\u00e9 conduisent-elles \u00e0 l\u2019invention de genres scolaires nouveaux ? Le colloque sera h\u00e9berg\u00e9 par la Biblioth\u00e8que humaniste de S\u00e9lestat, riche de documents particuli\u00e8rement significatifs pour la th\u00e9matique du colloque, comme le cahier d\u2019\u00e9tudiant et les livres universitaires de Beatus Rhenanus.<\/span><\/p>\t\t\t\t\t\t\t\t<\/div>\n\t\t\t\t<\/div>\n\t\t\t\t\t<\/div>\n\t\t<\/div>\n\t\t\t\t<div class=\"elementor-column elementor-col-50 elementor-top-column elementor-element elementor-element-eba8185\" data-id=\"eba8185\" data-element_type=\"column\" data-e-type=\"column\">\n\t\t\t<div class=\"elementor-widget-wrap elementor-element-populated\">\n\t\t\t\t\t\t<div class=\"elementor-element elementor-element-b737d18 elementor-widget elementor-widget-image\" data-id=\"b737d18\" data-element_type=\"widget\" data-e-type=\"widget\" data-widget_type=\"image.default\">\n\t\t\t\t<div class=\"elementor-widget-container\">\n\t\t\t\t\t\t\t\t\t\t\t\t\t\t\t<img fetchpriority=\"high\" decoding=\"async\" width=\"440\" height=\"626\" src=\"http:\/\/www.semen-l.org\/wp-content\/uploads\/2022\/01\/colloque-pedagogie-humanistr21.jpg\" class=\"attachment-large size-large wp-image-1970\" alt=\"\" srcset=\"http:\/\/www.semen-l.org\/wp-content\/uploads\/2022\/01\/colloque-pedagogie-humanistr21.jpg 440w, http:\/\/www.semen-l.org\/wp-content\/uploads\/2022\/01\/colloque-pedagogie-humanistr21-211x300.jpg 211w, http:\/\/www.semen-l.org\/wp-content\/uploads\/2022\/01\/colloque-pedagogie-humanistr21-141x200.jpg 141w\" sizes=\"(max-width: 440px) 100vw, 440px\" \/>\t\t\t\t\t\t\t\t\t\t\t\t\t\t\t<\/div>\n\t\t\t\t<\/div>\n\t\t\t\t\t<\/div>\n\t\t<\/div>\n\t\t\t\t\t<\/div>\n\t\t<\/section>\n\t\t\t\t<section class=\"elementor-section elementor-top-section elementor-element elementor-element-63799f4 elementor-section-boxed elementor-section-height-default elementor-section-height-default\" data-id=\"63799f4\" data-element_type=\"section\" data-e-type=\"section\">\n\t\t\t\t\t\t<div class=\"elementor-container elementor-column-gap-default\">\n\t\t\t\t\t<div class=\"elementor-column elementor-col-100 elementor-top-column elementor-element elementor-element-0f011fe\" data-id=\"0f011fe\" data-element_type=\"column\" data-e-type=\"column\">\n\t\t\t<div class=\"elementor-widget-wrap elementor-element-populated\">\n\t\t\t\t\t\t<div class=\"elementor-element elementor-element-c81357c elementor-widget elementor-widget-text-editor\" data-id=\"c81357c\" data-element_type=\"widget\" data-e-type=\"widget\" data-widget_type=\"text-editor.default\">\n\t\t\t\t<div class=\"elementor-widget-container\">\n\t\t\t\t\t\t\t\t\t<p><a href=\"https:\/\/calenda.org\/920120?file=1\">Lien vers le programme<\/a><\/p>\t\t\t\t\t\t\t\t<\/div>\n\t\t\t\t<\/div>\n\t\t\t\t\t<\/div>\n\t\t<\/div>\n\t\t\t\t\t<\/div>\n\t\t<\/section>\n\t\t\t\t<section class=\"elementor-section elementor-top-section elementor-element elementor-element-71fd419 elementor-section-boxed elementor-section-height-default elementor-section-height-default\" data-id=\"71fd419\" data-element_type=\"section\" data-e-type=\"section\">\n\t\t\t\t\t\t<div class=\"elementor-container elementor-column-gap-default\">\n\t\t\t\t\t<div class=\"elementor-column elementor-col-100 elementor-top-column elementor-element elementor-element-458e3939\" data-id=\"458e3939\" data-element_type=\"column\" data-e-type=\"column\">\n\t\t\t<div class=\"elementor-widget-wrap elementor-element-populated\">\n\t\t\t\t\t\t<div class=\"elementor-element elementor-element-7cf6a656 elementor-widget elementor-widget-text-editor\" data-id=\"7cf6a656\" data-element_type=\"widget\" data-e-type=\"widget\" data-widget_type=\"text-editor.default\">\n\t\t\t\t<div class=\"elementor-widget-container\">\n\t\t\t\t\t\t\t\t\t<p><span style=\"font-size: inherit; letter-spacing: inherit; color: var( --e-global-color-text );\">Organisation :<\/span><\/p><p>\u2022Lucie Claire (Universit\u00e9 de Picardie Jules Verne)<br \/>\u2022Anne-H\u00e9l\u00e8ne Klinger-Doll\u00e9 (Universit\u00e9 Toulouse Jean-Jaur\u00e8s &#8211; IUF)<br \/>\u2022Martine Furno (IRHIM &#8211; ENS Lyon)<br \/>\u2022Laurent Naas (Biblioth\u00e8que Humaniste de S\u00e9lestat)<\/p><p>Programme<\/p><p>JEUDI 21 OCTOBRE 2021<br \/>13h30 Accueil des participants &#8211; Caf\u00e9<br \/>14h00 Accueil par le maire, la Biblioth\u00e8que humaniste de S\u00e9lestat, introduction<br \/>du colloque<br \/>Enseignants humanistes : usages de l\u2019\u00e9crit et de l\u2019oral<br \/>14h30 \u00c9milie S\u00c9RIS (Universit\u00e9 Paris Sorbonne)<br \/>La p\u00e9dagogie d\u2019Ange Politien, entre discours imprim\u00e9s, notes de cours<br \/>et performance orale<br \/>14h55 David AMHERDT (Universit\u00e9 de Fribourg, Suisse, IAB)<br \/>Le r\u00f4le des manuels et des commentaires de Glar\u00e9an dans sa p\u00e9dagogie<br \/>15h20 Discussion &#8211; Caf\u00e9<br \/>16h15 Natha\u00ebl ISTASSE (Biblioth\u00e8que royale de Belgique)<br \/>L&rsquo;\u0153uvre manuscrite, imprim\u00e9e et posthume d&rsquo;un professeur de la<br \/>Renaissance : essai diachronique sur l&rsquo;entreprise p\u00e9dagogique de J. Ravisius<br \/>Textor<br \/>16h40 Lucie CLAIRE (Universit\u00e9 de Picardie Jules Verne, TrAme)<br \/>Marc-Antoine Muret professeur. Pratiques p\u00e9dagogiques et supports de<br \/>l\u2019\u00e9crit dans le cours sur les Annales de Tacite<br \/>17h05 Discussion<br \/>18h00 Pr\u00e9sentation du fonds de la BHS par James HIRSTEIN (Universit\u00e9 de<br \/>Strasbourg, ILBR) et Laurent NAAS (Biblioth\u00e8que humaniste de S\u00e9lestat)<\/p><p>VENDREDI 22 OCTOBRE 2021<br \/>Ressources p\u00e9dagogiques de l\u2019imprim\u00e9<br \/>9h00 Federica ROSSETTI (Wolfenb\u00fcttel)<br \/>Enseignement du Latin et enseignement moral \u00e0 la Renaissance. Les \u00e9ditions<br \/>des anthologies et des ouvrages apocryphes de S\u00e9n\u00e8que aux XVe<br \/>et XVIe<br \/>si\u00e8cles<br \/>9h25 Mathieu FERRAND (Universit\u00e9 Grenoble Alpes, Litt &amp; Arts)<br \/>Repr\u00e9sentations de l\u2019\u00e9crit dans quelques colloques scolaires<br \/>9h50 Marie-Jo\u00eblle LOUISON-LASSABLI\u00c8RE (Universit\u00e9 Jean Monnet Saint-\u00c9tienne, IRHIM)<br \/>De la classe de danse au manuel de p\u00e9dagogie chor\u00e9graphique :<br \/>l\u2019enseignement d\u2019Antonius Arena dans Ad suos compagnones.<br \/>10h15 Discussion &#8211; Caf\u00e9<br \/>11h15 Christiane DELOINCE-LOUETTE (Universit\u00e9 Grenoble Alpes, Litt &amp; Arts)<br \/>Le jeu des questions-r\u00e9ponses dans quelques commentaires p\u00e9dagogiques<br \/>d&rsquo;Hom\u00e8re \u00e0 la Renaissance, de Melchior Wolmar (1523) \u00e0 Martin Crusius (1594).<br \/>11h40 Martine FURNO (Ens Lyon, IRHIM)<br \/>Que faire des fautes de latin dans les imprim\u00e9s p\u00e9dagogiques au XVIe<br \/>si\u00e8cle ?<br \/>12h05 Discussion<br \/>Enseigner, apprendre les langues au XVIe<br \/>si\u00e8cle<br \/>Le grec : enseignement et auto-enseignement<br \/>14h15 Malika BASTIN-HAMMOU (Universit\u00e9 de Grenoble Alpes, Litt &amp; Arts)<br \/>Les \u00ab grammaires \u00bb grecques en France (1507-1554) : de l\u2019apprentissage<br \/>de la morphologie \u00e0 l\u2019exercice de la traduction<br \/>14h40 Konstantina KEFALLONITI (EPHE) et Afroditi GKENAKOU (EPHE)<br \/>L\u2019apprentissage de l\u2019\u00e9criture et de la langue grecque par Beatus Rhenanus<br \/>d\u2019apr\u00e8s ses manuscrits d\u2019\u00e9colier et les manuscrits grecs byzantins qu\u2019il<br \/>poss\u00e9dait<br \/>15h05 Xander FEYS (KU Leuven)<br \/>Reading Homer\u2019s Odyssey at the Leuven Collegium Trilingue: Two Accounts<br \/>of Student Notes Taken during the Same Course?<br \/>15h30 Discussion &#8211; Caf\u00e9<br \/>Fran\u00e7ais langue \u00e9trang\u00e8re, h\u00e9breu : de nouveaux enseignements<br \/>16h30 Susan BADDELEY (Universit\u00e9 de Versailles-Saint-Quentin-en Yvelines, IECI)<br \/>Pr\u00e9sentation typographique et modalit\u00e9s d\u2019apprentissage : L\u2019exemple des<br \/>premiers manuels imprim\u00e9s pour l\u2019apprentissage du fran\u00e7ais en Angleterre<br \/>(1521-1532)<br \/>16h55 Maxime MALEUX (KU Leuven)<br \/>Grammaires et notes manuscrites dans les cours d\u2019h\u00e9breu \u00e0 Louvain au XVIe<br \/>si\u00e8cle<br \/>17h20 Discussion<br \/>18h00 Visite libre du Mus\u00e9e de la Biblioth\u00e8que humaniste de S\u00e9lestat (r\u00e9serv\u00e9e aux<br \/>intervenants)<\/p><p>SAMEDI 23 OCTOBRE 2021<br \/>Beatus Rhenanus, l\u2019\u00c9cole latine de S\u00e9lestat et le milieu universitaire parisien<br \/>9h00 Felicia TOSCANO (Universit\u00e9 de Salerne)<br \/>Beatus Rhenanus\u2019 Annotations on Ovid\u2019s Fasti in the ms. S\u00e9lestat,<br \/>Biblioth\u00e8que Humaniste, 50<br \/>9h25 Marion BERNARD-SCHWEITZER (Biblioth\u00e8ques de l\u2019Universit\u00e9 de Strasbourg)<br \/>Vivre et \u00e9tudier dans un coll\u00e8ge universitaire parisien au d\u00e9but du XVIe<br \/>si\u00e8cle. Un monde en \u00e9volution<br \/>9h50 Discussion &#8211; Caf\u00e9<br \/>10h45 Thierry CLAERR (Minist\u00e8re de la Culture, chercheur-associ\u00e9 au Centre Jean-<br \/>Mabillon de l&rsquo;\u00c9cole des Chartes\/PSL)<br \/>Le r\u00f4le des libraires jur\u00e9s de l&rsquo;Universit\u00e9 de Paris dans la conception, la<br \/>production et la diffusion de l&rsquo;\u00e9dition scolaire \u00e0 la fin du XVe<br \/>si\u00e8cle et au<br \/>d\u00e9but du XVIe<br \/>si\u00e8cle<br \/>11h10 Anne-H\u00e9l\u00e8ne KLINGER-DOLL\u00c9 (Universit\u00e9 Toulouse \u2013 Jean Jaur\u00e8s ; PLH-<br \/>ERASME \/ Institut universitaire de France)<br \/>\u00c9tudier \u00e0 l\u2019\u00e8re de l\u2019imprim\u00e9 : les manuels d\u2019\u00e9thique aristot\u00e9licienne<br \/>annot\u00e9s par Beatus Rhenanus<br \/>11h35 Discussion<br \/>Imprim\u00e9s, manuscrits, quels choix, pour quels \u00e9l\u00e8ves ?<br \/>Strat\u00e9gies d\u2019imprimeurs<br \/>13h30 Laurent NAAS (Biblioth\u00e8que humaniste de S\u00e9lestat)<br \/>L\u2019enseignement de base du latin en Alsace et \u00e0 la Renaissance, \u00e0 travers<br \/>la production imprim\u00e9e d\u2019outils p\u00e9dagogiques \u00e0 Strasbourg et<br \/>Hagueneau (v. 1450-1530)<br \/>13h55 John NASSICHUK (Western Ontario University, Canada)<br \/>La lamentation de Sannazar, r\u00e9\u00e9dit\u00e9e en 1589<br \/>14h20 Discussion &#8211; Caf\u00e9<br \/>Les livres de et pour les enfants nobles<br \/>15h15 Sylv\u00e8ne \u00c9DOUARD (Universit\u00e9 Lyon 3 &#8211; LARHA)<br \/>De la biblioth\u00e8que d&rsquo;\u00e9tudes d&rsquo;\u00c9douard VI, roi d&rsquo;Angleterre, \u00e0 ses cahiers<br \/>d&rsquo;exercices : quels ouvrages pour l&rsquo;instruction du prince ?<br \/>15h40 Fr\u00e9d\u00e9ric MAGNIN (CNRS Aix-Marseille Universit\u00e9)<br \/>Le trait\u00e9 d\u2019\u00e9quitation et d\u2019hippiatrique du sieur de Lugny (1597) :<br \/>un exemple de diffusion de la p\u00e9dagogie \u00e9questre par le manuscrit<br \/>16h05 Discussion<br \/>16h45 Conclusions<br \/>17h00 Visite guid\u00e9e de S\u00e9lestat<\/p>\t\t\t\t\t\t\t\t<\/div>\n\t\t\t\t<\/div>\n\t\t\t\t\t<\/div>\n\t\t<\/div>\n\t\t\t\t\t<\/div>\n\t\t<\/section>\n\t\t\t\t<\/div>\n\t\t","protected":false},"excerpt":{"rendered":"<p>Colloque international P\u00e9dagogies de la Renaissance et supports de l\u2019\u00e9crit. Biblioth\u00e8que Humaniste de S\u00e9lestat &#8211; Auditorium 1 place Dr Maurice Kubler 67600 S\u00e9lestat 21-23 octobre 2021 Les liens entre le monde des p\u00e9dagogues et celui du livre, \u00e0 la Renaissance, &hellip; <a href=\"https:\/\/www.semen-l.org\/?p=1969\">Continuer la lecture <span class=\"meta-nav\">&rarr;<\/span><\/a><\/p>\n","protected":false},"author":26,"featured_media":1970,"comment_status":"open","ping_status":"open","sticky":false,"template":"","format":"standard","meta":{"footnotes":""},"categories":[4],"tags":[398,1358,399,302,207,1652,1659,1207,1660,1563,1655,1566,338,1425,1654,1661,416,144,171,1662,159,1048,1658,1653,70,1208,30,1542,1357,239,1656,104,1297,200,167,1657,1651],"class_list":["post-1969","post","type-post","status-publish","format-standard","has-post-thumbnail","hentry","category-colloques","tag-ad-suos-compagnones","tag-annales-tacite","tag-arena-antonius","tag-aristote","tag-bibliotheque","tag-crusius-martin","tag-edouard-vi","tag-education","tag-equitation","tag-fastes","tag-francais","tag-glarean-henri","tag-grammaire","tag-grec-ancien","tag-hebreu","tag-hippiatrique","tag-homere","tag-humanisme","tag-imprimerie","tag-lugny-sieur-de","tag-manuscrit","tag-muret-marc-antoine","tag-noblesse","tag-odyssee","tag-ovide","tag-pedagogie","tag-ange-politien","tag-ravisius-textor","tag-rhenanus-beatus","tag-sannazaro-jacopo","tag-selestat","tag-seneque","tag-tacite","tag-traite","tag-typographie","tag-universite-de-paris","tag-wolmar-melchior"],"yoast_head":"<!-- This site is optimized with the Yoast SEO plugin v27.5 - https:\/\/yoast.com\/product\/yoast-seo-wordpress\/ -->\n<title>Colloque international P\u00e9dagogies de la Renaissance et supports de l\u2019\u00e9crit \u00e0 la Biblioth\u00e8que Humaniste de S\u00e9lestat - Soci\u00e9t\u00e9 d&#039;\u00c9tudes M\u00e9dio Et N\u00e9o-Latines<\/title>\n<meta name=\"robots\" content=\"index, follow, max-snippet:-1, max-image-preview:large, max-video-preview:-1\" \/>\n<link rel=\"canonical\" href=\"http:\/\/www.semen-l.org\/?p=1969\" \/>\n<meta property=\"og:locale\" content=\"fr_FR\" \/>\n<meta property=\"og:type\" content=\"article\" \/>\n<meta property=\"og:title\" content=\"Colloque international P\u00e9dagogies de la Renaissance et supports de l\u2019\u00e9crit \u00e0 la Biblioth\u00e8que Humaniste de S\u00e9lestat - Soci\u00e9t\u00e9 d&#039;\u00c9tudes M\u00e9dio Et N\u00e9o-Latines\" \/>\n<meta property=\"og:description\" content=\"Colloque international P\u00e9dagogies de la Renaissance et supports de l\u2019\u00e9crit. Biblioth\u00e8que Humaniste de S\u00e9lestat &#8211; Auditorium 1 place Dr Maurice Kubler 67600 S\u00e9lestat 21-23 octobre 2021 Les liens entre le monde des p\u00e9dagogues et celui du livre, \u00e0 la Renaissance, &hellip; Continuer la lecture &rarr;\" \/>\n<meta property=\"og:url\" content=\"http:\/\/www.semen-l.org\/?p=1969\" \/>\n<meta property=\"og:site_name\" content=\"Soci\u00e9t\u00e9 d&#039;\u00c9tudes M\u00e9dio Et N\u00e9o-Latines\" \/>\n<meta property=\"article:publisher\" content=\"https:\/\/www.facebook.com\/SEMENL2018\" \/>\n<meta property=\"article:published_time\" content=\"2021-10-07T18:31:25+00:00\" \/>\n<meta property=\"article:modified_time\" content=\"2022-01-28T18:52:33+00:00\" \/>\n<meta property=\"og:image\" content=\"http:\/\/www.semen-l.org\/wp-content\/uploads\/2022\/01\/colloque-pedagogie-humanistr21.jpg\" \/>\n\t<meta property=\"og:image:width\" content=\"440\" \/>\n\t<meta property=\"og:image:height\" content=\"626\" \/>\n\t<meta property=\"og:image:type\" content=\"image\/jpeg\" \/>\n<meta name=\"author\" content=\"Julien Maudoux\" \/>\n<meta name=\"twitter:card\" content=\"summary_large_image\" \/>\n<meta name=\"twitter:label1\" content=\"\u00c9crit par\" \/>\n\t<meta name=\"twitter:data1\" content=\"Julien Maudoux\" \/>\n\t<meta name=\"twitter:label2\" content=\"Dur\u00e9e de lecture estim\u00e9e\" \/>\n\t<meta name=\"twitter:data2\" content=\"5 minutes\" \/>\n<script type=\"application\/ld+json\" class=\"yoast-schema-graph\">{\"@context\":\"https:\\\/\\\/schema.org\",\"@graph\":[{\"@type\":\"Article\",\"@id\":\"http:\\\/\\\/www.semen-l.org\\\/?p=1969#article\",\"isPartOf\":{\"@id\":\"http:\\\/\\\/www.semen-l.org\\\/?p=1969\"},\"author\":{\"name\":\"Julien Maudoux\",\"@id\":\"http:\\\/\\\/www.semen-l.org\\\/#\\\/schema\\\/person\\\/ef5208815f17666727763c5363a51344\"},\"headline\":\"Colloque international P\u00e9dagogies de la Renaissance et supports de l\u2019\u00e9crit \u00e0 la Biblioth\u00e8que Humaniste de S\u00e9lestat\",\"datePublished\":\"2021-10-07T18:31:25+00:00\",\"dateModified\":\"2022-01-28T18:52:33+00:00\",\"mainEntityOfPage\":{\"@id\":\"http:\\\/\\\/www.semen-l.org\\\/?p=1969\"},\"wordCount\":1059,\"commentCount\":0,\"publisher\":{\"@id\":\"http:\\\/\\\/www.semen-l.org\\\/#organization\"},\"image\":{\"@id\":\"http:\\\/\\\/www.semen-l.org\\\/?p=1969#primaryimage\"},\"thumbnailUrl\":\"https:\\\/\\\/www.semen-l.org\\\/wp-content\\\/uploads\\\/2022\\\/01\\\/colloque-pedagogie-humanistr21.jpg\",\"keywords\":[\"Ad suos Compagnones (Antonius Arena)\",\"Annales (Tacite)\",\"Arena (Antonius)\",\"Aristote\",\"biblioth\u00e8que\",\"Crusius (Martin)\",\"\u00c9douard VI\",\"\u00e9ducation\",\"\u00e9quitation\",\"Fastes\",\"fran\u00e7ais\",\"Glar\u00e9an (Henri)\",\"grammaire\",\"grec ancien\",\"h\u00e9breu\",\"hippiatrique\",\"Hom\u00e8re\",\"humanisme\",\"imprimerie\",\"Lugny (sieur de)\",\"manuscrit\",\"Muret (Marc Antoine)\",\"noblesse\",\"Odyss\u00e9e\",\"Ovide\",\"p\u00e9dagogie\",\"Politien (Ange)\",\"Ravisius (Textor)\",\"Rhenanus (Beatus)\",\"Sannazaro (Jacopo)\",\"S\u00e9lestat\",\"S\u00e9n\u00e8que\",\"Tacite\",\"trait\u00e9\",\"typographie\",\"Universit\u00e9 de Paris\",\"Wolmar (Melchior)\"],\"articleSection\":[\"Colloques\"],\"inLanguage\":\"fr-FR\",\"potentialAction\":[{\"@type\":\"CommentAction\",\"name\":\"Comment\",\"target\":[\"http:\\\/\\\/www.semen-l.org\\\/?p=1969#respond\"]}]},{\"@type\":\"WebPage\",\"@id\":\"http:\\\/\\\/www.semen-l.org\\\/?p=1969\",\"url\":\"http:\\\/\\\/www.semen-l.org\\\/?p=1969\",\"name\":\"Colloque international P\u00e9dagogies de la Renaissance et supports de l\u2019\u00e9crit \u00e0 la Biblioth\u00e8que Humaniste de S\u00e9lestat - Soci\u00e9t\u00e9 d&#039;\u00c9tudes M\u00e9dio Et N\u00e9o-Latines\",\"isPartOf\":{\"@id\":\"http:\\\/\\\/www.semen-l.org\\\/#website\"},\"primaryImageOfPage\":{\"@id\":\"http:\\\/\\\/www.semen-l.org\\\/?p=1969#primaryimage\"},\"image\":{\"@id\":\"http:\\\/\\\/www.semen-l.org\\\/?p=1969#primaryimage\"},\"thumbnailUrl\":\"https:\\\/\\\/www.semen-l.org\\\/wp-content\\\/uploads\\\/2022\\\/01\\\/colloque-pedagogie-humanistr21.jpg\",\"datePublished\":\"2021-10-07T18:31:25+00:00\",\"dateModified\":\"2022-01-28T18:52:33+00:00\",\"breadcrumb\":{\"@id\":\"http:\\\/\\\/www.semen-l.org\\\/?p=1969#breadcrumb\"},\"inLanguage\":\"fr-FR\",\"potentialAction\":[{\"@type\":\"ReadAction\",\"target\":[\"http:\\\/\\\/www.semen-l.org\\\/?p=1969\"]}]},{\"@type\":\"ImageObject\",\"inLanguage\":\"fr-FR\",\"@id\":\"http:\\\/\\\/www.semen-l.org\\\/?p=1969#primaryimage\",\"url\":\"https:\\\/\\\/www.semen-l.org\\\/wp-content\\\/uploads\\\/2022\\\/01\\\/colloque-pedagogie-humanistr21.jpg\",\"contentUrl\":\"https:\\\/\\\/www.semen-l.org\\\/wp-content\\\/uploads\\\/2022\\\/01\\\/colloque-pedagogie-humanistr21.jpg\",\"width\":440,\"height\":626},{\"@type\":\"BreadcrumbList\",\"@id\":\"http:\\\/\\\/www.semen-l.org\\\/?p=1969#breadcrumb\",\"itemListElement\":[{\"@type\":\"ListItem\",\"position\":1,\"name\":\"Accueil\",\"item\":\"http:\\\/\\\/www.semen-l.org\\\/\"},{\"@type\":\"ListItem\",\"position\":2,\"name\":\"Colloque international P\u00e9dagogies de la Renaissance et supports de l\u2019\u00e9crit \u00e0 la Biblioth\u00e8que Humaniste de S\u00e9lestat\"}]},{\"@type\":\"WebSite\",\"@id\":\"http:\\\/\\\/www.semen-l.org\\\/#website\",\"url\":\"http:\\\/\\\/www.semen-l.org\\\/\",\"name\":\"Soci\u00e9t\u00e9 d'\u00c9tudes M\u00e9dio Et N\u00e9o-Latines\",\"description\":\"\",\"publisher\":{\"@id\":\"http:\\\/\\\/www.semen-l.org\\\/#organization\"},\"potentialAction\":[{\"@type\":\"SearchAction\",\"target\":{\"@type\":\"EntryPoint\",\"urlTemplate\":\"http:\\\/\\\/www.semen-l.org\\\/?s={search_term_string}\"},\"query-input\":{\"@type\":\"PropertyValueSpecification\",\"valueRequired\":true,\"valueName\":\"search_term_string\"}}],\"inLanguage\":\"fr-FR\"},{\"@type\":\"Organization\",\"@id\":\"http:\\\/\\\/www.semen-l.org\\\/#organization\",\"name\":\"Soci\u00e9t\u00e9 d'\u00e9tudes m\u00e9dio et n\u00e9o-latines\",\"url\":\"http:\\\/\\\/www.semen-l.org\\\/\",\"logo\":{\"@type\":\"ImageObject\",\"inLanguage\":\"fr-FR\",\"@id\":\"http:\\\/\\\/www.semen-l.org\\\/#\\\/schema\\\/logo\\\/image\\\/\",\"url\":\"http:\\\/\\\/www.semen-l.org\\\/wp-content\\\/uploads\\\/2020\\\/11\\\/logo-semenl.jpg\",\"contentUrl\":\"http:\\\/\\\/www.semen-l.org\\\/wp-content\\\/uploads\\\/2020\\\/11\\\/logo-semenl.jpg\",\"width\":408,\"height\":403,\"caption\":\"Soci\u00e9t\u00e9 d'\u00e9tudes m\u00e9dio et n\u00e9o-latines\"},\"image\":{\"@id\":\"http:\\\/\\\/www.semen-l.org\\\/#\\\/schema\\\/logo\\\/image\\\/\"},\"sameAs\":[\"https:\\\/\\\/www.facebook.com\\\/SEMENL2018\",\"https:\\\/\\\/independent.academia.edu\\\/SocitsdtudesmdioetnolatinesSEMENL\"]},{\"@type\":\"Person\",\"@id\":\"http:\\\/\\\/www.semen-l.org\\\/#\\\/schema\\\/person\\\/ef5208815f17666727763c5363a51344\",\"name\":\"Julien Maudoux\",\"image\":{\"@type\":\"ImageObject\",\"inLanguage\":\"fr-FR\",\"@id\":\"https:\\\/\\\/secure.gravatar.com\\\/avatar\\\/caabf4fb6242e2277733cd35a5c2aa083761ea25dae1d1ff3298b54292225292?s=96&d=mm&r=g\",\"url\":\"https:\\\/\\\/secure.gravatar.com\\\/avatar\\\/caabf4fb6242e2277733cd35a5c2aa083761ea25dae1d1ff3298b54292225292?s=96&d=mm&r=g\",\"contentUrl\":\"https:\\\/\\\/secure.gravatar.com\\\/avatar\\\/caabf4fb6242e2277733cd35a5c2aa083761ea25dae1d1ff3298b54292225292?s=96&d=mm&r=g\",\"caption\":\"Julien Maudoux\"},\"description\":\"Webmestre du site de la SEMEN-L\",\"url\":\"https:\\\/\\\/www.semen-l.org\\\/?author=26\"}]}<\/script>\n<!-- \/ Yoast SEO plugin. -->","yoast_head_json":{"title":"Colloque international P\u00e9dagogies de la Renaissance et supports de l\u2019\u00e9crit \u00e0 la Biblioth\u00e8que Humaniste de S\u00e9lestat - Soci\u00e9t\u00e9 d&#039;\u00c9tudes M\u00e9dio Et N\u00e9o-Latines","robots":{"index":"index","follow":"follow","max-snippet":"max-snippet:-1","max-image-preview":"max-image-preview:large","max-video-preview":"max-video-preview:-1"},"canonical":"http:\/\/www.semen-l.org\/?p=1969","og_locale":"fr_FR","og_type":"article","og_title":"Colloque international P\u00e9dagogies de la Renaissance et supports de l\u2019\u00e9crit \u00e0 la Biblioth\u00e8que Humaniste de S\u00e9lestat - Soci\u00e9t\u00e9 d&#039;\u00c9tudes M\u00e9dio Et N\u00e9o-Latines","og_description":"Colloque international P\u00e9dagogies de la Renaissance et supports de l\u2019\u00e9crit. Biblioth\u00e8que Humaniste de S\u00e9lestat &#8211; Auditorium 1 place Dr Maurice Kubler 67600 S\u00e9lestat 21-23 octobre 2021 Les liens entre le monde des p\u00e9dagogues et celui du livre, \u00e0 la Renaissance, &hellip; Continuer la lecture &rarr;","og_url":"http:\/\/www.semen-l.org\/?p=1969","og_site_name":"Soci\u00e9t\u00e9 d&#039;\u00c9tudes M\u00e9dio Et N\u00e9o-Latines","article_publisher":"https:\/\/www.facebook.com\/SEMENL2018","article_published_time":"2021-10-07T18:31:25+00:00","article_modified_time":"2022-01-28T18:52:33+00:00","og_image":[{"width":440,"height":626,"url":"http:\/\/www.semen-l.org\/wp-content\/uploads\/2022\/01\/colloque-pedagogie-humanistr21.jpg","type":"image\/jpeg"}],"author":"Julien Maudoux","twitter_card":"summary_large_image","twitter_misc":{"\u00c9crit par":"Julien Maudoux","Dur\u00e9e de lecture estim\u00e9e":"5 minutes"},"schema":{"@context":"https:\/\/schema.org","@graph":[{"@type":"Article","@id":"http:\/\/www.semen-l.org\/?p=1969#article","isPartOf":{"@id":"http:\/\/www.semen-l.org\/?p=1969"},"author":{"name":"Julien Maudoux","@id":"http:\/\/www.semen-l.org\/#\/schema\/person\/ef5208815f17666727763c5363a51344"},"headline":"Colloque international P\u00e9dagogies de la Renaissance et supports de l\u2019\u00e9crit \u00e0 la Biblioth\u00e8que Humaniste de S\u00e9lestat","datePublished":"2021-10-07T18:31:25+00:00","dateModified":"2022-01-28T18:52:33+00:00","mainEntityOfPage":{"@id":"http:\/\/www.semen-l.org\/?p=1969"},"wordCount":1059,"commentCount":0,"publisher":{"@id":"http:\/\/www.semen-l.org\/#organization"},"image":{"@id":"http:\/\/www.semen-l.org\/?p=1969#primaryimage"},"thumbnailUrl":"https:\/\/www.semen-l.org\/wp-content\/uploads\/2022\/01\/colloque-pedagogie-humanistr21.jpg","keywords":["Ad suos Compagnones (Antonius Arena)","Annales (Tacite)","Arena (Antonius)","Aristote","biblioth\u00e8que","Crusius (Martin)","\u00c9douard VI","\u00e9ducation","\u00e9quitation","Fastes","fran\u00e7ais","Glar\u00e9an (Henri)","grammaire","grec ancien","h\u00e9breu","hippiatrique","Hom\u00e8re","humanisme","imprimerie","Lugny (sieur de)","manuscrit","Muret (Marc Antoine)","noblesse","Odyss\u00e9e","Ovide","p\u00e9dagogie","Politien (Ange)","Ravisius (Textor)","Rhenanus (Beatus)","Sannazaro (Jacopo)","S\u00e9lestat","S\u00e9n\u00e8que","Tacite","trait\u00e9","typographie","Universit\u00e9 de Paris","Wolmar (Melchior)"],"articleSection":["Colloques"],"inLanguage":"fr-FR","potentialAction":[{"@type":"CommentAction","name":"Comment","target":["http:\/\/www.semen-l.org\/?p=1969#respond"]}]},{"@type":"WebPage","@id":"http:\/\/www.semen-l.org\/?p=1969","url":"http:\/\/www.semen-l.org\/?p=1969","name":"Colloque international P\u00e9dagogies de la Renaissance et supports de l\u2019\u00e9crit \u00e0 la Biblioth\u00e8que Humaniste de S\u00e9lestat - Soci\u00e9t\u00e9 d&#039;\u00c9tudes M\u00e9dio Et N\u00e9o-Latines","isPartOf":{"@id":"http:\/\/www.semen-l.org\/#website"},"primaryImageOfPage":{"@id":"http:\/\/www.semen-l.org\/?p=1969#primaryimage"},"image":{"@id":"http:\/\/www.semen-l.org\/?p=1969#primaryimage"},"thumbnailUrl":"https:\/\/www.semen-l.org\/wp-content\/uploads\/2022\/01\/colloque-pedagogie-humanistr21.jpg","datePublished":"2021-10-07T18:31:25+00:00","dateModified":"2022-01-28T18:52:33+00:00","breadcrumb":{"@id":"http:\/\/www.semen-l.org\/?p=1969#breadcrumb"},"inLanguage":"fr-FR","potentialAction":[{"@type":"ReadAction","target":["http:\/\/www.semen-l.org\/?p=1969"]}]},{"@type":"ImageObject","inLanguage":"fr-FR","@id":"http:\/\/www.semen-l.org\/?p=1969#primaryimage","url":"https:\/\/www.semen-l.org\/wp-content\/uploads\/2022\/01\/colloque-pedagogie-humanistr21.jpg","contentUrl":"https:\/\/www.semen-l.org\/wp-content\/uploads\/2022\/01\/colloque-pedagogie-humanistr21.jpg","width":440,"height":626},{"@type":"BreadcrumbList","@id":"http:\/\/www.semen-l.org\/?p=1969#breadcrumb","itemListElement":[{"@type":"ListItem","position":1,"name":"Accueil","item":"http:\/\/www.semen-l.org\/"},{"@type":"ListItem","position":2,"name":"Colloque international P\u00e9dagogies de la Renaissance et supports de l\u2019\u00e9crit \u00e0 la Biblioth\u00e8que Humaniste de S\u00e9lestat"}]},{"@type":"WebSite","@id":"http:\/\/www.semen-l.org\/#website","url":"http:\/\/www.semen-l.org\/","name":"Soci\u00e9t\u00e9 d'\u00c9tudes M\u00e9dio Et N\u00e9o-Latines","description":"","publisher":{"@id":"http:\/\/www.semen-l.org\/#organization"},"potentialAction":[{"@type":"SearchAction","target":{"@type":"EntryPoint","urlTemplate":"http:\/\/www.semen-l.org\/?s={search_term_string}"},"query-input":{"@type":"PropertyValueSpecification","valueRequired":true,"valueName":"search_term_string"}}],"inLanguage":"fr-FR"},{"@type":"Organization","@id":"http:\/\/www.semen-l.org\/#organization","name":"Soci\u00e9t\u00e9 d'\u00e9tudes m\u00e9dio et n\u00e9o-latines","url":"http:\/\/www.semen-l.org\/","logo":{"@type":"ImageObject","inLanguage":"fr-FR","@id":"http:\/\/www.semen-l.org\/#\/schema\/logo\/image\/","url":"http:\/\/www.semen-l.org\/wp-content\/uploads\/2020\/11\/logo-semenl.jpg","contentUrl":"http:\/\/www.semen-l.org\/wp-content\/uploads\/2020\/11\/logo-semenl.jpg","width":408,"height":403,"caption":"Soci\u00e9t\u00e9 d'\u00e9tudes m\u00e9dio et n\u00e9o-latines"},"image":{"@id":"http:\/\/www.semen-l.org\/#\/schema\/logo\/image\/"},"sameAs":["https:\/\/www.facebook.com\/SEMENL2018","https:\/\/independent.academia.edu\/SocitsdtudesmdioetnolatinesSEMENL"]},{"@type":"Person","@id":"http:\/\/www.semen-l.org\/#\/schema\/person\/ef5208815f17666727763c5363a51344","name":"Julien Maudoux","image":{"@type":"ImageObject","inLanguage":"fr-FR","@id":"https:\/\/secure.gravatar.com\/avatar\/caabf4fb6242e2277733cd35a5c2aa083761ea25dae1d1ff3298b54292225292?s=96&d=mm&r=g","url":"https:\/\/secure.gravatar.com\/avatar\/caabf4fb6242e2277733cd35a5c2aa083761ea25dae1d1ff3298b54292225292?s=96&d=mm&r=g","contentUrl":"https:\/\/secure.gravatar.com\/avatar\/caabf4fb6242e2277733cd35a5c2aa083761ea25dae1d1ff3298b54292225292?s=96&d=mm&r=g","caption":"Julien Maudoux"},"description":"Webmestre du site de la SEMEN-L","url":"https:\/\/www.semen-l.org\/?author=26"}]}},"jetpack_featured_media_url":"https:\/\/www.semen-l.org\/wp-content\/uploads\/2022\/01\/colloque-pedagogie-humanistr21.jpg","_links":{"self":[{"href":"https:\/\/www.semen-l.org\/index.php?rest_route=\/wp\/v2\/posts\/1969","targetHints":{"allow":["GET"]}}],"collection":[{"href":"https:\/\/www.semen-l.org\/index.php?rest_route=\/wp\/v2\/posts"}],"about":[{"href":"https:\/\/www.semen-l.org\/index.php?rest_route=\/wp\/v2\/types\/post"}],"author":[{"embeddable":true,"href":"https:\/\/www.semen-l.org\/index.php?rest_route=\/wp\/v2\/users\/26"}],"replies":[{"embeddable":true,"href":"https:\/\/www.semen-l.org\/index.php?rest_route=%2Fwp%2Fv2%2Fcomments&post=1969"}],"version-history":[{"count":0,"href":"https:\/\/www.semen-l.org\/index.php?rest_route=\/wp\/v2\/posts\/1969\/revisions"}],"wp:featuredmedia":[{"embeddable":true,"href":"https:\/\/www.semen-l.org\/index.php?rest_route=\/wp\/v2\/media\/1970"}],"wp:attachment":[{"href":"https:\/\/www.semen-l.org\/index.php?rest_route=%2Fwp%2Fv2%2Fmedia&parent=1969"}],"wp:term":[{"taxonomy":"category","embeddable":true,"href":"https:\/\/www.semen-l.org\/index.php?rest_route=%2Fwp%2Fv2%2Fcategories&post=1969"},{"taxonomy":"post_tag","embeddable":true,"href":"https:\/\/www.semen-l.org\/index.php?rest_route=%2Fwp%2Fv2%2Ftags&post=1969"}],"curies":[{"name":"wp","href":"https:\/\/api.w.org\/{rel}","templated":true}]}}