{"id":1939,"date":"2021-09-25T18:06:55","date_gmt":"2021-09-25T18:06:55","guid":{"rendered":"https:\/\/www.semen-l.org\/?p=1939"},"modified":"2022-01-28T18:31:06","modified_gmt":"2022-01-28T18:31:06","slug":"les-noces-de-philologie-et-de-guillaume-bude-un-humaniste-et-son-oeuvre-a-la-renaissance","status":"publish","type":"post","link":"https:\/\/www.semen-l.org\/?p=1939","title":{"rendered":"Les noces de Philologie et de Guillaume Bud\u00e9. Un humaniste et son \u0153uvre \u00e0 la Renaissance"},"content":{"rendered":"\t\t<div data-elementor-type=\"wp-post\" data-elementor-id=\"1939\" class=\"elementor elementor-1939\">\n\t\t\t\t\t\t<section class=\"elementor-section elementor-top-section elementor-element elementor-element-5695152 elementor-section-boxed elementor-section-height-default elementor-section-height-default\" data-id=\"5695152\" data-element_type=\"section\" data-e-type=\"section\">\n\t\t\t\t\t\t<div class=\"elementor-container elementor-column-gap-default\">\n\t\t\t\t\t<div class=\"elementor-column elementor-col-50 elementor-top-column elementor-element elementor-element-2fa74fc\" data-id=\"2fa74fc\" data-element_type=\"column\" data-e-type=\"column\">\n\t\t\t<div class=\"elementor-widget-wrap elementor-element-populated\">\n\t\t\t\t\t\t<div class=\"elementor-element elementor-element-499b4581 elementor-widget elementor-widget-text-editor\" data-id=\"499b4581\" data-element_type=\"widget\" data-e-type=\"widget\" data-widget_type=\"text-editor.default\">\n\t\t\t\t<div class=\"elementor-widget-container\">\n\t\t\t\t\t\t\t\t\t<p>Vous pourrez trouver ci-dessous la pr\u00e9sentation du volume d&rsquo;actes du colloque de 2018 sur l&rsquo;\u0153uvre de Guillaume Bud\u00e9 et sa r\u00e9ception, paru aux presses de l\u2019\u00c9cole Nationale des Chartes en septembre 2021 : <em>Les noces de Philologie et de Guillaume Bud\u00e9. Un humaniste et son \u0153uvre \u00e0 la Renaissance.<\/em><\/p><p>Il a \u00e9t\u00e9 con\u00e7u sous la direction de Christine B\u00e9n\u00e9vent, Romain Menini et Luigi-Alberto Sanchi.<\/p><p>592 pages. \u2014 Livre broch\u00e9 (16 x 23,5 cm). Prix France : 57 \u20ac. \u2014 ISBN : 978-2-35723-160-3. \u2014 Mise en vente : septembre 2021.<\/p>\t\t\t\t\t\t\t\t<\/div>\n\t\t\t\t<\/div>\n\t\t\t\t\t<\/div>\n\t\t<\/div>\n\t\t\t\t<div class=\"elementor-column elementor-col-50 elementor-top-column elementor-element elementor-element-5cf9624\" data-id=\"5cf9624\" data-element_type=\"column\" data-e-type=\"column\">\n\t\t\t<div class=\"elementor-widget-wrap elementor-element-populated\">\n\t\t\t\t\t\t<div class=\"elementor-element elementor-element-1dc79a2 elementor-widget elementor-widget-image\" data-id=\"1dc79a2\" data-element_type=\"widget\" data-e-type=\"widget\" data-widget_type=\"image.default\">\n\t\t\t\t<div class=\"elementor-widget-container\">\n\t\t\t\t\t\t\t\t\t\t\t\t\t\t\t<img fetchpriority=\"high\" decoding=\"async\" width=\"474\" height=\"695\" src=\"https:\/\/www.semen-l.org\/wp-content\/uploads\/2021\/09\/couv-noces-philologie-bude.jpg\" class=\"attachment-large size-large wp-image-1942\" alt=\"\" srcset=\"https:\/\/www.semen-l.org\/wp-content\/uploads\/2021\/09\/couv-noces-philologie-bude.jpg 474w, https:\/\/www.semen-l.org\/wp-content\/uploads\/2021\/09\/couv-noces-philologie-bude-205x300.jpg 205w, https:\/\/www.semen-l.org\/wp-content\/uploads\/2021\/09\/couv-noces-philologie-bude-136x200.jpg 136w\" sizes=\"(max-width: 474px) 100vw, 474px\" \/>\t\t\t\t\t\t\t\t\t\t\t\t\t\t\t<\/div>\n\t\t\t\t<\/div>\n\t\t\t\t\t<\/div>\n\t\t<\/div>\n\t\t\t\t\t<\/div>\n\t\t<\/section>\n\t\t\t\t<section class=\"elementor-section elementor-top-section elementor-element elementor-element-8543783 elementor-section-boxed elementor-section-height-default elementor-section-height-default\" data-id=\"8543783\" data-element_type=\"section\" data-e-type=\"section\">\n\t\t\t\t\t\t<div class=\"elementor-container elementor-column-gap-default\">\n\t\t\t\t\t<div class=\"elementor-column elementor-col-100 elementor-top-column elementor-element elementor-element-5828cb6\" data-id=\"5828cb6\" data-element_type=\"column\" data-e-type=\"column\">\n\t\t\t<div class=\"elementor-widget-wrap elementor-element-populated\">\n\t\t\t\t\t\t<div class=\"elementor-element elementor-element-bc303f0 elementor-widget elementor-widget-text-editor\" data-id=\"bc303f0\" data-element_type=\"widget\" data-e-type=\"widget\" data-widget_type=\"text-editor.default\">\n\t\t\t\t<div class=\"elementor-widget-container\">\n\t\t\t\t\t\t\t\t\t<p><a href=\"https:\/\/www.chartes.psl.eu\/fr\/publication\/noces-philologie-guillaume-bude\">Lien vers le site de l&rsquo;\u00e9diteur.<\/a><\/p>\t\t\t\t\t\t\t\t<\/div>\n\t\t\t\t<\/div>\n\t\t\t\t<div class=\"elementor-element elementor-element-ddea2d6 elementor-widget elementor-widget-heading\" data-id=\"ddea2d6\" data-element_type=\"widget\" data-e-type=\"widget\" data-widget_type=\"heading.default\">\n\t\t\t\t<div class=\"elementor-widget-container\">\n\t\t\t\t\t<h2 class=\"elementor-heading-title elementor-size-default\">Pr\u00e9sentation<\/h2>\t\t\t\t<\/div>\n\t\t\t\t<\/div>\n\t\t\t\t\t<\/div>\n\t\t<\/div>\n\t\t\t\t\t<\/div>\n\t\t<\/section>\n\t\t\t\t<section class=\"elementor-section elementor-top-section elementor-element elementor-element-cfa33e0 elementor-section-boxed elementor-section-height-default elementor-section-height-default\" data-id=\"cfa33e0\" data-element_type=\"section\" data-e-type=\"section\">\n\t\t\t\t\t\t<div class=\"elementor-container elementor-column-gap-default\">\n\t\t\t\t\t<div class=\"elementor-column elementor-col-100 elementor-top-column elementor-element elementor-element-cc78126\" data-id=\"cc78126\" data-element_type=\"column\" data-e-type=\"column\">\n\t\t\t<div class=\"elementor-widget-wrap elementor-element-populated\">\n\t\t\t\t\t\t<div class=\"elementor-element elementor-element-afc1ff3 elementor-widget elementor-widget-text-editor\" data-id=\"afc1ff3\" data-element_type=\"widget\" data-e-type=\"widget\" data-widget_type=\"text-editor.default\">\n\t\t\t\t<div class=\"elementor-widget-container\">\n\t\t\t\t\t\t\t\t\t<p>Au cours de son existence bien remplie, Guillaume Bud\u00e9 (1468-1540) a con\u00e7u, publi\u00e9, augment\u00e9 nombre d&rsquo;\u0153uvres dont la valeur litt\u00e9raire et la port\u00e9e scientifique ont profond\u00e9ment marqu\u00e9 son \u00e9poque et la post\u00e9rit\u00e9, \u00e0 l&rsquo;\u00e9gal de son contemporain Erasme. Or les productions de Bud\u00e9 restent aujourd&rsquo;hui relativement m\u00e9connues, malgr\u00e9 un regain d&rsquo;int\u00e9r\u00eat qui s&rsquo;est d\u00e9ploy\u00e9 tout au long du XXe si\u00e8cle comme en ce d\u00e9but du XXIe si\u00e8cle.<\/p><p>Ce volume a pour ambition de revenir, \u00e0 la lumi\u00e8re des recherches les plus r\u00e9centes, sur les diff\u00e9rentes facettes d&rsquo;une \u0153uvre polycentrique, allant de l&rsquo;essai historique novateur qu&rsquo;est le <em>De Asse et partibus eius<\/em> \u00e0 la d\u00e9fense et illustration du grec, de l&rsquo;ex\u00e9g\u00e8se des sources du droit romain aux recommandations politiques de l&rsquo;\u00abInstitution du prince \u00bb, en passant par des consid\u00e9rations morales et religieuses diss\u00e9min\u00e9es dans les lettres, des digressions et des trait\u00e9s.<\/p><p>\u00c0 la convergence de plusieurs disciplines, ce volume se propose d&rsquo;identifier les parcours que Guillaume Bud\u00e9 a trac\u00e9s, de cerner les passerelles entre les diff\u00e9rents noyaux de son \u00e9criture, de reconstituer l&rsquo;unit\u00e9 intellectuelle de son \u0153uvre \u00e0 une p\u00e9riode o\u00f9 la diffusion du patrimoine \u00e9crit de l&rsquo;Antiquit\u00e9 achevait sa premi\u00e8re grande saison et ouvrait l&rsquo;\u00e9poque des \u00e9tudes philologiques sp\u00e9cialis\u00e9es. Il a pour ambition de remettre en lumi\u00e8re cette grande figure de l&rsquo;humanisme fran\u00e7ais, reconnue entre autres pour son r\u00f4le dans la fondation du Coll\u00e8ge de France.<\/p>\t\t\t\t\t\t\t\t<\/div>\n\t\t\t\t<\/div>\n\t\t\t\t\t<\/div>\n\t\t<\/div>\n\t\t\t\t\t<\/div>\n\t\t<\/section>\n\t\t\t\t<section class=\"elementor-section elementor-top-section elementor-element elementor-element-ef22ef5 elementor-section-boxed elementor-section-height-default elementor-section-height-default\" data-id=\"ef22ef5\" data-element_type=\"section\" data-e-type=\"section\">\n\t\t\t\t\t\t<div class=\"elementor-container elementor-column-gap-default\">\n\t\t\t\t\t<div class=\"elementor-column elementor-col-100 elementor-top-column elementor-element elementor-element-0529848\" data-id=\"0529848\" data-element_type=\"column\" data-e-type=\"column\">\n\t\t\t<div class=\"elementor-widget-wrap elementor-element-populated\">\n\t\t\t\t\t\t<div class=\"elementor-element elementor-element-2768273 elementor-widget elementor-widget-heading\" data-id=\"2768273\" data-element_type=\"widget\" data-e-type=\"widget\" data-widget_type=\"heading.default\">\n\t\t\t\t<div class=\"elementor-widget-container\">\n\t\t\t\t\t<h2 class=\"elementor-heading-title elementor-size-default\">Table des mati\u00e8res de l'ouvrage<\/h2>\t\t\t\t<\/div>\n\t\t\t\t<\/div>\n\t\t\t\t\t<\/div>\n\t\t<\/div>\n\t\t\t\t\t<\/div>\n\t\t<\/section>\n\t\t\t\t<section class=\"elementor-section elementor-top-section elementor-element elementor-element-f0700a3 elementor-section-boxed elementor-section-height-default elementor-section-height-default\" data-id=\"f0700a3\" data-element_type=\"section\" data-e-type=\"section\">\n\t\t\t\t\t\t<div class=\"elementor-container elementor-column-gap-default\">\n\t\t\t\t\t<div class=\"elementor-column elementor-col-100 elementor-top-column elementor-element elementor-element-d51e564\" data-id=\"d51e564\" data-element_type=\"column\" data-e-type=\"column\">\n\t\t\t<div class=\"elementor-widget-wrap elementor-element-populated\">\n\t\t\t\t\t\t<div class=\"elementor-element elementor-element-c30bd56 elementor-widget elementor-widget-text-editor\" data-id=\"c30bd56\" data-element_type=\"widget\" data-e-type=\"widget\" data-widget_type=\"text-editor.default\">\n\t\t\t\t<div class=\"elementor-widget-container\">\n\t\t\t\t\t\t\t\t\t<p>Pr\u00e9face. Chorus disciplinarum, ou l\u2019art de lire comme principe d\u2019hospitalit\u00e9 : note sur Guillaume Bud\u00e9 et le Coll\u00e8ge de France, par Patrick Boucheron \u2014 Introduction, par Luigi-Alberto Sanchi, Christine B\u00e9n\u00e9vent et Romain Menini.<\/p><p><strong>Premi\u00e8re partie. L\u2019auteur en son temps.<\/strong><br \/>\u2014 Guillaume Bud\u00e9, lumi\u00e8re fran\u00e7aise, par Mireille Huchon.<br \/>\u2014 Guillaume Bud\u00e9 et la galerie Fran\u00e7ois Ier \u00e0 Fontainebleau : une Institution du prince en images, par Edwige Krob.<br \/>\u2014 Guillaume Bud\u00e9 entre \u00ab ma maistresse Philologie \u00bb et le \u00ab cryme de flatterie , par Richard Cooper.<br \/>\u2014 D\u00e9finitions et fonctions de la philosophie dans l\u2019Institution du prince, par Marie-Dominique Couzinet.<br \/>\u2014 \u00ab <em>Revisit et propria manu emendavit ipse Bud\u00e6us<\/em> \u00bb. L\u2019exemplaire du <em>De Contemptu rerum fortuitarum<\/em> de la biblioth\u00e8que Sainte-Genevi\u00e8ve, par Claude La Charit\u00e9.<br \/>\u2014 \u00ab <em>Exegi monu&#8230; mendum!<\/em> \u00bb Guillaume Bud\u00e9 correcteur de son<em> De Transitu<\/em>, par Romain Menini.<\/p><p><strong>Deuxi\u00e8me partie. Le lecteur des Anciens et des Modernes.<\/strong><\/p><p>\u2014 Guillaume Bud\u00e9 et la m\u00e9moire d\u2019Hom\u00e8re. Hell\u00e9nisme, tradition et m\u00e9moire culturelle au si\u00e8cle de Janus Lascaris, par Patrick Morantin.<br \/>\u2014 <em>Guillaume Bud\u00e9 and the diversity of Greek<\/em>, par Raf Van Rooy<\/p><p>\u2014 Guillaume Bud\u00e9 et l\u2019architecture, par Francesca Mattei et Francesca Salatin.<br \/>\u2014 \u00ab Le P\u00e8re de l\u2019\u00c9glise le plus cher \u00e0 Bud\u00e9 \u00bb : Gr\u00e9goire de Nazianze. \u00c0 propos d\u2019un exemplaire annot\u00e9 par l\u2019humaniste, par Romain Menini \u2014 Guillaume Bud\u00e9, lecteur de Martianus Capella, par Virginie Leroux.<br \/>\u2014 Guillaume Bud\u00e9, lecteur du<em> Voyage<\/em> de Ludovico di Varthema, par Tristan Vigliano.<br \/>\u2014 Le r\u00f4le de Guillaume Bud\u00e9 dans la diffusion de l\u2019Utopie de Thomas More, par Michel Magnien.<\/p><p><em>Catalogue. Guillaume Bud\u00e9 en ses livres.<\/em><\/p><p><strong>Troisi\u00e8me partie. Le juriste et l\u2019antiquaire : des <em>Annotations<\/em> au <em>De Asse<\/em><\/strong><\/p><p>\u2014 Un humaniste au travail : les <em>Annotationes<\/em> <em>in Pandectas<\/em>, par Jean C\u00e9ard<\/p><p>\u2014 Guillaume Bud\u00e9 and Roman coins, par Andrew Burnett<br \/>\u2014 Guillaume Bud\u00e9, t\u00e9moin des monnaies et des finances de son temps, par Marc Bompaire<br \/>\u2014 <em>Italian Precursors to the Scholarship of Guillaume Bud\u00e9\u2019s<\/em> De Asse, par W. Scott Blanchard<br \/>\u2014 \u00c9ditions de l\u2019<em>Epitome du De Asse<\/em> publi\u00e9es du vivant de Bud\u00e9 : les le\u00e7ons des exemplaires conserv\u00e9s \u00e0 Paris, par Christine B\u00e9n\u00e9vent et al.<\/p><p><strong>Quatri\u00e8me partie. R\u00e9ceptions de l\u2019\u0153uvre<\/strong><\/p><p>\u2014 Les Bartolistes ont-ils lu Bud\u00e9? De l\u2019influence de l\u2019humanisme juridique sur les travaux des juristes fran\u00e7ais de la premi\u00e8re moiti\u00e9 du xvie si\u00e8cle, par Patrick Arabeyre.<br \/>\u2014 Charles Fontaine, passeur du De Asse? par \u00c9lise Rajchenbach.<br \/>\u2014 Robert et Henri Estienne, lexicographes, lecteurs de Guillaume Bud\u00e9, lexicographe, par Martine Furno.<br \/>\u2014 D\u00e9fense et illustration de l\u2019hell\u00e9nisme. Henri II Estienne (1531-1598), fils de Robert Estienne (1503-1559), h\u00e9ritier de Guillaume Bud\u00e9 (1468-1540), par H\u00e9l\u00e8ne Cazes.<br \/>\u2014 L\u2019\u00e9dition des<em> Opera omnia<\/em> de Bud\u00e9 (1556-1557) dans le programme \u00e9ditorial b\u00e2lois, par Olivier Millet.<br \/>\u2014 Guillaume Bud\u00e9, un mal ras\u00e9 de la foi. La r\u00e9ception de Bud\u00e9 dans le monde r\u00e9form\u00e9, de Jean Calvin \u00e0 Pierre Bayle, par Max Engammare<\/p><p>\u2014 Bud\u00e9 dans les dictionnaires historiques de l\u2019Ancien R\u00e9gime : entre homme illustre et bourreau de travail, par Lyse Roy.<br \/>\u2014 Conclusion, par Romain Menini, Christine B\u00e9n\u00e9vent et Luigi-Alberto Sanchi.<\/p><p>R\u00e9sum\u00e9s \u2014 Index des noms de personnes et de lieux \u2014 Table des \u0153uvres et \u00e9crits litt\u00e9raires de Guillaume Bud\u00e9 cit\u00e9s dans cet ouvrage.<\/p>\t\t\t\t\t\t\t\t<\/div>\n\t\t\t\t<\/div>\n\t\t\t\t<div class=\"elementor-element elementor-element-e4d88dd elementor-widget elementor-widget-text-editor\" data-id=\"e4d88dd\" data-element_type=\"widget\" data-e-type=\"widget\" data-widget_type=\"text-editor.default\">\n\t\t\t\t<div class=\"elementor-widget-container\">\n\t\t\t\t\t\t\t\t\t<p>Lorem ipsum dolor sit amet, consectetur adipiscing elit. Ut elit tellus, luctus nec ullamcorper mattis, pulvinar dapibus leo.<\/p>\t\t\t\t\t\t\t\t<\/div>\n\t\t\t\t<\/div>\n\t\t\t\t\t<\/div>\n\t\t<\/div>\n\t\t\t\t\t<\/div>\n\t\t<\/section>\n\t\t\t\t<\/div>\n\t\t","protected":false},"excerpt":{"rendered":"<p>Vous pourrez trouver ci-dessous la pr\u00e9sentation du volume d&rsquo;actes du colloque de 2018 sur l&rsquo;\u0153uvre de Guillaume Bud\u00e9 et sa r\u00e9ception, paru aux presses de l\u2019\u00c9cole Nationale des Chartes en septembre 2021 : Les noces de Philologie et de Guillaume &hellip; <a href=\"https:\/\/www.semen-l.org\/?p=1939\">Continuer la lecture <span class=\"meta-nav\">&rarr;<\/span><\/a><\/p>\n","protected":false},"author":26,"featured_media":1942,"comment_status":"open","ping_status":"open","sticky":false,"template":"","format":"standard","meta":{"footnotes":""},"categories":[7],"tags":[1642,165,91,715,90,1648,1647,1641,503,1637,1639,1650,1429,1425,1644,1640,416,144,1649,1646,896,184,1393,692,32,1508,1643,1645],"class_list":["post-1939","post","type-post","status-publish","format-standard","has-post-thumbnail","hentry","category-publications","tag-annotationes-in-pandectas","tag-architecture","tag-guillaume-bude","tag-calvin-jean","tag-de-asse","tag-de-contemptu-rerum-fortuitarum","tag-de-transitu-hellenismi-ad-christianismum","tag-epitome-bude","tag-henri-estienne","tag-estienne-robert","tag-fontaine-charles","tag-fontainebleau","tag-francois-ier","tag-grec-ancien","tag-gregoire-de-naziance","tag-hellenisme","tag-homere","tag-humanisme","tag-linstitution-du-prince-bude","tag-lascaris-janus","tag-lexicographie","tag-martianus-capella","tag-memoire","tag-philologie","tag-thomas-more","tag-tradition","tag-utopie","tag-varthema-ludovico-di"],"yoast_head":"<!-- This site is optimized with the Yoast SEO plugin v27.5 - https:\/\/yoast.com\/product\/yoast-seo-wordpress\/ -->\n<title>Les noces de Philologie et de Guillaume Bud\u00e9. Un humaniste et son \u0153uvre \u00e0 la Renaissance - Soci\u00e9t\u00e9 d&#039;\u00c9tudes M\u00e9dio Et N\u00e9o-Latines<\/title>\n<meta name=\"robots\" content=\"index, follow, max-snippet:-1, max-image-preview:large, max-video-preview:-1\" \/>\n<link rel=\"canonical\" href=\"http:\/\/www.semen-l.org\/?p=1939\" \/>\n<meta property=\"og:locale\" content=\"fr_FR\" \/>\n<meta property=\"og:type\" content=\"article\" \/>\n<meta property=\"og:title\" content=\"Les noces de Philologie et de Guillaume Bud\u00e9. Un humaniste et son \u0153uvre \u00e0 la Renaissance - Soci\u00e9t\u00e9 d&#039;\u00c9tudes M\u00e9dio Et N\u00e9o-Latines\" \/>\n<meta property=\"og:description\" content=\"Vous pourrez trouver ci-dessous la pr\u00e9sentation du volume d&rsquo;actes du colloque de 2018 sur l&rsquo;\u0153uvre de Guillaume Bud\u00e9 et sa r\u00e9ception, paru aux presses de l\u2019\u00c9cole Nationale des Chartes en septembre 2021 : Les noces de Philologie et de Guillaume &hellip; Continuer la lecture &rarr;\" \/>\n<meta property=\"og:url\" content=\"http:\/\/www.semen-l.org\/?p=1939\" \/>\n<meta property=\"og:site_name\" content=\"Soci\u00e9t\u00e9 d&#039;\u00c9tudes M\u00e9dio Et N\u00e9o-Latines\" \/>\n<meta property=\"article:publisher\" content=\"https:\/\/www.facebook.com\/SEMENL2018\" \/>\n<meta property=\"article:published_time\" content=\"2021-09-25T18:06:55+00:00\" \/>\n<meta property=\"article:modified_time\" content=\"2022-01-28T18:31:06+00:00\" \/>\n<meta property=\"og:image\" content=\"http:\/\/www.semen-l.org\/wp-content\/uploads\/2021\/09\/couv-noces-philologie-bude.jpg\" \/>\n\t<meta property=\"og:image:width\" content=\"474\" \/>\n\t<meta property=\"og:image:height\" content=\"695\" \/>\n\t<meta property=\"og:image:type\" content=\"image\/jpeg\" \/>\n<meta name=\"author\" content=\"Julien Maudoux\" \/>\n<meta name=\"twitter:card\" content=\"summary_large_image\" \/>\n<meta name=\"twitter:label1\" content=\"\u00c9crit par\" \/>\n\t<meta name=\"twitter:data1\" content=\"Julien Maudoux\" \/>\n\t<meta name=\"twitter:label2\" content=\"Dur\u00e9e de lecture estim\u00e9e\" \/>\n\t<meta name=\"twitter:data2\" content=\"5 minutes\" \/>\n<script type=\"application\/ld+json\" class=\"yoast-schema-graph\">{\"@context\":\"https:\\\/\\\/schema.org\",\"@graph\":[{\"@type\":\"Article\",\"@id\":\"http:\\\/\\\/www.semen-l.org\\\/?p=1939#article\",\"isPartOf\":{\"@id\":\"http:\\\/\\\/www.semen-l.org\\\/?p=1939\"},\"author\":{\"name\":\"Julien Maudoux\",\"@id\":\"http:\\\/\\\/www.semen-l.org\\\/#\\\/schema\\\/person\\\/ef5208815f17666727763c5363a51344\"},\"headline\":\"Les noces de Philologie et de Guillaume Bud\u00e9. Un humaniste et son \u0153uvre \u00e0 la Renaissance\",\"datePublished\":\"2021-09-25T18:06:55+00:00\",\"dateModified\":\"2022-01-28T18:31:06+00:00\",\"mainEntityOfPage\":{\"@id\":\"http:\\\/\\\/www.semen-l.org\\\/?p=1939\"},\"wordCount\":946,\"commentCount\":0,\"publisher\":{\"@id\":\"http:\\\/\\\/www.semen-l.org\\\/#organization\"},\"image\":{\"@id\":\"http:\\\/\\\/www.semen-l.org\\\/?p=1939#primaryimage\"},\"thumbnailUrl\":\"https:\\\/\\\/www.semen-l.org\\\/wp-content\\\/uploads\\\/2021\\\/09\\\/couv-noces-philologie-bude.jpg\",\"keywords\":[\"Annotationes in Pandectas (Guillaume Bud\u00e9)\",\"architecture\",\"Bud\u00e9 (Guillaume)\",\"Calvin (Jean)\",\"De Asse (Guillaume Bud\u00e9)\",\"De Contemptu rerum fortuitarum (Guillaume Bud\u00e9)\",\"De transitu hellenismi ad christianismum (Guillaume Bud\u00e9)\",\"Epitome (Bud\u00e9)\",\"Estienne (Henri)\",\"Estienne (Robert)\",\"Fontaine (Charles)\",\"Fontainebleau\",\"Fran\u00e7ois Ier\",\"grec ancien\",\"Gr\u00e9goire de Naziance\",\"hell\u00e9nisme\",\"Hom\u00e8re\",\"humanisme\",\"L'Institution du prince (Bud\u00e9)\",\"Lascaris (Janus)\",\"lexicographie\",\"Martianus Capella\",\"m\u00e9moire\",\"philologie\",\"Thomas More\",\"tradition\",\"Utopie\",\"Varthema (Ludovico di)\"],\"articleSection\":[\"Publications\"],\"inLanguage\":\"fr-FR\",\"potentialAction\":[{\"@type\":\"CommentAction\",\"name\":\"Comment\",\"target\":[\"http:\\\/\\\/www.semen-l.org\\\/?p=1939#respond\"]}]},{\"@type\":\"WebPage\",\"@id\":\"http:\\\/\\\/www.semen-l.org\\\/?p=1939\",\"url\":\"http:\\\/\\\/www.semen-l.org\\\/?p=1939\",\"name\":\"Les noces de Philologie et de Guillaume Bud\u00e9. Un humaniste et son \u0153uvre \u00e0 la Renaissance - Soci\u00e9t\u00e9 d&#039;\u00c9tudes M\u00e9dio Et N\u00e9o-Latines\",\"isPartOf\":{\"@id\":\"http:\\\/\\\/www.semen-l.org\\\/#website\"},\"primaryImageOfPage\":{\"@id\":\"http:\\\/\\\/www.semen-l.org\\\/?p=1939#primaryimage\"},\"image\":{\"@id\":\"http:\\\/\\\/www.semen-l.org\\\/?p=1939#primaryimage\"},\"thumbnailUrl\":\"https:\\\/\\\/www.semen-l.org\\\/wp-content\\\/uploads\\\/2021\\\/09\\\/couv-noces-philologie-bude.jpg\",\"datePublished\":\"2021-09-25T18:06:55+00:00\",\"dateModified\":\"2022-01-28T18:31:06+00:00\",\"breadcrumb\":{\"@id\":\"http:\\\/\\\/www.semen-l.org\\\/?p=1939#breadcrumb\"},\"inLanguage\":\"fr-FR\",\"potentialAction\":[{\"@type\":\"ReadAction\",\"target\":[\"http:\\\/\\\/www.semen-l.org\\\/?p=1939\"]}]},{\"@type\":\"ImageObject\",\"inLanguage\":\"fr-FR\",\"@id\":\"http:\\\/\\\/www.semen-l.org\\\/?p=1939#primaryimage\",\"url\":\"https:\\\/\\\/www.semen-l.org\\\/wp-content\\\/uploads\\\/2021\\\/09\\\/couv-noces-philologie-bude.jpg\",\"contentUrl\":\"https:\\\/\\\/www.semen-l.org\\\/wp-content\\\/uploads\\\/2021\\\/09\\\/couv-noces-philologie-bude.jpg\",\"width\":474,\"height\":695},{\"@type\":\"BreadcrumbList\",\"@id\":\"http:\\\/\\\/www.semen-l.org\\\/?p=1939#breadcrumb\",\"itemListElement\":[{\"@type\":\"ListItem\",\"position\":1,\"name\":\"Accueil\",\"item\":\"http:\\\/\\\/www.semen-l.org\\\/\"},{\"@type\":\"ListItem\",\"position\":2,\"name\":\"Les noces de Philologie et de Guillaume Bud\u00e9. Un humaniste et son \u0153uvre \u00e0 la Renaissance\"}]},{\"@type\":\"WebSite\",\"@id\":\"http:\\\/\\\/www.semen-l.org\\\/#website\",\"url\":\"http:\\\/\\\/www.semen-l.org\\\/\",\"name\":\"Soci\u00e9t\u00e9 d'\u00c9tudes M\u00e9dio Et N\u00e9o-Latines\",\"description\":\"\",\"publisher\":{\"@id\":\"http:\\\/\\\/www.semen-l.org\\\/#organization\"},\"potentialAction\":[{\"@type\":\"SearchAction\",\"target\":{\"@type\":\"EntryPoint\",\"urlTemplate\":\"http:\\\/\\\/www.semen-l.org\\\/?s={search_term_string}\"},\"query-input\":{\"@type\":\"PropertyValueSpecification\",\"valueRequired\":true,\"valueName\":\"search_term_string\"}}],\"inLanguage\":\"fr-FR\"},{\"@type\":\"Organization\",\"@id\":\"http:\\\/\\\/www.semen-l.org\\\/#organization\",\"name\":\"Soci\u00e9t\u00e9 d'\u00e9tudes m\u00e9dio et n\u00e9o-latines\",\"url\":\"http:\\\/\\\/www.semen-l.org\\\/\",\"logo\":{\"@type\":\"ImageObject\",\"inLanguage\":\"fr-FR\",\"@id\":\"http:\\\/\\\/www.semen-l.org\\\/#\\\/schema\\\/logo\\\/image\\\/\",\"url\":\"http:\\\/\\\/www.semen-l.org\\\/wp-content\\\/uploads\\\/2020\\\/11\\\/logo-semenl.jpg\",\"contentUrl\":\"http:\\\/\\\/www.semen-l.org\\\/wp-content\\\/uploads\\\/2020\\\/11\\\/logo-semenl.jpg\",\"width\":408,\"height\":403,\"caption\":\"Soci\u00e9t\u00e9 d'\u00e9tudes m\u00e9dio et n\u00e9o-latines\"},\"image\":{\"@id\":\"http:\\\/\\\/www.semen-l.org\\\/#\\\/schema\\\/logo\\\/image\\\/\"},\"sameAs\":[\"https:\\\/\\\/www.facebook.com\\\/SEMENL2018\",\"https:\\\/\\\/independent.academia.edu\\\/SocitsdtudesmdioetnolatinesSEMENL\"]},{\"@type\":\"Person\",\"@id\":\"http:\\\/\\\/www.semen-l.org\\\/#\\\/schema\\\/person\\\/ef5208815f17666727763c5363a51344\",\"name\":\"Julien Maudoux\",\"image\":{\"@type\":\"ImageObject\",\"inLanguage\":\"fr-FR\",\"@id\":\"https:\\\/\\\/secure.gravatar.com\\\/avatar\\\/caabf4fb6242e2277733cd35a5c2aa083761ea25dae1d1ff3298b54292225292?s=96&d=mm&r=g\",\"url\":\"https:\\\/\\\/secure.gravatar.com\\\/avatar\\\/caabf4fb6242e2277733cd35a5c2aa083761ea25dae1d1ff3298b54292225292?s=96&d=mm&r=g\",\"contentUrl\":\"https:\\\/\\\/secure.gravatar.com\\\/avatar\\\/caabf4fb6242e2277733cd35a5c2aa083761ea25dae1d1ff3298b54292225292?s=96&d=mm&r=g\",\"caption\":\"Julien Maudoux\"},\"description\":\"Webmestre du site de la SEMEN-L\",\"url\":\"https:\\\/\\\/www.semen-l.org\\\/?author=26\"}]}<\/script>\n<!-- \/ Yoast SEO plugin. -->","yoast_head_json":{"title":"Les noces de Philologie et de Guillaume Bud\u00e9. Un humaniste et son \u0153uvre \u00e0 la Renaissance - Soci\u00e9t\u00e9 d&#039;\u00c9tudes M\u00e9dio Et N\u00e9o-Latines","robots":{"index":"index","follow":"follow","max-snippet":"max-snippet:-1","max-image-preview":"max-image-preview:large","max-video-preview":"max-video-preview:-1"},"canonical":"http:\/\/www.semen-l.org\/?p=1939","og_locale":"fr_FR","og_type":"article","og_title":"Les noces de Philologie et de Guillaume Bud\u00e9. Un humaniste et son \u0153uvre \u00e0 la Renaissance - Soci\u00e9t\u00e9 d&#039;\u00c9tudes M\u00e9dio Et N\u00e9o-Latines","og_description":"Vous pourrez trouver ci-dessous la pr\u00e9sentation du volume d&rsquo;actes du colloque de 2018 sur l&rsquo;\u0153uvre de Guillaume Bud\u00e9 et sa r\u00e9ception, paru aux presses de l\u2019\u00c9cole Nationale des Chartes en septembre 2021 : Les noces de Philologie et de Guillaume &hellip; Continuer la lecture &rarr;","og_url":"http:\/\/www.semen-l.org\/?p=1939","og_site_name":"Soci\u00e9t\u00e9 d&#039;\u00c9tudes M\u00e9dio Et N\u00e9o-Latines","article_publisher":"https:\/\/www.facebook.com\/SEMENL2018","article_published_time":"2021-09-25T18:06:55+00:00","article_modified_time":"2022-01-28T18:31:06+00:00","og_image":[{"width":474,"height":695,"url":"http:\/\/www.semen-l.org\/wp-content\/uploads\/2021\/09\/couv-noces-philologie-bude.jpg","type":"image\/jpeg"}],"author":"Julien Maudoux","twitter_card":"summary_large_image","twitter_misc":{"\u00c9crit par":"Julien Maudoux","Dur\u00e9e de lecture estim\u00e9e":"5 minutes"},"schema":{"@context":"https:\/\/schema.org","@graph":[{"@type":"Article","@id":"http:\/\/www.semen-l.org\/?p=1939#article","isPartOf":{"@id":"http:\/\/www.semen-l.org\/?p=1939"},"author":{"name":"Julien Maudoux","@id":"http:\/\/www.semen-l.org\/#\/schema\/person\/ef5208815f17666727763c5363a51344"},"headline":"Les noces de Philologie et de Guillaume Bud\u00e9. Un humaniste et son \u0153uvre \u00e0 la Renaissance","datePublished":"2021-09-25T18:06:55+00:00","dateModified":"2022-01-28T18:31:06+00:00","mainEntityOfPage":{"@id":"http:\/\/www.semen-l.org\/?p=1939"},"wordCount":946,"commentCount":0,"publisher":{"@id":"http:\/\/www.semen-l.org\/#organization"},"image":{"@id":"http:\/\/www.semen-l.org\/?p=1939#primaryimage"},"thumbnailUrl":"https:\/\/www.semen-l.org\/wp-content\/uploads\/2021\/09\/couv-noces-philologie-bude.jpg","keywords":["Annotationes in Pandectas (Guillaume Bud\u00e9)","architecture","Bud\u00e9 (Guillaume)","Calvin (Jean)","De Asse (Guillaume Bud\u00e9)","De Contemptu rerum fortuitarum (Guillaume Bud\u00e9)","De transitu hellenismi ad christianismum (Guillaume Bud\u00e9)","Epitome (Bud\u00e9)","Estienne (Henri)","Estienne (Robert)","Fontaine (Charles)","Fontainebleau","Fran\u00e7ois Ier","grec ancien","Gr\u00e9goire de Naziance","hell\u00e9nisme","Hom\u00e8re","humanisme","L'Institution du prince (Bud\u00e9)","Lascaris (Janus)","lexicographie","Martianus Capella","m\u00e9moire","philologie","Thomas More","tradition","Utopie","Varthema (Ludovico di)"],"articleSection":["Publications"],"inLanguage":"fr-FR","potentialAction":[{"@type":"CommentAction","name":"Comment","target":["http:\/\/www.semen-l.org\/?p=1939#respond"]}]},{"@type":"WebPage","@id":"http:\/\/www.semen-l.org\/?p=1939","url":"http:\/\/www.semen-l.org\/?p=1939","name":"Les noces de Philologie et de Guillaume Bud\u00e9. Un humaniste et son \u0153uvre \u00e0 la Renaissance - Soci\u00e9t\u00e9 d&#039;\u00c9tudes M\u00e9dio Et N\u00e9o-Latines","isPartOf":{"@id":"http:\/\/www.semen-l.org\/#website"},"primaryImageOfPage":{"@id":"http:\/\/www.semen-l.org\/?p=1939#primaryimage"},"image":{"@id":"http:\/\/www.semen-l.org\/?p=1939#primaryimage"},"thumbnailUrl":"https:\/\/www.semen-l.org\/wp-content\/uploads\/2021\/09\/couv-noces-philologie-bude.jpg","datePublished":"2021-09-25T18:06:55+00:00","dateModified":"2022-01-28T18:31:06+00:00","breadcrumb":{"@id":"http:\/\/www.semen-l.org\/?p=1939#breadcrumb"},"inLanguage":"fr-FR","potentialAction":[{"@type":"ReadAction","target":["http:\/\/www.semen-l.org\/?p=1939"]}]},{"@type":"ImageObject","inLanguage":"fr-FR","@id":"http:\/\/www.semen-l.org\/?p=1939#primaryimage","url":"https:\/\/www.semen-l.org\/wp-content\/uploads\/2021\/09\/couv-noces-philologie-bude.jpg","contentUrl":"https:\/\/www.semen-l.org\/wp-content\/uploads\/2021\/09\/couv-noces-philologie-bude.jpg","width":474,"height":695},{"@type":"BreadcrumbList","@id":"http:\/\/www.semen-l.org\/?p=1939#breadcrumb","itemListElement":[{"@type":"ListItem","position":1,"name":"Accueil","item":"http:\/\/www.semen-l.org\/"},{"@type":"ListItem","position":2,"name":"Les noces de Philologie et de Guillaume Bud\u00e9. Un humaniste et son \u0153uvre \u00e0 la Renaissance"}]},{"@type":"WebSite","@id":"http:\/\/www.semen-l.org\/#website","url":"http:\/\/www.semen-l.org\/","name":"Soci\u00e9t\u00e9 d'\u00c9tudes M\u00e9dio Et N\u00e9o-Latines","description":"","publisher":{"@id":"http:\/\/www.semen-l.org\/#organization"},"potentialAction":[{"@type":"SearchAction","target":{"@type":"EntryPoint","urlTemplate":"http:\/\/www.semen-l.org\/?s={search_term_string}"},"query-input":{"@type":"PropertyValueSpecification","valueRequired":true,"valueName":"search_term_string"}}],"inLanguage":"fr-FR"},{"@type":"Organization","@id":"http:\/\/www.semen-l.org\/#organization","name":"Soci\u00e9t\u00e9 d'\u00e9tudes m\u00e9dio et n\u00e9o-latines","url":"http:\/\/www.semen-l.org\/","logo":{"@type":"ImageObject","inLanguage":"fr-FR","@id":"http:\/\/www.semen-l.org\/#\/schema\/logo\/image\/","url":"http:\/\/www.semen-l.org\/wp-content\/uploads\/2020\/11\/logo-semenl.jpg","contentUrl":"http:\/\/www.semen-l.org\/wp-content\/uploads\/2020\/11\/logo-semenl.jpg","width":408,"height":403,"caption":"Soci\u00e9t\u00e9 d'\u00e9tudes m\u00e9dio et n\u00e9o-latines"},"image":{"@id":"http:\/\/www.semen-l.org\/#\/schema\/logo\/image\/"},"sameAs":["https:\/\/www.facebook.com\/SEMENL2018","https:\/\/independent.academia.edu\/SocitsdtudesmdioetnolatinesSEMENL"]},{"@type":"Person","@id":"http:\/\/www.semen-l.org\/#\/schema\/person\/ef5208815f17666727763c5363a51344","name":"Julien Maudoux","image":{"@type":"ImageObject","inLanguage":"fr-FR","@id":"https:\/\/secure.gravatar.com\/avatar\/caabf4fb6242e2277733cd35a5c2aa083761ea25dae1d1ff3298b54292225292?s=96&d=mm&r=g","url":"https:\/\/secure.gravatar.com\/avatar\/caabf4fb6242e2277733cd35a5c2aa083761ea25dae1d1ff3298b54292225292?s=96&d=mm&r=g","contentUrl":"https:\/\/secure.gravatar.com\/avatar\/caabf4fb6242e2277733cd35a5c2aa083761ea25dae1d1ff3298b54292225292?s=96&d=mm&r=g","caption":"Julien Maudoux"},"description":"Webmestre du site de la SEMEN-L","url":"https:\/\/www.semen-l.org\/?author=26"}]}},"jetpack_featured_media_url":"https:\/\/www.semen-l.org\/wp-content\/uploads\/2021\/09\/couv-noces-philologie-bude.jpg","_links":{"self":[{"href":"https:\/\/www.semen-l.org\/index.php?rest_route=\/wp\/v2\/posts\/1939","targetHints":{"allow":["GET"]}}],"collection":[{"href":"https:\/\/www.semen-l.org\/index.php?rest_route=\/wp\/v2\/posts"}],"about":[{"href":"https:\/\/www.semen-l.org\/index.php?rest_route=\/wp\/v2\/types\/post"}],"author":[{"embeddable":true,"href":"https:\/\/www.semen-l.org\/index.php?rest_route=\/wp\/v2\/users\/26"}],"replies":[{"embeddable":true,"href":"https:\/\/www.semen-l.org\/index.php?rest_route=%2Fwp%2Fv2%2Fcomments&post=1939"}],"version-history":[{"count":0,"href":"https:\/\/www.semen-l.org\/index.php?rest_route=\/wp\/v2\/posts\/1939\/revisions"}],"wp:featuredmedia":[{"embeddable":true,"href":"https:\/\/www.semen-l.org\/index.php?rest_route=\/wp\/v2\/media\/1942"}],"wp:attachment":[{"href":"https:\/\/www.semen-l.org\/index.php?rest_route=%2Fwp%2Fv2%2Fmedia&parent=1939"}],"wp:term":[{"taxonomy":"category","embeddable":true,"href":"https:\/\/www.semen-l.org\/index.php?rest_route=%2Fwp%2Fv2%2Fcategories&post=1939"},{"taxonomy":"post_tag","embeddable":true,"href":"https:\/\/www.semen-l.org\/index.php?rest_route=%2Fwp%2Fv2%2Ftags&post=1939"}],"curies":[{"name":"wp","href":"https:\/\/api.w.org\/{rel}","templated":true}]}}