{"id":1921,"date":"2021-08-18T17:53:45","date_gmt":"2021-08-18T17:53:45","guid":{"rendered":"https:\/\/www.semen-l.org\/?p=1921"},"modified":"2022-01-28T18:02:37","modified_gmt":"2022-01-28T18:02:37","slug":"georges-buchanan-tragedies-sacrees-humanistes-tome-i-baptistes-siue-calumnia-et-iephthes-siue-votum-ed-carine-ferradou","status":"publish","type":"post","link":"https:\/\/www.semen-l.org\/?p=1921","title":{"rendered":"Georges Buchanan. Trag\u00e9dies sacr\u00e9es humanistes : Tome I \u2013 Baptistes siue Calumnia et Iephthes siue Votum, \u00e9d. Carine Ferradou"},"content":{"rendered":"\t\t<div data-elementor-type=\"wp-post\" data-elementor-id=\"1921\" class=\"elementor elementor-1921\">\n\t\t\t\t\t\t<section class=\"elementor-section elementor-top-section elementor-element elementor-element-7711f34 elementor-section-boxed elementor-section-height-default elementor-section-height-default\" data-id=\"7711f34\" data-element_type=\"section\" data-e-type=\"section\">\n\t\t\t\t\t\t<div class=\"elementor-container elementor-column-gap-default\">\n\t\t\t\t\t<div class=\"elementor-column elementor-col-50 elementor-top-column elementor-element elementor-element-31df776\" data-id=\"31df776\" data-element_type=\"column\" data-e-type=\"column\">\n\t\t\t<div class=\"elementor-widget-wrap elementor-element-populated\">\n\t\t\t\t\t\t<div class=\"elementor-element elementor-element-6ea6f717 elementor-widget elementor-widget-text-editor\" data-id=\"6ea6f717\" data-element_type=\"widget\" data-e-type=\"widget\" data-widget_type=\"text-editor.default\">\n\t\t\t\t<div class=\"elementor-widget-container\">\n\t\t\t\t\t\t\t\t\t<p>La SEMEN-L a le plaisir d&rsquo;annoncer la parution aux \u00e9ditions Garnier Classique du premier tome de la traduction de deux trag\u00e9dies sacr\u00e9es humanistes de Georges Buchanan,<em> Baptistes sive Calumnia<\/em> et <em>Iephtes sive Votum<\/em>, dans une \u00e9dition \u00e9tablie par Carine Ferradou, membre de la Soci\u00e9t\u00e9.<\/p><p>L&rsquo;ouvrage est le premier tome d&rsquo;une s\u00e9rie intitul\u00e9e <em>Trag\u00e9dies sacr\u00e9es humanistes<\/em>, publi\u00e9e dans la collection \u00ab\u00a0Biblioth\u00e8que du th\u00e9\u00e2tre fran\u00e7ais\u00a0\u00bb dirig\u00e9e par Charles Mazouer.<\/p>\t\t\t\t\t\t\t\t<\/div>\n\t\t\t\t<\/div>\n\t\t\t\t\t<\/div>\n\t\t<\/div>\n\t\t\t\t<div class=\"elementor-column elementor-col-50 elementor-top-column elementor-element elementor-element-259c40c\" data-id=\"259c40c\" data-element_type=\"column\" data-e-type=\"column\">\n\t\t\t<div class=\"elementor-widget-wrap elementor-element-populated\">\n\t\t\t\t\t\t<div class=\"elementor-element elementor-element-3eb9ffb elementor-widget elementor-widget-image\" data-id=\"3eb9ffb\" data-element_type=\"widget\" data-e-type=\"widget\" data-widget_type=\"image.default\">\n\t\t\t\t<div class=\"elementor-widget-container\">\n\t\t\t\t\t\t\t\t\t\t\t\t\t\t\t<img fetchpriority=\"high\" decoding=\"async\" width=\"400\" height=\"600\" src=\"https:\/\/www.semen-l.org\/wp-content\/uploads\/2022\/01\/couv-trag-sacrees-ferradou.png\" class=\"attachment-large size-large wp-image-1922\" alt=\"\" srcset=\"https:\/\/www.semen-l.org\/wp-content\/uploads\/2022\/01\/couv-trag-sacrees-ferradou.png 400w, https:\/\/www.semen-l.org\/wp-content\/uploads\/2022\/01\/couv-trag-sacrees-ferradou-200x300.png 200w, https:\/\/www.semen-l.org\/wp-content\/uploads\/2022\/01\/couv-trag-sacrees-ferradou-133x200.png 133w\" sizes=\"(max-width: 400px) 100vw, 400px\" \/>\t\t\t\t\t\t\t\t\t\t\t\t\t\t\t<\/div>\n\t\t\t\t<\/div>\n\t\t\t\t\t<\/div>\n\t\t<\/div>\n\t\t\t\t\t<\/div>\n\t\t<\/section>\n\t\t\t\t<section class=\"elementor-section elementor-top-section elementor-element elementor-element-6a01abd elementor-section-boxed elementor-section-height-default elementor-section-height-default\" data-id=\"6a01abd\" data-element_type=\"section\" data-e-type=\"section\">\n\t\t\t\t\t\t<div class=\"elementor-container elementor-column-gap-default\">\n\t\t\t\t\t<div class=\"elementor-column elementor-col-100 elementor-top-column elementor-element elementor-element-ca57188\" data-id=\"ca57188\" data-element_type=\"column\" data-e-type=\"column\">\n\t\t\t<div class=\"elementor-widget-wrap elementor-element-populated\">\n\t\t\t\t\t\t<div class=\"elementor-element elementor-element-b4d34f3 elementor-widget elementor-widget-heading\" data-id=\"b4d34f3\" data-element_type=\"widget\" data-e-type=\"widget\" data-widget_type=\"heading.default\">\n\t\t\t\t<div class=\"elementor-widget-container\">\n\t\t\t\t\t<h2 class=\"elementor-heading-title elementor-size-default\">Pr\u00e9sentation par l'\u00e9diteur<\/h2>\t\t\t\t<\/div>\n\t\t\t\t<\/div>\n\t\t\t\t\t<\/div>\n\t\t<\/div>\n\t\t\t\t\t<\/div>\n\t\t<\/section>\n\t\t\t\t<section class=\"elementor-section elementor-top-section elementor-element elementor-element-e15e54c elementor-section-boxed elementor-section-height-default elementor-section-height-default\" data-id=\"e15e54c\" data-element_type=\"section\" data-e-type=\"section\">\n\t\t\t\t\t\t<div class=\"elementor-container elementor-column-gap-default\">\n\t\t\t\t\t<div class=\"elementor-column elementor-col-50 elementor-top-column elementor-element elementor-element-5bb279d\" data-id=\"5bb279d\" data-element_type=\"column\" data-e-type=\"column\">\n\t\t\t<div class=\"elementor-widget-wrap elementor-element-populated\">\n\t\t\t\t\t\t<div class=\"elementor-element elementor-element-a5b4280 elementor-widget elementor-widget-text-editor\" data-id=\"a5b4280\" data-element_type=\"widget\" data-e-type=\"widget\" data-widget_type=\"text-editor.default\">\n\t\t\t\t<div class=\"elementor-widget-container\">\n\t\t\t\t\t\t\t\t\t<p>Apr\u00e8s une introduction repla\u00e7ant le th\u00e9\u00e2tre sacr\u00e9 de George Buchanan dans le contexte culturel du xvie si\u00e8cle, et la pr\u00e9sentation de chaque trag\u00e9die, le texte latin de Baptistes siue Calumnia et Iephthes siue Votum est accompagn\u00e9 d\u2019une traduction en fran\u00e7ais moderne, d\u2019apparats, d\u2019une bibliographie et d\u2019index.<\/p>\t\t\t\t\t\t\t\t<\/div>\n\t\t\t\t<\/div>\n\t\t\t\t\t<\/div>\n\t\t<\/div>\n\t\t\t\t<div class=\"elementor-column elementor-col-50 elementor-top-column elementor-element elementor-element-678ab5b\" data-id=\"678ab5b\" data-element_type=\"column\" data-e-type=\"column\">\n\t\t\t<div class=\"elementor-widget-wrap elementor-element-populated\">\n\t\t\t\t\t\t<div class=\"elementor-element elementor-element-a4cd7a9 elementor-widget elementor-widget-text-editor\" data-id=\"a4cd7a9\" data-element_type=\"widget\" data-e-type=\"widget\" data-widget_type=\"text-editor.default\">\n\t\t\t\t<div class=\"elementor-widget-container\">\n\t\t\t\t\t\t\t\t\t<p><em>After an introduction placing George Buchanan\u2019s sacred theater in the cultural context of the sixteenth century, and an overview of each tragedy, the Latin versions of Baptistes siue Calumnia and Iephthes siue Votum are accompanied by a translation into modern French, along with concordances, a bibliography, and an index.<\/em><\/p>\t\t\t\t\t\t\t\t<\/div>\n\t\t\t\t<\/div>\n\t\t\t\t\t<\/div>\n\t\t<\/div>\n\t\t\t\t\t<\/div>\n\t\t<\/section>\n\t\t\t\t<section class=\"elementor-section elementor-top-section elementor-element elementor-element-46963ca elementor-section-boxed elementor-section-height-default elementor-section-height-default\" data-id=\"46963ca\" data-element_type=\"section\" data-e-type=\"section\">\n\t\t\t\t\t\t<div class=\"elementor-container elementor-column-gap-default\">\n\t\t\t\t\t<div class=\"elementor-column elementor-col-100 elementor-top-column elementor-element elementor-element-945ddf1\" data-id=\"945ddf1\" data-element_type=\"column\" data-e-type=\"column\">\n\t\t\t<div class=\"elementor-widget-wrap elementor-element-populated\">\n\t\t\t\t\t\t<div class=\"elementor-element elementor-element-4cd5b1c elementor-widget elementor-widget-heading\" data-id=\"4cd5b1c\" data-element_type=\"widget\" data-e-type=\"widget\" data-widget_type=\"heading.default\">\n\t\t\t\t<div class=\"elementor-widget-container\">\n\t\t\t\t\t<h2 class=\"elementor-heading-title elementor-size-default\">Pour consulter l'ouvrage<\/h2>\t\t\t\t<\/div>\n\t\t\t\t<\/div>\n\t\t\t\t\t<\/div>\n\t\t<\/div>\n\t\t\t\t\t<\/div>\n\t\t<\/section>\n\t\t\t\t<section class=\"elementor-section elementor-top-section elementor-element elementor-element-49a3948 elementor-section-boxed elementor-section-height-default elementor-section-height-default\" data-id=\"49a3948\" data-element_type=\"section\" data-e-type=\"section\">\n\t\t\t\t\t\t<div class=\"elementor-container elementor-column-gap-default\">\n\t\t\t\t\t<div class=\"elementor-column elementor-col-100 elementor-top-column elementor-element elementor-element-4681f46\" data-id=\"4681f46\" data-element_type=\"column\" data-e-type=\"column\">\n\t\t\t<div class=\"elementor-widget-wrap elementor-element-populated\">\n\t\t\t\t\t\t<div class=\"elementor-element elementor-element-5e47b2a elementor-widget elementor-widget-text-editor\" data-id=\"5e47b2a\" data-element_type=\"widget\" data-e-type=\"widget\" data-widget_type=\"text-editor.default\">\n\t\t\t\t<div class=\"elementor-widget-container\">\n\t\t\t\t\t\t\t\t\t<ul><li><a href=\"https:\/\/classiques-garnier.com\/tragedies-sacrees-humanistes-tome-i-baptistes-siue-calumnia-et-iephthes-siue-votum.html\">Lien vers le site de l&rsquo;\u00e9diteur et l&rsquo;acc\u00e8s \u00e0 la version num\u00e9rique de l&rsquo;ouvrage.<\/a><\/li><li><a href=\"https:\/\/classiques-garnier.com\/tragedies-sacrees-humanistes-tome-i-baptistes-siue-calumnia-et-iephthes-siue-votum-avant-propos.html\">Avant-propos.<\/a><\/li><li><a href=\"https:\/\/classiques-garnier.com\/tragedies-sacrees-humanistes-tome-i-baptistes-siue-calumnia-et-iephthes-siue-votum-table-des-matieres.html?displaymode=full\">Table des mati\u00e8res.<\/a><\/li><\/ul>\t\t\t\t\t\t\t\t<\/div>\n\t\t\t\t<\/div>\n\t\t\t\t\t<\/div>\n\t\t<\/div>\n\t\t\t\t\t<\/div>\n\t\t<\/section>\n\t\t\t\t<\/div>\n\t\t","protected":false},"excerpt":{"rendered":"<p>La SEMEN-L a le plaisir d&rsquo;annoncer la parution aux \u00e9ditions Garnier Classique du premier tome de la traduction de deux trag\u00e9dies sacr\u00e9es humanistes de Georges Buchanan, Baptistes sive Calumnia et Iephtes sive Votum, dans une \u00e9dition \u00e9tablie par Carine Ferradou, &hellip; <a href=\"https:\/\/www.semen-l.org\/?p=1921\">Continuer la lecture <span class=\"meta-nav\">&rarr;<\/span><\/a><\/p>\n","protected":false},"author":26,"featured_media":1922,"comment_status":"open","ping_status":"open","sticky":false,"template":"","format":"standard","meta":{"footnotes":""},"categories":[7],"tags":[259,133,144,258,1296,114],"class_list":["post-1921","post","type-post","status-publish","format-standard","has-post-thumbnail","hentry","category-publications","tag-baptistes-sive-calumnia","tag-george-buchanan","tag-humanisme","tag-jephthes-sive-votum","tag-theatre","tag-tragedie"],"yoast_head":"<!-- This site is optimized with the Yoast SEO plugin v27.5 - https:\/\/yoast.com\/product\/yoast-seo-wordpress\/ -->\n<title>Georges Buchanan : \u00e9d. par C. Ferradou de deux trag\u00e9dies humanistes<\/title>\n<meta name=\"robots\" content=\"index, follow, max-snippet:-1, max-image-preview:large, max-video-preview:-1\" \/>\n<link rel=\"canonical\" href=\"http:\/\/www.semen-l.org\/?p=1921\" \/>\n<meta property=\"og:locale\" content=\"fr_FR\" \/>\n<meta property=\"og:type\" content=\"article\" \/>\n<meta property=\"og:title\" content=\"Georges Buchanan : \u00e9d. par C. Ferradou de deux trag\u00e9dies humanistes\" \/>\n<meta property=\"og:description\" content=\"La SEMEN-L a le plaisir d&rsquo;annoncer la parution aux \u00e9ditions Garnier Classique du premier tome de la traduction de deux trag\u00e9dies sacr\u00e9es humanistes de Georges Buchanan, Baptistes sive Calumnia et Iephtes sive Votum, dans une \u00e9dition \u00e9tablie par Carine Ferradou, &hellip; Continuer la lecture &rarr;\" \/>\n<meta property=\"og:url\" content=\"http:\/\/www.semen-l.org\/?p=1921\" \/>\n<meta property=\"og:site_name\" content=\"Soci\u00e9t\u00e9 d&#039;\u00c9tudes M\u00e9dio Et N\u00e9o-Latines\" \/>\n<meta property=\"article:publisher\" content=\"https:\/\/www.facebook.com\/SEMENL2018\" \/>\n<meta property=\"article:published_time\" content=\"2021-08-18T17:53:45+00:00\" \/>\n<meta property=\"article:modified_time\" content=\"2022-01-28T18:02:37+00:00\" \/>\n<meta property=\"og:image\" content=\"http:\/\/www.semen-l.org\/wp-content\/uploads\/2022\/01\/couv-trag-sacrees-ferradou.png\" \/>\n\t<meta property=\"og:image:width\" content=\"400\" \/>\n\t<meta property=\"og:image:height\" content=\"600\" \/>\n\t<meta property=\"og:image:type\" content=\"image\/png\" \/>\n<meta name=\"author\" content=\"Julien Maudoux\" \/>\n<meta name=\"twitter:card\" content=\"summary_large_image\" \/>\n<meta name=\"twitter:label1\" content=\"\u00c9crit par\" \/>\n\t<meta name=\"twitter:data1\" content=\"Julien Maudoux\" \/>\n\t<meta name=\"twitter:label2\" content=\"Dur\u00e9e de lecture estim\u00e9e\" \/>\n\t<meta name=\"twitter:data2\" content=\"2 minutes\" \/>\n<script type=\"application\/ld+json\" class=\"yoast-schema-graph\">{\"@context\":\"https:\\\/\\\/schema.org\",\"@graph\":[{\"@type\":\"Article\",\"@id\":\"http:\\\/\\\/www.semen-l.org\\\/?p=1921#article\",\"isPartOf\":{\"@id\":\"http:\\\/\\\/www.semen-l.org\\\/?p=1921\"},\"author\":{\"name\":\"Julien Maudoux\",\"@id\":\"http:\\\/\\\/www.semen-l.org\\\/#\\\/schema\\\/person\\\/ef5208815f17666727763c5363a51344\"},\"headline\":\"Georges Buchanan. Trag\u00e9dies sacr\u00e9es humanistes : Tome I \u2013 Baptistes siue Calumnia et Iephthes siue Votum, \u00e9d. Carine Ferradou\",\"datePublished\":\"2021-08-18T17:53:45+00:00\",\"dateModified\":\"2022-01-28T18:02:37+00:00\",\"mainEntityOfPage\":{\"@id\":\"http:\\\/\\\/www.semen-l.org\\\/?p=1921\"},\"wordCount\":240,\"commentCount\":0,\"publisher\":{\"@id\":\"http:\\\/\\\/www.semen-l.org\\\/#organization\"},\"image\":{\"@id\":\"http:\\\/\\\/www.semen-l.org\\\/?p=1921#primaryimage\"},\"thumbnailUrl\":\"https:\\\/\\\/www.semen-l.org\\\/wp-content\\\/uploads\\\/2022\\\/01\\\/couv-trag-sacrees-ferradou.png\",\"keywords\":[\"Baptistes sive Calumnia\",\"Buchanan (George)\",\"humanisme\",\"Jephthes sive Votum\",\"th\u00e9\u00e2tre\",\"trag\u00e9die\"],\"articleSection\":[\"Publications\"],\"inLanguage\":\"fr-FR\",\"potentialAction\":[{\"@type\":\"CommentAction\",\"name\":\"Comment\",\"target\":[\"http:\\\/\\\/www.semen-l.org\\\/?p=1921#respond\"]}]},{\"@type\":\"WebPage\",\"@id\":\"http:\\\/\\\/www.semen-l.org\\\/?p=1921\",\"url\":\"http:\\\/\\\/www.semen-l.org\\\/?p=1921\",\"name\":\"Georges Buchanan : \u00e9d. par C. Ferradou de deux trag\u00e9dies humanistes\",\"isPartOf\":{\"@id\":\"http:\\\/\\\/www.semen-l.org\\\/#website\"},\"primaryImageOfPage\":{\"@id\":\"http:\\\/\\\/www.semen-l.org\\\/?p=1921#primaryimage\"},\"image\":{\"@id\":\"http:\\\/\\\/www.semen-l.org\\\/?p=1921#primaryimage\"},\"thumbnailUrl\":\"https:\\\/\\\/www.semen-l.org\\\/wp-content\\\/uploads\\\/2022\\\/01\\\/couv-trag-sacrees-ferradou.png\",\"datePublished\":\"2021-08-18T17:53:45+00:00\",\"dateModified\":\"2022-01-28T18:02:37+00:00\",\"breadcrumb\":{\"@id\":\"http:\\\/\\\/www.semen-l.org\\\/?p=1921#breadcrumb\"},\"inLanguage\":\"fr-FR\",\"potentialAction\":[{\"@type\":\"ReadAction\",\"target\":[\"http:\\\/\\\/www.semen-l.org\\\/?p=1921\"]}]},{\"@type\":\"ImageObject\",\"inLanguage\":\"fr-FR\",\"@id\":\"http:\\\/\\\/www.semen-l.org\\\/?p=1921#primaryimage\",\"url\":\"https:\\\/\\\/www.semen-l.org\\\/wp-content\\\/uploads\\\/2022\\\/01\\\/couv-trag-sacrees-ferradou.png\",\"contentUrl\":\"https:\\\/\\\/www.semen-l.org\\\/wp-content\\\/uploads\\\/2022\\\/01\\\/couv-trag-sacrees-ferradou.png\",\"width\":400,\"height\":600},{\"@type\":\"BreadcrumbList\",\"@id\":\"http:\\\/\\\/www.semen-l.org\\\/?p=1921#breadcrumb\",\"itemListElement\":[{\"@type\":\"ListItem\",\"position\":1,\"name\":\"Accueil\",\"item\":\"http:\\\/\\\/www.semen-l.org\\\/\"},{\"@type\":\"ListItem\",\"position\":2,\"name\":\"Georges Buchanan. Trag\u00e9dies sacr\u00e9es humanistes : Tome I \u2013 Baptistes siue Calumnia et Iephthes siue Votum, \u00e9d. Carine Ferradou\"}]},{\"@type\":\"WebSite\",\"@id\":\"http:\\\/\\\/www.semen-l.org\\\/#website\",\"url\":\"http:\\\/\\\/www.semen-l.org\\\/\",\"name\":\"Soci\u00e9t\u00e9 d'\u00c9tudes M\u00e9dio Et N\u00e9o-Latines\",\"description\":\"\",\"publisher\":{\"@id\":\"http:\\\/\\\/www.semen-l.org\\\/#organization\"},\"potentialAction\":[{\"@type\":\"SearchAction\",\"target\":{\"@type\":\"EntryPoint\",\"urlTemplate\":\"http:\\\/\\\/www.semen-l.org\\\/?s={search_term_string}\"},\"query-input\":{\"@type\":\"PropertyValueSpecification\",\"valueRequired\":true,\"valueName\":\"search_term_string\"}}],\"inLanguage\":\"fr-FR\"},{\"@type\":\"Organization\",\"@id\":\"http:\\\/\\\/www.semen-l.org\\\/#organization\",\"name\":\"Soci\u00e9t\u00e9 d'\u00e9tudes m\u00e9dio et n\u00e9o-latines\",\"url\":\"http:\\\/\\\/www.semen-l.org\\\/\",\"logo\":{\"@type\":\"ImageObject\",\"inLanguage\":\"fr-FR\",\"@id\":\"http:\\\/\\\/www.semen-l.org\\\/#\\\/schema\\\/logo\\\/image\\\/\",\"url\":\"http:\\\/\\\/www.semen-l.org\\\/wp-content\\\/uploads\\\/2020\\\/11\\\/logo-semenl.jpg\",\"contentUrl\":\"http:\\\/\\\/www.semen-l.org\\\/wp-content\\\/uploads\\\/2020\\\/11\\\/logo-semenl.jpg\",\"width\":408,\"height\":403,\"caption\":\"Soci\u00e9t\u00e9 d'\u00e9tudes m\u00e9dio et n\u00e9o-latines\"},\"image\":{\"@id\":\"http:\\\/\\\/www.semen-l.org\\\/#\\\/schema\\\/logo\\\/image\\\/\"},\"sameAs\":[\"https:\\\/\\\/www.facebook.com\\\/SEMENL2018\",\"https:\\\/\\\/independent.academia.edu\\\/SocitsdtudesmdioetnolatinesSEMENL\"]},{\"@type\":\"Person\",\"@id\":\"http:\\\/\\\/www.semen-l.org\\\/#\\\/schema\\\/person\\\/ef5208815f17666727763c5363a51344\",\"name\":\"Julien Maudoux\",\"image\":{\"@type\":\"ImageObject\",\"inLanguage\":\"fr-FR\",\"@id\":\"https:\\\/\\\/secure.gravatar.com\\\/avatar\\\/caabf4fb6242e2277733cd35a5c2aa083761ea25dae1d1ff3298b54292225292?s=96&d=mm&r=g\",\"url\":\"https:\\\/\\\/secure.gravatar.com\\\/avatar\\\/caabf4fb6242e2277733cd35a5c2aa083761ea25dae1d1ff3298b54292225292?s=96&d=mm&r=g\",\"contentUrl\":\"https:\\\/\\\/secure.gravatar.com\\\/avatar\\\/caabf4fb6242e2277733cd35a5c2aa083761ea25dae1d1ff3298b54292225292?s=96&d=mm&r=g\",\"caption\":\"Julien Maudoux\"},\"description\":\"Webmestre du site de la SEMEN-L\",\"url\":\"https:\\\/\\\/www.semen-l.org\\\/?author=26\"}]}<\/script>\n<!-- \/ Yoast SEO plugin. -->","yoast_head_json":{"title":"Georges Buchanan : \u00e9d. par C. Ferradou de deux trag\u00e9dies humanistes","robots":{"index":"index","follow":"follow","max-snippet":"max-snippet:-1","max-image-preview":"max-image-preview:large","max-video-preview":"max-video-preview:-1"},"canonical":"http:\/\/www.semen-l.org\/?p=1921","og_locale":"fr_FR","og_type":"article","og_title":"Georges Buchanan : \u00e9d. par C. Ferradou de deux trag\u00e9dies humanistes","og_description":"La SEMEN-L a le plaisir d&rsquo;annoncer la parution aux \u00e9ditions Garnier Classique du premier tome de la traduction de deux trag\u00e9dies sacr\u00e9es humanistes de Georges Buchanan, Baptistes sive Calumnia et Iephtes sive Votum, dans une \u00e9dition \u00e9tablie par Carine Ferradou, &hellip; Continuer la lecture &rarr;","og_url":"http:\/\/www.semen-l.org\/?p=1921","og_site_name":"Soci\u00e9t\u00e9 d&#039;\u00c9tudes M\u00e9dio Et N\u00e9o-Latines","article_publisher":"https:\/\/www.facebook.com\/SEMENL2018","article_published_time":"2021-08-18T17:53:45+00:00","article_modified_time":"2022-01-28T18:02:37+00:00","og_image":[{"width":400,"height":600,"url":"http:\/\/www.semen-l.org\/wp-content\/uploads\/2022\/01\/couv-trag-sacrees-ferradou.png","type":"image\/png"}],"author":"Julien Maudoux","twitter_card":"summary_large_image","twitter_misc":{"\u00c9crit par":"Julien Maudoux","Dur\u00e9e de lecture estim\u00e9e":"2 minutes"},"schema":{"@context":"https:\/\/schema.org","@graph":[{"@type":"Article","@id":"http:\/\/www.semen-l.org\/?p=1921#article","isPartOf":{"@id":"http:\/\/www.semen-l.org\/?p=1921"},"author":{"name":"Julien Maudoux","@id":"http:\/\/www.semen-l.org\/#\/schema\/person\/ef5208815f17666727763c5363a51344"},"headline":"Georges Buchanan. Trag\u00e9dies sacr\u00e9es humanistes : Tome I \u2013 Baptistes siue Calumnia et Iephthes siue Votum, \u00e9d. Carine Ferradou","datePublished":"2021-08-18T17:53:45+00:00","dateModified":"2022-01-28T18:02:37+00:00","mainEntityOfPage":{"@id":"http:\/\/www.semen-l.org\/?p=1921"},"wordCount":240,"commentCount":0,"publisher":{"@id":"http:\/\/www.semen-l.org\/#organization"},"image":{"@id":"http:\/\/www.semen-l.org\/?p=1921#primaryimage"},"thumbnailUrl":"https:\/\/www.semen-l.org\/wp-content\/uploads\/2022\/01\/couv-trag-sacrees-ferradou.png","keywords":["Baptistes sive Calumnia","Buchanan (George)","humanisme","Jephthes sive Votum","th\u00e9\u00e2tre","trag\u00e9die"],"articleSection":["Publications"],"inLanguage":"fr-FR","potentialAction":[{"@type":"CommentAction","name":"Comment","target":["http:\/\/www.semen-l.org\/?p=1921#respond"]}]},{"@type":"WebPage","@id":"http:\/\/www.semen-l.org\/?p=1921","url":"http:\/\/www.semen-l.org\/?p=1921","name":"Georges Buchanan : \u00e9d. par C. Ferradou de deux trag\u00e9dies humanistes","isPartOf":{"@id":"http:\/\/www.semen-l.org\/#website"},"primaryImageOfPage":{"@id":"http:\/\/www.semen-l.org\/?p=1921#primaryimage"},"image":{"@id":"http:\/\/www.semen-l.org\/?p=1921#primaryimage"},"thumbnailUrl":"https:\/\/www.semen-l.org\/wp-content\/uploads\/2022\/01\/couv-trag-sacrees-ferradou.png","datePublished":"2021-08-18T17:53:45+00:00","dateModified":"2022-01-28T18:02:37+00:00","breadcrumb":{"@id":"http:\/\/www.semen-l.org\/?p=1921#breadcrumb"},"inLanguage":"fr-FR","potentialAction":[{"@type":"ReadAction","target":["http:\/\/www.semen-l.org\/?p=1921"]}]},{"@type":"ImageObject","inLanguage":"fr-FR","@id":"http:\/\/www.semen-l.org\/?p=1921#primaryimage","url":"https:\/\/www.semen-l.org\/wp-content\/uploads\/2022\/01\/couv-trag-sacrees-ferradou.png","contentUrl":"https:\/\/www.semen-l.org\/wp-content\/uploads\/2022\/01\/couv-trag-sacrees-ferradou.png","width":400,"height":600},{"@type":"BreadcrumbList","@id":"http:\/\/www.semen-l.org\/?p=1921#breadcrumb","itemListElement":[{"@type":"ListItem","position":1,"name":"Accueil","item":"http:\/\/www.semen-l.org\/"},{"@type":"ListItem","position":2,"name":"Georges Buchanan. Trag\u00e9dies sacr\u00e9es humanistes : Tome I \u2013 Baptistes siue Calumnia et Iephthes siue Votum, \u00e9d. Carine Ferradou"}]},{"@type":"WebSite","@id":"http:\/\/www.semen-l.org\/#website","url":"http:\/\/www.semen-l.org\/","name":"Soci\u00e9t\u00e9 d'\u00c9tudes M\u00e9dio Et N\u00e9o-Latines","description":"","publisher":{"@id":"http:\/\/www.semen-l.org\/#organization"},"potentialAction":[{"@type":"SearchAction","target":{"@type":"EntryPoint","urlTemplate":"http:\/\/www.semen-l.org\/?s={search_term_string}"},"query-input":{"@type":"PropertyValueSpecification","valueRequired":true,"valueName":"search_term_string"}}],"inLanguage":"fr-FR"},{"@type":"Organization","@id":"http:\/\/www.semen-l.org\/#organization","name":"Soci\u00e9t\u00e9 d'\u00e9tudes m\u00e9dio et n\u00e9o-latines","url":"http:\/\/www.semen-l.org\/","logo":{"@type":"ImageObject","inLanguage":"fr-FR","@id":"http:\/\/www.semen-l.org\/#\/schema\/logo\/image\/","url":"http:\/\/www.semen-l.org\/wp-content\/uploads\/2020\/11\/logo-semenl.jpg","contentUrl":"http:\/\/www.semen-l.org\/wp-content\/uploads\/2020\/11\/logo-semenl.jpg","width":408,"height":403,"caption":"Soci\u00e9t\u00e9 d'\u00e9tudes m\u00e9dio et n\u00e9o-latines"},"image":{"@id":"http:\/\/www.semen-l.org\/#\/schema\/logo\/image\/"},"sameAs":["https:\/\/www.facebook.com\/SEMENL2018","https:\/\/independent.academia.edu\/SocitsdtudesmdioetnolatinesSEMENL"]},{"@type":"Person","@id":"http:\/\/www.semen-l.org\/#\/schema\/person\/ef5208815f17666727763c5363a51344","name":"Julien Maudoux","image":{"@type":"ImageObject","inLanguage":"fr-FR","@id":"https:\/\/secure.gravatar.com\/avatar\/caabf4fb6242e2277733cd35a5c2aa083761ea25dae1d1ff3298b54292225292?s=96&d=mm&r=g","url":"https:\/\/secure.gravatar.com\/avatar\/caabf4fb6242e2277733cd35a5c2aa083761ea25dae1d1ff3298b54292225292?s=96&d=mm&r=g","contentUrl":"https:\/\/secure.gravatar.com\/avatar\/caabf4fb6242e2277733cd35a5c2aa083761ea25dae1d1ff3298b54292225292?s=96&d=mm&r=g","caption":"Julien Maudoux"},"description":"Webmestre du site de la SEMEN-L","url":"https:\/\/www.semen-l.org\/?author=26"}]}},"jetpack_featured_media_url":"https:\/\/www.semen-l.org\/wp-content\/uploads\/2022\/01\/couv-trag-sacrees-ferradou.png","_links":{"self":[{"href":"https:\/\/www.semen-l.org\/index.php?rest_route=\/wp\/v2\/posts\/1921","targetHints":{"allow":["GET"]}}],"collection":[{"href":"https:\/\/www.semen-l.org\/index.php?rest_route=\/wp\/v2\/posts"}],"about":[{"href":"https:\/\/www.semen-l.org\/index.php?rest_route=\/wp\/v2\/types\/post"}],"author":[{"embeddable":true,"href":"https:\/\/www.semen-l.org\/index.php?rest_route=\/wp\/v2\/users\/26"}],"replies":[{"embeddable":true,"href":"https:\/\/www.semen-l.org\/index.php?rest_route=%2Fwp%2Fv2%2Fcomments&post=1921"}],"version-history":[{"count":0,"href":"https:\/\/www.semen-l.org\/index.php?rest_route=\/wp\/v2\/posts\/1921\/revisions"}],"wp:featuredmedia":[{"embeddable":true,"href":"https:\/\/www.semen-l.org\/index.php?rest_route=\/wp\/v2\/media\/1922"}],"wp:attachment":[{"href":"https:\/\/www.semen-l.org\/index.php?rest_route=%2Fwp%2Fv2%2Fmedia&parent=1921"}],"wp:term":[{"taxonomy":"category","embeddable":true,"href":"https:\/\/www.semen-l.org\/index.php?rest_route=%2Fwp%2Fv2%2Fcategories&post=1921"},{"taxonomy":"post_tag","embeddable":true,"href":"https:\/\/www.semen-l.org\/index.php?rest_route=%2Fwp%2Fv2%2Ftags&post=1921"}],"curies":[{"name":"wp","href":"https:\/\/api.w.org\/{rel}","templated":true}]}}