{"id":1878,"date":"2021-11-07T19:33:27","date_gmt":"2021-11-07T19:33:27","guid":{"rendered":"https:\/\/www.semen-l.org\/?p=1878"},"modified":"2022-01-21T21:10:38","modified_gmt":"2022-01-21T21:10:38","slug":"ange-politien-humaniste-aux-sources-de-la-modernite","status":"publish","type":"post","link":"https:\/\/www.semen-l.org\/?p=1878","title":{"rendered":"Ange Politien, humaniste aux sources de la modernit\u00e9"},"content":{"rendered":"\t\t<div data-elementor-type=\"wp-post\" data-elementor-id=\"1878\" class=\"elementor elementor-1878\">\n\t\t\t\t\t\t<section class=\"elementor-section elementor-top-section elementor-element elementor-element-d58a54e elementor-section-boxed elementor-section-height-default elementor-section-height-default\" data-id=\"d58a54e\" data-element_type=\"section\" data-e-type=\"section\">\n\t\t\t\t\t\t<div class=\"elementor-container elementor-column-gap-default\">\n\t\t\t\t\t<div class=\"elementor-column elementor-col-50 elementor-top-column elementor-element elementor-element-b619417\" data-id=\"b619417\" data-element_type=\"column\" data-e-type=\"column\">\n\t\t\t<div class=\"elementor-widget-wrap elementor-element-populated\">\n\t\t\t\t\t\t<div class=\"elementor-element elementor-element-245e9f0 elementor-widget elementor-widget-text-editor\" data-id=\"245e9f0\" data-element_type=\"widget\" data-e-type=\"widget\" data-widget_type=\"text-editor.default\">\n\t\t\t\t<div class=\"elementor-widget-container\">\n\t\t\t\t\t\t\t\t\t<p><span style=\"font-family: Roboto, sans-serif; font-size: 13px; font-style: normal; font-weight: 400;\">Les actes du colloque sur\u00a0<\/span><em style=\"font-family: Roboto, sans-serif; font-size: 13px; font-weight: 400;\">Ange Politien, humaniste aux sources de la modernit\u00e9<\/em><span style=\"font-family: Roboto, sans-serif; font-size: 13px; font-style: normal; font-weight: 400;\">, qui avait \u00e9t\u00e9 organis\u00e9 en 2015 par Sorbonne Universit\u00e9 et l&rsquo;Universit\u00e0 del Salento et auquel plusieurs membres de la Semen-L avaient particip\u00e9, sont parus aux \u00e9ditions Classiques Garnier le 03\/11\/2021.<\/span><\/p><p><span style=\"font-family: Roboto, sans-serif; font-size: 13px; font-style: normal; font-weight: 400;\">Le recueil a \u00e9t\u00e9 dirig\u00e9 par \u00c9milie S\u00e9ris et Paolo Viti.<\/span><\/p><p><a href=\"https:\/\/classiques-garnier.com\/politien-humaniste-aux-sources-de-la-modernite.html?fbclid=IwAR1KRxAllEBwXqOyXgY5fmdQwL1Axd-XK3aIDL8YFY_ry24jKWU5EeT6mtA\">Lien vers le site des Classiques Garnier pour plus d&rsquo;informations<\/a>.<\/p>\t\t\t\t\t\t\t\t<\/div>\n\t\t\t\t<\/div>\n\t\t\t\t\t<\/div>\n\t\t<\/div>\n\t\t\t\t<div class=\"elementor-column elementor-col-50 elementor-top-column elementor-element elementor-element-cde9675\" data-id=\"cde9675\" data-element_type=\"column\" data-e-type=\"column\">\n\t\t\t<div class=\"elementor-widget-wrap elementor-element-populated\">\n\t\t\t\t\t\t<div class=\"elementor-element elementor-element-f705e31 elementor-widget elementor-widget-image\" data-id=\"f705e31\" data-element_type=\"widget\" data-e-type=\"widget\" data-widget_type=\"image.default\">\n\t\t\t\t<div class=\"elementor-widget-container\">\n\t\t\t\t\t\t\t\t\t\t\t\t\t\t\t\t<a href=\"https:\/\/classiques-garnier.com\/politien-humaniste-aux-sources-de-la-modernite.html?fbclid=IwAR1KRxAllEBwXqOyXgY5fmdQwL1Axd-XK3aIDL8YFY_ry24jKWU5EeT6mtA\">\n\t\t\t\t\t\t\t<img fetchpriority=\"high\" decoding=\"async\" width=\"203\" height=\"300\" src=\"http:\/\/www.semen-l.org\/wp-content\/uploads\/2022\/01\/publication-politien-garnier-203x300.jpg\" class=\"attachment-medium size-medium wp-image-1879\" alt=\"Couverture de l&#039;ouvrage Politien, humaniste aux sources de la modernit\u00e9\" srcset=\"http:\/\/www.semen-l.org\/wp-content\/uploads\/2022\/01\/publication-politien-garnier-203x300.jpg 203w, http:\/\/www.semen-l.org\/wp-content\/uploads\/2022\/01\/publication-politien-garnier-135x200.jpg 135w, http:\/\/www.semen-l.org\/wp-content\/uploads\/2022\/01\/publication-politien-garnier.jpg 526w\" sizes=\"(max-width: 203px) 100vw, 203px\" \/>\t\t\t\t\t\t\t\t<\/a>\n\t\t\t\t\t\t\t\t\t\t\t\t\t\t\t<\/div>\n\t\t\t\t<\/div>\n\t\t\t\t\t<\/div>\n\t\t<\/div>\n\t\t\t\t\t<\/div>\n\t\t<\/section>\n\t\t\t\t<section class=\"elementor-section elementor-top-section elementor-element elementor-element-b709bb6 elementor-section-boxed elementor-section-height-default elementor-section-height-default\" data-id=\"b709bb6\" data-element_type=\"section\" data-e-type=\"section\">\n\t\t\t\t\t\t<div class=\"elementor-container elementor-column-gap-default\">\n\t\t\t\t\t<div class=\"elementor-column elementor-col-100 elementor-top-column elementor-element elementor-element-1996cdb\" data-id=\"1996cdb\" data-element_type=\"column\" data-e-type=\"column\">\n\t\t\t<div class=\"elementor-widget-wrap elementor-element-populated\">\n\t\t\t\t\t\t<div class=\"elementor-element elementor-element-1c861b5 elementor-widget elementor-widget-heading\" data-id=\"1c861b5\" data-element_type=\"widget\" data-e-type=\"widget\" data-widget_type=\"heading.default\">\n\t\t\t\t<div class=\"elementor-widget-container\">\n\t\t\t\t\t<h2 class=\"elementor-heading-title elementor-size-default\">R\u00e9sum\u00e9<\/h2>\t\t\t\t<\/div>\n\t\t\t\t<\/div>\n\t\t\t\t\t<\/div>\n\t\t<\/div>\n\t\t\t\t\t<\/div>\n\t\t<\/section>\n\t\t\t\t<section class=\"elementor-section elementor-top-section elementor-element elementor-element-d34d16c elementor-section-boxed elementor-section-height-default elementor-section-height-default\" data-id=\"d34d16c\" data-element_type=\"section\" data-e-type=\"section\">\n\t\t\t\t\t\t<div class=\"elementor-container elementor-column-gap-default\">\n\t\t\t\t\t<div class=\"elementor-column elementor-col-100 elementor-top-column elementor-element elementor-element-5767008\" data-id=\"5767008\" data-element_type=\"column\" data-e-type=\"column\">\n\t\t\t<div class=\"elementor-widget-wrap elementor-element-populated\">\n\t\t\t\t\t\t<div class=\"elementor-element elementor-element-5f2f8d8 elementor-widget elementor-widget-text-editor\" data-id=\"5f2f8d8\" data-element_type=\"widget\" data-e-type=\"widget\" data-widget_type=\"text-editor.default\">\n\t\t\t\t<div class=\"elementor-widget-container\">\n\t\t\t\t\t\t\t\t\t<p><strong style=\"font-family: Roboto, sans-serif; font-size: 13px; font-style: normal;\">R\u00e9sum\u00e9<\/strong><span style=\"font-family: Roboto, sans-serif; font-size: 13px; font-style: normal; font-weight: 400;\">: Ange Politien a laiss\u00e9 une po\u00e9sie raffin\u00e9e, des travaux philologiques \u00e9rudits, des commentaires philosophiques subtils et une riche correspondance. Des chercheurs italiens et fran\u00e7ais contribuent \u00e0 mettre en lumi\u00e8re l\u2019originalit\u00e9 d\u2019une \u0153uvre qui portait bien des germes de l\u2019humanisme europ\u00e9en.<\/span><br \/><span style=\"font-family: Roboto, sans-serif; font-size: 13px; font-style: normal; font-weight: 400;\">Nombre de pages: 337<\/span><br \/><strong style=\"font-family: Roboto, sans-serif; font-size: 13px; font-style: normal;\">Parution<\/strong><span style=\"font-family: Roboto, sans-serif; font-size: 13px; font-style: normal; font-weight: 400;\">: 03\/11\/2021<\/span><br \/><strong style=\"font-family: Roboto, sans-serif; font-size: 13px; font-style: normal;\">Collection<\/strong><span style=\"font-family: Roboto, sans-serif; font-size: 13px; font-style: normal; font-weight: 400;\">: Rencontres, n\u00b0 519<\/span><br \/><strong style=\"font-family: Roboto, sans-serif; font-size: 13px; font-style: normal;\">S\u00e9rie<\/strong><span style=\"font-family: Roboto, sans-serif; font-size: 13px; font-style: normal; font-weight: 400;\">: Lectures de la Renaissance latine, n\u00b0 15<\/span><br \/><span style=\"font-family: Roboto, sans-serif; font-size: 13px; font-style: normal; font-weight: 400;\">ISBN: 978-2-406-11986-9<\/span><\/p>\t\t\t\t\t\t\t\t<\/div>\n\t\t\t\t<\/div>\n\t\t\t\t\t<\/div>\n\t\t<\/div>\n\t\t\t\t\t<\/div>\n\t\t<\/section>\n\t\t\t\t<section class=\"elementor-section elementor-top-section elementor-element elementor-element-22a437c elementor-section-boxed elementor-section-height-default elementor-section-height-default\" data-id=\"22a437c\" data-element_type=\"section\" data-e-type=\"section\">\n\t\t\t\t\t\t<div class=\"elementor-container elementor-column-gap-default\">\n\t\t\t\t\t<div class=\"elementor-column elementor-col-100 elementor-top-column elementor-element elementor-element-4dd572e\" data-id=\"4dd572e\" data-element_type=\"column\" data-e-type=\"column\">\n\t\t\t<div class=\"elementor-widget-wrap elementor-element-populated\">\n\t\t\t\t\t\t<div class=\"elementor-element elementor-element-dd34d21 elementor-widget elementor-widget-heading\" data-id=\"dd34d21\" data-element_type=\"widget\" data-e-type=\"widget\" data-widget_type=\"heading.default\">\n\t\t\t\t<div class=\"elementor-widget-container\">\n\t\t\t\t\t<h2 class=\"elementor-heading-title elementor-size-default\">Table des mati\u00e8res<\/h2>\t\t\t\t<\/div>\n\t\t\t\t<\/div>\n\t\t\t\t\t<\/div>\n\t\t<\/div>\n\t\t\t\t\t<\/div>\n\t\t<\/section>\n\t\t\t\t<section class=\"elementor-section elementor-top-section elementor-element elementor-element-23d8936 elementor-section-boxed elementor-section-height-default elementor-section-height-default\" data-id=\"23d8936\" data-element_type=\"section\" data-e-type=\"section\">\n\t\t\t\t\t\t<div class=\"elementor-container elementor-column-gap-default\">\n\t\t\t\t\t<div class=\"elementor-column elementor-col-100 elementor-top-column elementor-element elementor-element-b052439\" data-id=\"b052439\" data-element_type=\"column\" data-e-type=\"column\">\n\t\t\t<div class=\"elementor-widget-wrap elementor-element-populated\">\n\t\t\t\t\t\t<div class=\"elementor-element elementor-element-d02d015 elementor-widget elementor-widget-text-editor\" data-id=\"d02d015\" data-element_type=\"widget\" data-e-type=\"widget\" data-widget_type=\"text-editor.default\">\n\t\t\t\t<div class=\"elementor-widget-container\">\n\t\t\t\t\t\t\t\t\t<div dir=\"auto\" style=\"font-family: Roboto, sans-serif; font-size: 13px; font-style: normal; font-weight: 400;\"><strong style=\"font-size: inherit; letter-spacing: inherit; color: var( --e-global-color-text );\">Sommaire<\/strong><span style=\"font-size: inherit; letter-spacing: inherit; color: var( --e-global-color-text );\">\u00a0:<\/span><\/div><p style=\"font-family: Roboto, sans-serif; font-size: 13px; font-style: normal; font-weight: 400; letter-spacing: normal;\">Paolo Viti : Pr\u00e9face 7<\/p><p style=\"font-family: Roboto, sans-serif; font-size: 13px; font-style: normal; font-weight: 400; letter-spacing: normal;\">\u00c9milie S\u00e9ris : Introduction 17<\/p><p style=\"font-family: Roboto, sans-serif; font-size: 13px; font-style: normal; font-weight: 400; letter-spacing: normal;\"><strong style=\"font-size: 13px;\">PREMI\u00c8RE PARTIE &#8211; PO\u00c9SIE<\/strong><\/p><p style=\"font-family: Roboto, sans-serif; font-size: 13px; font-style: normal; font-weight: 400; letter-spacing: normal;\">Pierre Laurens : Sur les \u00e9pigrammes grecques de Politien 35<\/p><p style=\"font-family: Roboto, sans-serif; font-size: 13px; font-style: normal; font-weight: 400; letter-spacing: normal;\">Donatella Coppini :\u00a0<em style=\"font-size: 13px;\">L\u2019edizione aldina nella tradizione degli<\/em>\u00a0Epigrammata\u00a0<em style=\"font-size: 13px;\">del Poliziano<\/em>\u00a047<\/p><p style=\"font-family: Roboto, sans-serif; font-size: 13px; font-style: normal; font-weight: 400; letter-spacing: normal;\">Thomas Baier : Quintilien, Stace et les\u00a0<em style=\"font-size: 13px;\">Silves<\/em>\u00a0de Politien 63<\/p><p style=\"font-family: Roboto, sans-serif; font-size: 13px; font-style: normal; font-weight: 400; letter-spacing: normal;\">\u00c9milie S\u00e9ris : L\u2019aurore dans la po\u00e9sie d\u2019Ange Politien 77<\/p><p style=\"font-family: Roboto, sans-serif; font-size: 13px; font-style: normal; font-weight: 400; letter-spacing: normal;\"><strong style=\"font-size: 13px;\">DEUXI\u00c8ME PARTIE &#8211; PHILOLOGIE<\/strong><\/p><p style=\"font-family: Roboto, sans-serif; font-size: 13px; font-style: normal; font-weight: 400; letter-spacing: normal;\">\u2020 Roberto Ricciardi : Les<em style=\"font-size: 13px;\">\u00a0Curae virgilianae<\/em>\u00a0d\u2019Ange Politien 103<\/p><p style=\"font-family: Roboto, sans-serif; font-size: 13px; font-style: normal; font-weight: 400; letter-spacing: normal;\">Luca Ruggio :\u00a0<em style=\"font-size: 13px;\">Poliziano e la collazione degli Scriptores rei rusticae. Le note all\u2019incunabolo parigino R\u00e9s. s. 439<\/em>\u00a0141<\/p><p style=\"font-family: Roboto, sans-serif; font-size: 13px; font-style: normal; font-weight: 400; letter-spacing: normal;\">David Speranzi : Due Luciani fiorentini e un antiquior postillato da Poliziano 155<\/p><p style=\"font-family: Roboto, sans-serif; font-size: 13px; font-style: normal; font-weight: 400; letter-spacing: normal;\">Christian F\u00f6rstel : Ange Politien et la grammaire dans le Parisinus gr. 3069 161<\/p><p style=\"font-family: Roboto, sans-serif; font-size: 13px; font-style: normal; font-weight: 400; letter-spacing: normal;\"><strong style=\"font-size: 13px;\">TROISI\u00c8ME PARTIE &#8211; PHILOSOPHIE<\/strong><\/p><p style=\"font-family: Roboto, sans-serif; font-size: 13px; font-style: normal; font-weight: 400; letter-spacing: normal;\">Laurence Boul\u00e8gue : Orph\u00e9e dans la\u00a0<em style=\"font-size: 13px;\">Fabula<\/em>\u00a0de Politien. L\u2019autre visage du Narcisse de Ficin ? 175<\/p><p style=\"font-family: Roboto, sans-serif; font-size: 13px; font-style: normal; font-weight: 400; letter-spacing: normal;\">Giorgia Zollino :<em style=\"font-size: 13px;\">\u00a0Aristotele nel primo decennio di magistero di Angelo Poliziano. 1480-1490<\/em>\u00a0187<\/p><p style=\"font-family: Roboto, sans-serif; font-size: 13px; font-style: normal; font-weight: 400; letter-spacing: normal;\">Florence Vuilleumier Laurens : La philologie ostiaria de la philosophie 209<\/p><p style=\"font-family: Roboto, sans-serif; font-size: 13px; font-style: normal; font-weight: 400; letter-spacing: normal;\">Fosca Mariani Zini : La r\u00e9flexion de Politien sur l\u2019enthym\u00e8me 221<\/p><p style=\"font-family: Roboto, sans-serif; font-size: 13px; font-style: normal; font-weight: 400; letter-spacing: normal;\"><strong style=\"font-size: 13px;\">QUATRI\u00c8ME PARTIE &#8211; \u00c9PISTOLAIRE ET FORTUNE<\/strong><\/p><p style=\"font-family: Roboto, sans-serif; font-size: 13px; font-style: normal; font-weight: 400; letter-spacing: normal;\">Paolo Viti :\u00a0<em style=\"font-size: 13px;\">Il carteggio Poliziano-Pico e alcune varianti d\u2019autore<\/em>\u00a0241<\/p><p style=\"font-family: Roboto, sans-serif; font-size: 13px; font-style: normal; font-weight: 400; letter-spacing: normal;\">Raffaella Maria Zaccaria :\u00a0<em style=\"font-size: 13px;\">Le lettere di Poliziano all\u2019Archivio di Stato di Firenze<\/em>\u00a0251<\/p><p style=\"font-family: Roboto, sans-serif; font-size: 13px; font-style: normal; font-weight: 400; letter-spacing: normal;\">Sondra Dall\u2019Oco :\u00a0<em style=\"font-size: 13px;\">Aspetti della fortuna di Poliziano in Francia<\/em>\u00a0267<\/p><p style=\"font-family: Roboto, sans-serif; font-size: 13px; font-style: normal; font-weight: 400; letter-spacing: normal;\">Antonio Lucio Giannone :\u00a0<em style=\"font-size: 13px;\">La fortuna di Poliziano nella poesia italiana dell\u2019Otto-Novecento<\/em>\u00a0275<\/p><p style=\"font-family: Roboto, sans-serif; font-size: 13px; font-style: normal; font-weight: 400; letter-spacing: normal;\"><strong style=\"font-size: 13px;\">Bibliographie<\/strong>\u00a0293<\/p><p style=\"font-family: Roboto, sans-serif; font-size: 13px; font-style: normal; font-weight: 400; letter-spacing: normal;\"><strong style=\"font-size: 13px;\">Index nominum<\/strong>\u00a0323<\/p><p style=\"font-family: Roboto, sans-serif; font-size: 13px; font-style: normal; font-weight: 400; letter-spacing: normal;\"><strong style=\"font-size: 13px;\">R\u00e9sum\u00e9s<\/strong>\u00a0329<\/p>\t\t\t\t\t\t\t\t<\/div>\n\t\t\t\t<\/div>\n\t\t\t\t\t<\/div>\n\t\t<\/div>\n\t\t\t\t\t<\/div>\n\t\t<\/section>\n\t\t\t\t<\/div>\n\t\t","protected":false},"excerpt":{"rendered":"<p>Les actes du colloque sur\u00a0Ange Politien, humaniste aux sources de la modernit\u00e9, qui avait \u00e9t\u00e9 organis\u00e9 en 2015 par Sorbonne Universit\u00e9 et l&rsquo;Universit\u00e0 del Salento et auquel plusieurs membres de la Semen-L avaient particip\u00e9, sont parus aux \u00e9ditions Classiques Garnier &hellip; <a href=\"https:\/\/www.semen-l.org\/?p=1878\">Continuer la lecture <span class=\"meta-nav\">&rarr;<\/span><\/a><\/p>\n","protected":false},"author":26,"featured_media":1879,"comment_status":"open","ping_status":"open","sticky":false,"template":"","format":"standard","meta":{"footnotes":""},"categories":[7],"tags":[302,1631,1620,1613,1626,1618,1611,68,1616,1625,309,338,1632,1621,144,1629,1624,1623,988,1439,1617,1622,1615,1627,1630,307,1628,26,30,767,1619,78,1614,1612,1232],"class_list":["post-1878","post","type-post","status-publish","format-standard","has-post-thumbnail","hentry","category-publications","tag-aristote","tag-bontempelli-massimo","tag-carducci-giosue","tag-curae-virgilianae","tag-dannunzio-gabriele","tag-enthymeme","tag-epigrammata-ange-politien","tag-epigramme","tag-fabula-ange-politien","tag-ferrari-severino","tag-ficin-marsile","tag-grammaire","tag-guccini-francesco","tag-guerrini-olindo","tag-humanisme","tag-leoncavallo-ruggero","tag-marradi-giovanni","tag-mazzoni-guido","tag-miscellanea-ange-politien","tag-modernite","tag-orphee","tag-panzacchi-enrico","tag-parisinus-graecus-3069","tag-pascoli-giovanni","tag-pavolini-corrado","tag-pic-de-la-mirandole-jean-francois","tag-pirandello-luigi","tag-poesie","tag-ange-politien","tag-praelectiones-ange-politien","tag-premieres-analytiques","tag-quintilien","tag-scriptores-rei-rusticae","tag-silves-ange-politien","tag-stace"],"yoast_head":"<!-- This site is optimized with the Yoast SEO plugin v27.5 - https:\/\/yoast.com\/product\/yoast-seo-wordpress\/ -->\n<title>Ange Politien, humaniste aux sources de la modernit\u00e9 - Soci\u00e9t\u00e9 d&#039;\u00c9tudes M\u00e9dio Et N\u00e9o-Latines<\/title>\n<meta name=\"robots\" content=\"index, follow, max-snippet:-1, max-image-preview:large, max-video-preview:-1\" \/>\n<link rel=\"canonical\" href=\"https:\/\/www.semen-l.org\/?p=1878\" \/>\n<meta property=\"og:locale\" content=\"fr_FR\" \/>\n<meta property=\"og:type\" content=\"article\" \/>\n<meta property=\"og:title\" content=\"Ange Politien, humaniste aux sources de la modernit\u00e9 - Soci\u00e9t\u00e9 d&#039;\u00c9tudes M\u00e9dio Et N\u00e9o-Latines\" \/>\n<meta property=\"og:description\" content=\"Les actes du colloque sur\u00a0Ange Politien, humaniste aux sources de la modernit\u00e9, qui avait \u00e9t\u00e9 organis\u00e9 en 2015 par Sorbonne Universit\u00e9 et l&rsquo;Universit\u00e0 del Salento et auquel plusieurs membres de la Semen-L avaient particip\u00e9, sont parus aux \u00e9ditions Classiques Garnier &hellip; Continuer la lecture &rarr;\" \/>\n<meta property=\"og:url\" content=\"https:\/\/www.semen-l.org\/?p=1878\" \/>\n<meta property=\"og:site_name\" content=\"Soci\u00e9t\u00e9 d&#039;\u00c9tudes M\u00e9dio Et N\u00e9o-Latines\" \/>\n<meta property=\"article:publisher\" content=\"https:\/\/www.facebook.com\/SEMENL2018\" \/>\n<meta property=\"article:published_time\" content=\"2021-11-07T19:33:27+00:00\" \/>\n<meta property=\"article:modified_time\" content=\"2022-01-21T21:10:38+00:00\" \/>\n<meta property=\"og:image\" content=\"https:\/\/www.semen-l.org\/wp-content\/uploads\/2022\/01\/publication-politien-garnier.jpg\" \/>\n\t<meta property=\"og:image:width\" content=\"526\" \/>\n\t<meta property=\"og:image:height\" content=\"778\" \/>\n\t<meta property=\"og:image:type\" content=\"image\/jpeg\" \/>\n<meta name=\"author\" content=\"Julien Maudoux\" \/>\n<meta name=\"twitter:card\" content=\"summary_large_image\" \/>\n<meta name=\"twitter:label1\" content=\"\u00c9crit par\" \/>\n\t<meta name=\"twitter:data1\" content=\"Julien Maudoux\" \/>\n\t<meta name=\"twitter:label2\" content=\"Dur\u00e9e de lecture estim\u00e9e\" \/>\n\t<meta name=\"twitter:data2\" content=\"4 minutes\" \/>\n<script type=\"application\/ld+json\" class=\"yoast-schema-graph\">{\"@context\":\"https:\\\/\\\/schema.org\",\"@graph\":[{\"@type\":\"Article\",\"@id\":\"https:\\\/\\\/www.semen-l.org\\\/?p=1878#article\",\"isPartOf\":{\"@id\":\"https:\\\/\\\/www.semen-l.org\\\/?p=1878\"},\"author\":{\"name\":\"Julien Maudoux\",\"@id\":\"http:\\\/\\\/www.semen-l.org\\\/#\\\/schema\\\/person\\\/ef5208815f17666727763c5363a51344\"},\"headline\":\"Ange Politien, humaniste aux sources de la modernit\u00e9\",\"datePublished\":\"2021-11-07T19:33:27+00:00\",\"dateModified\":\"2022-01-21T21:10:38+00:00\",\"mainEntityOfPage\":{\"@id\":\"https:\\\/\\\/www.semen-l.org\\\/?p=1878\"},\"wordCount\":370,\"commentCount\":0,\"publisher\":{\"@id\":\"http:\\\/\\\/www.semen-l.org\\\/#organization\"},\"image\":{\"@id\":\"https:\\\/\\\/www.semen-l.org\\\/?p=1878#primaryimage\"},\"thumbnailUrl\":\"https:\\\/\\\/www.semen-l.org\\\/wp-content\\\/uploads\\\/2022\\\/01\\\/publication-politien-garnier.jpg\",\"keywords\":[\"Aristote\",\"Bontempelli (Massimo)\",\"Carducci (Giosue)\",\"Curae virgilianae\",\"D'Annunzio (Gabriele)\",\"enthym\u00e8me\",\"Epigrammata (Ange Politien)\",\"\u00e9pigramme\",\"Fabula (Ange Politien)\",\"Ferrari (Severino)\",\"Ficin (Marsile)\",\"grammaire\",\"Guccini (Francesco)\",\"Guerrini (Olindo)\",\"humanisme\",\"Leoncavallo (Ruggero)\",\"Marradi (Giovanni)\",\"Mazzoni (Guido)\",\"Miscellanea (Ange Politien)\",\"modernit\u00e9\",\"Orph\u00e9e\",\"Panzacchi (Enrico)\",\"Parisinus graecus 3069\",\"Pascoli (Giovanni)\",\"Pavolini (Corrado)\",\"Pic de la Mirandole (Jean-Fran\u00e7ois)\",\"Pirandello (Luigi)\",\"po\u00e9sie\",\"Politien (Ange)\",\"Praelectiones (Ange Politien)\",\"Premi\u00e8res analytiques\",\"Quintilien\",\"Scriptores rei rusticae\",\"Silves (Ange Politien)\",\"Stace\"],\"articleSection\":[\"Publications\"],\"inLanguage\":\"fr-FR\",\"potentialAction\":[{\"@type\":\"CommentAction\",\"name\":\"Comment\",\"target\":[\"https:\\\/\\\/www.semen-l.org\\\/?p=1878#respond\"]}]},{\"@type\":\"WebPage\",\"@id\":\"https:\\\/\\\/www.semen-l.org\\\/?p=1878\",\"url\":\"https:\\\/\\\/www.semen-l.org\\\/?p=1878\",\"name\":\"Ange Politien, humaniste aux sources de la modernit\u00e9 - Soci\u00e9t\u00e9 d&#039;\u00c9tudes M\u00e9dio Et N\u00e9o-Latines\",\"isPartOf\":{\"@id\":\"http:\\\/\\\/www.semen-l.org\\\/#website\"},\"primaryImageOfPage\":{\"@id\":\"https:\\\/\\\/www.semen-l.org\\\/?p=1878#primaryimage\"},\"image\":{\"@id\":\"https:\\\/\\\/www.semen-l.org\\\/?p=1878#primaryimage\"},\"thumbnailUrl\":\"https:\\\/\\\/www.semen-l.org\\\/wp-content\\\/uploads\\\/2022\\\/01\\\/publication-politien-garnier.jpg\",\"datePublished\":\"2021-11-07T19:33:27+00:00\",\"dateModified\":\"2022-01-21T21:10:38+00:00\",\"breadcrumb\":{\"@id\":\"https:\\\/\\\/www.semen-l.org\\\/?p=1878#breadcrumb\"},\"inLanguage\":\"fr-FR\",\"potentialAction\":[{\"@type\":\"ReadAction\",\"target\":[\"https:\\\/\\\/www.semen-l.org\\\/?p=1878\"]}]},{\"@type\":\"ImageObject\",\"inLanguage\":\"fr-FR\",\"@id\":\"https:\\\/\\\/www.semen-l.org\\\/?p=1878#primaryimage\",\"url\":\"https:\\\/\\\/www.semen-l.org\\\/wp-content\\\/uploads\\\/2022\\\/01\\\/publication-politien-garnier.jpg\",\"contentUrl\":\"https:\\\/\\\/www.semen-l.org\\\/wp-content\\\/uploads\\\/2022\\\/01\\\/publication-politien-garnier.jpg\",\"width\":526,\"height\":778,\"caption\":\"Couverture de l'ouvrage Politien, humaniste aux sources de la modernit\u00e9\"},{\"@type\":\"BreadcrumbList\",\"@id\":\"https:\\\/\\\/www.semen-l.org\\\/?p=1878#breadcrumb\",\"itemListElement\":[{\"@type\":\"ListItem\",\"position\":1,\"name\":\"Accueil\",\"item\":\"http:\\\/\\\/www.semen-l.org\\\/\"},{\"@type\":\"ListItem\",\"position\":2,\"name\":\"Ange Politien, humaniste aux sources de la modernit\u00e9\"}]},{\"@type\":\"WebSite\",\"@id\":\"http:\\\/\\\/www.semen-l.org\\\/#website\",\"url\":\"http:\\\/\\\/www.semen-l.org\\\/\",\"name\":\"Soci\u00e9t\u00e9 d'\u00c9tudes M\u00e9dio Et N\u00e9o-Latines\",\"description\":\"\",\"publisher\":{\"@id\":\"http:\\\/\\\/www.semen-l.org\\\/#organization\"},\"potentialAction\":[{\"@type\":\"SearchAction\",\"target\":{\"@type\":\"EntryPoint\",\"urlTemplate\":\"http:\\\/\\\/www.semen-l.org\\\/?s={search_term_string}\"},\"query-input\":{\"@type\":\"PropertyValueSpecification\",\"valueRequired\":true,\"valueName\":\"search_term_string\"}}],\"inLanguage\":\"fr-FR\"},{\"@type\":\"Organization\",\"@id\":\"http:\\\/\\\/www.semen-l.org\\\/#organization\",\"name\":\"Soci\u00e9t\u00e9 d'\u00e9tudes m\u00e9dio et n\u00e9o-latines\",\"url\":\"http:\\\/\\\/www.semen-l.org\\\/\",\"logo\":{\"@type\":\"ImageObject\",\"inLanguage\":\"fr-FR\",\"@id\":\"http:\\\/\\\/www.semen-l.org\\\/#\\\/schema\\\/logo\\\/image\\\/\",\"url\":\"http:\\\/\\\/www.semen-l.org\\\/wp-content\\\/uploads\\\/2020\\\/11\\\/logo-semenl.jpg\",\"contentUrl\":\"http:\\\/\\\/www.semen-l.org\\\/wp-content\\\/uploads\\\/2020\\\/11\\\/logo-semenl.jpg\",\"width\":408,\"height\":403,\"caption\":\"Soci\u00e9t\u00e9 d'\u00e9tudes m\u00e9dio et n\u00e9o-latines\"},\"image\":{\"@id\":\"http:\\\/\\\/www.semen-l.org\\\/#\\\/schema\\\/logo\\\/image\\\/\"},\"sameAs\":[\"https:\\\/\\\/www.facebook.com\\\/SEMENL2018\",\"https:\\\/\\\/independent.academia.edu\\\/SocitsdtudesmdioetnolatinesSEMENL\"]},{\"@type\":\"Person\",\"@id\":\"http:\\\/\\\/www.semen-l.org\\\/#\\\/schema\\\/person\\\/ef5208815f17666727763c5363a51344\",\"name\":\"Julien Maudoux\",\"image\":{\"@type\":\"ImageObject\",\"inLanguage\":\"fr-FR\",\"@id\":\"https:\\\/\\\/secure.gravatar.com\\\/avatar\\\/caabf4fb6242e2277733cd35a5c2aa083761ea25dae1d1ff3298b54292225292?s=96&d=mm&r=g\",\"url\":\"https:\\\/\\\/secure.gravatar.com\\\/avatar\\\/caabf4fb6242e2277733cd35a5c2aa083761ea25dae1d1ff3298b54292225292?s=96&d=mm&r=g\",\"contentUrl\":\"https:\\\/\\\/secure.gravatar.com\\\/avatar\\\/caabf4fb6242e2277733cd35a5c2aa083761ea25dae1d1ff3298b54292225292?s=96&d=mm&r=g\",\"caption\":\"Julien Maudoux\"},\"description\":\"Webmestre du site de la SEMEN-L\",\"url\":\"https:\\\/\\\/www.semen-l.org\\\/?author=26\"}]}<\/script>\n<!-- \/ Yoast SEO plugin. -->","yoast_head_json":{"title":"Ange Politien, humaniste aux sources de la modernit\u00e9 - Soci\u00e9t\u00e9 d&#039;\u00c9tudes M\u00e9dio Et N\u00e9o-Latines","robots":{"index":"index","follow":"follow","max-snippet":"max-snippet:-1","max-image-preview":"max-image-preview:large","max-video-preview":"max-video-preview:-1"},"canonical":"https:\/\/www.semen-l.org\/?p=1878","og_locale":"fr_FR","og_type":"article","og_title":"Ange Politien, humaniste aux sources de la modernit\u00e9 - Soci\u00e9t\u00e9 d&#039;\u00c9tudes M\u00e9dio Et N\u00e9o-Latines","og_description":"Les actes du colloque sur\u00a0Ange Politien, humaniste aux sources de la modernit\u00e9, qui avait \u00e9t\u00e9 organis\u00e9 en 2015 par Sorbonne Universit\u00e9 et l&rsquo;Universit\u00e0 del Salento et auquel plusieurs membres de la Semen-L avaient particip\u00e9, sont parus aux \u00e9ditions Classiques Garnier &hellip; Continuer la lecture &rarr;","og_url":"https:\/\/www.semen-l.org\/?p=1878","og_site_name":"Soci\u00e9t\u00e9 d&#039;\u00c9tudes M\u00e9dio Et N\u00e9o-Latines","article_publisher":"https:\/\/www.facebook.com\/SEMENL2018","article_published_time":"2021-11-07T19:33:27+00:00","article_modified_time":"2022-01-21T21:10:38+00:00","og_image":[{"width":526,"height":778,"url":"https:\/\/www.semen-l.org\/wp-content\/uploads\/2022\/01\/publication-politien-garnier.jpg","type":"image\/jpeg"}],"author":"Julien Maudoux","twitter_card":"summary_large_image","twitter_misc":{"\u00c9crit par":"Julien Maudoux","Dur\u00e9e de lecture estim\u00e9e":"4 minutes"},"schema":{"@context":"https:\/\/schema.org","@graph":[{"@type":"Article","@id":"https:\/\/www.semen-l.org\/?p=1878#article","isPartOf":{"@id":"https:\/\/www.semen-l.org\/?p=1878"},"author":{"name":"Julien Maudoux","@id":"http:\/\/www.semen-l.org\/#\/schema\/person\/ef5208815f17666727763c5363a51344"},"headline":"Ange Politien, humaniste aux sources de la modernit\u00e9","datePublished":"2021-11-07T19:33:27+00:00","dateModified":"2022-01-21T21:10:38+00:00","mainEntityOfPage":{"@id":"https:\/\/www.semen-l.org\/?p=1878"},"wordCount":370,"commentCount":0,"publisher":{"@id":"http:\/\/www.semen-l.org\/#organization"},"image":{"@id":"https:\/\/www.semen-l.org\/?p=1878#primaryimage"},"thumbnailUrl":"https:\/\/www.semen-l.org\/wp-content\/uploads\/2022\/01\/publication-politien-garnier.jpg","keywords":["Aristote","Bontempelli (Massimo)","Carducci (Giosue)","Curae virgilianae","D'Annunzio (Gabriele)","enthym\u00e8me","Epigrammata (Ange Politien)","\u00e9pigramme","Fabula (Ange Politien)","Ferrari (Severino)","Ficin (Marsile)","grammaire","Guccini (Francesco)","Guerrini (Olindo)","humanisme","Leoncavallo (Ruggero)","Marradi (Giovanni)","Mazzoni (Guido)","Miscellanea (Ange Politien)","modernit\u00e9","Orph\u00e9e","Panzacchi (Enrico)","Parisinus graecus 3069","Pascoli (Giovanni)","Pavolini (Corrado)","Pic de la Mirandole (Jean-Fran\u00e7ois)","Pirandello (Luigi)","po\u00e9sie","Politien (Ange)","Praelectiones (Ange Politien)","Premi\u00e8res analytiques","Quintilien","Scriptores rei rusticae","Silves (Ange Politien)","Stace"],"articleSection":["Publications"],"inLanguage":"fr-FR","potentialAction":[{"@type":"CommentAction","name":"Comment","target":["https:\/\/www.semen-l.org\/?p=1878#respond"]}]},{"@type":"WebPage","@id":"https:\/\/www.semen-l.org\/?p=1878","url":"https:\/\/www.semen-l.org\/?p=1878","name":"Ange Politien, humaniste aux sources de la modernit\u00e9 - Soci\u00e9t\u00e9 d&#039;\u00c9tudes M\u00e9dio Et N\u00e9o-Latines","isPartOf":{"@id":"http:\/\/www.semen-l.org\/#website"},"primaryImageOfPage":{"@id":"https:\/\/www.semen-l.org\/?p=1878#primaryimage"},"image":{"@id":"https:\/\/www.semen-l.org\/?p=1878#primaryimage"},"thumbnailUrl":"https:\/\/www.semen-l.org\/wp-content\/uploads\/2022\/01\/publication-politien-garnier.jpg","datePublished":"2021-11-07T19:33:27+00:00","dateModified":"2022-01-21T21:10:38+00:00","breadcrumb":{"@id":"https:\/\/www.semen-l.org\/?p=1878#breadcrumb"},"inLanguage":"fr-FR","potentialAction":[{"@type":"ReadAction","target":["https:\/\/www.semen-l.org\/?p=1878"]}]},{"@type":"ImageObject","inLanguage":"fr-FR","@id":"https:\/\/www.semen-l.org\/?p=1878#primaryimage","url":"https:\/\/www.semen-l.org\/wp-content\/uploads\/2022\/01\/publication-politien-garnier.jpg","contentUrl":"https:\/\/www.semen-l.org\/wp-content\/uploads\/2022\/01\/publication-politien-garnier.jpg","width":526,"height":778,"caption":"Couverture de l'ouvrage Politien, humaniste aux sources de la modernit\u00e9"},{"@type":"BreadcrumbList","@id":"https:\/\/www.semen-l.org\/?p=1878#breadcrumb","itemListElement":[{"@type":"ListItem","position":1,"name":"Accueil","item":"http:\/\/www.semen-l.org\/"},{"@type":"ListItem","position":2,"name":"Ange Politien, humaniste aux sources de la modernit\u00e9"}]},{"@type":"WebSite","@id":"http:\/\/www.semen-l.org\/#website","url":"http:\/\/www.semen-l.org\/","name":"Soci\u00e9t\u00e9 d'\u00c9tudes M\u00e9dio Et N\u00e9o-Latines","description":"","publisher":{"@id":"http:\/\/www.semen-l.org\/#organization"},"potentialAction":[{"@type":"SearchAction","target":{"@type":"EntryPoint","urlTemplate":"http:\/\/www.semen-l.org\/?s={search_term_string}"},"query-input":{"@type":"PropertyValueSpecification","valueRequired":true,"valueName":"search_term_string"}}],"inLanguage":"fr-FR"},{"@type":"Organization","@id":"http:\/\/www.semen-l.org\/#organization","name":"Soci\u00e9t\u00e9 d'\u00e9tudes m\u00e9dio et n\u00e9o-latines","url":"http:\/\/www.semen-l.org\/","logo":{"@type":"ImageObject","inLanguage":"fr-FR","@id":"http:\/\/www.semen-l.org\/#\/schema\/logo\/image\/","url":"http:\/\/www.semen-l.org\/wp-content\/uploads\/2020\/11\/logo-semenl.jpg","contentUrl":"http:\/\/www.semen-l.org\/wp-content\/uploads\/2020\/11\/logo-semenl.jpg","width":408,"height":403,"caption":"Soci\u00e9t\u00e9 d'\u00e9tudes m\u00e9dio et n\u00e9o-latines"},"image":{"@id":"http:\/\/www.semen-l.org\/#\/schema\/logo\/image\/"},"sameAs":["https:\/\/www.facebook.com\/SEMENL2018","https:\/\/independent.academia.edu\/SocitsdtudesmdioetnolatinesSEMENL"]},{"@type":"Person","@id":"http:\/\/www.semen-l.org\/#\/schema\/person\/ef5208815f17666727763c5363a51344","name":"Julien Maudoux","image":{"@type":"ImageObject","inLanguage":"fr-FR","@id":"https:\/\/secure.gravatar.com\/avatar\/caabf4fb6242e2277733cd35a5c2aa083761ea25dae1d1ff3298b54292225292?s=96&d=mm&r=g","url":"https:\/\/secure.gravatar.com\/avatar\/caabf4fb6242e2277733cd35a5c2aa083761ea25dae1d1ff3298b54292225292?s=96&d=mm&r=g","contentUrl":"https:\/\/secure.gravatar.com\/avatar\/caabf4fb6242e2277733cd35a5c2aa083761ea25dae1d1ff3298b54292225292?s=96&d=mm&r=g","caption":"Julien Maudoux"},"description":"Webmestre du site de la SEMEN-L","url":"https:\/\/www.semen-l.org\/?author=26"}]}},"jetpack_featured_media_url":"https:\/\/www.semen-l.org\/wp-content\/uploads\/2022\/01\/publication-politien-garnier.jpg","_links":{"self":[{"href":"https:\/\/www.semen-l.org\/index.php?rest_route=\/wp\/v2\/posts\/1878","targetHints":{"allow":["GET"]}}],"collection":[{"href":"https:\/\/www.semen-l.org\/index.php?rest_route=\/wp\/v2\/posts"}],"about":[{"href":"https:\/\/www.semen-l.org\/index.php?rest_route=\/wp\/v2\/types\/post"}],"author":[{"embeddable":true,"href":"https:\/\/www.semen-l.org\/index.php?rest_route=\/wp\/v2\/users\/26"}],"replies":[{"embeddable":true,"href":"https:\/\/www.semen-l.org\/index.php?rest_route=%2Fwp%2Fv2%2Fcomments&post=1878"}],"version-history":[{"count":0,"href":"https:\/\/www.semen-l.org\/index.php?rest_route=\/wp\/v2\/posts\/1878\/revisions"}],"wp:featuredmedia":[{"embeddable":true,"href":"https:\/\/www.semen-l.org\/index.php?rest_route=\/wp\/v2\/media\/1879"}],"wp:attachment":[{"href":"https:\/\/www.semen-l.org\/index.php?rest_route=%2Fwp%2Fv2%2Fmedia&parent=1878"}],"wp:term":[{"taxonomy":"category","embeddable":true,"href":"https:\/\/www.semen-l.org\/index.php?rest_route=%2Fwp%2Fv2%2Fcategories&post=1878"},{"taxonomy":"post_tag","embeddable":true,"href":"https:\/\/www.semen-l.org\/index.php?rest_route=%2Fwp%2Fv2%2Ftags&post=1878"}],"curies":[{"name":"wp","href":"https:\/\/api.w.org\/{rel}","templated":true}]}}