{"id":181,"date":"2013-02-10T20:21:45","date_gmt":"2013-02-10T20:21:45","guid":{"rendered":"http:\/\/www.semen-l.org\/?p=181"},"modified":"2020-11-18T21:58:44","modified_gmt":"2020-11-18T21:58:44","slug":"congres-de-lassociation-guillaume-bude","status":"publish","type":"post","link":"https:\/\/www.semen-l.org\/?p=181","title":{"rendered":"Congr\u00e8s de l&rsquo;Association Guillaume Bud\u00e9"},"content":{"rendered":"<h2>Congr\u00e8s international de l\u2019Association, Lyon 2013<\/h2>\n<p>Le XVIIe Congr\u00e8s international de l\u2019Association Guillaume Bud\u00e9 aura lieu \u00e0 Lyon du 26 au 29 ao\u00fbt 2013.\u00a0 Il se d\u00e9roulera dans les trois \u00e9tablissements universitaires litt\u00e9raires de cette ville : l\u2019universit\u00e9 Louis Lumi\u00e8re-Lyon II, l\u2019universit\u00e9 Jean Moulin-Lyon III et L\u2019Ecole Normale Sup\u00e9rieure (Lettres et Sciences humaines).<\/p>\n<p>Le th\u00e8me du congr\u00e8s est \u00ab\u00a0l&rsquo;homme et ses passions\u00a0\u00bb. Ce th\u00e8me, qui touche \u00e0 la fois \u00e0 la philosophie, \u00e0 la rh\u00e9torique et \u00e0 la litt\u00e9rature, a \u00e9t\u00e9 choisi pour le double int\u00e9r\u00eat, scientifique et humain, qu\u2019il pr\u00e9sente. Il sera abord\u00e9, dans les domaines du fran\u00e7ais, du latin et du grec ainsi que de la p\u00e9dagogie. Dans un premier temps il donnera lieu \u00e0 des \u00ab rapports \u00bb correspondant \u00e0 ces diff\u00e9rents domaines et pr\u00e9sent\u00e9s en s\u00e9ance pl\u00e9ni\u00e8re (Antiquit\u00e9, Moyen-Age, Renaissance fran\u00e7aise et n\u00e9o-latine). Puis des communications scientifiques plus sp\u00e9cifiques seront propos\u00e9es dans le cadre de commissions parall\u00e8les.<\/p>\n<p>Une commission des Antiquit\u00e9s r\u00e9gionales pr\u00e9sentera aussi ses travaux et une visite du Mus\u00e9e gallo-romain et du site arch\u00e9ologique romain de Fourvi\u00e8re est pr\u00e9vue le mercredi 25 ao\u00fbt apr\u00e8s-midi.<\/p>\n<p>Une excursion \u00e0 Saint Romain en Gal sera propos\u00e9e \u00e0 la fin du congr\u00e8s, le vendredi 30 ao\u00fbt.<\/p>\n<p>La secr\u00e9taire g\u00e9n\u00e9rale du Congr\u00e8s est Madame Sylvie Franchet d\u2019Esperey, professeur de latin \u00e0 l\u2019Universit\u00e9 de Paris IV. Madame Isabelle Boehm, Professeur de grec \u00e0 Lyon II, est la coordonnatrice sur place.<\/p>\n<p>&nbsp;<\/p>\n","protected":false},"excerpt":{"rendered":"<p>Congr\u00e8s international de l\u2019Association, Lyon 2013 Le XVIIe Congr\u00e8s international de l\u2019Association Guillaume Bud\u00e9 aura lieu \u00e0 Lyon du 26 au 29 ao\u00fbt 2013.\u00a0 Il se d\u00e9roulera dans les trois \u00e9tablissements universitaires litt\u00e9raires de cette ville : l\u2019universit\u00e9 Louis Lumi\u00e8re-Lyon &hellip; <a href=\"https:\/\/www.semen-l.org\/?p=181\">Continuer la lecture <span class=\"meta-nav\">&rarr;<\/span><\/a><\/p>\n","protected":false},"author":8,"featured_media":0,"comment_status":"open","ping_status":"open","sticky":false,"template":"","format":"standard","meta":{"footnotes":""},"categories":[11],"tags":[290],"class_list":["post-181","post","type-post","status-publish","format-standard","hentry","category-congres","tag-passion"],"yoast_head":"<!-- This site is optimized with the Yoast SEO plugin v27.5 - https:\/\/yoast.com\/product\/yoast-seo-wordpress\/ -->\n<title>Congr\u00e8s de l&#039;Association Guillaume Bud\u00e9 - Soci\u00e9t\u00e9 d&#039;\u00c9tudes M\u00e9dio Et N\u00e9o-Latines<\/title>\n<meta name=\"robots\" content=\"index, follow, max-snippet:-1, max-image-preview:large, max-video-preview:-1\" \/>\n<link rel=\"canonical\" href=\"http:\/\/www.semen-l.org\/?p=181\" \/>\n<meta property=\"og:locale\" content=\"fr_FR\" \/>\n<meta property=\"og:type\" content=\"article\" \/>\n<meta property=\"og:title\" content=\"Congr\u00e8s de l&#039;Association Guillaume Bud\u00e9 - Soci\u00e9t\u00e9 d&#039;\u00c9tudes M\u00e9dio Et N\u00e9o-Latines\" \/>\n<meta property=\"og:description\" content=\"Congr\u00e8s international de l\u2019Association, Lyon 2013 Le XVIIe Congr\u00e8s international de l\u2019Association Guillaume Bud\u00e9 aura lieu \u00e0 Lyon du 26 au 29 ao\u00fbt 2013.\u00a0 Il se d\u00e9roulera dans les trois \u00e9tablissements universitaires litt\u00e9raires de cette ville : l\u2019universit\u00e9 Louis Lumi\u00e8re-Lyon &hellip; Continuer la lecture &rarr;\" \/>\n<meta property=\"og:url\" content=\"http:\/\/www.semen-l.org\/?p=181\" \/>\n<meta property=\"og:site_name\" content=\"Soci\u00e9t\u00e9 d&#039;\u00c9tudes M\u00e9dio Et N\u00e9o-Latines\" \/>\n<meta property=\"article:publisher\" content=\"https:\/\/www.facebook.com\/SEMENL2018\" \/>\n<meta property=\"article:published_time\" content=\"2013-02-10T20:21:45+00:00\" \/>\n<meta property=\"article:modified_time\" content=\"2020-11-18T21:58:44+00:00\" \/>\n<meta name=\"author\" content=\"Bouscharain\" \/>\n<meta name=\"twitter:card\" content=\"summary_large_image\" \/>\n<meta name=\"twitter:label1\" content=\"\u00c9crit par\" \/>\n\t<meta name=\"twitter:data1\" content=\"Bouscharain\" \/>\n\t<meta name=\"twitter:label2\" content=\"Dur\u00e9e de lecture estim\u00e9e\" \/>\n\t<meta name=\"twitter:data2\" content=\"1 minute\" \/>\n<script type=\"application\/ld+json\" class=\"yoast-schema-graph\">{\"@context\":\"https:\\\/\\\/schema.org\",\"@graph\":[{\"@type\":\"Article\",\"@id\":\"http:\\\/\\\/www.semen-l.org\\\/?p=181#article\",\"isPartOf\":{\"@id\":\"http:\\\/\\\/www.semen-l.org\\\/?p=181\"},\"author\":{\"name\":\"Bouscharain\",\"@id\":\"http:\\\/\\\/www.semen-l.org\\\/#\\\/schema\\\/person\\\/773d8aed3467aa8e7dc3f80cf7bf4aa7\"},\"headline\":\"Congr\u00e8s de l&rsquo;Association Guillaume Bud\u00e9\",\"datePublished\":\"2013-02-10T20:21:45+00:00\",\"dateModified\":\"2020-11-18T21:58:44+00:00\",\"mainEntityOfPage\":{\"@id\":\"http:\\\/\\\/www.semen-l.org\\\/?p=181\"},\"wordCount\":271,\"commentCount\":0,\"publisher\":{\"@id\":\"http:\\\/\\\/www.semen-l.org\\\/#organization\"},\"keywords\":[\"passion\"],\"articleSection\":[\"Congr\u00e8s\"],\"inLanguage\":\"fr-FR\",\"potentialAction\":[{\"@type\":\"CommentAction\",\"name\":\"Comment\",\"target\":[\"http:\\\/\\\/www.semen-l.org\\\/?p=181#respond\"]}]},{\"@type\":\"WebPage\",\"@id\":\"http:\\\/\\\/www.semen-l.org\\\/?p=181\",\"url\":\"http:\\\/\\\/www.semen-l.org\\\/?p=181\",\"name\":\"Congr\u00e8s de l'Association Guillaume Bud\u00e9 - Soci\u00e9t\u00e9 d&#039;\u00c9tudes M\u00e9dio Et N\u00e9o-Latines\",\"isPartOf\":{\"@id\":\"http:\\\/\\\/www.semen-l.org\\\/#website\"},\"datePublished\":\"2013-02-10T20:21:45+00:00\",\"dateModified\":\"2020-11-18T21:58:44+00:00\",\"breadcrumb\":{\"@id\":\"http:\\\/\\\/www.semen-l.org\\\/?p=181#breadcrumb\"},\"inLanguage\":\"fr-FR\",\"potentialAction\":[{\"@type\":\"ReadAction\",\"target\":[\"http:\\\/\\\/www.semen-l.org\\\/?p=181\"]}]},{\"@type\":\"BreadcrumbList\",\"@id\":\"http:\\\/\\\/www.semen-l.org\\\/?p=181#breadcrumb\",\"itemListElement\":[{\"@type\":\"ListItem\",\"position\":1,\"name\":\"Accueil\",\"item\":\"http:\\\/\\\/www.semen-l.org\\\/\"},{\"@type\":\"ListItem\",\"position\":2,\"name\":\"Congr\u00e8s de l&rsquo;Association Guillaume Bud\u00e9\"}]},{\"@type\":\"WebSite\",\"@id\":\"http:\\\/\\\/www.semen-l.org\\\/#website\",\"url\":\"http:\\\/\\\/www.semen-l.org\\\/\",\"name\":\"Soci\u00e9t\u00e9 d'\u00c9tudes M\u00e9dio Et N\u00e9o-Latines\",\"description\":\"\",\"publisher\":{\"@id\":\"http:\\\/\\\/www.semen-l.org\\\/#organization\"},\"potentialAction\":[{\"@type\":\"SearchAction\",\"target\":{\"@type\":\"EntryPoint\",\"urlTemplate\":\"http:\\\/\\\/www.semen-l.org\\\/?s={search_term_string}\"},\"query-input\":{\"@type\":\"PropertyValueSpecification\",\"valueRequired\":true,\"valueName\":\"search_term_string\"}}],\"inLanguage\":\"fr-FR\"},{\"@type\":\"Organization\",\"@id\":\"http:\\\/\\\/www.semen-l.org\\\/#organization\",\"name\":\"Soci\u00e9t\u00e9 d'\u00e9tudes m\u00e9dio et n\u00e9o-latines\",\"url\":\"http:\\\/\\\/www.semen-l.org\\\/\",\"logo\":{\"@type\":\"ImageObject\",\"inLanguage\":\"fr-FR\",\"@id\":\"http:\\\/\\\/www.semen-l.org\\\/#\\\/schema\\\/logo\\\/image\\\/\",\"url\":\"http:\\\/\\\/www.semen-l.org\\\/wp-content\\\/uploads\\\/2020\\\/11\\\/logo-semenl.jpg\",\"contentUrl\":\"http:\\\/\\\/www.semen-l.org\\\/wp-content\\\/uploads\\\/2020\\\/11\\\/logo-semenl.jpg\",\"width\":408,\"height\":403,\"caption\":\"Soci\u00e9t\u00e9 d'\u00e9tudes m\u00e9dio et n\u00e9o-latines\"},\"image\":{\"@id\":\"http:\\\/\\\/www.semen-l.org\\\/#\\\/schema\\\/logo\\\/image\\\/\"},\"sameAs\":[\"https:\\\/\\\/www.facebook.com\\\/SEMENL2018\",\"https:\\\/\\\/independent.academia.edu\\\/SocitsdtudesmdioetnolatinesSEMENL\"]},{\"@type\":\"Person\",\"@id\":\"http:\\\/\\\/www.semen-l.org\\\/#\\\/schema\\\/person\\\/773d8aed3467aa8e7dc3f80cf7bf4aa7\",\"name\":\"Bouscharain\",\"image\":{\"@type\":\"ImageObject\",\"inLanguage\":\"fr-FR\",\"@id\":\"https:\\\/\\\/secure.gravatar.com\\\/avatar\\\/42cf449c03e9c23ff1fd9f5ec2adf4715b4c020b67a8bc21ce2c4a040e67eae3?s=96&d=mm&r=g\",\"url\":\"https:\\\/\\\/secure.gravatar.com\\\/avatar\\\/42cf449c03e9c23ff1fd9f5ec2adf4715b4c020b67a8bc21ce2c4a040e67eae3?s=96&d=mm&r=g\",\"contentUrl\":\"https:\\\/\\\/secure.gravatar.com\\\/avatar\\\/42cf449c03e9c23ff1fd9f5ec2adf4715b4c020b67a8bc21ce2c4a040e67eae3?s=96&d=mm&r=g\",\"caption\":\"Bouscharain\"},\"url\":\"https:\\\/\\\/www.semen-l.org\\\/?author=8\"}]}<\/script>\n<!-- \/ Yoast SEO plugin. -->","yoast_head_json":{"title":"Congr\u00e8s de l'Association Guillaume Bud\u00e9 - Soci\u00e9t\u00e9 d&#039;\u00c9tudes M\u00e9dio Et N\u00e9o-Latines","robots":{"index":"index","follow":"follow","max-snippet":"max-snippet:-1","max-image-preview":"max-image-preview:large","max-video-preview":"max-video-preview:-1"},"canonical":"http:\/\/www.semen-l.org\/?p=181","og_locale":"fr_FR","og_type":"article","og_title":"Congr\u00e8s de l'Association Guillaume Bud\u00e9 - Soci\u00e9t\u00e9 d&#039;\u00c9tudes M\u00e9dio Et N\u00e9o-Latines","og_description":"Congr\u00e8s international de l\u2019Association, Lyon 2013 Le XVIIe Congr\u00e8s international de l\u2019Association Guillaume Bud\u00e9 aura lieu \u00e0 Lyon du 26 au 29 ao\u00fbt 2013.\u00a0 Il se d\u00e9roulera dans les trois \u00e9tablissements universitaires litt\u00e9raires de cette ville : l\u2019universit\u00e9 Louis Lumi\u00e8re-Lyon &hellip; Continuer la lecture &rarr;","og_url":"http:\/\/www.semen-l.org\/?p=181","og_site_name":"Soci\u00e9t\u00e9 d&#039;\u00c9tudes M\u00e9dio Et N\u00e9o-Latines","article_publisher":"https:\/\/www.facebook.com\/SEMENL2018","article_published_time":"2013-02-10T20:21:45+00:00","article_modified_time":"2020-11-18T21:58:44+00:00","author":"Bouscharain","twitter_card":"summary_large_image","twitter_misc":{"\u00c9crit par":"Bouscharain","Dur\u00e9e de lecture estim\u00e9e":"1 minute"},"schema":{"@context":"https:\/\/schema.org","@graph":[{"@type":"Article","@id":"http:\/\/www.semen-l.org\/?p=181#article","isPartOf":{"@id":"http:\/\/www.semen-l.org\/?p=181"},"author":{"name":"Bouscharain","@id":"http:\/\/www.semen-l.org\/#\/schema\/person\/773d8aed3467aa8e7dc3f80cf7bf4aa7"},"headline":"Congr\u00e8s de l&rsquo;Association Guillaume Bud\u00e9","datePublished":"2013-02-10T20:21:45+00:00","dateModified":"2020-11-18T21:58:44+00:00","mainEntityOfPage":{"@id":"http:\/\/www.semen-l.org\/?p=181"},"wordCount":271,"commentCount":0,"publisher":{"@id":"http:\/\/www.semen-l.org\/#organization"},"keywords":["passion"],"articleSection":["Congr\u00e8s"],"inLanguage":"fr-FR","potentialAction":[{"@type":"CommentAction","name":"Comment","target":["http:\/\/www.semen-l.org\/?p=181#respond"]}]},{"@type":"WebPage","@id":"http:\/\/www.semen-l.org\/?p=181","url":"http:\/\/www.semen-l.org\/?p=181","name":"Congr\u00e8s de l'Association Guillaume Bud\u00e9 - Soci\u00e9t\u00e9 d&#039;\u00c9tudes M\u00e9dio Et N\u00e9o-Latines","isPartOf":{"@id":"http:\/\/www.semen-l.org\/#website"},"datePublished":"2013-02-10T20:21:45+00:00","dateModified":"2020-11-18T21:58:44+00:00","breadcrumb":{"@id":"http:\/\/www.semen-l.org\/?p=181#breadcrumb"},"inLanguage":"fr-FR","potentialAction":[{"@type":"ReadAction","target":["http:\/\/www.semen-l.org\/?p=181"]}]},{"@type":"BreadcrumbList","@id":"http:\/\/www.semen-l.org\/?p=181#breadcrumb","itemListElement":[{"@type":"ListItem","position":1,"name":"Accueil","item":"http:\/\/www.semen-l.org\/"},{"@type":"ListItem","position":2,"name":"Congr\u00e8s de l&rsquo;Association Guillaume Bud\u00e9"}]},{"@type":"WebSite","@id":"http:\/\/www.semen-l.org\/#website","url":"http:\/\/www.semen-l.org\/","name":"Soci\u00e9t\u00e9 d'\u00c9tudes M\u00e9dio Et N\u00e9o-Latines","description":"","publisher":{"@id":"http:\/\/www.semen-l.org\/#organization"},"potentialAction":[{"@type":"SearchAction","target":{"@type":"EntryPoint","urlTemplate":"http:\/\/www.semen-l.org\/?s={search_term_string}"},"query-input":{"@type":"PropertyValueSpecification","valueRequired":true,"valueName":"search_term_string"}}],"inLanguage":"fr-FR"},{"@type":"Organization","@id":"http:\/\/www.semen-l.org\/#organization","name":"Soci\u00e9t\u00e9 d'\u00e9tudes m\u00e9dio et n\u00e9o-latines","url":"http:\/\/www.semen-l.org\/","logo":{"@type":"ImageObject","inLanguage":"fr-FR","@id":"http:\/\/www.semen-l.org\/#\/schema\/logo\/image\/","url":"http:\/\/www.semen-l.org\/wp-content\/uploads\/2020\/11\/logo-semenl.jpg","contentUrl":"http:\/\/www.semen-l.org\/wp-content\/uploads\/2020\/11\/logo-semenl.jpg","width":408,"height":403,"caption":"Soci\u00e9t\u00e9 d'\u00e9tudes m\u00e9dio et n\u00e9o-latines"},"image":{"@id":"http:\/\/www.semen-l.org\/#\/schema\/logo\/image\/"},"sameAs":["https:\/\/www.facebook.com\/SEMENL2018","https:\/\/independent.academia.edu\/SocitsdtudesmdioetnolatinesSEMENL"]},{"@type":"Person","@id":"http:\/\/www.semen-l.org\/#\/schema\/person\/773d8aed3467aa8e7dc3f80cf7bf4aa7","name":"Bouscharain","image":{"@type":"ImageObject","inLanguage":"fr-FR","@id":"https:\/\/secure.gravatar.com\/avatar\/42cf449c03e9c23ff1fd9f5ec2adf4715b4c020b67a8bc21ce2c4a040e67eae3?s=96&d=mm&r=g","url":"https:\/\/secure.gravatar.com\/avatar\/42cf449c03e9c23ff1fd9f5ec2adf4715b4c020b67a8bc21ce2c4a040e67eae3?s=96&d=mm&r=g","contentUrl":"https:\/\/secure.gravatar.com\/avatar\/42cf449c03e9c23ff1fd9f5ec2adf4715b4c020b67a8bc21ce2c4a040e67eae3?s=96&d=mm&r=g","caption":"Bouscharain"},"url":"https:\/\/www.semen-l.org\/?author=8"}]}},"jetpack_featured_media_url":"","_links":{"self":[{"href":"https:\/\/www.semen-l.org\/index.php?rest_route=\/wp\/v2\/posts\/181","targetHints":{"allow":["GET"]}}],"collection":[{"href":"https:\/\/www.semen-l.org\/index.php?rest_route=\/wp\/v2\/posts"}],"about":[{"href":"https:\/\/www.semen-l.org\/index.php?rest_route=\/wp\/v2\/types\/post"}],"author":[{"embeddable":true,"href":"https:\/\/www.semen-l.org\/index.php?rest_route=\/wp\/v2\/users\/8"}],"replies":[{"embeddable":true,"href":"https:\/\/www.semen-l.org\/index.php?rest_route=%2Fwp%2Fv2%2Fcomments&post=181"}],"version-history":[{"count":0,"href":"https:\/\/www.semen-l.org\/index.php?rest_route=\/wp\/v2\/posts\/181\/revisions"}],"wp:attachment":[{"href":"https:\/\/www.semen-l.org\/index.php?rest_route=%2Fwp%2Fv2%2Fmedia&parent=181"}],"wp:term":[{"taxonomy":"category","embeddable":true,"href":"https:\/\/www.semen-l.org\/index.php?rest_route=%2Fwp%2Fv2%2Fcategories&post=181"},{"taxonomy":"post_tag","embeddable":true,"href":"https:\/\/www.semen-l.org\/index.php?rest_route=%2Fwp%2Fv2%2Ftags&post=181"}],"curies":[{"name":"wp","href":"https:\/\/api.w.org\/{rel}","templated":true}]}}