{"id":1803,"date":"2021-03-01T14:02:04","date_gmt":"2021-03-01T14:02:04","guid":{"rendered":"http:\/\/www.semen-l.org\/?p=1803"},"modified":"2022-01-22T09:46:25","modified_gmt":"2022-01-22T09:46:25","slug":"journ","status":"publish","type":"post","link":"https:\/\/www.semen-l.org\/?p=1803","title":{"rendered":"Appel \u00e0 communications : Journ\u00e9es d&rsquo;\u00e9tudes Aquitaniae Latinae (1300-1700), Bordeaux, 10-11 mars 2022"},"content":{"rendered":"<h1><img decoding=\"async\" class=\"alignright wp-image-1804\" src=\"http:\/\/www.semen-l.org\/wp-content\/uploads\/2021\/03\/centremontaigne-semenl-ubm-logos-300x55.jpg\" alt=\"\" width=\"416\" height=\"85\" \/><\/h1>\n<h1><a href=\"http:\/\/www.semen-l.org\/wp-content\/uploads\/2021\/03\/appel-a-communication-Aquitaniae-latinae-1.pdf\">T\u00e9l\u00e9charger l&rsquo;appel<\/a><\/h1>\n<h1>Centre Montaigne (Universit\u00e9 Bordeaux Montaigne) \u2013 SEMEN-L<\/h1>\n<p>Appel \u00e0 communications<\/p>\n<p><strong>Journ\u00e9es d\u2019\u00e9tudes \u00ab <\/strong><strong><em>Aquitaniae Latinae <\/em><\/strong><strong>(1300-1700) \u00bb<\/strong><\/p>\n<h1>(Bordeaux, 10-11 mars 2022)<\/h1>\n<p>Les journ\u00e9es d\u2019\u00e9tude <em>Aquitaniae Latinae <\/em>(XIV<sup>e<\/sup> \u2013 XVII<sup>e<\/sup> si\u00e8cles) entrent dans le cadre du projet <em>HumanA <\/em>(Humanismes Aquitains \/ Humanisme Aujourd\u2019hui en Nouvelle Aquitaine), dirig\u00e9 par Violaine Giacomotto-Charra et port\u00e9 par le Centre Montaigne (financ\u00e9 par la r\u00e9gion Nouvelle Aquitaine), en collaboration avec la SEMEN-L (Soci\u00e9t\u00e9 d\u2019\u00c9tudes M\u00e9dio- et N\u00e9o-Latines). Ce projet entend contribuer \u00e0 l\u2019\u00e9tude de la vie intellectuelle et de l\u2019identit\u00e9 aquitaine, mais \u00e9galement en valoriser et en promouvoir le patrimoine. Pour une pr\u00e9sentation g\u00e9n\u00e9rale, voir le site : https:\/\/centre-montaigne.huma-num.fr\/projets-du-crmt\/humana\/description-du-projet- humana.html<\/p>\n<p>Il s\u2019agira d\u2019interroger le patrimoine \u00e9crit de langue latine propre \u00e0 la r\u00e9gion Aquitaine, de la Renaissance \u00e0 l\u2019\u00e2ge classique. Le pluriel de ces <em>Aquitaines latines <\/em>veut ouvrir sur une diversit\u00e9 chronologique, th\u00e9matique et formelle, riche de l\u2019h\u00e9ritage antique et m\u00e9di\u00e9val. L\u2019unit\u00e9 g\u00e9ographique de ce territoire qui va de la Loire aux Pyr\u00e9n\u00e9es \u00e0 travers le Poitou, le Berry, le Limousin, l\u2019Angoumois, la Saintonge, le Bordelais, le B\u00e9arn et la Gascogne, appelle en effet une meilleure connaissance des milieux intellectuels locaux et de leurs r\u00e9seaux, mais aussi des \u0153uvres produites dans cette r\u00e9gion et de leur diffusion.<\/p>\n<p>Ces journ\u00e9es se proposent ainsi de revenir sur les grandes figures intellectuelles de l\u2019Aquitaine latine, qu\u2019elles en soient originaires, ou qu\u2019elles soient li\u00e9es \u00e0 elle par leur carri\u00e8re, \u00e0 travers une ample diachronie qui rend compte de la place pr\u00e9pond\u00e9rante du latin dans la culture r\u00e9gionale. En travaillant \u00e0 l\u2019\u00e9tude de leurs \u0153uvres, elles permettront de dessiner l\u2019originalit\u00e9 du patrimoine local en latin et de distinguer les caract\u00e9ristiques qui leur seraient communes, en d\u00e9pit et \u00e0 travers la vari\u00e9t\u00e9 de leurs productions. Cette notion de patrimoine r\u00e9gional latin est ainsi appliqu\u00e9e \u00e0 toutes les productions lettr\u00e9es, quel que soit le domaine du savoir envisag\u00e9 (litt\u00e9rature, droit, m\u00e9decine, th\u00e9ologie, sciences et techniques\u2026) et quelle que soit la forme adopt\u00e9e (recueils po\u00e9tiques, trait\u00e9s philosophiques, ouvrages p\u00e9dagogiques, scientifiques, traductions et commentaires savants\u2026). Les communications d\u00e9gageront ainsi l\u2019apport sp\u00e9cifique de la production r\u00e9gionale aquitaine \u00e0 la culture fran\u00e7aise et europ\u00e9enne des XIV<sup>e<\/sup>-XVII<sup>e<\/sup> si\u00e8cles, tout en interrogeant son unit\u00e9.<\/p>\n<p>La dur\u00e9e pr\u00e9vue pour les communications est de trente minutes. Les propositions, comportant un titre et un r\u00e9sum\u00e9 de 300 mots maximum sont attendues pour le <strong>1<sup>er<\/sup> d\u00e9cembre 2021 <\/strong>\u00e0 l\u2019adresse mail suivante : <a href=\"mailto:anne.bouscharain@gmail.com\">anne.bouscharain@gmail.com<\/a><\/p>\n<a href=\"https:\/\/www.semen-l.org\/wp-content\/uploads\/2021\/03\/appel-a-communication-Aquitaniae-latinae-1.pdf\" class=\"pdfemb-viewer\" style=\"\" data-width=\"max\" data-height=\"max\" data-toolbar=\"both\" data-toolbar-fixed=\"off\">appel \u00e0 communication Aquitaniae latinae (1)<\/a>\n","protected":false},"excerpt":{"rendered":"<p>T\u00e9l\u00e9charger l&rsquo;appel Centre Montaigne (Universit\u00e9 Bordeaux Montaigne) \u2013 SEMEN-L Appel \u00e0 communications Journ\u00e9es d\u2019\u00e9tudes \u00ab Aquitaniae Latinae (1300-1700) \u00bb (Bordeaux, 10-11 mars 2022) Les journ\u00e9es d\u2019\u00e9tude Aquitaniae Latinae (XIVe \u2013 XVIIe si\u00e8cles) entrent dans le cadre du projet HumanA (Humanismes &hellip; <a href=\"https:\/\/www.semen-l.org\/?p=1803\">Continuer la lecture <span class=\"meta-nav\">&rarr;<\/span><\/a><\/p>\n","protected":false},"author":26,"featured_media":1809,"comment_status":"open","ping_status":"open","sticky":false,"template":"","format":"standard","meta":{"footnotes":""},"categories":[4],"tags":[],"class_list":["post-1803","post","type-post","status-publish","format-standard","has-post-thumbnail","hentry","category-colloques"],"yoast_head":"<!-- This site is optimized with the Yoast SEO plugin v27.5 - https:\/\/yoast.com\/product\/yoast-seo-wordpress\/ -->\n<title>Journ\u00e9es d&#039;\u00e9tudes Aquitaniae Latinae : appel \u00e0 communications SEMEN-L<\/title>\n<meta name=\"robots\" content=\"index, follow, max-snippet:-1, max-image-preview:large, max-video-preview:-1\" \/>\n<link rel=\"canonical\" href=\"http:\/\/www.semen-l.org\/?p=1803\" \/>\n<meta property=\"og:locale\" content=\"fr_FR\" \/>\n<meta property=\"og:type\" content=\"article\" \/>\n<meta property=\"og:title\" content=\"Journ\u00e9es d&#039;\u00e9tudes Aquitaniae Latinae : appel \u00e0 communications SEMEN-L\" \/>\n<meta property=\"og:description\" content=\"T\u00e9l\u00e9charger l&rsquo;appel Centre Montaigne (Universit\u00e9 Bordeaux Montaigne) \u2013 SEMEN-L Appel \u00e0 communications Journ\u00e9es d\u2019\u00e9tudes \u00ab Aquitaniae Latinae (1300-1700) \u00bb (Bordeaux, 10-11 mars 2022) Les journ\u00e9es d\u2019\u00e9tude Aquitaniae Latinae (XIVe \u2013 XVIIe si\u00e8cles) entrent dans le cadre du projet HumanA (Humanismes &hellip; Continuer la lecture &rarr;\" \/>\n<meta property=\"og:url\" content=\"http:\/\/www.semen-l.org\/?p=1803\" \/>\n<meta property=\"og:site_name\" content=\"Soci\u00e9t\u00e9 d&#039;\u00c9tudes M\u00e9dio Et N\u00e9o-Latines\" \/>\n<meta property=\"article:publisher\" content=\"https:\/\/www.facebook.com\/SEMENL2018\" \/>\n<meta property=\"article:published_time\" content=\"2021-03-01T14:02:04+00:00\" \/>\n<meta property=\"article:modified_time\" content=\"2022-01-22T09:46:25+00:00\" \/>\n<meta property=\"og:image\" content=\"http:\/\/www.semen-l.org\/wp-content\/uploads\/2021\/03\/logo-centre-montaigne.jpg\" \/>\n\t<meta property=\"og:image:width\" content=\"195\" \/>\n\t<meta property=\"og:image:height\" content=\"70\" \/>\n\t<meta property=\"og:image:type\" content=\"image\/jpeg\" \/>\n<meta name=\"author\" content=\"Julien Maudoux\" \/>\n<meta name=\"twitter:card\" content=\"summary_large_image\" \/>\n<meta name=\"twitter:label1\" content=\"\u00c9crit par\" \/>\n\t<meta name=\"twitter:data1\" content=\"Julien Maudoux\" \/>\n\t<meta name=\"twitter:label2\" content=\"Dur\u00e9e de lecture estim\u00e9e\" \/>\n\t<meta name=\"twitter:data2\" content=\"2 minutes\" \/>\n<script type=\"application\/ld+json\" class=\"yoast-schema-graph\">{\"@context\":\"https:\\\/\\\/schema.org\",\"@graph\":[{\"@type\":\"Article\",\"@id\":\"http:\\\/\\\/www.semen-l.org\\\/?p=1803#article\",\"isPartOf\":{\"@id\":\"http:\\\/\\\/www.semen-l.org\\\/?p=1803\"},\"author\":{\"name\":\"Julien Maudoux\",\"@id\":\"http:\\\/\\\/www.semen-l.org\\\/#\\\/schema\\\/person\\\/ef5208815f17666727763c5363a51344\"},\"headline\":\"Appel \u00e0 communications : Journ\u00e9es d&rsquo;\u00e9tudes Aquitaniae Latinae (1300-1700), Bordeaux, 10-11 mars 2022\",\"datePublished\":\"2021-03-01T14:02:04+00:00\",\"dateModified\":\"2022-01-22T09:46:25+00:00\",\"mainEntityOfPage\":{\"@id\":\"http:\\\/\\\/www.semen-l.org\\\/?p=1803\"},\"wordCount\":479,\"commentCount\":0,\"publisher\":{\"@id\":\"http:\\\/\\\/www.semen-l.org\\\/#organization\"},\"image\":{\"@id\":\"http:\\\/\\\/www.semen-l.org\\\/?p=1803#primaryimage\"},\"thumbnailUrl\":\"https:\\\/\\\/www.semen-l.org\\\/wp-content\\\/uploads\\\/2021\\\/03\\\/logo-centre-montaigne.jpg\",\"articleSection\":[\"Colloques\"],\"inLanguage\":\"fr-FR\",\"potentialAction\":[{\"@type\":\"CommentAction\",\"name\":\"Comment\",\"target\":[\"http:\\\/\\\/www.semen-l.org\\\/?p=1803#respond\"]}]},{\"@type\":\"WebPage\",\"@id\":\"http:\\\/\\\/www.semen-l.org\\\/?p=1803\",\"url\":\"http:\\\/\\\/www.semen-l.org\\\/?p=1803\",\"name\":\"Journ\u00e9es d'\u00e9tudes Aquitaniae Latinae : appel \u00e0 communications SEMEN-L\",\"isPartOf\":{\"@id\":\"http:\\\/\\\/www.semen-l.org\\\/#website\"},\"primaryImageOfPage\":{\"@id\":\"http:\\\/\\\/www.semen-l.org\\\/?p=1803#primaryimage\"},\"image\":{\"@id\":\"http:\\\/\\\/www.semen-l.org\\\/?p=1803#primaryimage\"},\"thumbnailUrl\":\"https:\\\/\\\/www.semen-l.org\\\/wp-content\\\/uploads\\\/2021\\\/03\\\/logo-centre-montaigne.jpg\",\"datePublished\":\"2021-03-01T14:02:04+00:00\",\"dateModified\":\"2022-01-22T09:46:25+00:00\",\"breadcrumb\":{\"@id\":\"http:\\\/\\\/www.semen-l.org\\\/?p=1803#breadcrumb\"},\"inLanguage\":\"fr-FR\",\"potentialAction\":[{\"@type\":\"ReadAction\",\"target\":[\"http:\\\/\\\/www.semen-l.org\\\/?p=1803\"]}]},{\"@type\":\"ImageObject\",\"inLanguage\":\"fr-FR\",\"@id\":\"http:\\\/\\\/www.semen-l.org\\\/?p=1803#primaryimage\",\"url\":\"https:\\\/\\\/www.semen-l.org\\\/wp-content\\\/uploads\\\/2021\\\/03\\\/logo-centre-montaigne.jpg\",\"contentUrl\":\"https:\\\/\\\/www.semen-l.org\\\/wp-content\\\/uploads\\\/2021\\\/03\\\/logo-centre-montaigne.jpg\",\"width\":195,\"height\":70},{\"@type\":\"BreadcrumbList\",\"@id\":\"http:\\\/\\\/www.semen-l.org\\\/?p=1803#breadcrumb\",\"itemListElement\":[{\"@type\":\"ListItem\",\"position\":1,\"name\":\"Accueil\",\"item\":\"http:\\\/\\\/www.semen-l.org\\\/\"},{\"@type\":\"ListItem\",\"position\":2,\"name\":\"Appel \u00e0 communications : Journ\u00e9es d&rsquo;\u00e9tudes Aquitaniae Latinae (1300-1700), Bordeaux, 10-11 mars 2022\"}]},{\"@type\":\"WebSite\",\"@id\":\"http:\\\/\\\/www.semen-l.org\\\/#website\",\"url\":\"http:\\\/\\\/www.semen-l.org\\\/\",\"name\":\"Soci\u00e9t\u00e9 d'\u00c9tudes M\u00e9dio Et N\u00e9o-Latines\",\"description\":\"\",\"publisher\":{\"@id\":\"http:\\\/\\\/www.semen-l.org\\\/#organization\"},\"potentialAction\":[{\"@type\":\"SearchAction\",\"target\":{\"@type\":\"EntryPoint\",\"urlTemplate\":\"http:\\\/\\\/www.semen-l.org\\\/?s={search_term_string}\"},\"query-input\":{\"@type\":\"PropertyValueSpecification\",\"valueRequired\":true,\"valueName\":\"search_term_string\"}}],\"inLanguage\":\"fr-FR\"},{\"@type\":\"Organization\",\"@id\":\"http:\\\/\\\/www.semen-l.org\\\/#organization\",\"name\":\"Soci\u00e9t\u00e9 d'\u00e9tudes m\u00e9dio et n\u00e9o-latines\",\"url\":\"http:\\\/\\\/www.semen-l.org\\\/\",\"logo\":{\"@type\":\"ImageObject\",\"inLanguage\":\"fr-FR\",\"@id\":\"http:\\\/\\\/www.semen-l.org\\\/#\\\/schema\\\/logo\\\/image\\\/\",\"url\":\"http:\\\/\\\/www.semen-l.org\\\/wp-content\\\/uploads\\\/2020\\\/11\\\/logo-semenl.jpg\",\"contentUrl\":\"http:\\\/\\\/www.semen-l.org\\\/wp-content\\\/uploads\\\/2020\\\/11\\\/logo-semenl.jpg\",\"width\":408,\"height\":403,\"caption\":\"Soci\u00e9t\u00e9 d'\u00e9tudes m\u00e9dio et n\u00e9o-latines\"},\"image\":{\"@id\":\"http:\\\/\\\/www.semen-l.org\\\/#\\\/schema\\\/logo\\\/image\\\/\"},\"sameAs\":[\"https:\\\/\\\/www.facebook.com\\\/SEMENL2018\",\"https:\\\/\\\/independent.academia.edu\\\/SocitsdtudesmdioetnolatinesSEMENL\"]},{\"@type\":\"Person\",\"@id\":\"http:\\\/\\\/www.semen-l.org\\\/#\\\/schema\\\/person\\\/ef5208815f17666727763c5363a51344\",\"name\":\"Julien Maudoux\",\"image\":{\"@type\":\"ImageObject\",\"inLanguage\":\"fr-FR\",\"@id\":\"https:\\\/\\\/secure.gravatar.com\\\/avatar\\\/caabf4fb6242e2277733cd35a5c2aa083761ea25dae1d1ff3298b54292225292?s=96&d=mm&r=g\",\"url\":\"https:\\\/\\\/secure.gravatar.com\\\/avatar\\\/caabf4fb6242e2277733cd35a5c2aa083761ea25dae1d1ff3298b54292225292?s=96&d=mm&r=g\",\"contentUrl\":\"https:\\\/\\\/secure.gravatar.com\\\/avatar\\\/caabf4fb6242e2277733cd35a5c2aa083761ea25dae1d1ff3298b54292225292?s=96&d=mm&r=g\",\"caption\":\"Julien Maudoux\"},\"description\":\"Webmestre du site de la SEMEN-L\",\"url\":\"https:\\\/\\\/www.semen-l.org\\\/?author=26\"}]}<\/script>\n<!-- \/ Yoast SEO plugin. -->","yoast_head_json":{"title":"Journ\u00e9es d'\u00e9tudes Aquitaniae Latinae : appel \u00e0 communications SEMEN-L","robots":{"index":"index","follow":"follow","max-snippet":"max-snippet:-1","max-image-preview":"max-image-preview:large","max-video-preview":"max-video-preview:-1"},"canonical":"http:\/\/www.semen-l.org\/?p=1803","og_locale":"fr_FR","og_type":"article","og_title":"Journ\u00e9es d'\u00e9tudes Aquitaniae Latinae : appel \u00e0 communications SEMEN-L","og_description":"T\u00e9l\u00e9charger l&rsquo;appel Centre Montaigne (Universit\u00e9 Bordeaux Montaigne) \u2013 SEMEN-L Appel \u00e0 communications Journ\u00e9es d\u2019\u00e9tudes \u00ab Aquitaniae Latinae (1300-1700) \u00bb (Bordeaux, 10-11 mars 2022) Les journ\u00e9es d\u2019\u00e9tude Aquitaniae Latinae (XIVe \u2013 XVIIe si\u00e8cles) entrent dans le cadre du projet HumanA (Humanismes &hellip; Continuer la lecture &rarr;","og_url":"http:\/\/www.semen-l.org\/?p=1803","og_site_name":"Soci\u00e9t\u00e9 d&#039;\u00c9tudes M\u00e9dio Et N\u00e9o-Latines","article_publisher":"https:\/\/www.facebook.com\/SEMENL2018","article_published_time":"2021-03-01T14:02:04+00:00","article_modified_time":"2022-01-22T09:46:25+00:00","og_image":[{"width":195,"height":70,"url":"http:\/\/www.semen-l.org\/wp-content\/uploads\/2021\/03\/logo-centre-montaigne.jpg","type":"image\/jpeg"}],"author":"Julien Maudoux","twitter_card":"summary_large_image","twitter_misc":{"\u00c9crit par":"Julien Maudoux","Dur\u00e9e de lecture estim\u00e9e":"2 minutes"},"schema":{"@context":"https:\/\/schema.org","@graph":[{"@type":"Article","@id":"http:\/\/www.semen-l.org\/?p=1803#article","isPartOf":{"@id":"http:\/\/www.semen-l.org\/?p=1803"},"author":{"name":"Julien Maudoux","@id":"http:\/\/www.semen-l.org\/#\/schema\/person\/ef5208815f17666727763c5363a51344"},"headline":"Appel \u00e0 communications : Journ\u00e9es d&rsquo;\u00e9tudes Aquitaniae Latinae (1300-1700), Bordeaux, 10-11 mars 2022","datePublished":"2021-03-01T14:02:04+00:00","dateModified":"2022-01-22T09:46:25+00:00","mainEntityOfPage":{"@id":"http:\/\/www.semen-l.org\/?p=1803"},"wordCount":479,"commentCount":0,"publisher":{"@id":"http:\/\/www.semen-l.org\/#organization"},"image":{"@id":"http:\/\/www.semen-l.org\/?p=1803#primaryimage"},"thumbnailUrl":"https:\/\/www.semen-l.org\/wp-content\/uploads\/2021\/03\/logo-centre-montaigne.jpg","articleSection":["Colloques"],"inLanguage":"fr-FR","potentialAction":[{"@type":"CommentAction","name":"Comment","target":["http:\/\/www.semen-l.org\/?p=1803#respond"]}]},{"@type":"WebPage","@id":"http:\/\/www.semen-l.org\/?p=1803","url":"http:\/\/www.semen-l.org\/?p=1803","name":"Journ\u00e9es d'\u00e9tudes Aquitaniae Latinae : appel \u00e0 communications SEMEN-L","isPartOf":{"@id":"http:\/\/www.semen-l.org\/#website"},"primaryImageOfPage":{"@id":"http:\/\/www.semen-l.org\/?p=1803#primaryimage"},"image":{"@id":"http:\/\/www.semen-l.org\/?p=1803#primaryimage"},"thumbnailUrl":"https:\/\/www.semen-l.org\/wp-content\/uploads\/2021\/03\/logo-centre-montaigne.jpg","datePublished":"2021-03-01T14:02:04+00:00","dateModified":"2022-01-22T09:46:25+00:00","breadcrumb":{"@id":"http:\/\/www.semen-l.org\/?p=1803#breadcrumb"},"inLanguage":"fr-FR","potentialAction":[{"@type":"ReadAction","target":["http:\/\/www.semen-l.org\/?p=1803"]}]},{"@type":"ImageObject","inLanguage":"fr-FR","@id":"http:\/\/www.semen-l.org\/?p=1803#primaryimage","url":"https:\/\/www.semen-l.org\/wp-content\/uploads\/2021\/03\/logo-centre-montaigne.jpg","contentUrl":"https:\/\/www.semen-l.org\/wp-content\/uploads\/2021\/03\/logo-centre-montaigne.jpg","width":195,"height":70},{"@type":"BreadcrumbList","@id":"http:\/\/www.semen-l.org\/?p=1803#breadcrumb","itemListElement":[{"@type":"ListItem","position":1,"name":"Accueil","item":"http:\/\/www.semen-l.org\/"},{"@type":"ListItem","position":2,"name":"Appel \u00e0 communications : Journ\u00e9es d&rsquo;\u00e9tudes Aquitaniae Latinae (1300-1700), Bordeaux, 10-11 mars 2022"}]},{"@type":"WebSite","@id":"http:\/\/www.semen-l.org\/#website","url":"http:\/\/www.semen-l.org\/","name":"Soci\u00e9t\u00e9 d'\u00c9tudes M\u00e9dio Et N\u00e9o-Latines","description":"","publisher":{"@id":"http:\/\/www.semen-l.org\/#organization"},"potentialAction":[{"@type":"SearchAction","target":{"@type":"EntryPoint","urlTemplate":"http:\/\/www.semen-l.org\/?s={search_term_string}"},"query-input":{"@type":"PropertyValueSpecification","valueRequired":true,"valueName":"search_term_string"}}],"inLanguage":"fr-FR"},{"@type":"Organization","@id":"http:\/\/www.semen-l.org\/#organization","name":"Soci\u00e9t\u00e9 d'\u00e9tudes m\u00e9dio et n\u00e9o-latines","url":"http:\/\/www.semen-l.org\/","logo":{"@type":"ImageObject","inLanguage":"fr-FR","@id":"http:\/\/www.semen-l.org\/#\/schema\/logo\/image\/","url":"http:\/\/www.semen-l.org\/wp-content\/uploads\/2020\/11\/logo-semenl.jpg","contentUrl":"http:\/\/www.semen-l.org\/wp-content\/uploads\/2020\/11\/logo-semenl.jpg","width":408,"height":403,"caption":"Soci\u00e9t\u00e9 d'\u00e9tudes m\u00e9dio et n\u00e9o-latines"},"image":{"@id":"http:\/\/www.semen-l.org\/#\/schema\/logo\/image\/"},"sameAs":["https:\/\/www.facebook.com\/SEMENL2018","https:\/\/independent.academia.edu\/SocitsdtudesmdioetnolatinesSEMENL"]},{"@type":"Person","@id":"http:\/\/www.semen-l.org\/#\/schema\/person\/ef5208815f17666727763c5363a51344","name":"Julien Maudoux","image":{"@type":"ImageObject","inLanguage":"fr-FR","@id":"https:\/\/secure.gravatar.com\/avatar\/caabf4fb6242e2277733cd35a5c2aa083761ea25dae1d1ff3298b54292225292?s=96&d=mm&r=g","url":"https:\/\/secure.gravatar.com\/avatar\/caabf4fb6242e2277733cd35a5c2aa083761ea25dae1d1ff3298b54292225292?s=96&d=mm&r=g","contentUrl":"https:\/\/secure.gravatar.com\/avatar\/caabf4fb6242e2277733cd35a5c2aa083761ea25dae1d1ff3298b54292225292?s=96&d=mm&r=g","caption":"Julien Maudoux"},"description":"Webmestre du site de la SEMEN-L","url":"https:\/\/www.semen-l.org\/?author=26"}]}},"jetpack_featured_media_url":"https:\/\/www.semen-l.org\/wp-content\/uploads\/2021\/03\/logo-centre-montaigne.jpg","_links":{"self":[{"href":"https:\/\/www.semen-l.org\/index.php?rest_route=\/wp\/v2\/posts\/1803","targetHints":{"allow":["GET"]}}],"collection":[{"href":"https:\/\/www.semen-l.org\/index.php?rest_route=\/wp\/v2\/posts"}],"about":[{"href":"https:\/\/www.semen-l.org\/index.php?rest_route=\/wp\/v2\/types\/post"}],"author":[{"embeddable":true,"href":"https:\/\/www.semen-l.org\/index.php?rest_route=\/wp\/v2\/users\/26"}],"replies":[{"embeddable":true,"href":"https:\/\/www.semen-l.org\/index.php?rest_route=%2Fwp%2Fv2%2Fcomments&post=1803"}],"version-history":[{"count":0,"href":"https:\/\/www.semen-l.org\/index.php?rest_route=\/wp\/v2\/posts\/1803\/revisions"}],"wp:featuredmedia":[{"embeddable":true,"href":"https:\/\/www.semen-l.org\/index.php?rest_route=\/wp\/v2\/media\/1809"}],"wp:attachment":[{"href":"https:\/\/www.semen-l.org\/index.php?rest_route=%2Fwp%2Fv2%2Fmedia&parent=1803"}],"wp:term":[{"taxonomy":"category","embeddable":true,"href":"https:\/\/www.semen-l.org\/index.php?rest_route=%2Fwp%2Fv2%2Fcategories&post=1803"},{"taxonomy":"post_tag","embeddable":true,"href":"https:\/\/www.semen-l.org\/index.php?rest_route=%2Fwp%2Fv2%2Ftags&post=1803"}],"curies":[{"name":"wp","href":"https:\/\/api.w.org\/{rel}","templated":true}]}}