{"id":173,"date":"2013-02-10T20:13:13","date_gmt":"2013-02-10T20:13:13","guid":{"rendered":"http:\/\/www.semen-l.org\/?p=173"},"modified":"2020-11-22T18:25:10","modified_gmt":"2020-11-22T18:25:10","slug":"colloque-appel-a-contributions","status":"publish","type":"post","link":"https:\/\/www.semen-l.org\/?p=173","title":{"rendered":"Colloque &#8211; Appel \u00e0 contributions"},"content":{"rendered":"<p>Vous trouverez sur le site Fabula un appel \u00e0 communications pour le colloque international \u00ab\u00a0Les Classiques aux Am\u00e9riques. R\u00e9\u00e9critures chez les classiques grecs et latins sur le continent am\u00e9ricain et dans les Cara\u00efbes\u00a0\u00bb en octobre 2013. <\/p>\n<p>www.fabula.org\/actualites\/les-classiques-aux-ameriques-extension-de-la-date-limite_55185.php<\/p>\n","protected":false},"excerpt":{"rendered":"<p>Vous trouverez sur le site Fabula un appel \u00e0 communications pour le colloque international \u00ab\u00a0Les Classiques aux Am\u00e9riques. R\u00e9\u00e9critures chez les classiques grecs et latins sur le continent am\u00e9ricain et dans les Cara\u00efbes\u00a0\u00bb en octobre 2013. www.fabula.org\/actualites\/les-classiques-aux-ameriques-extension-de-la-date-limite_55185.php<\/p>\n","protected":false},"author":8,"featured_media":0,"comment_status":"open","ping_status":"open","sticky":false,"template":"","format":"standard","meta":{"footnotes":""},"categories":[4],"tags":[],"class_list":["post-173","post","type-post","status-publish","format-standard","hentry","category-colloques"],"yoast_head":"<!-- This site is optimized with the Yoast SEO plugin v27.5 - https:\/\/yoast.com\/product\/yoast-seo-wordpress\/ -->\n<title>Colloque - Appel \u00e0 contributions - Soci\u00e9t\u00e9 d&#039;\u00c9tudes M\u00e9dio Et N\u00e9o-Latines<\/title>\n<meta name=\"robots\" content=\"index, follow, max-snippet:-1, max-image-preview:large, max-video-preview:-1\" \/>\n<link rel=\"canonical\" href=\"https:\/\/www.semen-l.org\/?p=173\" \/>\n<meta property=\"og:locale\" content=\"fr_FR\" \/>\n<meta property=\"og:type\" content=\"article\" \/>\n<meta property=\"og:title\" content=\"Colloque - Appel \u00e0 contributions - Soci\u00e9t\u00e9 d&#039;\u00c9tudes M\u00e9dio Et N\u00e9o-Latines\" \/>\n<meta property=\"og:description\" content=\"Vous trouverez sur le site Fabula un appel \u00e0 communications pour le colloque international \u00ab\u00a0Les Classiques aux Am\u00e9riques. R\u00e9\u00e9critures chez les classiques grecs et latins sur le continent am\u00e9ricain et dans les Cara\u00efbes\u00a0\u00bb en octobre 2013. www.fabula.org\/actualites\/les-classiques-aux-ameriques-extension-de-la-date-limite_55185.php\" \/>\n<meta property=\"og:url\" content=\"https:\/\/www.semen-l.org\/?p=173\" \/>\n<meta property=\"og:site_name\" content=\"Soci\u00e9t\u00e9 d&#039;\u00c9tudes M\u00e9dio Et N\u00e9o-Latines\" \/>\n<meta property=\"article:publisher\" content=\"https:\/\/www.facebook.com\/SEMENL2018\" \/>\n<meta property=\"article:published_time\" content=\"2013-02-10T20:13:13+00:00\" \/>\n<meta property=\"article:modified_time\" content=\"2020-11-22T18:25:10+00:00\" \/>\n<meta name=\"author\" content=\"Bouscharain\" \/>\n<meta name=\"twitter:card\" content=\"summary_large_image\" \/>\n<meta name=\"twitter:label1\" content=\"\u00c9crit par\" \/>\n\t<meta name=\"twitter:data1\" content=\"Bouscharain\" \/>\n<script type=\"application\/ld+json\" class=\"yoast-schema-graph\">{\"@context\":\"https:\\\/\\\/schema.org\",\"@graph\":[{\"@type\":\"Article\",\"@id\":\"https:\\\/\\\/www.semen-l.org\\\/?p=173#article\",\"isPartOf\":{\"@id\":\"https:\\\/\\\/www.semen-l.org\\\/?p=173\"},\"author\":{\"name\":\"Bouscharain\",\"@id\":\"http:\\\/\\\/www.semen-l.org\\\/#\\\/schema\\\/person\\\/773d8aed3467aa8e7dc3f80cf7bf4aa7\"},\"headline\":\"Colloque &#8211; Appel \u00e0 contributions\",\"datePublished\":\"2013-02-10T20:13:13+00:00\",\"dateModified\":\"2020-11-22T18:25:10+00:00\",\"mainEntityOfPage\":{\"@id\":\"https:\\\/\\\/www.semen-l.org\\\/?p=173\"},\"wordCount\":48,\"commentCount\":0,\"publisher\":{\"@id\":\"http:\\\/\\\/www.semen-l.org\\\/#organization\"},\"articleSection\":[\"Colloques\"],\"inLanguage\":\"fr-FR\",\"potentialAction\":[{\"@type\":\"CommentAction\",\"name\":\"Comment\",\"target\":[\"https:\\\/\\\/www.semen-l.org\\\/?p=173#respond\"]}]},{\"@type\":\"WebPage\",\"@id\":\"https:\\\/\\\/www.semen-l.org\\\/?p=173\",\"url\":\"https:\\\/\\\/www.semen-l.org\\\/?p=173\",\"name\":\"Colloque - Appel \u00e0 contributions - Soci\u00e9t\u00e9 d&#039;\u00c9tudes M\u00e9dio Et N\u00e9o-Latines\",\"isPartOf\":{\"@id\":\"http:\\\/\\\/www.semen-l.org\\\/#website\"},\"datePublished\":\"2013-02-10T20:13:13+00:00\",\"dateModified\":\"2020-11-22T18:25:10+00:00\",\"breadcrumb\":{\"@id\":\"https:\\\/\\\/www.semen-l.org\\\/?p=173#breadcrumb\"},\"inLanguage\":\"fr-FR\",\"potentialAction\":[{\"@type\":\"ReadAction\",\"target\":[\"https:\\\/\\\/www.semen-l.org\\\/?p=173\"]}]},{\"@type\":\"BreadcrumbList\",\"@id\":\"https:\\\/\\\/www.semen-l.org\\\/?p=173#breadcrumb\",\"itemListElement\":[{\"@type\":\"ListItem\",\"position\":1,\"name\":\"Accueil\",\"item\":\"http:\\\/\\\/www.semen-l.org\\\/\"},{\"@type\":\"ListItem\",\"position\":2,\"name\":\"Colloque &#8211; Appel \u00e0 contributions\"}]},{\"@type\":\"WebSite\",\"@id\":\"http:\\\/\\\/www.semen-l.org\\\/#website\",\"url\":\"http:\\\/\\\/www.semen-l.org\\\/\",\"name\":\"Soci\u00e9t\u00e9 d'\u00c9tudes M\u00e9dio Et N\u00e9o-Latines\",\"description\":\"\",\"publisher\":{\"@id\":\"http:\\\/\\\/www.semen-l.org\\\/#organization\"},\"potentialAction\":[{\"@type\":\"SearchAction\",\"target\":{\"@type\":\"EntryPoint\",\"urlTemplate\":\"http:\\\/\\\/www.semen-l.org\\\/?s={search_term_string}\"},\"query-input\":{\"@type\":\"PropertyValueSpecification\",\"valueRequired\":true,\"valueName\":\"search_term_string\"}}],\"inLanguage\":\"fr-FR\"},{\"@type\":\"Organization\",\"@id\":\"http:\\\/\\\/www.semen-l.org\\\/#organization\",\"name\":\"Soci\u00e9t\u00e9 d'\u00e9tudes m\u00e9dio et n\u00e9o-latines\",\"url\":\"http:\\\/\\\/www.semen-l.org\\\/\",\"logo\":{\"@type\":\"ImageObject\",\"inLanguage\":\"fr-FR\",\"@id\":\"http:\\\/\\\/www.semen-l.org\\\/#\\\/schema\\\/logo\\\/image\\\/\",\"url\":\"http:\\\/\\\/www.semen-l.org\\\/wp-content\\\/uploads\\\/2020\\\/11\\\/logo-semenl.jpg\",\"contentUrl\":\"http:\\\/\\\/www.semen-l.org\\\/wp-content\\\/uploads\\\/2020\\\/11\\\/logo-semenl.jpg\",\"width\":408,\"height\":403,\"caption\":\"Soci\u00e9t\u00e9 d'\u00e9tudes m\u00e9dio et n\u00e9o-latines\"},\"image\":{\"@id\":\"http:\\\/\\\/www.semen-l.org\\\/#\\\/schema\\\/logo\\\/image\\\/\"},\"sameAs\":[\"https:\\\/\\\/www.facebook.com\\\/SEMENL2018\",\"https:\\\/\\\/independent.academia.edu\\\/SocitsdtudesmdioetnolatinesSEMENL\"]},{\"@type\":\"Person\",\"@id\":\"http:\\\/\\\/www.semen-l.org\\\/#\\\/schema\\\/person\\\/773d8aed3467aa8e7dc3f80cf7bf4aa7\",\"name\":\"Bouscharain\",\"image\":{\"@type\":\"ImageObject\",\"inLanguage\":\"fr-FR\",\"@id\":\"https:\\\/\\\/secure.gravatar.com\\\/avatar\\\/42cf449c03e9c23ff1fd9f5ec2adf4715b4c020b67a8bc21ce2c4a040e67eae3?s=96&d=mm&r=g\",\"url\":\"https:\\\/\\\/secure.gravatar.com\\\/avatar\\\/42cf449c03e9c23ff1fd9f5ec2adf4715b4c020b67a8bc21ce2c4a040e67eae3?s=96&d=mm&r=g\",\"contentUrl\":\"https:\\\/\\\/secure.gravatar.com\\\/avatar\\\/42cf449c03e9c23ff1fd9f5ec2adf4715b4c020b67a8bc21ce2c4a040e67eae3?s=96&d=mm&r=g\",\"caption\":\"Bouscharain\"},\"url\":\"https:\\\/\\\/www.semen-l.org\\\/?author=8\"}]}<\/script>\n<!-- \/ Yoast SEO plugin. -->","yoast_head_json":{"title":"Colloque - Appel \u00e0 contributions - Soci\u00e9t\u00e9 d&#039;\u00c9tudes M\u00e9dio Et N\u00e9o-Latines","robots":{"index":"index","follow":"follow","max-snippet":"max-snippet:-1","max-image-preview":"max-image-preview:large","max-video-preview":"max-video-preview:-1"},"canonical":"https:\/\/www.semen-l.org\/?p=173","og_locale":"fr_FR","og_type":"article","og_title":"Colloque - Appel \u00e0 contributions - Soci\u00e9t\u00e9 d&#039;\u00c9tudes M\u00e9dio Et N\u00e9o-Latines","og_description":"Vous trouverez sur le site Fabula un appel \u00e0 communications pour le colloque international \u00ab\u00a0Les Classiques aux Am\u00e9riques. R\u00e9\u00e9critures chez les classiques grecs et latins sur le continent am\u00e9ricain et dans les Cara\u00efbes\u00a0\u00bb en octobre 2013. www.fabula.org\/actualites\/les-classiques-aux-ameriques-extension-de-la-date-limite_55185.php","og_url":"https:\/\/www.semen-l.org\/?p=173","og_site_name":"Soci\u00e9t\u00e9 d&#039;\u00c9tudes M\u00e9dio Et N\u00e9o-Latines","article_publisher":"https:\/\/www.facebook.com\/SEMENL2018","article_published_time":"2013-02-10T20:13:13+00:00","article_modified_time":"2020-11-22T18:25:10+00:00","author":"Bouscharain","twitter_card":"summary_large_image","twitter_misc":{"\u00c9crit par":"Bouscharain"},"schema":{"@context":"https:\/\/schema.org","@graph":[{"@type":"Article","@id":"https:\/\/www.semen-l.org\/?p=173#article","isPartOf":{"@id":"https:\/\/www.semen-l.org\/?p=173"},"author":{"name":"Bouscharain","@id":"http:\/\/www.semen-l.org\/#\/schema\/person\/773d8aed3467aa8e7dc3f80cf7bf4aa7"},"headline":"Colloque &#8211; Appel \u00e0 contributions","datePublished":"2013-02-10T20:13:13+00:00","dateModified":"2020-11-22T18:25:10+00:00","mainEntityOfPage":{"@id":"https:\/\/www.semen-l.org\/?p=173"},"wordCount":48,"commentCount":0,"publisher":{"@id":"http:\/\/www.semen-l.org\/#organization"},"articleSection":["Colloques"],"inLanguage":"fr-FR","potentialAction":[{"@type":"CommentAction","name":"Comment","target":["https:\/\/www.semen-l.org\/?p=173#respond"]}]},{"@type":"WebPage","@id":"https:\/\/www.semen-l.org\/?p=173","url":"https:\/\/www.semen-l.org\/?p=173","name":"Colloque - Appel \u00e0 contributions - Soci\u00e9t\u00e9 d&#039;\u00c9tudes M\u00e9dio Et N\u00e9o-Latines","isPartOf":{"@id":"http:\/\/www.semen-l.org\/#website"},"datePublished":"2013-02-10T20:13:13+00:00","dateModified":"2020-11-22T18:25:10+00:00","breadcrumb":{"@id":"https:\/\/www.semen-l.org\/?p=173#breadcrumb"},"inLanguage":"fr-FR","potentialAction":[{"@type":"ReadAction","target":["https:\/\/www.semen-l.org\/?p=173"]}]},{"@type":"BreadcrumbList","@id":"https:\/\/www.semen-l.org\/?p=173#breadcrumb","itemListElement":[{"@type":"ListItem","position":1,"name":"Accueil","item":"http:\/\/www.semen-l.org\/"},{"@type":"ListItem","position":2,"name":"Colloque &#8211; Appel \u00e0 contributions"}]},{"@type":"WebSite","@id":"http:\/\/www.semen-l.org\/#website","url":"http:\/\/www.semen-l.org\/","name":"Soci\u00e9t\u00e9 d'\u00c9tudes M\u00e9dio Et N\u00e9o-Latines","description":"","publisher":{"@id":"http:\/\/www.semen-l.org\/#organization"},"potentialAction":[{"@type":"SearchAction","target":{"@type":"EntryPoint","urlTemplate":"http:\/\/www.semen-l.org\/?s={search_term_string}"},"query-input":{"@type":"PropertyValueSpecification","valueRequired":true,"valueName":"search_term_string"}}],"inLanguage":"fr-FR"},{"@type":"Organization","@id":"http:\/\/www.semen-l.org\/#organization","name":"Soci\u00e9t\u00e9 d'\u00e9tudes m\u00e9dio et n\u00e9o-latines","url":"http:\/\/www.semen-l.org\/","logo":{"@type":"ImageObject","inLanguage":"fr-FR","@id":"http:\/\/www.semen-l.org\/#\/schema\/logo\/image\/","url":"http:\/\/www.semen-l.org\/wp-content\/uploads\/2020\/11\/logo-semenl.jpg","contentUrl":"http:\/\/www.semen-l.org\/wp-content\/uploads\/2020\/11\/logo-semenl.jpg","width":408,"height":403,"caption":"Soci\u00e9t\u00e9 d'\u00e9tudes m\u00e9dio et n\u00e9o-latines"},"image":{"@id":"http:\/\/www.semen-l.org\/#\/schema\/logo\/image\/"},"sameAs":["https:\/\/www.facebook.com\/SEMENL2018","https:\/\/independent.academia.edu\/SocitsdtudesmdioetnolatinesSEMENL"]},{"@type":"Person","@id":"http:\/\/www.semen-l.org\/#\/schema\/person\/773d8aed3467aa8e7dc3f80cf7bf4aa7","name":"Bouscharain","image":{"@type":"ImageObject","inLanguage":"fr-FR","@id":"https:\/\/secure.gravatar.com\/avatar\/42cf449c03e9c23ff1fd9f5ec2adf4715b4c020b67a8bc21ce2c4a040e67eae3?s=96&d=mm&r=g","url":"https:\/\/secure.gravatar.com\/avatar\/42cf449c03e9c23ff1fd9f5ec2adf4715b4c020b67a8bc21ce2c4a040e67eae3?s=96&d=mm&r=g","contentUrl":"https:\/\/secure.gravatar.com\/avatar\/42cf449c03e9c23ff1fd9f5ec2adf4715b4c020b67a8bc21ce2c4a040e67eae3?s=96&d=mm&r=g","caption":"Bouscharain"},"url":"https:\/\/www.semen-l.org\/?author=8"}]}},"jetpack_featured_media_url":"","_links":{"self":[{"href":"https:\/\/www.semen-l.org\/index.php?rest_route=\/wp\/v2\/posts\/173","targetHints":{"allow":["GET"]}}],"collection":[{"href":"https:\/\/www.semen-l.org\/index.php?rest_route=\/wp\/v2\/posts"}],"about":[{"href":"https:\/\/www.semen-l.org\/index.php?rest_route=\/wp\/v2\/types\/post"}],"author":[{"embeddable":true,"href":"https:\/\/www.semen-l.org\/index.php?rest_route=\/wp\/v2\/users\/8"}],"replies":[{"embeddable":true,"href":"https:\/\/www.semen-l.org\/index.php?rest_route=%2Fwp%2Fv2%2Fcomments&post=173"}],"version-history":[{"count":0,"href":"https:\/\/www.semen-l.org\/index.php?rest_route=\/wp\/v2\/posts\/173\/revisions"}],"wp:attachment":[{"href":"https:\/\/www.semen-l.org\/index.php?rest_route=%2Fwp%2Fv2%2Fmedia&parent=173"}],"wp:term":[{"taxonomy":"category","embeddable":true,"href":"https:\/\/www.semen-l.org\/index.php?rest_route=%2Fwp%2Fv2%2Fcategories&post=173"},{"taxonomy":"post_tag","embeddable":true,"href":"https:\/\/www.semen-l.org\/index.php?rest_route=%2Fwp%2Fv2%2Ftags&post=173"}],"curies":[{"name":"wp","href":"https:\/\/api.w.org\/{rel}","templated":true}]}}