{"id":1680,"date":"2021-01-10T11:46:24","date_gmt":"2021-01-10T11:46:24","guid":{"rendered":"http:\/\/www.semen-l.org\/?p=1680"},"modified":"2021-01-31T12:04:12","modified_gmt":"2021-01-31T12:04:12","slug":"la-litterature-latine-des-humanistes-suisses-au-xvie-siecle-fribourg-30-31-janvier-2020","status":"publish","type":"post","link":"https:\/\/www.semen-l.org\/?p=1680","title":{"rendered":"La litt\u00e9rature latine des humanistes suisses au XVIe si\u00e8cle (Fribourg, 30-31 janvier 2020)"},"content":{"rendered":"\t\t<div data-elementor-type=\"wp-post\" data-elementor-id=\"1680\" class=\"elementor elementor-1680\">\n\t\t\t\t\t\t<section class=\"elementor-section elementor-top-section elementor-element elementor-element-117aba8 elementor-section-boxed elementor-section-height-default elementor-section-height-default\" data-id=\"117aba8\" data-element_type=\"section\" data-e-type=\"section\">\n\t\t\t\t\t\t<div class=\"elementor-container elementor-column-gap-default\">\n\t\t\t\t\t<div class=\"elementor-column elementor-col-100 elementor-top-column elementor-element elementor-element-6e0da7d\" data-id=\"6e0da7d\" data-element_type=\"column\" data-e-type=\"column\">\n\t\t\t<div class=\"elementor-widget-wrap elementor-element-populated\">\n\t\t\t\t\t\t<div class=\"elementor-element elementor-element-969503d elementor-widget elementor-widget-text-editor\" data-id=\"969503d\" data-element_type=\"widget\" data-e-type=\"widget\" data-widget_type=\"text-editor.default\">\n\t\t\t\t<div class=\"elementor-widget-container\">\n\t\t\t\t\t\t\t\t\t<a href=\"https:\/\/www.semen-l.org\/wp-content\/uploads\/2021\/01\/La_litterature_latine_des_humanistes_sui.pdf\" class=\"pdfemb-viewer\" style=\"\" data-width=\"max\" data-height=\"max\" data-toolbar=\"both\" data-toolbar-fixed=\"off\">La_litterature_latine_des_humanistes_sui<\/a>\t\t\t\t\t\t\t\t<\/div>\n\t\t\t\t<\/div>\n\t\t\t\t\t<\/div>\n\t\t<\/div>\n\t\t\t\t\t<\/div>\n\t\t<\/section>\n\t\t\t\t<section class=\"elementor-section elementor-top-section elementor-element elementor-element-5befb1ca elementor-section-boxed elementor-section-height-default elementor-section-height-default\" data-id=\"5befb1ca\" data-element_type=\"section\" data-e-type=\"section\">\n\t\t\t\t\t\t<div class=\"elementor-container elementor-column-gap-default\">\n\t\t\t\t\t<div class=\"elementor-column elementor-col-100 elementor-top-column elementor-element elementor-element-575fc419\" data-id=\"575fc419\" data-element_type=\"column\" data-e-type=\"column\">\n\t\t\t<div class=\"elementor-widget-wrap elementor-element-populated\">\n\t\t\t\t\t\t<div class=\"elementor-element elementor-element-6fd3364d elementor-widget elementor-widget-text-editor\" data-id=\"6fd3364d\" data-element_type=\"widget\" data-e-type=\"widget\" data-widget_type=\"text-editor.default\">\n\t\t\t\t<div class=\"elementor-widget-container\">\n\t\t\t\t\t\t\t\t\t<p>Colloque : <strong>La litt\u00e9rature latine des humanistes suisses <\/strong><strong>au XVI<\/strong><strong>e <\/strong><strong>si\u00e8cle,\u00a0<\/strong><strong><em>Glareanus, Gessner et les autres<\/em><\/strong><\/p><p>Tout au long du XVIe si\u00e8cle, les humanistes suisses ont produit une abondante litt\u00e9rature latine, en vers et en prose, qui ressuscite et imite, mais aussi renouvelle les \u0153uvres grecques et latines de l\u2019Antiquit\u00e9. Ce patrimoine, encore trop peu connu, m\u00e9rite d\u2019\u00eatre davantage mis en valeur ; on regrettera en particulier l\u2019absence d\u2019\u00e9tudes pr\u00e9sentant la litt\u00e9rature latine humaniste en Suisse de mani\u00e8re globale et sous tous ses aspects, qu\u2019ils soient linguistiques, litt\u00e9raires, historiques, culturels, religieux, etc. C\u2019est une telle entreprise que nous esp\u00e9rons mener \u00e0 bien au cours des prochaines ann\u00e9es et dont ce colloque constitue l\u2019une des \u00e9tapes.<br \/>Centr\u00e9 sur les aspects litt\u00e9raires, il a pour but de mettre en \u00e9vidence la vari\u00e9t\u00e9 et la richesse de la prose et de la po\u00e9sie des humanistes suisses, ainsi que de montrer comment cette litt\u00e9rature et ses repr\u00e9sentants s\u2019inscrivent dans le r\u00e9seau de l\u2019humanisme europ\u00e9en. Les travaux porteront en particulier sur six personnalit\u00e9s r\u00e9unissant les diverses facettes du mouvement humaniste en Suisse : Joachim Vadian, Johannes Rhellicanus, Heinrich Glareanus, Johannes Atrocianus, Simon Lemnius, Conrad Gessner et Rudolf Gwalther.<br \/>Les langues du colloque sont le fran\u00e7ais et l\u2019allemand.<\/p><p>Programme<\/p><p>Jeudi-vendredi 30-31 janvier 2020 ; Universit\u00e9 de Fribourg, Mis\u00e9ricorde Salle J\u00e4ggi<\/p><p>Jeudi 30 janvier 2020<\/p><p>9.45-10.00 Introduction (David Amherdt, Universit\u00e9 de Fribourg)<\/p><p>10.00-10.45 Claude La Charit\u00e9 (Universit\u00e9 du Qu\u00e9bec \u00e0 Rimouski) Henri Glar\u00e9an \u00e9diteur fac\u00e9tieux du Testament de Cuspidius et du Contrat de vente (Fribourg-en-Brisgau, ap. Joannem Emmeum, 1533)<\/p><p>11.05-11.50 Lucie Claire (Universit\u00e9 de Picardie Jules Verne) Heinrich Glar\u00e9an \u00e9diteur et commentateur de Quinte-Curce<\/p><p>11.50-12.35 Kevin Bovier (Universit\u00e9 de Gen\u00e8ve) Vari\u00e9t\u00e9 ex\u00e9g\u00e9tique autour de Salluste: les Annotationes de Glar\u00e9an (1538)<\/p><p>14.15-15.00 Barbara Mahlmann-Bauer (Universit\u00e4t Bern) La dimension religieuse des po\u00e8mes de Glareanus et de Rhellicanus (Johannes M\u00fcller)<\/p><p>15.00-15.45 Rudolf Gamper (St-Gallen) Ioachimus Vadianus Helvetius (1483\/84-1551) &#8211; Wiener und Schweizer Humanist<\/p><p>16.15-17.00 Virginie Leroux (\u00c9cole pratique des hautes \u00e9tudes, Paris) Les sp\u00e9cificit\u00e9s du De Poetica de Joachim Vadianus<\/p><p>*<\/p><p>Vendredi 31 janvier 2020<\/p><p>9.45-10.00 Introduction (David Amherdt, Universit\u00e9 de Fribourg) 9.00-9.45 Urs Leu (ZB Z\u00fcrich)<br \/>Conrad Gessner als Sprach- und Literaturwissenschaftler<\/p><p>9.45-10.30 Petra Schierl (Universit\u00e4t Basel \/ Universit\u00e4t Bamberg) Naturforschung im Humanismus: Zu Conrad Gessners Rezeption des \u00e4lteren Plinius<\/p><p>10.50-11.35 Peter Stotz (Universit\u00e4t Z\u00fcrich) Dichterischer Gestaltungsdrang und biblische Botschaft: zu den Poemata sacra Rudolf Gwalthers (1519-1586)<\/p><p>11.35-12.20 Michele Ferrari (Friedrich-Alexander-Universit\u00e4t Erlangen- N\u00fcrnberg) Les amours et la haine. Simon Lemnius (\u2020 1550), po\u00e8te<\/p><p>14.00-14.45 Judith Hindermann (Universit\u00e4t Basel) Atrocianus und seine Freunde<\/p><p>14.45-15.30 Christian Guerra (Universit\u00e4t Basel) Atrocian und die oberrheinische Narrenliteratur<\/p><p>15.30-16.00 Conclusion<\/p>\t\t\t\t\t\t\t\t<\/div>\n\t\t\t\t<\/div>\n\t\t\t\t\t<\/div>\n\t\t<\/div>\n\t\t\t\t\t<\/div>\n\t\t<\/section>\n\t\t\t\t<\/div>\n\t\t","protected":false},"excerpt":{"rendered":"<p>Colloque : La litt\u00e9rature latine des humanistes suisses au XVIe si\u00e8cle,\u00a0Glareanus, Gessner et les autres Tout au long du XVIe si\u00e8cle, les humanistes suisses ont produit une abondante litt\u00e9rature latine, en vers et en prose, qui ressuscite et imite, mais &hellip; <a href=\"https:\/\/www.semen-l.org\/?p=1680\">Continuer la lecture <span class=\"meta-nav\">&rarr;<\/span><\/a><\/p>\n","protected":false},"author":26,"featured_media":1681,"comment_status":"open","ping_status":"open","sticky":false,"template":"","format":"standard","meta":{"footnotes":""},"categories":[4],"tags":[1571,1072,1568,1574,1575,1566,1577,1578,680,1576,1569,1572,1570,1579,1567,1573],"class_list":["post-1680","post","type-post","status-publish","format-standard","has-post-thumbnail","hentry","category-colloques","tag-annotationes-glarean","tag-atrocianus-johannes","tag-contrat-de-vente-glarean","tag-de-poetica-joachim-de-watt","tag-gessner-conrad","tag-glarean-henri","tag-gwalthers-rudolf","tag-lemnius-simon","tag-pline-lancien","tag-poemata-sacra-rudolf-gwalthers","tag-quinte-curce","tag-rhellicanus-johannes","tag-salluste","tag-suisse","tag-testament-de-cuspidius-glarean","tag-watt-joachim-de"],"yoast_head":"<!-- This site is optimized with the Yoast SEO plugin v27.5 - https:\/\/yoast.com\/product\/yoast-seo-wordpress\/ -->\n<title>Colloque Litt\u00e9rature latine des humanistes suisses au XIVe s. -<\/title>\n<meta name=\"robots\" content=\"index, follow, max-snippet:-1, max-image-preview:large, max-video-preview:-1\" \/>\n<link rel=\"canonical\" href=\"http:\/\/www.semen-l.org\/?p=1680\" \/>\n<meta property=\"og:locale\" content=\"fr_FR\" \/>\n<meta property=\"og:type\" content=\"article\" \/>\n<meta property=\"og:title\" content=\"Colloque Litt\u00e9rature latine des humanistes suisses au XIVe s. -\" \/>\n<meta property=\"og:description\" content=\"Colloque : La litt\u00e9rature latine des humanistes suisses au XVIe si\u00e8cle,\u00a0Glareanus, Gessner et les autres Tout au long du XVIe si\u00e8cle, les humanistes suisses ont produit une abondante litt\u00e9rature latine, en vers et en prose, qui ressuscite et imite, mais &hellip; Continuer la lecture &rarr;\" \/>\n<meta property=\"og:url\" content=\"http:\/\/www.semen-l.org\/?p=1680\" \/>\n<meta property=\"og:site_name\" content=\"Soci\u00e9t\u00e9 d&#039;\u00c9tudes M\u00e9dio Et N\u00e9o-Latines\" \/>\n<meta property=\"article:publisher\" content=\"https:\/\/www.facebook.com\/SEMENL2018\" \/>\n<meta property=\"article:published_time\" content=\"2021-01-10T11:46:24+00:00\" \/>\n<meta property=\"article:modified_time\" content=\"2021-01-31T12:04:12+00:00\" \/>\n<meta property=\"og:image\" content=\"http:\/\/www.semen-l.org\/wp-content\/uploads\/2021\/01\/litt-lat-humanistes-suisses-couverture.jpg\" \/>\n\t<meta property=\"og:image:width\" content=\"382\" \/>\n\t<meta property=\"og:image:height\" content=\"396\" \/>\n\t<meta property=\"og:image:type\" content=\"image\/jpeg\" \/>\n<meta name=\"author\" content=\"Julien Maudoux\" \/>\n<meta name=\"twitter:card\" content=\"summary_large_image\" \/>\n<meta name=\"twitter:label1\" content=\"\u00c9crit par\" \/>\n\t<meta name=\"twitter:data1\" content=\"Julien Maudoux\" \/>\n\t<meta name=\"twitter:label2\" content=\"Dur\u00e9e de lecture estim\u00e9e\" \/>\n\t<meta name=\"twitter:data2\" content=\"2 minutes\" \/>\n<script type=\"application\/ld+json\" class=\"yoast-schema-graph\">{\"@context\":\"https:\\\/\\\/schema.org\",\"@graph\":[{\"@type\":\"Article\",\"@id\":\"http:\\\/\\\/www.semen-l.org\\\/?p=1680#article\",\"isPartOf\":{\"@id\":\"http:\\\/\\\/www.semen-l.org\\\/?p=1680\"},\"author\":{\"name\":\"Julien Maudoux\",\"@id\":\"http:\\\/\\\/www.semen-l.org\\\/#\\\/schema\\\/person\\\/ef5208815f17666727763c5363a51344\"},\"headline\":\"La litt\u00e9rature latine des humanistes suisses au XVIe si\u00e8cle (Fribourg, 30-31 janvier 2020)\",\"datePublished\":\"2021-01-10T11:46:24+00:00\",\"dateModified\":\"2021-01-31T12:04:12+00:00\",\"mainEntityOfPage\":{\"@id\":\"http:\\\/\\\/www.semen-l.org\\\/?p=1680\"},\"wordCount\":495,\"commentCount\":0,\"publisher\":{\"@id\":\"http:\\\/\\\/www.semen-l.org\\\/#organization\"},\"image\":{\"@id\":\"http:\\\/\\\/www.semen-l.org\\\/?p=1680#primaryimage\"},\"thumbnailUrl\":\"https:\\\/\\\/www.semen-l.org\\\/wp-content\\\/uploads\\\/2021\\\/01\\\/litt-lat-humanistes-suisses-couverture.jpg\",\"keywords\":[\"Annotationes (Glar\u00e9an)\",\"Atrocianus (Johannes)\",\"Contrat de vente (Glar\u00e9an)\",\"De Poetica (Joachim de Watt)\",\"Gessner (Conrad)\",\"Glar\u00e9an (Henri)\",\"Gwalthers (Rudolf)\",\"Lemnius (Simon)\",\"Pline l'Ancien\",\"Poemata sacra (Rudolf Gwalthers)\",\"Quinte-Curce\",\"Rhellicanus (Johannes)\",\"Salluste\",\"Suisse\",\"Testament de Cuspidius (Glar\u00e9an)\",\"Watt (Joachim de)\"],\"articleSection\":[\"Colloques\"],\"inLanguage\":\"fr-FR\",\"potentialAction\":[{\"@type\":\"CommentAction\",\"name\":\"Comment\",\"target\":[\"http:\\\/\\\/www.semen-l.org\\\/?p=1680#respond\"]}]},{\"@type\":\"WebPage\",\"@id\":\"http:\\\/\\\/www.semen-l.org\\\/?p=1680\",\"url\":\"http:\\\/\\\/www.semen-l.org\\\/?p=1680\",\"name\":\"Colloque Litt\u00e9rature latine des humanistes suisses au XIVe s. -\",\"isPartOf\":{\"@id\":\"http:\\\/\\\/www.semen-l.org\\\/#website\"},\"primaryImageOfPage\":{\"@id\":\"http:\\\/\\\/www.semen-l.org\\\/?p=1680#primaryimage\"},\"image\":{\"@id\":\"http:\\\/\\\/www.semen-l.org\\\/?p=1680#primaryimage\"},\"thumbnailUrl\":\"https:\\\/\\\/www.semen-l.org\\\/wp-content\\\/uploads\\\/2021\\\/01\\\/litt-lat-humanistes-suisses-couverture.jpg\",\"datePublished\":\"2021-01-10T11:46:24+00:00\",\"dateModified\":\"2021-01-31T12:04:12+00:00\",\"breadcrumb\":{\"@id\":\"http:\\\/\\\/www.semen-l.org\\\/?p=1680#breadcrumb\"},\"inLanguage\":\"fr-FR\",\"potentialAction\":[{\"@type\":\"ReadAction\",\"target\":[\"http:\\\/\\\/www.semen-l.org\\\/?p=1680\"]}]},{\"@type\":\"ImageObject\",\"inLanguage\":\"fr-FR\",\"@id\":\"http:\\\/\\\/www.semen-l.org\\\/?p=1680#primaryimage\",\"url\":\"https:\\\/\\\/www.semen-l.org\\\/wp-content\\\/uploads\\\/2021\\\/01\\\/litt-lat-humanistes-suisses-couverture.jpg\",\"contentUrl\":\"https:\\\/\\\/www.semen-l.org\\\/wp-content\\\/uploads\\\/2021\\\/01\\\/litt-lat-humanistes-suisses-couverture.jpg\",\"width\":382,\"height\":396},{\"@type\":\"BreadcrumbList\",\"@id\":\"http:\\\/\\\/www.semen-l.org\\\/?p=1680#breadcrumb\",\"itemListElement\":[{\"@type\":\"ListItem\",\"position\":1,\"name\":\"Accueil\",\"item\":\"http:\\\/\\\/www.semen-l.org\\\/\"},{\"@type\":\"ListItem\",\"position\":2,\"name\":\"La litt\u00e9rature latine des humanistes suisses au XVIe si\u00e8cle (Fribourg, 30-31 janvier 2020)\"}]},{\"@type\":\"WebSite\",\"@id\":\"http:\\\/\\\/www.semen-l.org\\\/#website\",\"url\":\"http:\\\/\\\/www.semen-l.org\\\/\",\"name\":\"Soci\u00e9t\u00e9 d'\u00c9tudes M\u00e9dio Et N\u00e9o-Latines\",\"description\":\"\",\"publisher\":{\"@id\":\"http:\\\/\\\/www.semen-l.org\\\/#organization\"},\"potentialAction\":[{\"@type\":\"SearchAction\",\"target\":{\"@type\":\"EntryPoint\",\"urlTemplate\":\"http:\\\/\\\/www.semen-l.org\\\/?s={search_term_string}\"},\"query-input\":{\"@type\":\"PropertyValueSpecification\",\"valueRequired\":true,\"valueName\":\"search_term_string\"}}],\"inLanguage\":\"fr-FR\"},{\"@type\":\"Organization\",\"@id\":\"http:\\\/\\\/www.semen-l.org\\\/#organization\",\"name\":\"Soci\u00e9t\u00e9 d'\u00e9tudes m\u00e9dio et n\u00e9o-latines\",\"url\":\"http:\\\/\\\/www.semen-l.org\\\/\",\"logo\":{\"@type\":\"ImageObject\",\"inLanguage\":\"fr-FR\",\"@id\":\"http:\\\/\\\/www.semen-l.org\\\/#\\\/schema\\\/logo\\\/image\\\/\",\"url\":\"http:\\\/\\\/www.semen-l.org\\\/wp-content\\\/uploads\\\/2020\\\/11\\\/logo-semenl.jpg\",\"contentUrl\":\"http:\\\/\\\/www.semen-l.org\\\/wp-content\\\/uploads\\\/2020\\\/11\\\/logo-semenl.jpg\",\"width\":408,\"height\":403,\"caption\":\"Soci\u00e9t\u00e9 d'\u00e9tudes m\u00e9dio et n\u00e9o-latines\"},\"image\":{\"@id\":\"http:\\\/\\\/www.semen-l.org\\\/#\\\/schema\\\/logo\\\/image\\\/\"},\"sameAs\":[\"https:\\\/\\\/www.facebook.com\\\/SEMENL2018\",\"https:\\\/\\\/independent.academia.edu\\\/SocitsdtudesmdioetnolatinesSEMENL\"]},{\"@type\":\"Person\",\"@id\":\"http:\\\/\\\/www.semen-l.org\\\/#\\\/schema\\\/person\\\/ef5208815f17666727763c5363a51344\",\"name\":\"Julien Maudoux\",\"image\":{\"@type\":\"ImageObject\",\"inLanguage\":\"fr-FR\",\"@id\":\"https:\\\/\\\/secure.gravatar.com\\\/avatar\\\/caabf4fb6242e2277733cd35a5c2aa083761ea25dae1d1ff3298b54292225292?s=96&d=mm&r=g\",\"url\":\"https:\\\/\\\/secure.gravatar.com\\\/avatar\\\/caabf4fb6242e2277733cd35a5c2aa083761ea25dae1d1ff3298b54292225292?s=96&d=mm&r=g\",\"contentUrl\":\"https:\\\/\\\/secure.gravatar.com\\\/avatar\\\/caabf4fb6242e2277733cd35a5c2aa083761ea25dae1d1ff3298b54292225292?s=96&d=mm&r=g\",\"caption\":\"Julien Maudoux\"},\"description\":\"Webmestre du site de la SEMEN-L\",\"url\":\"https:\\\/\\\/www.semen-l.org\\\/?author=26\"}]}<\/script>\n<!-- \/ Yoast SEO plugin. -->","yoast_head_json":{"title":"Colloque Litt\u00e9rature latine des humanistes suisses au XIVe s. -","robots":{"index":"index","follow":"follow","max-snippet":"max-snippet:-1","max-image-preview":"max-image-preview:large","max-video-preview":"max-video-preview:-1"},"canonical":"http:\/\/www.semen-l.org\/?p=1680","og_locale":"fr_FR","og_type":"article","og_title":"Colloque Litt\u00e9rature latine des humanistes suisses au XIVe s. -","og_description":"Colloque : La litt\u00e9rature latine des humanistes suisses au XVIe si\u00e8cle,\u00a0Glareanus, Gessner et les autres Tout au long du XVIe si\u00e8cle, les humanistes suisses ont produit une abondante litt\u00e9rature latine, en vers et en prose, qui ressuscite et imite, mais &hellip; Continuer la lecture &rarr;","og_url":"http:\/\/www.semen-l.org\/?p=1680","og_site_name":"Soci\u00e9t\u00e9 d&#039;\u00c9tudes M\u00e9dio Et N\u00e9o-Latines","article_publisher":"https:\/\/www.facebook.com\/SEMENL2018","article_published_time":"2021-01-10T11:46:24+00:00","article_modified_time":"2021-01-31T12:04:12+00:00","og_image":[{"width":382,"height":396,"url":"http:\/\/www.semen-l.org\/wp-content\/uploads\/2021\/01\/litt-lat-humanistes-suisses-couverture.jpg","type":"image\/jpeg"}],"author":"Julien Maudoux","twitter_card":"summary_large_image","twitter_misc":{"\u00c9crit par":"Julien Maudoux","Dur\u00e9e de lecture estim\u00e9e":"2 minutes"},"schema":{"@context":"https:\/\/schema.org","@graph":[{"@type":"Article","@id":"http:\/\/www.semen-l.org\/?p=1680#article","isPartOf":{"@id":"http:\/\/www.semen-l.org\/?p=1680"},"author":{"name":"Julien Maudoux","@id":"http:\/\/www.semen-l.org\/#\/schema\/person\/ef5208815f17666727763c5363a51344"},"headline":"La litt\u00e9rature latine des humanistes suisses au XVIe si\u00e8cle (Fribourg, 30-31 janvier 2020)","datePublished":"2021-01-10T11:46:24+00:00","dateModified":"2021-01-31T12:04:12+00:00","mainEntityOfPage":{"@id":"http:\/\/www.semen-l.org\/?p=1680"},"wordCount":495,"commentCount":0,"publisher":{"@id":"http:\/\/www.semen-l.org\/#organization"},"image":{"@id":"http:\/\/www.semen-l.org\/?p=1680#primaryimage"},"thumbnailUrl":"https:\/\/www.semen-l.org\/wp-content\/uploads\/2021\/01\/litt-lat-humanistes-suisses-couverture.jpg","keywords":["Annotationes (Glar\u00e9an)","Atrocianus (Johannes)","Contrat de vente (Glar\u00e9an)","De Poetica (Joachim de Watt)","Gessner (Conrad)","Glar\u00e9an (Henri)","Gwalthers (Rudolf)","Lemnius (Simon)","Pline l'Ancien","Poemata sacra (Rudolf Gwalthers)","Quinte-Curce","Rhellicanus (Johannes)","Salluste","Suisse","Testament de Cuspidius (Glar\u00e9an)","Watt (Joachim de)"],"articleSection":["Colloques"],"inLanguage":"fr-FR","potentialAction":[{"@type":"CommentAction","name":"Comment","target":["http:\/\/www.semen-l.org\/?p=1680#respond"]}]},{"@type":"WebPage","@id":"http:\/\/www.semen-l.org\/?p=1680","url":"http:\/\/www.semen-l.org\/?p=1680","name":"Colloque Litt\u00e9rature latine des humanistes suisses au XIVe s. -","isPartOf":{"@id":"http:\/\/www.semen-l.org\/#website"},"primaryImageOfPage":{"@id":"http:\/\/www.semen-l.org\/?p=1680#primaryimage"},"image":{"@id":"http:\/\/www.semen-l.org\/?p=1680#primaryimage"},"thumbnailUrl":"https:\/\/www.semen-l.org\/wp-content\/uploads\/2021\/01\/litt-lat-humanistes-suisses-couverture.jpg","datePublished":"2021-01-10T11:46:24+00:00","dateModified":"2021-01-31T12:04:12+00:00","breadcrumb":{"@id":"http:\/\/www.semen-l.org\/?p=1680#breadcrumb"},"inLanguage":"fr-FR","potentialAction":[{"@type":"ReadAction","target":["http:\/\/www.semen-l.org\/?p=1680"]}]},{"@type":"ImageObject","inLanguage":"fr-FR","@id":"http:\/\/www.semen-l.org\/?p=1680#primaryimage","url":"https:\/\/www.semen-l.org\/wp-content\/uploads\/2021\/01\/litt-lat-humanistes-suisses-couverture.jpg","contentUrl":"https:\/\/www.semen-l.org\/wp-content\/uploads\/2021\/01\/litt-lat-humanistes-suisses-couverture.jpg","width":382,"height":396},{"@type":"BreadcrumbList","@id":"http:\/\/www.semen-l.org\/?p=1680#breadcrumb","itemListElement":[{"@type":"ListItem","position":1,"name":"Accueil","item":"http:\/\/www.semen-l.org\/"},{"@type":"ListItem","position":2,"name":"La litt\u00e9rature latine des humanistes suisses au XVIe si\u00e8cle (Fribourg, 30-31 janvier 2020)"}]},{"@type":"WebSite","@id":"http:\/\/www.semen-l.org\/#website","url":"http:\/\/www.semen-l.org\/","name":"Soci\u00e9t\u00e9 d'\u00c9tudes M\u00e9dio Et N\u00e9o-Latines","description":"","publisher":{"@id":"http:\/\/www.semen-l.org\/#organization"},"potentialAction":[{"@type":"SearchAction","target":{"@type":"EntryPoint","urlTemplate":"http:\/\/www.semen-l.org\/?s={search_term_string}"},"query-input":{"@type":"PropertyValueSpecification","valueRequired":true,"valueName":"search_term_string"}}],"inLanguage":"fr-FR"},{"@type":"Organization","@id":"http:\/\/www.semen-l.org\/#organization","name":"Soci\u00e9t\u00e9 d'\u00e9tudes m\u00e9dio et n\u00e9o-latines","url":"http:\/\/www.semen-l.org\/","logo":{"@type":"ImageObject","inLanguage":"fr-FR","@id":"http:\/\/www.semen-l.org\/#\/schema\/logo\/image\/","url":"http:\/\/www.semen-l.org\/wp-content\/uploads\/2020\/11\/logo-semenl.jpg","contentUrl":"http:\/\/www.semen-l.org\/wp-content\/uploads\/2020\/11\/logo-semenl.jpg","width":408,"height":403,"caption":"Soci\u00e9t\u00e9 d'\u00e9tudes m\u00e9dio et n\u00e9o-latines"},"image":{"@id":"http:\/\/www.semen-l.org\/#\/schema\/logo\/image\/"},"sameAs":["https:\/\/www.facebook.com\/SEMENL2018","https:\/\/independent.academia.edu\/SocitsdtudesmdioetnolatinesSEMENL"]},{"@type":"Person","@id":"http:\/\/www.semen-l.org\/#\/schema\/person\/ef5208815f17666727763c5363a51344","name":"Julien Maudoux","image":{"@type":"ImageObject","inLanguage":"fr-FR","@id":"https:\/\/secure.gravatar.com\/avatar\/caabf4fb6242e2277733cd35a5c2aa083761ea25dae1d1ff3298b54292225292?s=96&d=mm&r=g","url":"https:\/\/secure.gravatar.com\/avatar\/caabf4fb6242e2277733cd35a5c2aa083761ea25dae1d1ff3298b54292225292?s=96&d=mm&r=g","contentUrl":"https:\/\/secure.gravatar.com\/avatar\/caabf4fb6242e2277733cd35a5c2aa083761ea25dae1d1ff3298b54292225292?s=96&d=mm&r=g","caption":"Julien Maudoux"},"description":"Webmestre du site de la SEMEN-L","url":"https:\/\/www.semen-l.org\/?author=26"}]}},"jetpack_featured_media_url":"https:\/\/www.semen-l.org\/wp-content\/uploads\/2021\/01\/litt-lat-humanistes-suisses-couverture.jpg","_links":{"self":[{"href":"https:\/\/www.semen-l.org\/index.php?rest_route=\/wp\/v2\/posts\/1680","targetHints":{"allow":["GET"]}}],"collection":[{"href":"https:\/\/www.semen-l.org\/index.php?rest_route=\/wp\/v2\/posts"}],"about":[{"href":"https:\/\/www.semen-l.org\/index.php?rest_route=\/wp\/v2\/types\/post"}],"author":[{"embeddable":true,"href":"https:\/\/www.semen-l.org\/index.php?rest_route=\/wp\/v2\/users\/26"}],"replies":[{"embeddable":true,"href":"https:\/\/www.semen-l.org\/index.php?rest_route=%2Fwp%2Fv2%2Fcomments&post=1680"}],"version-history":[{"count":0,"href":"https:\/\/www.semen-l.org\/index.php?rest_route=\/wp\/v2\/posts\/1680\/revisions"}],"wp:featuredmedia":[{"embeddable":true,"href":"https:\/\/www.semen-l.org\/index.php?rest_route=\/wp\/v2\/media\/1681"}],"wp:attachment":[{"href":"https:\/\/www.semen-l.org\/index.php?rest_route=%2Fwp%2Fv2%2Fmedia&parent=1680"}],"wp:term":[{"taxonomy":"category","embeddable":true,"href":"https:\/\/www.semen-l.org\/index.php?rest_route=%2Fwp%2Fv2%2Fcategories&post=1680"},{"taxonomy":"post_tag","embeddable":true,"href":"https:\/\/www.semen-l.org\/index.php?rest_route=%2Fwp%2Fv2%2Ftags&post=1680"}],"curies":[{"name":"wp","href":"https:\/\/api.w.org\/{rel}","templated":true}]}}