{"id":1279,"date":"2009-11-23T02:36:06","date_gmt":"2009-11-23T02:36:06","guid":{"rendered":"http:\/\/www.semen-l.org\/?p=1279"},"modified":"2025-01-02T22:58:48","modified_gmt":"2025-01-02T22:58:48","slug":"theses-et-hdr-en-cours-en-2009","status":"publish","type":"post","link":"https:\/\/www.semen-l.org\/?p=1279","title":{"rendered":"Th\u00e8ses et HDR en cours en 2009"},"content":{"rendered":"<p style=\"text-align: center;\"><strong>HDR et TH\u00c8SES en cours en 2009<\/strong><\/p>\n<p><strong>HDR<\/strong><br \/>\n\u2014 Hirstein, James, Autour de Beatus Rhenanus, dir. Jean-Louis Charlet, Universit\u00e9 de Provence (Aix-Marseille I).<br \/>\n\u2014 Istasse, Natha\u00ebl, \u00ab Les Dialogi de Ravisius Textor (1530), \u00e9dition, traduction et commentaire \u00bb, dir. Perrine Galand, EPHE.<br \/>\n\u2014 Leroux, Virginie, dir. Perrine Galand, EPHE.<br \/>\n\u2014 Rolet, St\u00e9phane, La po\u00e9tique du De Honesta disciplina de Pietro Crinito, dir. Perrine Galand, EPHE.<\/p>\n<p><strong>Th\u00e8ses<\/strong><br \/>\n\u2014 Andr\u00e9, Marie-Fran\u00e7oise, L\u2019oeuvre de Nicolas B\u00e9rauld humaniste, dir. Perrine Galand,EPHE.<br \/>\n\u2014 Arnaud, Marion, Les \u00e9l\u00e9gies de Jacopo Sannazaro : \u00e9dition, tradition et commentaire, dir. H\u00e9l\u00e8ne Casanova-Robin, Universit\u00e9 de Paris-Sorbonne (Paris IV).<br \/>\n\u2014 Augiron, V\u00e9ronique, Th\u00e9odore de B\u00e8ze, des Juvenilia (1548) au Passavant (1553) : rupture et permanence, dir. Henri Lamarque, Universit\u00e9 de Toulouse II-Le Mirail.<br \/>\n\u2014 Bost-Fi\u00e9vet, M\u00e9lanie, All\u00e9gorie et projet po\u00e9tique. Les Muses et les Nymphes dans la po\u00e9sie n\u00e9o-latine : Pontano et Macrin \u00e0 l\u2019\u00e9cole d\u2019Horace, Stace et P\u00e9trarque, co-dir. Perrine Galand, EPHE<br \/>\net Donatella Coppini, Florence, Ecole doctorale europ\u00e9enne sur l\u2019Humanisme.<br \/>\n\u2014 Bonnaud, Maryse, Emplois et valeurs des participes chez Gr\u00e9goire de Tours et quelques autres auteurs, dir. Michelle Fruyt, Universit\u00e9 de Paris-Sorbonne (Paris IV).<br \/>\n\u2014 Cancel, Christine, R\u00e9surgences de la Consolation de la Philosophie de Bo\u00e8ce au XIVe si\u00e8cle, dir. Francine Mora, Versaille-Saint-Quentin en Yvelynes.<br \/>\n\u2014 C\u00e9zard, Marie, Jacques Bourgoin, De origine usu et ratione vulgarium vocum linguae gallicae, italicae et hispanicae (Paris, S. Prevosteau, 1583) : \u00e9dition, traduction et commentaire, dir. Martine Furno, ENS-LSH, Lyon 2.<br \/>\n\u2014 Charbonnier, Sarah, Rh\u00e9torique et po\u00e9tique chez les peintres et les po\u00e8tes latins de la Rome de L\u00e9on X, co-dir. Perrine Galand, EPHE, et M. Hochmann, EPHE et Donatella Coppini, Florence, Ecole doctorale europ\u00e9enne sur l\u2019Humanisme.<br \/>\n\u2014 Chauvin, Claire, Les Buccolicum carmen de Giovanni Boccacio : pr\u00e9sentation, traduction, notes et commentaires, dir. Pierre Mar\u00e9chaux, Nantes.<br \/>\n\u2014 Claire, Lucie, Les Orationes de Marc-Antoine Muret, co-dir. Perrine Galand, EPHE, et M. Regoliosi, Florence, Ecole doctorale europ\u00e9enne sur l\u2019Humanisme.<br \/>\n\u2014 Delmulle, J\u00e9r\u00e9my, Prosper d\u2019Aquitaine contre les doctores gallicani : la pol\u00e9mique sur la gr\u00e2ce et la pr\u00e9destination dans la Gaule du Sud au Ve si\u00e8cle. \u00c9dition critique, traduite et comment\u00e9e du Carmen de ingratis et du Contra collatorem de Prosper d\u2019Acquitaine, dir. Vincent Zarini, Universit\u00e9 de Paris-Sorbonne (Paris IV).<br \/>\n\u2014 Descotes, Pierre, La Lettre 140 de Gratia testamenti noui : un microcosme de la pens\u00e9e th\u00e9ologique de saint Augustin, dir. Vincent Zarini, Universit\u00e9 de Paris-Sorbonne (Paris IV).<br \/>\n\u2014 Ferrand, Mathieu, Le th\u00e9\u00e2tre des coll\u00e8ges en France aux XVe et XVIe si\u00e8cles, co-dir. Perrine Galand, EPHE, Mireille Huchon, Paris-Sorbonne, et R. Cardini, Florence, Ecole doctorale europ\u00e9enne sur l\u2019Humanisme.<br \/>\n\u2014 Fourcade, Claire, Aut bibat, aut abeat : vin th\u00e9rapeutique et vin mystique de l\u2019Antiquit\u00e9 classique au Moyen \u00c2ge chr\u00e9tien, dir. Jo\u00ebl Thomas, Universit\u00e9 de Perpignan-Via Domitia.<br \/>\n\u2014 Grailet, Laurent, A. G. de Busbecq, Lettres de Turquie : \u00e9tude lexicale, co-dir. Jean Meyers et Dominique Longree, Universit\u00e9 de Montpellier 3.<br \/>\n\u2014 Isaac, Tristan, L\u2019image de Martianus Capella \u00e0 travers le t\u00e9moignage de son oeuvre et de celles de ses commentateurs latins, dir. \u00c9. Wolff, Universit\u00e9 de Paris X-Nanterre.<br \/>\n\u2014 Katz, Louise, L\u2019imprimeur \u00e0 ses lecteurs : \u00e9tude des strat\u00e9gies pr\u00e9facielles de Josse Bade (1462-1535), co-dir. Perrine Galand, EPHE, et Wim Verbaal, Gand, Ecole doctorale europ\u00e9enne sur l\u2019Humanisme.<br \/>\n\u2014 Laim\u00e9, Arnaud, De Stace \u00e0 Rabelais, l\u2019oeuvre po\u00e9tique de Nicolas Petit, dir. Perrine Galand, EPHE.<br \/>\n\u2014 Lecerf, Florence, Grenade au XVIe si\u00e8cle : une ville r\u00e9cemment chr\u00e9tienne avec une population venue d\u2019ailleurs ; la vie quotidienne \u00e0 travers des archives, dir. E. Ruiz-Galvez, Universit\u00e9 de Caen.<br \/>\n\u2014 Monclin, Pauline, L\u2019\u00e9criture po\u00e9tique des Parlementaires dans la seconde moiti\u00e9 du XVIe si\u00e8cle, co-dir. Jean Vignes, Universit\u00e9 Denis Diderot (Paris VII), et Perrine Galand, EPHE.<br \/>\n\u2014 Provini, Sandra, Les guerres d\u2019Italie entre chronique et \u00e9pop\u00e9e : le renouveau de l\u2019\u00e9criture h\u00e9ro\u00efque fran\u00e7aise et n\u00e9o-latine au d\u00e9but de la Renaissance, co-dir. Jean Vignes, Universit\u00e9 Denis Diderot (Paris VII), et Perrine Galand, EPHE.<br \/>\n\u2014 Putoud, Laure, Les Alba amicorum des humanistes, entre art et po\u00e9tique, co-dir. Perrine Galand, Universit\u00e9 de Paris-Sorbonne (Paris IV) et Philippe S\u00e9n\u00e9chal, Universit\u00e9 de Picardie Jules Verne (Amiens).<br \/>\n\u2014 Quillien, Astrid, Les praelectiones de Denis Lambin : les classiques grecs et latins \u00e9tudi\u00e9s par un Lecteur Royal dans la deuxi\u00e8me moiti\u00e9 du XVIe si\u00e8cle, dir. Perrine Galand, EPHE.<br \/>\n\u2014 Rebeille-Borgella, Marie, \u00c9tude lexicologique de vox, vocare, vocatio dans la litt\u00e9rature chr\u00e9tienne latine, dir. Christian Nicolas, Universit\u00e9 Jean Moulin (Lyon 3).<br \/>\n\u2014 Scarparo, Lucie, L\u2019influence de Stace sur la po\u00e9sie et les arts \u00e0 Naples au Quattrocento, co-dir. Perrine Galand, EPHE, et Philippe S\u00e9n\u00e9chal, Universit\u00e9 de Picardie Jules Verne.<br \/>\n\u2014 Senard, Charles, L\u2019\u00e9rotisme dans l\u2019oeuvre de Giovanni Pontano et Antonio Beccadelli, dir. Perrine Galand, EPHE.<br \/>\n\u2014 Sen\u00e8ze, Laure, La po\u00e9tique de Jean Bonnefons, dir. Perrine Galand, Universit\u00e9 de Paris-Sorbonne (Paris IV).<br \/>\n\u2014 Sweyker, Anne-Laure, La po\u00e9tique des Adages d\u2019\u00c9rasme en comparaison avec les ouvrages po\u00e9tiques et philologiques contemporains, dir. Perrine Galand, Universit\u00e9 de Paris-Sorbonne (Paris IV).<\/p>\n","protected":false},"excerpt":{"rendered":"<p>HDR et TH\u00c8SES en cours en 2009 HDR \u2014 Hirstein, James, Autour de Beatus Rhenanus, dir. Jean-Louis Charlet, Universit\u00e9 de Provence (Aix-Marseille I). \u2014 Istasse, Natha\u00ebl, \u00ab Les Dialogi de Ravisius Textor (1530), \u00e9dition, traduction et commentaire \u00bb, dir. Perrine &hellip; <a href=\"https:\/\/www.semen-l.org\/?p=1279\">Continuer la lecture <span class=\"meta-nav\">&rarr;<\/span><\/a><\/p>\n","protected":false},"author":26,"featured_media":1149,"comment_status":"open","ping_status":"open","sticky":false,"template":"","format":"standard","meta":{"footnotes":""},"categories":[9],"tags":[432,1551,189,408,283,86,1553,1253,1547,1548,1353,1541,1543,31,1546,1550,1233,51,1048,1295,1544,100,82,36,1545,1542,1357,43,1239,1232,1296,1549],"class_list":["post-1279","post","type-post","status-publish","format-standard","has-post-thumbnail","hentry","category-theses-en-cours","tag-adages","tag-alba-amicorum","tag-augustin-dhippone","tag-berauld-nicolas","tag-de-beze-theodore","tag-boccace","tag-bonnefons-jean","tag-buccolicum-carmen-boccace","tag-carmen-de-ingratis-prosper-daquitaine","tag-contra-collatorem-prosper-daquitaine","tag-crinito-pietro","tag-de-honesta-disciplina","tag-dialogi-ravisius-textor","tag-erasme","tag-gratia-testamenti-noui","tag-grenade","tag-juvenilia-theodore-de-beze","tag-denis-lambin","tag-muret-marc-antoine","tag-naples","tag-orationes-marc-antoine-muret","tag-peinture","tag-poetique","tag-giovanni-pontano","tag-prosper-daquitaine","tag-ravisius-textor","tag-rhenanus-beatus","tag-rhetorique","tag-salmon-macrin-jean","tag-stace","tag-theatre","tag-vin"],"yoast_head":"<!-- This site is optimized with the Yoast SEO plugin v27.5 - https:\/\/yoast.com\/product\/yoast-seo-wordpress\/ -->\n<title>Th\u00e8ses et HDR en cours en 2009 - Soci\u00e9t\u00e9 d&#039;\u00c9tudes M\u00e9dio Et N\u00e9o-Latines<\/title>\n<meta name=\"description\" content=\"Liste des th\u00e8ses et HDR en cours dans la recherche sur le m\u00e9diolatin et le n\u00e9o-latin dans les universit\u00e9s francophones\" \/>\n<meta name=\"robots\" content=\"index, follow, max-snippet:-1, max-image-preview:large, max-video-preview:-1\" \/>\n<link rel=\"canonical\" href=\"http:\/\/www.semen-l.org\/?p=1279\" \/>\n<meta property=\"og:locale\" content=\"fr_FR\" \/>\n<meta property=\"og:type\" content=\"article\" \/>\n<meta property=\"og:title\" content=\"Th\u00e8ses et HDR en cours en 2009 - Soci\u00e9t\u00e9 d&#039;\u00c9tudes M\u00e9dio Et N\u00e9o-Latines\" \/>\n<meta property=\"og:description\" content=\"Liste des th\u00e8ses et HDR en cours dans la recherche sur le m\u00e9diolatin et le n\u00e9o-latin dans les universit\u00e9s francophones\" \/>\n<meta property=\"og:url\" content=\"http:\/\/www.semen-l.org\/?p=1279\" \/>\n<meta property=\"og:site_name\" content=\"Soci\u00e9t\u00e9 d&#039;\u00c9tudes M\u00e9dio Et N\u00e9o-Latines\" \/>\n<meta property=\"article:publisher\" content=\"https:\/\/www.facebook.com\/SEMENL2018\" \/>\n<meta property=\"article:published_time\" content=\"2009-11-23T02:36:06+00:00\" \/>\n<meta property=\"article:modified_time\" content=\"2025-01-02T22:58:48+00:00\" \/>\n<meta property=\"og:image\" content=\"http:\/\/www.semen-l.org\/wp-content\/uploads\/2020\/11\/Benoyt-de-Sainte-Maure-btv1b52-bell1.jpg\" \/>\n\t<meta property=\"og:image:width\" content=\"1000\" \/>\n\t<meta property=\"og:image:height\" content=\"300\" \/>\n\t<meta property=\"og:image:type\" content=\"image\/jpeg\" \/>\n<meta name=\"author\" content=\"Julien Maudoux\" \/>\n<meta name=\"twitter:card\" content=\"summary_large_image\" \/>\n<meta name=\"twitter:label1\" content=\"\u00c9crit par\" \/>\n\t<meta name=\"twitter:data1\" content=\"Julien Maudoux\" \/>\n\t<meta name=\"twitter:label2\" content=\"Dur\u00e9e de lecture estim\u00e9e\" \/>\n\t<meta name=\"twitter:data2\" content=\"5 minutes\" \/>\n<script type=\"application\/ld+json\" class=\"yoast-schema-graph\">{\"@context\":\"https:\\\/\\\/schema.org\",\"@graph\":[{\"@type\":\"Article\",\"@id\":\"http:\\\/\\\/www.semen-l.org\\\/?p=1279#article\",\"isPartOf\":{\"@id\":\"http:\\\/\\\/www.semen-l.org\\\/?p=1279\"},\"author\":{\"name\":\"Julien Maudoux\",\"@id\":\"http:\\\/\\\/www.semen-l.org\\\/#\\\/schema\\\/person\\\/ef5208815f17666727763c5363a51344\"},\"headline\":\"Th\u00e8ses et HDR en cours en 2009\",\"datePublished\":\"2009-11-23T02:36:06+00:00\",\"dateModified\":\"2025-01-02T22:58:48+00:00\",\"mainEntityOfPage\":{\"@id\":\"http:\\\/\\\/www.semen-l.org\\\/?p=1279\"},\"wordCount\":851,\"commentCount\":0,\"publisher\":{\"@id\":\"http:\\\/\\\/www.semen-l.org\\\/#organization\"},\"image\":{\"@id\":\"http:\\\/\\\/www.semen-l.org\\\/?p=1279#primaryimage\"},\"thumbnailUrl\":\"https:\\\/\\\/www.semen-l.org\\\/wp-content\\\/uploads\\\/2020\\\/11\\\/Benoyt-de-Sainte-Maure-btv1b52-bell1.jpg\",\"keywords\":[\"Adages\",\"alba amicorum\",\"Augustin d'Hippone\",\"B\u00e9rauld (Nicolas)\",\"B\u00e8ze (Th\u00e9odore de)\",\"Boccace\",\"Bonnefons (Jean)\",\"Buccolicum carmen (Boccace)\",\"Carmen de ingratis (Prosper d'Aquitaine)\",\"Contra collatorem (Prosper d'Aquitaine)\",\"Crinito (Pietro)\",\"De Honesta disciplina (Pietro Crinito)\",\"Dialogi (Ravisius Textor)\",\"\u00c9rasme\",\"Gratia testamenti noui\",\"Grenade\",\"Juvenilia (Th\u00e9odore de B\u00e8ze)\",\"Lambin (Denis)\",\"Muret (Marc Antoine)\",\"Naples\",\"Orationes (Marc-Antoine Muret)\",\"peinture\",\"po\u00e9tique\",\"Pontano (Giovanni)\",\"Prosper d\u2019Aquitaine\",\"Ravisius (Textor)\",\"Rhenanus (Beatus)\",\"rh\u00e9torique\",\"Salmon Macrin (Jean)\",\"Stace\",\"th\u00e9\u00e2tre\",\"vin\"],\"articleSection\":[\"Th\u00e8ses en cours\"],\"inLanguage\":\"fr-FR\",\"potentialAction\":[{\"@type\":\"CommentAction\",\"name\":\"Comment\",\"target\":[\"http:\\\/\\\/www.semen-l.org\\\/?p=1279#respond\"]}]},{\"@type\":\"WebPage\",\"@id\":\"http:\\\/\\\/www.semen-l.org\\\/?p=1279\",\"url\":\"http:\\\/\\\/www.semen-l.org\\\/?p=1279\",\"name\":\"Th\u00e8ses et HDR en cours en 2009 - Soci\u00e9t\u00e9 d&#039;\u00c9tudes M\u00e9dio Et N\u00e9o-Latines\",\"isPartOf\":{\"@id\":\"http:\\\/\\\/www.semen-l.org\\\/#website\"},\"primaryImageOfPage\":{\"@id\":\"http:\\\/\\\/www.semen-l.org\\\/?p=1279#primaryimage\"},\"image\":{\"@id\":\"http:\\\/\\\/www.semen-l.org\\\/?p=1279#primaryimage\"},\"thumbnailUrl\":\"https:\\\/\\\/www.semen-l.org\\\/wp-content\\\/uploads\\\/2020\\\/11\\\/Benoyt-de-Sainte-Maure-btv1b52-bell1.jpg\",\"datePublished\":\"2009-11-23T02:36:06+00:00\",\"dateModified\":\"2025-01-02T22:58:48+00:00\",\"description\":\"Liste des th\u00e8ses et HDR en cours dans la recherche sur le m\u00e9diolatin et le n\u00e9o-latin dans les universit\u00e9s francophones\",\"breadcrumb\":{\"@id\":\"http:\\\/\\\/www.semen-l.org\\\/?p=1279#breadcrumb\"},\"inLanguage\":\"fr-FR\",\"potentialAction\":[{\"@type\":\"ReadAction\",\"target\":[\"http:\\\/\\\/www.semen-l.org\\\/?p=1279\"]}]},{\"@type\":\"ImageObject\",\"inLanguage\":\"fr-FR\",\"@id\":\"http:\\\/\\\/www.semen-l.org\\\/?p=1279#primaryimage\",\"url\":\"https:\\\/\\\/www.semen-l.org\\\/wp-content\\\/uploads\\\/2020\\\/11\\\/Benoyt-de-Sainte-Maure-btv1b52-bell1.jpg\",\"contentUrl\":\"https:\\\/\\\/www.semen-l.org\\\/wp-content\\\/uploads\\\/2020\\\/11\\\/Benoyt-de-Sainte-Maure-btv1b52-bell1.jpg\",\"width\":1000,\"height\":300},{\"@type\":\"BreadcrumbList\",\"@id\":\"http:\\\/\\\/www.semen-l.org\\\/?p=1279#breadcrumb\",\"itemListElement\":[{\"@type\":\"ListItem\",\"position\":1,\"name\":\"Accueil\",\"item\":\"http:\\\/\\\/www.semen-l.org\\\/\"},{\"@type\":\"ListItem\",\"position\":2,\"name\":\"Th\u00e8ses et HDR en cours en 2009\"}]},{\"@type\":\"WebSite\",\"@id\":\"http:\\\/\\\/www.semen-l.org\\\/#website\",\"url\":\"http:\\\/\\\/www.semen-l.org\\\/\",\"name\":\"Soci\u00e9t\u00e9 d'\u00c9tudes M\u00e9dio Et N\u00e9o-Latines\",\"description\":\"\",\"publisher\":{\"@id\":\"http:\\\/\\\/www.semen-l.org\\\/#organization\"},\"potentialAction\":[{\"@type\":\"SearchAction\",\"target\":{\"@type\":\"EntryPoint\",\"urlTemplate\":\"http:\\\/\\\/www.semen-l.org\\\/?s={search_term_string}\"},\"query-input\":{\"@type\":\"PropertyValueSpecification\",\"valueRequired\":true,\"valueName\":\"search_term_string\"}}],\"inLanguage\":\"fr-FR\"},{\"@type\":\"Organization\",\"@id\":\"http:\\\/\\\/www.semen-l.org\\\/#organization\",\"name\":\"Soci\u00e9t\u00e9 d'\u00e9tudes m\u00e9dio et n\u00e9o-latines\",\"url\":\"http:\\\/\\\/www.semen-l.org\\\/\",\"logo\":{\"@type\":\"ImageObject\",\"inLanguage\":\"fr-FR\",\"@id\":\"http:\\\/\\\/www.semen-l.org\\\/#\\\/schema\\\/logo\\\/image\\\/\",\"url\":\"http:\\\/\\\/www.semen-l.org\\\/wp-content\\\/uploads\\\/2020\\\/11\\\/logo-semenl.jpg\",\"contentUrl\":\"http:\\\/\\\/www.semen-l.org\\\/wp-content\\\/uploads\\\/2020\\\/11\\\/logo-semenl.jpg\",\"width\":408,\"height\":403,\"caption\":\"Soci\u00e9t\u00e9 d'\u00e9tudes m\u00e9dio et n\u00e9o-latines\"},\"image\":{\"@id\":\"http:\\\/\\\/www.semen-l.org\\\/#\\\/schema\\\/logo\\\/image\\\/\"},\"sameAs\":[\"https:\\\/\\\/www.facebook.com\\\/SEMENL2018\",\"https:\\\/\\\/independent.academia.edu\\\/SocitsdtudesmdioetnolatinesSEMENL\"]},{\"@type\":\"Person\",\"@id\":\"http:\\\/\\\/www.semen-l.org\\\/#\\\/schema\\\/person\\\/ef5208815f17666727763c5363a51344\",\"name\":\"Julien Maudoux\",\"image\":{\"@type\":\"ImageObject\",\"inLanguage\":\"fr-FR\",\"@id\":\"https:\\\/\\\/secure.gravatar.com\\\/avatar\\\/caabf4fb6242e2277733cd35a5c2aa083761ea25dae1d1ff3298b54292225292?s=96&d=mm&r=g\",\"url\":\"https:\\\/\\\/secure.gravatar.com\\\/avatar\\\/caabf4fb6242e2277733cd35a5c2aa083761ea25dae1d1ff3298b54292225292?s=96&d=mm&r=g\",\"contentUrl\":\"https:\\\/\\\/secure.gravatar.com\\\/avatar\\\/caabf4fb6242e2277733cd35a5c2aa083761ea25dae1d1ff3298b54292225292?s=96&d=mm&r=g\",\"caption\":\"Julien Maudoux\"},\"description\":\"Webmestre du site de la SEMEN-L\",\"url\":\"https:\\\/\\\/www.semen-l.org\\\/?author=26\"}]}<\/script>\n<!-- \/ Yoast SEO plugin. -->","yoast_head_json":{"title":"Th\u00e8ses et HDR en cours en 2009 - Soci\u00e9t\u00e9 d&#039;\u00c9tudes M\u00e9dio Et N\u00e9o-Latines","description":"Liste des th\u00e8ses et HDR en cours dans la recherche sur le m\u00e9diolatin et le n\u00e9o-latin dans les universit\u00e9s francophones","robots":{"index":"index","follow":"follow","max-snippet":"max-snippet:-1","max-image-preview":"max-image-preview:large","max-video-preview":"max-video-preview:-1"},"canonical":"http:\/\/www.semen-l.org\/?p=1279","og_locale":"fr_FR","og_type":"article","og_title":"Th\u00e8ses et HDR en cours en 2009 - Soci\u00e9t\u00e9 d&#039;\u00c9tudes M\u00e9dio Et N\u00e9o-Latines","og_description":"Liste des th\u00e8ses et HDR en cours dans la recherche sur le m\u00e9diolatin et le n\u00e9o-latin dans les universit\u00e9s francophones","og_url":"http:\/\/www.semen-l.org\/?p=1279","og_site_name":"Soci\u00e9t\u00e9 d&#039;\u00c9tudes M\u00e9dio Et N\u00e9o-Latines","article_publisher":"https:\/\/www.facebook.com\/SEMENL2018","article_published_time":"2009-11-23T02:36:06+00:00","article_modified_time":"2025-01-02T22:58:48+00:00","og_image":[{"width":1000,"height":300,"url":"http:\/\/www.semen-l.org\/wp-content\/uploads\/2020\/11\/Benoyt-de-Sainte-Maure-btv1b52-bell1.jpg","type":"image\/jpeg"}],"author":"Julien Maudoux","twitter_card":"summary_large_image","twitter_misc":{"\u00c9crit par":"Julien Maudoux","Dur\u00e9e de lecture estim\u00e9e":"5 minutes"},"schema":{"@context":"https:\/\/schema.org","@graph":[{"@type":"Article","@id":"http:\/\/www.semen-l.org\/?p=1279#article","isPartOf":{"@id":"http:\/\/www.semen-l.org\/?p=1279"},"author":{"name":"Julien Maudoux","@id":"http:\/\/www.semen-l.org\/#\/schema\/person\/ef5208815f17666727763c5363a51344"},"headline":"Th\u00e8ses et HDR en cours en 2009","datePublished":"2009-11-23T02:36:06+00:00","dateModified":"2025-01-02T22:58:48+00:00","mainEntityOfPage":{"@id":"http:\/\/www.semen-l.org\/?p=1279"},"wordCount":851,"commentCount":0,"publisher":{"@id":"http:\/\/www.semen-l.org\/#organization"},"image":{"@id":"http:\/\/www.semen-l.org\/?p=1279#primaryimage"},"thumbnailUrl":"https:\/\/www.semen-l.org\/wp-content\/uploads\/2020\/11\/Benoyt-de-Sainte-Maure-btv1b52-bell1.jpg","keywords":["Adages","alba amicorum","Augustin d'Hippone","B\u00e9rauld (Nicolas)","B\u00e8ze (Th\u00e9odore de)","Boccace","Bonnefons (Jean)","Buccolicum carmen (Boccace)","Carmen de ingratis (Prosper d'Aquitaine)","Contra collatorem (Prosper d'Aquitaine)","Crinito (Pietro)","De Honesta disciplina (Pietro Crinito)","Dialogi (Ravisius Textor)","\u00c9rasme","Gratia testamenti noui","Grenade","Juvenilia (Th\u00e9odore de B\u00e8ze)","Lambin (Denis)","Muret (Marc Antoine)","Naples","Orationes (Marc-Antoine Muret)","peinture","po\u00e9tique","Pontano (Giovanni)","Prosper d\u2019Aquitaine","Ravisius (Textor)","Rhenanus (Beatus)","rh\u00e9torique","Salmon Macrin (Jean)","Stace","th\u00e9\u00e2tre","vin"],"articleSection":["Th\u00e8ses en cours"],"inLanguage":"fr-FR","potentialAction":[{"@type":"CommentAction","name":"Comment","target":["http:\/\/www.semen-l.org\/?p=1279#respond"]}]},{"@type":"WebPage","@id":"http:\/\/www.semen-l.org\/?p=1279","url":"http:\/\/www.semen-l.org\/?p=1279","name":"Th\u00e8ses et HDR en cours en 2009 - Soci\u00e9t\u00e9 d&#039;\u00c9tudes M\u00e9dio Et N\u00e9o-Latines","isPartOf":{"@id":"http:\/\/www.semen-l.org\/#website"},"primaryImageOfPage":{"@id":"http:\/\/www.semen-l.org\/?p=1279#primaryimage"},"image":{"@id":"http:\/\/www.semen-l.org\/?p=1279#primaryimage"},"thumbnailUrl":"https:\/\/www.semen-l.org\/wp-content\/uploads\/2020\/11\/Benoyt-de-Sainte-Maure-btv1b52-bell1.jpg","datePublished":"2009-11-23T02:36:06+00:00","dateModified":"2025-01-02T22:58:48+00:00","description":"Liste des th\u00e8ses et HDR en cours dans la recherche sur le m\u00e9diolatin et le n\u00e9o-latin dans les universit\u00e9s francophones","breadcrumb":{"@id":"http:\/\/www.semen-l.org\/?p=1279#breadcrumb"},"inLanguage":"fr-FR","potentialAction":[{"@type":"ReadAction","target":["http:\/\/www.semen-l.org\/?p=1279"]}]},{"@type":"ImageObject","inLanguage":"fr-FR","@id":"http:\/\/www.semen-l.org\/?p=1279#primaryimage","url":"https:\/\/www.semen-l.org\/wp-content\/uploads\/2020\/11\/Benoyt-de-Sainte-Maure-btv1b52-bell1.jpg","contentUrl":"https:\/\/www.semen-l.org\/wp-content\/uploads\/2020\/11\/Benoyt-de-Sainte-Maure-btv1b52-bell1.jpg","width":1000,"height":300},{"@type":"BreadcrumbList","@id":"http:\/\/www.semen-l.org\/?p=1279#breadcrumb","itemListElement":[{"@type":"ListItem","position":1,"name":"Accueil","item":"http:\/\/www.semen-l.org\/"},{"@type":"ListItem","position":2,"name":"Th\u00e8ses et HDR en cours en 2009"}]},{"@type":"WebSite","@id":"http:\/\/www.semen-l.org\/#website","url":"http:\/\/www.semen-l.org\/","name":"Soci\u00e9t\u00e9 d'\u00c9tudes M\u00e9dio Et N\u00e9o-Latines","description":"","publisher":{"@id":"http:\/\/www.semen-l.org\/#organization"},"potentialAction":[{"@type":"SearchAction","target":{"@type":"EntryPoint","urlTemplate":"http:\/\/www.semen-l.org\/?s={search_term_string}"},"query-input":{"@type":"PropertyValueSpecification","valueRequired":true,"valueName":"search_term_string"}}],"inLanguage":"fr-FR"},{"@type":"Organization","@id":"http:\/\/www.semen-l.org\/#organization","name":"Soci\u00e9t\u00e9 d'\u00e9tudes m\u00e9dio et n\u00e9o-latines","url":"http:\/\/www.semen-l.org\/","logo":{"@type":"ImageObject","inLanguage":"fr-FR","@id":"http:\/\/www.semen-l.org\/#\/schema\/logo\/image\/","url":"http:\/\/www.semen-l.org\/wp-content\/uploads\/2020\/11\/logo-semenl.jpg","contentUrl":"http:\/\/www.semen-l.org\/wp-content\/uploads\/2020\/11\/logo-semenl.jpg","width":408,"height":403,"caption":"Soci\u00e9t\u00e9 d'\u00e9tudes m\u00e9dio et n\u00e9o-latines"},"image":{"@id":"http:\/\/www.semen-l.org\/#\/schema\/logo\/image\/"},"sameAs":["https:\/\/www.facebook.com\/SEMENL2018","https:\/\/independent.academia.edu\/SocitsdtudesmdioetnolatinesSEMENL"]},{"@type":"Person","@id":"http:\/\/www.semen-l.org\/#\/schema\/person\/ef5208815f17666727763c5363a51344","name":"Julien Maudoux","image":{"@type":"ImageObject","inLanguage":"fr-FR","@id":"https:\/\/secure.gravatar.com\/avatar\/caabf4fb6242e2277733cd35a5c2aa083761ea25dae1d1ff3298b54292225292?s=96&d=mm&r=g","url":"https:\/\/secure.gravatar.com\/avatar\/caabf4fb6242e2277733cd35a5c2aa083761ea25dae1d1ff3298b54292225292?s=96&d=mm&r=g","contentUrl":"https:\/\/secure.gravatar.com\/avatar\/caabf4fb6242e2277733cd35a5c2aa083761ea25dae1d1ff3298b54292225292?s=96&d=mm&r=g","caption":"Julien Maudoux"},"description":"Webmestre du site de la SEMEN-L","url":"https:\/\/www.semen-l.org\/?author=26"}]}},"jetpack_featured_media_url":"https:\/\/www.semen-l.org\/wp-content\/uploads\/2020\/11\/Benoyt-de-Sainte-Maure-btv1b52-bell1.jpg","_links":{"self":[{"href":"https:\/\/www.semen-l.org\/index.php?rest_route=\/wp\/v2\/posts\/1279","targetHints":{"allow":["GET"]}}],"collection":[{"href":"https:\/\/www.semen-l.org\/index.php?rest_route=\/wp\/v2\/posts"}],"about":[{"href":"https:\/\/www.semen-l.org\/index.php?rest_route=\/wp\/v2\/types\/post"}],"author":[{"embeddable":true,"href":"https:\/\/www.semen-l.org\/index.php?rest_route=\/wp\/v2\/users\/26"}],"replies":[{"embeddable":true,"href":"https:\/\/www.semen-l.org\/index.php?rest_route=%2Fwp%2Fv2%2Fcomments&post=1279"}],"version-history":[{"count":0,"href":"https:\/\/www.semen-l.org\/index.php?rest_route=\/wp\/v2\/posts\/1279\/revisions"}],"wp:featuredmedia":[{"embeddable":true,"href":"https:\/\/www.semen-l.org\/index.php?rest_route=\/wp\/v2\/media\/1149"}],"wp:attachment":[{"href":"https:\/\/www.semen-l.org\/index.php?rest_route=%2Fwp%2Fv2%2Fmedia&parent=1279"}],"wp:term":[{"taxonomy":"category","embeddable":true,"href":"https:\/\/www.semen-l.org\/index.php?rest_route=%2Fwp%2Fv2%2Fcategories&post=1279"},{"taxonomy":"post_tag","embeddable":true,"href":"https:\/\/www.semen-l.org\/index.php?rest_route=%2Fwp%2Fv2%2Ftags&post=1279"}],"curies":[{"name":"wp","href":"https:\/\/api.w.org\/{rel}","templated":true}]}}