{"id":1277,"date":"2010-11-23T02:09:22","date_gmt":"2010-11-23T02:09:22","guid":{"rendered":"http:\/\/www.semen-l.org\/?p=1277"},"modified":"2020-11-23T13:57:14","modified_gmt":"2020-11-23T13:57:14","slug":"cours-et-seminaires-2009-2010","status":"publish","type":"post","link":"https:\/\/www.semen-l.org\/?p=1277","title":{"rendered":"Cours et s\u00e9minaires 2009-2010"},"content":{"rendered":"<p>COURS ET S\u00c9MINAIRES 2009-2010<br \/>\nCours et s\u00e9minaires en France<br \/>\nUniversit\u00e9 de Provence-Aix-Marseille I<br \/>\nCours<br \/>\n\u2014 Jean-Louis Charlet, CM L3, semestre 1, vendredi 15h-18h (4 s\u00e9ances : 9, 23 et 30 octobre 2009, 20 novembre 2009), Jas, s. 9 : \u00ab Didactique et p\u00e9dagogie du latin \u00e0 l&rsquo;\u00e9poque humaniste, les<br \/>\nColloquia \u00bb.<br \/>\n\u2014 Jean-Louis Charlet, CM L3, M1-M2, semestre 2, vendredi 14h-17h (4 s\u00e9ances), Jas, s. 7, \u00ab Initiation \u00e0 la recherche \u00bb : \u00ab L\u2019\u00e9pop\u00e9e latine tardive : Claudien , De bello getico \u00bb.<br \/>\nS\u00e9minaires<br \/>\n\u2014 Jean-Louis Charlet, M1-M2, semestres 1 et 2, \u00ab M\u00e9trique et stylistique des textes antiques et m\u00e9di\u00e9vaux \u00bb (12 h).<br \/>\n\u2014 Jean-Louis Charlet, M1-M2, semestres 1 et 2, vendredi 9h-12h ou lundi 9h-12h, en alternance dans le s\u00e9minaire \u00ab Technique d&rsquo;\u00e9dition des textes anciens \u00bb : \u00ab Codicologie latine I-II-III \u00bb (6h<br \/>\npour chaque niveau, Jas,) ; Pascal Boulhol : \u00ab Pal\u00e9ographie latine II \u00bb (6h, 2 s\u00e9ances, Jas, mercredi, 14h-17h, s. 9) ; Jean-Louis Charlet : \u00ab Critique textuelle \u00bb III (6h, 2 s\u00e9ances, Jas).<br \/>\nUniversit\u00e9 Michel de Montaigne-Bordeaux 3<br \/>\nCours<br \/>\n\u2014 Patrick Henriet, L3, semestre 1, jeudi 10h30-12h30, cours de latin m\u00e9di\u00e9val.<br \/>\nS\u00e9minaire<br \/>\n\u2014 Dani\u00e8le James-Raoul et Jean-Ren\u00e9 Valette, M2, semestre 1, mercredi 13h30-15h30, salle D 107 : \u00ab De la beaut\u00e9 aux XIIe-XIIIe si\u00e8cles : questions d\u2019esth\u00e9tique m\u00e9di\u00e9vale \u00bb.<br \/>\nUniversit\u00e9 de Bourgogne-Dijon<br \/>\nCours<br \/>\n\u2014 Sylvie Laigneau-Fontaine, L3, semestre 1, jeudi 10h-11 h, salle R 33 : \u00ab Images de C\u00e9sar de l&rsquo;Antiquit\u00e9 \u00e0 la Renaissance \u00bb<br \/>\n\u2014 Sylvie Laigneau-Fontaine, L3, semestre 1, mardi 15h-16 h, salle R 33 : \u00ab La consolation de l&rsquo;Antiquit\u00e9 \u00e0 la Renaissance \u00bb<br \/>\nS\u00e9minaires<br \/>\n\u2014 Sylvie Laigneau-Fontaine, M1-M2, semestre 1, jeudi 8h-9h, salle 252 : \u00ab Autour des Adages d&rsquo;Erasme \u00bb.<br \/>\n\u2014 Sylvie Laigneau-Fontaine, M1-M2, semestre 1, mercredi 16h-17h, salle 252 : \u00ab L\u2019\u00e9pigramme latine et n\u00e9o-latine \u00bb.<br \/>\nUniversit\u00e9 Stendhal-Grenoble 3<br \/>\nCours<br \/>\n\u00c0 l\u2019antenne de Valence (cours pour Lettres Modernes) :<br \/>\n\u2014 Martine Furno, option L2, semestre 1, lundi 17h-19h, salle 208 : \u00ab Histoire de l&rsquo;enseignement et des premiers niveaux d&rsquo;apprentissages, de l&rsquo;antiquit\u00e9 aux coll\u00e8ges j\u00e9suites \u00bb.<br \/>\n\u2014 Martine Furno, option L2, semestre 2, lundi 17h-19h, salle \u00e0 d\u00e9finir : \u00ab Le mythe de Didon, de Virgile \u00e0 Berlioz (Antiquit\u00e9, Moyen \u00c2ge, Renaissance et \u00e9poque classique) \u00bb.<br \/>\nS\u00e9minaire<br \/>\n\u2014 Sophie Aubert, M1-M2, semestre 1, mardi 17h30-18h30, salle B 311, \u00ab Croisement et permanence de l\u2019antique \u00bb : \u00ab \u00c9volution du sto\u00efcisme de l\u2019Antiquit\u00e9 \u00e0 la Renaissance \u00bb.<br \/>\nUniversit\u00e9 Charles de Gaulle-Lille 3<br \/>\nCours<br \/>\n\u2014 Laurence Boul\u00e8gue, L2 et L3, UE libre de litt\u00e9rature n\u00e9o-latine, semestre 1, vendredi 13h30- 15h00 : \u00ab Le d\u00e9bat sur les genres de vie \u00e0 la Renaissance : vies po\u00e9tique, philosophique, politique \u00bb.<br \/>\nS\u00e9minaires<br \/>\n\u2014 Marc Baratin, M1-M2, semestre 1, jeudi 10h30-11h30 : \u00ab Textes techniques latins : les textes grammaticaux. Pr\u00e9sentation des textes sur le langage \u00e0 Rome, et parmi eux des textes<br \/>\ngrammaticaux, puis traduction de passages des Institutions grammaticales de Priscien \u00bb.<br \/>\n\u2014 Laurence Boul\u00e8gue en collaboration avec Jacqueline Fabre-Serris, M1-M2, semestre 1, jeudi 11h30-12h30 : \u00ab Couples mythiques de l&rsquo;Antiquit\u00e9 \u00e0 l&rsquo;\u00e9poque moderne : r\u00e9flexion sur la constitution et la permanence d&rsquo;un lien \u00bb.<br \/>\nUniversit\u00e9 de Limoges<br \/>\nCours<br \/>\n\u2014 Laurence Pradelle, M1, semestre 1 : \u00ab Initiation \u00e0 l&rsquo;art et \u00e0 la litt\u00e9rature de la Renaissance italienne dans leur relation avec la culture gr\u00e9co-latine antique \u00bb.<br \/>\nUniversit\u00e9 Paul Verlaine-Metz<br \/>\nS\u00e9minaire<br \/>\n\u2014 Jean-Fr\u00e9d\u00e9ric Chevalier, M2, semestre 1, 12h : \u00ab Litt\u00e9rature n\u00e9o-latine et spiritualit\u00e9 \u00bb. Universit\u00e9 de Paris-Sorbonne (Paris I)<br \/>\nS\u00e9minaire<br \/>\n\u2014 Monique Goullet, St\u00e9phane Gioanni, Beno\u00eet Gr\u00e9vin, semestres 1 et 2, vendredi 13h-15h, Sorbonne, salle Perroy : \u00ab La rh\u00e9torique politique du dictamen au bas Moyen \u00c2ge : \u00e9dition, traduction et commentaire historique d\u2019une anthologie de lettres de propagande et manifestes politiques du XIIIe-XIVe si\u00e8cle (Empire-Sicile, papaut\u00e9, France, Angleterre, communes italiennes)<br \/>\nLe temps des imitations \u00bb.<br \/>\nUniversit\u00e9 de Paris-Sorbonne (Paris IV)<br \/>\nCours<br \/>\n\u2014 Anne Dupuis-Raffarin, TD L3, semestre 1, mardi 9h-10h, s. 659, \u00ab Initiation \u00e0 la culture et \u00e0 la litt\u00e9rature latines de la Renaissance (XVe-XVIe si\u00e8cles) \u00bb : \u00ab La p\u00e9dagogie humaniste (trait\u00e9s humanistes sur l&rsquo;\u00e9ducation) \u00bb.<br \/>\n\u2014 \u00c9milie S\u00e9ris, CM L2, semestre 1, \u00ab Initiation \u00e0 la litt\u00e9rature de la Renaissance sur textes traduits \u00bb : \u00ab Repr\u00e9sentations du po\u00e8te \u00e0 la Renaissance \u00bb.<br \/>\n\u2014 H\u00e9l\u00e8ne Casanova-Robin, CM L3, semestres 1 et 2, \u00ab Initiation \u00e0 la culture et \u00e0 la litt\u00e9rature latines de la Renaissance (XVe-XVIe si\u00e8cles), jeudi, 10h-11h, s. 658 : semestre 1, \u00ab Usages de la mythologie \u00e0 la Renaissance \u00bb ; semestre 2, \u00ab L\u2019expression du sentiment amoureux dans la po\u00e9sie latine des XVe et XVIe si\u00e8cles \u00bb.<br \/>\n\u2014 X, CM L2, semestre 2, \u00ab Initiation \u00e0 la litt\u00e9rature de la Renaissance sur textes traduits \u00bb : \u00ab La red\u00e9couverte de Rome par les humanistes des XVe et XVIe si\u00e8cles \u00bb.<br \/>\n\u2014 M\u00e9lanie Bost-Fievet, TD L2, semestre 2, mardi 14h-15h, \u00ab Initiation \u00e0 la litt\u00e9rature de la Renaissance sur textes traduits \u00bb : \u00ab Les voyages des humanistes \u00bb.<br \/>\n\u2014 \u00c9milie S\u00e9ris, TD L3, semestre 2, vendredi 13h-14h, A. Le Verrier, \u00ab Initiation \u00e0 la culture et \u00e0 la civilisation latines de la Renaissance (XVe-XVIe si\u00e8cles) \u00bb : \u00ab L\u2019Erotopaegnion de J\u00e9r\u00f4me Angeriano (1512) \u00bb.<br \/>\nS\u00e9minaires<br \/>\n\u2014 Vincent Zarini, M1-M2, semestres 1 et 2, jeudi 16h30-18h30, Maison de la Recherche : \u00ab Culture antique et culture chr\u00e9tienne chez Ennode de Pavie \u00bb.<br \/>\n\u2014 H\u00e9l\u00e8ne Casanova-Robin, M1-M2, semestres 1 et 2, jeudi 14h-16h, Maison de la Recherche : \u00abLa tradition de la po\u00e9sie bucolique latine du Moyen \u00c2ge (Dante) \u00e0 la Renaissance \u00bb<br \/>\nUniversit\u00e9 de Toulouse II-Le Mirail<br \/>\nS\u00e9minaires<br \/>\n\u2014 Anne-H\u00e9l\u00e8ne Klinger, M1, semestre 1, jeudi 8h30-10h30 : \u00ab Litt\u00e9rature latine de l\u2019Europe humaniste (XIVe-XVIe si\u00e8cles) : mythes, repr\u00e9sentations figur\u00e9es, images \u00bb. \u00c9cole Nationale des Chartes<br \/>\nCours et s\u00e9minaires<br \/>\n\u2014 Marc Smith, semestre 2, mardi 14h30-15h30, Grande Salle, \u00ab Pal\u00e9ographie latine \u00bb : \u00ab Initiation \u00e0 la pal\u00e9ographie latine. Documents et livres latins du Moyen \u00c2ge. Approche chronologique, IXe-XVe si\u00e8cle \u00bb.<br \/>\n\u2014 Marc Smith, semestre 1, mardi 14h00-15h00, Grande Salle, \u00ab Pal\u00e9ographie latine \u00bb : \u00ab Pal\u00e9ographie latine approfondie (1) : livres et actes, IVe-XIIe si\u00e8cle \u00bb.<br \/>\n\u2014 Marc Smith, semestre 1, mardi 12h-13h, Grande Salle, \u00ab Pal\u00e9ographie latine \u00bb : \u00ab Pal\u00e9ographie latine approfondie : documents du XIIIe si\u00e8cle. Approche chronologique par types de documents \u00bb.<br \/>\n\u2014 Marc Smith, semestre 2, mardi 11h15-12h15, Grande Salle, \u00ab Pal\u00e9ographie latine \u00bb :\u00ab Pal\u00e9ographie latine approfondie : \u00e9critures scolastiques (2) &#8211; Lecture de textes sp\u00e9cialis\u00e9s (philosophie, th\u00e9ologie, etc.), XIIe-XVe si\u00e8cle \u00bb.<br \/>\n\u2014 Marc Smith, semestre 2, mardi 13h15-14h15, Grande Salle, \u00ab Pal\u00e9ographie latine \u00bb : \u00ab Pal\u00e9ographie latine approfondie : documents des XIVe-XVIe s. Approche chronologique et par types de documents, centr\u00e9e sur les \u00e9critures cursives \u00bb.<br \/>\n\u2014 Bruno Bon, semestre 1, mercredi 9h30-11h30, Centre Albert Ch\u00e2telet, Giry, \u00ab Latin m\u00e9di\u00e9val \u00bb : \u00ab Le latin des documents de la pratique : initiation \u00bb.<br \/>\n\u2014 J\u00e9r\u00f4me Belmon, Bruno Bon, Olivier Guyotjeannin, semestre 1, mercredi 11h30-12h30, Centre Albert Ch\u00e2telet, Giry, \u00ab Latin m\u00e9di\u00e9val \u00bb : \u00ab Le latin des documents de la pratique :<br \/>\napprofondissement \u00bb.<br \/>\n\u2014 Pascale Bourgain, semestre 2, mardi 9h-10h, Grande Salle, \u00ab Latin m\u00e9di\u00e9val \u00bb : \u00ab Le latin des textes litt\u00e9raires \u00bb.<br \/>\n\u2014 Pascale Bourgain, semestre 1, mercredi 10h30-11h30, Grande Salle, \u00ab Latin m\u00e9di\u00e9val \u00bb : \u00ab Le latin des textes litt\u00e9raires : approche culturelle \u00bb.<br \/>\n\u2014 Pascale Bourgain, semestre 1, mercredi 9h-10h, Centre Albert Ch\u00e2telet, Delisle : \u00ab Histoire des textes litt\u00e9raires du Moyen \u00c2ge. Histoire des sources litt\u00e9raires m\u00e9di\u00e9vales \u00bb.<br \/>\n\u2014 Pascale Bourgain, semestre 2, mercredi 10h-11h, Centre Albert Ch\u00e2telet, Delisle : \u00ab L\u2019\u00e9dition des textes, du Moyen \u00c2ge \u00e0 l\u2019\u00e9poque modernes. L\u2019\u00e9dition des textes litt\u00e9raires latins (et latin m\u00e9di\u00e9val)<br \/>\n\u00bb.<br \/>\n\u00c9cole Normale Sup\u00e9rieure de Paris<br \/>\nCours<br \/>\n\u2014 C\u00e9cile Lan\u00e9ry et Pierre Petitmengin, semestres 1 et 2, mardi 17h30-19h30, salle de s\u00e9minaire du Centre d\u2019\u00e9tudes anciennes : \u00ab Lecture et critique des manuscrits latins \u00bb.<br \/>\n\u2014 Jean-Christophe Jolivet et \u00c9tienne Wolff, horaires \u00e0 pr\u00e9ciser : \u00ab Sidoine Apollinaire, Po\u00e8mes : Pan\u00e9gyriques (CUF), tome I, Carmina I-VIII \u00bb.<br \/>\n\u2014 Isabelle Pantin, semestre 1, 2h par quinzaine : cours de n\u00e9o-latin.<br \/>\n\u2014 Michel Magnien, semestre 2, 2h par quinzaine : cours de n\u00e9o-latin.<br \/>\nS\u00e9minaires<br \/>\n\u2014 Sylvia Estienne (en S1) et Mathilde Mah\u00e9-Simon (en S2), semestres 1 et 2, samedi 10h-12h30, une fois par mois, salle de s\u00e9minaire du CEA : \u00ab Virgile comment\u00e9 par Servius : aspects litt\u00e9raires et religieux \u00bb<br \/>\n\u00c9cole Pratique des Hautes \u00c9tudes, Sciences historiques, philologiques et religieuses (section IV)<br \/>\nS\u00e9minaires<br \/>\nEn Sorbonne, l\u2019entr\u00e9e \u00e0 l\u2019EPHE se fait par le 17, rue de la Sorbonne, escalier E, 1er \u00e9tage.<br \/>\n\u2014 Nicole B\u00e9riou, semestres 1 et 2, mardi, 9h-11h, Sorbonne, salle Corbin : \u00ab Ex\u00e9g\u00e8se et pr\u00e9dication dans le Moyen \u00c2ge chr\u00e9tien occidental. Parole, \u00c9criture et r\u00e9forme de l\u2019\u00c9glise (XIIe-XIIIe si\u00e8cles)\u00bb.<br \/>\n\u2014 Marc Deramaix, semestres 1 et 2, les 1er, 3e et 5e vendredis du mois (6 et 20 novembre 2009, 4 et 18 d\u00e9cembre 2009, 15 et 29 janvier 2010, 5 f\u00e9vrier 2010, 19 mars 2010, 28 mai 2010, 4 et 18 juin 2010), 12h \u00e0 14h, Sorbonne, salle Delamarre : \u00ab Langue et litt\u00e9rature n\u00e9o-latines. Th\u00e9ories po\u00e9tiques de la Renaissance italienne \u00bb.<br \/>\n1. \u00ab \u00c9dition, traduction et commentaire de l\u2019Actius (Naples, 1507) de Giovanni Pontano (1429-1503) \u00bb (commentaire de la partie I De numeris poeticis, suite, consacr\u00e9e \u00e0 l&rsquo;examen des moyens<br \/>\npropres \u00e0 la musique verbale chez Virgile).<br \/>\n2. \u00ab Autour de l\u2019Actius : sources, contexte, r\u00e9ception \u00bb (sur la tradition gr\u00e9co-latine de la compositio uerborum, de Cic\u00e9ron et Denys d&rsquo;Halicarnasse \u00e0 Georges de Tr\u00e9bizonde et Pontano).<br \/>\n\u2014 Perrine Galand, semestres 1 et 2, mercredi 12h-14h et 16h-18h (18 novembre 2009, 2 et 16 d\u00e9cembre, 6 et 20 janvier 2010, 3 f\u00e9vrier, 10 et 24 mars, 7 avril, 12 et 26 mai, 9 juin), Sorbonne,<br \/>\nsalle Delamarre : \u00ab Langue et litt\u00e9rature n\u00e9o-latines \u00bb.<br \/>\n1. \u00ab Th\u00e9ories et pratiques po\u00e9tiques de l&rsquo;humanisme (XVIe si\u00e8cle) \u00bb, en collaboration avec John Nassichuk (professeur \u00e0 l&rsquo;Universit\u00e9 de Western Ontario, Canada) : \u00ab La po\u00e9sie (latine et fran\u00e7aise) des Parlementaires, dans la seconde moiti\u00e9 du XVIe si\u00e8cle en France (le statut de leur activit\u00e9 po\u00e9tique; une tradition \u00e9rasmienne tardive ; la question du bilinguisme) \u00bb. John Nassichuk : \u00ab Les Poemata (Caen, 1600) de l&rsquo;humaniste Jean Rouxel de Breteuil, professeur de droit et de rh\u00e9torique \u00e0 l&rsquo;Universit\u00e9 de Caen sous Charles IX et Henri III \u00bb.<br \/>\n2. \u00c9dition, traduction et commentaire de textes humanistes : \u00c9dition du Sylvarum liber primus de Guillaume de Calvimont (Paris, Denis du Pr\u00e9, 1571), avocat au Parlement de Paris et cousin<br \/>\nd&rsquo;\u00c9tienne de La Bo\u00e9tie (suite) \u00bb.<br \/>\n\u2014 Jean-Marc Mandosio, semestres 1 et 2 : \u00ab Latin technique du XIIe au XVIIIe si\u00e8cle \u00bb.<br \/>\n1. Jeudi 18h-20h, salle d&rsquo;Histoire : \u00ab Jacques Lef\u00e8vre d\u2019\u00c9taples, De magia naturali (1493-1495) : textes alchimiques m\u00e9di\u00e9vaux \u00bb.<br \/>\n2. En collaboration avec Marie-Dominique Couzinet (Universit\u00e9 de Paris I), les 2e et 4e vendredis du mois, 15h-17h, salle d&rsquo;Histoire : \u00ab Le commentaire de Jean P\u00e9na (1555) sur le De natura deorum de Cic\u00e9ron \u00bb.<br \/>\n\u2014 Jean-Marc Mandosio, semestres 1 et 2 : \u00ab Latin m\u00e9di\u00e9val \u00bb.<br \/>\n\u2014 Jo\u00eblle Ducos, semestres 1 et 2, jeudi 14h-16h, salle Delamarre : \u00ab Culture savante et vulgarisation dans la France m\u00e9di\u00e9vale \u00bb.<br \/>\n1. \u00ab Les traductions vernaculaires de l&rsquo;Epitoma rei militaris de V\u00e9g\u00e8ce (XIIIe-XIVe si\u00e8cles) \u00bb.<br \/>\n2. \u00ab Mod\u00e8les textuels et vulgarisation : le Rosarius \u00bb.<br \/>\n\u2014 Ir\u00e8ne Rosier-Catach, semestres 1 et 2, mardi 9h-11h, salle Mauss: \u00ab Arts du langage et th\u00e9ologie au Moyen \u00c2ge \u00bb.<br \/>\n1. \u00ab Logique et s\u00e9mantique \u00e0 l\u2019\u00e9poque d\u2019Ab\u00e9lard \u00bb.<br \/>\n2. \u00ab Langage et politique chez Dante \u00bb, avec la collaboration de Martin Rueff et de Nicole B\u00e9riou.<br \/>\n\u2014 Anne-Marie Turcan-Verkerk, semestres 1 et 2, mardi 14h30-16h30, IRHT, salle Jeanne Vielliard : \u00ab Langue et litt\u00e9rature latines du Moyen \u00c2ge \u00bb<br \/>\n1. \u00ab L\u2019enseignement de Bernard de Bologne sur le vers et la prose (1140-1150) \u00bb.<br \/>\n2. \u00ab Catalogues de biblioth\u00e8ques et listes de livres du Moyen \u00c2ge \u00bb. Institut de recherche et d\u2019\u00e9tude des textes<br \/>\nS\u00e9minaires<br \/>\n\u2014 Dominique Poirel, du 7 au 11 d\u00e9cembre 2009, Centre F\u00e9lix-Grat : \u00ab Initiation \u00e0 l\u2019\u00e9dition critique : \u00e9dition collective d\u2019un texte latin du Moyen \u00c2ge, le Commentaire d\u2019Adam de Buckfield<br \/>\n(m. av. 1294) sur le De differentia animae et spiritus de Costa ben Luca (m. 912) \u00bb.<br \/>\n\u2014 Claire Ma\u00eetre, semestres 1 et 2, vendredi 16 octobre 2009 puis un jeudi par mois, 16h-18h (19 novembre, 10 d\u00e9cembre 2009, 7 janvier, 11 mars, 1 avril, 29 avril et 27 mai 2010), Biblioth\u00e8que<br \/>\nMazarine : \u00ab Les lectures et les r\u00e9pons de l\u2019office nocturne \u00e0 l\u2019\u00e9poque m\u00e9di\u00e9vale \u00bb.<br \/>\n\u2014 Jean-Fran\u00e7ois Maillard, Jean C\u00e9ard et Catherine Magnien, semestres 1 et 2, un vendredi par mois 16h-19h (6 s\u00e9ances), Centre F\u00e9lix-Grat : \u00ab Humanisme : commenter \u00e0 la Renaissance \u00bb. Cours et s\u00e9minaires \u00e0 l\u2019\u00e9tranger Allemagne, Universit\u00e9 de Tr\u00e8ves<br \/>\nS\u00e9minaire<br \/>\n\u2014 Luc Deitz, Fachbereich Alterumswissenschaften &#8211; D\u00e9partement de lettres classiques, semestre d&rsquo;\u00e9t\u00e9 2010 : \u00ab Lateinische Liebes- (und erotische) Dichtung der Renaissance \u00bb.<br \/>\nBelgique, Universit\u00e9 catholique de Louvain-la-Neuve<br \/>\nCours<br \/>\n\u2014 Paul Deproost, Second cycle, semestres 1 et 2, vendredi 16h-17h : \u00ab Auteurs latins de l\u2019Antiquit\u00e9 tardive \u00bb.<br \/>\n\u2014 Baudoin Van de Abeele, Second cycle, semestres 1 et 2, lundi 9h30-10h30 : \u00ab Pal\u00e9ographie latine \u00bb.<br \/>\nBelgique, Universit\u00e9 de Gand<br \/>\nCours<br \/>\n\u2014 Marc van Uytfanghe, Master de latin, cours de Litt\u00e9rature latine postclassique. Royaume-Uni, Universit\u00e9 de Cambridge, Clare College<br \/>\nCours<br \/>\n\u2014 Philip Ford and others, Undergraduate course, jeudi 17h30, Godwin Room, D staircase, Old Court : \u00ab Seminar programme : Michaelmas Term 2009 \u00bb, dont on trouvera les d\u00e9tails sur le site de<br \/>\nla Facult\u00e9 (nombreux outils en ligne. [http:\/\/www.mml.cam.ac.uk\/other\/courses\/ugrad\/neo_latin.html].<br \/>\n\u2014 Philip Ford : \u00ab Neo-Latin papers \u00bb.<br \/>\n1. \u00ab Introduction to Neo-Latin Literature 1350-1700 \u00bb.<br \/>\n2. \u00ab A special subject in Neo-Latin Literature : Marullus, Poliziano, B\u00e8ze, Buchanan \u00bb.<br \/>\nIl existe \u00e9galement une option de ma\u00eetrise, \u00ab European Literature \u00bb, sur l\u2019histoire du livre, qui traite de n\u00e9o-latin. Suisse, Universit\u00e9 de Gen\u00e8ve<br \/>\nCours<br \/>\n\u2014 G\u00e9raldine Ch\u00e2telain, TP Baccalaur\u00e9at, semestres 1 et 2, vendredi 14h-16h, A303, \u00ab Lecture comment\u00e9e de textes latins m\u00e9di\u00e9vaux \u00bb : \u00ab Lecture de textes \u00bb.<br \/>\n\u2014 Luca Barbieri, Yasmina Foehr-Janssen, Jean-Yves Tilliette, Baccalaur\u00e9at, semestres 1 et 2, jeudi 14h-16h, salle A113, \u00ab Introduction aux \u00e9tudes de litt\u00e9rature m\u00e9di\u00e9vale \u00bb : \u00ab Histoire litt\u00e9raire du Moyen \u00c2ge latin, fran\u00e7ais et proven\u00e7al \u00bb.<br \/>\nS\u00e9minaires<br \/>\n\u2014 Jean-Yves Tilliette, Baccalaur\u00e9at et Ma\u00eetrise, semestre 1, mercredi 15h-17h, Lausanne, \u00ab Litt\u00e9ratures du Moyen \u00c2ge \u00bb : \u00ab La culture litt\u00e9raire \u00e0 la cour du roi Robert d\u2019Anjou : autour de<br \/>\nl\u2019oeuvre latine de Boccace \u00bb.<br \/>\n\u2014 Jean-Yves Tilliette, Ma\u00eetrise, semestre 1, mercredi 16h-18h, salle B110, \u00ab Lecture comment\u00e9e de textes latins m\u00e9di\u00e9vaux \u00bb : \u00ab Le Chansonnier de Cambridge, premier recueil lyrique du Moyen \u00c2ge\u00bb.<br \/>\n\u2014 Jean-Yves Tilliette, Baccalaur\u00e9at et Ma\u00eetrise, semestre 1, jeudi 10h-12h, salle A208, \u00ab Histoire culturelle de l\u2019Europe m\u00e9di\u00e9vale \u00bb : \u00ab Po\u00e9tique du nonsense dans la litt\u00e9rature latine du Moyen \u00c2ge<br \/>\n\u00bb.<br \/>\n\u2014 G\u00e9raldine Ch\u00e2telain, Baccalaur\u00e9at et Ma\u00eetrise, semestre 2, mercredi 16h-18h, salle B110, \u00ab Lecture comment\u00e9e de textes latins m\u00e9di\u00e9vaux \u00bb : \u00ab Un aspect de l\u2019oeuvre de Pierre de Blois : le<br \/>\nportrait de l\u2019homme en lettres \u00bb.<\/p>\n","protected":false},"excerpt":{"rendered":"<p>COURS ET S\u00c9MINAIRES 2009-2010 Cours et s\u00e9minaires en France Universit\u00e9 de Provence-Aix-Marseille I Cours \u2014 Jean-Louis Charlet, CM L3, semestre 1, vendredi 15h-18h (4 s\u00e9ances : 9, 23 et 30 octobre 2009, 20 novembre 2009), Jas, s. 9 : \u00ab &hellip; <a href=\"https:\/\/www.semen-l.org\/?p=1277\">Continuer la lecture <span class=\"meta-nav\">&rarr;<\/span><\/a><\/p>\n","protected":false},"author":26,"featured_media":967,"comment_status":"open","ping_status":"open","sticky":false,"template":"","format":"standard","meta":{"footnotes":""},"categories":[5],"tags":[432,1366,340,92,1360,283,1540,133,1534,1178,81,1526,382,1533,1532,1527,270,1167,68,1539,1265,31,1298,29,144,1529,824,1465,1183,1431,1536,1531,403,261,417,1199,1208,139,599,26,30,418,36,809,1530,43,1537,1528,267,1535,1538,54,1162,1504],"class_list":["post-1277","post","type-post","status-publish","format-standard","has-post-thumbnail","hentry","category-cours-et-seminaires","tag-adages","tag-amour","tag-anthologie","tag-art","tag-beaute","tag-de-beze-theodore","tag-breteuil-jean-rouxel-de","tag-george-buchanan","tag-calvimont-guillaume-de","tag-codicologie","tag-commentaire","tag-consolation","tag-dante","tag-de-differentia-animae-et-spiritus","tag-denys-dhalicarnasse","tag-didon","tag-edition","tag-enseignement","tag-epigramme","tag-epitoma-rei-militaris","tag-epopee","tag-erasme","tag-esthetique","tag-exegese","tag-humanisme","tag-institutions-grammaticales-priscien","tag-jesuitisme","tag-jules-cesar","tag-latin-technique","tag-litterature","tag-logique","tag-manifeste","tag-marulle-michel","tag-metrique","tag-mythologie","tag-paleographie","tag-pedagogie","tag-philosophie","tag-pierre-abelard","tag-poesie","tag-ange-politien","tag-politique","tag-giovanni-pontano","tag-priscien","tag-propagande","tag-rhetorique","tag-semantique","tag-stoicisme","tag-stylistique","tag-sylvarum-liber-primus-guillaume-de-calvimont","tag-vegece","tag-virgile","tag-voyage","tag-vulgarisation"],"yoast_head":"<!-- This site is optimized with the Yoast SEO plugin v27.5 - https:\/\/yoast.com\/product\/yoast-seo-wordpress\/ -->\n<title>Cours et s\u00e9minaires 2009-2010 - Soci\u00e9t\u00e9 d&#039;\u00c9tudes M\u00e9dio Et N\u00e9o-Latines<\/title>\n<meta name=\"robots\" content=\"index, follow, max-snippet:-1, max-image-preview:large, max-video-preview:-1\" \/>\n<link rel=\"canonical\" href=\"http:\/\/www.semen-l.org\/?p=1277\" \/>\n<meta property=\"og:locale\" content=\"fr_FR\" \/>\n<meta property=\"og:type\" content=\"article\" \/>\n<meta property=\"og:title\" content=\"Cours et s\u00e9minaires 2009-2010 - Soci\u00e9t\u00e9 d&#039;\u00c9tudes M\u00e9dio Et N\u00e9o-Latines\" \/>\n<meta property=\"og:description\" content=\"COURS ET S\u00c9MINAIRES 2009-2010 Cours et s\u00e9minaires en France Universit\u00e9 de Provence-Aix-Marseille I Cours \u2014 Jean-Louis Charlet, CM L3, semestre 1, vendredi 15h-18h (4 s\u00e9ances : 9, 23 et 30 octobre 2009, 20 novembre 2009), Jas, s. 9 : \u00ab &hellip; Continuer la lecture &rarr;\" \/>\n<meta property=\"og:url\" content=\"http:\/\/www.semen-l.org\/?p=1277\" \/>\n<meta property=\"og:site_name\" content=\"Soci\u00e9t\u00e9 d&#039;\u00c9tudes M\u00e9dio Et N\u00e9o-Latines\" \/>\n<meta property=\"article:publisher\" content=\"https:\/\/www.facebook.com\/SEMENL2018\" \/>\n<meta property=\"article:published_time\" content=\"2010-11-23T02:09:22+00:00\" \/>\n<meta property=\"article:modified_time\" content=\"2020-11-23T13:57:14+00:00\" \/>\n<meta property=\"og:image\" content=\"http:\/\/www.semen-l.org\/wp-content\/uploads\/2019\/03\/artsliberaux.jpg\" \/>\n\t<meta property=\"og:image:width\" content=\"941\" \/>\n\t<meta property=\"og:image:height\" content=\"322\" \/>\n\t<meta property=\"og:image:type\" content=\"image\/jpeg\" \/>\n<meta name=\"author\" content=\"Julien Maudoux\" \/>\n<meta name=\"twitter:card\" content=\"summary_large_image\" \/>\n<meta name=\"twitter:label1\" content=\"\u00c9crit par\" \/>\n\t<meta name=\"twitter:data1\" content=\"Julien Maudoux\" \/>\n\t<meta name=\"twitter:label2\" content=\"Dur\u00e9e de lecture estim\u00e9e\" \/>\n\t<meta name=\"twitter:data2\" content=\"11 minutes\" \/>\n<script type=\"application\/ld+json\" class=\"yoast-schema-graph\">{\"@context\":\"https:\\\/\\\/schema.org\",\"@graph\":[{\"@type\":\"Article\",\"@id\":\"http:\\\/\\\/www.semen-l.org\\\/?p=1277#article\",\"isPartOf\":{\"@id\":\"http:\\\/\\\/www.semen-l.org\\\/?p=1277\"},\"author\":{\"name\":\"Julien Maudoux\",\"@id\":\"http:\\\/\\\/www.semen-l.org\\\/#\\\/schema\\\/person\\\/ef5208815f17666727763c5363a51344\"},\"headline\":\"Cours et s\u00e9minaires 2009-2010\",\"datePublished\":\"2010-11-23T02:09:22+00:00\",\"dateModified\":\"2020-11-23T13:57:14+00:00\",\"mainEntityOfPage\":{\"@id\":\"http:\\\/\\\/www.semen-l.org\\\/?p=1277\"},\"wordCount\":2313,\"commentCount\":0,\"publisher\":{\"@id\":\"http:\\\/\\\/www.semen-l.org\\\/#organization\"},\"image\":{\"@id\":\"http:\\\/\\\/www.semen-l.org\\\/?p=1277#primaryimage\"},\"thumbnailUrl\":\"https:\\\/\\\/www.semen-l.org\\\/wp-content\\\/uploads\\\/2019\\\/03\\\/artsliberaux.jpg\",\"keywords\":[\"Adages\",\"amour\",\"anthologie\",\"art\",\"beaut\u00e9\",\"B\u00e8ze (Th\u00e9odore de)\",\"Breteuil (Jean Rouxel de)\",\"Buchanan (George)\",\"Calvimont (Guillaume de)\",\"codicologie\",\"commentaire\",\"consolation\",\"Dante\",\"De differentia animae et spiritus\",\"Denys d'Halicarnasse\",\"Didon\",\"\u00e9dition\",\"enseignement\",\"\u00e9pigramme\",\"Epitoma rei militaris\",\"\u00e9pop\u00e9e\",\"\u00c9rasme\",\"esth\u00e9tique\",\"exeg\u00e8se\",\"humanisme\",\"Institutions grammaticales (Priscien)\",\"j\u00e9suitisme\",\"Jules C\u00e9sar\",\"latin technique\",\"litt\u00e9rature\",\"logique\",\"manifeste\",\"Marulle (Michel)\",\"m\u00e9trique\",\"mythologie\",\"pal\u00e9ographie\",\"p\u00e9dagogie\",\"philosophie\",\"Pierre Ab\u00e9lard\",\"po\u00e9sie\",\"Politien (Ange)\",\"politique\",\"Pontano (Giovanni)\",\"Priscien\",\"propagande\",\"rh\u00e9torique\",\"s\u00e9mantique\",\"sto\u00efcisme\",\"stylistique\",\"Sylvarum liber primus (Guillaume de Calvimont)\",\"V\u00e9g\u00e8ce\",\"Virgile\",\"voyage\",\"vulgarisation\"],\"articleSection\":[\"Cours et s\u00e9minaires\"],\"inLanguage\":\"fr-FR\",\"potentialAction\":[{\"@type\":\"CommentAction\",\"name\":\"Comment\",\"target\":[\"http:\\\/\\\/www.semen-l.org\\\/?p=1277#respond\"]}]},{\"@type\":\"WebPage\",\"@id\":\"http:\\\/\\\/www.semen-l.org\\\/?p=1277\",\"url\":\"http:\\\/\\\/www.semen-l.org\\\/?p=1277\",\"name\":\"Cours et s\u00e9minaires 2009-2010 - Soci\u00e9t\u00e9 d&#039;\u00c9tudes M\u00e9dio Et N\u00e9o-Latines\",\"isPartOf\":{\"@id\":\"http:\\\/\\\/www.semen-l.org\\\/#website\"},\"primaryImageOfPage\":{\"@id\":\"http:\\\/\\\/www.semen-l.org\\\/?p=1277#primaryimage\"},\"image\":{\"@id\":\"http:\\\/\\\/www.semen-l.org\\\/?p=1277#primaryimage\"},\"thumbnailUrl\":\"https:\\\/\\\/www.semen-l.org\\\/wp-content\\\/uploads\\\/2019\\\/03\\\/artsliberaux.jpg\",\"datePublished\":\"2010-11-23T02:09:22+00:00\",\"dateModified\":\"2020-11-23T13:57:14+00:00\",\"breadcrumb\":{\"@id\":\"http:\\\/\\\/www.semen-l.org\\\/?p=1277#breadcrumb\"},\"inLanguage\":\"fr-FR\",\"potentialAction\":[{\"@type\":\"ReadAction\",\"target\":[\"http:\\\/\\\/www.semen-l.org\\\/?p=1277\"]}]},{\"@type\":\"ImageObject\",\"inLanguage\":\"fr-FR\",\"@id\":\"http:\\\/\\\/www.semen-l.org\\\/?p=1277#primaryimage\",\"url\":\"https:\\\/\\\/www.semen-l.org\\\/wp-content\\\/uploads\\\/2019\\\/03\\\/artsliberaux.jpg\",\"contentUrl\":\"https:\\\/\\\/www.semen-l.org\\\/wp-content\\\/uploads\\\/2019\\\/03\\\/artsliberaux.jpg\",\"width\":941,\"height\":322},{\"@type\":\"BreadcrumbList\",\"@id\":\"http:\\\/\\\/www.semen-l.org\\\/?p=1277#breadcrumb\",\"itemListElement\":[{\"@type\":\"ListItem\",\"position\":1,\"name\":\"Accueil\",\"item\":\"http:\\\/\\\/www.semen-l.org\\\/\"},{\"@type\":\"ListItem\",\"position\":2,\"name\":\"Cours et s\u00e9minaires 2009-2010\"}]},{\"@type\":\"WebSite\",\"@id\":\"http:\\\/\\\/www.semen-l.org\\\/#website\",\"url\":\"http:\\\/\\\/www.semen-l.org\\\/\",\"name\":\"Soci\u00e9t\u00e9 d'\u00c9tudes M\u00e9dio Et N\u00e9o-Latines\",\"description\":\"\",\"publisher\":{\"@id\":\"http:\\\/\\\/www.semen-l.org\\\/#organization\"},\"potentialAction\":[{\"@type\":\"SearchAction\",\"target\":{\"@type\":\"EntryPoint\",\"urlTemplate\":\"http:\\\/\\\/www.semen-l.org\\\/?s={search_term_string}\"},\"query-input\":{\"@type\":\"PropertyValueSpecification\",\"valueRequired\":true,\"valueName\":\"search_term_string\"}}],\"inLanguage\":\"fr-FR\"},{\"@type\":\"Organization\",\"@id\":\"http:\\\/\\\/www.semen-l.org\\\/#organization\",\"name\":\"Soci\u00e9t\u00e9 d'\u00e9tudes m\u00e9dio et n\u00e9o-latines\",\"url\":\"http:\\\/\\\/www.semen-l.org\\\/\",\"logo\":{\"@type\":\"ImageObject\",\"inLanguage\":\"fr-FR\",\"@id\":\"http:\\\/\\\/www.semen-l.org\\\/#\\\/schema\\\/logo\\\/image\\\/\",\"url\":\"http:\\\/\\\/www.semen-l.org\\\/wp-content\\\/uploads\\\/2020\\\/11\\\/logo-semenl.jpg\",\"contentUrl\":\"http:\\\/\\\/www.semen-l.org\\\/wp-content\\\/uploads\\\/2020\\\/11\\\/logo-semenl.jpg\",\"width\":408,\"height\":403,\"caption\":\"Soci\u00e9t\u00e9 d'\u00e9tudes m\u00e9dio et n\u00e9o-latines\"},\"image\":{\"@id\":\"http:\\\/\\\/www.semen-l.org\\\/#\\\/schema\\\/logo\\\/image\\\/\"},\"sameAs\":[\"https:\\\/\\\/www.facebook.com\\\/SEMENL2018\",\"https:\\\/\\\/independent.academia.edu\\\/SocitsdtudesmdioetnolatinesSEMENL\"]},{\"@type\":\"Person\",\"@id\":\"http:\\\/\\\/www.semen-l.org\\\/#\\\/schema\\\/person\\\/ef5208815f17666727763c5363a51344\",\"name\":\"Julien Maudoux\",\"image\":{\"@type\":\"ImageObject\",\"inLanguage\":\"fr-FR\",\"@id\":\"https:\\\/\\\/secure.gravatar.com\\\/avatar\\\/caabf4fb6242e2277733cd35a5c2aa083761ea25dae1d1ff3298b54292225292?s=96&d=mm&r=g\",\"url\":\"https:\\\/\\\/secure.gravatar.com\\\/avatar\\\/caabf4fb6242e2277733cd35a5c2aa083761ea25dae1d1ff3298b54292225292?s=96&d=mm&r=g\",\"contentUrl\":\"https:\\\/\\\/secure.gravatar.com\\\/avatar\\\/caabf4fb6242e2277733cd35a5c2aa083761ea25dae1d1ff3298b54292225292?s=96&d=mm&r=g\",\"caption\":\"Julien Maudoux\"},\"description\":\"Webmestre du site de la SEMEN-L\",\"url\":\"https:\\\/\\\/www.semen-l.org\\\/?author=26\"}]}<\/script>\n<!-- \/ Yoast SEO plugin. -->","yoast_head_json":{"title":"Cours et s\u00e9minaires 2009-2010 - Soci\u00e9t\u00e9 d&#039;\u00c9tudes M\u00e9dio Et N\u00e9o-Latines","robots":{"index":"index","follow":"follow","max-snippet":"max-snippet:-1","max-image-preview":"max-image-preview:large","max-video-preview":"max-video-preview:-1"},"canonical":"http:\/\/www.semen-l.org\/?p=1277","og_locale":"fr_FR","og_type":"article","og_title":"Cours et s\u00e9minaires 2009-2010 - Soci\u00e9t\u00e9 d&#039;\u00c9tudes M\u00e9dio Et N\u00e9o-Latines","og_description":"COURS ET S\u00c9MINAIRES 2009-2010 Cours et s\u00e9minaires en France Universit\u00e9 de Provence-Aix-Marseille I Cours \u2014 Jean-Louis Charlet, CM L3, semestre 1, vendredi 15h-18h (4 s\u00e9ances : 9, 23 et 30 octobre 2009, 20 novembre 2009), Jas, s. 9 : \u00ab &hellip; Continuer la lecture &rarr;","og_url":"http:\/\/www.semen-l.org\/?p=1277","og_site_name":"Soci\u00e9t\u00e9 d&#039;\u00c9tudes M\u00e9dio Et N\u00e9o-Latines","article_publisher":"https:\/\/www.facebook.com\/SEMENL2018","article_published_time":"2010-11-23T02:09:22+00:00","article_modified_time":"2020-11-23T13:57:14+00:00","og_image":[{"width":941,"height":322,"url":"http:\/\/www.semen-l.org\/wp-content\/uploads\/2019\/03\/artsliberaux.jpg","type":"image\/jpeg"}],"author":"Julien Maudoux","twitter_card":"summary_large_image","twitter_misc":{"\u00c9crit par":"Julien Maudoux","Dur\u00e9e de lecture estim\u00e9e":"11 minutes"},"schema":{"@context":"https:\/\/schema.org","@graph":[{"@type":"Article","@id":"http:\/\/www.semen-l.org\/?p=1277#article","isPartOf":{"@id":"http:\/\/www.semen-l.org\/?p=1277"},"author":{"name":"Julien Maudoux","@id":"http:\/\/www.semen-l.org\/#\/schema\/person\/ef5208815f17666727763c5363a51344"},"headline":"Cours et s\u00e9minaires 2009-2010","datePublished":"2010-11-23T02:09:22+00:00","dateModified":"2020-11-23T13:57:14+00:00","mainEntityOfPage":{"@id":"http:\/\/www.semen-l.org\/?p=1277"},"wordCount":2313,"commentCount":0,"publisher":{"@id":"http:\/\/www.semen-l.org\/#organization"},"image":{"@id":"http:\/\/www.semen-l.org\/?p=1277#primaryimage"},"thumbnailUrl":"https:\/\/www.semen-l.org\/wp-content\/uploads\/2019\/03\/artsliberaux.jpg","keywords":["Adages","amour","anthologie","art","beaut\u00e9","B\u00e8ze (Th\u00e9odore de)","Breteuil (Jean Rouxel de)","Buchanan (George)","Calvimont (Guillaume de)","codicologie","commentaire","consolation","Dante","De differentia animae et spiritus","Denys d'Halicarnasse","Didon","\u00e9dition","enseignement","\u00e9pigramme","Epitoma rei militaris","\u00e9pop\u00e9e","\u00c9rasme","esth\u00e9tique","exeg\u00e8se","humanisme","Institutions grammaticales (Priscien)","j\u00e9suitisme","Jules C\u00e9sar","latin technique","litt\u00e9rature","logique","manifeste","Marulle (Michel)","m\u00e9trique","mythologie","pal\u00e9ographie","p\u00e9dagogie","philosophie","Pierre Ab\u00e9lard","po\u00e9sie","Politien (Ange)","politique","Pontano (Giovanni)","Priscien","propagande","rh\u00e9torique","s\u00e9mantique","sto\u00efcisme","stylistique","Sylvarum liber primus (Guillaume de Calvimont)","V\u00e9g\u00e8ce","Virgile","voyage","vulgarisation"],"articleSection":["Cours et s\u00e9minaires"],"inLanguage":"fr-FR","potentialAction":[{"@type":"CommentAction","name":"Comment","target":["http:\/\/www.semen-l.org\/?p=1277#respond"]}]},{"@type":"WebPage","@id":"http:\/\/www.semen-l.org\/?p=1277","url":"http:\/\/www.semen-l.org\/?p=1277","name":"Cours et s\u00e9minaires 2009-2010 - Soci\u00e9t\u00e9 d&#039;\u00c9tudes M\u00e9dio Et N\u00e9o-Latines","isPartOf":{"@id":"http:\/\/www.semen-l.org\/#website"},"primaryImageOfPage":{"@id":"http:\/\/www.semen-l.org\/?p=1277#primaryimage"},"image":{"@id":"http:\/\/www.semen-l.org\/?p=1277#primaryimage"},"thumbnailUrl":"https:\/\/www.semen-l.org\/wp-content\/uploads\/2019\/03\/artsliberaux.jpg","datePublished":"2010-11-23T02:09:22+00:00","dateModified":"2020-11-23T13:57:14+00:00","breadcrumb":{"@id":"http:\/\/www.semen-l.org\/?p=1277#breadcrumb"},"inLanguage":"fr-FR","potentialAction":[{"@type":"ReadAction","target":["http:\/\/www.semen-l.org\/?p=1277"]}]},{"@type":"ImageObject","inLanguage":"fr-FR","@id":"http:\/\/www.semen-l.org\/?p=1277#primaryimage","url":"https:\/\/www.semen-l.org\/wp-content\/uploads\/2019\/03\/artsliberaux.jpg","contentUrl":"https:\/\/www.semen-l.org\/wp-content\/uploads\/2019\/03\/artsliberaux.jpg","width":941,"height":322},{"@type":"BreadcrumbList","@id":"http:\/\/www.semen-l.org\/?p=1277#breadcrumb","itemListElement":[{"@type":"ListItem","position":1,"name":"Accueil","item":"http:\/\/www.semen-l.org\/"},{"@type":"ListItem","position":2,"name":"Cours et s\u00e9minaires 2009-2010"}]},{"@type":"WebSite","@id":"http:\/\/www.semen-l.org\/#website","url":"http:\/\/www.semen-l.org\/","name":"Soci\u00e9t\u00e9 d'\u00c9tudes M\u00e9dio Et N\u00e9o-Latines","description":"","publisher":{"@id":"http:\/\/www.semen-l.org\/#organization"},"potentialAction":[{"@type":"SearchAction","target":{"@type":"EntryPoint","urlTemplate":"http:\/\/www.semen-l.org\/?s={search_term_string}"},"query-input":{"@type":"PropertyValueSpecification","valueRequired":true,"valueName":"search_term_string"}}],"inLanguage":"fr-FR"},{"@type":"Organization","@id":"http:\/\/www.semen-l.org\/#organization","name":"Soci\u00e9t\u00e9 d'\u00e9tudes m\u00e9dio et n\u00e9o-latines","url":"http:\/\/www.semen-l.org\/","logo":{"@type":"ImageObject","inLanguage":"fr-FR","@id":"http:\/\/www.semen-l.org\/#\/schema\/logo\/image\/","url":"http:\/\/www.semen-l.org\/wp-content\/uploads\/2020\/11\/logo-semenl.jpg","contentUrl":"http:\/\/www.semen-l.org\/wp-content\/uploads\/2020\/11\/logo-semenl.jpg","width":408,"height":403,"caption":"Soci\u00e9t\u00e9 d'\u00e9tudes m\u00e9dio et n\u00e9o-latines"},"image":{"@id":"http:\/\/www.semen-l.org\/#\/schema\/logo\/image\/"},"sameAs":["https:\/\/www.facebook.com\/SEMENL2018","https:\/\/independent.academia.edu\/SocitsdtudesmdioetnolatinesSEMENL"]},{"@type":"Person","@id":"http:\/\/www.semen-l.org\/#\/schema\/person\/ef5208815f17666727763c5363a51344","name":"Julien Maudoux","image":{"@type":"ImageObject","inLanguage":"fr-FR","@id":"https:\/\/secure.gravatar.com\/avatar\/caabf4fb6242e2277733cd35a5c2aa083761ea25dae1d1ff3298b54292225292?s=96&d=mm&r=g","url":"https:\/\/secure.gravatar.com\/avatar\/caabf4fb6242e2277733cd35a5c2aa083761ea25dae1d1ff3298b54292225292?s=96&d=mm&r=g","contentUrl":"https:\/\/secure.gravatar.com\/avatar\/caabf4fb6242e2277733cd35a5c2aa083761ea25dae1d1ff3298b54292225292?s=96&d=mm&r=g","caption":"Julien Maudoux"},"description":"Webmestre du site de la SEMEN-L","url":"https:\/\/www.semen-l.org\/?author=26"}]}},"jetpack_featured_media_url":"https:\/\/www.semen-l.org\/wp-content\/uploads\/2019\/03\/artsliberaux.jpg","_links":{"self":[{"href":"https:\/\/www.semen-l.org\/index.php?rest_route=\/wp\/v2\/posts\/1277","targetHints":{"allow":["GET"]}}],"collection":[{"href":"https:\/\/www.semen-l.org\/index.php?rest_route=\/wp\/v2\/posts"}],"about":[{"href":"https:\/\/www.semen-l.org\/index.php?rest_route=\/wp\/v2\/types\/post"}],"author":[{"embeddable":true,"href":"https:\/\/www.semen-l.org\/index.php?rest_route=\/wp\/v2\/users\/26"}],"replies":[{"embeddable":true,"href":"https:\/\/www.semen-l.org\/index.php?rest_route=%2Fwp%2Fv2%2Fcomments&post=1277"}],"version-history":[{"count":0,"href":"https:\/\/www.semen-l.org\/index.php?rest_route=\/wp\/v2\/posts\/1277\/revisions"}],"wp:featuredmedia":[{"embeddable":true,"href":"https:\/\/www.semen-l.org\/index.php?rest_route=\/wp\/v2\/media\/967"}],"wp:attachment":[{"href":"https:\/\/www.semen-l.org\/index.php?rest_route=%2Fwp%2Fv2%2Fmedia&parent=1277"}],"wp:term":[{"taxonomy":"category","embeddable":true,"href":"https:\/\/www.semen-l.org\/index.php?rest_route=%2Fwp%2Fv2%2Fcategories&post=1277"},{"taxonomy":"post_tag","embeddable":true,"href":"https:\/\/www.semen-l.org\/index.php?rest_route=%2Fwp%2Fv2%2Ftags&post=1277"}],"curies":[{"name":"wp","href":"https:\/\/api.w.org\/{rel}","templated":true}]}}