{"id":1272,"date":"2009-11-23T01:58:42","date_gmt":"2009-11-23T01:58:42","guid":{"rendered":"http:\/\/www.semen-l.org\/?p=1272"},"modified":"2020-11-23T02:02:06","modified_gmt":"2020-11-23T02:02:06","slug":"colloques-2009","status":"publish","type":"post","link":"https:\/\/www.semen-l.org\/?p=1272","title":{"rendered":"Colloques 2009"},"content":{"rendered":"<p>Liste des colloques organis\u00e9s \u00e0 propos du latin m\u00e9di\u00e9val et du n\u00e9o-latin en 2009.<\/p>\n<p>&#8211; 6-9 janvier 2009, Rome, Istituto Danese, Latin and the Vernaculars in Early Modern Europe (LINGLID) (M. Pade, univ. Aarhus, J.-L. Charlet)<\/p>\n<p>&#8211; 8-9 janvier 2009, Tours, La ville en sc\u00e8ne : repr\u00e9sentations de l\u2019espace urbain dans le th\u00e9\u00e2tre fran\u00e7ais et europ\u00e9en aux XVIe et XVIIe si\u00e8cles. Colloque international organis\u00e9 par l\u2019\u00e9quipe Th\u00e9\u00e2tre europ\u00e9en du C.E.S.R. (Pierre Pasquier) et le Center for Seventeenth-Century French Theatre (Jan Clarke, Henry Phillips).<\/p>\n<p>&#8211; 8-10 janvier 2009, Louvain, International Congress Bartolomew of Messina and the Cultural Life at the Court of King Manfred of Sicily, Leuven, Institute for Medieval and Renaissance Studies.<\/p>\n<p>&#8211; 17 janvier 2009, Paris Sorbonne, Amphith\u00e9\u00e2tre Guizot, Journ\u00e9es de l\u2019Ecole Doctorale de Paris IV, \u00ab Les formes de transmission du savoir \u00bb.<\/p>\n<p>&#8211; 5-7 f\u00e9vrier 2009, Nancy, Colloque international, \u00abExpertus sum\u00bb. L\u2019exp\u00e9rience par les sens en philosophie naturelle m\u00e9di\u00e9vale, XIIe-XIVe si\u00e8cles, Atelier Vincent de Beauvais &#8211; Universit\u00e9 de Nancy 2.<\/p>\n<p>&#8211; mars, Universit\u00e9 de Besan\u00e7on, Pline \u00e0 la Renaissance : Transmission, r\u00e9ception et relecture d\u2019un encyclop\u00e9diste antique.<\/p>\n<p>&#8211; 5-6 mars 2009, Colloque international \u00e0 l\u2019Ecole pratique des Hautes Etudes et l\u2019Universit\u00e9 de Paris-Sorbonne, H\u00e9rodote \u00e0 la Renaissance organis\u00e9 par Susanna Longo (Universit\u00e9 de Lyon III), en collaboration avec Laurence Boul\u00e8gue (Universit\u00e9 de Lille IIIIUF). Programme provisoire sur le site du Centre Guillaume Bud\u00e9.<\/p>\n<p>&#8211; 20-21 mars, Dijon : La Renaissance des genres. Pratiques et th\u00e9ories g\u00e9n\u00e9riques entre Espagne et Italie du XVe au XVIIe si\u00e8cle, Universit\u00e9 de Bourgogne. Rens. Giuseppe Sangirardi et Paloma Bravo.<\/p>\n<p>&#8211; 27-28 mars 2009, Colloque international, Ecole pratique des Hautes Etudes et Universit\u00e9 de Paris-Sorbonne, Le mariage chez les juristes et les po\u00e8tes \u00e0 la Renaissance, organis\u00e9 par P. Galand-Hallyn et G. Rossi.<\/p>\n<p>&#8211; 30-31 mars, Paris, Passeurs de textes : imprimeurs et libraires \u00e0 l\u2019\u00e2ge de l\u2019Humanisme, colloque organis\u00e9 par l\u2019Ecole nationale des chartes, le CESR de Tours, la Biblioth\u00e8que nationale de France, la Biblioth\u00e8que Sainte-Genevi\u00e8ve, contacts : Christine B\u00e9n\u00e9vent, CESR, Annie Charon, Ecole des chartes ; Isabelle Diu, Ecole des chartes ; Magali V\u00e8ne, Biblioth\u00e8que nationale de France.<\/p>\n<p>&#8211; 3-4 avril 2009 : Journ\u00e9es d\u2019\u00e9tudes de l\u2019Equipe Traditions romaines, La repr\u00e9sentation des \u00e9lites: aristocratie politique et aristocratie intellectuelle, Universit\u00e9 de Paris-Sorbonne- EPHE.<\/p>\n<p>&#8211; 15-16 avril 2009, Universit\u00e9 de Cork (Irlande), Colloque International Latin and Vernacular in Renaissance Iberia IV : the influence of Christian Latin literature.<\/p>\n<p>&#8211; mai, Gen\u00e8ve : Calvin et son influence de 1509 \u00e0 2009, Universit\u00e9 de Gen\u00e8ve, Institut d\u2019Histoire de la R\u00e9formation.<\/p>\n<p>&#8211; 5 mai 2009, universit\u00e9 de Dijon, Les genres litt\u00e9raires dans la litt\u00e9rature n\u00e9olatine. Journ\u00e9e d\u2019\u00e9tude organis\u00e9e par Sylvie Laigneau.<\/p>\n<p>&#8211; 7-8 mai 2009 : universit\u00e9 de Varsovie : colloque sur la traduction (y compris du grec au latin) \u00e0 l\u2019\u00e9poque humaniste (P. Solwa).<\/p>\n<p>&#8211; 16 mai 2009, Paris Sorbonne, Amphith\u00e9\u00e2tre Guizot, Journ\u00e9es de l\u2019Ecole Doctorale de Paris IV, Les \u00c2ges de la vie.<\/p>\n<p>&#8211; 21-23 mai 2009, Universit\u00e9 Laval, Qu\u00e9bec, 9e Colloque \u00ab Jeunes chercheurs \u00bb du CIERL, Le cosmopolitisme : influences, voyages, \u00e9changes dans la r\u00e9publique des lettres (XIV-XVIIes). Les propositions de communication (titre et r\u00e9sum\u00e9 d\u2019une demi-page, niveau d\u2019\u00e9tudes, ancrage institutionnel) devront \u00eatre envoy\u00e9es au comit\u00e9 avant le 20 f\u00e9vrier 2009.<\/p>\n<p>&#8211; 28-30 mai 2009, The Sixteenth Century Studies Conference 2009, H\u00f4tel Crowne Plaza, Gen\u00e8ve. Contact : Jeffrey R. Watt.<\/p>\n<p>&#8211; mai-juin 2009 : s\u00e9rie de conf\u00e9rences d\u2019Evrard Delbey, professeur \u00e0 l\u2019universit\u00e9 de Nice, dans le cadre du s\u00e9minaire de P. Galand-Hallyn, EPHE, vendredi de 12h \u00e0 14h, salle Delamarre, \u00e0 la Sorbonne, 45-47 rue des Ecoles 75005 Paris, escalier E, 1er \u00e9tage \u00e0 droite sur le th\u00e8me Beaut\u00e9 et laideur dans la litt\u00e9rature antique et humaniste (22 mai: Platon et Cic\u00e9ron; 29 mai: Les po\u00e8tes \u00e9l\u00e9giaques; 5 juin: Apul\u00e9e \u2013 Augustin; 12 juin: Ficin &#8211; Pontano; 19 juin: Agostino Nifo).<\/p>\n<p>&#8211; 3-5 juin 2009, Colloque international, Paris\/Rouen, Equipe de Recherche Interdisciplinaire sur les Aires Culturelles, Universit\u00e9 de Haute Normandie, Le luxe et la cit\u00e9 : Penser, parler le luxe. Contacts : Marc Deramaix, D\u00e9partement de lettres classiques; Anne Vial-Logeay D\u00e9partement de lettres classiques.<\/p>\n<p>&#8211; 4-5 juin 2009, Rome, Istituto Danese, colloque sur N. Perotti (M. Pade, univ. Aarhus, J.-L. Charlet).<\/p>\n<p>&#8211; 26 Juin 2009, Paris, Formes dialogu\u00e9es dans la litt\u00e9rature exemplaire du Moyen \u00c2ge, L\u2019article fondamental de Peter von Moos sur le dialogue latin au Moyen Age (Annales ESC, 1989, vol. 44, p. 993-1028) a attir\u00e9 l\u2019attention sur l\u2019importance de cette forme de discours, notamment dans les processus didactiques. L\u2019\u00e9quipe de recherche du GAHOM sur les exemplaires m\u00e9di\u00e9vaux souhaite reprendre cette enqu\u00eate dans le cadre de la litt\u00e9rature exemplaire. Merci d\u2019envoyer vos propositions d\u2019interventions (m\u00eame courtes ou sous forme de commentaire d\u2019un document) au comit\u00e9 d\u2019organisation de cette journ\u00e9e avant le 15 janvier 2009 \u00e0 Pascal Collomb ou \u00e0 Marie Anne Polo de Beaulieu (plus de d\u00e9tails sur le site M\u00e9nestrel).<\/p>\n<p>&#8211; 28 juin-1er juillet : XXe seminario di alta cultura (L&rsquo;epistolagrafia dal mondo antico al mondo umanistico), Genga (AN, Italie), F. Bertini, J.-L. Charlet (Istituto Internazionale Studi Piceni).<\/p>\n<p>&#8211; 29 juin-3 juillet 2009, Tours, CESR, LIIe Congr\u00e8s d\u2019\u00e9tudes humanistes, Psych\u00e9 \u00e0 la Renaissance. <\/p>\n<p>&#8211; 1er-4 juillet : 30e Congresso internazionale di studi umanistici, Sassoferrato, AN, Italie (Istituto Internazionale Studi Piceni, J.-L. Charlet).<\/p>\n<p>&#8211; 20-23 juillet 2009 : Mecenati, artisti e pubblico nel Rinascimento, Chianciano-Pienza (SI, Italie), Istituto Francesco Petrarca (L. Rotondi-Secchi Tarugi).<\/p>\n<p>&#8211; 2-8 ao\u00fbt 2009, Uppsala, 14e Congr\u00e8s de la soci\u00e9t\u00e9 internationale d\u2019\u00e9tudes n\u00e9o-latines. Informations et r\u00e9sum\u00e9s des conf\u00e9rences http:\/\/www.ianls.org\/uppsala_2009_posters.htm .<\/p>\n<p>&#8211; 7-10 septembre 2009, Barcelone, V Congreso Internacional de Lat\u00edn Medieval Hisp\u00e1nico, Instituto de Estudios Medievales &#8211; Departamento de Ciencias de la Antig\u00fcedad y de la Edad Media &#8211; Universidad Aut\u00f3noma de Barcelona, Departamento de Filologia Latina &#8211; Universidad de Barcelona.<\/p>\n<p>&#8211; 1er-3 octobre 2009, universit\u00e9 de G\u00eanes, L\u2019enciclopedismo dall\u2019antichit\u00e0 al Rinascimento (S. Pittaluga, DARFICLET).<\/p>\n<p>&#8211; 20 novembre 2009, Sydney Jones Library, University of Liverpool, Reading Anthologies in Sixteenth-Century France, org. Dr Sara Barker (Department of History, University of Lancaster) et Dr Pollie Bromilow (French Section, SOCLAS, University of Liverpool).<\/p>\n","protected":false},"excerpt":{"rendered":"<p>Liste des colloques organis\u00e9s \u00e0 propos du latin m\u00e9di\u00e9val et du n\u00e9o-latin en 2009. &#8211; 6-9 janvier 2009, Rome, Istituto Danese, Latin and the Vernaculars in Early Modern Europe (LINGLID) (M. Pade, univ. Aarhus, J.-L. Charlet) &#8211; 8-9 janvier 2009, &hellip; <a href=\"https:\/\/www.semen-l.org\/?p=1272\">Continuer la lecture <span class=\"meta-nav\">&rarr;<\/span><\/a><\/p>\n","protected":false},"author":26,"featured_media":849,"comment_status":"open","ping_status":"open","sticky":false,"template":"","format":"standard","meta":{"footnotes":""},"categories":[4],"tags":[1521,340,1515,92,1360,715,1520,823,1514,137,359,1517,145,426,171,1300,1523,1516,1273,1518,680,26,371,1304,1519,1162],"class_list":["post-1272","post","type-post","status-publish","format-standard","has-post-thumbnail","hentry","category-colloques","tag-ages-de-la-vie","tag-anthologie","tag-aristocratie","tag-art","tag-beaute","tag-calvin-jean","tag-cosmopolitisme","tag-droit","tag-elite","tag-encyclopedie","tag-epistolographie","tag-experience","tag-genre-arts-et-lettres","tag-herodote","tag-imprimerie","tag-laid","tag-luxe","tag-mariage","tag-mecenat","tag-philosophie-naturelle","tag-pline-lancien","tag-poesie","tag-traduction","tag-vernaculaire","tag-ville","tag-voyage"],"yoast_head":"<!-- This site is optimized with the Yoast SEO plugin v27.5 - https:\/\/yoast.com\/product\/yoast-seo-wordpress\/ -->\n<title>Colloques 2009 - Soci\u00e9t\u00e9 d&#039;\u00c9tudes M\u00e9dio Et N\u00e9o-Latines<\/title>\n<meta name=\"description\" content=\"Liste des colloques organis\u00e9s en 2009 dans les universit\u00e9s et \u00e9coles \u00e0 propos du latin m\u00e9di\u00e9val et du n\u00e9o-latin.\" \/>\n<meta name=\"robots\" content=\"index, follow, max-snippet:-1, max-image-preview:large, max-video-preview:-1\" \/>\n<link rel=\"canonical\" href=\"https:\/\/www.semen-l.org\/?p=1272\" \/>\n<meta property=\"og:locale\" content=\"fr_FR\" \/>\n<meta property=\"og:type\" content=\"article\" \/>\n<meta property=\"og:title\" content=\"Colloques 2009 - Soci\u00e9t\u00e9 d&#039;\u00c9tudes M\u00e9dio Et N\u00e9o-Latines\" \/>\n<meta property=\"og:description\" content=\"Liste des colloques organis\u00e9s en 2009 dans les universit\u00e9s et \u00e9coles \u00e0 propos du latin m\u00e9di\u00e9val et du n\u00e9o-latin.\" \/>\n<meta property=\"og:url\" content=\"https:\/\/www.semen-l.org\/?p=1272\" \/>\n<meta property=\"og:site_name\" content=\"Soci\u00e9t\u00e9 d&#039;\u00c9tudes M\u00e9dio Et N\u00e9o-Latines\" \/>\n<meta property=\"article:publisher\" content=\"https:\/\/www.facebook.com\/SEMENL2018\" \/>\n<meta property=\"article:published_time\" content=\"2009-11-23T01:58:42+00:00\" \/>\n<meta property=\"article:modified_time\" content=\"2020-11-23T02:02:06+00:00\" \/>\n<meta property=\"og:image\" content=\"https:\/\/www.semen-l.org\/wp-content\/uploads\/2019\/09\/lejeunehommeetlesarts-min.jpg\" \/>\n\t<meta property=\"og:image:width\" content=\"200\" \/>\n\t<meta property=\"og:image:height\" content=\"200\" \/>\n\t<meta property=\"og:image:type\" content=\"image\/jpeg\" \/>\n<meta name=\"author\" content=\"Julien Maudoux\" \/>\n<meta name=\"twitter:card\" content=\"summary_large_image\" \/>\n<meta name=\"twitter:label1\" content=\"\u00c9crit par\" \/>\n\t<meta name=\"twitter:data1\" content=\"Julien Maudoux\" \/>\n\t<meta name=\"twitter:label2\" content=\"Dur\u00e9e de lecture estim\u00e9e\" \/>\n\t<meta name=\"twitter:data2\" content=\"5 minutes\" \/>\n<script type=\"application\/ld+json\" class=\"yoast-schema-graph\">{\"@context\":\"https:\\\/\\\/schema.org\",\"@graph\":[{\"@type\":\"Article\",\"@id\":\"https:\\\/\\\/www.semen-l.org\\\/?p=1272#article\",\"isPartOf\":{\"@id\":\"https:\\\/\\\/www.semen-l.org\\\/?p=1272\"},\"author\":{\"name\":\"Julien Maudoux\",\"@id\":\"http:\\\/\\\/www.semen-l.org\\\/#\\\/schema\\\/person\\\/ef5208815f17666727763c5363a51344\"},\"headline\":\"Colloques 2009\",\"datePublished\":\"2009-11-23T01:58:42+00:00\",\"dateModified\":\"2020-11-23T02:02:06+00:00\",\"mainEntityOfPage\":{\"@id\":\"https:\\\/\\\/www.semen-l.org\\\/?p=1272\"},\"wordCount\":1041,\"commentCount\":0,\"publisher\":{\"@id\":\"http:\\\/\\\/www.semen-l.org\\\/#organization\"},\"image\":{\"@id\":\"https:\\\/\\\/www.semen-l.org\\\/?p=1272#primaryimage\"},\"thumbnailUrl\":\"https:\\\/\\\/www.semen-l.org\\\/wp-content\\\/uploads\\\/2019\\\/09\\\/lejeunehommeetlesarts-min.jpg\",\"keywords\":[\"\u00e2ges de la vie\",\"anthologie\",\"aristocratie\",\"art\",\"beaut\u00e9\",\"Calvin (Jean)\",\"cosmopolitisme\",\"droit\",\"\u00e9lite\",\"encyclop\u00e9die\",\"\u00e9pistolographie\",\"exp\u00e9rience\",\"genre (arts et lettres)\",\"H\u00e9rodote\",\"imprimerie\",\"laid\",\"luxe\",\"mariage\",\"m\u00e9c\u00e9nat\",\"philosophie naturelle\",\"Pline l'Ancien\",\"po\u00e9sie\",\"traduction\",\"vernaculaire\",\"ville\",\"voyage\"],\"articleSection\":[\"Colloques\"],\"inLanguage\":\"fr-FR\",\"potentialAction\":[{\"@type\":\"CommentAction\",\"name\":\"Comment\",\"target\":[\"https:\\\/\\\/www.semen-l.org\\\/?p=1272#respond\"]}]},{\"@type\":\"WebPage\",\"@id\":\"https:\\\/\\\/www.semen-l.org\\\/?p=1272\",\"url\":\"https:\\\/\\\/www.semen-l.org\\\/?p=1272\",\"name\":\"Colloques 2009 - Soci\u00e9t\u00e9 d&#039;\u00c9tudes M\u00e9dio Et N\u00e9o-Latines\",\"isPartOf\":{\"@id\":\"http:\\\/\\\/www.semen-l.org\\\/#website\"},\"primaryImageOfPage\":{\"@id\":\"https:\\\/\\\/www.semen-l.org\\\/?p=1272#primaryimage\"},\"image\":{\"@id\":\"https:\\\/\\\/www.semen-l.org\\\/?p=1272#primaryimage\"},\"thumbnailUrl\":\"https:\\\/\\\/www.semen-l.org\\\/wp-content\\\/uploads\\\/2019\\\/09\\\/lejeunehommeetlesarts-min.jpg\",\"datePublished\":\"2009-11-23T01:58:42+00:00\",\"dateModified\":\"2020-11-23T02:02:06+00:00\",\"description\":\"Liste des colloques organis\u00e9s en 2009 dans les universit\u00e9s et \u00e9coles \u00e0 propos du latin m\u00e9di\u00e9val et du n\u00e9o-latin.\",\"breadcrumb\":{\"@id\":\"https:\\\/\\\/www.semen-l.org\\\/?p=1272#breadcrumb\"},\"inLanguage\":\"fr-FR\",\"potentialAction\":[{\"@type\":\"ReadAction\",\"target\":[\"https:\\\/\\\/www.semen-l.org\\\/?p=1272\"]}]},{\"@type\":\"ImageObject\",\"inLanguage\":\"fr-FR\",\"@id\":\"https:\\\/\\\/www.semen-l.org\\\/?p=1272#primaryimage\",\"url\":\"https:\\\/\\\/www.semen-l.org\\\/wp-content\\\/uploads\\\/2019\\\/09\\\/lejeunehommeetlesarts-min.jpg\",\"contentUrl\":\"https:\\\/\\\/www.semen-l.org\\\/wp-content\\\/uploads\\\/2019\\\/09\\\/lejeunehommeetlesarts-min.jpg\",\"width\":200,\"height\":200,\"caption\":\"Le jeune homme et les arts (d\u00e9tail)\"},{\"@type\":\"BreadcrumbList\",\"@id\":\"https:\\\/\\\/www.semen-l.org\\\/?p=1272#breadcrumb\",\"itemListElement\":[{\"@type\":\"ListItem\",\"position\":1,\"name\":\"Accueil\",\"item\":\"http:\\\/\\\/www.semen-l.org\\\/\"},{\"@type\":\"ListItem\",\"position\":2,\"name\":\"Colloques 2009\"}]},{\"@type\":\"WebSite\",\"@id\":\"http:\\\/\\\/www.semen-l.org\\\/#website\",\"url\":\"http:\\\/\\\/www.semen-l.org\\\/\",\"name\":\"Soci\u00e9t\u00e9 d'\u00c9tudes M\u00e9dio Et N\u00e9o-Latines\",\"description\":\"\",\"publisher\":{\"@id\":\"http:\\\/\\\/www.semen-l.org\\\/#organization\"},\"potentialAction\":[{\"@type\":\"SearchAction\",\"target\":{\"@type\":\"EntryPoint\",\"urlTemplate\":\"http:\\\/\\\/www.semen-l.org\\\/?s={search_term_string}\"},\"query-input\":{\"@type\":\"PropertyValueSpecification\",\"valueRequired\":true,\"valueName\":\"search_term_string\"}}],\"inLanguage\":\"fr-FR\"},{\"@type\":\"Organization\",\"@id\":\"http:\\\/\\\/www.semen-l.org\\\/#organization\",\"name\":\"Soci\u00e9t\u00e9 d'\u00e9tudes m\u00e9dio et n\u00e9o-latines\",\"url\":\"http:\\\/\\\/www.semen-l.org\\\/\",\"logo\":{\"@type\":\"ImageObject\",\"inLanguage\":\"fr-FR\",\"@id\":\"http:\\\/\\\/www.semen-l.org\\\/#\\\/schema\\\/logo\\\/image\\\/\",\"url\":\"http:\\\/\\\/www.semen-l.org\\\/wp-content\\\/uploads\\\/2020\\\/11\\\/logo-semenl.jpg\",\"contentUrl\":\"http:\\\/\\\/www.semen-l.org\\\/wp-content\\\/uploads\\\/2020\\\/11\\\/logo-semenl.jpg\",\"width\":408,\"height\":403,\"caption\":\"Soci\u00e9t\u00e9 d'\u00e9tudes m\u00e9dio et n\u00e9o-latines\"},\"image\":{\"@id\":\"http:\\\/\\\/www.semen-l.org\\\/#\\\/schema\\\/logo\\\/image\\\/\"},\"sameAs\":[\"https:\\\/\\\/www.facebook.com\\\/SEMENL2018\",\"https:\\\/\\\/independent.academia.edu\\\/SocitsdtudesmdioetnolatinesSEMENL\"]},{\"@type\":\"Person\",\"@id\":\"http:\\\/\\\/www.semen-l.org\\\/#\\\/schema\\\/person\\\/ef5208815f17666727763c5363a51344\",\"name\":\"Julien Maudoux\",\"image\":{\"@type\":\"ImageObject\",\"inLanguage\":\"fr-FR\",\"@id\":\"https:\\\/\\\/secure.gravatar.com\\\/avatar\\\/caabf4fb6242e2277733cd35a5c2aa083761ea25dae1d1ff3298b54292225292?s=96&d=mm&r=g\",\"url\":\"https:\\\/\\\/secure.gravatar.com\\\/avatar\\\/caabf4fb6242e2277733cd35a5c2aa083761ea25dae1d1ff3298b54292225292?s=96&d=mm&r=g\",\"contentUrl\":\"https:\\\/\\\/secure.gravatar.com\\\/avatar\\\/caabf4fb6242e2277733cd35a5c2aa083761ea25dae1d1ff3298b54292225292?s=96&d=mm&r=g\",\"caption\":\"Julien Maudoux\"},\"description\":\"Webmestre du site de la SEMEN-L\",\"url\":\"https:\\\/\\\/www.semen-l.org\\\/?author=26\"}]}<\/script>\n<!-- \/ Yoast SEO plugin. -->","yoast_head_json":{"title":"Colloques 2009 - Soci\u00e9t\u00e9 d&#039;\u00c9tudes M\u00e9dio Et N\u00e9o-Latines","description":"Liste des colloques organis\u00e9s en 2009 dans les universit\u00e9s et \u00e9coles \u00e0 propos du latin m\u00e9di\u00e9val et du n\u00e9o-latin.","robots":{"index":"index","follow":"follow","max-snippet":"max-snippet:-1","max-image-preview":"max-image-preview:large","max-video-preview":"max-video-preview:-1"},"canonical":"https:\/\/www.semen-l.org\/?p=1272","og_locale":"fr_FR","og_type":"article","og_title":"Colloques 2009 - Soci\u00e9t\u00e9 d&#039;\u00c9tudes M\u00e9dio Et N\u00e9o-Latines","og_description":"Liste des colloques organis\u00e9s en 2009 dans les universit\u00e9s et \u00e9coles \u00e0 propos du latin m\u00e9di\u00e9val et du n\u00e9o-latin.","og_url":"https:\/\/www.semen-l.org\/?p=1272","og_site_name":"Soci\u00e9t\u00e9 d&#039;\u00c9tudes M\u00e9dio Et N\u00e9o-Latines","article_publisher":"https:\/\/www.facebook.com\/SEMENL2018","article_published_time":"2009-11-23T01:58:42+00:00","article_modified_time":"2020-11-23T02:02:06+00:00","og_image":[{"width":200,"height":200,"url":"https:\/\/www.semen-l.org\/wp-content\/uploads\/2019\/09\/lejeunehommeetlesarts-min.jpg","type":"image\/jpeg"}],"author":"Julien Maudoux","twitter_card":"summary_large_image","twitter_misc":{"\u00c9crit par":"Julien Maudoux","Dur\u00e9e de lecture estim\u00e9e":"5 minutes"},"schema":{"@context":"https:\/\/schema.org","@graph":[{"@type":"Article","@id":"https:\/\/www.semen-l.org\/?p=1272#article","isPartOf":{"@id":"https:\/\/www.semen-l.org\/?p=1272"},"author":{"name":"Julien Maudoux","@id":"http:\/\/www.semen-l.org\/#\/schema\/person\/ef5208815f17666727763c5363a51344"},"headline":"Colloques 2009","datePublished":"2009-11-23T01:58:42+00:00","dateModified":"2020-11-23T02:02:06+00:00","mainEntityOfPage":{"@id":"https:\/\/www.semen-l.org\/?p=1272"},"wordCount":1041,"commentCount":0,"publisher":{"@id":"http:\/\/www.semen-l.org\/#organization"},"image":{"@id":"https:\/\/www.semen-l.org\/?p=1272#primaryimage"},"thumbnailUrl":"https:\/\/www.semen-l.org\/wp-content\/uploads\/2019\/09\/lejeunehommeetlesarts-min.jpg","keywords":["\u00e2ges de la vie","anthologie","aristocratie","art","beaut\u00e9","Calvin (Jean)","cosmopolitisme","droit","\u00e9lite","encyclop\u00e9die","\u00e9pistolographie","exp\u00e9rience","genre (arts et lettres)","H\u00e9rodote","imprimerie","laid","luxe","mariage","m\u00e9c\u00e9nat","philosophie naturelle","Pline l'Ancien","po\u00e9sie","traduction","vernaculaire","ville","voyage"],"articleSection":["Colloques"],"inLanguage":"fr-FR","potentialAction":[{"@type":"CommentAction","name":"Comment","target":["https:\/\/www.semen-l.org\/?p=1272#respond"]}]},{"@type":"WebPage","@id":"https:\/\/www.semen-l.org\/?p=1272","url":"https:\/\/www.semen-l.org\/?p=1272","name":"Colloques 2009 - Soci\u00e9t\u00e9 d&#039;\u00c9tudes M\u00e9dio Et N\u00e9o-Latines","isPartOf":{"@id":"http:\/\/www.semen-l.org\/#website"},"primaryImageOfPage":{"@id":"https:\/\/www.semen-l.org\/?p=1272#primaryimage"},"image":{"@id":"https:\/\/www.semen-l.org\/?p=1272#primaryimage"},"thumbnailUrl":"https:\/\/www.semen-l.org\/wp-content\/uploads\/2019\/09\/lejeunehommeetlesarts-min.jpg","datePublished":"2009-11-23T01:58:42+00:00","dateModified":"2020-11-23T02:02:06+00:00","description":"Liste des colloques organis\u00e9s en 2009 dans les universit\u00e9s et \u00e9coles \u00e0 propos du latin m\u00e9di\u00e9val et du n\u00e9o-latin.","breadcrumb":{"@id":"https:\/\/www.semen-l.org\/?p=1272#breadcrumb"},"inLanguage":"fr-FR","potentialAction":[{"@type":"ReadAction","target":["https:\/\/www.semen-l.org\/?p=1272"]}]},{"@type":"ImageObject","inLanguage":"fr-FR","@id":"https:\/\/www.semen-l.org\/?p=1272#primaryimage","url":"https:\/\/www.semen-l.org\/wp-content\/uploads\/2019\/09\/lejeunehommeetlesarts-min.jpg","contentUrl":"https:\/\/www.semen-l.org\/wp-content\/uploads\/2019\/09\/lejeunehommeetlesarts-min.jpg","width":200,"height":200,"caption":"Le jeune homme et les arts (d\u00e9tail)"},{"@type":"BreadcrumbList","@id":"https:\/\/www.semen-l.org\/?p=1272#breadcrumb","itemListElement":[{"@type":"ListItem","position":1,"name":"Accueil","item":"http:\/\/www.semen-l.org\/"},{"@type":"ListItem","position":2,"name":"Colloques 2009"}]},{"@type":"WebSite","@id":"http:\/\/www.semen-l.org\/#website","url":"http:\/\/www.semen-l.org\/","name":"Soci\u00e9t\u00e9 d'\u00c9tudes M\u00e9dio Et N\u00e9o-Latines","description":"","publisher":{"@id":"http:\/\/www.semen-l.org\/#organization"},"potentialAction":[{"@type":"SearchAction","target":{"@type":"EntryPoint","urlTemplate":"http:\/\/www.semen-l.org\/?s={search_term_string}"},"query-input":{"@type":"PropertyValueSpecification","valueRequired":true,"valueName":"search_term_string"}}],"inLanguage":"fr-FR"},{"@type":"Organization","@id":"http:\/\/www.semen-l.org\/#organization","name":"Soci\u00e9t\u00e9 d'\u00e9tudes m\u00e9dio et n\u00e9o-latines","url":"http:\/\/www.semen-l.org\/","logo":{"@type":"ImageObject","inLanguage":"fr-FR","@id":"http:\/\/www.semen-l.org\/#\/schema\/logo\/image\/","url":"http:\/\/www.semen-l.org\/wp-content\/uploads\/2020\/11\/logo-semenl.jpg","contentUrl":"http:\/\/www.semen-l.org\/wp-content\/uploads\/2020\/11\/logo-semenl.jpg","width":408,"height":403,"caption":"Soci\u00e9t\u00e9 d'\u00e9tudes m\u00e9dio et n\u00e9o-latines"},"image":{"@id":"http:\/\/www.semen-l.org\/#\/schema\/logo\/image\/"},"sameAs":["https:\/\/www.facebook.com\/SEMENL2018","https:\/\/independent.academia.edu\/SocitsdtudesmdioetnolatinesSEMENL"]},{"@type":"Person","@id":"http:\/\/www.semen-l.org\/#\/schema\/person\/ef5208815f17666727763c5363a51344","name":"Julien Maudoux","image":{"@type":"ImageObject","inLanguage":"fr-FR","@id":"https:\/\/secure.gravatar.com\/avatar\/caabf4fb6242e2277733cd35a5c2aa083761ea25dae1d1ff3298b54292225292?s=96&d=mm&r=g","url":"https:\/\/secure.gravatar.com\/avatar\/caabf4fb6242e2277733cd35a5c2aa083761ea25dae1d1ff3298b54292225292?s=96&d=mm&r=g","contentUrl":"https:\/\/secure.gravatar.com\/avatar\/caabf4fb6242e2277733cd35a5c2aa083761ea25dae1d1ff3298b54292225292?s=96&d=mm&r=g","caption":"Julien Maudoux"},"description":"Webmestre du site de la SEMEN-L","url":"https:\/\/www.semen-l.org\/?author=26"}]}},"jetpack_featured_media_url":"https:\/\/www.semen-l.org\/wp-content\/uploads\/2019\/09\/lejeunehommeetlesarts-min.jpg","_links":{"self":[{"href":"https:\/\/www.semen-l.org\/index.php?rest_route=\/wp\/v2\/posts\/1272","targetHints":{"allow":["GET"]}}],"collection":[{"href":"https:\/\/www.semen-l.org\/index.php?rest_route=\/wp\/v2\/posts"}],"about":[{"href":"https:\/\/www.semen-l.org\/index.php?rest_route=\/wp\/v2\/types\/post"}],"author":[{"embeddable":true,"href":"https:\/\/www.semen-l.org\/index.php?rest_route=\/wp\/v2\/users\/26"}],"replies":[{"embeddable":true,"href":"https:\/\/www.semen-l.org\/index.php?rest_route=%2Fwp%2Fv2%2Fcomments&post=1272"}],"version-history":[{"count":0,"href":"https:\/\/www.semen-l.org\/index.php?rest_route=\/wp\/v2\/posts\/1272\/revisions"}],"wp:featuredmedia":[{"embeddable":true,"href":"https:\/\/www.semen-l.org\/index.php?rest_route=\/wp\/v2\/media\/849"}],"wp:attachment":[{"href":"https:\/\/www.semen-l.org\/index.php?rest_route=%2Fwp%2Fv2%2Fmedia&parent=1272"}],"wp:term":[{"taxonomy":"category","embeddable":true,"href":"https:\/\/www.semen-l.org\/index.php?rest_route=%2Fwp%2Fv2%2Fcategories&post=1272"},{"taxonomy":"post_tag","embeddable":true,"href":"https:\/\/www.semen-l.org\/index.php?rest_route=%2Fwp%2Fv2%2Ftags&post=1272"}],"curies":[{"name":"wp","href":"https:\/\/api.w.org\/{rel}","templated":true}]}}