{"id":1270,"date":"2008-11-23T01:51:54","date_gmt":"2008-11-23T01:51:54","guid":{"rendered":"http:\/\/www.semen-l.org\/?p=1270"},"modified":"2020-11-23T01:55:52","modified_gmt":"2020-11-23T01:55:52","slug":"colloques-2008","status":"publish","type":"post","link":"https:\/\/www.semen-l.org\/?p=1270","title":{"rendered":"Colloques 2008"},"content":{"rendered":"<p>Liste des colloques organis\u00e9s \u00e0 propos du latin m\u00e9di\u00e9val et du n\u00e9o-latin en 2008.<\/p>\n<p>&#8211; 15 janvier, Barcelone : Jornada de estudio sobra poesia latina (de l\u2019antiquit\u00e9 tardive \u00e0 l\u2019\u00e9poque humaniste), universit\u00e9 autonome de Barcelone.<\/p>\n<p>&#8211; 2 f\u00e9vrier, Paris : Journ\u00e9e d\u2019\u00e9tudes sur l\u2019hybridit\u00e9 \u00e9pique, org. O. Pedeflous sous la direction de M. Huchon et J. Dangel, Sorbonne, salle G 647.<\/p>\n<p>&#8211; 6-7 f\u00e9vrier, Bari : Libris satiari nequeo. Biblioteche nel Regno fra Tre e Cinquecento, org. F. Tateo, M. de Nichilo, D. Canfora, C. Corfiati, D. Defilipis, I. Nuovo. Palazzo Ateneo. Salone degli affreschi.<\/p>\n<p>&#8211; 22 f\u00e9vrier, 9h-11h : Journ\u00e9e Horace I, co-organis\u00e9e par P. Galand-Hallyn (EPHE) et Jean Vignes (TAM, Paris 7). Nathalie Dauvois (Toulouse), \u00ab Lyrisme et philosophie : le mod\u00e8le horatien dans les commentaires de Landino \u00e0 Lambin et chez les po\u00e8tes de la Pl\u00e9iade \u00bb, au TAM (Universit\u00e9 Paris Diderot-Paris7, B\u00e2timent des Grands Moulins, 75205 Paris Cedex 13).<\/p>\n<p>&#8211; 8-10 mars, Montpellier, La notion de Prudence de Gerson \u00e0 Gassendi, universit\u00e9 de Montpellier.<\/p>\n<p>&#8211; 14-15 mars 2008, V\u00e9rone : journ\u00e9e d\u2019\u00e9tudes n\u00b01 sur La repr\u00e9sentation du mariage chez les juristes et les po\u00e8tes humanistes, Giovanni Rossi et P. Galand-Hallyn, premi\u00e8re journ\u00e9e d\u2019un diptyque qui se continuera \u00e0 Paris IV l\u2019an prochain.<\/p>\n<p>&#8211; 27-28 mars 2008, Pau, Universit\u00e9 de Pau et des Pays de l\u2019Adour, colloque international L\u2019Aquitaine des litt\u00e9ratures m\u00e9di\u00e9vales (XIe-XIIIe si\u00e8cles), org. V. Fasseur.<\/p>\n<p>&#8211; 3-4 avril 2008, Paris : Paris, 1553 : audaces et innovations po\u00e9tiques, Auditorium du Louvre et Paris VII, org. Jean Vignes et Olivier Hal\u00e9vy.<\/p>\n<p>&#8211; 15 mai 2008, Paris, Les innovations du vocabulaire latin \u00e0 la fin du Moyen \u00c2ge. Autour du Glossaire du latin philosophique (philosophie, th\u00e9ologie, sciences), Journ\u00e9e d\u2019\u00e9tude, IRHT, centre F\u00e9lix- Grat, organisation : Olga Weijers (Constantijn Huygens Instituut, La Haye \/IRHT).<\/p>\n<p>&#8211; 26 mai, Paris : La Fable d\u2019Orph\u00e9e d\u2019Ange Politien, Universit\u00e9 Paris IV-Sorbonne, table ronde suivie d\u2019un concert par la Compagnia dell\u2019Orpheo, dir. Musicale Francis Biggi (Conservatoire de Gen\u00e8ve).<\/p>\n<p>&#8211; 28-30 mai 2008, Gand : La place de la cosmographie dans la culture de la Renaissance, org. F. Hallyn, Universit\u00e9 de Gand, Centre for History of Science. Voir le site: http:\/\/sarton.ugent.be\/<\/p>\n<p>&#8211; 11-14 juin 2008, Paris, Soci\u00e9t\u00e9 Internationale pour l&rsquo;\u00e9tude de la Th\u00e9ologie M\u00e9di\u00e9vale, congr\u00e8s international R\u00e9ceptions des P\u00e8res et de leurs \u00e9crits au Moyen Age. Le devenir de la tradition eccl\u00e9siale.<\/p>\n<p>&#8211; 21 juin, Universit\u00e9 de Paris VII, Po\u00e9tiques de la philologie, org. Sophie Rabau.<\/p>\n<p>&#8211; 29 juin-2 juillet, Genga (Sassoferrato, Ancona), Seminario di alta cultura, l\u2019innologia dal mondo antico all\u2019umanesimo.<\/p>\n<p>&#8211; 1-5 juillet, Tours : LIe Colloque International d\u2019Etudes Humanistes : \u00ab Proportions \u00bb, org. Sabine Rommevaux, Philippe Vendrix et Vasco Zara, C.E.S.R., Universit\u00e9 Fran\u00e7ois Rabelais.<\/p>\n<p>&#8211; 2-5 juillet, 29e Congresso internazionale di studi umanistici, Sassoferrato (avec c\u00e9l\u00e9bration de Pierre Damien \u00e0 Fonte Avellana).<\/p>\n<p>&#8211; 2-5 juillet, Gand : La silve : histoire d\u2019une \u00e9criture lib\u00e9r\u00e9e en Europe, de l\u2019Antiquit\u00e9 au XVIIIe si\u00e8cle. Koninklijke Academie voor nederlandse Taal-en Letterkunde (Koningstraat 18B-9000 Gent.org. Perrine Galand-Hallyn, Philip Ford, Carlos L\u00e9vy (dans le cadre du GDR 2837, \u00abCulture latine de la Renaissance europ\u00e9enne \u00bb, dir. P. Galand-Hallyn). &#8211; 21-24 juillet, Chianciano-Pienza (Siena), Vita pubblica e vita privata nel Rinascimento.<\/p>\n<p>&#8211; septembre 2008, Bordeaux : Lire, choisir, \u00e9crire : la vulgarisation des savoirs du Moyen Age \u00e0 la Renaissance, org. Violaine Giacomotto-Charra (Bordeaux III) et Christine Silvi (Paris IV).<\/p>\n<p>&#8211; 18-20 septembre, Tours : Extravagances amoureuses. L\u2019amour au-del\u00e0 de la norme \u00e0 la Renaissance: \u00e9cart, d\u00e9passement, transgression, org. C. Lastraioli et E. Boillet, C.E.S.R.,<br \/>\nUniversit\u00e9 Fran\u00e7ois Rabelais.<\/p>\n<p>&#8211; 24-27 septembre 2008, Paris, 1108-2008. L\u2019influence et le rayonnement de l&rsquo;\u00e9cole de Saint-Victor de Paris au Moyen \u00c2ge, Colloque international du CNRS pour le neuvi\u00e8me<br \/>\ncentenaire de la fondation de Saint-Victor, organisation Patrick Gautier Dalch\u00e9, Patrice Sicard, Luc Jocqu\u00e9 et Dominique Poirel.<\/p>\n<p>&#8211; 28 septembre, Tours : La grande peur de la Syphilis \u00e0 la Renaissance. Retour aux textes sources m\u00e9dicaux, org. J. Vons et F. Fouassier, C.E.S.R., Universit\u00e9 Fran\u00e7ois Rabelais.<\/p>\n<p>&#8211; Premier Congr\u00e8s de la Soci\u00e9t\u00e9 d\u2019\u00c9tudes M\u00e9dio et N\u00e9o-Latines (SEMEN-L), 15-17 octobre 2008,Universit\u00e9 d\u2019Aix en Provence et Maison M\u00e9diterran\u00e9nne des Sciences de l\u2019Homme, \u00ab\u00a0Le Profane et le Sacr\u00e9 dans la culture latine du Ve si\u00e8cle au XVIIe si\u00e8cle\u00a0\u00bb, organis\u00e9 par Marc Deramaix, Mich\u00e8le Gally et Olivier P\u00e9deflous. Le deuxi\u00e8me congr\u00e8s est pr\u00e9vu pour octobre 2010 \u00e0 Amiens (voir rubrique Congr\u00e8s).<\/p>\n<p>&#8211; 27-29 octobre 2008, Gand : Tradition et cr\u00e9ativit\u00e9 dans les formes gnomiques en Italie et en France \u00e0 la Renaissance (XIVe-XVIIe si\u00e8cles), Universit\u00e9 de Gand, org. P. Galand- Hallyn (EPHE et Paris IV, Ecole doctorale europ\u00e9enne sur l\u2019Humanisme, Equipe \u00ab Rome et ses Renaissances \u00bb, Centre G. Bud\u00e9), G. Ruozzi (Bologne), S. Verhulst (Gand), J. Vignes (Paris VII, TAM) et R. Cardini (Florence).<\/p>\n<p>&#8211; 29-31 octobre 2008, Florence, Convegno internazionale di studi, Coluccio Salutati e l&rsquo;invenzione dell&rsquo;Umanesimo, Direzione generale per i Beni Librari \u2013 Ministero per i Beni e le Attivit\u00e0 Culturali, Comitato nazionale per le celebrazioni del VI centenario della morte di Coluccio Salutati, Dipartimento di Studi sul Medioevo e il Rinascimento &#8211; Universit\u00e0 degli Studi di Firenze, Biblioteca Medicea Laurenziana.<\/p>\n<p>&#8211; 4-6 d\u00e9cembre 2008, Florence : Colloque international Le radici umanistiche dell\u2019Europa. 1- La diffusione europea del pensiero del Valla, 2- Lorenzo Valla e la riforma della lingua e della logica, Comitato Nazionale per le celebrazioni del VI centenario della nascita di Lorenzo Valla et Scuola del Dottorato internazionale in Civilt\u00e0 dell\u2019Umanesimo e del Rinascimento, Universit\u00e0 degli Studi di Firenze, org. M. Regoliosi, P. Benigni, G. M. Anselmi, R. Campioni, R. Cardini, D. Coppini, F. Lo Monaco. Voir le site: http:\/\/www.centrostudiclassicismo.it\/home.htm<\/p>\n<p>&#8211; 10 d\u00e9cembre 2008, Paris, IRHT, Les \u00e9coles au Moyen \u00c2ge. Journ\u00e9es d\u2019\u00e9tudes de l\u2019IRHT (1re journ\u00e9e d\u2019\u00e9tudes, la seconde ayant lieu en mai 2009).<\/p>\n","protected":false},"excerpt":{"rendered":"<p>Liste des colloques organis\u00e9s \u00e0 propos du latin m\u00e9di\u00e9val et du n\u00e9o-latin en 2008. &#8211; 15 janvier, Barcelone : Jornada de estudio sobra poesia latina (de l\u2019antiquit\u00e9 tardive \u00e0 l\u2019\u00e9poque humaniste), universit\u00e9 autonome de Barcelone. &#8211; 2 f\u00e9vrier, Paris : &hellip; <a href=\"https:\/\/www.semen-l.org\/?p=1270\">Continuer la lecture <span class=\"meta-nav\">&rarr;<\/span><\/a><\/p>\n","protected":false},"author":26,"featured_media":1201,"comment_status":"open","ping_status":"open","sticky":false,"template":"","format":"standard","meta":{"footnotes":""},"categories":[4],"tags":[1366,1513,1442,1509,1510,1265,23,1503,692,26,82,30,1507,1154,799,468,1506,286,1508,1505,80,1511,1504],"class_list":["post-1270","post","type-post","status-publish","format-standard","has-post-thumbnail","hentry","category-colloques","tag-amour","tag-aquitaine","tag-cosmographie","tag-creativite","tag-ecole","tag-epopee","tag-medecine","tag-peres-de-leglise","tag-philologie","tag-poesie","tag-poetique","tag-ange-politien","tag-profane","tag-sacre","tag-salutati-coluccio","tag-sylve","tag-syphilis","tag-theologie","tag-tradition","tag-transgression","tag-lorenzo-valla","tag-vocabulaire","tag-vulgarisation"],"yoast_head":"<!-- This site is optimized with the Yoast SEO plugin v27.5 - https:\/\/yoast.com\/product\/yoast-seo-wordpress\/ -->\n<title>Colloques 2008 - Soci\u00e9t\u00e9 d&#039;\u00c9tudes M\u00e9dio Et N\u00e9o-Latines<\/title>\n<meta name=\"description\" content=\"Liste des colloques organis\u00e9s en 2008 dans les universit\u00e9s et \u00e9coles \u00e0 propos du latin m\u00e9di\u00e9val et du n\u00e9o-latin.\" \/>\n<meta name=\"robots\" content=\"index, follow, max-snippet:-1, max-image-preview:large, max-video-preview:-1\" \/>\n<link rel=\"canonical\" href=\"https:\/\/www.semen-l.org\/?p=1270\" \/>\n<meta property=\"og:locale\" content=\"fr_FR\" \/>\n<meta property=\"og:type\" content=\"article\" \/>\n<meta property=\"og:title\" content=\"Colloques 2008 - Soci\u00e9t\u00e9 d&#039;\u00c9tudes M\u00e9dio Et N\u00e9o-Latines\" \/>\n<meta property=\"og:description\" content=\"Liste des colloques organis\u00e9s en 2008 dans les universit\u00e9s et \u00e9coles \u00e0 propos du latin m\u00e9di\u00e9val et du n\u00e9o-latin.\" \/>\n<meta property=\"og:url\" content=\"https:\/\/www.semen-l.org\/?p=1270\" \/>\n<meta property=\"og:site_name\" content=\"Soci\u00e9t\u00e9 d&#039;\u00c9tudes M\u00e9dio Et N\u00e9o-Latines\" \/>\n<meta property=\"article:publisher\" content=\"https:\/\/www.facebook.com\/SEMENL2018\" \/>\n<meta property=\"article:published_time\" content=\"2008-11-23T01:51:54+00:00\" \/>\n<meta property=\"article:modified_time\" content=\"2020-11-23T01:55:52+00:00\" \/>\n<meta property=\"og:image\" content=\"https:\/\/www.semen-l.org\/wp-content\/uploads\/2020\/11\/ecole-athenes-categorie.jpg\" \/>\n\t<meta property=\"og:image:width\" content=\"1000\" \/>\n\t<meta property=\"og:image:height\" content=\"300\" \/>\n\t<meta property=\"og:image:type\" content=\"image\/jpeg\" \/>\n<meta name=\"author\" content=\"Julien Maudoux\" \/>\n<meta name=\"twitter:card\" content=\"summary_large_image\" \/>\n<meta name=\"twitter:label1\" content=\"\u00c9crit par\" \/>\n\t<meta name=\"twitter:data1\" content=\"Julien Maudoux\" \/>\n\t<meta name=\"twitter:label2\" content=\"Dur\u00e9e de lecture estim\u00e9e\" \/>\n\t<meta name=\"twitter:data2\" content=\"5 minutes\" \/>\n<script type=\"application\/ld+json\" class=\"yoast-schema-graph\">{\"@context\":\"https:\\\/\\\/schema.org\",\"@graph\":[{\"@type\":\"Article\",\"@id\":\"https:\\\/\\\/www.semen-l.org\\\/?p=1270#article\",\"isPartOf\":{\"@id\":\"https:\\\/\\\/www.semen-l.org\\\/?p=1270\"},\"author\":{\"name\":\"Julien Maudoux\",\"@id\":\"http:\\\/\\\/www.semen-l.org\\\/#\\\/schema\\\/person\\\/ef5208815f17666727763c5363a51344\"},\"headline\":\"Colloques 2008\",\"datePublished\":\"2008-11-23T01:51:54+00:00\",\"dateModified\":\"2020-11-23T01:55:52+00:00\",\"mainEntityOfPage\":{\"@id\":\"https:\\\/\\\/www.semen-l.org\\\/?p=1270\"},\"wordCount\":1000,\"commentCount\":0,\"publisher\":{\"@id\":\"http:\\\/\\\/www.semen-l.org\\\/#organization\"},\"image\":{\"@id\":\"https:\\\/\\\/www.semen-l.org\\\/?p=1270#primaryimage\"},\"thumbnailUrl\":\"https:\\\/\\\/www.semen-l.org\\\/wp-content\\\/uploads\\\/2020\\\/11\\\/ecole-athenes-categorie.jpg\",\"keywords\":[\"amour\",\"Aquitaine\",\"cosmographie\",\"cr\u00e9ativit\u00e9\",\"\u00e9cole\",\"\u00e9pop\u00e9e\",\"m\u00e9decine\",\"p\u00e8res de l'\u00c9glise\",\"philologie\",\"po\u00e9sie\",\"po\u00e9tique\",\"Politien (Ange)\",\"profane\",\"sacr\u00e9\",\"Salutati (Coluccio)\",\"sylve\",\"syphilis\",\"th\u00e9ologie\",\"tradition\",\"transgression\",\"Valla (Lorenzo)\",\"vocabulaire\",\"vulgarisation\"],\"articleSection\":[\"Colloques\"],\"inLanguage\":\"fr-FR\",\"potentialAction\":[{\"@type\":\"CommentAction\",\"name\":\"Comment\",\"target\":[\"https:\\\/\\\/www.semen-l.org\\\/?p=1270#respond\"]}]},{\"@type\":\"WebPage\",\"@id\":\"https:\\\/\\\/www.semen-l.org\\\/?p=1270\",\"url\":\"https:\\\/\\\/www.semen-l.org\\\/?p=1270\",\"name\":\"Colloques 2008 - Soci\u00e9t\u00e9 d&#039;\u00c9tudes M\u00e9dio Et N\u00e9o-Latines\",\"isPartOf\":{\"@id\":\"http:\\\/\\\/www.semen-l.org\\\/#website\"},\"primaryImageOfPage\":{\"@id\":\"https:\\\/\\\/www.semen-l.org\\\/?p=1270#primaryimage\"},\"image\":{\"@id\":\"https:\\\/\\\/www.semen-l.org\\\/?p=1270#primaryimage\"},\"thumbnailUrl\":\"https:\\\/\\\/www.semen-l.org\\\/wp-content\\\/uploads\\\/2020\\\/11\\\/ecole-athenes-categorie.jpg\",\"datePublished\":\"2008-11-23T01:51:54+00:00\",\"dateModified\":\"2020-11-23T01:55:52+00:00\",\"description\":\"Liste des colloques organis\u00e9s en 2008 dans les universit\u00e9s et \u00e9coles \u00e0 propos du latin m\u00e9di\u00e9val et du n\u00e9o-latin.\",\"breadcrumb\":{\"@id\":\"https:\\\/\\\/www.semen-l.org\\\/?p=1270#breadcrumb\"},\"inLanguage\":\"fr-FR\",\"potentialAction\":[{\"@type\":\"ReadAction\",\"target\":[\"https:\\\/\\\/www.semen-l.org\\\/?p=1270\"]}]},{\"@type\":\"ImageObject\",\"inLanguage\":\"fr-FR\",\"@id\":\"https:\\\/\\\/www.semen-l.org\\\/?p=1270#primaryimage\",\"url\":\"https:\\\/\\\/www.semen-l.org\\\/wp-content\\\/uploads\\\/2020\\\/11\\\/ecole-athenes-categorie.jpg\",\"contentUrl\":\"https:\\\/\\\/www.semen-l.org\\\/wp-content\\\/uploads\\\/2020\\\/11\\\/ecole-athenes-categorie.jpg\",\"width\":1000,\"height\":300},{\"@type\":\"BreadcrumbList\",\"@id\":\"https:\\\/\\\/www.semen-l.org\\\/?p=1270#breadcrumb\",\"itemListElement\":[{\"@type\":\"ListItem\",\"position\":1,\"name\":\"Accueil\",\"item\":\"http:\\\/\\\/www.semen-l.org\\\/\"},{\"@type\":\"ListItem\",\"position\":2,\"name\":\"Colloques 2008\"}]},{\"@type\":\"WebSite\",\"@id\":\"http:\\\/\\\/www.semen-l.org\\\/#website\",\"url\":\"http:\\\/\\\/www.semen-l.org\\\/\",\"name\":\"Soci\u00e9t\u00e9 d'\u00c9tudes M\u00e9dio Et N\u00e9o-Latines\",\"description\":\"\",\"publisher\":{\"@id\":\"http:\\\/\\\/www.semen-l.org\\\/#organization\"},\"potentialAction\":[{\"@type\":\"SearchAction\",\"target\":{\"@type\":\"EntryPoint\",\"urlTemplate\":\"http:\\\/\\\/www.semen-l.org\\\/?s={search_term_string}\"},\"query-input\":{\"@type\":\"PropertyValueSpecification\",\"valueRequired\":true,\"valueName\":\"search_term_string\"}}],\"inLanguage\":\"fr-FR\"},{\"@type\":\"Organization\",\"@id\":\"http:\\\/\\\/www.semen-l.org\\\/#organization\",\"name\":\"Soci\u00e9t\u00e9 d'\u00e9tudes m\u00e9dio et n\u00e9o-latines\",\"url\":\"http:\\\/\\\/www.semen-l.org\\\/\",\"logo\":{\"@type\":\"ImageObject\",\"inLanguage\":\"fr-FR\",\"@id\":\"http:\\\/\\\/www.semen-l.org\\\/#\\\/schema\\\/logo\\\/image\\\/\",\"url\":\"http:\\\/\\\/www.semen-l.org\\\/wp-content\\\/uploads\\\/2020\\\/11\\\/logo-semenl.jpg\",\"contentUrl\":\"http:\\\/\\\/www.semen-l.org\\\/wp-content\\\/uploads\\\/2020\\\/11\\\/logo-semenl.jpg\",\"width\":408,\"height\":403,\"caption\":\"Soci\u00e9t\u00e9 d'\u00e9tudes m\u00e9dio et n\u00e9o-latines\"},\"image\":{\"@id\":\"http:\\\/\\\/www.semen-l.org\\\/#\\\/schema\\\/logo\\\/image\\\/\"},\"sameAs\":[\"https:\\\/\\\/www.facebook.com\\\/SEMENL2018\",\"https:\\\/\\\/independent.academia.edu\\\/SocitsdtudesmdioetnolatinesSEMENL\"]},{\"@type\":\"Person\",\"@id\":\"http:\\\/\\\/www.semen-l.org\\\/#\\\/schema\\\/person\\\/ef5208815f17666727763c5363a51344\",\"name\":\"Julien Maudoux\",\"image\":{\"@type\":\"ImageObject\",\"inLanguage\":\"fr-FR\",\"@id\":\"https:\\\/\\\/secure.gravatar.com\\\/avatar\\\/caabf4fb6242e2277733cd35a5c2aa083761ea25dae1d1ff3298b54292225292?s=96&d=mm&r=g\",\"url\":\"https:\\\/\\\/secure.gravatar.com\\\/avatar\\\/caabf4fb6242e2277733cd35a5c2aa083761ea25dae1d1ff3298b54292225292?s=96&d=mm&r=g\",\"contentUrl\":\"https:\\\/\\\/secure.gravatar.com\\\/avatar\\\/caabf4fb6242e2277733cd35a5c2aa083761ea25dae1d1ff3298b54292225292?s=96&d=mm&r=g\",\"caption\":\"Julien Maudoux\"},\"description\":\"Webmestre du site de la SEMEN-L\",\"url\":\"https:\\\/\\\/www.semen-l.org\\\/?author=26\"}]}<\/script>\n<!-- \/ Yoast SEO plugin. -->","yoast_head_json":{"title":"Colloques 2008 - Soci\u00e9t\u00e9 d&#039;\u00c9tudes M\u00e9dio Et N\u00e9o-Latines","description":"Liste des colloques organis\u00e9s en 2008 dans les universit\u00e9s et \u00e9coles \u00e0 propos du latin m\u00e9di\u00e9val et du n\u00e9o-latin.","robots":{"index":"index","follow":"follow","max-snippet":"max-snippet:-1","max-image-preview":"max-image-preview:large","max-video-preview":"max-video-preview:-1"},"canonical":"https:\/\/www.semen-l.org\/?p=1270","og_locale":"fr_FR","og_type":"article","og_title":"Colloques 2008 - Soci\u00e9t\u00e9 d&#039;\u00c9tudes M\u00e9dio Et N\u00e9o-Latines","og_description":"Liste des colloques organis\u00e9s en 2008 dans les universit\u00e9s et \u00e9coles \u00e0 propos du latin m\u00e9di\u00e9val et du n\u00e9o-latin.","og_url":"https:\/\/www.semen-l.org\/?p=1270","og_site_name":"Soci\u00e9t\u00e9 d&#039;\u00c9tudes M\u00e9dio Et N\u00e9o-Latines","article_publisher":"https:\/\/www.facebook.com\/SEMENL2018","article_published_time":"2008-11-23T01:51:54+00:00","article_modified_time":"2020-11-23T01:55:52+00:00","og_image":[{"width":1000,"height":300,"url":"https:\/\/www.semen-l.org\/wp-content\/uploads\/2020\/11\/ecole-athenes-categorie.jpg","type":"image\/jpeg"}],"author":"Julien Maudoux","twitter_card":"summary_large_image","twitter_misc":{"\u00c9crit par":"Julien Maudoux","Dur\u00e9e de lecture estim\u00e9e":"5 minutes"},"schema":{"@context":"https:\/\/schema.org","@graph":[{"@type":"Article","@id":"https:\/\/www.semen-l.org\/?p=1270#article","isPartOf":{"@id":"https:\/\/www.semen-l.org\/?p=1270"},"author":{"name":"Julien Maudoux","@id":"http:\/\/www.semen-l.org\/#\/schema\/person\/ef5208815f17666727763c5363a51344"},"headline":"Colloques 2008","datePublished":"2008-11-23T01:51:54+00:00","dateModified":"2020-11-23T01:55:52+00:00","mainEntityOfPage":{"@id":"https:\/\/www.semen-l.org\/?p=1270"},"wordCount":1000,"commentCount":0,"publisher":{"@id":"http:\/\/www.semen-l.org\/#organization"},"image":{"@id":"https:\/\/www.semen-l.org\/?p=1270#primaryimage"},"thumbnailUrl":"https:\/\/www.semen-l.org\/wp-content\/uploads\/2020\/11\/ecole-athenes-categorie.jpg","keywords":["amour","Aquitaine","cosmographie","cr\u00e9ativit\u00e9","\u00e9cole","\u00e9pop\u00e9e","m\u00e9decine","p\u00e8res de l'\u00c9glise","philologie","po\u00e9sie","po\u00e9tique","Politien (Ange)","profane","sacr\u00e9","Salutati (Coluccio)","sylve","syphilis","th\u00e9ologie","tradition","transgression","Valla (Lorenzo)","vocabulaire","vulgarisation"],"articleSection":["Colloques"],"inLanguage":"fr-FR","potentialAction":[{"@type":"CommentAction","name":"Comment","target":["https:\/\/www.semen-l.org\/?p=1270#respond"]}]},{"@type":"WebPage","@id":"https:\/\/www.semen-l.org\/?p=1270","url":"https:\/\/www.semen-l.org\/?p=1270","name":"Colloques 2008 - Soci\u00e9t\u00e9 d&#039;\u00c9tudes M\u00e9dio Et N\u00e9o-Latines","isPartOf":{"@id":"http:\/\/www.semen-l.org\/#website"},"primaryImageOfPage":{"@id":"https:\/\/www.semen-l.org\/?p=1270#primaryimage"},"image":{"@id":"https:\/\/www.semen-l.org\/?p=1270#primaryimage"},"thumbnailUrl":"https:\/\/www.semen-l.org\/wp-content\/uploads\/2020\/11\/ecole-athenes-categorie.jpg","datePublished":"2008-11-23T01:51:54+00:00","dateModified":"2020-11-23T01:55:52+00:00","description":"Liste des colloques organis\u00e9s en 2008 dans les universit\u00e9s et \u00e9coles \u00e0 propos du latin m\u00e9di\u00e9val et du n\u00e9o-latin.","breadcrumb":{"@id":"https:\/\/www.semen-l.org\/?p=1270#breadcrumb"},"inLanguage":"fr-FR","potentialAction":[{"@type":"ReadAction","target":["https:\/\/www.semen-l.org\/?p=1270"]}]},{"@type":"ImageObject","inLanguage":"fr-FR","@id":"https:\/\/www.semen-l.org\/?p=1270#primaryimage","url":"https:\/\/www.semen-l.org\/wp-content\/uploads\/2020\/11\/ecole-athenes-categorie.jpg","contentUrl":"https:\/\/www.semen-l.org\/wp-content\/uploads\/2020\/11\/ecole-athenes-categorie.jpg","width":1000,"height":300},{"@type":"BreadcrumbList","@id":"https:\/\/www.semen-l.org\/?p=1270#breadcrumb","itemListElement":[{"@type":"ListItem","position":1,"name":"Accueil","item":"http:\/\/www.semen-l.org\/"},{"@type":"ListItem","position":2,"name":"Colloques 2008"}]},{"@type":"WebSite","@id":"http:\/\/www.semen-l.org\/#website","url":"http:\/\/www.semen-l.org\/","name":"Soci\u00e9t\u00e9 d'\u00c9tudes M\u00e9dio Et N\u00e9o-Latines","description":"","publisher":{"@id":"http:\/\/www.semen-l.org\/#organization"},"potentialAction":[{"@type":"SearchAction","target":{"@type":"EntryPoint","urlTemplate":"http:\/\/www.semen-l.org\/?s={search_term_string}"},"query-input":{"@type":"PropertyValueSpecification","valueRequired":true,"valueName":"search_term_string"}}],"inLanguage":"fr-FR"},{"@type":"Organization","@id":"http:\/\/www.semen-l.org\/#organization","name":"Soci\u00e9t\u00e9 d'\u00e9tudes m\u00e9dio et n\u00e9o-latines","url":"http:\/\/www.semen-l.org\/","logo":{"@type":"ImageObject","inLanguage":"fr-FR","@id":"http:\/\/www.semen-l.org\/#\/schema\/logo\/image\/","url":"http:\/\/www.semen-l.org\/wp-content\/uploads\/2020\/11\/logo-semenl.jpg","contentUrl":"http:\/\/www.semen-l.org\/wp-content\/uploads\/2020\/11\/logo-semenl.jpg","width":408,"height":403,"caption":"Soci\u00e9t\u00e9 d'\u00e9tudes m\u00e9dio et n\u00e9o-latines"},"image":{"@id":"http:\/\/www.semen-l.org\/#\/schema\/logo\/image\/"},"sameAs":["https:\/\/www.facebook.com\/SEMENL2018","https:\/\/independent.academia.edu\/SocitsdtudesmdioetnolatinesSEMENL"]},{"@type":"Person","@id":"http:\/\/www.semen-l.org\/#\/schema\/person\/ef5208815f17666727763c5363a51344","name":"Julien Maudoux","image":{"@type":"ImageObject","inLanguage":"fr-FR","@id":"https:\/\/secure.gravatar.com\/avatar\/caabf4fb6242e2277733cd35a5c2aa083761ea25dae1d1ff3298b54292225292?s=96&d=mm&r=g","url":"https:\/\/secure.gravatar.com\/avatar\/caabf4fb6242e2277733cd35a5c2aa083761ea25dae1d1ff3298b54292225292?s=96&d=mm&r=g","contentUrl":"https:\/\/secure.gravatar.com\/avatar\/caabf4fb6242e2277733cd35a5c2aa083761ea25dae1d1ff3298b54292225292?s=96&d=mm&r=g","caption":"Julien Maudoux"},"description":"Webmestre du site de la SEMEN-L","url":"https:\/\/www.semen-l.org\/?author=26"}]}},"jetpack_featured_media_url":"https:\/\/www.semen-l.org\/wp-content\/uploads\/2020\/11\/ecole-athenes-categorie.jpg","_links":{"self":[{"href":"https:\/\/www.semen-l.org\/index.php?rest_route=\/wp\/v2\/posts\/1270","targetHints":{"allow":["GET"]}}],"collection":[{"href":"https:\/\/www.semen-l.org\/index.php?rest_route=\/wp\/v2\/posts"}],"about":[{"href":"https:\/\/www.semen-l.org\/index.php?rest_route=\/wp\/v2\/types\/post"}],"author":[{"embeddable":true,"href":"https:\/\/www.semen-l.org\/index.php?rest_route=\/wp\/v2\/users\/26"}],"replies":[{"embeddable":true,"href":"https:\/\/www.semen-l.org\/index.php?rest_route=%2Fwp%2Fv2%2Fcomments&post=1270"}],"version-history":[{"count":0,"href":"https:\/\/www.semen-l.org\/index.php?rest_route=\/wp\/v2\/posts\/1270\/revisions"}],"wp:featuredmedia":[{"embeddable":true,"href":"https:\/\/www.semen-l.org\/index.php?rest_route=\/wp\/v2\/media\/1201"}],"wp:attachment":[{"href":"https:\/\/www.semen-l.org\/index.php?rest_route=%2Fwp%2Fv2%2Fmedia&parent=1270"}],"wp:term":[{"taxonomy":"category","embeddable":true,"href":"https:\/\/www.semen-l.org\/index.php?rest_route=%2Fwp%2Fv2%2Fcategories&post=1270"},{"taxonomy":"post_tag","embeddable":true,"href":"https:\/\/www.semen-l.org\/index.php?rest_route=%2Fwp%2Fv2%2Ftags&post=1270"}],"curies":[{"name":"wp","href":"https:\/\/api.w.org\/{rel}","templated":true}]}}