{"id":1268,"date":"2006-11-23T01:43:56","date_gmt":"2006-11-23T01:43:56","guid":{"rendered":"http:\/\/www.semen-l.org\/?p=1268"},"modified":"2020-11-23T01:49:52","modified_gmt":"2020-11-23T01:49:52","slug":"colloques-2006","status":"publish","type":"post","link":"https:\/\/www.semen-l.org\/?p=1268","title":{"rendered":"Colloques 2006"},"content":{"rendered":"<p>Liste des colloques organis\u00e9s en 2006 \u00e0 propos du latin m\u00e9di\u00e9val et du n\u00e9o-latin.<\/p>\n<p>&#8211; 3 mars 2006, Bordeaux : Journ\u00e9e Lire Aristote au Moyen \u00c2ge et \u00e0 la Renaissance : r\u00e9ception du Trait\u00e9 sur la g\u00e9n\u00e9ration et la corruption, Universit\u00e9 de Bordeaux III, organis\u00e9e par J. Ducos et V. Giacomotto-Charra. <\/p>\n<p>&#8211; 27-29 mars 2006, Limoges : Colloque La traduction des Anciens en Europe du Quattrocento \u00e0 la R\u00e9volution, Universit\u00e9 de Limoges, organis\u00e9 par C. Lechevalier et L. Pradelle.<\/p>\n<p>&#8211; Mai 2006, Verona : Colloque \u201cIl segretario \u00e8 come un angelo\u201d: trattati, raccolte, epistolari, vite paradigmatiche o come essere un buon segretario nel Rinascimento, organis\u00e9 par le Gruppo di Studio sul Cinquecento Francese.<\/p>\n<p>&#8211; 27-29 mars 2006, Limoges : Traduire les Anciens (Grecs et Latins) en Europe du Quattrocento \u00e0 la fin du 18e si\u00e8cle :d\u2019une renaissance \u00e0 une r\u00e9volution ?, Universit\u00e9 de Limoges, org. C. Lechevalier (Universit\u00e9 de Caen) et L. Pradelle (Universit\u00e9 de Limoges).<\/p>\n<p>&#8211; 6-13 ao\u00fbt 2006, Budapest : Congr\u00e8s International de l\u2019IANLS : Varietas gentium- Communis Latinitas, org. Dr. Gyula Mayer et Prof. Dr. L. Sz\u00f6r\u00e9nyi. <\/p>\n<p>&#8211; 4-8 septembre 2006, Oxford (Corpus Christi College): Colloque Erasmus and the Republic of Letters. Rens.: Stephen Ryle. Conference Announcement and Call for Papers: The conference will cover all aspects of Erasmus&rsquo; achievement and influence in the fields of education, literature, biblical studies, and theology. Keynote speakers include Lisa Jardine, J.K. McConica, Hilmar M. Pabel, Jane E. Phillips, Erika Rummel, and Mark Vessey. Proposals for papers of 20 or 30 minutes&rsquo; duration are invited. Abstracts of c.150 words should be sent by 31 December 2005.<\/p>\n<p>&#8211; 22-23 sept. 2006, Paris (Paris IV-Sorbonne) : Colloque Le tyran et sa post\u00e9rit\u00e9. R\u00e9\u00e9flexions sur les figures du pouvoir absolu de l\u2019Antiquit\u00e9 \u00e0 la Renaissance, organis\u00e9 par C. L\u00e9vy (U. de Paris IV, Equipe \u00ab Traditions romaines \u00bb) et L. Boul\u00e8gue (U. de Lille 3, UMR \u00ab Savoirs, Textes, Langages \u00bb).<br \/>\nPr\u00e9sentation (r\u00e9sum\u00e9) : On aurait pu penser que les sp\u00e9cificit\u00e9s propres \u00e0 la figure grecque du tyran la rendaient inexportable en milieu romain, la res publica ayant d\u00e9j\u00e0 son propre repoussoir, le rex. L\u2019installation de la philosophie \u00e0 Rome, la pr\u00e9sence de penseurs comme Polybe ou Pan\u00e9tius allait, d\u00e8s le second si\u00e8cle av. J.C., avoir pour cons\u00e9quence une osmose des cat\u00e9gories grecques et romaines du politique et une intellectualisation plus grande du mos maiorum. Cependant, c\u2019est au Ier si\u00e8cle av. J.C., et tout particuli\u00e8rement avec Cic\u00e9ron, que le tyran fait irruption dans la pens\u00e9e politique romaine, comme moyen de penser une r\u00e9alit\u00e9 dont le caract\u00e8re chaotique apparaissait chaque jour avec plus d\u2019\u00e9vidence. Si C\u00e9sar apparut \u00e0 Cic\u00e9ron comme l\u2019incarnation romaine du tyran platonicien, l\u2019habilet\u00e9 d\u2019Auguste aboutit \u00e0 l\u2019apparition d\u2019un Ianus bifrons, \u00e0 la fois princeps h\u00e9ritier de l\u2019id\u00e9al cic\u00e9ronien, et tyran pour tous ceux qui vivaient dans la nostalgie de la res publica. La philosophie politique romaine \u00e0 l\u2019\u00e9poque imp\u00e9riale se construira donc en fonction des multiples mani\u00e8res de penser la triade: r\u00e9publique\/prince\/tyran. L\u2019analyse diachronique des concepts de principat et de tyrannie, fond\u00e9e sur l\u2019\u00e9tude de textes d\u2019inspirations tr\u00e8s diverses, devrait permettre une perception plus juste de la dette de Rome \u00e0 l\u2019\u00e9gard de la pens\u00e9e politique grecque et de l\u2019apport sp\u00e9cifiquement romain \u00e0 la pens\u00e9e politique occidentale. Le d\u00e9bat sur les figures du prince et du tyran se poursuit dans les trait\u00e9s politiques des humanistes avec, souvent, un souci \u00e9thique tr\u00e8s fort, du moins jusqu\u2019au d\u00e9but du XVIe si\u00e8cle. Ces \u00e9crits adoptent plusieurs formes et aussi se jouer des limites de tel ou tel genre, et les nombreux trait\u00e9s de cour, qui fleurissent au cours du XVIe si\u00e8cle, peuvent \u00eatre consid\u00e9r\u00e9s comme de nouveaux types de trait\u00e9s politiques. Comment pose-t-on encore la question des trois grands types de r\u00e9gimes politiques et que devient la figure du tyran dans un contexte historique, politique et religieux radicalement diff\u00e9rent de celui des sources antiques ?<\/p>\n<p>&#8211; 22-23 septembre 2006, Perth : Colloque Humanism and Medicine in the Early Modern Era, Institute of Advanced Studies, University of Western Australia, Perth, oraganis\u00e9 par Professor Yasmin Haskell and Dr Susan Broomhall.<br \/>\nPr\u00e9sentation : The symposium will explore the complex, and sometimes troubled, relationship between humanism and medicine from the fourteenth through eighteenth centuries. The father of humanism, Francesco Petrarca, famously attacked the medical profession in Against the Doctors (1352). Humanism spoke a new language theoretically a natural, classical Latin, as opposed to the \u2018barbaric\u2019 scholastic idiom of the philosophers and the Galenist gobbledygook of the doctors. But the cultures of humanism and medicine inevitably enriched one another: doctors and humanists shared a professional interest in the ancient texts (from Dioscorides to Lucretius), and a vested interest in preserving Latin as a professional argot. Humanism had its own healing pretensions through poetry and moral philosophy. In the sixteenth and seventeenth centuries, doctor and humanist sometimes co-existed in the same person such as Girolamo Fracastoro, Girolamo Cardano, Julius Caesar Scaliger, Fran\u00e7ois Rabelais, and Pierre Petit.<br \/>\nAppel \u00e0 communication: Papers (30 minutes) should consider various aspects of this road theme, including but not limited to the interface between learned and non-learned medicine, vernacular humanism and medicine, the evolution of the identity of the humanist physician over the early modern era, and the extent to which a consciousness of \u2018two cultures\u2019 prevailed in different local and institutional contexts. Please send a 300-word abstract before 1 December 2005 to the conference organisers.<\/p>\n<p>&#8211; Sept.-oct. 2006 (proposition de date provisoire), Lyon : Colloque international Commencer et finir, La notion de d\u00e9but et de fin dans les litt\u00e9ratures grecque, latine, byzantine et n\u00e9olatine, organis\u00e9 par le Centre d\u2019\u00c9tudes et de Recherches sur l\u2019Occident Romain (CEROR, EA 466) et le d\u00e9partement de Lettres Classiques de l\u2019Universit\u00e9 Jean-Moulin-Lyon III. Organisateurs scientifiques : Christian Nicolas et Bruno Bureau.<br \/>\nPr\u00e9sentation : Prendre en compte la probl\u00e9matique du d\u00e9but et de la fin est une constante de la topique rh\u00e9torique : les noms pour d\u00e9signer ces notions sont multiples, t\u00e9moignant de la complexit\u00e9 du ph\u00e9nom\u00e8ne d\u2019ouverture et de fermeture d\u2019une oeuvre ou de ses parties. Commencer et finir peut en effet s\u2019appliquer \u00e0 une oeuvre, voire un ensemble d\u2019oeuvres (recueil), une partie topique d\u2019oeuvre (r\u00e9cit ench\u00e2ss\u00e9, discours, digression, ekphrasis), voire une structure narratologique ou dramatique (notions d\u2019exposition, de d\u00e9nouement, d\u2019exorde et p\u00e9roraison etc.), impliquant parfois un d\u00e9bordement de la structure par la mati\u00e8re m\u00eame de ce qui est dit (analepse, prolepse, dans le cas de proph\u00e9ties, retours en arri\u00e8re etc.). O\u00f9 finit le d\u00e9but, o\u00f9 commence la fin devient alors une question pertinente. Se pose aussi la question de l\u2019autonomie du texte par rapport \u00e0 des \u00e9l\u00e9ments qui l\u2019entourent : insertion de textes dans des recueils et notion m\u00eame de d\u00e9but et fin de recueil, paratexte (pr\u00e9faces et postfaces, d\u00e9dicaces et texte d\u2019envoi, prologues et \u00e9pilogues) qui compliquent la perception des \u00ab vrais \u00bb d\u00e9buts et fins du texte lui-m\u00eame, quand ils ne l\u2019occultent pas (pr\u00e9sence d\u2019un paratexte rapport\u00e9, par un \u00e9diteur ou un scribe par exemple).<br \/>\nPeut-on enfin retracer une histoire du d\u00e9but et de la fin en litt\u00e9rature de la Gr\u00e8ce archa\u00efque \u00e0 la Renaissance, quels sont le sens et la port\u00e9e des \u00e9volutions en particulier sur la notion m\u00eame de texte ou d\u2019oeuvre (pens\u00e9e du recueil, etc.\u2026) ? La mise en perspective diachronique, comme le changement d\u2019\u00e8re culturelle, peuvent conduire \u00e0 retracer finalement quelques aspects d\u2019une histoire du Texte.<\/p>\n<p>&#8211; 23-25 nov. 2006, Clermont-Ferrand : Colloque international Pr\u00e9sence du roman grec et latin, organis\u00e9 par le Centre de recherches Andr\u00e9 Piganiol et le Centre de Recherches sur les Civilisations Antiques (CRCA) de l&rsquo;Universit\u00e9 de Clermont-Ferrand II. Rens.: R\u00e9my Poignault.<br \/>\nPr\u00e9sentation : Les axes principaux propos\u00e9s pour ce colloque sont les suivants, sans \u00eatre exclusifs:<br \/>\n* les formes du genre : rapports avec la satire, l\u2019\u00e9pop\u00e9e, le mime, la com\u00e9die, la trag\u00e9die, les r\u00e9cits de voyage, la fable mil\u00e9sienne, l\u2019\u00e9l\u00e9gie \u00e9rotique alexandrine, l\u2019histoire, la rh\u00e9torique, la litt\u00e9rature orales.<br \/>\n* le monde du roman et sa topique<br \/>\n* la r\u00e9ception du roman grec et latin : sa transmission, sa red\u00e9couverte, traductions et \u00e9ditions, son influence sur le roman byzantin, dans la litt\u00e9rature du Moyen \u00c2ge jusqu\u2019\u00e0 nos jours, mais aussi dans la musique, les arts figur\u00e9s, le cin\u00e9ma. Dans la tradition de pluridisciplinarit\u00e9 des travaux du Centre de recherches Andr\u00e9 Piganiol, on attend des contributions de sp\u00e9cialistes venant de diff\u00e9rents horizons universitaires.<\/p>\n<p>&#8211; 15-16 d\u00e9cembre 2006, Bruxelles (B) : Journ\u00e9es d\u2019\u00e9tudes sur les instruments de travail des humanistes Langue, livres, Livre, Mus\u00e9e de la Maison d\u2019Erasme.<\/p>\n","protected":false},"excerpt":{"rendered":"<p>Liste des colloques organis\u00e9s en 2006 \u00e0 propos du latin m\u00e9di\u00e9val et du n\u00e9o-latin. &#8211; 3 mars 2006, Bordeaux : Journ\u00e9e Lire Aristote au Moyen \u00c2ge et \u00e0 la Renaissance : r\u00e9ception du Trait\u00e9 sur la g\u00e9n\u00e9ration et la corruption, &hellip; <a href=\"https:\/\/www.semen-l.org\/?p=1268\">Continuer la lecture <span class=\"meta-nav\">&rarr;<\/span><\/a><\/p>\n","protected":false},"author":26,"featured_media":953,"comment_status":"open","ping_status":"open","sticky":false,"template":"","format":"standard","meta":{"footnotes":""},"categories":[4],"tags":[1489,302,1346,1478,852,83,72,1484,1268,1207,284,1495,1265,31,827,1486,1488,1481,1497,1060,1483,1187,144,1499,1465,23,1479,1482,1500,1496,1487,1498,16,1501,1493,1492,1333,1490,1494,1491,423,1480,43,1462,183,53,448,286,371,114,467],"class_list":["post-1268","post","type-post","status-publish","format-standard","has-post-thumbnail","hentry","category-colloques","tag-analepse","tag-aristote","tag-bible","tag-byzance","tag-cardano-girolamo","tag-ciceron","tag-comedie","tag-debut","tag-dedicace","tag-education","tag-elegie","tag-epilogue","tag-epopee","tag-erasme","tag-erotique","tag-exorde","tag-exposition","tag-fable-milesienne","tag-facastoro-girolamo","tag-galien","tag-grece","tag-histoire","tag-humanisme","tag-invective-contra-medicum-contre-un-medecin-petrarque","tag-jules-cesar","tag-medecine","tag-mime","tag-orature","tag-panetius","tag-paratexte","tag-peroraison","tag-petit-pierre","tag-petrarque","tag-polybe","tag-postface","tag-preface","tag-prince","tag-prolepse","tag-prologue","tag-prophetie","tag-rabelais-francois","tag-recit-de-voyage","tag-rhetorique","tag-roman","tag-satire","tag-jules-cesar-scaliger","tag-sur-la-generation-et-la-corruption","tag-theologie","tag-traduction","tag-tragedie","tag-tyran"],"yoast_head":"<!-- This site is optimized with the Yoast SEO plugin v27.5 - https:\/\/yoast.com\/product\/yoast-seo-wordpress\/ -->\n<title>Colloques 2006 - Soci\u00e9t\u00e9 d&#039;\u00c9tudes M\u00e9dio Et N\u00e9o-Latines<\/title>\n<meta name=\"description\" content=\"Liste des colloques organis\u00e9s en 2006 dans les universit\u00e9s et \u00e9coles \u00e0 propos du latin m\u00e9di\u00e9val et du n\u00e9o-latin.\" \/>\n<meta name=\"robots\" content=\"index, follow, max-snippet:-1, max-image-preview:large, max-video-preview:-1\" \/>\n<link rel=\"canonical\" href=\"https:\/\/www.semen-l.org\/?p=1268\" \/>\n<meta property=\"og:locale\" content=\"fr_FR\" \/>\n<meta property=\"og:type\" content=\"article\" \/>\n<meta property=\"og:title\" content=\"Colloques 2006 - Soci\u00e9t\u00e9 d&#039;\u00c9tudes M\u00e9dio Et N\u00e9o-Latines\" \/>\n<meta property=\"og:description\" content=\"Liste des colloques organis\u00e9s en 2006 dans les universit\u00e9s et \u00e9coles \u00e0 propos du latin m\u00e9di\u00e9val et du n\u00e9o-latin.\" \/>\n<meta property=\"og:url\" content=\"https:\/\/www.semen-l.org\/?p=1268\" \/>\n<meta property=\"og:site_name\" content=\"Soci\u00e9t\u00e9 d&#039;\u00c9tudes M\u00e9dio Et N\u00e9o-Latines\" \/>\n<meta property=\"article:publisher\" content=\"https:\/\/www.facebook.com\/SEMENL2018\" \/>\n<meta property=\"article:published_time\" content=\"2006-11-23T01:43:56+00:00\" \/>\n<meta property=\"article:modified_time\" content=\"2020-11-23T01:49:52+00:00\" \/>\n<meta property=\"og:image\" content=\"https:\/\/www.semen-l.org\/wp-content\/uploads\/2018\/10\/colloque-nu.jpg\" \/>\n\t<meta property=\"og:image:width\" content=\"559\" \/>\n\t<meta property=\"og:image:height\" content=\"494\" \/>\n\t<meta property=\"og:image:type\" content=\"image\/jpeg\" \/>\n<meta name=\"author\" content=\"Julien Maudoux\" \/>\n<meta name=\"twitter:card\" content=\"summary_large_image\" \/>\n<meta name=\"twitter:label1\" content=\"\u00c9crit par\" \/>\n\t<meta name=\"twitter:data1\" content=\"Julien Maudoux\" \/>\n\t<meta name=\"twitter:label2\" content=\"Dur\u00e9e de lecture estim\u00e9e\" \/>\n\t<meta name=\"twitter:data2\" content=\"7 minutes\" \/>\n<script type=\"application\/ld+json\" class=\"yoast-schema-graph\">{\"@context\":\"https:\\\/\\\/schema.org\",\"@graph\":[{\"@type\":\"Article\",\"@id\":\"https:\\\/\\\/www.semen-l.org\\\/?p=1268#article\",\"isPartOf\":{\"@id\":\"https:\\\/\\\/www.semen-l.org\\\/?p=1268\"},\"author\":{\"name\":\"Julien Maudoux\",\"@id\":\"http:\\\/\\\/www.semen-l.org\\\/#\\\/schema\\\/person\\\/ef5208815f17666727763c5363a51344\"},\"headline\":\"Colloques 2006\",\"datePublished\":\"2006-11-23T01:43:56+00:00\",\"dateModified\":\"2020-11-23T01:49:52+00:00\",\"mainEntityOfPage\":{\"@id\":\"https:\\\/\\\/www.semen-l.org\\\/?p=1268\"},\"wordCount\":1494,\"commentCount\":0,\"publisher\":{\"@id\":\"http:\\\/\\\/www.semen-l.org\\\/#organization\"},\"image\":{\"@id\":\"https:\\\/\\\/www.semen-l.org\\\/?p=1268#primaryimage\"},\"thumbnailUrl\":\"https:\\\/\\\/www.semen-l.org\\\/wp-content\\\/uploads\\\/2018\\\/10\\\/colloque-nu.jpg\",\"keywords\":[\"analepse\",\"Aristote\",\"Bible\",\"Byzance\",\"Cardano (Girolamo)\",\"Cic\u00e9ron\",\"com\u00e9die\",\"d\u00e9but\",\"d\u00e9dicace\",\"\u00e9ducation\",\"\u00e9l\u00e9gie\",\"\u00e9pilogue\",\"\u00e9pop\u00e9e\",\"\u00c9rasme\",\"\u00e9rotique\",\"exorde\",\"exposition\",\"fable mil\u00e9sienne\",\"Facastoro (Girolamo)\",\"Galien\",\"Gr\u00e8ce\",\"histoire\",\"humanisme\",\"Invective contra medicum (Contre un m\u00e9decin-P\u00e9trarque)\",\"Jules C\u00e9sar\",\"m\u00e9decine\",\"mime\",\"orature\",\"Pan\u00e9tios de Rhodes\",\"paratexte\",\"p\u00e9roraison\",\"Petit (Pierre)\",\"P\u00e9trarque\",\"Polybe\",\"postface\",\"pr\u00e9face\",\"prince\",\"prolepse\",\"prologue\",\"proph\u00e9tie\",\"Rabelais (Fran\u00e7ois)\",\"r\u00e9cit de voyage\",\"rh\u00e9torique\",\"roman\",\"satire\",\"Scaliger (Jules-C\u00e9sar)\",\"Sur la g\u00e9n\u00e9ration et la corruption\",\"th\u00e9ologie\",\"traduction\",\"trag\u00e9die\",\"tyran\"],\"articleSection\":[\"Colloques\"],\"inLanguage\":\"fr-FR\",\"potentialAction\":[{\"@type\":\"CommentAction\",\"name\":\"Comment\",\"target\":[\"https:\\\/\\\/www.semen-l.org\\\/?p=1268#respond\"]}]},{\"@type\":\"WebPage\",\"@id\":\"https:\\\/\\\/www.semen-l.org\\\/?p=1268\",\"url\":\"https:\\\/\\\/www.semen-l.org\\\/?p=1268\",\"name\":\"Colloques 2006 - Soci\u00e9t\u00e9 d&#039;\u00c9tudes M\u00e9dio Et N\u00e9o-Latines\",\"isPartOf\":{\"@id\":\"http:\\\/\\\/www.semen-l.org\\\/#website\"},\"primaryImageOfPage\":{\"@id\":\"https:\\\/\\\/www.semen-l.org\\\/?p=1268#primaryimage\"},\"image\":{\"@id\":\"https:\\\/\\\/www.semen-l.org\\\/?p=1268#primaryimage\"},\"thumbnailUrl\":\"https:\\\/\\\/www.semen-l.org\\\/wp-content\\\/uploads\\\/2018\\\/10\\\/colloque-nu.jpg\",\"datePublished\":\"2006-11-23T01:43:56+00:00\",\"dateModified\":\"2020-11-23T01:49:52+00:00\",\"description\":\"Liste des colloques organis\u00e9s en 2006 dans les universit\u00e9s et \u00e9coles \u00e0 propos du latin m\u00e9di\u00e9val et du n\u00e9o-latin.\",\"breadcrumb\":{\"@id\":\"https:\\\/\\\/www.semen-l.org\\\/?p=1268#breadcrumb\"},\"inLanguage\":\"fr-FR\",\"potentialAction\":[{\"@type\":\"ReadAction\",\"target\":[\"https:\\\/\\\/www.semen-l.org\\\/?p=1268\"]}]},{\"@type\":\"ImageObject\",\"inLanguage\":\"fr-FR\",\"@id\":\"https:\\\/\\\/www.semen-l.org\\\/?p=1268#primaryimage\",\"url\":\"https:\\\/\\\/www.semen-l.org\\\/wp-content\\\/uploads\\\/2018\\\/10\\\/colloque-nu.jpg\",\"contentUrl\":\"https:\\\/\\\/www.semen-l.org\\\/wp-content\\\/uploads\\\/2018\\\/10\\\/colloque-nu.jpg\",\"width\":559,\"height\":494},{\"@type\":\"BreadcrumbList\",\"@id\":\"https:\\\/\\\/www.semen-l.org\\\/?p=1268#breadcrumb\",\"itemListElement\":[{\"@type\":\"ListItem\",\"position\":1,\"name\":\"Accueil\",\"item\":\"http:\\\/\\\/www.semen-l.org\\\/\"},{\"@type\":\"ListItem\",\"position\":2,\"name\":\"Colloques 2006\"}]},{\"@type\":\"WebSite\",\"@id\":\"http:\\\/\\\/www.semen-l.org\\\/#website\",\"url\":\"http:\\\/\\\/www.semen-l.org\\\/\",\"name\":\"Soci\u00e9t\u00e9 d'\u00c9tudes M\u00e9dio Et N\u00e9o-Latines\",\"description\":\"\",\"publisher\":{\"@id\":\"http:\\\/\\\/www.semen-l.org\\\/#organization\"},\"potentialAction\":[{\"@type\":\"SearchAction\",\"target\":{\"@type\":\"EntryPoint\",\"urlTemplate\":\"http:\\\/\\\/www.semen-l.org\\\/?s={search_term_string}\"},\"query-input\":{\"@type\":\"PropertyValueSpecification\",\"valueRequired\":true,\"valueName\":\"search_term_string\"}}],\"inLanguage\":\"fr-FR\"},{\"@type\":\"Organization\",\"@id\":\"http:\\\/\\\/www.semen-l.org\\\/#organization\",\"name\":\"Soci\u00e9t\u00e9 d'\u00e9tudes m\u00e9dio et n\u00e9o-latines\",\"url\":\"http:\\\/\\\/www.semen-l.org\\\/\",\"logo\":{\"@type\":\"ImageObject\",\"inLanguage\":\"fr-FR\",\"@id\":\"http:\\\/\\\/www.semen-l.org\\\/#\\\/schema\\\/logo\\\/image\\\/\",\"url\":\"http:\\\/\\\/www.semen-l.org\\\/wp-content\\\/uploads\\\/2020\\\/11\\\/logo-semenl.jpg\",\"contentUrl\":\"http:\\\/\\\/www.semen-l.org\\\/wp-content\\\/uploads\\\/2020\\\/11\\\/logo-semenl.jpg\",\"width\":408,\"height\":403,\"caption\":\"Soci\u00e9t\u00e9 d'\u00e9tudes m\u00e9dio et n\u00e9o-latines\"},\"image\":{\"@id\":\"http:\\\/\\\/www.semen-l.org\\\/#\\\/schema\\\/logo\\\/image\\\/\"},\"sameAs\":[\"https:\\\/\\\/www.facebook.com\\\/SEMENL2018\",\"https:\\\/\\\/independent.academia.edu\\\/SocitsdtudesmdioetnolatinesSEMENL\"]},{\"@type\":\"Person\",\"@id\":\"http:\\\/\\\/www.semen-l.org\\\/#\\\/schema\\\/person\\\/ef5208815f17666727763c5363a51344\",\"name\":\"Julien Maudoux\",\"image\":{\"@type\":\"ImageObject\",\"inLanguage\":\"fr-FR\",\"@id\":\"https:\\\/\\\/secure.gravatar.com\\\/avatar\\\/caabf4fb6242e2277733cd35a5c2aa083761ea25dae1d1ff3298b54292225292?s=96&d=mm&r=g\",\"url\":\"https:\\\/\\\/secure.gravatar.com\\\/avatar\\\/caabf4fb6242e2277733cd35a5c2aa083761ea25dae1d1ff3298b54292225292?s=96&d=mm&r=g\",\"contentUrl\":\"https:\\\/\\\/secure.gravatar.com\\\/avatar\\\/caabf4fb6242e2277733cd35a5c2aa083761ea25dae1d1ff3298b54292225292?s=96&d=mm&r=g\",\"caption\":\"Julien Maudoux\"},\"description\":\"Webmestre du site de la SEMEN-L\",\"url\":\"https:\\\/\\\/www.semen-l.org\\\/?author=26\"}]}<\/script>\n<!-- \/ Yoast SEO plugin. -->","yoast_head_json":{"title":"Colloques 2006 - Soci\u00e9t\u00e9 d&#039;\u00c9tudes M\u00e9dio Et N\u00e9o-Latines","description":"Liste des colloques organis\u00e9s en 2006 dans les universit\u00e9s et \u00e9coles \u00e0 propos du latin m\u00e9di\u00e9val et du n\u00e9o-latin.","robots":{"index":"index","follow":"follow","max-snippet":"max-snippet:-1","max-image-preview":"max-image-preview:large","max-video-preview":"max-video-preview:-1"},"canonical":"https:\/\/www.semen-l.org\/?p=1268","og_locale":"fr_FR","og_type":"article","og_title":"Colloques 2006 - Soci\u00e9t\u00e9 d&#039;\u00c9tudes M\u00e9dio Et N\u00e9o-Latines","og_description":"Liste des colloques organis\u00e9s en 2006 dans les universit\u00e9s et \u00e9coles \u00e0 propos du latin m\u00e9di\u00e9val et du n\u00e9o-latin.","og_url":"https:\/\/www.semen-l.org\/?p=1268","og_site_name":"Soci\u00e9t\u00e9 d&#039;\u00c9tudes M\u00e9dio Et N\u00e9o-Latines","article_publisher":"https:\/\/www.facebook.com\/SEMENL2018","article_published_time":"2006-11-23T01:43:56+00:00","article_modified_time":"2020-11-23T01:49:52+00:00","og_image":[{"width":559,"height":494,"url":"https:\/\/www.semen-l.org\/wp-content\/uploads\/2018\/10\/colloque-nu.jpg","type":"image\/jpeg"}],"author":"Julien Maudoux","twitter_card":"summary_large_image","twitter_misc":{"\u00c9crit par":"Julien Maudoux","Dur\u00e9e de lecture estim\u00e9e":"7 minutes"},"schema":{"@context":"https:\/\/schema.org","@graph":[{"@type":"Article","@id":"https:\/\/www.semen-l.org\/?p=1268#article","isPartOf":{"@id":"https:\/\/www.semen-l.org\/?p=1268"},"author":{"name":"Julien Maudoux","@id":"http:\/\/www.semen-l.org\/#\/schema\/person\/ef5208815f17666727763c5363a51344"},"headline":"Colloques 2006","datePublished":"2006-11-23T01:43:56+00:00","dateModified":"2020-11-23T01:49:52+00:00","mainEntityOfPage":{"@id":"https:\/\/www.semen-l.org\/?p=1268"},"wordCount":1494,"commentCount":0,"publisher":{"@id":"http:\/\/www.semen-l.org\/#organization"},"image":{"@id":"https:\/\/www.semen-l.org\/?p=1268#primaryimage"},"thumbnailUrl":"https:\/\/www.semen-l.org\/wp-content\/uploads\/2018\/10\/colloque-nu.jpg","keywords":["analepse","Aristote","Bible","Byzance","Cardano (Girolamo)","Cic\u00e9ron","com\u00e9die","d\u00e9but","d\u00e9dicace","\u00e9ducation","\u00e9l\u00e9gie","\u00e9pilogue","\u00e9pop\u00e9e","\u00c9rasme","\u00e9rotique","exorde","exposition","fable mil\u00e9sienne","Facastoro (Girolamo)","Galien","Gr\u00e8ce","histoire","humanisme","Invective contra medicum (Contre un m\u00e9decin-P\u00e9trarque)","Jules C\u00e9sar","m\u00e9decine","mime","orature","Pan\u00e9tios de Rhodes","paratexte","p\u00e9roraison","Petit (Pierre)","P\u00e9trarque","Polybe","postface","pr\u00e9face","prince","prolepse","prologue","proph\u00e9tie","Rabelais (Fran\u00e7ois)","r\u00e9cit de voyage","rh\u00e9torique","roman","satire","Scaliger (Jules-C\u00e9sar)","Sur la g\u00e9n\u00e9ration et la corruption","th\u00e9ologie","traduction","trag\u00e9die","tyran"],"articleSection":["Colloques"],"inLanguage":"fr-FR","potentialAction":[{"@type":"CommentAction","name":"Comment","target":["https:\/\/www.semen-l.org\/?p=1268#respond"]}]},{"@type":"WebPage","@id":"https:\/\/www.semen-l.org\/?p=1268","url":"https:\/\/www.semen-l.org\/?p=1268","name":"Colloques 2006 - Soci\u00e9t\u00e9 d&#039;\u00c9tudes M\u00e9dio Et N\u00e9o-Latines","isPartOf":{"@id":"http:\/\/www.semen-l.org\/#website"},"primaryImageOfPage":{"@id":"https:\/\/www.semen-l.org\/?p=1268#primaryimage"},"image":{"@id":"https:\/\/www.semen-l.org\/?p=1268#primaryimage"},"thumbnailUrl":"https:\/\/www.semen-l.org\/wp-content\/uploads\/2018\/10\/colloque-nu.jpg","datePublished":"2006-11-23T01:43:56+00:00","dateModified":"2020-11-23T01:49:52+00:00","description":"Liste des colloques organis\u00e9s en 2006 dans les universit\u00e9s et \u00e9coles \u00e0 propos du latin m\u00e9di\u00e9val et du n\u00e9o-latin.","breadcrumb":{"@id":"https:\/\/www.semen-l.org\/?p=1268#breadcrumb"},"inLanguage":"fr-FR","potentialAction":[{"@type":"ReadAction","target":["https:\/\/www.semen-l.org\/?p=1268"]}]},{"@type":"ImageObject","inLanguage":"fr-FR","@id":"https:\/\/www.semen-l.org\/?p=1268#primaryimage","url":"https:\/\/www.semen-l.org\/wp-content\/uploads\/2018\/10\/colloque-nu.jpg","contentUrl":"https:\/\/www.semen-l.org\/wp-content\/uploads\/2018\/10\/colloque-nu.jpg","width":559,"height":494},{"@type":"BreadcrumbList","@id":"https:\/\/www.semen-l.org\/?p=1268#breadcrumb","itemListElement":[{"@type":"ListItem","position":1,"name":"Accueil","item":"http:\/\/www.semen-l.org\/"},{"@type":"ListItem","position":2,"name":"Colloques 2006"}]},{"@type":"WebSite","@id":"http:\/\/www.semen-l.org\/#website","url":"http:\/\/www.semen-l.org\/","name":"Soci\u00e9t\u00e9 d'\u00c9tudes M\u00e9dio Et N\u00e9o-Latines","description":"","publisher":{"@id":"http:\/\/www.semen-l.org\/#organization"},"potentialAction":[{"@type":"SearchAction","target":{"@type":"EntryPoint","urlTemplate":"http:\/\/www.semen-l.org\/?s={search_term_string}"},"query-input":{"@type":"PropertyValueSpecification","valueRequired":true,"valueName":"search_term_string"}}],"inLanguage":"fr-FR"},{"@type":"Organization","@id":"http:\/\/www.semen-l.org\/#organization","name":"Soci\u00e9t\u00e9 d'\u00e9tudes m\u00e9dio et n\u00e9o-latines","url":"http:\/\/www.semen-l.org\/","logo":{"@type":"ImageObject","inLanguage":"fr-FR","@id":"http:\/\/www.semen-l.org\/#\/schema\/logo\/image\/","url":"http:\/\/www.semen-l.org\/wp-content\/uploads\/2020\/11\/logo-semenl.jpg","contentUrl":"http:\/\/www.semen-l.org\/wp-content\/uploads\/2020\/11\/logo-semenl.jpg","width":408,"height":403,"caption":"Soci\u00e9t\u00e9 d'\u00e9tudes m\u00e9dio et n\u00e9o-latines"},"image":{"@id":"http:\/\/www.semen-l.org\/#\/schema\/logo\/image\/"},"sameAs":["https:\/\/www.facebook.com\/SEMENL2018","https:\/\/independent.academia.edu\/SocitsdtudesmdioetnolatinesSEMENL"]},{"@type":"Person","@id":"http:\/\/www.semen-l.org\/#\/schema\/person\/ef5208815f17666727763c5363a51344","name":"Julien Maudoux","image":{"@type":"ImageObject","inLanguage":"fr-FR","@id":"https:\/\/secure.gravatar.com\/avatar\/caabf4fb6242e2277733cd35a5c2aa083761ea25dae1d1ff3298b54292225292?s=96&d=mm&r=g","url":"https:\/\/secure.gravatar.com\/avatar\/caabf4fb6242e2277733cd35a5c2aa083761ea25dae1d1ff3298b54292225292?s=96&d=mm&r=g","contentUrl":"https:\/\/secure.gravatar.com\/avatar\/caabf4fb6242e2277733cd35a5c2aa083761ea25dae1d1ff3298b54292225292?s=96&d=mm&r=g","caption":"Julien Maudoux"},"description":"Webmestre du site de la SEMEN-L","url":"https:\/\/www.semen-l.org\/?author=26"}]}},"jetpack_featured_media_url":"https:\/\/www.semen-l.org\/wp-content\/uploads\/2018\/10\/colloque-nu.jpg","_links":{"self":[{"href":"https:\/\/www.semen-l.org\/index.php?rest_route=\/wp\/v2\/posts\/1268","targetHints":{"allow":["GET"]}}],"collection":[{"href":"https:\/\/www.semen-l.org\/index.php?rest_route=\/wp\/v2\/posts"}],"about":[{"href":"https:\/\/www.semen-l.org\/index.php?rest_route=\/wp\/v2\/types\/post"}],"author":[{"embeddable":true,"href":"https:\/\/www.semen-l.org\/index.php?rest_route=\/wp\/v2\/users\/26"}],"replies":[{"embeddable":true,"href":"https:\/\/www.semen-l.org\/index.php?rest_route=%2Fwp%2Fv2%2Fcomments&post=1268"}],"version-history":[{"count":0,"href":"https:\/\/www.semen-l.org\/index.php?rest_route=\/wp\/v2\/posts\/1268\/revisions"}],"wp:featuredmedia":[{"embeddable":true,"href":"https:\/\/www.semen-l.org\/index.php?rest_route=\/wp\/v2\/media\/953"}],"wp:attachment":[{"href":"https:\/\/www.semen-l.org\/index.php?rest_route=%2Fwp%2Fv2%2Fmedia&parent=1268"}],"wp:term":[{"taxonomy":"category","embeddable":true,"href":"https:\/\/www.semen-l.org\/index.php?rest_route=%2Fwp%2Fv2%2Fcategories&post=1268"},{"taxonomy":"post_tag","embeddable":true,"href":"https:\/\/www.semen-l.org\/index.php?rest_route=%2Fwp%2Fv2%2Ftags&post=1268"}],"curies":[{"name":"wp","href":"https:\/\/api.w.org\/{rel}","templated":true}]}}