{"id":1266,"date":"2005-11-23T01:34:59","date_gmt":"2005-11-23T01:34:59","guid":{"rendered":"http:\/\/www.semen-l.org\/?p=1266"},"modified":"2020-11-23T03:13:58","modified_gmt":"2020-11-23T03:13:58","slug":"colloques-2005","status":"publish","type":"post","link":"https:\/\/www.semen-l.org\/?p=1266","title":{"rendered":"Colloques 2005"},"content":{"rendered":"<p>Liste des colloques organis\u00e9s \u00e0 propos du latin m\u00e9di\u00e9val et du n\u00e9o-latin en 2005.<\/p>\n<p>&#8211; 19 F\u00e9vrier 2005, Paris : La lettre comme miroir de l\u2019amiti\u00e9 dans l\u2019Antiquit\u00e9, au Moyen-\u00c2ge et \u00e0 la Renaissance, Journ\u00e9e d\u2019\u00e9tudes n\u00b01 organis\u00e9e par l\u2019Equipe \u00ab Traditions romaines \u00bb, resp. P. Galandhallyn et C. L\u00e9vy.<\/p>\n<p>&#8211; 12 mars 2005, Paris : Le fondement de la \u00ab soci\u00e9t\u00e9 des amis \u00bb dans l\u2019Antiquit\u00e9 et \u00e0 la Renaissance : savoir et plaisir, Journ\u00e9e d\u2019\u00e9tudes n\u00b02 organis\u00e9e par l\u2019Equipe \u00ab Traditions romaines \u00bb, resp. P. Galand-hallyn et C. L\u00e9vy.<\/p>\n<p>&#8211; 25-26 mars 2005, Paris : Certitude et incertitude \u00e0 la Renaissance, Sorbonne, org. Marie-Th\u00e9r\u00e8se Jones-Davies, appel \u00e0 communication \/ rens. : M.-Th. Jones-Davies.<\/p>\n<p>&#8211; 6-7 avril 2005, Florence : I conti con Petrarca, voir le site: http:\/\/www.unifi.it\/eventi\/franciscus\/index.htm .<\/p>\n<p>&#8211; 12-14 avril 2005, Clermont-Ferrand : Les mythes classiques dans la litt\u00e9rature n\u00e9o-latine, colloque de la S.F.E.N.L., en hommage \u00e0 M. et Mme Guy et Genevi\u00e8ve Demerson. Il reste possible de proposer un sujet touchant au th\u00e8me de ses propres recherches. Titres des communications \u00e0 envoyer avant le 1er d\u00e9cembre 2004.<\/p>\n<p>&#8211; 15 avril 2005 (9h-17h30), Paris : Journ\u00e9e d\u2019\u00e9tudes \u00c9l\u00e9ments naturels, paysage et subjectivit\u00e9 dans le monde hispanique de la premi\u00e8re modernit\u00e9, \u00c9cole Nationale des Chartes (Grande Salle), org. Dominique de Courcelles, Centre National de la Recherche Scientifique (UMR 5037- CERPHI)- Coll\u00e8ge International de Philosophie.<\/p>\n<p>&#8211; 14 mai 2005, Paris : L\u2019amicitia dans l\u2019Antiquit\u00e9 et \u00e0 la Renaissance: codes sociaux et politiques, Journ\u00e9e d\u2019\u00e9tudes n\u00b03 organis\u00e9e par l\u2019Equipe \u00ab Traditions romaines \u00bb, resp. P. Galand-hallyn et C. L\u00e9vy. <\/p>\n<p>&#8211; 20-21 mai 2005, Tours : Humanisme et \u00e9vang\u00e9lisme entre R\u00e9forme et Contre- R\u00e9forme: Antonio Brucioli, CESR, org. E. Boillet, Rens. : http:\/\/www.cesr.univ-tours.fr .<\/p>\n<p>&#8211; 26-28 mai 2005, Tours : Vie philosophique et Vies de philosophes, CESR, org. B. Cl\u00e9ment et C. Trottmann, Rens. : http:\/\/www.cesr.univ-tours.fr .<\/p>\n<p>&#8211; 10-11 juin 2005, Saluzzo (I) : Griselda : un mito per l\u2019Europa, Castello della Manta.<\/p>\n<p>&#8211; 11 juin 2005, Paris : Th\u00e9ories humanistes sur le lyrisme : lectures fran\u00e7aises et latines d\u2019Horace \u00e0 la Renaissance, Journ\u00e9e d\u2019\u00e9tudes n\u00b04, organis\u00e9e par le Centre Politien, l\u2019\u00e9quipe \u00ab Traditions romaines \u00bb de Paris IV et l\u2019\u00e9quipe \u00ab Traditions Antiques et Modernit\u00e9s \u00bb (TAM) de Paris VII.<\/p>\n<p>&#8211; 18 juin 2005, Paris : Autour du De amicitia de Cic\u00e9ron, journ\u00e9e d\u2019\u00e9tudes n\u00b05, organis\u00e9e par le Centre Pierre Boyanc\u00e9 (Equipe \u00ab Traditions romaines \u00bb de Paris IV).<\/p>\n<p>&#8211; 24-25 juin 2005, Lyon : La d\u00e9nomination des savoirs en fran\u00e7ais pr\u00e9classique (1500-1650), CELL ISH, U. de Lyon II, resp. Marthe Paquant, Volker Mecking, Philippe Selosse.<\/p>\n<p>&#8211; 26-29 juin 2005, Genga (I) : XVIe Seminario di alta cultura La Georgica dall\u2019antichit\u00e0 all\u2019umanesimo.<\/p>\n<p>&#8211; 27 juin-1er juillet 2005, Tours : XLVIIIe Colloque International d\u2019Etudes Humanistes Les machines \u00e0 la Renaissance, CESR, org. P. Brioist.<\/p>\n<p>&#8211; 29 juin-2 juillet 2005, Fabriano-Sassoferrato (I), XXVIe Congresso internazionale di studi umanistici (con la celebrazione del centenario di Gentile da Fabriano), rens. : J.-L. Charlet.<\/p>\n<p>&#8211; 18-21 juillet 2005, Chianciano-Pienza : colloque sur Enea Silvio Piccolomini, Pio II umanista europeo, Istituto di Studi Umanistici Francesco Petrarca. Org. Luisa Secchi Tarugi.<br \/>\n&#8211; 31 ao\u00fbt &#8211; 4 septembre 2005, Debrecen (Hongrie) : Hercules neolatinus : compita culturarum humanitatumque in mundo neolatino.<\/p>\n<p>&#8211; 8, 9 et 10 Septembre 2005 (dates pr\u00e9vues), Lyon : L\u2019\u00e9nigmatique \u00e0 la Renaissance: formes, significations, esth\u00e9tique, colloque organis\u00e9 par l\u2019Association Renaissance, Humanisme, R\u00e9forme (RHR). Esquisse de la probl\u00e9matique : Il para\u00eet souhaitable d\u2019ouvrir un champ d\u2019investigations tr\u00e8s large, et surtout \u00e9tranger aux d\u00e9marcations traditionnelles entre disciplines (car la question a trait \u00e0 la philosophie et \u00e0 l\u2019ex\u00e9g\u00e8se aussi bien qu\u2019\u00e0 la litt\u00e9rature et aux arts, aux savoirs et langages \u00e9sot\u00e9riques aussi bien qu\u2019aux jeux de soci\u00e9t\u00e9) mais selon une vis\u00e9e assez pr\u00e9cise pour que l\u2019objet ne devienne pas prot\u00e9iforme et finalement trop flou pour donner lieu \u00e0 une v\u00e9ritable recherche.<br \/>\nA cette fin, il est propos\u00e9 que, par convention, le colloque ait trait non pas \u00e0 ce qui est \u00e9nigmatique (car tout, ou presque, peut \u00eatre consid\u00e9r\u00e9 comme tel), mais \u00e0 ce qui est donn\u00e9 pour \u00e9nigmatique dans les oeuvres litt\u00e9raires, picturales, plastiques, philosophiques, th\u00e9ologiques ou scientifiques de la Renaissance, et dans les pratiques culturelles qui s\u2019y rapportent. A quoi pourrait \u00eatre ajout\u00e9 ce qui a \u00e9t\u00e9 notoirement tenu pour tel par le public de la m\u00eame \u00e9poque (du milieu du XVe au d\u00e9but du XVIIe si\u00e8cle) dans les oeuvres qui lui \u00e9taient alors pr\u00e9sent\u00e9es.<\/p>\n<p>&#8211; 9-11 septembre 2005, Cambridge : Annual Symposium of the Cambridge Society for Neo-Latin Studies: Pastoral in the novel, theatre, commentary, pedagogy, poetry, translation, court entertainments, Clare College, org. The Cambridge Society for Neo-Latin Studies.<\/p>\n<p>&#8211; 23 septembre 2005, Tours : Voir et expliquer les machines \u00e0 la Renaissance, CESR, org. J. Vons, Rens.: http:\/\/www.cesr.univ-tours.fr .<\/p>\n<p>&#8211; 21-23 septembre 2005, Metz : Le registre sapiential, colloque international, Universit\u00e9 de Metz., org. Jean-Fran\u00e7ois P. Bonnot, Sylvie Freyermuth.<\/p>\n<p>&#8211; 18 oct. 2005, Verona (Palazzo Giuliari) : Journ\u00e9e Fran\u00e7ois Secret &#8211; Les Muses secr\u00e8tes: Kabbale, alchimie et litt\u00e9rature \u00e0 la Renaissance, organis\u00e9 par le Gruppo di Studio sul Cinquecento Francese.<\/p>\n<p>&#8211; 3-4 nov. 2005, Paris (Paris XII et ENS-Ulm) : deux journ\u00e9es d&rsquo;\u00e9tudes sur La figure de M\u00e9d\u00e9e de l&rsquo;antiquit\u00e9 \u00e0 l&rsquo;\u00e9poque moderne, organis\u00e9es par C. Gu\u00e9rin, B. Cuny et A. Berra. La premi\u00e8re journ\u00e9e aura lieu le 3 novembre \u00e0 Paris XII, la seconde le 4 \u00e0 l&rsquo;ENS, rue d&rsquo;Ulm. Rens.: http:\/\/www.eleves.ens.fr\/home\/chguerin\/medee.html .<\/p>\n<p>&#8211; 17-18 nov. 2005, Nantes (salle du P\u00f4le \u00e9tudiant de la Facult\u00e9 des Lettres): Colloque La pens\u00e9e scientifique de Gerolamo Cardano, Universit\u00e9 de Nantes (Equipe \u00ab Modernit\u00e9 de l\u2019Antique \u00bb ; UFR Lettres et langages ; D\u00e9partement de Lettres anciennes), organis\u00e9 par Jean-Yves Boriaud.<\/p>\n<p>&#8211; 30 novembre-3 d\u00e9cembre 2005, Gand : Quintilien, antique et moderne, Universit\u00e9 de Gand, org. E. Bury, P. Galand-Hallyn, F. Goyet, F. Hallyn, C. L\u00e9vy.<\/p>\n<p>&#8211; 24-26 novembre 2005, Nancy : M\u00e9moire-R\u00e9cit-Histoire dans l\u2019Europe des XVIe et XVIIe si\u00e8cles, Universit\u00e9 de Nancy 2 (Equipe Romania), org. M. Miranda et M. Sol Ortola.<\/p>\n<p>&#8211; 2-3 d\u00e9cembre 2005, Paris : Colloque Entre Moyen \u00c2ge et Renaissance, Regards crois\u00e9s sur Jules C\u00e9sar, Universit\u00e9 de Paris VII (Equipe Traditions Antiques et Modernit\u00e9s), org. B. M\u00e9niel et B. Rib\u00e9mont.<\/p>\n","protected":false},"excerpt":{"rendered":"<p>Liste des colloques organis\u00e9s \u00e0 propos du latin m\u00e9di\u00e9val et du n\u00e9o-latin en 2005. &#8211; 19 F\u00e9vrier 2005, Paris : La lettre comme miroir de l\u2019amiti\u00e9 dans l\u2019Antiquit\u00e9, au Moyen-\u00c2ge et \u00e0 la Renaissance, Journ\u00e9e d\u2019\u00e9tudes n\u00b01 organis\u00e9e par l\u2019Equipe &hellip; <a href=\"https:\/\/www.semen-l.org\/?p=1266\">Continuer la lecture <span class=\"meta-nav\">&rarr;<\/span><\/a><\/p>\n","protected":false},"author":26,"featured_media":1201,"comment_status":"open","ping_status":"open","sticky":false,"template":"","format":"standard","meta":{"footnotes":""},"categories":[4],"tags":[1184,1473,852,83,1438,81,1474,770,1468,18,1381,1298,1409,1471,1472,1470,1187,52,144,1465,1466,1431,1467,111,1393,417,1421,1475,1208,16,139,875,26,264,418,27,1476,1296,371],"class_list":["post-1266","post","type-post","status-publish","format-standard","has-post-thumbnail","hentry","category-colloques","tag-alchimie","tag-amitie","tag-cardano-girolamo","tag-ciceron","tag-classicisme","tag-commentaire","tag-contre-reforme","tag-de-amicitia-ciceron","tag-enigme","tag-epistolaire","tag-espagne","tag-esthetique","tag-evangelisme","tag-georgique-genre","tag-griselda","tag-hercule","tag-histoire","tag-horace","tag-humanisme","tag-jules-cesar","tag-kabbale","tag-litterature","tag-machine","tag-medee","tag-memoire","tag-mythologie","tag-pastorale","tag-paysage","tag-pedagogie","tag-petrarque","tag-philosophie","tag-piccolomini-enea-silvio","tag-poesie","tag-poesie-lyrique","tag-politique","tag-science","tag-subjectivite","tag-theatre","tag-traduction"],"yoast_head":"<!-- This site is optimized with the Yoast SEO plugin v27.5 - https:\/\/yoast.com\/product\/yoast-seo-wordpress\/ -->\n<title>Colloques 2005 - Soci\u00e9t\u00e9 d&#039;\u00c9tudes M\u00e9dio Et N\u00e9o-Latines<\/title>\n<meta name=\"description\" content=\"Liste des colloques organis\u00e9s en 2005 en France dans les universit\u00e9s et \u00e9coles \u00e0 propos du latin m\u00e9di\u00e9val et du n\u00e9o-latin.\" \/>\n<meta name=\"robots\" content=\"index, follow, max-snippet:-1, max-image-preview:large, max-video-preview:-1\" \/>\n<link rel=\"canonical\" href=\"https:\/\/www.semen-l.org\/?p=1266\" \/>\n<meta property=\"og:locale\" content=\"fr_FR\" \/>\n<meta property=\"og:type\" content=\"article\" \/>\n<meta property=\"og:title\" content=\"Colloques 2005 - Soci\u00e9t\u00e9 d&#039;\u00c9tudes M\u00e9dio Et N\u00e9o-Latines\" \/>\n<meta property=\"og:description\" content=\"Liste des colloques organis\u00e9s en 2005 en France dans les universit\u00e9s et \u00e9coles \u00e0 propos du latin m\u00e9di\u00e9val et du n\u00e9o-latin.\" \/>\n<meta property=\"og:url\" content=\"https:\/\/www.semen-l.org\/?p=1266\" \/>\n<meta property=\"og:site_name\" content=\"Soci\u00e9t\u00e9 d&#039;\u00c9tudes M\u00e9dio Et N\u00e9o-Latines\" \/>\n<meta property=\"article:publisher\" content=\"https:\/\/www.facebook.com\/SEMENL2018\" \/>\n<meta property=\"article:published_time\" content=\"2005-11-23T01:34:59+00:00\" \/>\n<meta property=\"article:modified_time\" content=\"2020-11-23T03:13:58+00:00\" \/>\n<meta property=\"og:image\" content=\"https:\/\/www.semen-l.org\/wp-content\/uploads\/2020\/11\/ecole-athenes-categorie.jpg\" \/>\n\t<meta property=\"og:image:width\" content=\"1000\" \/>\n\t<meta property=\"og:image:height\" content=\"300\" \/>\n\t<meta property=\"og:image:type\" content=\"image\/jpeg\" \/>\n<meta name=\"author\" content=\"Julien Maudoux\" \/>\n<meta name=\"twitter:card\" content=\"summary_large_image\" \/>\n<meta name=\"twitter:label1\" content=\"\u00c9crit par\" \/>\n\t<meta name=\"twitter:data1\" content=\"Julien Maudoux\" \/>\n\t<meta name=\"twitter:label2\" content=\"Dur\u00e9e de lecture estim\u00e9e\" \/>\n\t<meta name=\"twitter:data2\" content=\"5 minutes\" \/>\n<script type=\"application\/ld+json\" class=\"yoast-schema-graph\">{\"@context\":\"https:\\\/\\\/schema.org\",\"@graph\":[{\"@type\":\"Article\",\"@id\":\"https:\\\/\\\/www.semen-l.org\\\/?p=1266#article\",\"isPartOf\":{\"@id\":\"https:\\\/\\\/www.semen-l.org\\\/?p=1266\"},\"author\":{\"name\":\"Julien Maudoux\",\"@id\":\"http:\\\/\\\/www.semen-l.org\\\/#\\\/schema\\\/person\\\/ef5208815f17666727763c5363a51344\"},\"headline\":\"Colloques 2005\",\"datePublished\":\"2005-11-23T01:34:59+00:00\",\"dateModified\":\"2020-11-23T03:13:58+00:00\",\"mainEntityOfPage\":{\"@id\":\"https:\\\/\\\/www.semen-l.org\\\/?p=1266\"},\"wordCount\":1056,\"commentCount\":0,\"publisher\":{\"@id\":\"http:\\\/\\\/www.semen-l.org\\\/#organization\"},\"image\":{\"@id\":\"https:\\\/\\\/www.semen-l.org\\\/?p=1266#primaryimage\"},\"thumbnailUrl\":\"https:\\\/\\\/www.semen-l.org\\\/wp-content\\\/uploads\\\/2020\\\/11\\\/ecole-athenes-categorie.jpg\",\"keywords\":[\"alchimie\",\"amiti\u00e9\",\"Cardano (Girolamo)\",\"Cic\u00e9ron\",\"classicisme\",\"commentaire\",\"contre-r\u00e9forme\",\"De amicitia (Cic\u00e9ron)\",\"\u00e9nigme\",\"\u00e9pistolaire\",\"Espagne\",\"esth\u00e9tique\",\"\u00e9vang\u00e9lisme\",\"g\u00e9orgique (genre)\",\"Griselda\",\"Hercule\",\"histoire\",\"Horace\",\"humanisme\",\"Jules C\u00e9sar\",\"kabbale\",\"litt\u00e9rature\",\"machine\",\"M\u00e9d\u00e9e\",\"m\u00e9moire\",\"mythologie\",\"pastorale\",\"paysage\",\"p\u00e9dagogie\",\"P\u00e9trarque\",\"philosophie\",\"Piccolomini (Enea Silvio)\",\"po\u00e9sie\",\"po\u00e9sie lyrique\",\"politique\",\"science\",\"subjectivit\u00e9\",\"th\u00e9\u00e2tre\",\"traduction\"],\"articleSection\":[\"Colloques\"],\"inLanguage\":\"fr-FR\",\"potentialAction\":[{\"@type\":\"CommentAction\",\"name\":\"Comment\",\"target\":[\"https:\\\/\\\/www.semen-l.org\\\/?p=1266#respond\"]}]},{\"@type\":\"WebPage\",\"@id\":\"https:\\\/\\\/www.semen-l.org\\\/?p=1266\",\"url\":\"https:\\\/\\\/www.semen-l.org\\\/?p=1266\",\"name\":\"Colloques 2005 - Soci\u00e9t\u00e9 d&#039;\u00c9tudes M\u00e9dio Et N\u00e9o-Latines\",\"isPartOf\":{\"@id\":\"http:\\\/\\\/www.semen-l.org\\\/#website\"},\"primaryImageOfPage\":{\"@id\":\"https:\\\/\\\/www.semen-l.org\\\/?p=1266#primaryimage\"},\"image\":{\"@id\":\"https:\\\/\\\/www.semen-l.org\\\/?p=1266#primaryimage\"},\"thumbnailUrl\":\"https:\\\/\\\/www.semen-l.org\\\/wp-content\\\/uploads\\\/2020\\\/11\\\/ecole-athenes-categorie.jpg\",\"datePublished\":\"2005-11-23T01:34:59+00:00\",\"dateModified\":\"2020-11-23T03:13:58+00:00\",\"description\":\"Liste des colloques organis\u00e9s en 2005 en France dans les universit\u00e9s et \u00e9coles \u00e0 propos du latin m\u00e9di\u00e9val et du n\u00e9o-latin.\",\"breadcrumb\":{\"@id\":\"https:\\\/\\\/www.semen-l.org\\\/?p=1266#breadcrumb\"},\"inLanguage\":\"fr-FR\",\"potentialAction\":[{\"@type\":\"ReadAction\",\"target\":[\"https:\\\/\\\/www.semen-l.org\\\/?p=1266\"]}]},{\"@type\":\"ImageObject\",\"inLanguage\":\"fr-FR\",\"@id\":\"https:\\\/\\\/www.semen-l.org\\\/?p=1266#primaryimage\",\"url\":\"https:\\\/\\\/www.semen-l.org\\\/wp-content\\\/uploads\\\/2020\\\/11\\\/ecole-athenes-categorie.jpg\",\"contentUrl\":\"https:\\\/\\\/www.semen-l.org\\\/wp-content\\\/uploads\\\/2020\\\/11\\\/ecole-athenes-categorie.jpg\",\"width\":1000,\"height\":300},{\"@type\":\"BreadcrumbList\",\"@id\":\"https:\\\/\\\/www.semen-l.org\\\/?p=1266#breadcrumb\",\"itemListElement\":[{\"@type\":\"ListItem\",\"position\":1,\"name\":\"Accueil\",\"item\":\"http:\\\/\\\/www.semen-l.org\\\/\"},{\"@type\":\"ListItem\",\"position\":2,\"name\":\"Colloques 2005\"}]},{\"@type\":\"WebSite\",\"@id\":\"http:\\\/\\\/www.semen-l.org\\\/#website\",\"url\":\"http:\\\/\\\/www.semen-l.org\\\/\",\"name\":\"Soci\u00e9t\u00e9 d'\u00c9tudes M\u00e9dio Et N\u00e9o-Latines\",\"description\":\"\",\"publisher\":{\"@id\":\"http:\\\/\\\/www.semen-l.org\\\/#organization\"},\"potentialAction\":[{\"@type\":\"SearchAction\",\"target\":{\"@type\":\"EntryPoint\",\"urlTemplate\":\"http:\\\/\\\/www.semen-l.org\\\/?s={search_term_string}\"},\"query-input\":{\"@type\":\"PropertyValueSpecification\",\"valueRequired\":true,\"valueName\":\"search_term_string\"}}],\"inLanguage\":\"fr-FR\"},{\"@type\":\"Organization\",\"@id\":\"http:\\\/\\\/www.semen-l.org\\\/#organization\",\"name\":\"Soci\u00e9t\u00e9 d'\u00e9tudes m\u00e9dio et n\u00e9o-latines\",\"url\":\"http:\\\/\\\/www.semen-l.org\\\/\",\"logo\":{\"@type\":\"ImageObject\",\"inLanguage\":\"fr-FR\",\"@id\":\"http:\\\/\\\/www.semen-l.org\\\/#\\\/schema\\\/logo\\\/image\\\/\",\"url\":\"http:\\\/\\\/www.semen-l.org\\\/wp-content\\\/uploads\\\/2020\\\/11\\\/logo-semenl.jpg\",\"contentUrl\":\"http:\\\/\\\/www.semen-l.org\\\/wp-content\\\/uploads\\\/2020\\\/11\\\/logo-semenl.jpg\",\"width\":408,\"height\":403,\"caption\":\"Soci\u00e9t\u00e9 d'\u00e9tudes m\u00e9dio et n\u00e9o-latines\"},\"image\":{\"@id\":\"http:\\\/\\\/www.semen-l.org\\\/#\\\/schema\\\/logo\\\/image\\\/\"},\"sameAs\":[\"https:\\\/\\\/www.facebook.com\\\/SEMENL2018\",\"https:\\\/\\\/independent.academia.edu\\\/SocitsdtudesmdioetnolatinesSEMENL\"]},{\"@type\":\"Person\",\"@id\":\"http:\\\/\\\/www.semen-l.org\\\/#\\\/schema\\\/person\\\/ef5208815f17666727763c5363a51344\",\"name\":\"Julien Maudoux\",\"image\":{\"@type\":\"ImageObject\",\"inLanguage\":\"fr-FR\",\"@id\":\"https:\\\/\\\/secure.gravatar.com\\\/avatar\\\/caabf4fb6242e2277733cd35a5c2aa083761ea25dae1d1ff3298b54292225292?s=96&d=mm&r=g\",\"url\":\"https:\\\/\\\/secure.gravatar.com\\\/avatar\\\/caabf4fb6242e2277733cd35a5c2aa083761ea25dae1d1ff3298b54292225292?s=96&d=mm&r=g\",\"contentUrl\":\"https:\\\/\\\/secure.gravatar.com\\\/avatar\\\/caabf4fb6242e2277733cd35a5c2aa083761ea25dae1d1ff3298b54292225292?s=96&d=mm&r=g\",\"caption\":\"Julien Maudoux\"},\"description\":\"Webmestre du site de la SEMEN-L\",\"url\":\"https:\\\/\\\/www.semen-l.org\\\/?author=26\"}]}<\/script>\n<!-- \/ Yoast SEO plugin. -->","yoast_head_json":{"title":"Colloques 2005 - Soci\u00e9t\u00e9 d&#039;\u00c9tudes M\u00e9dio Et N\u00e9o-Latines","description":"Liste des colloques organis\u00e9s en 2005 en France dans les universit\u00e9s et \u00e9coles \u00e0 propos du latin m\u00e9di\u00e9val et du n\u00e9o-latin.","robots":{"index":"index","follow":"follow","max-snippet":"max-snippet:-1","max-image-preview":"max-image-preview:large","max-video-preview":"max-video-preview:-1"},"canonical":"https:\/\/www.semen-l.org\/?p=1266","og_locale":"fr_FR","og_type":"article","og_title":"Colloques 2005 - Soci\u00e9t\u00e9 d&#039;\u00c9tudes M\u00e9dio Et N\u00e9o-Latines","og_description":"Liste des colloques organis\u00e9s en 2005 en France dans les universit\u00e9s et \u00e9coles \u00e0 propos du latin m\u00e9di\u00e9val et du n\u00e9o-latin.","og_url":"https:\/\/www.semen-l.org\/?p=1266","og_site_name":"Soci\u00e9t\u00e9 d&#039;\u00c9tudes M\u00e9dio Et N\u00e9o-Latines","article_publisher":"https:\/\/www.facebook.com\/SEMENL2018","article_published_time":"2005-11-23T01:34:59+00:00","article_modified_time":"2020-11-23T03:13:58+00:00","og_image":[{"width":1000,"height":300,"url":"https:\/\/www.semen-l.org\/wp-content\/uploads\/2020\/11\/ecole-athenes-categorie.jpg","type":"image\/jpeg"}],"author":"Julien Maudoux","twitter_card":"summary_large_image","twitter_misc":{"\u00c9crit par":"Julien Maudoux","Dur\u00e9e de lecture estim\u00e9e":"5 minutes"},"schema":{"@context":"https:\/\/schema.org","@graph":[{"@type":"Article","@id":"https:\/\/www.semen-l.org\/?p=1266#article","isPartOf":{"@id":"https:\/\/www.semen-l.org\/?p=1266"},"author":{"name":"Julien Maudoux","@id":"http:\/\/www.semen-l.org\/#\/schema\/person\/ef5208815f17666727763c5363a51344"},"headline":"Colloques 2005","datePublished":"2005-11-23T01:34:59+00:00","dateModified":"2020-11-23T03:13:58+00:00","mainEntityOfPage":{"@id":"https:\/\/www.semen-l.org\/?p=1266"},"wordCount":1056,"commentCount":0,"publisher":{"@id":"http:\/\/www.semen-l.org\/#organization"},"image":{"@id":"https:\/\/www.semen-l.org\/?p=1266#primaryimage"},"thumbnailUrl":"https:\/\/www.semen-l.org\/wp-content\/uploads\/2020\/11\/ecole-athenes-categorie.jpg","keywords":["alchimie","amiti\u00e9","Cardano (Girolamo)","Cic\u00e9ron","classicisme","commentaire","contre-r\u00e9forme","De amicitia (Cic\u00e9ron)","\u00e9nigme","\u00e9pistolaire","Espagne","esth\u00e9tique","\u00e9vang\u00e9lisme","g\u00e9orgique (genre)","Griselda","Hercule","histoire","Horace","humanisme","Jules C\u00e9sar","kabbale","litt\u00e9rature","machine","M\u00e9d\u00e9e","m\u00e9moire","mythologie","pastorale","paysage","p\u00e9dagogie","P\u00e9trarque","philosophie","Piccolomini (Enea Silvio)","po\u00e9sie","po\u00e9sie lyrique","politique","science","subjectivit\u00e9","th\u00e9\u00e2tre","traduction"],"articleSection":["Colloques"],"inLanguage":"fr-FR","potentialAction":[{"@type":"CommentAction","name":"Comment","target":["https:\/\/www.semen-l.org\/?p=1266#respond"]}]},{"@type":"WebPage","@id":"https:\/\/www.semen-l.org\/?p=1266","url":"https:\/\/www.semen-l.org\/?p=1266","name":"Colloques 2005 - Soci\u00e9t\u00e9 d&#039;\u00c9tudes M\u00e9dio Et N\u00e9o-Latines","isPartOf":{"@id":"http:\/\/www.semen-l.org\/#website"},"primaryImageOfPage":{"@id":"https:\/\/www.semen-l.org\/?p=1266#primaryimage"},"image":{"@id":"https:\/\/www.semen-l.org\/?p=1266#primaryimage"},"thumbnailUrl":"https:\/\/www.semen-l.org\/wp-content\/uploads\/2020\/11\/ecole-athenes-categorie.jpg","datePublished":"2005-11-23T01:34:59+00:00","dateModified":"2020-11-23T03:13:58+00:00","description":"Liste des colloques organis\u00e9s en 2005 en France dans les universit\u00e9s et \u00e9coles \u00e0 propos du latin m\u00e9di\u00e9val et du n\u00e9o-latin.","breadcrumb":{"@id":"https:\/\/www.semen-l.org\/?p=1266#breadcrumb"},"inLanguage":"fr-FR","potentialAction":[{"@type":"ReadAction","target":["https:\/\/www.semen-l.org\/?p=1266"]}]},{"@type":"ImageObject","inLanguage":"fr-FR","@id":"https:\/\/www.semen-l.org\/?p=1266#primaryimage","url":"https:\/\/www.semen-l.org\/wp-content\/uploads\/2020\/11\/ecole-athenes-categorie.jpg","contentUrl":"https:\/\/www.semen-l.org\/wp-content\/uploads\/2020\/11\/ecole-athenes-categorie.jpg","width":1000,"height":300},{"@type":"BreadcrumbList","@id":"https:\/\/www.semen-l.org\/?p=1266#breadcrumb","itemListElement":[{"@type":"ListItem","position":1,"name":"Accueil","item":"http:\/\/www.semen-l.org\/"},{"@type":"ListItem","position":2,"name":"Colloques 2005"}]},{"@type":"WebSite","@id":"http:\/\/www.semen-l.org\/#website","url":"http:\/\/www.semen-l.org\/","name":"Soci\u00e9t\u00e9 d'\u00c9tudes M\u00e9dio Et N\u00e9o-Latines","description":"","publisher":{"@id":"http:\/\/www.semen-l.org\/#organization"},"potentialAction":[{"@type":"SearchAction","target":{"@type":"EntryPoint","urlTemplate":"http:\/\/www.semen-l.org\/?s={search_term_string}"},"query-input":{"@type":"PropertyValueSpecification","valueRequired":true,"valueName":"search_term_string"}}],"inLanguage":"fr-FR"},{"@type":"Organization","@id":"http:\/\/www.semen-l.org\/#organization","name":"Soci\u00e9t\u00e9 d'\u00e9tudes m\u00e9dio et n\u00e9o-latines","url":"http:\/\/www.semen-l.org\/","logo":{"@type":"ImageObject","inLanguage":"fr-FR","@id":"http:\/\/www.semen-l.org\/#\/schema\/logo\/image\/","url":"http:\/\/www.semen-l.org\/wp-content\/uploads\/2020\/11\/logo-semenl.jpg","contentUrl":"http:\/\/www.semen-l.org\/wp-content\/uploads\/2020\/11\/logo-semenl.jpg","width":408,"height":403,"caption":"Soci\u00e9t\u00e9 d'\u00e9tudes m\u00e9dio et n\u00e9o-latines"},"image":{"@id":"http:\/\/www.semen-l.org\/#\/schema\/logo\/image\/"},"sameAs":["https:\/\/www.facebook.com\/SEMENL2018","https:\/\/independent.academia.edu\/SocitsdtudesmdioetnolatinesSEMENL"]},{"@type":"Person","@id":"http:\/\/www.semen-l.org\/#\/schema\/person\/ef5208815f17666727763c5363a51344","name":"Julien Maudoux","image":{"@type":"ImageObject","inLanguage":"fr-FR","@id":"https:\/\/secure.gravatar.com\/avatar\/caabf4fb6242e2277733cd35a5c2aa083761ea25dae1d1ff3298b54292225292?s=96&d=mm&r=g","url":"https:\/\/secure.gravatar.com\/avatar\/caabf4fb6242e2277733cd35a5c2aa083761ea25dae1d1ff3298b54292225292?s=96&d=mm&r=g","contentUrl":"https:\/\/secure.gravatar.com\/avatar\/caabf4fb6242e2277733cd35a5c2aa083761ea25dae1d1ff3298b54292225292?s=96&d=mm&r=g","caption":"Julien Maudoux"},"description":"Webmestre du site de la SEMEN-L","url":"https:\/\/www.semen-l.org\/?author=26"}]}},"jetpack_featured_media_url":"https:\/\/www.semen-l.org\/wp-content\/uploads\/2020\/11\/ecole-athenes-categorie.jpg","_links":{"self":[{"href":"https:\/\/www.semen-l.org\/index.php?rest_route=\/wp\/v2\/posts\/1266","targetHints":{"allow":["GET"]}}],"collection":[{"href":"https:\/\/www.semen-l.org\/index.php?rest_route=\/wp\/v2\/posts"}],"about":[{"href":"https:\/\/www.semen-l.org\/index.php?rest_route=\/wp\/v2\/types\/post"}],"author":[{"embeddable":true,"href":"https:\/\/www.semen-l.org\/index.php?rest_route=\/wp\/v2\/users\/26"}],"replies":[{"embeddable":true,"href":"https:\/\/www.semen-l.org\/index.php?rest_route=%2Fwp%2Fv2%2Fcomments&post=1266"}],"version-history":[{"count":0,"href":"https:\/\/www.semen-l.org\/index.php?rest_route=\/wp\/v2\/posts\/1266\/revisions"}],"wp:featuredmedia":[{"embeddable":true,"href":"https:\/\/www.semen-l.org\/index.php?rest_route=\/wp\/v2\/media\/1201"}],"wp:attachment":[{"href":"https:\/\/www.semen-l.org\/index.php?rest_route=%2Fwp%2Fv2%2Fmedia&parent=1266"}],"wp:term":[{"taxonomy":"category","embeddable":true,"href":"https:\/\/www.semen-l.org\/index.php?rest_route=%2Fwp%2Fv2%2Fcategories&post=1266"},{"taxonomy":"post_tag","embeddable":true,"href":"https:\/\/www.semen-l.org\/index.php?rest_route=%2Fwp%2Fv2%2Ftags&post=1266"}],"curies":[{"name":"wp","href":"https:\/\/api.w.org\/{rel}","templated":true}]}}