{"id":1264,"date":"2004-11-23T01:25:33","date_gmt":"2004-11-23T01:25:33","guid":{"rendered":"http:\/\/www.semen-l.org\/?p=1264"},"modified":"2020-11-23T01:30:15","modified_gmt":"2020-11-23T01:30:15","slug":"colloques-2004","status":"publish","type":"post","link":"https:\/\/www.semen-l.org\/?p=1264","title":{"rendered":"Colloques 2004"},"content":{"rendered":"<p>Liste des colloques organis\u00e9s \u00e0 propos du latin m\u00e9di\u00e9val et du n\u00e9o-latin en 2004.<\/p>\n<p>2004<br \/>\n&#8211; 27-29 mai 2004, Bologne : L\u2019Italia dell\u2019Inquisitore. Storia e geografia dell\u2019Italia del Cinquecento nella Descrittione di Leandro Alberti, Dipartimento di Discipline Storiche dell\u2019Universit\u00e0 di Bologna, org: Lucio Gambi, Paolo Prodi, Adriano Prosperi, Massimo Donattini.<\/p>\n<p>&#8211; 24-26 juin 2004, Arezzo : Leon Battista Albert umanista e scrittore, filologia, esegesi, tradizione, Centro di studi sul classicismo, rens.: info@centrostudiclassicismo.it .<\/p>\n<p>&#8211; 27-30 juin 2004, Genga : XV Seminario di alta cultura : la bucolica dall\u2019antichit\u00e0 all\u2019umanesimo.<\/p>\n<p>&#8211; 28 juin-3 juillet 2004, Tours : Vie solitaire, vie civile, l\u2019humanisme de P\u00e9trarque \u00e0 Alberti, colloque international, org. Christian Trottmann et Franck La Brasca.<\/p>\n<p>&#8211; 9-10 juillet 2004, Aix : Echanges culturels entre l\u2019Europe centrale et l\u2019Europe occidentale \u00e0 l\u2019\u00e9poque humaniste.<\/p>\n<p>&#8211; 19-22 juillet 2004, Chianciano-Pienza : Francesco Petrarca : l\u2019opera latina, tradizione e fortuna.<\/p>\n<p>&#8211; 3-6 septembre 2004, Cambridge : L\u2019animal sauvage \u00e0 la Renaissance, Clare College, Colloque de la S.F.D.E.S., resp. Philip Ford.<\/p>\n<p>&#8211; 16-17 septembre 2004, Troyes : Nicolas Caussin : rh\u00e9torique et spiritualit\u00e9 \u00e0 l\u2019\u00e9poque de Louis XIII, colloque international, org. Universit\u00e9 de Reims Champagne- Ardenne, CRTMLE (Centre de Recherche sur la Transmission des Mod\u00e8les Litt\u00e9raires et Esth\u00e9tiques). Rens.: Sophie Conte.<\/p>\n<p>&#8211; 23-25 septembre 2004, Arezzo : Alberti e la tradizione.<\/p>\n<p>&#8211; 25 septembre 2004, Versailles : Apollon, enqu\u00eate sur un mythe, journ\u00e9e d\u2019\u00e9tudes organis\u00e9e par le ch\u00e2teau de Versailles et l\u2019Association des Amis de Jean-Pierre N\u00e9raudau en m\u00e9moire de JeanPierre N\u00e9raudau, Salle Marengo du ch\u00e2teau de Versailles.<\/p>\n<p>&#8211; 27-29 septembre 2004 : Petrarca e il Petrarchismo nella letteratura croata, Knij\u017eevni Krug Split, Odsjek za talijanistiku Filozofskog fakulteta u Zagrebu, Predsjednik Vlade Republike Hrvatske, Hrvatsko povjerensto za UNESCO. Voir les sites: http:\/\/www.unifi.it\/eventi\/franciscus\/VIIcentenario\/Convegni et http:\/\/www.unifi.it\/eventi\/franciscus\/index.htm.<\/p>\n<p>&#8211; 22-24 septembre 2004, Bordeaux : Les paraphrases bibliques aux XVIe et XVIIe si\u00e8cles, Centre Montaigne, Universit\u00e9 Michel de Montaigne-Bordeaux III, org. V\u00e9ronique Ferrer et Anne Mantero. Rens.<\/p>\n<p>&#8211; 27-28 septembre, Madrid : Le sentiment national dans l\u2019Europe m\u00e9ridionale (France, Espagne, Italie) au XVIe et XVIIe si\u00e8cles, Casa de Vel\u00e1zquez, org. A. Tallon et B. Pellistrandi.<\/p>\n<p>&#8211; 30 septembre-1er octobre 2004, Pise : Testi, immagini e filologia nel XVI secolo, journ\u00e9es d\u2019\u00e9tudes, Scuola Normale Superiore Pisa, org. Eliana Carrara.<\/p>\n<p>&#8211; 30 septembre-2 octobre 2004, Tours (CESR) : R\u00e9forme et Contre-R\u00e9forme \u00e0 l\u2019\u00e9poque de la naissance et de l\u2019affirmation des totalitarismes, org. Chiara Lastraioli et Maria Rosa Chiapparo.<\/p>\n<p>&#8211; 1-2 octobre 2004, Chambord: Chasses princi\u00e8res dans l\u2019Europe de la Renaissance, org. Monique Ch\u00e2tenet.<br \/>\n&#8211; 6-9 octobre 2004, Bologne : Il Petrarchismo : un modello di poesia per l\u2019Europa, Convegno internazionale di studi, Dipartimento di Italianistica Universit\u00e0 di Bologna.<\/p>\n<p>&#8211; 8-9 octobre, Peur et litt\u00e9rature du Moyen Age aux Lumi\u00e8res, Universit\u00e9 de Paris VIIDenis Diderot, amphi. 24. Pour tout renseignement contacter Pascal Debailly.<\/p>\n<p>&#8211; 8-10 octobre 2004, San Miniato : La morte e i suoi riti in Italia tra Medioevo e prima Et\u00e0 moderna, org. Centro Studi sulla Civilt\u00e0 del Tardo Medioevo, Gian Maria Varanini, Univ. di Verona.<\/p>\n<p>&#8211; 9 octobre 2004, Sienne : La parola dipinta. Testo e immagine in Francesco Petrarca, Giornata di studio, Accademia Senese degli Intronati, Sala degli Intronati in Palazzo Patrizi, Via di Citt\u00e0, 75, Siena.<\/p>\n<p>&#8211; 14-16 octobre 2004, Calcutta : Petrarca e il Rinascimento, Istituto Italiano di Cultura di New Delhi, Consolato Italiano di Calcutta, Jadavpur University, Centre for Advanced Studies in English, K. P. Basu Memorial Auditorium.<\/p>\n<p>&#8211; 18-23 octobre 2004, Mexico : Petrarca y el petrarquismo en Europa y Am\u00e9rica, Giornate Internazionali \u2013 Jornadas Internacionales, Facultad de Filosof\u00eda y Letras de la UNAM, Ciudad de M\u00e9xico.<\/p>\n<p>&#8211; 20-23 octobre 2004, Salamanque : IV congresso internacional de lyra minima, SEMYR.<\/p>\n<p>&#8211; 21-23 octobre 2004, Barcelone : Petrarca, la medicina, le scienze, Convegno, Barcellona, Accademia de Buenas Letras, \u00c0rea de Filologia Italiana, Universitat Aut\u00f2noma de Barcelona.<\/p>\n<p>&#8211; 22-23 octobre 2004 : Petrarca v strednej Eur\u00f3pe Petrarca nella Mitteleuropa, Convegno internazionale, Nitra, zasadacia miestnost dekan\u00e1tu FF UKF, \u0160tef\u00e1nikova 67, l aula della Presidenza della Facolt\u00e0 di Lettere e Filosofia.<\/p>\n<p>&#8211; 4-6 novembre 2004, Madrid : Decir lo verdadero en los siglos XVI-XVII: lengua, estetica, doctrina. Dire le vrai aux XVIe-XVIIe si\u00e8cles: langue, esth\u00e9tique, doctrine, Casa de Vel\u00e1zquez, org. Dominique de Courcelles, Jacob Schmutz et Philippe B\u00fcttgen.<\/p>\n<p>&#8211; 5-6 novembre 2004, Trieste : Una figura nodale nell\u2019insegnamento della letteratura italiana : F. Petrarca.<\/p>\n<p>&#8211; 11-13 novembre 2004, V\u00e9rone : Il Romanzo a teatro, Universit\u00e0 di Verona, Convegno della Societ\u00e0 Universitaria di Lingua e Letteratura Francese, org. Franco Piva.<\/p>\n<p>&#8211; 18-20 novembre 2004, Ferrare : Olimpia Morata: cultura umanistica e Riforma protestante tra Ferrara e l\u2019Europa, ISR di Ferrara, Convegno organizzato per il Centenario di Olimpia Morata, org. Gigliola Fragnito, Massimo Firpo, Susanna Peyronel Rambaldi.<\/p>\n<p>&#8211; 20-21 novembre 2004, Mantoue : Petrarca : forme di poesia \u2013 forme di musica. Voir les sites: http:\/\/www.unifi.it\/eventi\/franciscus\/VIIcentenario\/Convegni et http:\/\/www.unifi.it\/eventi\/franciscus\/index.htm .<\/p>\n<p>&#8211; 22-23 novembre 2004, Merano : Mondo tedesco in Petrarca. Petrarca nel mondo tedesco. Voir les sites: http:\/\/www.unifi.it\/eventi\/franciscus\/VIIcentenario\/Convegni et http:\/\/www.unifi.it\/eventi\/franciscus\/index.htm .<\/p>\n<p>&#8211; 24-27 novembre 2004, Sfax (Tunisie) : Autour de P\u00e9trarque (Les sources de P\u00e9trarque, l\u2019humaniste et le po\u00e8te ; le p\u00e9trarquisme et son \u00e9volution), colloque international suivi d\u2019une table ronde \u00ab Les Fronti\u00e8res De l\u2019humain \u00bb, org. Mme H\u00e9dia Abdelk\u00e9fi, Facult\u00e9 des lettres et sciences humaines de Sfax, B.P. 553, fax, 3000 Tunisie,<\/p>\n<p>&#8211; 28-29 novembre 2004, Messine : Poeti a confronto sulla poesia del Petrarca.<\/p>\n<p>&#8211; 29 novembre-3 d\u00e9cembre 2004, Ferrare : Gli Este e l\u2019Alberti : tempo e misura, Istituto di Studi Rinascimentali \/ Soci\u00e9t\u00e9 Internationale Leon Battista Alberti.<\/p>\n<p>&#8211; 30 novembre-2 d\u00e9cembre 2004, Ferrare : G. Giraldi Cinthio, Universit\u00e0 di Ferrara, org. Paolo Cherchi, M. Tempera, Gianni Venturi.<\/p>\n<p>&#8211; 2-3 d\u00e9cembre 2004, Leyde : Laus Petrarchae, 700th anniversary, Universit\u00e9 de Leyde, colloque centr\u00e9 sur P\u00e9trarque et son oeuvre ; la premi\u00e8re journ\u00e9e sera consacr\u00e9e aux r\u00e9actions de ses contemporains, tant ses admirateurs (Giovanni Boccaccio, Giovanni Colonna, Guglielmo da Pastrengo, Dionigi da Borgo San Sepolcro, Giovanni Conversino da Ravenna, Lombardo della Seta, John of Jenstein) que ses ennemis (les scholastiques de l\u2019\u00e9cole de Messine, les Aristot\u00e9liciens de la cour papale d\u2019Avignon, ceux de Venise qui l\u2019attaqu\u00e8rent durant la fin de sa vie). La seconde journ\u00e9e s\u2019int\u00e9ressera aux r\u00e9actions des lecteurs des XVe et XVIe si\u00e8cles, humanistes (Bracciolini, Manetti, Gaguin), mais \u00e9galement religieux (cercle de la devotio moderna), physiciens (Cardan) ou d\u00e9fenseurs de la R\u00e9forme (Ulrich von Hutten).<\/p>\n<p>&#8211; 16-18 d\u00e9cembre 2004, Florence : Alberti e la cultura del Quattrocento.<\/p>\n","protected":false},"excerpt":{"rendered":"<p>Liste des colloques organis\u00e9s \u00e0 propos du latin m\u00e9di\u00e9val et du n\u00e9o-latin en 2004. 2004 &#8211; 27-29 mai 2004, Bologne : L\u2019Italia dell\u2019Inquisitore. Storia e geografia dell\u2019Italia del Cinquecento nella Descrittione di Leandro Alberti, Dipartimento di Discipline Storiche dell\u2019Universit\u00e0 di &hellip; <a href=\"https:\/\/www.semen-l.org\/?p=1264\">Continuer la lecture <span class=\"meta-nav\">&rarr;<\/span><\/a><\/p>\n","protected":false},"author":26,"featured_media":1201,"comment_status":"open","ping_status":"open","sticky":false,"template":"","format":"standard","meta":{"footnotes":""},"categories":[4],"tags":[38,1447,302,1458,1346,86,1452,1456,1460,1298,1443,1187,565,1464,1349,1455,143,23,1459,1434,889,1404,372,1451,16,1461,26,1440,1453,1462,27,42,1454,1296,1457,1463],"class_list":["post-1264","post","type-post","status-publish","format-standard","has-post-thumbnail","hentry","category-colloques","tag-leon-battista-alberti","tag-animal","tag-aristote","tag-avignon","tag-bible","tag-boccace","tag-borgo-san-sepolcro-dionigi-da","tag-colonna-giovanni","tag-devotio-moderna","tag-esthetique","tag-geographie","tag-histoire","tag-von-hutten-ulrich","tag-inquisition","tag-italie","tag-jenstein-jean-de","tag-manetti-giannozzo","tag-medecine","tag-messine","tag-mort","tag-musique","tag-pape","tag-paraphrase","tag-pastrengo-guglielmo-da","tag-petrarque","tag-petrarquisme","tag-poesie","tag-protestantisme","tag-ravenna-giovanni-conversino-da","tag-roman","tag-science","tag-scolastique","tag-seta-lombardo-della","tag-theatre","tag-venise","tag-vrai"],"yoast_head":"<!-- This site is optimized with the Yoast SEO plugin v27.5 - https:\/\/yoast.com\/product\/yoast-seo-wordpress\/ -->\n<title>Colloques 2004 - Soci\u00e9t\u00e9 d&#039;\u00c9tudes M\u00e9dio Et N\u00e9o-Latines<\/title>\n<meta name=\"description\" content=\"Liste des colloques organis\u00e9s en 2004 dans les universit\u00e9s et \u00e9coles \u00e0 propos du latin m\u00e9di\u00e9val et du n\u00e9o-latin.\" \/>\n<meta name=\"robots\" content=\"index, follow, max-snippet:-1, max-image-preview:large, max-video-preview:-1\" \/>\n<link rel=\"canonical\" href=\"https:\/\/www.semen-l.org\/?p=1264\" \/>\n<meta property=\"og:locale\" content=\"fr_FR\" \/>\n<meta property=\"og:type\" content=\"article\" \/>\n<meta property=\"og:title\" content=\"Colloques 2004 - Soci\u00e9t\u00e9 d&#039;\u00c9tudes M\u00e9dio Et N\u00e9o-Latines\" \/>\n<meta property=\"og:description\" content=\"Liste des colloques organis\u00e9s en 2004 dans les universit\u00e9s et \u00e9coles \u00e0 propos du latin m\u00e9di\u00e9val et du n\u00e9o-latin.\" \/>\n<meta property=\"og:url\" content=\"https:\/\/www.semen-l.org\/?p=1264\" \/>\n<meta property=\"og:site_name\" content=\"Soci\u00e9t\u00e9 d&#039;\u00c9tudes M\u00e9dio Et N\u00e9o-Latines\" \/>\n<meta property=\"article:publisher\" content=\"https:\/\/www.facebook.com\/SEMENL2018\" \/>\n<meta property=\"article:published_time\" content=\"2004-11-23T01:25:33+00:00\" \/>\n<meta property=\"article:modified_time\" content=\"2020-11-23T01:30:15+00:00\" \/>\n<meta property=\"og:image\" content=\"https:\/\/www.semen-l.org\/wp-content\/uploads\/2020\/11\/ecole-athenes-categorie.jpg\" \/>\n\t<meta property=\"og:image:width\" content=\"1000\" \/>\n\t<meta property=\"og:image:height\" content=\"300\" \/>\n\t<meta property=\"og:image:type\" content=\"image\/jpeg\" \/>\n<meta name=\"author\" content=\"Julien Maudoux\" \/>\n<meta name=\"twitter:card\" content=\"summary_large_image\" \/>\n<meta name=\"twitter:label1\" content=\"\u00c9crit par\" \/>\n\t<meta name=\"twitter:data1\" content=\"Julien Maudoux\" \/>\n\t<meta name=\"twitter:label2\" content=\"Dur\u00e9e de lecture estim\u00e9e\" \/>\n\t<meta name=\"twitter:data2\" content=\"6 minutes\" \/>\n<script type=\"application\/ld+json\" class=\"yoast-schema-graph\">{\"@context\":\"https:\\\/\\\/schema.org\",\"@graph\":[{\"@type\":\"Article\",\"@id\":\"https:\\\/\\\/www.semen-l.org\\\/?p=1264#article\",\"isPartOf\":{\"@id\":\"https:\\\/\\\/www.semen-l.org\\\/?p=1264\"},\"author\":{\"name\":\"Julien Maudoux\",\"@id\":\"http:\\\/\\\/www.semen-l.org\\\/#\\\/schema\\\/person\\\/ef5208815f17666727763c5363a51344\"},\"headline\":\"Colloques 2004\",\"datePublished\":\"2004-11-23T01:25:33+00:00\",\"dateModified\":\"2020-11-23T01:30:15+00:00\",\"mainEntityOfPage\":{\"@id\":\"https:\\\/\\\/www.semen-l.org\\\/?p=1264\"},\"wordCount\":1101,\"commentCount\":0,\"publisher\":{\"@id\":\"http:\\\/\\\/www.semen-l.org\\\/#organization\"},\"image\":{\"@id\":\"https:\\\/\\\/www.semen-l.org\\\/?p=1264#primaryimage\"},\"thumbnailUrl\":\"https:\\\/\\\/www.semen-l.org\\\/wp-content\\\/uploads\\\/2020\\\/11\\\/ecole-athenes-categorie.jpg\",\"keywords\":[\"Alberti (Leon Battista)\",\"animal\",\"Aristote\",\"Avignon\",\"Bible\",\"Boccace\",\"Borgo San Sepolcro (Dionigi da)\",\"Colonna (Giovanni)\",\"devotio moderna\",\"esth\u00e9tique\",\"g\u00e9ographie\",\"histoire\",\"Hutten (Ulrich von)\",\"inquisition\",\"Italie\",\"Jenstein (Jean de)\",\"Manetti (Giannozzo)\",\"m\u00e9decine\",\"Messine\",\"mort\",\"musique\",\"pape\",\"paraphrase\",\"Pastrengo (Guglielmo da)\",\"P\u00e9trarque\",\"p\u00e9trarquisme\",\"po\u00e9sie\",\"protestantisme\",\"Ravenna (Giovanni Conversino da)\",\"roman\",\"science\",\"scolastique\",\"Seta (Lombardo della)\",\"th\u00e9\u00e2tre\",\"Venise\",\"vrai\"],\"articleSection\":[\"Colloques\"],\"inLanguage\":\"fr-FR\",\"potentialAction\":[{\"@type\":\"CommentAction\",\"name\":\"Comment\",\"target\":[\"https:\\\/\\\/www.semen-l.org\\\/?p=1264#respond\"]}]},{\"@type\":\"WebPage\",\"@id\":\"https:\\\/\\\/www.semen-l.org\\\/?p=1264\",\"url\":\"https:\\\/\\\/www.semen-l.org\\\/?p=1264\",\"name\":\"Colloques 2004 - Soci\u00e9t\u00e9 d&#039;\u00c9tudes M\u00e9dio Et N\u00e9o-Latines\",\"isPartOf\":{\"@id\":\"http:\\\/\\\/www.semen-l.org\\\/#website\"},\"primaryImageOfPage\":{\"@id\":\"https:\\\/\\\/www.semen-l.org\\\/?p=1264#primaryimage\"},\"image\":{\"@id\":\"https:\\\/\\\/www.semen-l.org\\\/?p=1264#primaryimage\"},\"thumbnailUrl\":\"https:\\\/\\\/www.semen-l.org\\\/wp-content\\\/uploads\\\/2020\\\/11\\\/ecole-athenes-categorie.jpg\",\"datePublished\":\"2004-11-23T01:25:33+00:00\",\"dateModified\":\"2020-11-23T01:30:15+00:00\",\"description\":\"Liste des colloques organis\u00e9s en 2004 dans les universit\u00e9s et \u00e9coles \u00e0 propos du latin m\u00e9di\u00e9val et du n\u00e9o-latin.\",\"breadcrumb\":{\"@id\":\"https:\\\/\\\/www.semen-l.org\\\/?p=1264#breadcrumb\"},\"inLanguage\":\"fr-FR\",\"potentialAction\":[{\"@type\":\"ReadAction\",\"target\":[\"https:\\\/\\\/www.semen-l.org\\\/?p=1264\"]}]},{\"@type\":\"ImageObject\",\"inLanguage\":\"fr-FR\",\"@id\":\"https:\\\/\\\/www.semen-l.org\\\/?p=1264#primaryimage\",\"url\":\"https:\\\/\\\/www.semen-l.org\\\/wp-content\\\/uploads\\\/2020\\\/11\\\/ecole-athenes-categorie.jpg\",\"contentUrl\":\"https:\\\/\\\/www.semen-l.org\\\/wp-content\\\/uploads\\\/2020\\\/11\\\/ecole-athenes-categorie.jpg\",\"width\":1000,\"height\":300},{\"@type\":\"BreadcrumbList\",\"@id\":\"https:\\\/\\\/www.semen-l.org\\\/?p=1264#breadcrumb\",\"itemListElement\":[{\"@type\":\"ListItem\",\"position\":1,\"name\":\"Accueil\",\"item\":\"http:\\\/\\\/www.semen-l.org\\\/\"},{\"@type\":\"ListItem\",\"position\":2,\"name\":\"Colloques 2004\"}]},{\"@type\":\"WebSite\",\"@id\":\"http:\\\/\\\/www.semen-l.org\\\/#website\",\"url\":\"http:\\\/\\\/www.semen-l.org\\\/\",\"name\":\"Soci\u00e9t\u00e9 d'\u00c9tudes M\u00e9dio Et N\u00e9o-Latines\",\"description\":\"\",\"publisher\":{\"@id\":\"http:\\\/\\\/www.semen-l.org\\\/#organization\"},\"potentialAction\":[{\"@type\":\"SearchAction\",\"target\":{\"@type\":\"EntryPoint\",\"urlTemplate\":\"http:\\\/\\\/www.semen-l.org\\\/?s={search_term_string}\"},\"query-input\":{\"@type\":\"PropertyValueSpecification\",\"valueRequired\":true,\"valueName\":\"search_term_string\"}}],\"inLanguage\":\"fr-FR\"},{\"@type\":\"Organization\",\"@id\":\"http:\\\/\\\/www.semen-l.org\\\/#organization\",\"name\":\"Soci\u00e9t\u00e9 d'\u00e9tudes m\u00e9dio et n\u00e9o-latines\",\"url\":\"http:\\\/\\\/www.semen-l.org\\\/\",\"logo\":{\"@type\":\"ImageObject\",\"inLanguage\":\"fr-FR\",\"@id\":\"http:\\\/\\\/www.semen-l.org\\\/#\\\/schema\\\/logo\\\/image\\\/\",\"url\":\"http:\\\/\\\/www.semen-l.org\\\/wp-content\\\/uploads\\\/2020\\\/11\\\/logo-semenl.jpg\",\"contentUrl\":\"http:\\\/\\\/www.semen-l.org\\\/wp-content\\\/uploads\\\/2020\\\/11\\\/logo-semenl.jpg\",\"width\":408,\"height\":403,\"caption\":\"Soci\u00e9t\u00e9 d'\u00e9tudes m\u00e9dio et n\u00e9o-latines\"},\"image\":{\"@id\":\"http:\\\/\\\/www.semen-l.org\\\/#\\\/schema\\\/logo\\\/image\\\/\"},\"sameAs\":[\"https:\\\/\\\/www.facebook.com\\\/SEMENL2018\",\"https:\\\/\\\/independent.academia.edu\\\/SocitsdtudesmdioetnolatinesSEMENL\"]},{\"@type\":\"Person\",\"@id\":\"http:\\\/\\\/www.semen-l.org\\\/#\\\/schema\\\/person\\\/ef5208815f17666727763c5363a51344\",\"name\":\"Julien Maudoux\",\"image\":{\"@type\":\"ImageObject\",\"inLanguage\":\"fr-FR\",\"@id\":\"https:\\\/\\\/secure.gravatar.com\\\/avatar\\\/caabf4fb6242e2277733cd35a5c2aa083761ea25dae1d1ff3298b54292225292?s=96&d=mm&r=g\",\"url\":\"https:\\\/\\\/secure.gravatar.com\\\/avatar\\\/caabf4fb6242e2277733cd35a5c2aa083761ea25dae1d1ff3298b54292225292?s=96&d=mm&r=g\",\"contentUrl\":\"https:\\\/\\\/secure.gravatar.com\\\/avatar\\\/caabf4fb6242e2277733cd35a5c2aa083761ea25dae1d1ff3298b54292225292?s=96&d=mm&r=g\",\"caption\":\"Julien Maudoux\"},\"description\":\"Webmestre du site de la SEMEN-L\",\"url\":\"https:\\\/\\\/www.semen-l.org\\\/?author=26\"}]}<\/script>\n<!-- \/ Yoast SEO plugin. -->","yoast_head_json":{"title":"Colloques 2004 - Soci\u00e9t\u00e9 d&#039;\u00c9tudes M\u00e9dio Et N\u00e9o-Latines","description":"Liste des colloques organis\u00e9s en 2004 dans les universit\u00e9s et \u00e9coles \u00e0 propos du latin m\u00e9di\u00e9val et du n\u00e9o-latin.","robots":{"index":"index","follow":"follow","max-snippet":"max-snippet:-1","max-image-preview":"max-image-preview:large","max-video-preview":"max-video-preview:-1"},"canonical":"https:\/\/www.semen-l.org\/?p=1264","og_locale":"fr_FR","og_type":"article","og_title":"Colloques 2004 - Soci\u00e9t\u00e9 d&#039;\u00c9tudes M\u00e9dio Et N\u00e9o-Latines","og_description":"Liste des colloques organis\u00e9s en 2004 dans les universit\u00e9s et \u00e9coles \u00e0 propos du latin m\u00e9di\u00e9val et du n\u00e9o-latin.","og_url":"https:\/\/www.semen-l.org\/?p=1264","og_site_name":"Soci\u00e9t\u00e9 d&#039;\u00c9tudes M\u00e9dio Et N\u00e9o-Latines","article_publisher":"https:\/\/www.facebook.com\/SEMENL2018","article_published_time":"2004-11-23T01:25:33+00:00","article_modified_time":"2020-11-23T01:30:15+00:00","og_image":[{"width":1000,"height":300,"url":"https:\/\/www.semen-l.org\/wp-content\/uploads\/2020\/11\/ecole-athenes-categorie.jpg","type":"image\/jpeg"}],"author":"Julien Maudoux","twitter_card":"summary_large_image","twitter_misc":{"\u00c9crit par":"Julien Maudoux","Dur\u00e9e de lecture estim\u00e9e":"6 minutes"},"schema":{"@context":"https:\/\/schema.org","@graph":[{"@type":"Article","@id":"https:\/\/www.semen-l.org\/?p=1264#article","isPartOf":{"@id":"https:\/\/www.semen-l.org\/?p=1264"},"author":{"name":"Julien Maudoux","@id":"http:\/\/www.semen-l.org\/#\/schema\/person\/ef5208815f17666727763c5363a51344"},"headline":"Colloques 2004","datePublished":"2004-11-23T01:25:33+00:00","dateModified":"2020-11-23T01:30:15+00:00","mainEntityOfPage":{"@id":"https:\/\/www.semen-l.org\/?p=1264"},"wordCount":1101,"commentCount":0,"publisher":{"@id":"http:\/\/www.semen-l.org\/#organization"},"image":{"@id":"https:\/\/www.semen-l.org\/?p=1264#primaryimage"},"thumbnailUrl":"https:\/\/www.semen-l.org\/wp-content\/uploads\/2020\/11\/ecole-athenes-categorie.jpg","keywords":["Alberti (Leon Battista)","animal","Aristote","Avignon","Bible","Boccace","Borgo San Sepolcro (Dionigi da)","Colonna (Giovanni)","devotio moderna","esth\u00e9tique","g\u00e9ographie","histoire","Hutten (Ulrich von)","inquisition","Italie","Jenstein (Jean de)","Manetti (Giannozzo)","m\u00e9decine","Messine","mort","musique","pape","paraphrase","Pastrengo (Guglielmo da)","P\u00e9trarque","p\u00e9trarquisme","po\u00e9sie","protestantisme","Ravenna (Giovanni Conversino da)","roman","science","scolastique","Seta (Lombardo della)","th\u00e9\u00e2tre","Venise","vrai"],"articleSection":["Colloques"],"inLanguage":"fr-FR","potentialAction":[{"@type":"CommentAction","name":"Comment","target":["https:\/\/www.semen-l.org\/?p=1264#respond"]}]},{"@type":"WebPage","@id":"https:\/\/www.semen-l.org\/?p=1264","url":"https:\/\/www.semen-l.org\/?p=1264","name":"Colloques 2004 - Soci\u00e9t\u00e9 d&#039;\u00c9tudes M\u00e9dio Et N\u00e9o-Latines","isPartOf":{"@id":"http:\/\/www.semen-l.org\/#website"},"primaryImageOfPage":{"@id":"https:\/\/www.semen-l.org\/?p=1264#primaryimage"},"image":{"@id":"https:\/\/www.semen-l.org\/?p=1264#primaryimage"},"thumbnailUrl":"https:\/\/www.semen-l.org\/wp-content\/uploads\/2020\/11\/ecole-athenes-categorie.jpg","datePublished":"2004-11-23T01:25:33+00:00","dateModified":"2020-11-23T01:30:15+00:00","description":"Liste des colloques organis\u00e9s en 2004 dans les universit\u00e9s et \u00e9coles \u00e0 propos du latin m\u00e9di\u00e9val et du n\u00e9o-latin.","breadcrumb":{"@id":"https:\/\/www.semen-l.org\/?p=1264#breadcrumb"},"inLanguage":"fr-FR","potentialAction":[{"@type":"ReadAction","target":["https:\/\/www.semen-l.org\/?p=1264"]}]},{"@type":"ImageObject","inLanguage":"fr-FR","@id":"https:\/\/www.semen-l.org\/?p=1264#primaryimage","url":"https:\/\/www.semen-l.org\/wp-content\/uploads\/2020\/11\/ecole-athenes-categorie.jpg","contentUrl":"https:\/\/www.semen-l.org\/wp-content\/uploads\/2020\/11\/ecole-athenes-categorie.jpg","width":1000,"height":300},{"@type":"BreadcrumbList","@id":"https:\/\/www.semen-l.org\/?p=1264#breadcrumb","itemListElement":[{"@type":"ListItem","position":1,"name":"Accueil","item":"http:\/\/www.semen-l.org\/"},{"@type":"ListItem","position":2,"name":"Colloques 2004"}]},{"@type":"WebSite","@id":"http:\/\/www.semen-l.org\/#website","url":"http:\/\/www.semen-l.org\/","name":"Soci\u00e9t\u00e9 d'\u00c9tudes M\u00e9dio Et N\u00e9o-Latines","description":"","publisher":{"@id":"http:\/\/www.semen-l.org\/#organization"},"potentialAction":[{"@type":"SearchAction","target":{"@type":"EntryPoint","urlTemplate":"http:\/\/www.semen-l.org\/?s={search_term_string}"},"query-input":{"@type":"PropertyValueSpecification","valueRequired":true,"valueName":"search_term_string"}}],"inLanguage":"fr-FR"},{"@type":"Organization","@id":"http:\/\/www.semen-l.org\/#organization","name":"Soci\u00e9t\u00e9 d'\u00e9tudes m\u00e9dio et n\u00e9o-latines","url":"http:\/\/www.semen-l.org\/","logo":{"@type":"ImageObject","inLanguage":"fr-FR","@id":"http:\/\/www.semen-l.org\/#\/schema\/logo\/image\/","url":"http:\/\/www.semen-l.org\/wp-content\/uploads\/2020\/11\/logo-semenl.jpg","contentUrl":"http:\/\/www.semen-l.org\/wp-content\/uploads\/2020\/11\/logo-semenl.jpg","width":408,"height":403,"caption":"Soci\u00e9t\u00e9 d'\u00e9tudes m\u00e9dio et n\u00e9o-latines"},"image":{"@id":"http:\/\/www.semen-l.org\/#\/schema\/logo\/image\/"},"sameAs":["https:\/\/www.facebook.com\/SEMENL2018","https:\/\/independent.academia.edu\/SocitsdtudesmdioetnolatinesSEMENL"]},{"@type":"Person","@id":"http:\/\/www.semen-l.org\/#\/schema\/person\/ef5208815f17666727763c5363a51344","name":"Julien Maudoux","image":{"@type":"ImageObject","inLanguage":"fr-FR","@id":"https:\/\/secure.gravatar.com\/avatar\/caabf4fb6242e2277733cd35a5c2aa083761ea25dae1d1ff3298b54292225292?s=96&d=mm&r=g","url":"https:\/\/secure.gravatar.com\/avatar\/caabf4fb6242e2277733cd35a5c2aa083761ea25dae1d1ff3298b54292225292?s=96&d=mm&r=g","contentUrl":"https:\/\/secure.gravatar.com\/avatar\/caabf4fb6242e2277733cd35a5c2aa083761ea25dae1d1ff3298b54292225292?s=96&d=mm&r=g","caption":"Julien Maudoux"},"description":"Webmestre du site de la SEMEN-L","url":"https:\/\/www.semen-l.org\/?author=26"}]}},"jetpack_featured_media_url":"https:\/\/www.semen-l.org\/wp-content\/uploads\/2020\/11\/ecole-athenes-categorie.jpg","_links":{"self":[{"href":"https:\/\/www.semen-l.org\/index.php?rest_route=\/wp\/v2\/posts\/1264","targetHints":{"allow":["GET"]}}],"collection":[{"href":"https:\/\/www.semen-l.org\/index.php?rest_route=\/wp\/v2\/posts"}],"about":[{"href":"https:\/\/www.semen-l.org\/index.php?rest_route=\/wp\/v2\/types\/post"}],"author":[{"embeddable":true,"href":"https:\/\/www.semen-l.org\/index.php?rest_route=\/wp\/v2\/users\/26"}],"replies":[{"embeddable":true,"href":"https:\/\/www.semen-l.org\/index.php?rest_route=%2Fwp%2Fv2%2Fcomments&post=1264"}],"version-history":[{"count":0,"href":"https:\/\/www.semen-l.org\/index.php?rest_route=\/wp\/v2\/posts\/1264\/revisions"}],"wp:featuredmedia":[{"embeddable":true,"href":"https:\/\/www.semen-l.org\/index.php?rest_route=\/wp\/v2\/media\/1201"}],"wp:attachment":[{"href":"https:\/\/www.semen-l.org\/index.php?rest_route=%2Fwp%2Fv2%2Fmedia&parent=1264"}],"wp:term":[{"taxonomy":"category","embeddable":true,"href":"https:\/\/www.semen-l.org\/index.php?rest_route=%2Fwp%2Fv2%2Fcategories&post=1264"},{"taxonomy":"post_tag","embeddable":true,"href":"https:\/\/www.semen-l.org\/index.php?rest_route=%2Fwp%2Fv2%2Ftags&post=1264"}],"curies":[{"name":"wp","href":"https:\/\/api.w.org\/{rel}","templated":true}]}}