{"id":1258,"date":"2002-12-23T01:09:27","date_gmt":"2002-12-23T01:09:27","guid":{"rendered":"http:\/\/www.semen-l.org\/?p=1258"},"modified":"2020-11-23T01:21:29","modified_gmt":"2020-11-23T01:21:29","slug":"colloques-2002","status":"publish","type":"post","link":"https:\/\/www.semen-l.org\/?p=1258","title":{"rendered":"Colloques 2002-2003"},"content":{"rendered":"<p>Liste des colloques organis\u00e9s \u00e0 propos du latin m\u00e9di\u00e9val et du n\u00e9o-latin en 2002.<\/p>\n<p>\u2013 14-18 janvier 2002, San Gimignano (I). Questioni umanistico-rinascimentali. Quinta Serie, org. Centro di Studi sul Classicismo di San Gimignano, site: http:\/\/www.centrostudiclassicismo.it Vingt bourses d\u2019\u00e9tudes pr\u00e9vues (titul. maitrise et au del\u00e0) pour ce cycle de cours. [Participation de D. Coppini, A. Quondam, J.-J. Marchand, A. Rotond, J. Monfasani.<\/p>\n<p>\u2013 19 janvier 2002, San Gimignano (I). Questioni umanistico-rinascimentali. Sesta Serie. Seminari su pubblicazini recenti del C.S.R. Org. Centro di Studi sul Classicismo di San Gimignano; Rens.: secr. Centro di Studi sul Classicismo, Palazzo Pratellesi, via San Giovanni 12-14, I-53037 San Gimignano (SI) ; site: http:\/\/www.centrostudiclassicismo.it. [Pr\u00e9sentation des livres suivants : I. de A.M. Cabrini, Un Idea di Firenze : da Villani a Guicciardini : Humanistica 21 ; Benozzo Gozzoli. Les storie di Sant\u2019Agostino a San Gimignano : Humanistica 22, edd. R. Cardini, A. Padoa Rizzo, M. Regoliosi ; Gli Umanisti e Agostino, edd. D. Coppini, M. Regoliosi].<\/p>\n<p>\u2013 14-16 mars 2002, Charlottesville (U.S.A.). Le Savoir en France au xviie si\u00e8cle, Annual Meeting de la North American Society for Seventeenth-Century French Literature ; org. University of Virginia et F. Gould Foundation ; progr. : le savoir historique, philology at the crossroads of knowledge, croire et savoir, savantes et savants, classical \u00e9pist\u00e9m\u00e8, savoirs secrets, science, mythologie, science ; rens. Ms. T. Smith, Depart. of French, Univ. of Virginia, P.O. Box 400770, U.S.A.\u2013 Charlottesville VA 22904-4770 site: http:\/\/www.virginia.edu\/~french\/announce\/savoir\/.<\/p>\n<p>\u2013 12 avril 2002, Villejuif (F). Hugo Grotius : v\u00e9rit\u00e9 et certitude du droit, org. H. Blom (Univ. Erasme, Rotterdam), rens. C.N.R.S., Centre d\u2019Histoire de la Philosophie Moderne (C.H.P.M.), site: http:\/\/philo.vjf.cnrs.fr.<\/p>\n<p>\u2013 2-4 mai 2002, Tours (F). Sciences et arts, philologie et politique \u00e0 la Renaissance 1: Leon Battista Alberti, Colloque international org. Centre d\u2019Histoire de la Philosophie Moderne (C.H.P.M., C.N.R.S.), C.E.S.R. de Tours (Histoire de l\u2019Art et Litt\u00e9ratures, Mentalit\u00e9s et Repr\u00e9sentations) et Soci\u00e9t\u00e9 International L.B. Alberti (S.I.L.B.A.), rens. F. La Brasca, M. Brock, F. Furlan ; C.E.S.R. de Tours ; sites: http:\/\/www.cesr.univ-tours.fr ; C.H.P.M.: http:\/\/philo.vjf.cnrs.fr.<\/p>\n<p>\u2013 3-4 mai 2002, Nice (F). Animal et animalit\u00e9 aux xvie et xviie si\u00e8cles, Table ronde org. T. Gontier (C.H.R.I. Nice), F.P. Adorno (Univ. Salerno), rens. site du Centre d\u2019Histoire de la Philosophie Moderne: http:\/\/philo.vjf.cnrs.fr.<\/p>\n<p>\u2013 15-17 mai 2002, Chamb\u00e9ry-Torino (F\/I). Le Syncr\u00e9tisme pagano-chr\u00e9tien \u00e0 la Renaissance, org. L. Sozzi, S. Lardon, C.E.F.I.<\/p>\n<p>\u2013 15-18 mai 2002 Valence. Les \u00e9changes dans les Universit\u00e9s, Colloque S.F.D.E.S.- R.H.R., org. G. Chaix, C.E.S.R. de Tours, site: http:\/\/www.cesr.univtours.fr .<\/p>\n<p>\u2013 23-25 mai 2002, Verona (I). Macrocosmo-Microcosmo : scrivere e pensare il mondo nel Cinquecento tra Italia e Francia, org. Gruppo di Studio sul Cinquecento francese ; trois axes : a. Scrivere e camminare il mondo : cosmografi e geografi del Cinquecento, b. I poeti del cielo e della terra: poesia, scienza ed enciclopedia, c. Pensare l\u2019uomo: l\u2019uomo-microcosmo.<\/p>\n<p>\u2013 31 mai-1er juin 2002, Paris. Infini et Salut : autour de Giordano Bruno et Blaise Pascal, org. P. Magnard et S. Taussig, Paris IV-Sorbonne, rens. rens. Site du Centre d\u2019Histoire de la Philosophie Moderne: http:\/\/philo.vjf.cnrs.fr.<\/p>\n<p>\u2013 30 juin-1er juillet 2002, Genga (I). Storia del libro dall\u2019Antichit\u00e0 all\u2019Umanesimo : XII\u00a1 Seminario d\u2019alta cultura. Connaissance de base de l\u2019italien requise, pour \u00e9tudiants en ma\u00eetrise, DEA, th\u00e8se.<\/p>\n<p>\u2013 3-6 juillet 2002, Sassoferrato (I). I linguaggi dell\u2019Umanesimo : XXIIIe Congresso internazionale di studi umanistici.<\/p>\n<p>\u2013 8-9 juillet 2002, Durham castle (U.K.). Fakes and Forgeries, Conmen and Counterfeits, org. rens. J. Long, Department of German, Univ. Durham, UK- urham, DH1 3JT, P. Knight, Department of English, Univ. Manchester.<\/p>\n<p>\u2013 16-19 juillet 2002, Chianciano-Montepulciano-Pienza. L\u2019Europa del libro : XIV\u00a1 Congresso internazionale di Studi umanistici ; org. Istituto di Studi umanistici Francesco Petrarca; rens. L. Secchi Tarugi, Istituto di Studi umanistici F. Petrarca, via Gasparo de Sal\u02dc 7, I\u201320124 Milano.<\/p>\n<p>\u2013 10-14 septembre 2002, Coru\u2013a (E). VIe Congr\u00e8s International d\u2019Embl\u00e9matique (Society for Emblem Studies), org. Departamento de Filolox\u2019a Espa\u2013ola e Latina, Universidade da Coru\u2013a, Campus de Elvi\u2013a, s\/n, E-15071 A Coru\u2013a ; propositions de communication (200 mots, 20\u2019) au Prof. Dra. Sagrario L\u2014pez Poza, \u00e0 l\u2019adresse ci-dessus, avant le 10 janv. 2002 ; droits : part. 90 \/ accomp. 42.<\/p>\n<p>\u2013 19-22 septembre 2002, Bordeaux (F). L\u2019\u00e9criture de l\u2019Histoire, xve-d\u00e9but du xviie si\u00e8cle, org. Centre Montaigne de l\u2019Univ. de Bordeaux III-Michel de Montaigne, rens. V. Larcade, U.F.R. d\u2019Histoire, C. Magnien, U.F.R. des Lettres, Esplanade Michel de Montaigne, F33607 Pessac Cedex.<\/p>\n<p>\u2013 6-7 d\u00e9cembre 2002, Paris. Nicolas de Cues, rens. Centre d\u2019Histoire de la Philosophie Moderne (C.H.P.M., C.N.R.S.), site: http:\/\/philo.vjf.cnrs.fr.<\/p>\n<p>*<\/p>\n<p>En 2003 :<\/p>\n<p>\u2013 3-9 ao\u00fbt 2003, Bonn (D). Le latin comme langue scientifique internationale de la Renaissance \u00e0 nos jours : xiie Congr\u00e8s de l&rsquo;Association internationale d&rsquo;Etudes N\u00e9o-Latines\u2013 Societas Internationalis Studiis Neolatinis Provehendis\u2013 International Association For Neo-Latin Studies, org. prof. M. Laureys, Chair of Organizing Committee, Universit\u00e9 Bonn, Seminar fur Lateinische Philologie des Mittelalters und der Neuzeit..<\/p>\n","protected":false},"excerpt":{"rendered":"<p>Liste des colloques organis\u00e9s \u00e0 propos du latin m\u00e9di\u00e9val et du n\u00e9o-latin en 2002. \u2013 14-18 janvier 2002, San Gimignano (I). Questioni umanistico-rinascimentali. Quinta Serie, org. Centro di Studi sul Classicismo di San Gimignano, site: http:\/\/www.centrostudiclassicismo.it Vingt bourses d\u2019\u00e9tudes pr\u00e9vues &hellip; <a href=\"https:\/\/www.semen-l.org\/?p=1258\">Continuer la lecture <span class=\"meta-nav\">&rarr;<\/span><\/a><\/p>\n","protected":false},"author":26,"featured_media":1136,"comment_status":"open","ping_status":"open","sticky":false,"template":"","format":"standard","meta":{"footnotes":""},"categories":[4],"tags":[38,1447,92,1441,1449,1442,823,352,137,1443,1446,1187,449,144,1183,1444,417,616,1448,1445,692,26,418,27,1450],"class_list":["post-1258","post","type-post","status-publish","format-standard","has-post-thumbnail","hentry","category-colloques","tag-leon-battista-alberti","tag-animal","tag-art","tag-bruno-giordano","tag-christianisme","tag-cosmographie","tag-droit","tag-embleme","tag-encyclopedie","tag-geographie","tag-grotius-hugo","tag-histoire","tag-histoire-du-livre","tag-humanisme","tag-latin-technique","tag-microcosme","tag-mythologie","tag-nicolas-de-cues","tag-paganisme","tag-pascal-blaise","tag-philologie","tag-poesie","tag-politique","tag-science","tag-verite"],"yoast_head":"<!-- This site is optimized with the Yoast SEO plugin v27.5 - https:\/\/yoast.com\/product\/yoast-seo-wordpress\/ -->\n<title>Colloques 2002-2003 - Soci\u00e9t\u00e9 d&#039;\u00c9tudes M\u00e9dio Et N\u00e9o-Latines<\/title>\n<meta name=\"description\" content=\"Liste des colloques organis\u00e9s en France en 2002-2003 \u00e0 propos du latin m\u00e9di\u00e9val et du n\u00e9o-latin, recens\u00e9s par la SEMEN-L.\" \/>\n<meta name=\"robots\" content=\"index, follow, max-snippet:-1, max-image-preview:large, max-video-preview:-1\" \/>\n<link rel=\"canonical\" href=\"https:\/\/www.semen-l.org\/?p=1258\" \/>\n<meta property=\"og:locale\" content=\"fr_FR\" \/>\n<meta property=\"og:type\" content=\"article\" \/>\n<meta property=\"og:title\" content=\"Colloques 2002-2003 - Soci\u00e9t\u00e9 d&#039;\u00c9tudes M\u00e9dio Et N\u00e9o-Latines\" \/>\n<meta property=\"og:description\" content=\"Liste des colloques organis\u00e9s en France en 2002-2003 \u00e0 propos du latin m\u00e9di\u00e9val et du n\u00e9o-latin, recens\u00e9s par la SEMEN-L.\" \/>\n<meta property=\"og:url\" content=\"https:\/\/www.semen-l.org\/?p=1258\" \/>\n<meta property=\"og:site_name\" content=\"Soci\u00e9t\u00e9 d&#039;\u00c9tudes M\u00e9dio Et N\u00e9o-Latines\" \/>\n<meta property=\"article:publisher\" content=\"https:\/\/www.facebook.com\/SEMENL2018\" \/>\n<meta property=\"article:published_time\" content=\"2002-12-23T01:09:27+00:00\" \/>\n<meta property=\"article:modified_time\" content=\"2020-11-23T01:21:29+00:00\" \/>\n<meta property=\"og:image\" content=\"https:\/\/www.semen-l.org\/wp-content\/uploads\/2020\/11\/Marco-Polo-livre-des-merveilles-btv1b5.jpg\" \/>\n\t<meta property=\"og:image:width\" content=\"1565\" \/>\n\t<meta property=\"og:image:height\" content=\"813\" \/>\n\t<meta property=\"og:image:type\" content=\"image\/jpeg\" \/>\n<meta name=\"author\" content=\"Julien Maudoux\" \/>\n<meta name=\"twitter:card\" content=\"summary_large_image\" \/>\n<meta name=\"twitter:label1\" content=\"\u00c9crit par\" \/>\n\t<meta name=\"twitter:data1\" content=\"Julien Maudoux\" \/>\n\t<meta name=\"twitter:label2\" content=\"Dur\u00e9e de lecture estim\u00e9e\" \/>\n\t<meta name=\"twitter:data2\" content=\"4 minutes\" \/>\n<script type=\"application\/ld+json\" class=\"yoast-schema-graph\">{\"@context\":\"https:\\\/\\\/schema.org\",\"@graph\":[{\"@type\":\"Article\",\"@id\":\"https:\\\/\\\/www.semen-l.org\\\/?p=1258#article\",\"isPartOf\":{\"@id\":\"https:\\\/\\\/www.semen-l.org\\\/?p=1258\"},\"author\":{\"name\":\"Julien Maudoux\",\"@id\":\"http:\\\/\\\/www.semen-l.org\\\/#\\\/schema\\\/person\\\/ef5208815f17666727763c5363a51344\"},\"headline\":\"Colloques 2002-2003\",\"datePublished\":\"2002-12-23T01:09:27+00:00\",\"dateModified\":\"2020-11-23T01:21:29+00:00\",\"mainEntityOfPage\":{\"@id\":\"https:\\\/\\\/www.semen-l.org\\\/?p=1258\"},\"wordCount\":877,\"commentCount\":0,\"publisher\":{\"@id\":\"http:\\\/\\\/www.semen-l.org\\\/#organization\"},\"image\":{\"@id\":\"https:\\\/\\\/www.semen-l.org\\\/?p=1258#primaryimage\"},\"thumbnailUrl\":\"https:\\\/\\\/www.semen-l.org\\\/wp-content\\\/uploads\\\/2020\\\/11\\\/Marco-Polo-livre-des-merveilles-btv1b5.jpg\",\"keywords\":[\"Alberti (Leon Battista)\",\"animal\",\"art\",\"Bruno (Giordano)\",\"christianisme\",\"cosmographie\",\"droit\",\"embl\u00e8me\",\"encyclop\u00e9die\",\"g\u00e9ographie\",\"Grotius (Hugo)\",\"histoire\",\"histoire du livre\",\"humanisme\",\"latin technique\",\"microcosme\",\"mythologie\",\"Nicolas de Cues\",\"paganisme\",\"Pascal (Blaise)\",\"philologie\",\"po\u00e9sie\",\"politique\",\"science\",\"v\u00e9rit\u00e9\"],\"articleSection\":[\"Colloques\"],\"inLanguage\":\"fr-FR\",\"potentialAction\":[{\"@type\":\"CommentAction\",\"name\":\"Comment\",\"target\":[\"https:\\\/\\\/www.semen-l.org\\\/?p=1258#respond\"]}]},{\"@type\":\"WebPage\",\"@id\":\"https:\\\/\\\/www.semen-l.org\\\/?p=1258\",\"url\":\"https:\\\/\\\/www.semen-l.org\\\/?p=1258\",\"name\":\"Colloques 2002-2003 - Soci\u00e9t\u00e9 d&#039;\u00c9tudes M\u00e9dio Et N\u00e9o-Latines\",\"isPartOf\":{\"@id\":\"http:\\\/\\\/www.semen-l.org\\\/#website\"},\"primaryImageOfPage\":{\"@id\":\"https:\\\/\\\/www.semen-l.org\\\/?p=1258#primaryimage\"},\"image\":{\"@id\":\"https:\\\/\\\/www.semen-l.org\\\/?p=1258#primaryimage\"},\"thumbnailUrl\":\"https:\\\/\\\/www.semen-l.org\\\/wp-content\\\/uploads\\\/2020\\\/11\\\/Marco-Polo-livre-des-merveilles-btv1b5.jpg\",\"datePublished\":\"2002-12-23T01:09:27+00:00\",\"dateModified\":\"2020-11-23T01:21:29+00:00\",\"description\":\"Liste des colloques organis\u00e9s en France en 2002-2003 \u00e0 propos du latin m\u00e9di\u00e9val et du n\u00e9o-latin, recens\u00e9s par la SEMEN-L.\",\"breadcrumb\":{\"@id\":\"https:\\\/\\\/www.semen-l.org\\\/?p=1258#breadcrumb\"},\"inLanguage\":\"fr-FR\",\"potentialAction\":[{\"@type\":\"ReadAction\",\"target\":[\"https:\\\/\\\/www.semen-l.org\\\/?p=1258\"]}]},{\"@type\":\"ImageObject\",\"inLanguage\":\"fr-FR\",\"@id\":\"https:\\\/\\\/www.semen-l.org\\\/?p=1258#primaryimage\",\"url\":\"https:\\\/\\\/www.semen-l.org\\\/wp-content\\\/uploads\\\/2020\\\/11\\\/Marco-Polo-livre-des-merveilles-btv1b5.jpg\",\"contentUrl\":\"https:\\\/\\\/www.semen-l.org\\\/wp-content\\\/uploads\\\/2020\\\/11\\\/Marco-Polo-livre-des-merveilles-btv1b5.jpg\",\"width\":1565,\"height\":813},{\"@type\":\"BreadcrumbList\",\"@id\":\"https:\\\/\\\/www.semen-l.org\\\/?p=1258#breadcrumb\",\"itemListElement\":[{\"@type\":\"ListItem\",\"position\":1,\"name\":\"Accueil\",\"item\":\"http:\\\/\\\/www.semen-l.org\\\/\"},{\"@type\":\"ListItem\",\"position\":2,\"name\":\"Colloques 2002-2003\"}]},{\"@type\":\"WebSite\",\"@id\":\"http:\\\/\\\/www.semen-l.org\\\/#website\",\"url\":\"http:\\\/\\\/www.semen-l.org\\\/\",\"name\":\"Soci\u00e9t\u00e9 d'\u00c9tudes M\u00e9dio Et N\u00e9o-Latines\",\"description\":\"\",\"publisher\":{\"@id\":\"http:\\\/\\\/www.semen-l.org\\\/#organization\"},\"potentialAction\":[{\"@type\":\"SearchAction\",\"target\":{\"@type\":\"EntryPoint\",\"urlTemplate\":\"http:\\\/\\\/www.semen-l.org\\\/?s={search_term_string}\"},\"query-input\":{\"@type\":\"PropertyValueSpecification\",\"valueRequired\":true,\"valueName\":\"search_term_string\"}}],\"inLanguage\":\"fr-FR\"},{\"@type\":\"Organization\",\"@id\":\"http:\\\/\\\/www.semen-l.org\\\/#organization\",\"name\":\"Soci\u00e9t\u00e9 d'\u00e9tudes m\u00e9dio et n\u00e9o-latines\",\"url\":\"http:\\\/\\\/www.semen-l.org\\\/\",\"logo\":{\"@type\":\"ImageObject\",\"inLanguage\":\"fr-FR\",\"@id\":\"http:\\\/\\\/www.semen-l.org\\\/#\\\/schema\\\/logo\\\/image\\\/\",\"url\":\"http:\\\/\\\/www.semen-l.org\\\/wp-content\\\/uploads\\\/2020\\\/11\\\/logo-semenl.jpg\",\"contentUrl\":\"http:\\\/\\\/www.semen-l.org\\\/wp-content\\\/uploads\\\/2020\\\/11\\\/logo-semenl.jpg\",\"width\":408,\"height\":403,\"caption\":\"Soci\u00e9t\u00e9 d'\u00e9tudes m\u00e9dio et n\u00e9o-latines\"},\"image\":{\"@id\":\"http:\\\/\\\/www.semen-l.org\\\/#\\\/schema\\\/logo\\\/image\\\/\"},\"sameAs\":[\"https:\\\/\\\/www.facebook.com\\\/SEMENL2018\",\"https:\\\/\\\/independent.academia.edu\\\/SocitsdtudesmdioetnolatinesSEMENL\"]},{\"@type\":\"Person\",\"@id\":\"http:\\\/\\\/www.semen-l.org\\\/#\\\/schema\\\/person\\\/ef5208815f17666727763c5363a51344\",\"name\":\"Julien Maudoux\",\"image\":{\"@type\":\"ImageObject\",\"inLanguage\":\"fr-FR\",\"@id\":\"https:\\\/\\\/secure.gravatar.com\\\/avatar\\\/caabf4fb6242e2277733cd35a5c2aa083761ea25dae1d1ff3298b54292225292?s=96&d=mm&r=g\",\"url\":\"https:\\\/\\\/secure.gravatar.com\\\/avatar\\\/caabf4fb6242e2277733cd35a5c2aa083761ea25dae1d1ff3298b54292225292?s=96&d=mm&r=g\",\"contentUrl\":\"https:\\\/\\\/secure.gravatar.com\\\/avatar\\\/caabf4fb6242e2277733cd35a5c2aa083761ea25dae1d1ff3298b54292225292?s=96&d=mm&r=g\",\"caption\":\"Julien Maudoux\"},\"description\":\"Webmestre du site de la SEMEN-L\",\"url\":\"https:\\\/\\\/www.semen-l.org\\\/?author=26\"}]}<\/script>\n<!-- \/ Yoast SEO plugin. -->","yoast_head_json":{"title":"Colloques 2002-2003 - Soci\u00e9t\u00e9 d&#039;\u00c9tudes M\u00e9dio Et N\u00e9o-Latines","description":"Liste des colloques organis\u00e9s en France en 2002-2003 \u00e0 propos du latin m\u00e9di\u00e9val et du n\u00e9o-latin, recens\u00e9s par la SEMEN-L.","robots":{"index":"index","follow":"follow","max-snippet":"max-snippet:-1","max-image-preview":"max-image-preview:large","max-video-preview":"max-video-preview:-1"},"canonical":"https:\/\/www.semen-l.org\/?p=1258","og_locale":"fr_FR","og_type":"article","og_title":"Colloques 2002-2003 - Soci\u00e9t\u00e9 d&#039;\u00c9tudes M\u00e9dio Et N\u00e9o-Latines","og_description":"Liste des colloques organis\u00e9s en France en 2002-2003 \u00e0 propos du latin m\u00e9di\u00e9val et du n\u00e9o-latin, recens\u00e9s par la SEMEN-L.","og_url":"https:\/\/www.semen-l.org\/?p=1258","og_site_name":"Soci\u00e9t\u00e9 d&#039;\u00c9tudes M\u00e9dio Et N\u00e9o-Latines","article_publisher":"https:\/\/www.facebook.com\/SEMENL2018","article_published_time":"2002-12-23T01:09:27+00:00","article_modified_time":"2020-11-23T01:21:29+00:00","og_image":[{"width":1565,"height":813,"url":"https:\/\/www.semen-l.org\/wp-content\/uploads\/2020\/11\/Marco-Polo-livre-des-merveilles-btv1b5.jpg","type":"image\/jpeg"}],"author":"Julien Maudoux","twitter_card":"summary_large_image","twitter_misc":{"\u00c9crit par":"Julien Maudoux","Dur\u00e9e de lecture estim\u00e9e":"4 minutes"},"schema":{"@context":"https:\/\/schema.org","@graph":[{"@type":"Article","@id":"https:\/\/www.semen-l.org\/?p=1258#article","isPartOf":{"@id":"https:\/\/www.semen-l.org\/?p=1258"},"author":{"name":"Julien Maudoux","@id":"http:\/\/www.semen-l.org\/#\/schema\/person\/ef5208815f17666727763c5363a51344"},"headline":"Colloques 2002-2003","datePublished":"2002-12-23T01:09:27+00:00","dateModified":"2020-11-23T01:21:29+00:00","mainEntityOfPage":{"@id":"https:\/\/www.semen-l.org\/?p=1258"},"wordCount":877,"commentCount":0,"publisher":{"@id":"http:\/\/www.semen-l.org\/#organization"},"image":{"@id":"https:\/\/www.semen-l.org\/?p=1258#primaryimage"},"thumbnailUrl":"https:\/\/www.semen-l.org\/wp-content\/uploads\/2020\/11\/Marco-Polo-livre-des-merveilles-btv1b5.jpg","keywords":["Alberti (Leon Battista)","animal","art","Bruno (Giordano)","christianisme","cosmographie","droit","embl\u00e8me","encyclop\u00e9die","g\u00e9ographie","Grotius (Hugo)","histoire","histoire du livre","humanisme","latin technique","microcosme","mythologie","Nicolas de Cues","paganisme","Pascal (Blaise)","philologie","po\u00e9sie","politique","science","v\u00e9rit\u00e9"],"articleSection":["Colloques"],"inLanguage":"fr-FR","potentialAction":[{"@type":"CommentAction","name":"Comment","target":["https:\/\/www.semen-l.org\/?p=1258#respond"]}]},{"@type":"WebPage","@id":"https:\/\/www.semen-l.org\/?p=1258","url":"https:\/\/www.semen-l.org\/?p=1258","name":"Colloques 2002-2003 - Soci\u00e9t\u00e9 d&#039;\u00c9tudes M\u00e9dio Et N\u00e9o-Latines","isPartOf":{"@id":"http:\/\/www.semen-l.org\/#website"},"primaryImageOfPage":{"@id":"https:\/\/www.semen-l.org\/?p=1258#primaryimage"},"image":{"@id":"https:\/\/www.semen-l.org\/?p=1258#primaryimage"},"thumbnailUrl":"https:\/\/www.semen-l.org\/wp-content\/uploads\/2020\/11\/Marco-Polo-livre-des-merveilles-btv1b5.jpg","datePublished":"2002-12-23T01:09:27+00:00","dateModified":"2020-11-23T01:21:29+00:00","description":"Liste des colloques organis\u00e9s en France en 2002-2003 \u00e0 propos du latin m\u00e9di\u00e9val et du n\u00e9o-latin, recens\u00e9s par la SEMEN-L.","breadcrumb":{"@id":"https:\/\/www.semen-l.org\/?p=1258#breadcrumb"},"inLanguage":"fr-FR","potentialAction":[{"@type":"ReadAction","target":["https:\/\/www.semen-l.org\/?p=1258"]}]},{"@type":"ImageObject","inLanguage":"fr-FR","@id":"https:\/\/www.semen-l.org\/?p=1258#primaryimage","url":"https:\/\/www.semen-l.org\/wp-content\/uploads\/2020\/11\/Marco-Polo-livre-des-merveilles-btv1b5.jpg","contentUrl":"https:\/\/www.semen-l.org\/wp-content\/uploads\/2020\/11\/Marco-Polo-livre-des-merveilles-btv1b5.jpg","width":1565,"height":813},{"@type":"BreadcrumbList","@id":"https:\/\/www.semen-l.org\/?p=1258#breadcrumb","itemListElement":[{"@type":"ListItem","position":1,"name":"Accueil","item":"http:\/\/www.semen-l.org\/"},{"@type":"ListItem","position":2,"name":"Colloques 2002-2003"}]},{"@type":"WebSite","@id":"http:\/\/www.semen-l.org\/#website","url":"http:\/\/www.semen-l.org\/","name":"Soci\u00e9t\u00e9 d'\u00c9tudes M\u00e9dio Et N\u00e9o-Latines","description":"","publisher":{"@id":"http:\/\/www.semen-l.org\/#organization"},"potentialAction":[{"@type":"SearchAction","target":{"@type":"EntryPoint","urlTemplate":"http:\/\/www.semen-l.org\/?s={search_term_string}"},"query-input":{"@type":"PropertyValueSpecification","valueRequired":true,"valueName":"search_term_string"}}],"inLanguage":"fr-FR"},{"@type":"Organization","@id":"http:\/\/www.semen-l.org\/#organization","name":"Soci\u00e9t\u00e9 d'\u00e9tudes m\u00e9dio et n\u00e9o-latines","url":"http:\/\/www.semen-l.org\/","logo":{"@type":"ImageObject","inLanguage":"fr-FR","@id":"http:\/\/www.semen-l.org\/#\/schema\/logo\/image\/","url":"http:\/\/www.semen-l.org\/wp-content\/uploads\/2020\/11\/logo-semenl.jpg","contentUrl":"http:\/\/www.semen-l.org\/wp-content\/uploads\/2020\/11\/logo-semenl.jpg","width":408,"height":403,"caption":"Soci\u00e9t\u00e9 d'\u00e9tudes m\u00e9dio et n\u00e9o-latines"},"image":{"@id":"http:\/\/www.semen-l.org\/#\/schema\/logo\/image\/"},"sameAs":["https:\/\/www.facebook.com\/SEMENL2018","https:\/\/independent.academia.edu\/SocitsdtudesmdioetnolatinesSEMENL"]},{"@type":"Person","@id":"http:\/\/www.semen-l.org\/#\/schema\/person\/ef5208815f17666727763c5363a51344","name":"Julien Maudoux","image":{"@type":"ImageObject","inLanguage":"fr-FR","@id":"https:\/\/secure.gravatar.com\/avatar\/caabf4fb6242e2277733cd35a5c2aa083761ea25dae1d1ff3298b54292225292?s=96&d=mm&r=g","url":"https:\/\/secure.gravatar.com\/avatar\/caabf4fb6242e2277733cd35a5c2aa083761ea25dae1d1ff3298b54292225292?s=96&d=mm&r=g","contentUrl":"https:\/\/secure.gravatar.com\/avatar\/caabf4fb6242e2277733cd35a5c2aa083761ea25dae1d1ff3298b54292225292?s=96&d=mm&r=g","caption":"Julien Maudoux"},"description":"Webmestre du site de la SEMEN-L","url":"https:\/\/www.semen-l.org\/?author=26"}]}},"jetpack_featured_media_url":"https:\/\/www.semen-l.org\/wp-content\/uploads\/2020\/11\/Marco-Polo-livre-des-merveilles-btv1b5.jpg","_links":{"self":[{"href":"https:\/\/www.semen-l.org\/index.php?rest_route=\/wp\/v2\/posts\/1258","targetHints":{"allow":["GET"]}}],"collection":[{"href":"https:\/\/www.semen-l.org\/index.php?rest_route=\/wp\/v2\/posts"}],"about":[{"href":"https:\/\/www.semen-l.org\/index.php?rest_route=\/wp\/v2\/types\/post"}],"author":[{"embeddable":true,"href":"https:\/\/www.semen-l.org\/index.php?rest_route=\/wp\/v2\/users\/26"}],"replies":[{"embeddable":true,"href":"https:\/\/www.semen-l.org\/index.php?rest_route=%2Fwp%2Fv2%2Fcomments&post=1258"}],"version-history":[{"count":0,"href":"https:\/\/www.semen-l.org\/index.php?rest_route=\/wp\/v2\/posts\/1258\/revisions"}],"wp:featuredmedia":[{"embeddable":true,"href":"https:\/\/www.semen-l.org\/index.php?rest_route=\/wp\/v2\/media\/1136"}],"wp:attachment":[{"href":"https:\/\/www.semen-l.org\/index.php?rest_route=%2Fwp%2Fv2%2Fmedia&parent=1258"}],"wp:term":[{"taxonomy":"category","embeddable":true,"href":"https:\/\/www.semen-l.org\/index.php?rest_route=%2Fwp%2Fv2%2Fcategories&post=1258"},{"taxonomy":"post_tag","embeddable":true,"href":"https:\/\/www.semen-l.org\/index.php?rest_route=%2Fwp%2Fv2%2Ftags&post=1258"}],"curies":[{"name":"wp","href":"https:\/\/api.w.org\/{rel}","templated":true}]}}