{"id":1256,"date":"2001-12-23T01:04:47","date_gmt":"2001-12-23T01:04:47","guid":{"rendered":"http:\/\/www.semen-l.org\/?p=1256"},"modified":"2020-11-23T01:19:58","modified_gmt":"2020-11-23T01:19:58","slug":"colloques-2001","status":"publish","type":"post","link":"https:\/\/www.semen-l.org\/?p=1256","title":{"rendered":"Colloques 2001"},"content":{"rendered":"<p>Liste des colloques organis\u00e9s \u00e0 propos du latin m\u00e9di\u00e9val et du n\u00e9o-latin en 2001.<\/p>\n<p>\u2013 juin 2001, Montpellier. Charles Quint face aux R\u00e9formes, org. Centre d\u2019Histoire des R\u00e9formes et du Protestantisme. <\/p>\n<p>\u2013 12-13 septembre 2001, Le Puy-en-Velay (F). M\u00e9decine et m\u00e9decins au xvie si\u00e8cle.<\/p>\n<p>\u2013 27-29 septembre 2001, Gen\u00e8ve. Les Etudes sur la Renaissance aujourd\u2019hui : actualit\u00e9 et perspectives d\u2019avenir (nouveaux champs, nouvelles probl\u00e9matiques, nouvelles m\u00e9thodes), org. F.I.S.I.E.R., rens. A. Redondo, Univ. de Paris III-Sorbonne Nouvelle, Etudes ib\u00e9riques et latinoam\u00e9ricaines.<\/p>\n<p>\u2013 19-20 octobre 2001, Beaulieu-sur-Mer (F). Tradition classique et modernit\u00e9. XIIe Colloque de la Villa grecque K\u00e9rylos, org. Institut de France-Fondation Th\u00e9odore<br \/>\nReinach.<\/p>\n<p>\u2013 26-27 octobre 2001, Mantova (I). Il latino nell\u2019et\u00e0 dell\u2019Umanesimo, org. Accademia Nazionale Virgiliana.<\/p>\n<p>\u2013 3-5 d\u00e9cembre 2001, Paris. Les premiers si\u00e8cles de la R\u00e9publique europ\u00e9enne des Lettres (1368-1638), org. M. Fumaroli (Coll\u00e8ge de France), E. Bonnefous (Fondation Singer-Polignac).<\/p>\n","protected":false},"excerpt":{"rendered":"<p>Liste des colloques organis\u00e9s \u00e0 propos du latin m\u00e9di\u00e9val et du n\u00e9o-latin en 2001. \u2013 juin 2001, Montpellier. Charles Quint face aux R\u00e9formes, org. Centre d\u2019Histoire des R\u00e9formes et du Protestantisme. \u2013 12-13 septembre 2001, Le Puy-en-Velay (F). M\u00e9decine et &hellip; <a href=\"https:\/\/www.semen-l.org\/?p=1256\">Continuer la lecture <span class=\"meta-nav\">&rarr;<\/span><\/a><\/p>\n","protected":false},"author":26,"featured_media":1201,"comment_status":"open","ping_status":"open","sticky":false,"template":"","format":"standard","meta":{"footnotes":""},"categories":[4],"tags":[1177,1438,144,23,1173,1439,1440,1437],"class_list":["post-1256","post","type-post","status-publish","format-standard","has-post-thumbnail","hentry","category-colloques","tag-charles-quint","tag-classicisme","tag-humanisme","tag-medecine","tag-methode","tag-modernite","tag-protestantisme","tag-republique-des-lettres"],"yoast_head":"<!-- This site is optimized with the Yoast SEO plugin v27.5 - https:\/\/yoast.com\/product\/yoast-seo-wordpress\/ -->\n<title>Colloques 2001 - Soci\u00e9t\u00e9 d&#039;\u00c9tudes M\u00e9dio Et N\u00e9o-Latines<\/title>\n<meta name=\"description\" content=\"Liste des colloques organis\u00e9s en 2001 en France dans les universit\u00e9s et \u00e9coles \u00e0 propos du latin m\u00e9di\u00e9val et du n\u00e9o-latin.\" \/>\n<meta name=\"robots\" content=\"index, follow, max-snippet:-1, max-image-preview:large, max-video-preview:-1\" \/>\n<link rel=\"canonical\" href=\"http:\/\/www.semen-l.org\/?p=1256\" \/>\n<meta property=\"og:locale\" content=\"fr_FR\" \/>\n<meta property=\"og:type\" content=\"article\" \/>\n<meta property=\"og:title\" content=\"Colloques 2001 - Soci\u00e9t\u00e9 d&#039;\u00c9tudes M\u00e9dio Et N\u00e9o-Latines\" \/>\n<meta property=\"og:description\" content=\"Liste des colloques organis\u00e9s en 2001 en France dans les universit\u00e9s et \u00e9coles \u00e0 propos du latin m\u00e9di\u00e9val et du n\u00e9o-latin.\" \/>\n<meta property=\"og:url\" content=\"http:\/\/www.semen-l.org\/?p=1256\" \/>\n<meta property=\"og:site_name\" content=\"Soci\u00e9t\u00e9 d&#039;\u00c9tudes M\u00e9dio Et N\u00e9o-Latines\" \/>\n<meta property=\"article:publisher\" content=\"https:\/\/www.facebook.com\/SEMENL2018\" \/>\n<meta property=\"article:published_time\" content=\"2001-12-23T01:04:47+00:00\" \/>\n<meta property=\"article:modified_time\" content=\"2020-11-23T01:19:58+00:00\" \/>\n<meta property=\"og:image\" content=\"http:\/\/www.semen-l.org\/wp-content\/uploads\/2020\/11\/ecole-athenes-categorie.jpg\" \/>\n\t<meta property=\"og:image:width\" content=\"1000\" \/>\n\t<meta property=\"og:image:height\" content=\"300\" \/>\n\t<meta property=\"og:image:type\" content=\"image\/jpeg\" \/>\n<meta name=\"author\" content=\"Julien Maudoux\" \/>\n<meta name=\"twitter:card\" content=\"summary_large_image\" \/>\n<meta name=\"twitter:label1\" content=\"\u00c9crit par\" \/>\n\t<meta name=\"twitter:data1\" content=\"Julien Maudoux\" \/>\n\t<meta name=\"twitter:label2\" content=\"Dur\u00e9e de lecture estim\u00e9e\" \/>\n\t<meta name=\"twitter:data2\" content=\"1 minute\" \/>\n<script type=\"application\/ld+json\" class=\"yoast-schema-graph\">{\"@context\":\"https:\\\/\\\/schema.org\",\"@graph\":[{\"@type\":\"Article\",\"@id\":\"http:\\\/\\\/www.semen-l.org\\\/?p=1256#article\",\"isPartOf\":{\"@id\":\"http:\\\/\\\/www.semen-l.org\\\/?p=1256\"},\"author\":{\"name\":\"Julien Maudoux\",\"@id\":\"http:\\\/\\\/www.semen-l.org\\\/#\\\/schema\\\/person\\\/ef5208815f17666727763c5363a51344\"},\"headline\":\"Colloques 2001\",\"datePublished\":\"2001-12-23T01:04:47+00:00\",\"dateModified\":\"2020-11-23T01:19:58+00:00\",\"mainEntityOfPage\":{\"@id\":\"http:\\\/\\\/www.semen-l.org\\\/?p=1256\"},\"wordCount\":159,\"commentCount\":0,\"publisher\":{\"@id\":\"http:\\\/\\\/www.semen-l.org\\\/#organization\"},\"image\":{\"@id\":\"http:\\\/\\\/www.semen-l.org\\\/?p=1256#primaryimage\"},\"thumbnailUrl\":\"https:\\\/\\\/www.semen-l.org\\\/wp-content\\\/uploads\\\/2020\\\/11\\\/ecole-athenes-categorie.jpg\",\"keywords\":[\"Charles Quint\",\"classicisme\",\"humanisme\",\"m\u00e9decine\",\"m\u00e9thode\",\"modernit\u00e9\",\"protestantisme\",\"r\u00e9publique des lettres\"],\"articleSection\":[\"Colloques\"],\"inLanguage\":\"fr-FR\",\"potentialAction\":[{\"@type\":\"CommentAction\",\"name\":\"Comment\",\"target\":[\"http:\\\/\\\/www.semen-l.org\\\/?p=1256#respond\"]}]},{\"@type\":\"WebPage\",\"@id\":\"http:\\\/\\\/www.semen-l.org\\\/?p=1256\",\"url\":\"http:\\\/\\\/www.semen-l.org\\\/?p=1256\",\"name\":\"Colloques 2001 - Soci\u00e9t\u00e9 d&#039;\u00c9tudes M\u00e9dio Et N\u00e9o-Latines\",\"isPartOf\":{\"@id\":\"http:\\\/\\\/www.semen-l.org\\\/#website\"},\"primaryImageOfPage\":{\"@id\":\"http:\\\/\\\/www.semen-l.org\\\/?p=1256#primaryimage\"},\"image\":{\"@id\":\"http:\\\/\\\/www.semen-l.org\\\/?p=1256#primaryimage\"},\"thumbnailUrl\":\"https:\\\/\\\/www.semen-l.org\\\/wp-content\\\/uploads\\\/2020\\\/11\\\/ecole-athenes-categorie.jpg\",\"datePublished\":\"2001-12-23T01:04:47+00:00\",\"dateModified\":\"2020-11-23T01:19:58+00:00\",\"description\":\"Liste des colloques organis\u00e9s en 2001 en France dans les universit\u00e9s et \u00e9coles \u00e0 propos du latin m\u00e9di\u00e9val et du n\u00e9o-latin.\",\"breadcrumb\":{\"@id\":\"http:\\\/\\\/www.semen-l.org\\\/?p=1256#breadcrumb\"},\"inLanguage\":\"fr-FR\",\"potentialAction\":[{\"@type\":\"ReadAction\",\"target\":[\"http:\\\/\\\/www.semen-l.org\\\/?p=1256\"]}]},{\"@type\":\"ImageObject\",\"inLanguage\":\"fr-FR\",\"@id\":\"http:\\\/\\\/www.semen-l.org\\\/?p=1256#primaryimage\",\"url\":\"https:\\\/\\\/www.semen-l.org\\\/wp-content\\\/uploads\\\/2020\\\/11\\\/ecole-athenes-categorie.jpg\",\"contentUrl\":\"https:\\\/\\\/www.semen-l.org\\\/wp-content\\\/uploads\\\/2020\\\/11\\\/ecole-athenes-categorie.jpg\",\"width\":1000,\"height\":300},{\"@type\":\"BreadcrumbList\",\"@id\":\"http:\\\/\\\/www.semen-l.org\\\/?p=1256#breadcrumb\",\"itemListElement\":[{\"@type\":\"ListItem\",\"position\":1,\"name\":\"Accueil\",\"item\":\"http:\\\/\\\/www.semen-l.org\\\/\"},{\"@type\":\"ListItem\",\"position\":2,\"name\":\"Colloques 2001\"}]},{\"@type\":\"WebSite\",\"@id\":\"http:\\\/\\\/www.semen-l.org\\\/#website\",\"url\":\"http:\\\/\\\/www.semen-l.org\\\/\",\"name\":\"Soci\u00e9t\u00e9 d'\u00c9tudes M\u00e9dio Et N\u00e9o-Latines\",\"description\":\"\",\"publisher\":{\"@id\":\"http:\\\/\\\/www.semen-l.org\\\/#organization\"},\"potentialAction\":[{\"@type\":\"SearchAction\",\"target\":{\"@type\":\"EntryPoint\",\"urlTemplate\":\"http:\\\/\\\/www.semen-l.org\\\/?s={search_term_string}\"},\"query-input\":{\"@type\":\"PropertyValueSpecification\",\"valueRequired\":true,\"valueName\":\"search_term_string\"}}],\"inLanguage\":\"fr-FR\"},{\"@type\":\"Organization\",\"@id\":\"http:\\\/\\\/www.semen-l.org\\\/#organization\",\"name\":\"Soci\u00e9t\u00e9 d'\u00e9tudes m\u00e9dio et n\u00e9o-latines\",\"url\":\"http:\\\/\\\/www.semen-l.org\\\/\",\"logo\":{\"@type\":\"ImageObject\",\"inLanguage\":\"fr-FR\",\"@id\":\"http:\\\/\\\/www.semen-l.org\\\/#\\\/schema\\\/logo\\\/image\\\/\",\"url\":\"http:\\\/\\\/www.semen-l.org\\\/wp-content\\\/uploads\\\/2020\\\/11\\\/logo-semenl.jpg\",\"contentUrl\":\"http:\\\/\\\/www.semen-l.org\\\/wp-content\\\/uploads\\\/2020\\\/11\\\/logo-semenl.jpg\",\"width\":408,\"height\":403,\"caption\":\"Soci\u00e9t\u00e9 d'\u00e9tudes m\u00e9dio et n\u00e9o-latines\"},\"image\":{\"@id\":\"http:\\\/\\\/www.semen-l.org\\\/#\\\/schema\\\/logo\\\/image\\\/\"},\"sameAs\":[\"https:\\\/\\\/www.facebook.com\\\/SEMENL2018\",\"https:\\\/\\\/independent.academia.edu\\\/SocitsdtudesmdioetnolatinesSEMENL\"]},{\"@type\":\"Person\",\"@id\":\"http:\\\/\\\/www.semen-l.org\\\/#\\\/schema\\\/person\\\/ef5208815f17666727763c5363a51344\",\"name\":\"Julien Maudoux\",\"image\":{\"@type\":\"ImageObject\",\"inLanguage\":\"fr-FR\",\"@id\":\"https:\\\/\\\/secure.gravatar.com\\\/avatar\\\/caabf4fb6242e2277733cd35a5c2aa083761ea25dae1d1ff3298b54292225292?s=96&d=mm&r=g\",\"url\":\"https:\\\/\\\/secure.gravatar.com\\\/avatar\\\/caabf4fb6242e2277733cd35a5c2aa083761ea25dae1d1ff3298b54292225292?s=96&d=mm&r=g\",\"contentUrl\":\"https:\\\/\\\/secure.gravatar.com\\\/avatar\\\/caabf4fb6242e2277733cd35a5c2aa083761ea25dae1d1ff3298b54292225292?s=96&d=mm&r=g\",\"caption\":\"Julien Maudoux\"},\"description\":\"Webmestre du site de la SEMEN-L\",\"url\":\"https:\\\/\\\/www.semen-l.org\\\/?author=26\"}]}<\/script>\n<!-- \/ Yoast SEO plugin. -->","yoast_head_json":{"title":"Colloques 2001 - Soci\u00e9t\u00e9 d&#039;\u00c9tudes M\u00e9dio Et N\u00e9o-Latines","description":"Liste des colloques organis\u00e9s en 2001 en France dans les universit\u00e9s et \u00e9coles \u00e0 propos du latin m\u00e9di\u00e9val et du n\u00e9o-latin.","robots":{"index":"index","follow":"follow","max-snippet":"max-snippet:-1","max-image-preview":"max-image-preview:large","max-video-preview":"max-video-preview:-1"},"canonical":"http:\/\/www.semen-l.org\/?p=1256","og_locale":"fr_FR","og_type":"article","og_title":"Colloques 2001 - Soci\u00e9t\u00e9 d&#039;\u00c9tudes M\u00e9dio Et N\u00e9o-Latines","og_description":"Liste des colloques organis\u00e9s en 2001 en France dans les universit\u00e9s et \u00e9coles \u00e0 propos du latin m\u00e9di\u00e9val et du n\u00e9o-latin.","og_url":"http:\/\/www.semen-l.org\/?p=1256","og_site_name":"Soci\u00e9t\u00e9 d&#039;\u00c9tudes M\u00e9dio Et N\u00e9o-Latines","article_publisher":"https:\/\/www.facebook.com\/SEMENL2018","article_published_time":"2001-12-23T01:04:47+00:00","article_modified_time":"2020-11-23T01:19:58+00:00","og_image":[{"width":1000,"height":300,"url":"http:\/\/www.semen-l.org\/wp-content\/uploads\/2020\/11\/ecole-athenes-categorie.jpg","type":"image\/jpeg"}],"author":"Julien Maudoux","twitter_card":"summary_large_image","twitter_misc":{"\u00c9crit par":"Julien Maudoux","Dur\u00e9e de lecture estim\u00e9e":"1 minute"},"schema":{"@context":"https:\/\/schema.org","@graph":[{"@type":"Article","@id":"http:\/\/www.semen-l.org\/?p=1256#article","isPartOf":{"@id":"http:\/\/www.semen-l.org\/?p=1256"},"author":{"name":"Julien Maudoux","@id":"http:\/\/www.semen-l.org\/#\/schema\/person\/ef5208815f17666727763c5363a51344"},"headline":"Colloques 2001","datePublished":"2001-12-23T01:04:47+00:00","dateModified":"2020-11-23T01:19:58+00:00","mainEntityOfPage":{"@id":"http:\/\/www.semen-l.org\/?p=1256"},"wordCount":159,"commentCount":0,"publisher":{"@id":"http:\/\/www.semen-l.org\/#organization"},"image":{"@id":"http:\/\/www.semen-l.org\/?p=1256#primaryimage"},"thumbnailUrl":"https:\/\/www.semen-l.org\/wp-content\/uploads\/2020\/11\/ecole-athenes-categorie.jpg","keywords":["Charles Quint","classicisme","humanisme","m\u00e9decine","m\u00e9thode","modernit\u00e9","protestantisme","r\u00e9publique des lettres"],"articleSection":["Colloques"],"inLanguage":"fr-FR","potentialAction":[{"@type":"CommentAction","name":"Comment","target":["http:\/\/www.semen-l.org\/?p=1256#respond"]}]},{"@type":"WebPage","@id":"http:\/\/www.semen-l.org\/?p=1256","url":"http:\/\/www.semen-l.org\/?p=1256","name":"Colloques 2001 - Soci\u00e9t\u00e9 d&#039;\u00c9tudes M\u00e9dio Et N\u00e9o-Latines","isPartOf":{"@id":"http:\/\/www.semen-l.org\/#website"},"primaryImageOfPage":{"@id":"http:\/\/www.semen-l.org\/?p=1256#primaryimage"},"image":{"@id":"http:\/\/www.semen-l.org\/?p=1256#primaryimage"},"thumbnailUrl":"https:\/\/www.semen-l.org\/wp-content\/uploads\/2020\/11\/ecole-athenes-categorie.jpg","datePublished":"2001-12-23T01:04:47+00:00","dateModified":"2020-11-23T01:19:58+00:00","description":"Liste des colloques organis\u00e9s en 2001 en France dans les universit\u00e9s et \u00e9coles \u00e0 propos du latin m\u00e9di\u00e9val et du n\u00e9o-latin.","breadcrumb":{"@id":"http:\/\/www.semen-l.org\/?p=1256#breadcrumb"},"inLanguage":"fr-FR","potentialAction":[{"@type":"ReadAction","target":["http:\/\/www.semen-l.org\/?p=1256"]}]},{"@type":"ImageObject","inLanguage":"fr-FR","@id":"http:\/\/www.semen-l.org\/?p=1256#primaryimage","url":"https:\/\/www.semen-l.org\/wp-content\/uploads\/2020\/11\/ecole-athenes-categorie.jpg","contentUrl":"https:\/\/www.semen-l.org\/wp-content\/uploads\/2020\/11\/ecole-athenes-categorie.jpg","width":1000,"height":300},{"@type":"BreadcrumbList","@id":"http:\/\/www.semen-l.org\/?p=1256#breadcrumb","itemListElement":[{"@type":"ListItem","position":1,"name":"Accueil","item":"http:\/\/www.semen-l.org\/"},{"@type":"ListItem","position":2,"name":"Colloques 2001"}]},{"@type":"WebSite","@id":"http:\/\/www.semen-l.org\/#website","url":"http:\/\/www.semen-l.org\/","name":"Soci\u00e9t\u00e9 d'\u00c9tudes M\u00e9dio Et N\u00e9o-Latines","description":"","publisher":{"@id":"http:\/\/www.semen-l.org\/#organization"},"potentialAction":[{"@type":"SearchAction","target":{"@type":"EntryPoint","urlTemplate":"http:\/\/www.semen-l.org\/?s={search_term_string}"},"query-input":{"@type":"PropertyValueSpecification","valueRequired":true,"valueName":"search_term_string"}}],"inLanguage":"fr-FR"},{"@type":"Organization","@id":"http:\/\/www.semen-l.org\/#organization","name":"Soci\u00e9t\u00e9 d'\u00e9tudes m\u00e9dio et n\u00e9o-latines","url":"http:\/\/www.semen-l.org\/","logo":{"@type":"ImageObject","inLanguage":"fr-FR","@id":"http:\/\/www.semen-l.org\/#\/schema\/logo\/image\/","url":"http:\/\/www.semen-l.org\/wp-content\/uploads\/2020\/11\/logo-semenl.jpg","contentUrl":"http:\/\/www.semen-l.org\/wp-content\/uploads\/2020\/11\/logo-semenl.jpg","width":408,"height":403,"caption":"Soci\u00e9t\u00e9 d'\u00e9tudes m\u00e9dio et n\u00e9o-latines"},"image":{"@id":"http:\/\/www.semen-l.org\/#\/schema\/logo\/image\/"},"sameAs":["https:\/\/www.facebook.com\/SEMENL2018","https:\/\/independent.academia.edu\/SocitsdtudesmdioetnolatinesSEMENL"]},{"@type":"Person","@id":"http:\/\/www.semen-l.org\/#\/schema\/person\/ef5208815f17666727763c5363a51344","name":"Julien Maudoux","image":{"@type":"ImageObject","inLanguage":"fr-FR","@id":"https:\/\/secure.gravatar.com\/avatar\/caabf4fb6242e2277733cd35a5c2aa083761ea25dae1d1ff3298b54292225292?s=96&d=mm&r=g","url":"https:\/\/secure.gravatar.com\/avatar\/caabf4fb6242e2277733cd35a5c2aa083761ea25dae1d1ff3298b54292225292?s=96&d=mm&r=g","contentUrl":"https:\/\/secure.gravatar.com\/avatar\/caabf4fb6242e2277733cd35a5c2aa083761ea25dae1d1ff3298b54292225292?s=96&d=mm&r=g","caption":"Julien Maudoux"},"description":"Webmestre du site de la SEMEN-L","url":"https:\/\/www.semen-l.org\/?author=26"}]}},"jetpack_featured_media_url":"https:\/\/www.semen-l.org\/wp-content\/uploads\/2020\/11\/ecole-athenes-categorie.jpg","_links":{"self":[{"href":"https:\/\/www.semen-l.org\/index.php?rest_route=\/wp\/v2\/posts\/1256","targetHints":{"allow":["GET"]}}],"collection":[{"href":"https:\/\/www.semen-l.org\/index.php?rest_route=\/wp\/v2\/posts"}],"about":[{"href":"https:\/\/www.semen-l.org\/index.php?rest_route=\/wp\/v2\/types\/post"}],"author":[{"embeddable":true,"href":"https:\/\/www.semen-l.org\/index.php?rest_route=\/wp\/v2\/users\/26"}],"replies":[{"embeddable":true,"href":"https:\/\/www.semen-l.org\/index.php?rest_route=%2Fwp%2Fv2%2Fcomments&post=1256"}],"version-history":[{"count":0,"href":"https:\/\/www.semen-l.org\/index.php?rest_route=\/wp\/v2\/posts\/1256\/revisions"}],"wp:featuredmedia":[{"embeddable":true,"href":"https:\/\/www.semen-l.org\/index.php?rest_route=\/wp\/v2\/media\/1201"}],"wp:attachment":[{"href":"https:\/\/www.semen-l.org\/index.php?rest_route=%2Fwp%2Fv2%2Fmedia&parent=1256"}],"wp:term":[{"taxonomy":"category","embeddable":true,"href":"https:\/\/www.semen-l.org\/index.php?rest_route=%2Fwp%2Fv2%2Fcategories&post=1256"},{"taxonomy":"post_tag","embeddable":true,"href":"https:\/\/www.semen-l.org\/index.php?rest_route=%2Fwp%2Fv2%2Ftags&post=1256"}],"curies":[{"name":"wp","href":"https:\/\/api.w.org\/{rel}","templated":true}]}}