{"id":1069,"date":"2020-11-25T12:44:36","date_gmt":"2020-11-25T12:44:36","guid":{"rendered":"http:\/\/www.semen-l.org\/?p=1069"},"modified":"2020-11-25T19:58:36","modified_gmt":"2020-11-25T19:58:36","slug":"colloques-2020-2021","status":"publish","type":"post","link":"https:\/\/www.semen-l.org\/?p=1069","title":{"rendered":"Colloques 2020-2021"},"content":{"rendered":"<p>Voici la liste des colloques et journ\u00e9es d&rsquo;\u00e9tude recens\u00e9s par la SEMEN-L pour l&rsquo;ann\u00e9e 2020-2021 : vous pouvez <a href=\"http:\/\/www.semen-l.org\/wp-content\/uploads\/2020\/11\/Colloques-2020-2021.pdf\">la t\u00e9l\u00e9charger ici<\/a>.<\/p>\n<a href=\"https:\/\/www.semen-l.org\/wp-content\/uploads\/2020\/11\/Colloques-2020-2021.pdf\" class=\"pdfemb-viewer\" style=\"\" data-width=\"max\" data-height=\"max\" data-toolbar=\"both\" data-toolbar-fixed=\"off\">Colloques 2020-2021<\/a>\n<p>*<\/p>\n<p>&nbsp;<\/p>\n<p>Rubrique colloque 2020-2021<\/p>\n<p>&#8211; 5-6 octobre 2020, Journ\u00e9e d\u2019\u00e9tudes : \u00ab <em>Remembratio codicum<\/em>. Manuscrits fragmentaires de chant reconstruits \u00bb, org. J. Delmulle (IRHT) et H. Morvan (Institut Ausonius), Universit\u00e9 Bordeaux Montaigne<\/p>\n<p>&#8211; 15 oct. 2020, Amiens (Logis du Roy), UPJV-UR 4284 TrAme, Journ\u00e9e \u00ab \u00c9crire en po\u00e8te au temps des conflits confessionnels \u00bb, org. A. Duru (audrey.duru@u-picardie.fr).<\/p>\n<p>&#8211; 23 octobre 2020. Atelier <em>P\u00e9dagogies de la Renaissance et supports de l\u2019\u00e9crit<\/em>, org. Lucie Claire, Martine Furno, Anne-H\u00e9l\u00e8ne Klinger-Doll\u00e9 et Laurent Naas, Villeurbanne, enssib,<\/p>\n<p>&#8211; 16-18 novembre 2020, Universit\u00e9 de Louvain-la-Neuve, colloque \u00ab Penser autrement les lettres et les arts : la voie\/voix de la scolastique (1500-1700) \u00bb, org. R. Dekoninck &#8211; A. Guiderdoni &#8211; A. Smeesters, contact aline.smeesters@uclouvain.be<\/p>\n<p>&#8211; 21 novembre 2020, Atelier XVIe si\u00e8cle : \u00ab Le grec \u00e0 la Renaissance \u00bb, Amphith\u00e9\u00e2tre Chasles, 10h-17h.<\/p>\n<p>&#8211; 12 f\u00e9vrier 2021, Colloque inaugural de l\u2019Association canadienne d\u2019\u00e9tudes n\u00e9o-latines\/Canadian Association of Neo-Latin studies, org. P. Cohen (University of Toronto), M. McShane (University of Toronto), J. Nassichuk (University of Western Ontario), L. Roman (Memorial University), F. Rouget (Queen\u2019s University).<\/p>\n<p>&#8211; 23-24 f\u00e9vrier 2021, Colloque <em>Histoire et transmission de la <\/em>Passio imaginis Salvatoris, org. Nick Thate, Aubervilliers, Campus Condorcet.<\/p>\n<p>&#8211; 1er et 2 avril 2021, \u00ab La vie du livre \u00bb et \u00ab Les biblioth\u00e8ques et collections \u00bb en Aquitaine \u00e0 l&rsquo;\u00e9poque de Montaigne. (\u00e0 pr\u00e9ciser)<\/p>\n<p>&#8211; 7-10 avril 2021, Dublin (en visio-conf\u00e9rences), Renaissance Society of America 67th Annual Meeting.<\/p>\n<p>&#8211; 7-10 avril 2021, Dublin (en visio-conf\u00e9rence), Session double \u00ab The women&rsquo;s issue among Italian and French humanists : I. Debates \/ II. Representations \u00bb, org. L. Boul\u00e8gue (UR UPJV 4284 TrAme) &#8211; S. Gambino Longo (U. Lyon), RSA 67th Annual Meeting.<\/p>\n<p>&#8211; 7-10 avril 2021, Dublin (en visio-conf\u00e9rence), Table ronde \u00ab Les <em>Opera omnia <\/em>de Jean Second (1511-1536) \u00bb, org. M. Laureys (U. Bonn) \u2013 V. Leroux (EPHE, PSL), RSA 67th Annual Meeting.<\/p>\n<p>&#8211; 20 mai 2021, Journ\u00e9e th\u00e9matique : \u00ab Les \u00ab r\u00e9v\u00e9lations \u00bb comme support de transmission d\u2019un savoir cosmologique \u00bb, org. I. Draelants, J.-Ch. Coulon et E. Abate, Aubervilliers, Campus Condorcet.<\/p>\n<p>&#8211; juin 2021 (dates \u00e0 pr\u00e9ciser), Dijon, Universit\u00e9 de Bourgogne, Congr\u00e8s de la Semen-L \u00ab Latin et grec au Moyen \u00c2ge et \u00e0 la Renaissance \u00bb, org. S. Laigneau-Fontaine (sylvie.laigneau-fontaine@sfr.fr) et E. Oudot<\/p>\n<p>&#8211; 4 juin 2021, Universit\u00e9 de Picardie Jules Verne &#8211; Amiens, Journ\u00e9e scientifique du Congr\u00e8s de l&rsquo;Apla\u00e8s, \u00a0\u00bb Imitation des mod\u00e8les et intertextualit\u00e9(s) de la Gr\u00e8ce ancienne \u00e0 la Renaissance humaniste\u00a0\u00bb, org. L. Boul\u00e8gue, M. Brouillet, N. Catellani, L. Claire, contact laurence.boulegue@u-picardie.fr<\/p>\n<p>&#8211; 15-16 juin 2021, \u00ab <em>Remembratio codicum<\/em>. Manuscrits fragmentaires de chant reconstruits \u00bb, org. J.-Fr. Goudesenne, G. Kagan(IRHT) et M.-\u00c9. Gautier (Biblioth\u00e8que municipale, Angers), Archives d\u00e9partementales, Angers et Tours.<\/p>\n<p>&#8211; 21-23 octobre 2021, Colloque <em>P\u00e9dagogies de la Renaissance et supports de l\u2019\u00e9crit<\/em>, org. Lucie Claire, Martine Furno, Anne-H\u00e9l\u00e8ne Klinger-Doll\u00e9 et Laurent Naas, S\u00e9lestat, Biblioth\u00e8que humaniste.<\/p>\n<p>Projets<\/p>\n<p>&#8211; ARC Schol\u2019Art : Les th\u00e9ories modernes des lettres et des arts \u00e0 la lumi\u00e8re de la seconde scolastique (France-Italie, 1500-1700). Universit\u00e9 de Louvain-la-Neuve \u2013 Gemca. Promoteurs : A. Guiderdoni, R. Dekoninck, A. Smeesters.<\/p>\n<p>Projet Bordeaux<\/p>\n<p>&#8211; <em>Burgundia humanistica <\/em>: Les \u00e9crivains bourguignons qui \u00e9crivent en latin et\/ou en grec aux XVIe et XVIIe si\u00e8cles. Promotrice : S. Laigneau-Fontaine (Universit\u00e9 de Dijon). Ce projet a re\u00e7u le soutien du Conseil R\u00e9gional de Bourgogne, qui lui a attribu\u00e9 un financement et un contrat doctoral : Elena Ghiringhelli travaillera sous la direction de S. Laigneau-Fontaine et celle de Val\u00e9rie Wampfler sur la Continuation des <em>Fastes <\/em>d\u2019Ovide par le Dijonnais Claude-Barth\u00e9lemy Morisot (1649). Plusieurs travaux actuellement en cours appartiennent par ailleurs \u00e0 ce projet, par exemple l\u2019\u00e9dition, traduction, commentaire de la <em>Gigantomachie <\/em>de l\u2019Autunois Jacques Guijon (1658). Le corpus est immense et vari\u00e9 (textes de droit, de m\u00e9decine, <em>tumuli<\/em>, \u00e9loges, correspondances, po\u00e9sies diverses\u2026) et toutes les bonnes volont\u00e9s d\u00e9sirant participer au projet sont les bienvenues !<\/p>\n<p>&#8211; projet CREAMYTHALEX : La r\u00e9ception de l\u2019Antiquit\u00e9 grecque en Europe. Promotrice Catherine Gaullier-Bougassas Le projet a d\u2019abord port\u00e9 sur la figure d\u2019Alexandre le Grand et les travaux permis par un financement ANR ont \u00e9t\u00e9 publi\u00e9s dans la collection \u00ab Alexander redivivus \u00bb cr\u00e9\u00e9e durant ce projet chez Brepols (http:\/\/www.brepols.net\/Pages\/BrowseBySeries.aspx?TreeSeries=AR). Il s\u2019est ensuite \u00e9largi \u00e0 la r\u00e9ception de l\u2019Antiquit\u00e9 grecque d\u2019avant Alexandre. Une nouvelle collection a ainsi \u00e9t\u00e9 cr\u00e9\u00e9e chez Brepols: \u00ab Recherches sur les R\u00e9ceptions de l\u2019Antiquit\u00e9 \u00bb, direction Catherine Gaullier-Bougassas<\/p>\n<p>http:\/\/www.brepols.net\/Pages\/BrowseBySeries.aspx?TreeSeries=RRA&#038;fbclid=IwAR0MNaU1ZLctpVqzbXIpFzeYEz0c_mIwGFpe1WpVLK7vDUMGOZCVMnYlflQ<\/p>\n<p>Deux journ\u00e9es d\u2019\u00e9tude sont pr\u00e9vues en 2021, l\u2019une sur les repr\u00e9sentations de l\u2019espace grec antique, l\u2019autre sur les \u00e9critures mythologiques. Les dates ne sont pas encore fix\u00e9es en raison de la crise. Contact pour les coll\u00e8gues int\u00e9ress\u00e9s par le projet : catherine-bougassas@orange.fr)..fr<\/p>\n","protected":false},"excerpt":{"rendered":"<p>Voici la liste des colloques et journ\u00e9es d&rsquo;\u00e9tude recens\u00e9s par la SEMEN-L pour l&rsquo;ann\u00e9e 2020-2021 : vous pouvez la t\u00e9l\u00e9charger ici. * &nbsp; Rubrique colloque 2020-2021 &#8211; 5-6 octobre 2020, Journ\u00e9e d\u2019\u00e9tudes : \u00ab Remembratio codicum. Manuscrits fragmentaires de chant &hellip; <a href=\"https:\/\/www.semen-l.org\/?p=1069\">Continuer la lecture <span class=\"meta-nav\">&rarr;<\/span><\/a><\/p>\n","protected":false},"author":5,"featured_media":1201,"comment_status":"open","ping_status":"open","sticky":false,"template":"","format":"standard","meta":{"footnotes":""},"categories":[4],"tags":[215,92,207,1560,1392,193,823,1565,18,1563,691,1294,1561,1425,1562,1187,449,144,1559,1349,1431,159,23,1281,1564,417,70,1558,1208,26,42,421],"class_list":["post-1069","post","type-post","status-publish","format-standard","has-post-thumbnail","hentry","category-colloques","tag-alexandre-le-grand","tag-art","tag-bibliotheque","tag-bourgogne","tag-chant","tag-cosmologie","tag-droit","tag-eloge","tag-epistolaire","tag-fastes","tag-femmes","tag-france","tag-gigantomachie-jacques-guijon","tag-grec-ancien","tag-guijon-jacques","tag-histoire","tag-histoire-du-livre","tag-humanisme","tag-intertextualite","tag-italie","tag-litterature","tag-manuscrit","tag-medecine","tag-modele","tag-morisot-claude-barthelemy","tag-mythologie","tag-ovide","tag-passio-imaginis-salvatoris","tag-pedagogie","tag-poesie","tag-scolastique","tag-second-jean"],"yoast_head":"<!-- This site is optimized with the Yoast SEO plugin v27.5 - https:\/\/yoast.com\/product\/yoast-seo-wordpress\/ -->\n<title>Colloques 2020-2021 - Soci\u00e9t\u00e9 d&#039;\u00c9tudes M\u00e9dio Et N\u00e9o-Latines<\/title>\n<meta name=\"description\" content=\"Liste des colloques et journ\u00e9es d&#039;\u00e9tude sur le latin m\u00e9di\u00e9val et le n\u00e9o-latin recens\u00e9s pour l&#039;ann\u00e9e 2020-2021 par la Semen-L.\" \/>\n<meta name=\"robots\" content=\"index, follow, max-snippet:-1, max-image-preview:large, max-video-preview:-1\" \/>\n<link rel=\"canonical\" href=\"https:\/\/www.semen-l.org\/?p=1069\" \/>\n<meta property=\"og:locale\" content=\"fr_FR\" \/>\n<meta property=\"og:type\" content=\"article\" \/>\n<meta property=\"og:title\" content=\"Colloques 2020-2021 - Soci\u00e9t\u00e9 d&#039;\u00c9tudes M\u00e9dio Et N\u00e9o-Latines\" \/>\n<meta property=\"og:description\" content=\"Liste des colloques et journ\u00e9es d&#039;\u00e9tude sur le latin m\u00e9di\u00e9val et le n\u00e9o-latin recens\u00e9s pour l&#039;ann\u00e9e 2020-2021 par la Semen-L.\" \/>\n<meta property=\"og:url\" content=\"https:\/\/www.semen-l.org\/?p=1069\" \/>\n<meta property=\"og:site_name\" content=\"Soci\u00e9t\u00e9 d&#039;\u00c9tudes M\u00e9dio Et N\u00e9o-Latines\" \/>\n<meta property=\"article:publisher\" content=\"https:\/\/www.facebook.com\/SEMENL2018\" \/>\n<meta property=\"article:published_time\" content=\"2020-11-25T12:44:36+00:00\" \/>\n<meta property=\"article:modified_time\" content=\"2020-11-25T19:58:36+00:00\" \/>\n<meta property=\"og:image\" content=\"https:\/\/www.semen-l.org\/wp-content\/uploads\/2020\/11\/ecole-athenes-categorie.jpg\" \/>\n\t<meta property=\"og:image:width\" content=\"1000\" \/>\n\t<meta property=\"og:image:height\" content=\"300\" \/>\n\t<meta property=\"og:image:type\" content=\"image\/jpeg\" \/>\n<meta name=\"author\" content=\"Seris\" \/>\n<meta name=\"twitter:card\" content=\"summary_large_image\" \/>\n<meta name=\"twitter:label1\" content=\"\u00c9crit par\" \/>\n\t<meta name=\"twitter:data1\" content=\"Seris\" \/>\n\t<meta name=\"twitter:label2\" content=\"Dur\u00e9e de lecture estim\u00e9e\" \/>\n\t<meta name=\"twitter:data2\" content=\"4 minutes\" \/>\n<script type=\"application\/ld+json\" class=\"yoast-schema-graph\">{\"@context\":\"https:\\\/\\\/schema.org\",\"@graph\":[{\"@type\":\"Article\",\"@id\":\"https:\\\/\\\/www.semen-l.org\\\/?p=1069#article\",\"isPartOf\":{\"@id\":\"https:\\\/\\\/www.semen-l.org\\\/?p=1069\"},\"author\":{\"name\":\"Seris\",\"@id\":\"http:\\\/\\\/www.semen-l.org\\\/#\\\/schema\\\/person\\\/6e8c8c75b499690cc37dd369354a7c47\"},\"headline\":\"Colloques 2020-2021\",\"datePublished\":\"2020-11-25T12:44:36+00:00\",\"dateModified\":\"2020-11-25T19:58:36+00:00\",\"mainEntityOfPage\":{\"@id\":\"https:\\\/\\\/www.semen-l.org\\\/?p=1069\"},\"wordCount\":855,\"commentCount\":0,\"publisher\":{\"@id\":\"http:\\\/\\\/www.semen-l.org\\\/#organization\"},\"image\":{\"@id\":\"https:\\\/\\\/www.semen-l.org\\\/?p=1069#primaryimage\"},\"thumbnailUrl\":\"https:\\\/\\\/www.semen-l.org\\\/wp-content\\\/uploads\\\/2020\\\/11\\\/ecole-athenes-categorie.jpg\",\"keywords\":[\"Alexandre le Grand\",\"art\",\"biblioth\u00e8que\",\"Bourgogne\",\"chant\",\"cosmologie\",\"droit\",\"\u00e9loge\",\"\u00e9pistolaire\",\"Fastes\",\"femmes\",\"France\",\"Gigantomachie (Jacques Guijon)\",\"grec ancien\",\"Guijon (Jacques)\",\"histoire\",\"histoire du livre\",\"humanisme\",\"intertextualit\u00e9\",\"Italie\",\"litt\u00e9rature\",\"manuscrit\",\"m\u00e9decine\",\"mod\u00e8le\",\"Morisot (Claude-Barth\u00e9l\u00e9my)\",\"mythologie\",\"Ovide\",\"Passio imaginis Salvatoris\",\"p\u00e9dagogie\",\"po\u00e9sie\",\"scolastique\",\"Second (Jean)\"],\"articleSection\":[\"Colloques\"],\"inLanguage\":\"fr-FR\",\"potentialAction\":[{\"@type\":\"CommentAction\",\"name\":\"Comment\",\"target\":[\"https:\\\/\\\/www.semen-l.org\\\/?p=1069#respond\"]}]},{\"@type\":\"WebPage\",\"@id\":\"https:\\\/\\\/www.semen-l.org\\\/?p=1069\",\"url\":\"https:\\\/\\\/www.semen-l.org\\\/?p=1069\",\"name\":\"Colloques 2020-2021 - Soci\u00e9t\u00e9 d&#039;\u00c9tudes M\u00e9dio Et N\u00e9o-Latines\",\"isPartOf\":{\"@id\":\"http:\\\/\\\/www.semen-l.org\\\/#website\"},\"primaryImageOfPage\":{\"@id\":\"https:\\\/\\\/www.semen-l.org\\\/?p=1069#primaryimage\"},\"image\":{\"@id\":\"https:\\\/\\\/www.semen-l.org\\\/?p=1069#primaryimage\"},\"thumbnailUrl\":\"https:\\\/\\\/www.semen-l.org\\\/wp-content\\\/uploads\\\/2020\\\/11\\\/ecole-athenes-categorie.jpg\",\"datePublished\":\"2020-11-25T12:44:36+00:00\",\"dateModified\":\"2020-11-25T19:58:36+00:00\",\"description\":\"Liste des colloques et journ\u00e9es d'\u00e9tude sur le latin m\u00e9di\u00e9val et le n\u00e9o-latin recens\u00e9s pour l'ann\u00e9e 2020-2021 par la Semen-L.\",\"breadcrumb\":{\"@id\":\"https:\\\/\\\/www.semen-l.org\\\/?p=1069#breadcrumb\"},\"inLanguage\":\"fr-FR\",\"potentialAction\":[{\"@type\":\"ReadAction\",\"target\":[\"https:\\\/\\\/www.semen-l.org\\\/?p=1069\"]}]},{\"@type\":\"ImageObject\",\"inLanguage\":\"fr-FR\",\"@id\":\"https:\\\/\\\/www.semen-l.org\\\/?p=1069#primaryimage\",\"url\":\"https:\\\/\\\/www.semen-l.org\\\/wp-content\\\/uploads\\\/2020\\\/11\\\/ecole-athenes-categorie.jpg\",\"contentUrl\":\"https:\\\/\\\/www.semen-l.org\\\/wp-content\\\/uploads\\\/2020\\\/11\\\/ecole-athenes-categorie.jpg\",\"width\":1000,\"height\":300},{\"@type\":\"BreadcrumbList\",\"@id\":\"https:\\\/\\\/www.semen-l.org\\\/?p=1069#breadcrumb\",\"itemListElement\":[{\"@type\":\"ListItem\",\"position\":1,\"name\":\"Accueil\",\"item\":\"http:\\\/\\\/www.semen-l.org\\\/\"},{\"@type\":\"ListItem\",\"position\":2,\"name\":\"Colloques 2020-2021\"}]},{\"@type\":\"WebSite\",\"@id\":\"http:\\\/\\\/www.semen-l.org\\\/#website\",\"url\":\"http:\\\/\\\/www.semen-l.org\\\/\",\"name\":\"Soci\u00e9t\u00e9 d'\u00c9tudes M\u00e9dio Et N\u00e9o-Latines\",\"description\":\"\",\"publisher\":{\"@id\":\"http:\\\/\\\/www.semen-l.org\\\/#organization\"},\"potentialAction\":[{\"@type\":\"SearchAction\",\"target\":{\"@type\":\"EntryPoint\",\"urlTemplate\":\"http:\\\/\\\/www.semen-l.org\\\/?s={search_term_string}\"},\"query-input\":{\"@type\":\"PropertyValueSpecification\",\"valueRequired\":true,\"valueName\":\"search_term_string\"}}],\"inLanguage\":\"fr-FR\"},{\"@type\":\"Organization\",\"@id\":\"http:\\\/\\\/www.semen-l.org\\\/#organization\",\"name\":\"Soci\u00e9t\u00e9 d'\u00e9tudes m\u00e9dio et n\u00e9o-latines\",\"url\":\"http:\\\/\\\/www.semen-l.org\\\/\",\"logo\":{\"@type\":\"ImageObject\",\"inLanguage\":\"fr-FR\",\"@id\":\"http:\\\/\\\/www.semen-l.org\\\/#\\\/schema\\\/logo\\\/image\\\/\",\"url\":\"http:\\\/\\\/www.semen-l.org\\\/wp-content\\\/uploads\\\/2020\\\/11\\\/logo-semenl.jpg\",\"contentUrl\":\"http:\\\/\\\/www.semen-l.org\\\/wp-content\\\/uploads\\\/2020\\\/11\\\/logo-semenl.jpg\",\"width\":408,\"height\":403,\"caption\":\"Soci\u00e9t\u00e9 d'\u00e9tudes m\u00e9dio et n\u00e9o-latines\"},\"image\":{\"@id\":\"http:\\\/\\\/www.semen-l.org\\\/#\\\/schema\\\/logo\\\/image\\\/\"},\"sameAs\":[\"https:\\\/\\\/www.facebook.com\\\/SEMENL2018\",\"https:\\\/\\\/independent.academia.edu\\\/SocitsdtudesmdioetnolatinesSEMENL\"]},{\"@type\":\"Person\",\"@id\":\"http:\\\/\\\/www.semen-l.org\\\/#\\\/schema\\\/person\\\/6e8c8c75b499690cc37dd369354a7c47\",\"name\":\"Seris\",\"image\":{\"@type\":\"ImageObject\",\"inLanguage\":\"fr-FR\",\"@id\":\"https:\\\/\\\/secure.gravatar.com\\\/avatar\\\/8aec6178114279c28f7f0f4ccbb54eefdf0db708e95973d3513a9c5387b223b9?s=96&d=mm&r=g\",\"url\":\"https:\\\/\\\/secure.gravatar.com\\\/avatar\\\/8aec6178114279c28f7f0f4ccbb54eefdf0db708e95973d3513a9c5387b223b9?s=96&d=mm&r=g\",\"contentUrl\":\"https:\\\/\\\/secure.gravatar.com\\\/avatar\\\/8aec6178114279c28f7f0f4ccbb54eefdf0db708e95973d3513a9c5387b223b9?s=96&d=mm&r=g\",\"caption\":\"Seris\"},\"url\":\"https:\\\/\\\/www.semen-l.org\\\/?author=5\"}]}<\/script>\n<!-- \/ Yoast SEO plugin. -->","yoast_head_json":{"title":"Colloques 2020-2021 - Soci\u00e9t\u00e9 d&#039;\u00c9tudes M\u00e9dio Et N\u00e9o-Latines","description":"Liste des colloques et journ\u00e9es d'\u00e9tude sur le latin m\u00e9di\u00e9val et le n\u00e9o-latin recens\u00e9s pour l'ann\u00e9e 2020-2021 par la Semen-L.","robots":{"index":"index","follow":"follow","max-snippet":"max-snippet:-1","max-image-preview":"max-image-preview:large","max-video-preview":"max-video-preview:-1"},"canonical":"https:\/\/www.semen-l.org\/?p=1069","og_locale":"fr_FR","og_type":"article","og_title":"Colloques 2020-2021 - Soci\u00e9t\u00e9 d&#039;\u00c9tudes M\u00e9dio Et N\u00e9o-Latines","og_description":"Liste des colloques et journ\u00e9es d'\u00e9tude sur le latin m\u00e9di\u00e9val et le n\u00e9o-latin recens\u00e9s pour l'ann\u00e9e 2020-2021 par la Semen-L.","og_url":"https:\/\/www.semen-l.org\/?p=1069","og_site_name":"Soci\u00e9t\u00e9 d&#039;\u00c9tudes M\u00e9dio Et N\u00e9o-Latines","article_publisher":"https:\/\/www.facebook.com\/SEMENL2018","article_published_time":"2020-11-25T12:44:36+00:00","article_modified_time":"2020-11-25T19:58:36+00:00","og_image":[{"width":1000,"height":300,"url":"https:\/\/www.semen-l.org\/wp-content\/uploads\/2020\/11\/ecole-athenes-categorie.jpg","type":"image\/jpeg"}],"author":"Seris","twitter_card":"summary_large_image","twitter_misc":{"\u00c9crit par":"Seris","Dur\u00e9e de lecture estim\u00e9e":"4 minutes"},"schema":{"@context":"https:\/\/schema.org","@graph":[{"@type":"Article","@id":"https:\/\/www.semen-l.org\/?p=1069#article","isPartOf":{"@id":"https:\/\/www.semen-l.org\/?p=1069"},"author":{"name":"Seris","@id":"http:\/\/www.semen-l.org\/#\/schema\/person\/6e8c8c75b499690cc37dd369354a7c47"},"headline":"Colloques 2020-2021","datePublished":"2020-11-25T12:44:36+00:00","dateModified":"2020-11-25T19:58:36+00:00","mainEntityOfPage":{"@id":"https:\/\/www.semen-l.org\/?p=1069"},"wordCount":855,"commentCount":0,"publisher":{"@id":"http:\/\/www.semen-l.org\/#organization"},"image":{"@id":"https:\/\/www.semen-l.org\/?p=1069#primaryimage"},"thumbnailUrl":"https:\/\/www.semen-l.org\/wp-content\/uploads\/2020\/11\/ecole-athenes-categorie.jpg","keywords":["Alexandre le Grand","art","biblioth\u00e8que","Bourgogne","chant","cosmologie","droit","\u00e9loge","\u00e9pistolaire","Fastes","femmes","France","Gigantomachie (Jacques Guijon)","grec ancien","Guijon (Jacques)","histoire","histoire du livre","humanisme","intertextualit\u00e9","Italie","litt\u00e9rature","manuscrit","m\u00e9decine","mod\u00e8le","Morisot (Claude-Barth\u00e9l\u00e9my)","mythologie","Ovide","Passio imaginis Salvatoris","p\u00e9dagogie","po\u00e9sie","scolastique","Second (Jean)"],"articleSection":["Colloques"],"inLanguage":"fr-FR","potentialAction":[{"@type":"CommentAction","name":"Comment","target":["https:\/\/www.semen-l.org\/?p=1069#respond"]}]},{"@type":"WebPage","@id":"https:\/\/www.semen-l.org\/?p=1069","url":"https:\/\/www.semen-l.org\/?p=1069","name":"Colloques 2020-2021 - Soci\u00e9t\u00e9 d&#039;\u00c9tudes M\u00e9dio Et N\u00e9o-Latines","isPartOf":{"@id":"http:\/\/www.semen-l.org\/#website"},"primaryImageOfPage":{"@id":"https:\/\/www.semen-l.org\/?p=1069#primaryimage"},"image":{"@id":"https:\/\/www.semen-l.org\/?p=1069#primaryimage"},"thumbnailUrl":"https:\/\/www.semen-l.org\/wp-content\/uploads\/2020\/11\/ecole-athenes-categorie.jpg","datePublished":"2020-11-25T12:44:36+00:00","dateModified":"2020-11-25T19:58:36+00:00","description":"Liste des colloques et journ\u00e9es d'\u00e9tude sur le latin m\u00e9di\u00e9val et le n\u00e9o-latin recens\u00e9s pour l'ann\u00e9e 2020-2021 par la Semen-L.","breadcrumb":{"@id":"https:\/\/www.semen-l.org\/?p=1069#breadcrumb"},"inLanguage":"fr-FR","potentialAction":[{"@type":"ReadAction","target":["https:\/\/www.semen-l.org\/?p=1069"]}]},{"@type":"ImageObject","inLanguage":"fr-FR","@id":"https:\/\/www.semen-l.org\/?p=1069#primaryimage","url":"https:\/\/www.semen-l.org\/wp-content\/uploads\/2020\/11\/ecole-athenes-categorie.jpg","contentUrl":"https:\/\/www.semen-l.org\/wp-content\/uploads\/2020\/11\/ecole-athenes-categorie.jpg","width":1000,"height":300},{"@type":"BreadcrumbList","@id":"https:\/\/www.semen-l.org\/?p=1069#breadcrumb","itemListElement":[{"@type":"ListItem","position":1,"name":"Accueil","item":"http:\/\/www.semen-l.org\/"},{"@type":"ListItem","position":2,"name":"Colloques 2020-2021"}]},{"@type":"WebSite","@id":"http:\/\/www.semen-l.org\/#website","url":"http:\/\/www.semen-l.org\/","name":"Soci\u00e9t\u00e9 d'\u00c9tudes M\u00e9dio Et N\u00e9o-Latines","description":"","publisher":{"@id":"http:\/\/www.semen-l.org\/#organization"},"potentialAction":[{"@type":"SearchAction","target":{"@type":"EntryPoint","urlTemplate":"http:\/\/www.semen-l.org\/?s={search_term_string}"},"query-input":{"@type":"PropertyValueSpecification","valueRequired":true,"valueName":"search_term_string"}}],"inLanguage":"fr-FR"},{"@type":"Organization","@id":"http:\/\/www.semen-l.org\/#organization","name":"Soci\u00e9t\u00e9 d'\u00e9tudes m\u00e9dio et n\u00e9o-latines","url":"http:\/\/www.semen-l.org\/","logo":{"@type":"ImageObject","inLanguage":"fr-FR","@id":"http:\/\/www.semen-l.org\/#\/schema\/logo\/image\/","url":"http:\/\/www.semen-l.org\/wp-content\/uploads\/2020\/11\/logo-semenl.jpg","contentUrl":"http:\/\/www.semen-l.org\/wp-content\/uploads\/2020\/11\/logo-semenl.jpg","width":408,"height":403,"caption":"Soci\u00e9t\u00e9 d'\u00e9tudes m\u00e9dio et n\u00e9o-latines"},"image":{"@id":"http:\/\/www.semen-l.org\/#\/schema\/logo\/image\/"},"sameAs":["https:\/\/www.facebook.com\/SEMENL2018","https:\/\/independent.academia.edu\/SocitsdtudesmdioetnolatinesSEMENL"]},{"@type":"Person","@id":"http:\/\/www.semen-l.org\/#\/schema\/person\/6e8c8c75b499690cc37dd369354a7c47","name":"Seris","image":{"@type":"ImageObject","inLanguage":"fr-FR","@id":"https:\/\/secure.gravatar.com\/avatar\/8aec6178114279c28f7f0f4ccbb54eefdf0db708e95973d3513a9c5387b223b9?s=96&d=mm&r=g","url":"https:\/\/secure.gravatar.com\/avatar\/8aec6178114279c28f7f0f4ccbb54eefdf0db708e95973d3513a9c5387b223b9?s=96&d=mm&r=g","contentUrl":"https:\/\/secure.gravatar.com\/avatar\/8aec6178114279c28f7f0f4ccbb54eefdf0db708e95973d3513a9c5387b223b9?s=96&d=mm&r=g","caption":"Seris"},"url":"https:\/\/www.semen-l.org\/?author=5"}]}},"jetpack_featured_media_url":"https:\/\/www.semen-l.org\/wp-content\/uploads\/2020\/11\/ecole-athenes-categorie.jpg","_links":{"self":[{"href":"https:\/\/www.semen-l.org\/index.php?rest_route=\/wp\/v2\/posts\/1069","targetHints":{"allow":["GET"]}}],"collection":[{"href":"https:\/\/www.semen-l.org\/index.php?rest_route=\/wp\/v2\/posts"}],"about":[{"href":"https:\/\/www.semen-l.org\/index.php?rest_route=\/wp\/v2\/types\/post"}],"author":[{"embeddable":true,"href":"https:\/\/www.semen-l.org\/index.php?rest_route=\/wp\/v2\/users\/5"}],"replies":[{"embeddable":true,"href":"https:\/\/www.semen-l.org\/index.php?rest_route=%2Fwp%2Fv2%2Fcomments&post=1069"}],"version-history":[{"count":0,"href":"https:\/\/www.semen-l.org\/index.php?rest_route=\/wp\/v2\/posts\/1069\/revisions"}],"wp:featuredmedia":[{"embeddable":true,"href":"https:\/\/www.semen-l.org\/index.php?rest_route=\/wp\/v2\/media\/1201"}],"wp:attachment":[{"href":"https:\/\/www.semen-l.org\/index.php?rest_route=%2Fwp%2Fv2%2Fmedia&parent=1069"}],"wp:term":[{"taxonomy":"category","embeddable":true,"href":"https:\/\/www.semen-l.org\/index.php?rest_route=%2Fwp%2Fv2%2Fcategories&post=1069"},{"taxonomy":"post_tag","embeddable":true,"href":"https:\/\/www.semen-l.org\/index.php?rest_route=%2Fwp%2Fv2%2Ftags&post=1069"}],"curies":[{"name":"wp","href":"https:\/\/api.w.org\/{rel}","templated":true}]}}