{"id":10,"date":"2011-10-07T21:48:22","date_gmt":"2011-10-07T21:48:22","guid":{"rendered":"http:\/\/www.hermand.org\/semenl\/?p=10"},"modified":"2020-11-18T22:27:31","modified_gmt":"2020-11-18T22:27:31","slug":"4-novembre-2011-journee-detudes-george-buchanan-textes-et-traductions","status":"publish","type":"post","link":"https:\/\/www.semen-l.org\/?p=10","title":{"rendered":"4 novembre 2011 : Journ\u00e9e d&rsquo;\u00e9tudes \u00abGeorge Buchanan : textes et traductions\u00bb"},"content":{"rendered":"<p>Journ\u00e9e d\u2019\u00e9tude du groupe <em>Epist\u00e9m\u00e8<\/em> organis\u00e9e par Armel Dubois-Nayt (Universit\u00e9 Versailles &#8211; Saint-Quentin), Carine Ferradou (Universit\u00e9 Paul C\u00e9zanne &#8211; Aix-Marseille III) et Line Cottegnies (Universit\u00e9 Sorbonne Nouvelle &#8211; Paris 3)<\/p>\n<p>Lieu :\u00a0Salle 12,\u00a0Institut du Monde Anglophone :\u00a05 rue de l\u2019Ecole de M\u00e9decine\u00a075006 Paris<\/p>\n<p>Pour t\u00e9l\u00e9charger le programme au format Word, cliquez sur le lien suivant : \u00a0<a href=\"http:\/\/www.semen-l.org\/wp-content\/uploads\/2011\/10\/Buchanan.doc\">Buchanan<\/a><\/p>\n<p><strong>\u00a0<\/strong><\/p>\n<p><strong>Programme\u00a0: Journ\u00e9e d\u2019\u00e9tude<\/strong><\/p>\n<p><strong>\u00a04 novembre 2011.<\/strong><\/p>\n<p><strong>\u00ab\u00a0George Buchanan\u00a0: textes et traductions\u00a0\u00bb.<\/strong><\/p>\n<p><strong>Salle 12, Institut du Monde Anglophone<\/strong><\/p>\n<p><strong>5 rue de l\u2019Ecole de M\u00e9decine<\/strong><\/p>\n<p><strong>75006 Paris<\/strong><\/p>\n<p><strong>\u00a0<\/strong><\/p>\n<p><strong>\u00a0<\/strong><\/p>\n<p>&nbsp;<\/p>\n<p><strong>9h30<\/strong>\u00a0: accueil des participants.<\/p>\n<p><strong><em>\u00a0<\/em><\/strong><\/p>\n<p><strong>9h45-10h15\u00a0<\/strong>: Carine Ferradou et Armel Dubois-Nayt, Introduction \u00e0 la journ\u00e9e d\u2019\u00e9tude.<\/p>\n<p>&nbsp;<\/p>\n<ol>\n<li><strong>\u00ab\u00a0Les textes de circonstance\u00a0\u00bb. <em>Pr\u00e9sidence de s\u00e9ance\u00a0: Michel Magnien<\/em><\/strong><\/li>\n<\/ol>\n<p>&nbsp;<\/p>\n<p><strong>10h15-10h45 :<\/strong> Roger P.H. Green, University of Glasgow, \u00ab\u00a0Buchanan and his Psalms\u00a0: translator \/ paraphraser\u00a0\/ versifier \/ poet\u00a0?\u00a0\u00bb.<\/p>\n<p><em>\u00a0<\/em><\/p>\n<p><strong>10h45-11h15\u00a0:<\/strong> Nathalie Catellani-Dufr\u00eane, \u00a0Universit\u00e9 de Picardie-Jules Verne\/IUFM d\u2019Amiens : \u00ab\u00a0La conception de la traduction chez Buchanan\u00a0\u00bb.<\/p>\n<p>&nbsp;<\/p>\n<p><strong>11h15-11h45 :<\/strong> Philip Ford, University of Cambridge\u00a0: \u00ab\u00a0la traduction fran\u00e7aise du <em>Pro lena\u00a0<\/em>\u00bb.<\/p>\n<p>&nbsp;<\/p>\n<p><strong>11h45-12h30\u00a0:<\/strong> Discussion.<\/p>\n<p>&nbsp;<\/p>\n<p><em>D\u00e9jeuner.<\/em><\/p>\n<p>&nbsp;<\/p>\n<ol>\n<li><strong> \u00ab\u00a0Les traductions \u00e0 but originellement didactiques\u00a0\u00bb. <em>Pr\u00e9sidence de s\u00e9ance\u00a0: Roger Green.<\/em><\/strong><\/li>\n<\/ol>\n<p>&nbsp;<\/p>\n<p><strong>14h30-15h00\u00a0<\/strong>: Zo\u00e9 Schweitzer, Universit\u00e9 de Saint-Etienne\u00a0: \u00ab\u00a0Buchanan, hell\u00e9niste et dramaturge, interpr\u00e8te d\u2019Euripide \u00bb.<\/p>\n<p>&nbsp;<\/p>\n<p><strong>15h00- 15h30\u00a0<\/strong>: Martine Furno, University Stendhal, Grenoble III\u00a0: \u00ab\u00a0<em>Interprete Georgio Buchanano Scoto<\/em>: G. Buchanan et sa traduction latine des <em>Rudimenta Grammatices<\/em> de Linacre.\u00a0\u00bb,<\/p>\n<p>&nbsp;<\/p>\n<p><strong>15h30-16h00\u00a0: <\/strong>Discussion.<\/p>\n<p>&nbsp;<\/p>\n<p><strong>\u00a0\u00a0\u00a0\u00a0\u00a0\u00a0\u00a0\u00a0\u00a0\u00a0\u00a0 <\/strong>16h00-16h30: <em>Pause Caf\u00e9<\/em><\/p>\n<p><em>\u00a0<\/em><\/p>\n<p><strong>III. \u00ab\u00a0La r\u00e9ception imm\u00e9diate de Buchanan via les traductions vernaculaires\u00a0\u00bb.<\/strong><\/p>\n<p><strong><em>Pr\u00e9sidence de s\u00e9ance\u00a0: Tony Gheeraert. <\/em><\/strong><\/p>\n<p><strong><em>\u00a0<\/em><\/strong><\/p>\n<p><strong>16h30-17h00\u00a0<\/strong>: Carine Ferradou, Universit\u00e9 Paul C\u00e9zanne : \u00ab<em>Jepht\u00e9, trag\u00e9die traduicte du latin de George Buchanan Escossois\u00a0<\/em>: Florent Chrestien traducteur, pol\u00e9miste et po\u00e8te\u00bb.<\/p>\n<p>&nbsp;<\/p>\n<p>&nbsp;<\/p>\n<p><strong>17h00-17h30\u00a0<\/strong>: Armel Dubois-Nayt, Universit\u00e9 de Versailles-Saint-Quentin\u00a0: \u00ab\u00a0Les traductions anglaises et \u00e9cossaises de la <em>detectio<\/em>\u00a0\u00bb.<\/p>\n<p>&nbsp;<\/p>\n<p><strong>17h30-18h00\u00a0<\/strong>: Philip Ford\u00a0: Conclusion de la journ\u00e9e et discussion.<\/p>\n<p>&nbsp;<\/p>\n<p>&nbsp;<\/p>\n<p>&nbsp;<\/p>\n<p>&nbsp;<\/p>\n<p>&nbsp;<\/p>\n<p>Journ\u00e9e d\u2019\u00e9tude du groupe <em>Epist\u00e9m\u00e8<\/em> organis\u00e9e par Armel Dubois-Nayt (Universit\u00e9 Versailles &#8211; Saint-Quentin), Carine Ferradou (Universit\u00e9 Paul C\u00e9zanne &#8211; Aix-Marseille III) et Line Cottegnies (Universit\u00e9 Sorbonne Nouvelle &#8211; Paris 3)<\/p>\n<p>&nbsp;<\/p>\n<p>Le colloque est soutenu par l\u2019\u00e9quipe d\u2019accueil PRISMES (EA 4398) de l\u2019Universit\u00e9 de la Sorbonne Nouvelle \u2013 Paris 3, l\u2019Institut du Monde Anglophone, le Conseil scientifique de la Sorbonne Nouvelle &#8211; Paris 3 et le GDRI CLARo (UMR 8163\u00a0: \u00ab\u00a0Savoirs, Textes, Langage\u00a0\u00bb), Universit\u00e9 de Lille 3.<\/p>\n<p>&nbsp;<\/p>\n<p>&nbsp;<\/p>\n<p>S\u00e9minaire et revue Epist\u00e9m\u00e8\u00a0: \u00a0\u00a0\u00a0\u00a0\u00a0\u00a0\u00a0\u00a0\u00a0\u00a0\u00a0\u00a0\u00a0\u00a0\u00a0\u00a0\u00a0\u00a0\u00a0\u00a0\u00a0\u00a0\u00a0\u00a0\u00a0\u00a0\u00a0\u00a0\u00a0\u00a0\u00a0\u00a0\u00a0\u00a0\u00a0\u00a0\u00a0\u00a0\u00a0\u00a0\u00a0\u00a0\u00a0\u00a0\u00a0\u00a0\u00a0\u00a0\u00a0\u00a0\u00a0\u00a0\u00a0\u00a0\u00a0\u00a0\u00a0\u00a0\u00a0\u00a0 GDRI CLARo\u00a0:<\/p>\n<p><a href=\"http:\/\/revue.etudes-episteme.org\/\">http:\/\/revue.etudes-episteme.org\/<\/a>\u00a0\u00a0\u00a0\u00a0\u00a0\u00a0\u00a0\u00a0\u00a0\u00a0\u00a0\u00a0\u00a0\u00a0\u00a0\u00a0\u00a0\u00a0\u00a0\u00a0\u00a0\u00a0\u00a0\u00a0\u00a0\u00a0\u00a0\u00a0\u00a0\u00a0\u00a0\u00a0\u00a0\u00a0\u00a0\u00a0\u00a0\u00a0\u00a0\u00a0\u00a0\u00a0\u00a0\u00a0\u00a0\u00a0\u00a0\u00a0\u00a0\u00a0\u00a0\u00a0\u00a0\u00a0\u00a0\u00a0\u00a0\u00a0 Carnet du GDRI (<a href=\"http:\/\/claro.hypotheses.org\/1\">http:\/\/claro.hypotheses.org\/1<\/a>)<\/p>\n","protected":false},"excerpt":{"rendered":"<p>Journ\u00e9e d\u2019\u00e9tude du groupe Epist\u00e9m\u00e8 organis\u00e9e par Armel Dubois-Nayt (Universit\u00e9 Versailles &#8211; Saint-Quentin), Carine Ferradou (Universit\u00e9 Paul C\u00e9zanne &#8211; Aix-Marseille III) et Line Cottegnies (Universit\u00e9 Sorbonne Nouvelle &#8211; Paris 3) Lieu :\u00a0Salle 12,\u00a0Institut du Monde Anglophone :\u00a05 rue de l\u2019Ecole &hellip; <a href=\"https:\/\/www.semen-l.org\/?p=10\">Continuer la lecture <span class=\"meta-nav\">&rarr;<\/span><\/a><\/p>\n","protected":false},"author":5,"featured_media":0,"comment_status":"open","ping_status":"open","sticky":false,"template":"","format":"standard","meta":{"footnotes":""},"categories":[4],"tags":[133,362,284,367,363,366,372,368,369,370,365,371,114,373],"class_list":["post-10","post","type-post","status-publish","format-standard","hentry","category-colloques","tag-george-buchanan","tag-chrestien-florent","tag-elegie","tag-euripide","tag-jephte","tag-linacre-thomas","tag-paraphrase","tag-pro-lena-buchanan","tag-psaume","tag-psaumes-buchanan","tag-rudimenta-grammatices","tag-traduction","tag-tragedie","tag-versification"],"yoast_head":"<!-- This site is optimized with the Yoast SEO plugin v27.5 - https:\/\/yoast.com\/product\/yoast-seo-wordpress\/ -->\n<title>4 novembre 2011 : Journ\u00e9e d&#039;\u00e9tudes \u00abGeorge Buchanan : textes et traductions\u00bb - Soci\u00e9t\u00e9 d&#039;\u00c9tudes M\u00e9dio Et N\u00e9o-Latines<\/title>\n<meta name=\"robots\" content=\"index, follow, max-snippet:-1, max-image-preview:large, max-video-preview:-1\" \/>\n<link rel=\"canonical\" href=\"https:\/\/www.semen-l.org\/?p=10\" \/>\n<meta property=\"og:locale\" content=\"fr_FR\" \/>\n<meta property=\"og:type\" content=\"article\" \/>\n<meta property=\"og:title\" content=\"4 novembre 2011 : Journ\u00e9e d&#039;\u00e9tudes \u00abGeorge Buchanan : textes et traductions\u00bb - Soci\u00e9t\u00e9 d&#039;\u00c9tudes M\u00e9dio Et N\u00e9o-Latines\" \/>\n<meta property=\"og:description\" content=\"Journ\u00e9e d\u2019\u00e9tude du groupe Epist\u00e9m\u00e8 organis\u00e9e par Armel Dubois-Nayt (Universit\u00e9 Versailles &#8211; Saint-Quentin), Carine Ferradou (Universit\u00e9 Paul C\u00e9zanne &#8211; Aix-Marseille III) et Line Cottegnies (Universit\u00e9 Sorbonne Nouvelle &#8211; Paris 3) Lieu :\u00a0Salle 12,\u00a0Institut du Monde Anglophone :\u00a05 rue de l\u2019Ecole &hellip; Continuer la lecture &rarr;\" \/>\n<meta property=\"og:url\" content=\"https:\/\/www.semen-l.org\/?p=10\" \/>\n<meta property=\"og:site_name\" content=\"Soci\u00e9t\u00e9 d&#039;\u00c9tudes M\u00e9dio Et N\u00e9o-Latines\" \/>\n<meta property=\"article:publisher\" content=\"https:\/\/www.facebook.com\/SEMENL2018\" \/>\n<meta property=\"article:published_time\" content=\"2011-10-07T21:48:22+00:00\" \/>\n<meta property=\"article:modified_time\" content=\"2020-11-18T22:27:31+00:00\" \/>\n<meta name=\"author\" content=\"Seris\" \/>\n<meta name=\"twitter:card\" content=\"summary_large_image\" \/>\n<meta name=\"twitter:label1\" content=\"\u00c9crit par\" \/>\n\t<meta name=\"twitter:data1\" content=\"Seris\" \/>\n\t<meta name=\"twitter:label2\" content=\"Dur\u00e9e de lecture estim\u00e9e\" \/>\n\t<meta name=\"twitter:data2\" content=\"2 minutes\" \/>\n<script type=\"application\/ld+json\" class=\"yoast-schema-graph\">{\"@context\":\"https:\\\/\\\/schema.org\",\"@graph\":[{\"@type\":\"Article\",\"@id\":\"https:\\\/\\\/www.semen-l.org\\\/?p=10#article\",\"isPartOf\":{\"@id\":\"https:\\\/\\\/www.semen-l.org\\\/?p=10\"},\"author\":{\"name\":\"Seris\",\"@id\":\"http:\\\/\\\/www.semen-l.org\\\/#\\\/schema\\\/person\\\/6e8c8c75b499690cc37dd369354a7c47\"},\"headline\":\"4 novembre 2011 : Journ\u00e9e d&rsquo;\u00e9tudes \u00abGeorge Buchanan : textes et traductions\u00bb\",\"datePublished\":\"2011-10-07T21:48:22+00:00\",\"dateModified\":\"2020-11-18T22:27:31+00:00\",\"mainEntityOfPage\":{\"@id\":\"https:\\\/\\\/www.semen-l.org\\\/?p=10\"},\"wordCount\":440,\"commentCount\":0,\"publisher\":{\"@id\":\"http:\\\/\\\/www.semen-l.org\\\/#organization\"},\"keywords\":[\"Buchanan (George)\",\"Chrestien (Florent)\",\"\u00e9l\u00e9gie\",\"Euripide\",\"Jepht\u00e9\",\"Linacre (Thomas)\",\"paraphrase\",\"Pro lena (Buchanan)\",\"psaume\",\"Psaumes (Buchanan)\",\"Rudimenta Grammatices\",\"traduction\",\"trag\u00e9die\",\"versification\"],\"articleSection\":[\"Colloques\"],\"inLanguage\":\"fr-FR\",\"potentialAction\":[{\"@type\":\"CommentAction\",\"name\":\"Comment\",\"target\":[\"https:\\\/\\\/www.semen-l.org\\\/?p=10#respond\"]}]},{\"@type\":\"WebPage\",\"@id\":\"https:\\\/\\\/www.semen-l.org\\\/?p=10\",\"url\":\"https:\\\/\\\/www.semen-l.org\\\/?p=10\",\"name\":\"4 novembre 2011 : Journ\u00e9e d'\u00e9tudes \u00abGeorge Buchanan : textes et traductions\u00bb - Soci\u00e9t\u00e9 d&#039;\u00c9tudes M\u00e9dio Et N\u00e9o-Latines\",\"isPartOf\":{\"@id\":\"http:\\\/\\\/www.semen-l.org\\\/#website\"},\"datePublished\":\"2011-10-07T21:48:22+00:00\",\"dateModified\":\"2020-11-18T22:27:31+00:00\",\"breadcrumb\":{\"@id\":\"https:\\\/\\\/www.semen-l.org\\\/?p=10#breadcrumb\"},\"inLanguage\":\"fr-FR\",\"potentialAction\":[{\"@type\":\"ReadAction\",\"target\":[\"https:\\\/\\\/www.semen-l.org\\\/?p=10\"]}]},{\"@type\":\"BreadcrumbList\",\"@id\":\"https:\\\/\\\/www.semen-l.org\\\/?p=10#breadcrumb\",\"itemListElement\":[{\"@type\":\"ListItem\",\"position\":1,\"name\":\"Accueil\",\"item\":\"http:\\\/\\\/www.semen-l.org\\\/\"},{\"@type\":\"ListItem\",\"position\":2,\"name\":\"4 novembre 2011 : Journ\u00e9e d&rsquo;\u00e9tudes \u00abGeorge Buchanan : textes et traductions\u00bb\"}]},{\"@type\":\"WebSite\",\"@id\":\"http:\\\/\\\/www.semen-l.org\\\/#website\",\"url\":\"http:\\\/\\\/www.semen-l.org\\\/\",\"name\":\"Soci\u00e9t\u00e9 d'\u00c9tudes M\u00e9dio Et N\u00e9o-Latines\",\"description\":\"\",\"publisher\":{\"@id\":\"http:\\\/\\\/www.semen-l.org\\\/#organization\"},\"potentialAction\":[{\"@type\":\"SearchAction\",\"target\":{\"@type\":\"EntryPoint\",\"urlTemplate\":\"http:\\\/\\\/www.semen-l.org\\\/?s={search_term_string}\"},\"query-input\":{\"@type\":\"PropertyValueSpecification\",\"valueRequired\":true,\"valueName\":\"search_term_string\"}}],\"inLanguage\":\"fr-FR\"},{\"@type\":\"Organization\",\"@id\":\"http:\\\/\\\/www.semen-l.org\\\/#organization\",\"name\":\"Soci\u00e9t\u00e9 d'\u00e9tudes m\u00e9dio et n\u00e9o-latines\",\"url\":\"http:\\\/\\\/www.semen-l.org\\\/\",\"logo\":{\"@type\":\"ImageObject\",\"inLanguage\":\"fr-FR\",\"@id\":\"http:\\\/\\\/www.semen-l.org\\\/#\\\/schema\\\/logo\\\/image\\\/\",\"url\":\"http:\\\/\\\/www.semen-l.org\\\/wp-content\\\/uploads\\\/2020\\\/11\\\/logo-semenl.jpg\",\"contentUrl\":\"http:\\\/\\\/www.semen-l.org\\\/wp-content\\\/uploads\\\/2020\\\/11\\\/logo-semenl.jpg\",\"width\":408,\"height\":403,\"caption\":\"Soci\u00e9t\u00e9 d'\u00e9tudes m\u00e9dio et n\u00e9o-latines\"},\"image\":{\"@id\":\"http:\\\/\\\/www.semen-l.org\\\/#\\\/schema\\\/logo\\\/image\\\/\"},\"sameAs\":[\"https:\\\/\\\/www.facebook.com\\\/SEMENL2018\",\"https:\\\/\\\/independent.academia.edu\\\/SocitsdtudesmdioetnolatinesSEMENL\"]},{\"@type\":\"Person\",\"@id\":\"http:\\\/\\\/www.semen-l.org\\\/#\\\/schema\\\/person\\\/6e8c8c75b499690cc37dd369354a7c47\",\"name\":\"Seris\",\"image\":{\"@type\":\"ImageObject\",\"inLanguage\":\"fr-FR\",\"@id\":\"https:\\\/\\\/secure.gravatar.com\\\/avatar\\\/8aec6178114279c28f7f0f4ccbb54eefdf0db708e95973d3513a9c5387b223b9?s=96&d=mm&r=g\",\"url\":\"https:\\\/\\\/secure.gravatar.com\\\/avatar\\\/8aec6178114279c28f7f0f4ccbb54eefdf0db708e95973d3513a9c5387b223b9?s=96&d=mm&r=g\",\"contentUrl\":\"https:\\\/\\\/secure.gravatar.com\\\/avatar\\\/8aec6178114279c28f7f0f4ccbb54eefdf0db708e95973d3513a9c5387b223b9?s=96&d=mm&r=g\",\"caption\":\"Seris\"},\"url\":\"https:\\\/\\\/www.semen-l.org\\\/?author=5\"}]}<\/script>\n<!-- \/ Yoast SEO plugin. -->","yoast_head_json":{"title":"4 novembre 2011 : Journ\u00e9e d'\u00e9tudes \u00abGeorge Buchanan : textes et traductions\u00bb - Soci\u00e9t\u00e9 d&#039;\u00c9tudes M\u00e9dio Et N\u00e9o-Latines","robots":{"index":"index","follow":"follow","max-snippet":"max-snippet:-1","max-image-preview":"max-image-preview:large","max-video-preview":"max-video-preview:-1"},"canonical":"https:\/\/www.semen-l.org\/?p=10","og_locale":"fr_FR","og_type":"article","og_title":"4 novembre 2011 : Journ\u00e9e d'\u00e9tudes \u00abGeorge Buchanan : textes et traductions\u00bb - Soci\u00e9t\u00e9 d&#039;\u00c9tudes M\u00e9dio Et N\u00e9o-Latines","og_description":"Journ\u00e9e d\u2019\u00e9tude du groupe Epist\u00e9m\u00e8 organis\u00e9e par Armel Dubois-Nayt (Universit\u00e9 Versailles &#8211; Saint-Quentin), Carine Ferradou (Universit\u00e9 Paul C\u00e9zanne &#8211; Aix-Marseille III) et Line Cottegnies (Universit\u00e9 Sorbonne Nouvelle &#8211; Paris 3) Lieu :\u00a0Salle 12,\u00a0Institut du Monde Anglophone :\u00a05 rue de l\u2019Ecole &hellip; Continuer la lecture &rarr;","og_url":"https:\/\/www.semen-l.org\/?p=10","og_site_name":"Soci\u00e9t\u00e9 d&#039;\u00c9tudes M\u00e9dio Et N\u00e9o-Latines","article_publisher":"https:\/\/www.facebook.com\/SEMENL2018","article_published_time":"2011-10-07T21:48:22+00:00","article_modified_time":"2020-11-18T22:27:31+00:00","author":"Seris","twitter_card":"summary_large_image","twitter_misc":{"\u00c9crit par":"Seris","Dur\u00e9e de lecture estim\u00e9e":"2 minutes"},"schema":{"@context":"https:\/\/schema.org","@graph":[{"@type":"Article","@id":"https:\/\/www.semen-l.org\/?p=10#article","isPartOf":{"@id":"https:\/\/www.semen-l.org\/?p=10"},"author":{"name":"Seris","@id":"http:\/\/www.semen-l.org\/#\/schema\/person\/6e8c8c75b499690cc37dd369354a7c47"},"headline":"4 novembre 2011 : Journ\u00e9e d&rsquo;\u00e9tudes \u00abGeorge Buchanan : textes et traductions\u00bb","datePublished":"2011-10-07T21:48:22+00:00","dateModified":"2020-11-18T22:27:31+00:00","mainEntityOfPage":{"@id":"https:\/\/www.semen-l.org\/?p=10"},"wordCount":440,"commentCount":0,"publisher":{"@id":"http:\/\/www.semen-l.org\/#organization"},"keywords":["Buchanan (George)","Chrestien (Florent)","\u00e9l\u00e9gie","Euripide","Jepht\u00e9","Linacre (Thomas)","paraphrase","Pro lena (Buchanan)","psaume","Psaumes (Buchanan)","Rudimenta Grammatices","traduction","trag\u00e9die","versification"],"articleSection":["Colloques"],"inLanguage":"fr-FR","potentialAction":[{"@type":"CommentAction","name":"Comment","target":["https:\/\/www.semen-l.org\/?p=10#respond"]}]},{"@type":"WebPage","@id":"https:\/\/www.semen-l.org\/?p=10","url":"https:\/\/www.semen-l.org\/?p=10","name":"4 novembre 2011 : Journ\u00e9e d'\u00e9tudes \u00abGeorge Buchanan : textes et traductions\u00bb - Soci\u00e9t\u00e9 d&#039;\u00c9tudes M\u00e9dio Et N\u00e9o-Latines","isPartOf":{"@id":"http:\/\/www.semen-l.org\/#website"},"datePublished":"2011-10-07T21:48:22+00:00","dateModified":"2020-11-18T22:27:31+00:00","breadcrumb":{"@id":"https:\/\/www.semen-l.org\/?p=10#breadcrumb"},"inLanguage":"fr-FR","potentialAction":[{"@type":"ReadAction","target":["https:\/\/www.semen-l.org\/?p=10"]}]},{"@type":"BreadcrumbList","@id":"https:\/\/www.semen-l.org\/?p=10#breadcrumb","itemListElement":[{"@type":"ListItem","position":1,"name":"Accueil","item":"http:\/\/www.semen-l.org\/"},{"@type":"ListItem","position":2,"name":"4 novembre 2011 : Journ\u00e9e d&rsquo;\u00e9tudes \u00abGeorge Buchanan : textes et traductions\u00bb"}]},{"@type":"WebSite","@id":"http:\/\/www.semen-l.org\/#website","url":"http:\/\/www.semen-l.org\/","name":"Soci\u00e9t\u00e9 d'\u00c9tudes M\u00e9dio Et N\u00e9o-Latines","description":"","publisher":{"@id":"http:\/\/www.semen-l.org\/#organization"},"potentialAction":[{"@type":"SearchAction","target":{"@type":"EntryPoint","urlTemplate":"http:\/\/www.semen-l.org\/?s={search_term_string}"},"query-input":{"@type":"PropertyValueSpecification","valueRequired":true,"valueName":"search_term_string"}}],"inLanguage":"fr-FR"},{"@type":"Organization","@id":"http:\/\/www.semen-l.org\/#organization","name":"Soci\u00e9t\u00e9 d'\u00e9tudes m\u00e9dio et n\u00e9o-latines","url":"http:\/\/www.semen-l.org\/","logo":{"@type":"ImageObject","inLanguage":"fr-FR","@id":"http:\/\/www.semen-l.org\/#\/schema\/logo\/image\/","url":"http:\/\/www.semen-l.org\/wp-content\/uploads\/2020\/11\/logo-semenl.jpg","contentUrl":"http:\/\/www.semen-l.org\/wp-content\/uploads\/2020\/11\/logo-semenl.jpg","width":408,"height":403,"caption":"Soci\u00e9t\u00e9 d'\u00e9tudes m\u00e9dio et n\u00e9o-latines"},"image":{"@id":"http:\/\/www.semen-l.org\/#\/schema\/logo\/image\/"},"sameAs":["https:\/\/www.facebook.com\/SEMENL2018","https:\/\/independent.academia.edu\/SocitsdtudesmdioetnolatinesSEMENL"]},{"@type":"Person","@id":"http:\/\/www.semen-l.org\/#\/schema\/person\/6e8c8c75b499690cc37dd369354a7c47","name":"Seris","image":{"@type":"ImageObject","inLanguage":"fr-FR","@id":"https:\/\/secure.gravatar.com\/avatar\/8aec6178114279c28f7f0f4ccbb54eefdf0db708e95973d3513a9c5387b223b9?s=96&d=mm&r=g","url":"https:\/\/secure.gravatar.com\/avatar\/8aec6178114279c28f7f0f4ccbb54eefdf0db708e95973d3513a9c5387b223b9?s=96&d=mm&r=g","contentUrl":"https:\/\/secure.gravatar.com\/avatar\/8aec6178114279c28f7f0f4ccbb54eefdf0db708e95973d3513a9c5387b223b9?s=96&d=mm&r=g","caption":"Seris"},"url":"https:\/\/www.semen-l.org\/?author=5"}]}},"jetpack_featured_media_url":"","_links":{"self":[{"href":"https:\/\/www.semen-l.org\/index.php?rest_route=\/wp\/v2\/posts\/10","targetHints":{"allow":["GET"]}}],"collection":[{"href":"https:\/\/www.semen-l.org\/index.php?rest_route=\/wp\/v2\/posts"}],"about":[{"href":"https:\/\/www.semen-l.org\/index.php?rest_route=\/wp\/v2\/types\/post"}],"author":[{"embeddable":true,"href":"https:\/\/www.semen-l.org\/index.php?rest_route=\/wp\/v2\/users\/5"}],"replies":[{"embeddable":true,"href":"https:\/\/www.semen-l.org\/index.php?rest_route=%2Fwp%2Fv2%2Fcomments&post=10"}],"version-history":[{"count":0,"href":"https:\/\/www.semen-l.org\/index.php?rest_route=\/wp\/v2\/posts\/10\/revisions"}],"wp:attachment":[{"href":"https:\/\/www.semen-l.org\/index.php?rest_route=%2Fwp%2Fv2%2Fmedia&parent=10"}],"wp:term":[{"taxonomy":"category","embeddable":true,"href":"https:\/\/www.semen-l.org\/index.php?rest_route=%2Fwp%2Fv2%2Fcategories&post=10"},{"taxonomy":"post_tag","embeddable":true,"href":"https:\/\/www.semen-l.org\/index.php?rest_route=%2Fwp%2Fv2%2Ftags&post=10"}],"curies":[{"name":"wp","href":"https:\/\/api.w.org\/{rel}","templated":true}]}}