{"id":6,"count":5,"description":"<strong>Qui sommes-nous ?<\/strong>\r\n\r\nLa SEMEN-L a pour vocation de r\u00e9unir, en France et \u00e0 l\u2019international, philologues, litt\u00e9raires, philosophes, historiens, historiens de l\u2019art, juristes dans un continuum qui va de la fin de l\u2019Antiquit\u00e9 jusqu\u2019\u00e0 nos jours, dans une perspective pluridisciplinaire. Cette soci\u00e9t\u00e9 savante, cr\u00e9\u00e9e en 2006, fait suite \u00e0 la Soci\u00e9t\u00e9 Fran\u00e7aise d\u2019Etudes N\u00e9o-Latines, fond\u00e9e en 1998, et cherche \u00e0 promouvoir la connaissance de la langue et de la production latines (m\u00e9diolatin et n\u00e9o-latin) en Europe, en particulier au Moyen \u00c2ge et \u00e0 la Renaissance.\r\n\r\nLa SEMEN-L organise tous les trois ans un <a href=\"https:\/\/www.semen-l.org\/?cat=11\">congr\u00e8s<\/a> dont elle assure la publication des actes dans des maisons d\u2019\u00e9dition reconnues. Elle propose des <a href=\"https:\/\/www.semen-l.org\/?cat=1712\">journ\u00e9es d\u2019\u00e9tudes destin\u00e9es aux jeunes chercheurs<\/a> inscrits en Master et Doctorat. Elle publie chaque ann\u00e9e un <a href=\"https:\/\/www.semen-l.org\/?cat=3\">Bulletin de liaison<\/a> pour valoriser la recherche dans le domaine.\r\n\r\nLa cotisation annuelle est de 24\u20ac pour les salari\u00e9s (12\u20ac pour les \u00e9tudiants de Master ou de Doctorat) ;<a href=\"http:\/\/www.semen-l.org\/?p=187\">\u00a0bulletin d\u2019adh\u00e9sion<\/a> <a href=\"http:\/\/www.semen-l.org\/wp-content\/uploads\/2013\/03\/Bulletin-dadhesion-2025.pdf\">(lien.pdf)<\/a> et pr\u00e9sentation de nos activit\u00e9s sur nos diff\u00e9rents sites d\u00e9di\u00e9s : Facebook - Academia - http:\/\/www.semen-l.org\/ - messagerie : semen-l@outlook.com.\r\n\r\n<strong>Site internet<\/strong> (resp. J. Maudoux) : <a href=\"http:\/\/www.semen-l.org\">www.semen-l.org<\/a>\r\n\r\n<strong>Page Academia<\/strong> : <a href=\"https:\/\/independent.academia.edu\/Soci%C3%A9t%C3%A9sd%C3%A9tudesm%C3%A9dioetn%C3%A9olatinesSEMENL\">SEMEN-L<\/a>.\r\n\r\n<strong>Facebook<\/strong> : <a href=\"https:\/\/www.facebook.com\/SEMENL2018\/\">https:\/\/www.facebook.com\/SEMENL2018\/<\/a>\r\n<p style=\"font-family: Roboto, sans-serif;font-style: normal;font-weight: 400\"><strong style=\"font-family: Roboto, sans-serif;font-size: 14px;font-style: normal\">Composition du Bureau de la Soci\u00e9t\u00e9 (depuis le 3 f\u00e9vrier 2024)<\/strong><span style=\"font-family: Roboto, sans-serif;font-size: 14px;font-style: normal;font-weight: 400\">\u00a0:<\/span><\/p>\r\n<p style=\"margin-bottom: 0cm;line-height: normal\"><strong>Pr\u00e9sidente<\/strong> : Virginie Leroux<\/p>\r\n<strong>Vice-Pr\u00e9sident<\/strong> : Jean-Yves Tilliette\r\n\r\n<strong>Tr\u00e9sorier<\/strong> : Thomas Penguilly\r\n\r\n<strong>Secr\u00e9taires<\/strong> : Lucie Claire et Laure Hermand-Schebat\r\n\r\n<strong>Conseillers<\/strong> : Marie-Agn\u00e8s Avenel ; Anne Bouscharain ; Nathalie Catellani ; Christiane Cosme ; Fr\u00e9d\u00e9ric Duplessis ; Brigitte Gauvin ; Caroline Heid ; Sylvie Laigneau-Fontaine ; Alice Lamy ; Julien Maudoux ; Priscilla Mourgues ; J\u00e9r\u00e9mie Pinguet ; Emilie S\u00e9ris ; Florence Vuilleumier Laurens.\r\n\r\n<strong>Les derni\u00e8res publications collectives de la SEMEN-L<\/strong>\r\n[metaslider id=\"1321\"]","link":"https:\/\/www.semen-l.org\/?cat=6","name":"La soci\u00e9t\u00e9","slug":"presentation-generale","taxonomy":"category","parent":0,"meta":[],"yoast_head":"<!-- This site is optimized with the Yoast SEO plugin v27.5 - https:\/\/yoast.com\/product\/yoast-seo-wordpress\/ -->\n<title>La soci\u00e9t\u00e9 de la Soci\u00e9t\u00e9 d&#039;\u00c9tudes M\u00e9dio Et N\u00e9o-Latines<\/title>\n<meta name=\"description\" content=\"La SEMEN-L est une association fond\u00e9e en 2006 pour encourager le d\u00e9veloppement des \u00e9tudes et de la recherche en m\u00e9diolatin et n\u00e9o-latin.\" \/>\n<meta name=\"robots\" content=\"index, follow, max-snippet:-1, max-image-preview:large, max-video-preview:-1\" \/>\n<link rel=\"canonical\" href=\"http:\/\/www.semen-l.org\/?cat=6\" \/>\n<meta property=\"og:locale\" content=\"fr_FR\" \/>\n<meta property=\"og:type\" content=\"article\" \/>\n<meta property=\"og:title\" content=\"La soci\u00e9t\u00e9 de la Soci\u00e9t\u00e9 d&#039;\u00c9tudes M\u00e9dio Et N\u00e9o-Latines\" \/>\n<meta property=\"og:description\" content=\"La SEMEN-L est une association fond\u00e9e en 2006 pour encourager le d\u00e9veloppement des \u00e9tudes et de la recherche en m\u00e9diolatin et n\u00e9o-latin.\" \/>\n<meta property=\"og:url\" content=\"http:\/\/www.semen-l.org\/?cat=6\" \/>\n<meta property=\"og:site_name\" content=\"Soci\u00e9t\u00e9 d&#039;\u00c9tudes M\u00e9dio Et N\u00e9o-Latines\" \/>\n<meta property=\"og:image\" content=\"http:\/\/www.semen-l.org\/wp-content\/uploads\/2026\/01\/camenae34-couv-423x219.jpg\" \/>\n<meta name=\"twitter:card\" content=\"summary_large_image\" \/>\n<script type=\"application\/ld+json\" class=\"yoast-schema-graph\">{\"@context\":\"https:\\\/\\\/schema.org\",\"@graph\":[{\"@type\":\"CollectionPage\",\"@id\":\"http:\\\/\\\/www.semen-l.org\\\/?cat=6\",\"url\":\"http:\\\/\\\/www.semen-l.org\\\/?cat=6\",\"name\":\"La soci\u00e9t\u00e9 de la Soci\u00e9t\u00e9 d&#039;\u00c9tudes M\u00e9dio Et N\u00e9o-Latines\",\"isPartOf\":{\"@id\":\"http:\\\/\\\/www.semen-l.org\\\/#website\"},\"description\":\"La SEMEN-L est une association fond\u00e9e en 2006 pour encourager le d\u00e9veloppement des \u00e9tudes et de la recherche en m\u00e9diolatin et n\u00e9o-latin.\",\"breadcrumb\":{\"@id\":\"http:\\\/\\\/www.semen-l.org\\\/?cat=6#breadcrumb\"},\"inLanguage\":\"fr-FR\"},{\"@type\":\"BreadcrumbList\",\"@id\":\"http:\\\/\\\/www.semen-l.org\\\/?cat=6#breadcrumb\",\"itemListElement\":[{\"@type\":\"ListItem\",\"position\":1,\"name\":\"Accueil\",\"item\":\"http:\\\/\\\/www.semen-l.org\\\/\"},{\"@type\":\"ListItem\",\"position\":2,\"name\":\"La soci\u00e9t\u00e9\"}]},{\"@type\":\"WebSite\",\"@id\":\"http:\\\/\\\/www.semen-l.org\\\/#website\",\"url\":\"http:\\\/\\\/www.semen-l.org\\\/\",\"name\":\"Soci\u00e9t\u00e9 d'\u00c9tudes M\u00e9dio Et N\u00e9o-Latines\",\"description\":\"\",\"publisher\":{\"@id\":\"http:\\\/\\\/www.semen-l.org\\\/#organization\"},\"potentialAction\":[{\"@type\":\"SearchAction\",\"target\":{\"@type\":\"EntryPoint\",\"urlTemplate\":\"http:\\\/\\\/www.semen-l.org\\\/?s={search_term_string}\"},\"query-input\":{\"@type\":\"PropertyValueSpecification\",\"valueRequired\":true,\"valueName\":\"search_term_string\"}}],\"inLanguage\":\"fr-FR\"},{\"@type\":\"Organization\",\"@id\":\"http:\\\/\\\/www.semen-l.org\\\/#organization\",\"name\":\"Soci\u00e9t\u00e9 d'\u00e9tudes m\u00e9dio et n\u00e9o-latines\",\"url\":\"http:\\\/\\\/www.semen-l.org\\\/\",\"logo\":{\"@type\":\"ImageObject\",\"inLanguage\":\"fr-FR\",\"@id\":\"http:\\\/\\\/www.semen-l.org\\\/#\\\/schema\\\/logo\\\/image\\\/\",\"url\":\"http:\\\/\\\/www.semen-l.org\\\/wp-content\\\/uploads\\\/2020\\\/11\\\/logo-semenl.jpg\",\"contentUrl\":\"http:\\\/\\\/www.semen-l.org\\\/wp-content\\\/uploads\\\/2020\\\/11\\\/logo-semenl.jpg\",\"width\":408,\"height\":403,\"caption\":\"Soci\u00e9t\u00e9 d'\u00e9tudes m\u00e9dio et n\u00e9o-latines\"},\"image\":{\"@id\":\"http:\\\/\\\/www.semen-l.org\\\/#\\\/schema\\\/logo\\\/image\\\/\"},\"sameAs\":[\"https:\\\/\\\/www.facebook.com\\\/SEMENL2018\",\"https:\\\/\\\/independent.academia.edu\\\/SocitsdtudesmdioetnolatinesSEMENL\"]}]}<\/script>\n<!-- \/ Yoast SEO plugin. -->","yoast_head_json":{"title":"La soci\u00e9t\u00e9 de la Soci\u00e9t\u00e9 d&#039;\u00c9tudes M\u00e9dio Et N\u00e9o-Latines","description":"La SEMEN-L est une association fond\u00e9e en 2006 pour encourager le d\u00e9veloppement des \u00e9tudes et de la recherche en m\u00e9diolatin et n\u00e9o-latin.","robots":{"index":"index","follow":"follow","max-snippet":"max-snippet:-1","max-image-preview":"max-image-preview:large","max-video-preview":"max-video-preview:-1"},"canonical":"http:\/\/www.semen-l.org\/?cat=6","og_locale":"fr_FR","og_type":"article","og_title":"La soci\u00e9t\u00e9 de la Soci\u00e9t\u00e9 d&#039;\u00c9tudes M\u00e9dio Et N\u00e9o-Latines","og_description":"La SEMEN-L est une association fond\u00e9e en 2006 pour encourager le d\u00e9veloppement des \u00e9tudes et de la recherche en m\u00e9diolatin et n\u00e9o-latin.","og_url":"http:\/\/www.semen-l.org\/?cat=6","og_site_name":"Soci\u00e9t\u00e9 d&#039;\u00c9tudes M\u00e9dio Et N\u00e9o-Latines","og_image":[{"url":"http:\/\/www.semen-l.org\/wp-content\/uploads\/2026\/01\/camenae34-couv-423x219.jpg","type":"","width":"","height":""}],"twitter_card":"summary_large_image","schema":{"@context":"https:\/\/schema.org","@graph":[{"@type":"CollectionPage","@id":"http:\/\/www.semen-l.org\/?cat=6","url":"http:\/\/www.semen-l.org\/?cat=6","name":"La soci\u00e9t\u00e9 de la Soci\u00e9t\u00e9 d&#039;\u00c9tudes M\u00e9dio Et N\u00e9o-Latines","isPartOf":{"@id":"http:\/\/www.semen-l.org\/#website"},"description":"La SEMEN-L est une association fond\u00e9e en 2006 pour encourager le d\u00e9veloppement des \u00e9tudes et de la recherche en m\u00e9diolatin et n\u00e9o-latin.","breadcrumb":{"@id":"http:\/\/www.semen-l.org\/?cat=6#breadcrumb"},"inLanguage":"fr-FR"},{"@type":"BreadcrumbList","@id":"http:\/\/www.semen-l.org\/?cat=6#breadcrumb","itemListElement":[{"@type":"ListItem","position":1,"name":"Accueil","item":"http:\/\/www.semen-l.org\/"},{"@type":"ListItem","position":2,"name":"La soci\u00e9t\u00e9"}]},{"@type":"WebSite","@id":"http:\/\/www.semen-l.org\/#website","url":"http:\/\/www.semen-l.org\/","name":"Soci\u00e9t\u00e9 d'\u00c9tudes M\u00e9dio Et N\u00e9o-Latines","description":"","publisher":{"@id":"http:\/\/www.semen-l.org\/#organization"},"potentialAction":[{"@type":"SearchAction","target":{"@type":"EntryPoint","urlTemplate":"http:\/\/www.semen-l.org\/?s={search_term_string}"},"query-input":{"@type":"PropertyValueSpecification","valueRequired":true,"valueName":"search_term_string"}}],"inLanguage":"fr-FR"},{"@type":"Organization","@id":"http:\/\/www.semen-l.org\/#organization","name":"Soci\u00e9t\u00e9 d'\u00e9tudes m\u00e9dio et n\u00e9o-latines","url":"http:\/\/www.semen-l.org\/","logo":{"@type":"ImageObject","inLanguage":"fr-FR","@id":"http:\/\/www.semen-l.org\/#\/schema\/logo\/image\/","url":"http:\/\/www.semen-l.org\/wp-content\/uploads\/2020\/11\/logo-semenl.jpg","contentUrl":"http:\/\/www.semen-l.org\/wp-content\/uploads\/2020\/11\/logo-semenl.jpg","width":408,"height":403,"caption":"Soci\u00e9t\u00e9 d'\u00e9tudes m\u00e9dio et n\u00e9o-latines"},"image":{"@id":"http:\/\/www.semen-l.org\/#\/schema\/logo\/image\/"},"sameAs":["https:\/\/www.facebook.com\/SEMENL2018","https:\/\/independent.academia.edu\/SocitsdtudesmdioetnolatinesSEMENL"]}]}},"_links":{"self":[{"href":"https:\/\/www.semen-l.org\/index.php?rest_route=\/wp\/v2\/categories\/6","targetHints":{"allow":["GET"]}}],"collection":[{"href":"https:\/\/www.semen-l.org\/index.php?rest_route=\/wp\/v2\/categories"}],"about":[{"href":"https:\/\/www.semen-l.org\/index.php?rest_route=\/wp\/v2\/taxonomies\/category"}],"wp:post_type":[{"href":"https:\/\/www.semen-l.org\/index.php?rest_route=%2Fwp%2Fv2%2Fposts&categories=6"}],"curies":[{"name":"wp","href":"https:\/\/api.w.org\/{rel}","templated":true}]}}