{"id":3545,"global_id":"www.semen-l.org?id=3545","global_id_lineage":["www.semen-l.org?id=3545"],"author":"26","status":"publish","date":"2024-10-22 10:40:45","date_utc":"2024-10-22 10:40:45","modified":"2024-10-22 10:40:45","modified_utc":"2024-10-22 10:40:45","url":"https:\/\/www.semen-l.org\/?tribe_events=journees-detude-internationales-nouvelles-perspectives-sur-les-correspondances-neo-latines-de-la-premiere-modernite-a-luniversite-catholique-de-louvain-la-neuve","rest_url":"https:\/\/www.semen-l.org\/index.php?rest_route=\/tribe\/events\/v1\/events\/3545","title":"Journ\u00e9es d&rsquo;\u00e9tude internationales \u00ab Nouvelles perspectives sur les correspondances n\u00e9o-latines de la premi\u00e8re modernit\u00e9 \u00bb \u00e0 l&rsquo;Universit\u00e9 Catholique de Louvain-la-Neuve","description":"<p>Farah Mercier et Aline Smesteers organisent les 6 et 7 mai prochains des journ\u00e9es d&rsquo;\u00e9tude internationales intitul\u00e9es \u00ab\u00a0Nouvelles perspectives sur les correspondances n\u00e9o-latines de la premi\u00e8re modernit\u00e9\u00a0\u00bb \u00e0 l&rsquo;Universit\u00e9 Catholique de Louvain-la-Neuve.<\/p>","excerpt":"","slug":"journees-detude-internationales-nouvelles-perspectives-sur-les-correspondances-neo-latines-de-la-premiere-modernite-a-luniversite-catholique-de-louvain-la-neuve","image":false,"all_day":true,"start_date":"2025-05-06 00:00:00","start_date_details":{"year":"2025","month":"05","day":"06","hour":"00","minutes":"00","seconds":"00"},"end_date":"2025-05-07 23:59:59","end_date_details":{"year":"2025","month":"05","day":"07","hour":"23","minutes":"59","seconds":"59"},"utc_start_date":"2025-05-06 00:00:00","utc_start_date_details":{"year":"2025","month":"05","day":"06","hour":"00","minutes":"00","seconds":"00"},"utc_end_date":"2025-05-07 23:59:59","utc_end_date_details":{"year":"2025","month":"05","day":"07","hour":"23","minutes":"59","seconds":"59"},"timezone":"UTC+0","timezone_abbr":"UTC+0","cost":"","cost_details":{"currency_symbol":"\u20ac","currency_code":"EUR","currency_position":"prefix","values":[]},"website":"","show_map":true,"show_map_link":true,"hide_from_listings":false,"sticky":false,"featured":false,"categories":[],"tags":[],"venue":[],"organizer":[],"custom_fields":[],"json_ld":{"@context":"http:\/\/schema.org","@type":"Event","name":"Journ\u00e9es d&rsquo;\u00e9tude internationales \u00ab Nouvelles perspectives sur les correspondances n\u00e9o-latines de la premi\u00e8re modernit\u00e9 \u00bb \u00e0 l&rsquo;Universit\u00e9 Catholique de Louvain-la-Neuve","description":"&lt;p&gt;Farah Mercier et Aline Smesteers organisent les 6 et 7 mai prochains des journ\u00e9es d\\'\u00e9tude internationales intitul\u00e9es \u00ab\u00a0Nouvelles perspectives sur les correspondances n\u00e9o-latines de la premi\u00e8re modernit\u00e9\u00a0\u00bb \u00e0 l\\'Universit\u00e9 Catholique de Louvain-la-Neuve.&lt;\/p&gt;\\n","url":"https:\/\/www.semen-l.org\/?tribe_events=journees-detude-internationales-nouvelles-perspectives-sur-les-correspondances-neo-latines-de-la-premiere-modernite-a-luniversite-catholique-de-louvain-la-neuve","eventAttendanceMode":"https:\/\/schema.org\/OfflineEventAttendanceMode","eventStatus":"https:\/\/schema.org\/EventScheduled","startDate":"2025-05-06T00:00:00+00:00","endDate":"2025-05-07T23:59:59+00:00","performer":"Organization"}}