{"id":3519,"global_id":"www.semen-l.org?id=3519","global_id_lineage":["www.semen-l.org?id=3519"],"author":"26","status":"publish","date":"2024-06-21 13:26:42","date_utc":"2024-06-21 13:26:42","modified":"2025-02-27 10:56:33","modified_utc":"2025-02-27 10:56:33","url":"https:\/\/www.semen-l.org\/?tribe_events=ve-journee-des-jeunes-chercheurs-de-la-semen-l","rest_url":"https:\/\/www.semen-l.org\/index.php?rest_route=\/tribe\/events\/v1\/events\/3519","title":"Ve journ\u00e9e des jeunes chercheurs de la SEMEN-L","description":"<p>Nous avons le plaisir de vous communiquer en pi\u00e8ce jointe le programme<br \/>\nde la Journ\u00e9e d\u2019\u00e9tudes des Jeunes Chercheurs de la SEMEN-L qui se<br \/>\nd\u00e9roulera \u00e0 Nantes le\u00a0<span id=\"OBJ_PREFIX_DWT44_com_zimbra_date\" class=\"Object\">vendredi<\/span> 14 mars et regroupera des communications et des \u00e9tudes \u00e0 propos du m\u00e9diolatin et du n\u00e9o-latin.<\/p>\n<p><strong><a href=\"http:\/\/www.semen-l.org\/wp-content\/uploads\/2025\/02\/Ve-journee-jeunes-chercheurs.pdf\">Cliquez ici pour t\u00e9l\u00e9charger le programme<\/a>.<\/strong><\/p>\n<a href=\"https:\/\/www.semen-l.org\/wp-content\/uploads\/2025\/02\/Ve-journee-jeunes-chercheurs.pdf\" class=\"pdfemb-viewer\" style=\"\" data-width=\"max\" data-height=\"max\" data-toolbar=\"both\" data-toolbar-fixed=\"off\">Ve Journ\u00e9e des jeunes chercheurs de la SEMEN-L<\/a>\n<p>*<\/p>\n<p>Version en texte clair :<\/p>\n<h1>Vendredi 14 mars 2025<\/h1>\n<h1>Nantes Universit\u00e9, Campus Tertre &#8211; Ch\u00e2teau du Tertre (Salles 001.002.003),\u00a0Ch. la Censive du Tertre &#8211; Nantes<\/h1>\n<ul>\n<li>Visio conf\u00e9rence : <u>https:\/\/univ-nantes-zoom.us\/j\/82948595131<\/u><\/li>\n<\/ul>\n<p><em>Pr\u00e9sentation<\/em><\/p>\n<h1>PR\u00c9SENTATION<\/h1>\n<p>Cette journ\u00e9e a pour vocation de rassembler les doctorants et jeunes docteurs adh\u00e9rents de la Soci\u00e9t\u00e9 d\u2019\u00e9tudes m\u00e9dio et n\u00e9o-latines (<u>SEMEN-L<\/u>) pour leur offrir l\u2019opportunit\u00e9 de pr\u00e9senter leurs travaux et d\u2019en discuter avec d\u2019autres sp\u00e9cialistes du latin du Moyen \u00c2ge et de la Renaissance.<\/p>\n<p>Cette journ\u00e9e, organis\u00e9e tous les deux ans, constitue l\u2019un des temps forts de la Soci\u00e9t\u00e9 des \u00e9tudes m\u00e9dio et n\u00e9o-latines.<\/p>\n<p><em>Comit\u00e9 d&rsquo;organisation<\/em><\/p>\n<ul>\n<li>D\u00e9borah BOIJOUX, ma\u00eetre de conf\u00e9rences en langue et litt\u00e9rature latines Nantes Universit\u00e9, LAMO, PULSAR &#8211; Deborah.Boijoux at univ-nantes.fr<\/li>\n<\/ul>\n<ul>\n<li>Alexia DEDIEU, post-doctorante ANR ReGreT, Aix Marseille Univ, CNRS, TDMAM dedieu ar univ-amu.fr<\/li>\n<li>Anne MORVAN, ATER, Nantes Universit\u00e9, LAMO &#8211; Morvan at univ-nantes.fr<\/li>\n<\/ul>\n<p><img fetchpriority=\"high\" decoding=\"async\" class=\"aligncenter size-full wp-image-1120\" src=\"http:\/\/www.semen-l.org\/wp-content\/uploads\/2020\/11\/semen-l-arriere.png\" alt=\"\" width=\"294\" height=\"286\" srcset=\"https:\/\/www.semen-l.org\/wp-content\/uploads\/2020\/11\/semen-l-arriere.png 294w, https:\/\/www.semen-l.org\/wp-content\/uploads\/2020\/11\/semen-l-arriere-200x195.png 200w\" sizes=\"(max-width: 294px) 100vw, 294px\" \/><\/p>\n<p><em>Programme<\/em><\/p>\n<h2>9h &#8211; 10h10 | \u00c9rudition et \u00e9ditions de textes du XVIe\u00a0si\u00e8cle<\/h2>\n<p>Mod\u00e9ration : Virginie LEROUX, EPHE, SAPRAT<\/p>\n<ul>\n<li>Marc DIETRICH, CPGE, SAPRAT, <em>Les paratextes du <\/em>De missione legatorum Iaponensium <em>(Macao, 1590) : des \u00e9l\u00e9ments \u00e9ditoriaux, didactiques ou rh\u00e9toriques ?<\/em><\/li>\n<\/ul>\n<ul>\n<li>Bruno DAVIDE, Universit\u00e9 de Picardie Jules Verne, Universit\u00e9 de Florence, TRAME, L\u2019Apologia mulierum <em>de Pompeo Colonna (1529) et sa tradition manuscrite : enjeux philologiques et d\u2019histoire du texte.<\/em><\/li>\n<\/ul>\n<h2>10h20 &#8211; 11h30 |Horizons grecs<\/h2>\n<p>Mod\u00e9ration : Alexia DEDIEU, Aix Marseille Univ, CNRS, TDMAM<\/p>\n<ul>\n<li>Pierre-Olivier BEAULNES, Universit\u00e9 de Gen\u00e8ve, <em>La traduction latine de l\u2019<\/em>Oneirocriticon <em>du Pseudo-Achmet effectu\u00e9e par Leo Tuscus en 1176 : \u00e9dition et r\u00e9ception d\u2019une clef des songes byzantine en Occident latin.<\/em><\/li>\n<\/ul>\n<ul>\n<li>Petros FOKIANOS, EHESS, CNRS, Centre de recherches historiques (crh) Patria vt Graecus sacra non Pelasga Voce referrem.<\/li>\n<\/ul>\n<h2>11h45-13h05 | Voyages entre les langues<\/h2>\n<p>Mod\u00e9ration : Jean-Yves TILLIETTE, Universit\u00e9 de Gen\u00e8ve,\u00a0Acad\u00e9mie des Inscriptions et Belles-Lettres<\/p>\n<ul>\n<li>Simon SMETS, Ludwig Boltzmann Institute for Neo-Latin Studies, <em>Paraphrases de la po\u00e9sie biblique en France.<\/em><\/li>\n<\/ul>\n<ul>\n<li>Mia GUILLOT, Universit\u00e9 de Rouen Normandie, C\u00c9R\u00c9dI, <em>Traduire du fran\u00e7ais vers le n\u00e9o-latin : analyse de la traduction de <\/em>La Semaine <em>de Christophe de Gamont par Jacqua-Fran\u00e7oise Pautrard.<\/em><\/li>\n<\/ul>\n<h2>14h-15h45 | D\u00e9tours des <em>topo\u00ef<\/em><\/h2>\n<p>Mod\u00e9ration : D\u00e9borah BOIJOUX, Nantes Universit\u00e9, LAMO<br \/>\nAnne BOUSCHARAIN, CPGE, Centre Montaigne, UR Plurielles<\/p>\n<ul>\n<li>Claire ABSIL, EPHE, SAPRAT, <em>L\u2019humanisme et les Alpes : la naissance d\u2019une esth\u00e9tique alpestre.<\/em><\/li>\n<\/ul>\n<ul>\n<li>Fran\u00e7ois MOTTAIS, Universit\u00e9 Paris-Nanterre, \u00c9cole nationale des chartes &#8211; PSL, ArScAn, <em>La <\/em>Silua De triumphata Bassa Almeria Granata <em>d\u2019Alessandro Cortesi (1490) : pr\u00e9sentation d\u2019un travail en cours.<\/em><\/li>\n<\/ul>\n<ul>\n<li>Violaine CHAUDOREILLE, Universit\u00e9 de Rouen Normandie, C\u00c9R\u00c9dI, <em>L\u2019h\u00e9ritage ovidien dans les <\/em>Amores siue Liuia <em>d\u2019Andrelini.<\/em><\/li>\n<\/ul>\n<h2>16h-17h10 | Les textes et la sc\u00e8ne<\/h2>\n<p>Mod\u00e9ration : Anne MORVAN, Nantes Universit\u00e9<\/p>\n<ul>\n<li>L\u00e9a GARIGLIETTI, Universit\u00e9 de Reims Champagne-Ardenne, CRIMEL, <em>Coups de th\u00e9\u00e2tre \u00e0 la lecture du <\/em>Theatrum veterum rhetorum <em>(Louis de Cressolles, Paris, 1620).<\/em><\/li>\n<\/ul>\n<ul>\n<li>Louisa LAJ, Universit\u00e9 Grenoble Alpes, Litt&amp;Arts, <em>Prom\u00e9th\u00e9e \u00e0 Strasbourg : usage p\u00e9dagogique et artistique d\u2019Eschyle en 1609.<\/em><\/li>\n<\/ul>\n<p>&nbsp;<\/p>","excerpt":"","slug":"ve-journee-des-jeunes-chercheurs-de-la-semen-l","image":false,"all_day":true,"start_date":"2025-03-14 00:00:00","start_date_details":{"year":"2025","month":"03","day":"14","hour":"00","minutes":"00","seconds":"00"},"end_date":"2025-03-14 23:59:59","end_date_details":{"year":"2025","month":"03","day":"14","hour":"23","minutes":"59","seconds":"59"},"utc_start_date":"2025-03-14 00:00:00","utc_start_date_details":{"year":"2025","month":"03","day":"14","hour":"00","minutes":"00","seconds":"00"},"utc_end_date":"2025-03-14 23:59:59","utc_end_date_details":{"year":"2025","month":"03","day":"14","hour":"23","minutes":"59","seconds":"59"},"timezone":"UTC+0","timezone_abbr":"UTC+0","cost":"","cost_details":{"currency_symbol":"\u20ac","currency_code":"EUR\t\t\t\t\t\t\tclass=","currency_position":"prefix","values":[]},"website":"https:\/\/univ-nantes-fr.zoom.us\/j\/82948595131","show_map":true,"show_map_link":true,"hide_from_listings":false,"sticky":false,"featured":false,"categories":[{"name":"Journ\u00e9e d'\u00e9tudes","slug":"journee-detudes","term_group":0,"term_taxonomy_id":1708,"taxonomy":"tribe_events_cat","description":"","parent":0,"count":15,"filter":"raw","id":1708,"urls":{"self":"https:\/\/www.semen-l.org\/index.php?rest_route=\/tribe\/events\/v1\/categories\/1708","collection":"https:\/\/www.semen-l.org\/index.php?rest_route=\/tribe\/events\/v1\/categories"}}],"tags":[],"venue":{"id":3960,"author":"26","status":"publish","date":"2025-02-27 10:56:33","date_utc":"2025-02-27 10:56:33","modified":"2025-02-27 10:56:33","modified_utc":"2025-02-27 10:56:33","url":"https:\/\/www.semen-l.org\/?tribe_venue=chateau-du-tertre","venue":"Ch\u00e2teau du Tertre","slug":"chateau-du-tertre","address":"Chemin de la Censive du Tertre","city":"Nantes","country":"France","zip":"44312","json_ld":{"@type":"Place","name":"Ch\u00e2teau du Tertre","description":"","url":"","address":{"@type":"PostalAddress","streetAddress":"Chemin de la Censive du Tertre","addressLocality":"Nantes","postalCode":"44312","addressCountry":"France"},"telephone":"","sameAs":""},"show_map":true,"show_map_link":true,"global_id":"www.semen-l.org?id=3960","global_id_lineage":["www.semen-l.org?id=3960"]},"organizer":[{"id":2357,"author":"26","status":"publish","date":"2022-12-15 21:44:36","date_utc":"2022-12-15 21:44:36","modified":"2022-12-15 21:44:36","modified_utc":"2022-12-15 21:44:36","url":"https:\/\/www.semen-l.org\/?tribe_organizer=semen-l","organizer":"SEMEN-L","slug":"semen-l","json_ld":{"@type":"Person","name":"SEMEN-L","description":"","url":"","telephone":"","email":"","sameAs":""},"global_id":"www.semen-l.org?id=2357","global_id_lineage":["www.semen-l.org?id=2357"]}],"custom_fields":[],"json_ld":{"@context":"http:\/\/schema.org","@type":"Event","name":"Ve journ\u00e9e des jeunes chercheurs de la SEMEN-L","description":"&lt;p&gt;Nous avons le plaisir de vous communiquer en pi\u00e8ce jointe le programme de la Journ\u00e9e d\u2019\u00e9tudes des Jeunes Chercheurs de la SEMEN-L qui se d\u00e9roulera \u00e0 Nantes le\u00a0vendredi 14 mars et regroupera des communications et des \u00e9tudes \u00e0 propos du &hellip; &lt;a href=&quot;https:\/\/www.semen-l.org\/?tribe_events=ve-journee-des-jeunes-chercheurs-de-la-semen-l&quot;&gt;Continuer la lecture &lt;span class=&quot;meta-nav&quot;&gt;&rarr;&lt;\/span&gt;&lt;\/a&gt;&lt;\/p&gt;\\n","url":"https:\/\/www.semen-l.org\/?tribe_events=ve-journee-des-jeunes-chercheurs-de-la-semen-l","eventAttendanceMode":"https:\/\/schema.org\/OfflineEventAttendanceMode","eventStatus":"https:\/\/schema.org\/EventScheduled","startDate":"2025-03-14T00:00:00+00:00","endDate":"2025-03-14T23:59:59+00:00","location":{"@type":"Place","name":"Ch\u00e2teau du Tertre","description":"","url":"","address":{"@type":"PostalAddress","streetAddress":"Chemin de la Censive du Tertre","addressLocality":"Nantes","postalCode":"44312","addressCountry":"France"},"telephone":"","sameAs":""},"organizer":{"@type":"Person","name":"SEMEN-L","description":"","url":"","telephone":"","email":"","sameAs":""},"performer":"Organization"}}