{"id":3515,"global_id":"www.semen-l.org?id=3515","global_id_lineage":["www.semen-l.org?id=3515"],"author":"26","status":"publish","date":"2024-06-21 13:25:04","date_utc":"2024-06-21 13:25:04","modified":"2024-06-21 13:25:04","modified_utc":"2024-06-21 13:25:04","url":"https:\/\/www.semen-l.org\/?tribe_events=appel-a-communication-ve-journee-des-jeunes-chercheurs-de-la-societe-detudes-medio-et-neo-latine-semen-l-nantes","rest_url":"https:\/\/www.semen-l.org\/index.php?rest_route=\/tribe\/events\/v1\/events\/3515","title":"Appel \u00e0 communication : Ve journ\u00e9e des jeunes chercheurs de la Soci\u00e9t\u00e9 d&rsquo;\u00e9tudes m\u00e9dio- et n\u00e9o-latine SEMEN-L (Nantes)","description":"<p><img fetchpriority=\"high\" decoding=\"async\" class=\"alignright size-medium wp-image-600\" src=\"http:\/\/www.semen-l.org\/wp-content\/uploads\/2020\/11\/cropped-logo-semenl-300x300.jpg\" alt=\"\" width=\"300\" height=\"300\" srcset=\"https:\/\/www.semen-l.org\/wp-content\/uploads\/2020\/11\/cropped-logo-semenl-300x300.jpg 300w, https:\/\/www.semen-l.org\/wp-content\/uploads\/2020\/11\/cropped-logo-semenl-150x150.jpg 150w, https:\/\/www.semen-l.org\/wp-content\/uploads\/2020\/11\/cropped-logo-semenl.jpg 403w\" sizes=\"(max-width: 300px) 100vw, 300px\" \/>La Ve journ\u00e9e des jeunes chercheurs de la SEMEN-L se d\u00e9roulera \u00e0 l\u2019Universit\u00e9 de Nantes le vendredi 14 mars 2025.<\/p>\n<p>Nous invitons les doctorants et jeunes docteurs travaillant sur le m\u00e9dio et n\u00e9o-latin \u00e0 nous soumettre leur proposition pour une pr\u00e9sentation de leurs travaux illustrant un aspect des recherches m\u00e9dio et n\u00e9o-latines (linguistique, litt\u00e9raire, historique, ecdotique, etc.). La pr\u00e9sentation, d&rsquo;une dur\u00e9e de vingt minutes, peut servir \u00e0 pr\u00e9senter un projet de recherche, un chapitre de th\u00e8se, un cas d&rsquo;\u00e9tude, un article en cours de pr\u00e9paration&#8230;<\/p>\n<p>Les frais de transport et une nuit d&rsquo;h\u00f4tel (13 mars) pourront \u00eatre pris en charge pour les participants qui en feraient la demande.<\/p>\n<p>Les propositions de communication sont \u00e0 envoyer d&rsquo;ici le 30 septembre 2024 aux adresses des trois organisatrices\u00a0:\u00a0<a href=\"mailto:deborah.boijoux@univ-nantes.fr\">deborah.boijoux@univ-nantes.fr<\/a>,\u00a0<a href=\"mailto:alexia.dedieu@univ-amu.fr\">alexia.dedieu@univ-amu.fr<\/a>,\u00a0<a href=\"mailto:anne.morvan@univ-nantes.fr\">anne.morvan@univ-nantes.fr<\/a>.<br \/>\nLes fichiers comprendront une courte proposition (250 mots max) et une petite pr\u00e9sentation bio-bibliographique. Ils seront intitul\u00e9s comme suit\u00a0: NOM_Titre-de-la-communication.<\/p>\n<p>Cette journ\u00e9e est r\u00e9serv\u00e9e aux jeunes chercheurs de la SEMEN-L\u00a0; les participants devront \u00eatre \u00e0 jour de leur cotisation. Toutes les informations sur les adh\u00e9sions sont disponibles sur le site de la SEMEN-L\u00a0:\u00a0<a href=\"http:\/\/www.semen-l.org\/?p=187\">http:\/\/www.semen-l.org\/?p=187<\/a><\/p>\n<p>\u2014<\/p>\n<p><strong>Responsables\u00a0:\u00a0<\/strong>D\u00e9borah Boijoux (Nantes U.), Alexia Dedieu (U. d&rsquo;Aix-Marseille) et Anne Morvan (Nantes U.)<\/p>","excerpt":"","slug":"appel-a-communication-ve-journee-des-jeunes-chercheurs-de-la-societe-detudes-medio-et-neo-latine-semen-l-nantes","image":false,"all_day":true,"start_date":"2024-09-30 00:00:00","start_date_details":{"year":"2024","month":"09","day":"30","hour":"00","minutes":"00","seconds":"00"},"end_date":"2024-09-30 23:59:59","end_date_details":{"year":"2024","month":"09","day":"30","hour":"23","minutes":"59","seconds":"59"},"utc_start_date":"2024-09-30 00:00:00","utc_start_date_details":{"year":"2024","month":"09","day":"30","hour":"00","minutes":"00","seconds":"00"},"utc_end_date":"2024-09-30 23:59:59","utc_end_date_details":{"year":"2024","month":"09","day":"30","hour":"23","minutes":"59","seconds":"59"},"timezone":"UTC+0","timezone_abbr":"UTC+0","cost":"","cost_details":{"currency_symbol":"\u20ac","currency_code":"EUR\t\t\t\t\t\t\tclass=","currency_position":"prefix","values":[]},"website":"","show_map":true,"show_map_link":true,"hide_from_listings":false,"sticky":false,"featured":false,"categories":[{"name":"Date limite d'appel","slug":"date-limite-dappel","term_group":0,"term_taxonomy_id":1709,"taxonomy":"tribe_events_cat","description":"","parent":0,"count":5,"filter":"raw","id":1709,"urls":{"self":"https:\/\/www.semen-l.org\/index.php?rest_route=\/tribe\/events\/v1\/categories\/1709","collection":"https:\/\/www.semen-l.org\/index.php?rest_route=\/tribe\/events\/v1\/categories"}}],"tags":[],"venue":[],"organizer":[],"custom_fields":[],"json_ld":{"@context":"http:\/\/schema.org","@type":"Event","name":"Appel \u00e0 communication : Ve journ\u00e9e des jeunes chercheurs de la Soci\u00e9t\u00e9 d&rsquo;\u00e9tudes m\u00e9dio- et n\u00e9o-latine SEMEN-L (Nantes)","description":"&lt;p&gt;La Ve journ\u00e9e des jeunes chercheurs de la SEMEN-L se d\u00e9roulera \u00e0 l\u2019Universit\u00e9 de Nantes le vendredi 14 mars 2025. Nous invitons les doctorants et jeunes docteurs travaillant sur le m\u00e9dio et n\u00e9o-latin \u00e0 nous soumettre leur proposition pour une &hellip; &lt;a href=&quot;https:\/\/www.semen-l.org\/?tribe_events=appel-a-communication-ve-journee-des-jeunes-chercheurs-de-la-societe-detudes-medio-et-neo-latine-semen-l-nantes&quot;&gt;Continuer la lecture &lt;span class=&quot;meta-nav&quot;&gt;&rarr;&lt;\/span&gt;&lt;\/a&gt;&lt;\/p&gt;\\n","url":"https:\/\/www.semen-l.org\/?tribe_events=appel-a-communication-ve-journee-des-jeunes-chercheurs-de-la-societe-detudes-medio-et-neo-latine-semen-l-nantes","eventAttendanceMode":"https:\/\/schema.org\/OfflineEventAttendanceMode","eventStatus":"https:\/\/schema.org\/EventScheduled","startDate":"2024-09-30T00:00:00+00:00","endDate":"2024-09-30T23:59:59+00:00","performer":"Organization"}}