{"id":2158,"global_id":"www.semen-l.org?id=2158","global_id_lineage":["www.semen-l.org?id=2158"],"author":"26","status":"publish","date":"2022-03-12 08:46:45","date_utc":"2022-03-12 08:46:45","modified":"2022-03-12 08:55:22","modified_utc":"2022-03-12 08:55:22","url":"https:\/\/www.semen-l.org\/?tribe_events=la-question-feminine-chez-les-humanistes-italiens-et-francais-debats-ii-representations","rest_url":"https:\/\/www.semen-l.org\/index.php?rest_route=\/tribe\/events\/v1\/events\/2158","title":"La question f\u00e9minine chez les humanistes italiens et fran\u00e7ais. D\u00e9bats \/ II. Repr\u00e9sentations","description":"<p>Session double \u00ab La question f\u00e9minine chez les humanistes italiens et fran\u00e7ais. D\u00e9bats \/ II. Repr\u00e9sentations [The feminine question among Italian and French humanists. I. Debates\/II. Representations] \u00bb, org. L. Boul\u00e8gue (UR UPJV 4284 TrAme) \u2013 S. Gambino- Longo (U. Lyon), RSA 68th annual meeting, Dublin.<\/p>\n<p>https:\/\/rsa.confex.com\/rsa\/2022\/meetingapp.cgi\/Session\/4969<\/p>","excerpt":"","slug":"la-question-feminine-chez-les-humanistes-italiens-et-francais-debats-ii-representations","image":false,"all_day":false,"start_date":"2022-03-31 11:00:00","start_date_details":{"year":"2022","month":"03","day":"31","hour":"11","minutes":"00","seconds":"00"},"end_date":"2022-03-31 12:30:00","end_date_details":{"year":"2022","month":"03","day":"31","hour":"12","minutes":"30","seconds":"00"},"utc_start_date":"2022-03-31 11:00:00","utc_start_date_details":{"year":"2022","month":"03","day":"31","hour":"11","minutes":"00","seconds":"00"},"utc_end_date":"2022-03-31 12:30:00","utc_end_date_details":{"year":"2022","month":"03","day":"31","hour":"12","minutes":"30","seconds":"00"},"timezone":"UTC+0","timezone_abbr":"UTC+0","cost":"","cost_details":{"currency_symbol":"","currency_code":"","currency_position":"prefix","values":[]},"website":"https:\/\/rsa.confex.com\/rsa\/2022\/meetingapp.cgi\/Session\/4969","show_map":true,"show_map_link":true,"hide_from_listings":false,"sticky":false,"featured":false,"categories":[{"name":"Colloque","slug":"colloque","term_group":0,"term_taxonomy_id":1673,"taxonomy":"tribe_events_cat","description":"","parent":0,"count":35,"filter":"raw","id":1673,"urls":{"self":"https:\/\/www.semen-l.org\/index.php?rest_route=\/tribe\/events\/v1\/categories\/1673","collection":"https:\/\/www.semen-l.org\/index.php?rest_route=\/tribe\/events\/v1\/categories"}}],"tags":[],"venue":{"id":2157,"author":"26","status":"publish","date":"2022-03-12 08:36:25","date_utc":"2022-03-12 08:36:25","modified":"2022-03-12 08:36:25","modified_utc":"2022-03-12 08:36:25","url":"https:\/\/www.semen-l.org\/?tribe_venue=dublin","venue":"Dublin","slug":"dublin","city":"Dublin","country":"Irlande","json_ld":{"@type":"Place","name":"Dublin","description":"","url":"","address":{"@type":"PostalAddress","addressLocality":"Dublin","addressCountry":"Irlande"},"telephone":"","sameAs":""},"show_map":true,"show_map_link":true,"global_id":"www.semen-l.org?id=2157","global_id_lineage":["www.semen-l.org?id=2157"]},"organizer":[{"id":1004,"author":"26","status":"publish","date":"2020-11-19 00:45:58","date_utc":"2020-11-19 00:45:58","modified":"2020-11-19 00:45:58","modified_utc":"2020-11-19 00:45:58","url":"https:\/\/www.semen-l.org\/?tribe_organizer=laurence-boulegue","organizer":"Laurence Boul\u00e8gue","slug":"laurence-boulegue","json_ld":{"@type":"Person","name":"Laurence Boul\u00e8gue","description":"","url":"","telephone":"","email":"","sameAs":""},"global_id":"www.semen-l.org?id=1004","global_id_lineage":["www.semen-l.org?id=1004"]}],"custom_fields":[],"json_ld":{"@context":"http:\/\/schema.org","@type":"Event","name":"La question f\u00e9minine chez les humanistes italiens et fran\u00e7ais. D\u00e9bats \/ II. Repr\u00e9sentations","description":"&lt;p&gt;Session double \u00ab La question f\u00e9minine chez les humanistes italiens et fran\u00e7ais. D\u00e9bats \/ II. Repr\u00e9sentations \u00bb, org. L. Boul\u00e8gue (UR UPJV 4284 TrAme) \u2013 S. Gambino- Longo (U. Lyon), RSA 68th annual meeting, Dublin. https:\/\/rsa.confex.com\/rsa\/2022\/meetingapp.cgi\/Session\/4969&lt;\/p&gt;\\n","url":"https:\/\/www.semen-l.org\/?tribe_events=la-question-feminine-chez-les-humanistes-italiens-et-francais-debats-ii-representations","eventAttendanceMode":"https:\/\/schema.org\/OfflineEventAttendanceMode","eventStatus":"https:\/\/schema.org\/EventScheduled","startDate":"2022-03-31T11:00:00+00:00","endDate":"2022-03-31T12:30:00+00:00","location":{"@type":"Place","name":"Dublin","description":"","url":"","address":{"@type":"PostalAddress","addressLocality":"Dublin","addressCountry":"Irlande"},"telephone":"","sameAs":""},"organizer":{"@type":"Person","name":"Laurence Boul\u00e8gue","description":"","url":"","telephone":"","email":"","sameAs":""},"performer":"Organization"}}