{"events":[{"id":4314,"global_id":"www.semen-l.org?id=4314","global_id_lineage":["www.semen-l.org?id=4314"],"author":"26","status":"publish","date":"2026-04-20 11:27:54","date_utc":"2026-04-20 11:27:54","modified":"2026-04-20 11:28:19","modified_utc":"2026-04-20 11:28:19","url":"https:\/\/www.semen-l.org\/?tribe_events=de-limaginaire-aux-vestiges-des-vestiges-a-limaginaire-representations-litteraires-de-la-grece-antique-dans-sa-materialite-xive-xixe-siecle","rest_url":"https:\/\/www.semen-l.org\/index.php?rest_route=\/tribe\/events\/v1\/events\/4314","title":"De l\u2019imaginaire aux vestiges, des vestiges \u00e0 l\u2019imaginaire : repr\u00e9sentations litt\u00e9raires de la Gr\u00e8ce antique dans sa mat\u00e9rialit\u00e9 (XIVe-XIXe si\u00e8cle)","description":"<p>L&rsquo;ERC AGRELITA (Universit\u00e9 de Caen Normandie, CRAHAM) coorganise en\u00a0<span id=\"OBJ_PREFIX_DWT743_com_zimbra_date\" class=\"Object\">f\u00e9vrier 2027<\/span>\u00a0avec l\u2019\u00c9cole fran\u00e7aise d&rsquo;Ath\u00e8nes un colloque intitul\u00e9 \u00ab\u00a0De l\u2019imaginaire aux vestiges, des vestiges \u00e0 l\u2019imaginaire : repr\u00e9sentations litt\u00e9raires de la Gr\u00e8ce antique dans sa mat\u00e9rialit\u00e9\u00a0(xiv<sup>e<\/sup>-xix<sup>e<\/sup> si\u00e8cle)\u00a0\u00bb.<\/p>\n<h1>ERC Advanced Grant AGRELITA<\/h1>\n<p><strong>The Reception of Ancient Greece in pre-modern French Literature and Illustrations of Manuscripts and Printed Books (1320-1550) : How invented memories <\/strong><strong>shaped the identity of European communities<\/strong><\/p>\n<p><strong>\u00a0<\/strong><strong>Direction : Catherine Gaullier-Bougassas<\/strong><\/p>\n<p><a href=\"https:\/\/agrelita.hypotheses.org\/\">https:\/\/agrelita.hypotheses.org\/<\/a><\/p>\n<p>The AGRELITA project was launched on October 1st, 2021. It is a 6-year project (2021-2027), which has received funding from the European Research Council (ERC) under the European Union\u2019s Horizon 2020 research and innovation program (grant agreement No 101018777).<\/p>\n<h1>Colloque international coorganis\u00e9 avec l\u2019\u00c9cole fran\u00e7aise d\u2019Ath\u00e8nes<\/h1>\n<p><strong>De l\u2019imaginaire aux vestiges, des vestiges \u00e0 l\u2019imaginaire : repr\u00e9sentations litt\u00e9raires de la Gr\u00e8ce antique dans sa mat\u00e9rialit\u00e9 (<\/strong><strong>XIV<\/strong><strong>e<\/strong><strong>&#8211;<\/strong><strong>XIX<\/strong><strong>e <\/strong><strong>si\u00e8cle)<\/strong><\/p>\n<p>25-26 f\u00e9vrier 2027 \u00e0 l\u2019\u00c9cole fran\u00e7aise d\u2019Ath\u00e8nes<\/p>","excerpt":"","slug":"de-limaginaire-aux-vestiges-des-vestiges-a-limaginaire-representations-litteraires-de-la-grece-antique-dans-sa-materialite-xive-xixe-siecle","image":false,"all_day":true,"start_date":"2027-02-25 00:00:00","start_date_details":{"year":"2027","month":"02","day":"25","hour":"00","minutes":"00","seconds":"00"},"end_date":"2027-02-26 23:59:59","end_date_details":{"year":"2027","month":"02","day":"26","hour":"23","minutes":"59","seconds":"59"},"utc_start_date":"2027-02-25 00:00:00","utc_start_date_details":{"year":"2027","month":"02","day":"25","hour":"00","minutes":"00","seconds":"00"},"utc_end_date":"2027-02-26 23:59:59","utc_end_date_details":{"year":"2027","month":"02","day":"26","hour":"23","minutes":"59","seconds":"59"},"timezone":"UTC+0","timezone_abbr":"UTC+0","cost":"","cost_details":{"currency_symbol":"\u20ac","currency_code":"EUR","currency_position":"prefix","values":[]},"website":"https:\/\/agrelita.hypotheses.org\/","show_map":true,"show_map_link":true,"hide_from_listings":false,"sticky":false,"featured":false,"categories":[{"name":"Colloque","slug":"colloque","term_group":0,"term_taxonomy_id":1673,"taxonomy":"tribe_events_cat","description":"","parent":0,"count":35,"filter":"raw","id":1673,"urls":{"self":"https:\/\/www.semen-l.org\/index.php?rest_route=\/tribe\/events\/v1\/categories\/1673","collection":"https:\/\/www.semen-l.org\/index.php?rest_route=\/tribe\/events\/v1\/categories"}}],"tags":[],"venue":{"id":4316,"author":"26","status":"publish","date":"2026-04-20 11:27:54","date_utc":"2026-04-20 11:27:54","modified":"2026-04-20 11:27:54","modified_utc":"2026-04-20 11:27:54","url":"https:\/\/www.semen-l.org\/?tribe_venue=ecole-francaise-dathenes","venue":"\u00c9cole fran\u00e7aise d\u2019Ath\u00e8nes","slug":"ecole-francaise-dathenes","address":"Didotou 6","city":"Athina","country":"Greece","zip":"106 80","show_map":true,"show_map_link":true,"global_id":"www.semen-l.org?id=4316","global_id_lineage":["www.semen-l.org?id=4316"]},"organizer":[{"id":2305,"author":"26","status":"publish","date":"2022-10-10 07:15:22","date_utc":"2022-10-10 07:15:22","modified":"2022-10-10 07:15:22","modified_utc":"2022-10-10 07:15:22","url":"https:\/\/www.semen-l.org\/?tribe_organizer=catherine-gaullier-bougassas","organizer":"Catherine Gaullier-Bougassas","slug":"catherine-gaullier-bougassas","website":"https:\/\/pro.univ-lille.fr\/catherine-bougassas\/","global_id":"www.semen-l.org?id=2305","global_id_lineage":["www.semen-l.org?id=2305"]}],"custom_fields":[]}],"rest_url":"https:\/\/www.semen-l.org\/index.php?rest_route=%2Ftribe%2Fevents%2Fv1%2Fevents%2F&page=1&per_page=10&start_date=2026-04-28 00:00:00&end_date=2028-04-28 23:59:59&status=publish","total":1,"total_pages":1}