{"id":561,"date":"2019-12-20T17:30:17","date_gmt":"2019-12-20T17:30:17","guid":{"rendered":"http:\/\/www.semen-l.org\/?p=561"},"modified":"2020-11-18T22:32:33","modified_gmt":"2020-11-18T22:32:33","slug":"publication-des-actes-du-dernier-congres-de-la-semen-l","status":"publish","type":"post","link":"http:\/\/www.semen-l.org\/?p=561","title":{"rendered":"Publication des actes du dernier congr\u00e8s de la Semen-l"},"content":{"rendered":"\t\t<div data-elementor-type=\"wp-post\" data-elementor-id=\"561\" class=\"elementor elementor-561\">\n\t\t\t\t\t\t<section class=\"elementor-section elementor-top-section elementor-element elementor-element-654c0ca5 elementor-section-boxed elementor-section-height-default elementor-section-height-default\" data-id=\"654c0ca5\" data-element_type=\"section\" data-e-type=\"section\">\n\t\t\t\t\t\t<div class=\"elementor-container elementor-column-gap-default\">\n\t\t\t\t\t<div class=\"elementor-column elementor-col-100 elementor-top-column elementor-element elementor-element-8cdcee4\" data-id=\"8cdcee4\" data-element_type=\"column\" data-e-type=\"column\">\n\t\t\t<div class=\"elementor-widget-wrap\">\n\t\t\t\t\t\t\t<\/div>\n\t\t<\/div>\n\t\t\t\t\t<\/div>\n\t\t<\/section>\n\t\t\t\t<section class=\"elementor-section elementor-top-section elementor-element elementor-element-615c554 elementor-section-boxed elementor-section-height-default elementor-section-height-default\" data-id=\"615c554\" data-element_type=\"section\" data-e-type=\"section\">\n\t\t\t\t\t\t<div class=\"elementor-container elementor-column-gap-default\">\n\t\t\t\t\t<div class=\"elementor-column elementor-col-50 elementor-top-column elementor-element elementor-element-6886b23\" data-id=\"6886b23\" data-element_type=\"column\" data-e-type=\"column\">\n\t\t\t<div class=\"elementor-widget-wrap elementor-element-populated\">\n\t\t\t\t\t\t<div class=\"elementor-element elementor-element-288fdc70 elementor-widget elementor-widget-text-editor\" data-id=\"288fdc70\" data-element_type=\"widget\" data-e-type=\"widget\" data-widget_type=\"text-editor.default\">\n\t\t\t\t<div class=\"elementor-widget-container\">\n\t\t\t\t\t\t\t\t\t<p>Les Actes du V\u00e8me Congr\u00e8s de la SEMEN-L qui a eu lieu \u00e0 Caen en 2018 sont parus aux Editions Universitaires de Dijon<\/p><p><a style=\"font-size: 15px;\" href=\"http:\/\/www.semen-l.org\/wp-content\/uploads\/2019\/12\/Actes-Caen.pdf\">Couverture et sommaire<\/a><\/p><p><span style=\"font-size: 15px; color: var( --e-global-color-text );\">Et pour acheter le volume :\u00a0<\/span><a style=\"font-size: 15px;\" href=\"https:\/\/eud.u-bourgogne.fr\/critique-litteraire\/676-rire-et-sourire-dans-la-litterature-latine-au-moyen-age-et-a-la-renaissance-9782364413344.html\">ici<\/a>.<\/p>\t\t\t\t\t\t\t\t<\/div>\n\t\t\t\t<\/div>\n\t\t\t\t\t<\/div>\n\t\t<\/div>\n\t\t\t\t<div class=\"elementor-column elementor-col-50 elementor-top-column elementor-element elementor-element-49a4968\" data-id=\"49a4968\" data-element_type=\"column\" data-e-type=\"column\">\n\t\t\t<div class=\"elementor-widget-wrap elementor-element-populated\">\n\t\t\t\t\t\t<div class=\"elementor-element elementor-element-68ed5ea elementor-widget elementor-widget-image\" data-id=\"68ed5ea\" data-element_type=\"widget\" data-e-type=\"widget\" data-widget_type=\"image.default\">\n\t\t\t\t<div class=\"elementor-widget-container\">\n\t\t\t\t\t\t\t\t\t\t\t\t\t\t\t<img fetchpriority=\"high\" decoding=\"async\" width=\"584\" height=\"584\" src=\"https:\/\/www.semen-l.org\/wp-content\/uploads\/2019\/12\/rire-et-sourire-dans-la-litterature-latine-au-moyen-age-et-a-la-renaissance.jpg\" class=\"attachment-large size-large wp-image-576\" alt=\"\" srcset=\"https:\/\/www.semen-l.org\/wp-content\/uploads\/2019\/12\/rire-et-sourire-dans-la-litterature-latine-au-moyen-age-et-a-la-renaissance.jpg 800w, https:\/\/www.semen-l.org\/wp-content\/uploads\/2019\/12\/rire-et-sourire-dans-la-litterature-latine-au-moyen-age-et-a-la-renaissance-150x150.jpg 150w, https:\/\/www.semen-l.org\/wp-content\/uploads\/2019\/12\/rire-et-sourire-dans-la-litterature-latine-au-moyen-age-et-a-la-renaissance-300x300.jpg 300w, https:\/\/www.semen-l.org\/wp-content\/uploads\/2019\/12\/rire-et-sourire-dans-la-litterature-latine-au-moyen-age-et-a-la-renaissance-768x768.jpg 768w\" sizes=\"(max-width: 584px) 100vw, 584px\" \/>\t\t\t\t\t\t\t\t\t\t\t\t\t\t\t<\/div>\n\t\t\t\t<\/div>\n\t\t\t\t\t<\/div>\n\t\t<\/div>\n\t\t\t\t\t<\/div>\n\t\t<\/section>\n\t\t\t\t<section class=\"elementor-section elementor-top-section elementor-element elementor-element-85c2436 elementor-section-boxed elementor-section-height-default elementor-section-height-default\" data-id=\"85c2436\" data-element_type=\"section\" data-e-type=\"section\">\n\t\t\t\t\t\t<div class=\"elementor-container elementor-column-gap-default\">\n\t\t\t\t\t<div class=\"elementor-column elementor-col-100 elementor-top-column elementor-element elementor-element-9e566ed\" data-id=\"9e566ed\" data-element_type=\"column\" data-e-type=\"column\">\n\t\t\t<div class=\"elementor-widget-wrap elementor-element-populated\">\n\t\t\t\t\t\t<div class=\"elementor-element elementor-element-b25f935 elementor-widget elementor-widget-heading\" data-id=\"b25f935\" data-element_type=\"widget\" data-e-type=\"widget\" data-widget_type=\"heading.default\">\n\t\t\t\t<div class=\"elementor-widget-container\">\n\t\t\t\t\t<h2 class=\"elementor-heading-title elementor-size-default\">Sommaire<\/h2>\t\t\t\t<\/div>\n\t\t\t\t<\/div>\n\t\t\t\t\t<\/div>\n\t\t<\/div>\n\t\t\t\t\t<\/div>\n\t\t<\/section>\n\t\t\t\t<section class=\"elementor-section elementor-top-section elementor-element elementor-element-3c702c2 elementor-section-boxed elementor-section-height-default elementor-section-height-default\" data-id=\"3c702c2\" data-element_type=\"section\" data-e-type=\"section\">\n\t\t\t\t\t\t<div class=\"elementor-container elementor-column-gap-default\">\n\t\t\t\t\t<div class=\"elementor-column elementor-col-100 elementor-top-column elementor-element elementor-element-4cec538\" data-id=\"4cec538\" data-element_type=\"column\" data-e-type=\"column\">\n\t\t\t<div class=\"elementor-widget-wrap elementor-element-populated\">\n\t\t\t\t\t\t<div class=\"elementor-element elementor-element-8b179ff elementor-widget elementor-widget-text-editor\" data-id=\"8b179ff\" data-element_type=\"widget\" data-e-type=\"widget\" data-widget_type=\"text-editor.default\">\n\t\t\t\t<div class=\"elementor-widget-container\">\n\t\t\t\t\t\t\t\t\t<div class=\"WordSection1\">\n\n<p class=\"MsoNormal\" style=\"margin-top:2.9pt;margin-right:246.55pt;margin-bottom:\n0cm;margin-left:5.9pt;margin-bottom:.0001pt;line-height:27.6pt;mso-line-height-rule:\nexactly\"><b><span style=\"font-size:12.0pt;\nmso-bidi-font-size:11.0pt\">B. Gauvin, C. Jacquemard ; Introduction<span style=\"color:red\"> Le sens du rire<\/span><o:p><\/o:p><\/span><\/b><\/p>\n\n<p class=\"MsoNormal\" style=\"margin-left:5.9pt;line-height:10.9pt;mso-line-height-rule:\nexactly\"><b><span style=\"font-size:12.0pt;\nmso-bidi-font-size:11.0pt\">Nicolas Casellato (<\/span><\/b><span style=\"font-size:12.0pt;mso-bidi-font-size:11.0pt\">Sorbonne Universit\u00e9 Lettres)\n&#8211; <i>O qualis facies et quae mutatio Romae :<o:p><\/o:p><\/i><\/span><\/p>\n\n<p class=\"MsoBodyText\" style=\"margin-left:5.9pt\">formes et aspects de la satire\nanticl\u00e9ricale dans les <i>Amores <\/i>de\nConrad Celtis (1502)<o:p><\/o:p><\/p>\n\n<p class=\"MsoBodyText\" style=\"margin-left:5.9pt\"><b>Luca Core (<\/b>Universit\u00e9 de Padoue) &#8211; Les ambitions du rire de l\u2019\u00e2ne\nBrunellus<o:p><\/o:p><\/p>\n\n<p class=\"MsoNormal\" style=\"margin-left:5.9pt\"><b><span style=\"font-size:12.0pt;mso-bidi-font-size:11.0pt\">Marie-Genevi\u00e8ve\nGrossel <\/span><\/b><span style=\"font-size:12.0pt;mso-bidi-font-size:11.0pt\">(Universit\u00e9\nde Valenciennes) \u2013 \u00ab <i>Nugae curialium \u00bb<\/i>,\nhumour et d\u00e9rision dans l\u2019oeuvre de Gautier Map<o:p><\/o:p><\/span><\/p>\n\n<p class=\"MsoNormal\" style=\"margin-left:5.9pt\"><b><span style=\"font-size:12.0pt;mso-bidi-font-size:11.0pt\">Alice Lamy <\/span><\/b><span style=\"font-size:12.0pt;mso-bidi-font-size:11.0pt\">(EA 4081 Rome et ses\nrenaissances) &#8211; Les affres du rire dans le <i>Roman\nde la Rose<o:p><\/o:p><\/i><\/span><\/p>\n\n<p class=\"MsoBodyText\"><i><o:p>&nbsp;<\/o:p><\/i><\/p>\n\n<h1><span style=\"color:red\">Les formes du rire<\/span><o:p><\/o:p><\/h1>\n\n<p class=\"MsoBodyText\" style=\"margin-top:0cm;margin-right:7.85pt;margin-bottom:\n0cm;margin-left:5.9pt;margin-bottom:.0001pt\"><b>Pascale Bourgain <\/b>(\u00c9cole Nationale des Chartes) &#8211; Rire d&rsquo;inversion,\nrire de subversion dans la po\u00e9sie lyrique m\u00e9di\u00e9vale.<o:p><\/o:p><\/p>\n\n<\/div><p>\n\n<span style=\"font-size:11.0pt;font-family:&quot;Times New Roman&quot;,serif;mso-fareast-font-family:\n&quot;Times New Roman&quot;;mso-ansi-language:FR;mso-fareast-language:FR;mso-bidi-language:\nFR\"><br clear=\"all\" style=\"page-break-before:always;mso-break-type:section-break\">\n<\/span>\n\n<\/p><p class=\"MsoBodyText\" style=\"margin-top:3.9pt;margin-right:7.85pt;margin-bottom:\n0cm;margin-left:5.9pt;margin-bottom:.0001pt\"><b>Lucilla Spetia (<\/b>Universit\u00e9 dell&rsquo;Aquila (Italie)) &#8211; La pastourelle\nm\u00e9dio-latine : parodie ou ironie<span style=\"letter-spacing:-.1pt\"> <\/span>?<o:p><\/o:p><\/p><p class=\"MsoNormal\" style=\"margin-left:5.9pt\"><b><span style=\"font-size:12.0pt;mso-bidi-font-size:11.0pt\">Sylvie\nLaigneau-Fontaine <\/span><\/b><span style=\"font-size:12.0pt;mso-bidi-font-size:\n11.0pt\">(Universit\u00e9 de Bourgogne) &#8211; Le rire du <i>sodalitium Lugdunense <\/i><b>D\u00e9borah\nBoijoux <\/b>(Universit\u00e9 de Nantes, EA 4276 L&rsquo;AMo) &#8211; \u00ab Ahahe ! \u00bb ou l\u2019\u00e9clat de\nrire miroitant et diffract\u00e9 d\u2019Antonio Urceo Codro, po\u00e8te philologue \u00e0 la cour\ndes Bentivoglio (Bologne, fin du <\/span><span style=\"font-size:9.5pt;\nmso-bidi-font-size:11.0pt\">XV<\/span><span style=\"font-size:7.0pt;mso-bidi-font-size:\n11.0pt\">e <\/span><span style=\"font-size:12.0pt;mso-bidi-font-size:11.0pt\">si\u00e8cle).<o:p><\/o:p><\/span><\/p><p class=\"MsoNormal\" style=\"margin-top:0cm;margin-right:7.85pt;margin-bottom:\n0cm;margin-left:5.9pt;margin-bottom:.0001pt\"><b><span style=\"font-size:12.0pt;mso-bidi-font-size:11.0pt\">Emilie S\u00e9ris (<\/span><\/b><span style=\"font-size:12.0pt;mso-bidi-font-size:11.0pt\">Sorbonne Universit\u00e9 Lettres)\n&#8211; <i>Mi ioca, mi risus, placuit mihi uterque\nCupido <\/i>: les \u00e9pigrammes latines d\u2019Ange Politien, entre rire et sourire.<o:p><\/o:p><\/span><\/p><p class=\"MsoBodyText\"><o:p>&nbsp;<\/o:p><\/p><h1 style=\"text-align:justify\"><span style=\"color:red\">Pr\u00e9sence du rire des\nAnciens<\/span><o:p><\/o:p><\/h1><p class=\"MsoNormal\" style=\"margin-top:0cm;margin-right:5.7pt;margin-bottom:0cm;\nmargin-left:5.9pt;margin-bottom:.0001pt;text-align:justify\"><b><span style=\"font-size:12.0pt;mso-bidi-font-size:\n11.0pt\">Samuel Molin <\/span><\/b><span style=\"font-size:12.0pt;mso-bidi-font-size:\n11.0pt\">(Universit\u00e9 Bordeaux Montaigne, EA 4593 CLARE) &#8211; Ovide travesti.\nStylistique de la <i>materia iocosa <\/i>dans\nla branche I de l&rsquo;<i>Ysengrimus <\/i>:\nlecture de quelques comparaisons et m\u00e9taphores<o:p><\/o:p><\/span><\/p><p class=\"MsoBodyText\" style=\"margin-top:0cm;margin-right:19.4pt;margin-bottom:\n0cm;margin-left:5.9pt;margin-bottom:.0001pt;text-align:justify\"><b>Mathieu Ferrand <\/b>(Universit\u00e9 Grenoble\nAlpes, UMR 5316 Litt&amp;Arts) &#8211; Quand les cochons parlaient latin : L\u2019<i>Advocatus<\/i>, com\u00e9die de coll\u00e8ge (Paris,\n1533)<o:p><\/o:p><\/p><p class=\"MsoNormal\" style=\"margin-top:0cm;margin-right:22.6pt;margin-bottom:\n0cm;margin-left:5.9pt;margin-bottom:.0001pt;text-align:justify\"><b><span style=\"font-size:12.0pt;mso-bidi-font-size:\n11.0pt\">Thomas Penguilly <\/span><\/b><span style=\"font-size:12.0pt;mso-bidi-font-size:\n11.0pt\">(EA 7289 CECJI) &#8211; <i>Huiusmodi,\nhercle, Aristophanes si cerneret\u2026 : <\/i>La premi\u00e8re traduction latine des <i>Nu\u00e9es <\/i>d\u2019Aristophane par Andr\u00e9 Alciat<o:p><\/o:p><\/span><\/p><p class=\"MsoBodyText\"><o:p>&nbsp;<\/o:p><\/p><h1><span style=\"color:red\">Th\u00e9oriser le rire<\/span><o:p><\/o:p><\/h1><p class=\"MsoNormal\" style=\"margin-top:0cm;margin-right:5.65pt;margin-bottom:\n0cm;margin-left:5.9pt;margin-bottom:.0001pt\"><b><span style=\"font-size:12.0pt;mso-bidi-font-size:11.0pt\">Christiane<span style=\"letter-spacing:-.65pt\"> <\/span>Deloince-Louette<span style=\"letter-spacing:\n-.65pt\"> <\/span><\/span><\/b><span style=\"font-size:12.0pt;mso-bidi-font-size:\n11.0pt\">(Universit\u00e9<span style=\"letter-spacing:-.65pt\"> <\/span>de<span style=\"letter-spacing:-.65pt\"> <\/span>Grenoble-Alpes,<span style=\"letter-spacing:\n-.6pt\"> <\/span>UMR<span style=\"letter-spacing:-.65pt\"> <\/span>5316<span style=\"letter-spacing:-.65pt\"> <\/span>Litt&amp;Arts)<span style=\"letter-spacing:\n-.5pt\"> <\/span>&#8211;<span style=\"letter-spacing:-.7pt\"> <\/span>T\u00e9rence fait-il rire\nM\u00e9lanchthon<span style=\"letter-spacing:-.2pt\"> <\/span>?<o:p><\/o:p><\/span><\/p><p class=\"MsoBodyText\" style=\"margin-top:.05pt;margin-right:0cm;margin-bottom:\n0cm;margin-left:5.9pt;margin-bottom:.0001pt\"><b>Lucie Claire <\/b>(UPJV, EA 4284 TrAme) &#8211; Les commentaires humanistes au\nchapitre sur le rire de Quintilien : de Lorenzo Valla \u00e0 Adrien Turn\u00e8be<o:p><\/o:p><\/p><p>\n\n\n\n\n\n\n\n\n\n\n\n\n\n\n\n\n\n\n\n\n\n\n\n<\/p><p class=\"MsoBodyText\" style=\"margin-left:5.9pt\"><b>Virginie Leroux <\/b>(EPHE) &#8211; Rire et sourire dans les po\u00e9tiques\nn\u00e9o-latines de la Renaissance<o:p><\/o:p><\/p>\t\t\t\t\t\t\t\t<\/div>\n\t\t\t\t<\/div>\n\t\t\t\t\t<\/div>\n\t\t<\/div>\n\t\t\t\t\t<\/div>\n\t\t<\/section>\n\t\t\t\t<\/div>\n\t\t","protected":false},"excerpt":{"rendered":"<p>Les Actes du V\u00e8me Congr\u00e8s de la SEMEN-L qui a eu lieu \u00e0 Caen en 2018 sont parus aux Editions Universitaires de Dijon Couverture et sommaire Et pour acheter le volume :\u00a0ici. Sommaire B. Gauvin, C. Jacquemard ; Introduction Le &hellip; <a href=\"http:\/\/www.semen-l.org\/?p=561\">Continuer la lecture <span class=\"meta-nav\">&rarr;<\/span><\/a><\/p>\n","protected":false},"author":5,"featured_media":839,"comment_status":"open","ping_status":"open","sticky":false,"template":"","format":"standard","meta":{"footnotes":""},"categories":[7],"tags":[73,238,75,58,55,72,81,376,68,60,375,65,62,76,56,74,59,70,64,63,26,264,82,30,78,19,61,66,20,57,267,77,371,79,67,80,69],"class_list":["post-561","post","type-post","status-publish","format-standard","has-post-thumbnail","hentry","category-publications","tag-andre-alciat","tag-amores-conrad-celtis","tag-aristophane","tag-brunellus","tag-conrad-celtis","tag-comedie","tag-commentaire","tag-derision","tag-epigramme","tag-gautier-map","tag-humour","tag-ironie","tag-lyrisme","tag-melanchthon","tag-nigel-de-longchamps","tag-nuees","tag-nugae-curialium","tag-ovide","tag-parodie","tag-pastourelle","tag-poesie","tag-poesie-lyrique","tag-poetique","tag-ange-politien","tag-quintilien","tag-rire","tag-roman-de-la-rose","tag-sodalitium-lugdunense","tag-sourire","tag-speculum-stultorum","tag-stylistique","tag-terence","tag-traduction","tag-adrien-turnebe","tag-antonio-urceo-codro","tag-lorenzo-valla","tag-ysengrimus"],"yoast_head":"<!-- This site is optimized with the Yoast SEO plugin v27.4 - https:\/\/yoast.com\/product\/yoast-seo-wordpress\/ -->\n<title>Publication des actes du dernier congr\u00e8s de la Semen-l - Soci\u00e9t\u00e9 d&#039;\u00c9tudes M\u00e9dio Et N\u00e9o-Latines<\/title>\n<meta name=\"robots\" content=\"index, follow, max-snippet:-1, max-image-preview:large, max-video-preview:-1\" \/>\n<link rel=\"canonical\" href=\"http:\/\/www.semen-l.org\/?p=561\" \/>\n<meta property=\"og:locale\" content=\"fr_FR\" \/>\n<meta property=\"og:type\" content=\"article\" \/>\n<meta property=\"og:title\" content=\"Publication des actes du dernier congr\u00e8s de la Semen-l - Soci\u00e9t\u00e9 d&#039;\u00c9tudes M\u00e9dio Et N\u00e9o-Latines\" \/>\n<meta property=\"og:description\" content=\"Les Actes du V\u00e8me Congr\u00e8s de la SEMEN-L qui a eu lieu \u00e0 Caen en 2018 sont parus aux Editions Universitaires de Dijon Couverture et sommaire Et pour acheter le volume :\u00a0ici. Sommaire B. Gauvin, C. Jacquemard ; Introduction Le &hellip; Continuer la lecture &rarr;\" \/>\n<meta property=\"og:url\" content=\"http:\/\/www.semen-l.org\/?p=561\" \/>\n<meta property=\"og:site_name\" content=\"Soci\u00e9t\u00e9 d&#039;\u00c9tudes M\u00e9dio Et N\u00e9o-Latines\" \/>\n<meta property=\"article:publisher\" content=\"https:\/\/www.facebook.com\/SEMENL2018\" \/>\n<meta property=\"article:published_time\" content=\"2019-12-20T17:30:17+00:00\" \/>\n<meta property=\"article:modified_time\" content=\"2020-11-18T22:32:33+00:00\" \/>\n<meta property=\"og:image\" content=\"http:\/\/www.semen-l.org\/wp-content\/uploads\/2019\/12\/rire-et-sourire.jpg\" \/>\n\t<meta property=\"og:image:width\" content=\"200\" \/>\n\t<meta property=\"og:image:height\" content=\"200\" \/>\n\t<meta property=\"og:image:type\" content=\"image\/jpeg\" \/>\n<meta name=\"author\" content=\"Seris\" \/>\n<meta name=\"twitter:card\" content=\"summary_large_image\" \/>\n<meta name=\"twitter:label1\" content=\"\u00c9crit par\" \/>\n\t<meta name=\"twitter:data1\" content=\"Seris\" \/>\n\t<meta name=\"twitter:label2\" content=\"Dur\u00e9e de lecture estim\u00e9e\" \/>\n\t<meta name=\"twitter:data2\" content=\"2 minutes\" \/>\n<script type=\"application\/ld+json\" class=\"yoast-schema-graph\">{\"@context\":\"https:\\\/\\\/schema.org\",\"@graph\":[{\"@type\":\"Article\",\"@id\":\"http:\\\/\\\/www.semen-l.org\\\/?p=561#article\",\"isPartOf\":{\"@id\":\"http:\\\/\\\/www.semen-l.org\\\/?p=561\"},\"author\":{\"name\":\"Seris\",\"@id\":\"http:\\\/\\\/www.semen-l.org\\\/#\\\/schema\\\/person\\\/6e8c8c75b499690cc37dd369354a7c47\"},\"headline\":\"Publication des actes du dernier congr\u00e8s de la Semen-l\",\"datePublished\":\"2019-12-20T17:30:17+00:00\",\"dateModified\":\"2020-11-18T22:32:33+00:00\",\"mainEntityOfPage\":{\"@id\":\"http:\\\/\\\/www.semen-l.org\\\/?p=561\"},\"wordCount\":382,\"commentCount\":0,\"publisher\":{\"@id\":\"http:\\\/\\\/www.semen-l.org\\\/#organization\"},\"image\":{\"@id\":\"http:\\\/\\\/www.semen-l.org\\\/?p=561#primaryimage\"},\"thumbnailUrl\":\"http:\\\/\\\/www.semen-l.org\\\/wp-content\\\/uploads\\\/2019\\\/12\\\/rire-et-sourire.jpg\",\"keywords\":[\"Alciat (Andr\u00e9)\",\"Amores (Conrad Celtis)\",\"Aristophane\",\"Brunellus\",\"Celtis (Conrad)\",\"com\u00e9die\",\"commentaire\",\"d\u00e9rision\",\"\u00e9pigramme\",\"Gautier Map\",\"humour\",\"ironie\",\"lyrisme\",\"M\u00e9lanchthon (Philippe)\",\"Nigel de Longchamps\",\"Nu\u00e9es (Les)\",\"Nugae curialium\",\"Ovide\",\"parodie\",\"pastourelle\",\"po\u00e9sie\",\"po\u00e9sie lyrique\",\"po\u00e9tique\",\"Politien (Ange)\",\"Quintilien\",\"rire\",\"Roman de la Rose\",\"Sodalitium Lugdunense\",\"sourire\",\"Speculum stultorum\",\"stylistique\",\"T\u00e9rence\",\"traduction\",\"Turn\u00e8be (Adrien)\",\"Urceo (Codro) Antonio\",\"Valla (Lorenzo)\",\"Ysengrimus\"],\"articleSection\":[\"Publications\"],\"inLanguage\":\"fr-FR\",\"potentialAction\":[{\"@type\":\"CommentAction\",\"name\":\"Comment\",\"target\":[\"http:\\\/\\\/www.semen-l.org\\\/?p=561#respond\"]}]},{\"@type\":\"WebPage\",\"@id\":\"http:\\\/\\\/www.semen-l.org\\\/?p=561\",\"url\":\"http:\\\/\\\/www.semen-l.org\\\/?p=561\",\"name\":\"Publication des actes du dernier congr\u00e8s de la Semen-l - Soci\u00e9t\u00e9 d&#039;\u00c9tudes M\u00e9dio Et N\u00e9o-Latines\",\"isPartOf\":{\"@id\":\"http:\\\/\\\/www.semen-l.org\\\/#website\"},\"primaryImageOfPage\":{\"@id\":\"http:\\\/\\\/www.semen-l.org\\\/?p=561#primaryimage\"},\"image\":{\"@id\":\"http:\\\/\\\/www.semen-l.org\\\/?p=561#primaryimage\"},\"thumbnailUrl\":\"http:\\\/\\\/www.semen-l.org\\\/wp-content\\\/uploads\\\/2019\\\/12\\\/rire-et-sourire.jpg\",\"datePublished\":\"2019-12-20T17:30:17+00:00\",\"dateModified\":\"2020-11-18T22:32:33+00:00\",\"breadcrumb\":{\"@id\":\"http:\\\/\\\/www.semen-l.org\\\/?p=561#breadcrumb\"},\"inLanguage\":\"fr-FR\",\"potentialAction\":[{\"@type\":\"ReadAction\",\"target\":[\"http:\\\/\\\/www.semen-l.org\\\/?p=561\"]}]},{\"@type\":\"ImageObject\",\"inLanguage\":\"fr-FR\",\"@id\":\"http:\\\/\\\/www.semen-l.org\\\/?p=561#primaryimage\",\"url\":\"http:\\\/\\\/www.semen-l.org\\\/wp-content\\\/uploads\\\/2019\\\/12\\\/rire-et-sourire.jpg\",\"contentUrl\":\"http:\\\/\\\/www.semen-l.org\\\/wp-content\\\/uploads\\\/2019\\\/12\\\/rire-et-sourire.jpg\",\"width\":200,\"height\":200},{\"@type\":\"BreadcrumbList\",\"@id\":\"http:\\\/\\\/www.semen-l.org\\\/?p=561#breadcrumb\",\"itemListElement\":[{\"@type\":\"ListItem\",\"position\":1,\"name\":\"Accueil\",\"item\":\"http:\\\/\\\/www.semen-l.org\\\/\"},{\"@type\":\"ListItem\",\"position\":2,\"name\":\"Publication des actes du dernier congr\u00e8s de la Semen-l\"}]},{\"@type\":\"WebSite\",\"@id\":\"http:\\\/\\\/www.semen-l.org\\\/#website\",\"url\":\"http:\\\/\\\/www.semen-l.org\\\/\",\"name\":\"Soci\u00e9t\u00e9 d'\u00c9tudes M\u00e9dio Et N\u00e9o-Latines\",\"description\":\"\",\"publisher\":{\"@id\":\"http:\\\/\\\/www.semen-l.org\\\/#organization\"},\"potentialAction\":[{\"@type\":\"SearchAction\",\"target\":{\"@type\":\"EntryPoint\",\"urlTemplate\":\"http:\\\/\\\/www.semen-l.org\\\/?s={search_term_string}\"},\"query-input\":{\"@type\":\"PropertyValueSpecification\",\"valueRequired\":true,\"valueName\":\"search_term_string\"}}],\"inLanguage\":\"fr-FR\"},{\"@type\":\"Organization\",\"@id\":\"http:\\\/\\\/www.semen-l.org\\\/#organization\",\"name\":\"Soci\u00e9t\u00e9 d'\u00e9tudes m\u00e9dio et n\u00e9o-latines\",\"url\":\"http:\\\/\\\/www.semen-l.org\\\/\",\"logo\":{\"@type\":\"ImageObject\",\"inLanguage\":\"fr-FR\",\"@id\":\"http:\\\/\\\/www.semen-l.org\\\/#\\\/schema\\\/logo\\\/image\\\/\",\"url\":\"http:\\\/\\\/www.semen-l.org\\\/wp-content\\\/uploads\\\/2020\\\/11\\\/logo-semenl.jpg\",\"contentUrl\":\"http:\\\/\\\/www.semen-l.org\\\/wp-content\\\/uploads\\\/2020\\\/11\\\/logo-semenl.jpg\",\"width\":408,\"height\":403,\"caption\":\"Soci\u00e9t\u00e9 d'\u00e9tudes m\u00e9dio et n\u00e9o-latines\"},\"image\":{\"@id\":\"http:\\\/\\\/www.semen-l.org\\\/#\\\/schema\\\/logo\\\/image\\\/\"},\"sameAs\":[\"https:\\\/\\\/www.facebook.com\\\/SEMENL2018\",\"https:\\\/\\\/independent.academia.edu\\\/SocitsdtudesmdioetnolatinesSEMENL\"]},{\"@type\":\"Person\",\"@id\":\"http:\\\/\\\/www.semen-l.org\\\/#\\\/schema\\\/person\\\/6e8c8c75b499690cc37dd369354a7c47\",\"name\":\"Seris\",\"image\":{\"@type\":\"ImageObject\",\"inLanguage\":\"fr-FR\",\"@id\":\"https:\\\/\\\/secure.gravatar.com\\\/avatar\\\/8aec6178114279c28f7f0f4ccbb54eefdf0db708e95973d3513a9c5387b223b9?s=96&d=mm&r=g\",\"url\":\"https:\\\/\\\/secure.gravatar.com\\\/avatar\\\/8aec6178114279c28f7f0f4ccbb54eefdf0db708e95973d3513a9c5387b223b9?s=96&d=mm&r=g\",\"contentUrl\":\"https:\\\/\\\/secure.gravatar.com\\\/avatar\\\/8aec6178114279c28f7f0f4ccbb54eefdf0db708e95973d3513a9c5387b223b9?s=96&d=mm&r=g\",\"caption\":\"Seris\"},\"url\":\"http:\\\/\\\/www.semen-l.org\\\/?author=5\"}]}<\/script>\n<!-- \/ Yoast SEO plugin. -->","yoast_head_json":{"title":"Publication des actes du dernier congr\u00e8s de la Semen-l - Soci\u00e9t\u00e9 d&#039;\u00c9tudes M\u00e9dio Et N\u00e9o-Latines","robots":{"index":"index","follow":"follow","max-snippet":"max-snippet:-1","max-image-preview":"max-image-preview:large","max-video-preview":"max-video-preview:-1"},"canonical":"http:\/\/www.semen-l.org\/?p=561","og_locale":"fr_FR","og_type":"article","og_title":"Publication des actes du dernier congr\u00e8s de la Semen-l - Soci\u00e9t\u00e9 d&#039;\u00c9tudes M\u00e9dio Et N\u00e9o-Latines","og_description":"Les Actes du V\u00e8me Congr\u00e8s de la SEMEN-L qui a eu lieu \u00e0 Caen en 2018 sont parus aux Editions Universitaires de Dijon Couverture et sommaire Et pour acheter le volume :\u00a0ici. Sommaire B. Gauvin, C. Jacquemard ; Introduction Le &hellip; Continuer la lecture &rarr;","og_url":"http:\/\/www.semen-l.org\/?p=561","og_site_name":"Soci\u00e9t\u00e9 d&#039;\u00c9tudes M\u00e9dio Et N\u00e9o-Latines","article_publisher":"https:\/\/www.facebook.com\/SEMENL2018","article_published_time":"2019-12-20T17:30:17+00:00","article_modified_time":"2020-11-18T22:32:33+00:00","og_image":[{"width":200,"height":200,"url":"http:\/\/www.semen-l.org\/wp-content\/uploads\/2019\/12\/rire-et-sourire.jpg","type":"image\/jpeg"}],"author":"Seris","twitter_card":"summary_large_image","twitter_misc":{"\u00c9crit par":"Seris","Dur\u00e9e de lecture estim\u00e9e":"2 minutes"},"schema":{"@context":"https:\/\/schema.org","@graph":[{"@type":"Article","@id":"http:\/\/www.semen-l.org\/?p=561#article","isPartOf":{"@id":"http:\/\/www.semen-l.org\/?p=561"},"author":{"name":"Seris","@id":"http:\/\/www.semen-l.org\/#\/schema\/person\/6e8c8c75b499690cc37dd369354a7c47"},"headline":"Publication des actes du dernier congr\u00e8s de la Semen-l","datePublished":"2019-12-20T17:30:17+00:00","dateModified":"2020-11-18T22:32:33+00:00","mainEntityOfPage":{"@id":"http:\/\/www.semen-l.org\/?p=561"},"wordCount":382,"commentCount":0,"publisher":{"@id":"http:\/\/www.semen-l.org\/#organization"},"image":{"@id":"http:\/\/www.semen-l.org\/?p=561#primaryimage"},"thumbnailUrl":"http:\/\/www.semen-l.org\/wp-content\/uploads\/2019\/12\/rire-et-sourire.jpg","keywords":["Alciat (Andr\u00e9)","Amores (Conrad Celtis)","Aristophane","Brunellus","Celtis (Conrad)","com\u00e9die","commentaire","d\u00e9rision","\u00e9pigramme","Gautier Map","humour","ironie","lyrisme","M\u00e9lanchthon (Philippe)","Nigel de Longchamps","Nu\u00e9es (Les)","Nugae curialium","Ovide","parodie","pastourelle","po\u00e9sie","po\u00e9sie lyrique","po\u00e9tique","Politien (Ange)","Quintilien","rire","Roman de la Rose","Sodalitium Lugdunense","sourire","Speculum stultorum","stylistique","T\u00e9rence","traduction","Turn\u00e8be (Adrien)","Urceo (Codro) Antonio","Valla (Lorenzo)","Ysengrimus"],"articleSection":["Publications"],"inLanguage":"fr-FR","potentialAction":[{"@type":"CommentAction","name":"Comment","target":["http:\/\/www.semen-l.org\/?p=561#respond"]}]},{"@type":"WebPage","@id":"http:\/\/www.semen-l.org\/?p=561","url":"http:\/\/www.semen-l.org\/?p=561","name":"Publication des actes du dernier congr\u00e8s de la Semen-l - Soci\u00e9t\u00e9 d&#039;\u00c9tudes M\u00e9dio Et N\u00e9o-Latines","isPartOf":{"@id":"http:\/\/www.semen-l.org\/#website"},"primaryImageOfPage":{"@id":"http:\/\/www.semen-l.org\/?p=561#primaryimage"},"image":{"@id":"http:\/\/www.semen-l.org\/?p=561#primaryimage"},"thumbnailUrl":"http:\/\/www.semen-l.org\/wp-content\/uploads\/2019\/12\/rire-et-sourire.jpg","datePublished":"2019-12-20T17:30:17+00:00","dateModified":"2020-11-18T22:32:33+00:00","breadcrumb":{"@id":"http:\/\/www.semen-l.org\/?p=561#breadcrumb"},"inLanguage":"fr-FR","potentialAction":[{"@type":"ReadAction","target":["http:\/\/www.semen-l.org\/?p=561"]}]},{"@type":"ImageObject","inLanguage":"fr-FR","@id":"http:\/\/www.semen-l.org\/?p=561#primaryimage","url":"http:\/\/www.semen-l.org\/wp-content\/uploads\/2019\/12\/rire-et-sourire.jpg","contentUrl":"http:\/\/www.semen-l.org\/wp-content\/uploads\/2019\/12\/rire-et-sourire.jpg","width":200,"height":200},{"@type":"BreadcrumbList","@id":"http:\/\/www.semen-l.org\/?p=561#breadcrumb","itemListElement":[{"@type":"ListItem","position":1,"name":"Accueil","item":"http:\/\/www.semen-l.org\/"},{"@type":"ListItem","position":2,"name":"Publication des actes du dernier congr\u00e8s de la Semen-l"}]},{"@type":"WebSite","@id":"http:\/\/www.semen-l.org\/#website","url":"http:\/\/www.semen-l.org\/","name":"Soci\u00e9t\u00e9 d'\u00c9tudes M\u00e9dio Et N\u00e9o-Latines","description":"","publisher":{"@id":"http:\/\/www.semen-l.org\/#organization"},"potentialAction":[{"@type":"SearchAction","target":{"@type":"EntryPoint","urlTemplate":"http:\/\/www.semen-l.org\/?s={search_term_string}"},"query-input":{"@type":"PropertyValueSpecification","valueRequired":true,"valueName":"search_term_string"}}],"inLanguage":"fr-FR"},{"@type":"Organization","@id":"http:\/\/www.semen-l.org\/#organization","name":"Soci\u00e9t\u00e9 d'\u00e9tudes m\u00e9dio et n\u00e9o-latines","url":"http:\/\/www.semen-l.org\/","logo":{"@type":"ImageObject","inLanguage":"fr-FR","@id":"http:\/\/www.semen-l.org\/#\/schema\/logo\/image\/","url":"http:\/\/www.semen-l.org\/wp-content\/uploads\/2020\/11\/logo-semenl.jpg","contentUrl":"http:\/\/www.semen-l.org\/wp-content\/uploads\/2020\/11\/logo-semenl.jpg","width":408,"height":403,"caption":"Soci\u00e9t\u00e9 d'\u00e9tudes m\u00e9dio et n\u00e9o-latines"},"image":{"@id":"http:\/\/www.semen-l.org\/#\/schema\/logo\/image\/"},"sameAs":["https:\/\/www.facebook.com\/SEMENL2018","https:\/\/independent.academia.edu\/SocitsdtudesmdioetnolatinesSEMENL"]},{"@type":"Person","@id":"http:\/\/www.semen-l.org\/#\/schema\/person\/6e8c8c75b499690cc37dd369354a7c47","name":"Seris","image":{"@type":"ImageObject","inLanguage":"fr-FR","@id":"https:\/\/secure.gravatar.com\/avatar\/8aec6178114279c28f7f0f4ccbb54eefdf0db708e95973d3513a9c5387b223b9?s=96&d=mm&r=g","url":"https:\/\/secure.gravatar.com\/avatar\/8aec6178114279c28f7f0f4ccbb54eefdf0db708e95973d3513a9c5387b223b9?s=96&d=mm&r=g","contentUrl":"https:\/\/secure.gravatar.com\/avatar\/8aec6178114279c28f7f0f4ccbb54eefdf0db708e95973d3513a9c5387b223b9?s=96&d=mm&r=g","caption":"Seris"},"url":"http:\/\/www.semen-l.org\/?author=5"}]}},"jetpack_featured_media_url":"http:\/\/www.semen-l.org\/wp-content\/uploads\/2019\/12\/rire-et-sourire.jpg","_links":{"self":[{"href":"http:\/\/www.semen-l.org\/index.php?rest_route=\/wp\/v2\/posts\/561","targetHints":{"allow":["GET"]}}],"collection":[{"href":"http:\/\/www.semen-l.org\/index.php?rest_route=\/wp\/v2\/posts"}],"about":[{"href":"http:\/\/www.semen-l.org\/index.php?rest_route=\/wp\/v2\/types\/post"}],"author":[{"embeddable":true,"href":"http:\/\/www.semen-l.org\/index.php?rest_route=\/wp\/v2\/users\/5"}],"replies":[{"embeddable":true,"href":"http:\/\/www.semen-l.org\/index.php?rest_route=%2Fwp%2Fv2%2Fcomments&post=561"}],"version-history":[{"count":0,"href":"http:\/\/www.semen-l.org\/index.php?rest_route=\/wp\/v2\/posts\/561\/revisions"}],"wp:featuredmedia":[{"embeddable":true,"href":"http:\/\/www.semen-l.org\/index.php?rest_route=\/wp\/v2\/media\/839"}],"wp:attachment":[{"href":"http:\/\/www.semen-l.org\/index.php?rest_route=%2Fwp%2Fv2%2Fmedia&parent=561"}],"wp:term":[{"taxonomy":"category","embeddable":true,"href":"http:\/\/www.semen-l.org\/index.php?rest_route=%2Fwp%2Fv2%2Fcategories&post=561"},{"taxonomy":"post_tag","embeddable":true,"href":"http:\/\/www.semen-l.org\/index.php?rest_route=%2Fwp%2Fv2%2Ftags&post=561"}],"curies":[{"name":"wp","href":"https:\/\/api.w.org\/{rel}","templated":true}]}}