{"id":517,"date":"2019-03-09T17:50:07","date_gmt":"2019-03-09T17:50:07","guid":{"rendered":"http:\/\/www.semen-l.org\/?p=517"},"modified":"2020-11-18T23:12:51","modified_gmt":"2020-11-18T23:12:51","slug":"journee-dignite-des-artes-ecouen-30-mars-2019","status":"publish","type":"post","link":"http:\/\/www.semen-l.org\/?p=517","title":{"rendered":"Journ\u00e9e \u00ab\u00a0Dignit\u00e9 des Artes\u00a0\u00bb, Ecouen, 30 mars 2019"},"content":{"rendered":"\t\t<div data-elementor-type=\"wp-post\" data-elementor-id=\"517\" class=\"elementor elementor-517\">\n\t\t\t\t\t\t<section class=\"elementor-section elementor-top-section elementor-element elementor-element-d3106dd elementor-section-boxed elementor-section-height-default elementor-section-height-default\" data-id=\"d3106dd\" data-element_type=\"section\" data-e-type=\"section\">\n\t\t\t\t\t\t<div class=\"elementor-container elementor-column-gap-default\">\n\t\t\t\t\t<div class=\"elementor-column elementor-col-100 elementor-top-column elementor-element elementor-element-960acd6\" data-id=\"960acd6\" data-element_type=\"column\" data-e-type=\"column\">\n\t\t\t<div class=\"elementor-widget-wrap elementor-element-populated\">\n\t\t\t\t\t\t<div class=\"elementor-element elementor-element-f40fab6 elementor-widget elementor-widget-image\" data-id=\"f40fab6\" data-element_type=\"widget\" data-e-type=\"widget\" data-widget_type=\"image.default\">\n\t\t\t\t<div class=\"elementor-widget-container\">\n\t\t\t\t\t\t\t\t\t\t\t\t\t\t\t<img fetchpriority=\"high\" decoding=\"async\" width=\"584\" height=\"200\" src=\"https:\/\/www.semen-l.org\/wp-content\/uploads\/2019\/03\/artsliberaux.jpg\" class=\"attachment-large size-large wp-image-967\" alt=\"\" srcset=\"https:\/\/www.semen-l.org\/wp-content\/uploads\/2019\/03\/artsliberaux.jpg 941w, https:\/\/www.semen-l.org\/wp-content\/uploads\/2019\/03\/artsliberaux-300x103.jpg 300w, https:\/\/www.semen-l.org\/wp-content\/uploads\/2019\/03\/artsliberaux-768x263.jpg 768w, https:\/\/www.semen-l.org\/wp-content\/uploads\/2019\/03\/artsliberaux-200x68.jpg 200w, https:\/\/www.semen-l.org\/wp-content\/uploads\/2019\/03\/artsliberaux-500x171.jpg 500w\" sizes=\"(max-width: 584px) 100vw, 584px\" \/>\t\t\t\t\t\t\t\t\t\t\t\t\t\t\t<\/div>\n\t\t\t\t<\/div>\n\t\t\t\t\t<\/div>\n\t\t<\/div>\n\t\t\t\t\t<\/div>\n\t\t<\/section>\n\t\t\t\t<section class=\"elementor-section elementor-top-section elementor-element elementor-element-606a18dc elementor-section-boxed elementor-section-height-default elementor-section-height-default\" data-id=\"606a18dc\" data-element_type=\"section\" data-e-type=\"section\">\n\t\t\t\t\t\t<div class=\"elementor-container elementor-column-gap-default\">\n\t\t\t\t\t<div class=\"elementor-column elementor-col-100 elementor-top-column elementor-element elementor-element-476f380d\" data-id=\"476f380d\" data-element_type=\"column\" data-e-type=\"column\">\n\t\t\t<div class=\"elementor-widget-wrap elementor-element-populated\">\n\t\t\t\t\t\t<div class=\"elementor-element elementor-element-784b370b elementor-widget elementor-widget-text-editor\" data-id=\"784b370b\" data-element_type=\"widget\" data-e-type=\"widget\" data-widget_type=\"text-editor.default\">\n\t\t\t\t<div class=\"elementor-widget-container\">\n\t\t\t\t\t\t\t\t\t<p>Premier volet : les grandes figures de l\u2019Humanisme et l\u2019origine de l\u2019inscription des disciplines dans les <em>studia humanitatis<\/em><\/p><p><a href=\"http:\/\/www.semen-l.org\/wp-content\/uploads\/2019\/03\/DIGNITE\u0301-DES-ARTES-programme.pdf\">DIGNITE\u0301 DES ARTES programme<\/a><\/p><p style=\"text-align: center; line-height: 13.45pt; mso-line-height-rule: exactly; margin: 0cm 5.6pt .0001pt 5.35pt;\" align=\"center\"><span style=\"font-size: 12.0pt; mso-bidi-font-size: 11.0pt;\">Journ\u00e9e d\u2019\u00e9tudes le <b>samedi 30 mars 2019<\/b><\/span><\/p><p style=\"text-align: center; line-height: 13.45pt; mso-line-height-rule: exactly; margin: 0cm 5.6pt .0001pt 5.35pt;\" align=\"center\">Organis\u00e9e par Alice Lamy, Anne Raffarin, Emilie S\u00e9ris<\/p><p style=\"text-align: center; margin: .2pt 5.55pt .0001pt 5.35pt;\" align=\"center\">Avec le soutien de l\u2019E.A. Rome et ses Renaissances (Lettres Sorbonne Universit\u00e9) et de l\u2019IUF<\/p><p style=\"margin: 11.2pt 17.85pt .0001pt 5.3pt;\">10h : introduction par Carlos L\u00e9vy (Sorbonne-MCAS Hambourg) sur les <i>artes <\/i>dans l\u2019Antiquit\u00e9 10h15 : Jean-Baptiste Guillaumin (Lettres Sorbonne Universit\u00e9) : <span style=\"color: #222222;\">la question de l&rsquo;\u00e9mergence du \u00ab\u00a0cycle des arts lib\u00e9raux\u00a0\u00bb dans l&rsquo;Antiquit\u00e9 tardive<\/span><\/p><p style=\"margin-top: .05pt; line-height: 13.45pt; mso-line-height-rule: exactly;\">10h45 : pause et discussion<\/p><p style=\"text-align: justify; line-height: 95%; margin: .5pt 11.95pt .0001pt 5.3pt;\">11h15: Alice Lamy (Equipe Rome et ses Renaissances) : <span style=\"font-size: 9.0pt; mso-bidi-font-size: 12.0pt; line-height: 95%; font-family: 'Arial',sans-serif; mso-bidi-font-family: Garamond; color: #222222;\">\u00ab <\/span><span style=\"color: #222222;\">la g\u00e9om\u00e9trie, ses usages, en particulier dans le corpus encyclop\u00e9dique du XIII<\/span><span style=\"font-size: 7.0pt; mso-bidi-font-size: 12.0pt; line-height: 95%; color: #222222; position: relative; top: -5.0pt; mso-text-raise: 5.0pt;\">e <\/span><span style=\"color: #222222;\">si\u00e8cle \u00bb<\/span><\/p><p style=\"text-align: justify; line-height: 97%; margin: .25pt 5.5pt .0001pt 5.3pt;\"><span lang=\"IT\" style=\"color: #222222; mso-ansi-language: IT;\">11h45 : Antonio Petagine (Universit\u00e0 degli Studi di Roma Tre\/Pontifica Universit\u00e0 della Santa Croce) : Des arts \u00e0 la philosophie? <\/span><span style=\"color: #222222;\">L&rsquo;image renouvel\u00e9e du philosophe chez les ma\u00eetres \u00e8s Arts dans le XIII<\/span><span style=\"font-size: 7.0pt; mso-bidi-font-size: 12.0pt; line-height: 97%; color: #222222; position: relative; top: -5.0pt; mso-text-raise: 5.0pt;\">e <\/span><span style=\"color: #222222;\">si\u00e8cle.<\/span><\/p><p style=\"margin: .1pt 0cm .0001pt 0cm;\">\u00a0<\/p><p style=\"text-align: justify; margin: .05pt 0cm .0001pt 5.3pt;\"><span style=\"font-size: 9.5pt; mso-bidi-font-size: 11.0pt; mso-font-width: 105%;\">12h15 : Discussion et d\u00e9jeuner sur place<\/span><\/p><p style=\"text-align: justify; margin: .55pt 0cm .0001pt 5.3pt;\"><span style=\"font-size: 9.5pt; mso-bidi-font-size: 11.0pt; mso-font-width: 105%;\">14h :Visite des collections du mus\u00e9e sous la conduite d\u2019un conservateur<\/span><\/p><p style=\"margin: .3pt 0cm .0001pt 0cm;\">\u00a0<\/p><p>15h00 :\u00a0\u00a0 Cl\u00e9mence\u00a0\u00a0 Revest\u00a0\u00a0 (CNRS-Centre\u00a0\u00a0 Roland\u00a0\u00a0 Mousnier) :\u00a0\u00a0 <span style=\"color: #222222;\">L\u2019institutionnalisation\u00a0\u00a0 des<\/span><\/p><p style=\"margin: .2pt 25.75pt .0001pt 5.3pt;\"><span style=\"color: #222222;\">\u00ab humanit\u00e9s \u00bb dans l\u2019Italie du Quattrocento : formes et vecteurs d\u2019une conqu\u00eate symbolique. <\/span>15h30 : Laurence Boul\u00e8gue (Universit\u00e9 de Picardie Jules Verne) : <span style=\"color: #222222;\">Place, fonction et enjeu de\u00a0\u00a0\u00a0\u00a0\u00a0\u00a0 la <i>diuisio philosophiae <\/i>dans le <i>De solitudine <\/i>(1535) d\u2019A. Nifo<\/span><\/p><p style=\"line-height: 13.3pt; mso-line-height-rule: exactly;\">16h : Discussion et pause<\/p><p style=\"margin-top: .2pt;\">16h30 : Anne Raffarin (Lettres Sorbonne Universit\u00e9) : autour du livre de Giuseppe Marcellino : <span style=\"color: #222222;\">Dignit\u00e0 delle <i>artes <\/i>e dignit\u00e0 dell&rsquo;uomo. Giannozzo Manetti e il manifesto dell&rsquo;Umanesimo<\/span><\/p><p style=\"line-height: 13.4pt; mso-line-height-rule: exactly;\">17h00 : Discussion et conclusion par Florence Vuilleumier-Laurens (Universit\u00e9 de Brest)<\/p><p style=\"margin-left: 0cm;\"><span style=\"font-size: 13.0pt; mso-bidi-font-size: 12.0pt;\">\u00a0<\/span><\/p><p style=\"text-align: center; margin: 10.25pt 5.6pt .45pt 5.35pt;\" align=\"center\"><span style=\"font-size: 9.5pt; mso-bidi-font-size: 11.0pt; mso-font-width: 105%;\">Mus\u00e9e national de la Renaissance au ch\u00e2teau d\u2019Ecouen<\/span><\/p><p>\u00a0<\/p><p style=\"margin-left: 188.0pt;\">\u00a0<\/p><p>\u00a0<\/p>\t\t\t\t\t\t\t\t<\/div>\n\t\t\t\t<\/div>\n\t\t\t\t\t<\/div>\n\t\t<\/div>\n\t\t\t\t\t<\/div>\n\t\t<\/section>\n\t\t\t\t<\/div>\n\t\t","protected":false},"excerpt":{"rendered":"<p>Premier volet : les grandes figures de l\u2019Humanisme et l\u2019origine de l\u2019inscription des disciplines dans les studia humanitatis DIGNITE\u0301 DES ARTES programme Journ\u00e9e d\u2019\u00e9tudes le samedi 30 mars 2019 Organis\u00e9e par Alice Lamy, Anne Raffarin, Emilie S\u00e9ris Avec le soutien &hellip; <a href=\"http:\/\/www.semen-l.org\/?p=517\">Continuer la lecture <span class=\"meta-nav\">&rarr;<\/span><\/a><\/p>\n","protected":false},"author":5,"featured_media":971,"comment_status":"open","ping_status":"open","sticky":false,"template":"","format":"standard","meta":{"footnotes":""},"categories":[4],"tags":[136,141,137,138,144,140,143,142,139],"class_list":["post-517","post","type-post","status-publish","format-standard","has-post-thumbnail","hentry","category-colloques","tag-arts-liberaux","tag-de-solitudine","tag-encyclopedie","tag-geometrie","tag-humanisme","tag-humanites","tag-manetti-giannozzo","tag-nifo-agostino","tag-philosophie"],"yoast_head":"<!-- This site is optimized with the Yoast SEO plugin v27.5 - https:\/\/yoast.com\/product\/yoast-seo-wordpress\/ -->\n<title>Journ\u00e9e &quot;Dignit\u00e9 des Artes&quot;, Ecouen, 30 mars 2019 - Soci\u00e9t\u00e9 d&#039;\u00c9tudes M\u00e9dio Et N\u00e9o-Latines<\/title>\n<meta name=\"robots\" content=\"index, follow, max-snippet:-1, max-image-preview:large, max-video-preview:-1\" \/>\n<link rel=\"canonical\" href=\"http:\/\/www.semen-l.org\/?p=517\" \/>\n<meta property=\"og:locale\" content=\"fr_FR\" \/>\n<meta property=\"og:type\" content=\"article\" \/>\n<meta property=\"og:title\" content=\"Journ\u00e9e &quot;Dignit\u00e9 des Artes&quot;, Ecouen, 30 mars 2019 - Soci\u00e9t\u00e9 d&#039;\u00c9tudes M\u00e9dio Et N\u00e9o-Latines\" \/>\n<meta property=\"og:description\" content=\"Premier volet : les grandes figures de l\u2019Humanisme et l\u2019origine de l\u2019inscription des disciplines dans les studia humanitatis DIGNITE\u0301 DES ARTES programme Journ\u00e9e d\u2019\u00e9tudes le samedi 30 mars 2019 Organis\u00e9e par Alice Lamy, Anne Raffarin, Emilie S\u00e9ris Avec le soutien &hellip; Continuer la lecture &rarr;\" \/>\n<meta property=\"og:url\" content=\"http:\/\/www.semen-l.org\/?p=517\" \/>\n<meta property=\"og:site_name\" content=\"Soci\u00e9t\u00e9 d&#039;\u00c9tudes M\u00e9dio Et N\u00e9o-Latines\" \/>\n<meta property=\"article:publisher\" content=\"https:\/\/www.facebook.com\/SEMENL2018\" \/>\n<meta property=\"article:published_time\" content=\"2019-03-09T17:50:07+00:00\" \/>\n<meta property=\"article:modified_time\" content=\"2020-11-18T23:12:51+00:00\" \/>\n<meta property=\"og:image\" content=\"http:\/\/www.semen-l.org\/wp-content\/uploads\/2019\/03\/artsliberaux-mini.jpg\" \/>\n\t<meta property=\"og:image:width\" content=\"200\" \/>\n\t<meta property=\"og:image:height\" content=\"200\" \/>\n\t<meta property=\"og:image:type\" content=\"image\/jpeg\" \/>\n<meta name=\"author\" content=\"Seris\" \/>\n<meta name=\"twitter:card\" content=\"summary_large_image\" \/>\n<meta name=\"twitter:label1\" content=\"\u00c9crit par\" \/>\n\t<meta name=\"twitter:data1\" content=\"Seris\" \/>\n\t<meta name=\"twitter:label2\" content=\"Dur\u00e9e de lecture estim\u00e9e\" \/>\n\t<meta name=\"twitter:data2\" content=\"1 minute\" \/>\n<script type=\"application\/ld+json\" class=\"yoast-schema-graph\">{\"@context\":\"https:\\\/\\\/schema.org\",\"@graph\":[{\"@type\":\"Article\",\"@id\":\"http:\\\/\\\/www.semen-l.org\\\/?p=517#article\",\"isPartOf\":{\"@id\":\"http:\\\/\\\/www.semen-l.org\\\/?p=517\"},\"author\":{\"name\":\"Seris\",\"@id\":\"http:\\\/\\\/www.semen-l.org\\\/#\\\/schema\\\/person\\\/6e8c8c75b499690cc37dd369354a7c47\"},\"headline\":\"Journ\u00e9e \u00ab\u00a0Dignit\u00e9 des Artes\u00a0\u00bb, Ecouen, 30 mars 2019\",\"datePublished\":\"2019-03-09T17:50:07+00:00\",\"dateModified\":\"2020-11-18T23:12:51+00:00\",\"mainEntityOfPage\":{\"@id\":\"http:\\\/\\\/www.semen-l.org\\\/?p=517\"},\"wordCount\":285,\"commentCount\":0,\"publisher\":{\"@id\":\"http:\\\/\\\/www.semen-l.org\\\/#organization\"},\"image\":{\"@id\":\"http:\\\/\\\/www.semen-l.org\\\/?p=517#primaryimage\"},\"thumbnailUrl\":\"http:\\\/\\\/www.semen-l.org\\\/wp-content\\\/uploads\\\/2019\\\/03\\\/artsliberaux-mini.jpg\",\"keywords\":[\"arts lib\u00e9raux\",\"De solitudine (Livre de la solitude)\",\"encyclop\u00e9die\",\"g\u00e9om\u00e9trie\",\"humanisme\",\"humanit\u00e9s\",\"Manetti (Giannozzo)\",\"Nifo (Agostino)\",\"philosophie\"],\"articleSection\":[\"Colloques\"],\"inLanguage\":\"fr-FR\",\"potentialAction\":[{\"@type\":\"CommentAction\",\"name\":\"Comment\",\"target\":[\"http:\\\/\\\/www.semen-l.org\\\/?p=517#respond\"]}]},{\"@type\":\"WebPage\",\"@id\":\"http:\\\/\\\/www.semen-l.org\\\/?p=517\",\"url\":\"http:\\\/\\\/www.semen-l.org\\\/?p=517\",\"name\":\"Journ\u00e9e \\\"Dignit\u00e9 des Artes\\\", Ecouen, 30 mars 2019 - Soci\u00e9t\u00e9 d&#039;\u00c9tudes M\u00e9dio Et N\u00e9o-Latines\",\"isPartOf\":{\"@id\":\"http:\\\/\\\/www.semen-l.org\\\/#website\"},\"primaryImageOfPage\":{\"@id\":\"http:\\\/\\\/www.semen-l.org\\\/?p=517#primaryimage\"},\"image\":{\"@id\":\"http:\\\/\\\/www.semen-l.org\\\/?p=517#primaryimage\"},\"thumbnailUrl\":\"http:\\\/\\\/www.semen-l.org\\\/wp-content\\\/uploads\\\/2019\\\/03\\\/artsliberaux-mini.jpg\",\"datePublished\":\"2019-03-09T17:50:07+00:00\",\"dateModified\":\"2020-11-18T23:12:51+00:00\",\"breadcrumb\":{\"@id\":\"http:\\\/\\\/www.semen-l.org\\\/?p=517#breadcrumb\"},\"inLanguage\":\"fr-FR\",\"potentialAction\":[{\"@type\":\"ReadAction\",\"target\":[\"http:\\\/\\\/www.semen-l.org\\\/?p=517\"]}]},{\"@type\":\"ImageObject\",\"inLanguage\":\"fr-FR\",\"@id\":\"http:\\\/\\\/www.semen-l.org\\\/?p=517#primaryimage\",\"url\":\"http:\\\/\\\/www.semen-l.org\\\/wp-content\\\/uploads\\\/2019\\\/03\\\/artsliberaux-mini.jpg\",\"contentUrl\":\"http:\\\/\\\/www.semen-l.org\\\/wp-content\\\/uploads\\\/2019\\\/03\\\/artsliberaux-mini.jpg\",\"width\":200,\"height\":200},{\"@type\":\"BreadcrumbList\",\"@id\":\"http:\\\/\\\/www.semen-l.org\\\/?p=517#breadcrumb\",\"itemListElement\":[{\"@type\":\"ListItem\",\"position\":1,\"name\":\"Accueil\",\"item\":\"http:\\\/\\\/www.semen-l.org\\\/\"},{\"@type\":\"ListItem\",\"position\":2,\"name\":\"Journ\u00e9e \u00ab\u00a0Dignit\u00e9 des Artes\u00a0\u00bb, Ecouen, 30 mars 2019\"}]},{\"@type\":\"WebSite\",\"@id\":\"http:\\\/\\\/www.semen-l.org\\\/#website\",\"url\":\"http:\\\/\\\/www.semen-l.org\\\/\",\"name\":\"Soci\u00e9t\u00e9 d'\u00c9tudes M\u00e9dio Et N\u00e9o-Latines\",\"description\":\"\",\"publisher\":{\"@id\":\"http:\\\/\\\/www.semen-l.org\\\/#organization\"},\"potentialAction\":[{\"@type\":\"SearchAction\",\"target\":{\"@type\":\"EntryPoint\",\"urlTemplate\":\"http:\\\/\\\/www.semen-l.org\\\/?s={search_term_string}\"},\"query-input\":{\"@type\":\"PropertyValueSpecification\",\"valueRequired\":true,\"valueName\":\"search_term_string\"}}],\"inLanguage\":\"fr-FR\"},{\"@type\":\"Organization\",\"@id\":\"http:\\\/\\\/www.semen-l.org\\\/#organization\",\"name\":\"Soci\u00e9t\u00e9 d'\u00e9tudes m\u00e9dio et n\u00e9o-latines\",\"url\":\"http:\\\/\\\/www.semen-l.org\\\/\",\"logo\":{\"@type\":\"ImageObject\",\"inLanguage\":\"fr-FR\",\"@id\":\"http:\\\/\\\/www.semen-l.org\\\/#\\\/schema\\\/logo\\\/image\\\/\",\"url\":\"http:\\\/\\\/www.semen-l.org\\\/wp-content\\\/uploads\\\/2020\\\/11\\\/logo-semenl.jpg\",\"contentUrl\":\"http:\\\/\\\/www.semen-l.org\\\/wp-content\\\/uploads\\\/2020\\\/11\\\/logo-semenl.jpg\",\"width\":408,\"height\":403,\"caption\":\"Soci\u00e9t\u00e9 d'\u00e9tudes m\u00e9dio et n\u00e9o-latines\"},\"image\":{\"@id\":\"http:\\\/\\\/www.semen-l.org\\\/#\\\/schema\\\/logo\\\/image\\\/\"},\"sameAs\":[\"https:\\\/\\\/www.facebook.com\\\/SEMENL2018\",\"https:\\\/\\\/independent.academia.edu\\\/SocitsdtudesmdioetnolatinesSEMENL\"]},{\"@type\":\"Person\",\"@id\":\"http:\\\/\\\/www.semen-l.org\\\/#\\\/schema\\\/person\\\/6e8c8c75b499690cc37dd369354a7c47\",\"name\":\"Seris\",\"image\":{\"@type\":\"ImageObject\",\"inLanguage\":\"fr-FR\",\"@id\":\"https:\\\/\\\/secure.gravatar.com\\\/avatar\\\/8aec6178114279c28f7f0f4ccbb54eefdf0db708e95973d3513a9c5387b223b9?s=96&d=mm&r=g\",\"url\":\"https:\\\/\\\/secure.gravatar.com\\\/avatar\\\/8aec6178114279c28f7f0f4ccbb54eefdf0db708e95973d3513a9c5387b223b9?s=96&d=mm&r=g\",\"contentUrl\":\"https:\\\/\\\/secure.gravatar.com\\\/avatar\\\/8aec6178114279c28f7f0f4ccbb54eefdf0db708e95973d3513a9c5387b223b9?s=96&d=mm&r=g\",\"caption\":\"Seris\"},\"url\":\"http:\\\/\\\/www.semen-l.org\\\/?author=5\"}]}<\/script>\n<!-- \/ Yoast SEO plugin. -->","yoast_head_json":{"title":"Journ\u00e9e \"Dignit\u00e9 des Artes\", Ecouen, 30 mars 2019 - Soci\u00e9t\u00e9 d&#039;\u00c9tudes M\u00e9dio Et N\u00e9o-Latines","robots":{"index":"index","follow":"follow","max-snippet":"max-snippet:-1","max-image-preview":"max-image-preview:large","max-video-preview":"max-video-preview:-1"},"canonical":"http:\/\/www.semen-l.org\/?p=517","og_locale":"fr_FR","og_type":"article","og_title":"Journ\u00e9e \"Dignit\u00e9 des Artes\", Ecouen, 30 mars 2019 - Soci\u00e9t\u00e9 d&#039;\u00c9tudes M\u00e9dio Et N\u00e9o-Latines","og_description":"Premier volet : les grandes figures de l\u2019Humanisme et l\u2019origine de l\u2019inscription des disciplines dans les studia humanitatis DIGNITE\u0301 DES ARTES programme Journ\u00e9e d\u2019\u00e9tudes le samedi 30 mars 2019 Organis\u00e9e par Alice Lamy, Anne Raffarin, Emilie S\u00e9ris Avec le soutien &hellip; Continuer la lecture &rarr;","og_url":"http:\/\/www.semen-l.org\/?p=517","og_site_name":"Soci\u00e9t\u00e9 d&#039;\u00c9tudes M\u00e9dio Et N\u00e9o-Latines","article_publisher":"https:\/\/www.facebook.com\/SEMENL2018","article_published_time":"2019-03-09T17:50:07+00:00","article_modified_time":"2020-11-18T23:12:51+00:00","og_image":[{"width":200,"height":200,"url":"http:\/\/www.semen-l.org\/wp-content\/uploads\/2019\/03\/artsliberaux-mini.jpg","type":"image\/jpeg"}],"author":"Seris","twitter_card":"summary_large_image","twitter_misc":{"\u00c9crit par":"Seris","Dur\u00e9e de lecture estim\u00e9e":"1 minute"},"schema":{"@context":"https:\/\/schema.org","@graph":[{"@type":"Article","@id":"http:\/\/www.semen-l.org\/?p=517#article","isPartOf":{"@id":"http:\/\/www.semen-l.org\/?p=517"},"author":{"name":"Seris","@id":"http:\/\/www.semen-l.org\/#\/schema\/person\/6e8c8c75b499690cc37dd369354a7c47"},"headline":"Journ\u00e9e \u00ab\u00a0Dignit\u00e9 des Artes\u00a0\u00bb, Ecouen, 30 mars 2019","datePublished":"2019-03-09T17:50:07+00:00","dateModified":"2020-11-18T23:12:51+00:00","mainEntityOfPage":{"@id":"http:\/\/www.semen-l.org\/?p=517"},"wordCount":285,"commentCount":0,"publisher":{"@id":"http:\/\/www.semen-l.org\/#organization"},"image":{"@id":"http:\/\/www.semen-l.org\/?p=517#primaryimage"},"thumbnailUrl":"http:\/\/www.semen-l.org\/wp-content\/uploads\/2019\/03\/artsliberaux-mini.jpg","keywords":["arts lib\u00e9raux","De solitudine (Livre de la solitude)","encyclop\u00e9die","g\u00e9om\u00e9trie","humanisme","humanit\u00e9s","Manetti (Giannozzo)","Nifo (Agostino)","philosophie"],"articleSection":["Colloques"],"inLanguage":"fr-FR","potentialAction":[{"@type":"CommentAction","name":"Comment","target":["http:\/\/www.semen-l.org\/?p=517#respond"]}]},{"@type":"WebPage","@id":"http:\/\/www.semen-l.org\/?p=517","url":"http:\/\/www.semen-l.org\/?p=517","name":"Journ\u00e9e \"Dignit\u00e9 des Artes\", Ecouen, 30 mars 2019 - Soci\u00e9t\u00e9 d&#039;\u00c9tudes M\u00e9dio Et N\u00e9o-Latines","isPartOf":{"@id":"http:\/\/www.semen-l.org\/#website"},"primaryImageOfPage":{"@id":"http:\/\/www.semen-l.org\/?p=517#primaryimage"},"image":{"@id":"http:\/\/www.semen-l.org\/?p=517#primaryimage"},"thumbnailUrl":"http:\/\/www.semen-l.org\/wp-content\/uploads\/2019\/03\/artsliberaux-mini.jpg","datePublished":"2019-03-09T17:50:07+00:00","dateModified":"2020-11-18T23:12:51+00:00","breadcrumb":{"@id":"http:\/\/www.semen-l.org\/?p=517#breadcrumb"},"inLanguage":"fr-FR","potentialAction":[{"@type":"ReadAction","target":["http:\/\/www.semen-l.org\/?p=517"]}]},{"@type":"ImageObject","inLanguage":"fr-FR","@id":"http:\/\/www.semen-l.org\/?p=517#primaryimage","url":"http:\/\/www.semen-l.org\/wp-content\/uploads\/2019\/03\/artsliberaux-mini.jpg","contentUrl":"http:\/\/www.semen-l.org\/wp-content\/uploads\/2019\/03\/artsliberaux-mini.jpg","width":200,"height":200},{"@type":"BreadcrumbList","@id":"http:\/\/www.semen-l.org\/?p=517#breadcrumb","itemListElement":[{"@type":"ListItem","position":1,"name":"Accueil","item":"http:\/\/www.semen-l.org\/"},{"@type":"ListItem","position":2,"name":"Journ\u00e9e \u00ab\u00a0Dignit\u00e9 des Artes\u00a0\u00bb, Ecouen, 30 mars 2019"}]},{"@type":"WebSite","@id":"http:\/\/www.semen-l.org\/#website","url":"http:\/\/www.semen-l.org\/","name":"Soci\u00e9t\u00e9 d'\u00c9tudes M\u00e9dio Et N\u00e9o-Latines","description":"","publisher":{"@id":"http:\/\/www.semen-l.org\/#organization"},"potentialAction":[{"@type":"SearchAction","target":{"@type":"EntryPoint","urlTemplate":"http:\/\/www.semen-l.org\/?s={search_term_string}"},"query-input":{"@type":"PropertyValueSpecification","valueRequired":true,"valueName":"search_term_string"}}],"inLanguage":"fr-FR"},{"@type":"Organization","@id":"http:\/\/www.semen-l.org\/#organization","name":"Soci\u00e9t\u00e9 d'\u00e9tudes m\u00e9dio et n\u00e9o-latines","url":"http:\/\/www.semen-l.org\/","logo":{"@type":"ImageObject","inLanguage":"fr-FR","@id":"http:\/\/www.semen-l.org\/#\/schema\/logo\/image\/","url":"http:\/\/www.semen-l.org\/wp-content\/uploads\/2020\/11\/logo-semenl.jpg","contentUrl":"http:\/\/www.semen-l.org\/wp-content\/uploads\/2020\/11\/logo-semenl.jpg","width":408,"height":403,"caption":"Soci\u00e9t\u00e9 d'\u00e9tudes m\u00e9dio et n\u00e9o-latines"},"image":{"@id":"http:\/\/www.semen-l.org\/#\/schema\/logo\/image\/"},"sameAs":["https:\/\/www.facebook.com\/SEMENL2018","https:\/\/independent.academia.edu\/SocitsdtudesmdioetnolatinesSEMENL"]},{"@type":"Person","@id":"http:\/\/www.semen-l.org\/#\/schema\/person\/6e8c8c75b499690cc37dd369354a7c47","name":"Seris","image":{"@type":"ImageObject","inLanguage":"fr-FR","@id":"https:\/\/secure.gravatar.com\/avatar\/8aec6178114279c28f7f0f4ccbb54eefdf0db708e95973d3513a9c5387b223b9?s=96&d=mm&r=g","url":"https:\/\/secure.gravatar.com\/avatar\/8aec6178114279c28f7f0f4ccbb54eefdf0db708e95973d3513a9c5387b223b9?s=96&d=mm&r=g","contentUrl":"https:\/\/secure.gravatar.com\/avatar\/8aec6178114279c28f7f0f4ccbb54eefdf0db708e95973d3513a9c5387b223b9?s=96&d=mm&r=g","caption":"Seris"},"url":"http:\/\/www.semen-l.org\/?author=5"}]}},"jetpack_featured_media_url":"http:\/\/www.semen-l.org\/wp-content\/uploads\/2019\/03\/artsliberaux-mini.jpg","_links":{"self":[{"href":"http:\/\/www.semen-l.org\/index.php?rest_route=\/wp\/v2\/posts\/517","targetHints":{"allow":["GET"]}}],"collection":[{"href":"http:\/\/www.semen-l.org\/index.php?rest_route=\/wp\/v2\/posts"}],"about":[{"href":"http:\/\/www.semen-l.org\/index.php?rest_route=\/wp\/v2\/types\/post"}],"author":[{"embeddable":true,"href":"http:\/\/www.semen-l.org\/index.php?rest_route=\/wp\/v2\/users\/5"}],"replies":[{"embeddable":true,"href":"http:\/\/www.semen-l.org\/index.php?rest_route=%2Fwp%2Fv2%2Fcomments&post=517"}],"version-history":[{"count":0,"href":"http:\/\/www.semen-l.org\/index.php?rest_route=\/wp\/v2\/posts\/517\/revisions"}],"wp:featuredmedia":[{"embeddable":true,"href":"http:\/\/www.semen-l.org\/index.php?rest_route=\/wp\/v2\/media\/971"}],"wp:attachment":[{"href":"http:\/\/www.semen-l.org\/index.php?rest_route=%2Fwp%2Fv2%2Fmedia&parent=517"}],"wp:term":[{"taxonomy":"category","embeddable":true,"href":"http:\/\/www.semen-l.org\/index.php?rest_route=%2Fwp%2Fv2%2Fcategories&post=517"},{"taxonomy":"post_tag","embeddable":true,"href":"http:\/\/www.semen-l.org\/index.php?rest_route=%2Fwp%2Fv2%2Ftags&post=517"}],"curies":[{"name":"wp","href":"https:\/\/api.w.org\/{rel}","templated":true}]}}