{"id":509,"date":"2019-02-11T17:15:14","date_gmt":"2019-02-11T17:15:14","guid":{"rendered":"http:\/\/www.semen-l.org\/?p=509"},"modified":"2020-11-18T20:39:45","modified_gmt":"2020-11-18T20:39:45","slug":"journee-detude-juvenal-et-sa-posterite-sorbonne-1er-mars-2019","status":"publish","type":"post","link":"http:\/\/www.semen-l.org\/?p=509","title":{"rendered":"Journ\u00e9e d&rsquo;\u00e9tude \u00ab\u00a0Juv\u00e9nal et sa post\u00e9rit\u00e9\u00a0\u00bb (Sorbonne, 1er mars 2019)"},"content":{"rendered":"\t\t<div data-elementor-type=\"wp-post\" data-elementor-id=\"509\" class=\"elementor elementor-509\">\n\t\t\t\t\t\t<section class=\"elementor-section elementor-top-section elementor-element elementor-element-4b1e2296 elementor-section-boxed elementor-section-height-default elementor-section-height-default\" data-id=\"4b1e2296\" data-element_type=\"section\" data-e-type=\"section\">\n\t\t\t\t\t\t<div class=\"elementor-container elementor-column-gap-default\">\n\t\t\t\t\t<div class=\"elementor-column elementor-col-100 elementor-top-column elementor-element elementor-element-1d3c5c01\" data-id=\"1d3c5c01\" data-element_type=\"column\" data-e-type=\"column\">\n\t\t\t<div class=\"elementor-widget-wrap elementor-element-populated\">\n\t\t\t\t\t\t<div class=\"elementor-element elementor-element-5cd54034 elementor-widget elementor-widget-text-editor\" data-id=\"5cd54034\" data-element_type=\"widget\" data-e-type=\"widget\" data-widget_type=\"text-editor.default\">\n\t\t\t\t<div class=\"elementor-widget-container\">\n\t\t\t\t\t\t\t\t\t<p><a href=\"http:\/\/www.semen-l.org\/wp-content\/uploads\/2019\/02\/JE-Juve\u0301nal-et-poste\u0301rite\u0301-01-03-19-1.pdf\">JE Juve\u0301nal et poste\u0301rite\u0301-01-03-19-1<\/a><\/p>\n<p>JOURNEE D\u2019ETUDE \u2013 1E R MARS 2019<br>\nMaison de la Recherche -Salle 040<br>\n28 rue Serpente-75006 Paris<\/p><p><br>\nLa satire de Juv\u00e9nal et sa post\u00e9rit\u00e9<br>\nOrganis\u00e9e par H\u00e9l\u00e8ne Casanova-Robin et Stefano Grazzini<br>\n(E.A. 4081 Rome et ses renaissances \u2013 Commune d\u2019Aquinum)<br>\n__________<br>\n9h 15 Accueil des participants<br>\n9h 30 Alessandro Garcea (Paris) \/ Maria Chiara Scappaticcio (Naples) : \u00ab Lire Juv\u00e9nal dans l\u2019\u00c9gypte<br>\ntardo-antique \u00bb<br>\n10h 15 Stefano Grazzini (Salerne) : \u00ab L\u2019ex\u00e9g\u00e8se de Juv\u00e9nal entre Moyen \u00c2ge et Humanisme \u00bb<br>\n11h 00 Silvia Fiaschi (Macerata) : \u00ab F. Filelfe autour de Juv\u00e9nal : interpr\u00e9tation et r\u00e9\u00e9critures litt\u00e9raires \u00bb<br>\nPause d\u00e9jeuner<br>\n14h 30 Nathalie Catellani (Amiens) : \u00ab Traces des Satires de Juv\u00e9nal dans le Franciscanus de George<br>\nBuchanan \u00bb<br>\n15h 15 Pascal Debailly (Paris) : \u00ab Juv\u00e9nal au XVIe et au XVIIe si\u00e8cle : indignation et affirmation de la<br>\nconscience de soi \u00bb<br>\n16h 00 Romain Vignest (Paris) : \u00ab Juv\u00e9nal, fr\u00e8re d\u2019armes et fr\u00e8re d\u2019\u00e2me de Victor Hugo. \u00bb<br><\/p>\t\t\t\t\t\t\t\t<\/div>\n\t\t\t\t<\/div>\n\t\t\t\t\t<\/div>\n\t\t<\/div>\n\t\t\t\t\t<\/div>\n\t\t<\/section>\n\t\t\t\t<\/div>\n\t\t","protected":false},"excerpt":{"rendered":"<p>JE Juve\u0301nal et poste\u0301rite\u0301-01-03-19-1 JOURNEE D\u2019ETUDE \u2013 1E R MARS 2019 Maison de la Recherche -Salle 040 28 rue Serpente-75006 Paris La satire de Juv\u00e9nal et sa post\u00e9rit\u00e9 Organis\u00e9e par H\u00e9l\u00e8ne Casanova-Robin et Stefano Grazzini (E.A. 4081 Rome et ses &hellip; <a href=\"http:\/\/www.semen-l.org\/?p=509\">Continuer la lecture <span class=\"meta-nav\">&rarr;<\/span><\/a><\/p>\n","protected":false},"author":5,"featured_media":929,"comment_status":"open","ping_status":"open","sticky":false,"template":"","format":"standard","meta":{"footnotes":""},"categories":[4],"tags":[133,151,147,29,148,149,150,39,146],"class_list":["post-509","post","type-post","status-publish","format-standard","has-post-thumbnail","hentry","category-colloques","tag-george-buchanan","tag-conscience-de-soi","tag-egypte","tag-exegese","tag-franciscanus","tag-hugo-victor","tag-indignation","tag-juvenal","tag-philelphe-francois"],"yoast_head":"<!-- This site is optimized with the Yoast SEO plugin v27.5 - https:\/\/yoast.com\/product\/yoast-seo-wordpress\/ -->\n<title>Journ\u00e9e d&#039;\u00e9tude &quot;Juv\u00e9nal et sa post\u00e9rit\u00e9&quot; (Sorbonne, 1er mars 2019) - Soci\u00e9t\u00e9 d&#039;\u00c9tudes M\u00e9dio Et N\u00e9o-Latines<\/title>\n<meta name=\"robots\" content=\"index, follow, max-snippet:-1, max-image-preview:large, max-video-preview:-1\" \/>\n<link rel=\"canonical\" href=\"http:\/\/www.semen-l.org\/?p=509\" \/>\n<meta property=\"og:locale\" content=\"fr_FR\" \/>\n<meta property=\"og:type\" content=\"article\" \/>\n<meta property=\"og:title\" content=\"Journ\u00e9e d&#039;\u00e9tude &quot;Juv\u00e9nal et sa post\u00e9rit\u00e9&quot; (Sorbonne, 1er mars 2019) - Soci\u00e9t\u00e9 d&#039;\u00c9tudes M\u00e9dio Et N\u00e9o-Latines\" \/>\n<meta property=\"og:description\" content=\"JE Juve\u0301nal et poste\u0301rite\u0301-01-03-19-1 JOURNEE D\u2019ETUDE \u2013 1E R MARS 2019 Maison de la Recherche -Salle 040 28 rue Serpente-75006 Paris La satire de Juv\u00e9nal et sa post\u00e9rit\u00e9 Organis\u00e9e par H\u00e9l\u00e8ne Casanova-Robin et Stefano Grazzini (E.A. 4081 Rome et ses &hellip; Continuer la lecture &rarr;\" \/>\n<meta property=\"og:url\" content=\"http:\/\/www.semen-l.org\/?p=509\" \/>\n<meta property=\"og:site_name\" content=\"Soci\u00e9t\u00e9 d&#039;\u00c9tudes M\u00e9dio Et N\u00e9o-Latines\" \/>\n<meta property=\"article:publisher\" content=\"https:\/\/www.facebook.com\/SEMENL2018\" \/>\n<meta property=\"article:published_time\" content=\"2019-02-11T17:15:14+00:00\" \/>\n<meta property=\"article:modified_time\" content=\"2020-11-18T20:39:45+00:00\" \/>\n<meta property=\"og:image\" content=\"http:\/\/www.semen-l.org\/wp-content\/uploads\/2019\/02\/juvenal-dessin.jpg\" \/>\n\t<meta property=\"og:image:width\" content=\"200\" \/>\n\t<meta property=\"og:image:height\" content=\"200\" \/>\n\t<meta property=\"og:image:type\" content=\"image\/jpeg\" \/>\n<meta name=\"author\" content=\"Seris\" \/>\n<meta name=\"twitter:card\" content=\"summary_large_image\" \/>\n<meta name=\"twitter:label1\" content=\"\u00c9crit par\" \/>\n\t<meta name=\"twitter:data1\" content=\"Seris\" \/>\n\t<meta name=\"twitter:label2\" content=\"Dur\u00e9e de lecture estim\u00e9e\" \/>\n\t<meta name=\"twitter:data2\" content=\"1 minute\" \/>\n<script type=\"application\/ld+json\" class=\"yoast-schema-graph\">{\"@context\":\"https:\\\/\\\/schema.org\",\"@graph\":[{\"@type\":\"Article\",\"@id\":\"http:\\\/\\\/www.semen-l.org\\\/?p=509#article\",\"isPartOf\":{\"@id\":\"http:\\\/\\\/www.semen-l.org\\\/?p=509\"},\"author\":{\"name\":\"Seris\",\"@id\":\"http:\\\/\\\/www.semen-l.org\\\/#\\\/schema\\\/person\\\/6e8c8c75b499690cc37dd369354a7c47\"},\"headline\":\"Journ\u00e9e d&rsquo;\u00e9tude \u00ab\u00a0Juv\u00e9nal et sa post\u00e9rit\u00e9\u00a0\u00bb (Sorbonne, 1er mars 2019)\",\"datePublished\":\"2019-02-11T17:15:14+00:00\",\"dateModified\":\"2020-11-18T20:39:45+00:00\",\"mainEntityOfPage\":{\"@id\":\"http:\\\/\\\/www.semen-l.org\\\/?p=509\"},\"wordCount\":175,\"commentCount\":0,\"publisher\":{\"@id\":\"http:\\\/\\\/www.semen-l.org\\\/#organization\"},\"image\":{\"@id\":\"http:\\\/\\\/www.semen-l.org\\\/?p=509#primaryimage\"},\"thumbnailUrl\":\"http:\\\/\\\/www.semen-l.org\\\/wp-content\\\/uploads\\\/2019\\\/02\\\/juvenal-dessin.jpg\",\"keywords\":[\"Buchanan (George)\",\"conscience de soi\",\"\u00c9gypte\",\"exeg\u00e8se\",\"Franciscanus\",\"Hugo (Victor)\",\"indignation\",\"Juv\u00e9nal\",\"Philelphe (Fran\u00e7ois)\"],\"articleSection\":[\"Colloques\"],\"inLanguage\":\"fr-FR\",\"potentialAction\":[{\"@type\":\"CommentAction\",\"name\":\"Comment\",\"target\":[\"http:\\\/\\\/www.semen-l.org\\\/?p=509#respond\"]}]},{\"@type\":\"WebPage\",\"@id\":\"http:\\\/\\\/www.semen-l.org\\\/?p=509\",\"url\":\"http:\\\/\\\/www.semen-l.org\\\/?p=509\",\"name\":\"Journ\u00e9e d'\u00e9tude \\\"Juv\u00e9nal et sa post\u00e9rit\u00e9\\\" (Sorbonne, 1er mars 2019) - Soci\u00e9t\u00e9 d&#039;\u00c9tudes M\u00e9dio Et N\u00e9o-Latines\",\"isPartOf\":{\"@id\":\"http:\\\/\\\/www.semen-l.org\\\/#website\"},\"primaryImageOfPage\":{\"@id\":\"http:\\\/\\\/www.semen-l.org\\\/?p=509#primaryimage\"},\"image\":{\"@id\":\"http:\\\/\\\/www.semen-l.org\\\/?p=509#primaryimage\"},\"thumbnailUrl\":\"http:\\\/\\\/www.semen-l.org\\\/wp-content\\\/uploads\\\/2019\\\/02\\\/juvenal-dessin.jpg\",\"datePublished\":\"2019-02-11T17:15:14+00:00\",\"dateModified\":\"2020-11-18T20:39:45+00:00\",\"breadcrumb\":{\"@id\":\"http:\\\/\\\/www.semen-l.org\\\/?p=509#breadcrumb\"},\"inLanguage\":\"fr-FR\",\"potentialAction\":[{\"@type\":\"ReadAction\",\"target\":[\"http:\\\/\\\/www.semen-l.org\\\/?p=509\"]}]},{\"@type\":\"ImageObject\",\"inLanguage\":\"fr-FR\",\"@id\":\"http:\\\/\\\/www.semen-l.org\\\/?p=509#primaryimage\",\"url\":\"http:\\\/\\\/www.semen-l.org\\\/wp-content\\\/uploads\\\/2019\\\/02\\\/juvenal-dessin.jpg\",\"contentUrl\":\"http:\\\/\\\/www.semen-l.org\\\/wp-content\\\/uploads\\\/2019\\\/02\\\/juvenal-dessin.jpg\",\"width\":200,\"height\":200},{\"@type\":\"BreadcrumbList\",\"@id\":\"http:\\\/\\\/www.semen-l.org\\\/?p=509#breadcrumb\",\"itemListElement\":[{\"@type\":\"ListItem\",\"position\":1,\"name\":\"Accueil\",\"item\":\"http:\\\/\\\/www.semen-l.org\\\/\"},{\"@type\":\"ListItem\",\"position\":2,\"name\":\"Journ\u00e9e d&rsquo;\u00e9tude \u00ab\u00a0Juv\u00e9nal et sa post\u00e9rit\u00e9\u00a0\u00bb (Sorbonne, 1er mars 2019)\"}]},{\"@type\":\"WebSite\",\"@id\":\"http:\\\/\\\/www.semen-l.org\\\/#website\",\"url\":\"http:\\\/\\\/www.semen-l.org\\\/\",\"name\":\"Soci\u00e9t\u00e9 d'\u00c9tudes M\u00e9dio Et N\u00e9o-Latines\",\"description\":\"\",\"publisher\":{\"@id\":\"http:\\\/\\\/www.semen-l.org\\\/#organization\"},\"potentialAction\":[{\"@type\":\"SearchAction\",\"target\":{\"@type\":\"EntryPoint\",\"urlTemplate\":\"http:\\\/\\\/www.semen-l.org\\\/?s={search_term_string}\"},\"query-input\":{\"@type\":\"PropertyValueSpecification\",\"valueRequired\":true,\"valueName\":\"search_term_string\"}}],\"inLanguage\":\"fr-FR\"},{\"@type\":\"Organization\",\"@id\":\"http:\\\/\\\/www.semen-l.org\\\/#organization\",\"name\":\"Soci\u00e9t\u00e9 d'\u00e9tudes m\u00e9dio et n\u00e9o-latines\",\"url\":\"http:\\\/\\\/www.semen-l.org\\\/\",\"logo\":{\"@type\":\"ImageObject\",\"inLanguage\":\"fr-FR\",\"@id\":\"http:\\\/\\\/www.semen-l.org\\\/#\\\/schema\\\/logo\\\/image\\\/\",\"url\":\"http:\\\/\\\/www.semen-l.org\\\/wp-content\\\/uploads\\\/2020\\\/11\\\/logo-semenl.jpg\",\"contentUrl\":\"http:\\\/\\\/www.semen-l.org\\\/wp-content\\\/uploads\\\/2020\\\/11\\\/logo-semenl.jpg\",\"width\":408,\"height\":403,\"caption\":\"Soci\u00e9t\u00e9 d'\u00e9tudes m\u00e9dio et n\u00e9o-latines\"},\"image\":{\"@id\":\"http:\\\/\\\/www.semen-l.org\\\/#\\\/schema\\\/logo\\\/image\\\/\"},\"sameAs\":[\"https:\\\/\\\/www.facebook.com\\\/SEMENL2018\",\"https:\\\/\\\/independent.academia.edu\\\/SocitsdtudesmdioetnolatinesSEMENL\"]},{\"@type\":\"Person\",\"@id\":\"http:\\\/\\\/www.semen-l.org\\\/#\\\/schema\\\/person\\\/6e8c8c75b499690cc37dd369354a7c47\",\"name\":\"Seris\",\"image\":{\"@type\":\"ImageObject\",\"inLanguage\":\"fr-FR\",\"@id\":\"https:\\\/\\\/secure.gravatar.com\\\/avatar\\\/8aec6178114279c28f7f0f4ccbb54eefdf0db708e95973d3513a9c5387b223b9?s=96&d=mm&r=g\",\"url\":\"https:\\\/\\\/secure.gravatar.com\\\/avatar\\\/8aec6178114279c28f7f0f4ccbb54eefdf0db708e95973d3513a9c5387b223b9?s=96&d=mm&r=g\",\"contentUrl\":\"https:\\\/\\\/secure.gravatar.com\\\/avatar\\\/8aec6178114279c28f7f0f4ccbb54eefdf0db708e95973d3513a9c5387b223b9?s=96&d=mm&r=g\",\"caption\":\"Seris\"},\"url\":\"http:\\\/\\\/www.semen-l.org\\\/?author=5\"}]}<\/script>\n<!-- \/ Yoast SEO plugin. -->","yoast_head_json":{"title":"Journ\u00e9e d'\u00e9tude \"Juv\u00e9nal et sa post\u00e9rit\u00e9\" (Sorbonne, 1er mars 2019) - Soci\u00e9t\u00e9 d&#039;\u00c9tudes M\u00e9dio Et N\u00e9o-Latines","robots":{"index":"index","follow":"follow","max-snippet":"max-snippet:-1","max-image-preview":"max-image-preview:large","max-video-preview":"max-video-preview:-1"},"canonical":"http:\/\/www.semen-l.org\/?p=509","og_locale":"fr_FR","og_type":"article","og_title":"Journ\u00e9e d'\u00e9tude \"Juv\u00e9nal et sa post\u00e9rit\u00e9\" (Sorbonne, 1er mars 2019) - Soci\u00e9t\u00e9 d&#039;\u00c9tudes M\u00e9dio Et N\u00e9o-Latines","og_description":"JE Juve\u0301nal et poste\u0301rite\u0301-01-03-19-1 JOURNEE D\u2019ETUDE \u2013 1E R MARS 2019 Maison de la Recherche -Salle 040 28 rue Serpente-75006 Paris La satire de Juv\u00e9nal et sa post\u00e9rit\u00e9 Organis\u00e9e par H\u00e9l\u00e8ne Casanova-Robin et Stefano Grazzini (E.A. 4081 Rome et ses &hellip; Continuer la lecture &rarr;","og_url":"http:\/\/www.semen-l.org\/?p=509","og_site_name":"Soci\u00e9t\u00e9 d&#039;\u00c9tudes M\u00e9dio Et N\u00e9o-Latines","article_publisher":"https:\/\/www.facebook.com\/SEMENL2018","article_published_time":"2019-02-11T17:15:14+00:00","article_modified_time":"2020-11-18T20:39:45+00:00","og_image":[{"width":200,"height":200,"url":"http:\/\/www.semen-l.org\/wp-content\/uploads\/2019\/02\/juvenal-dessin.jpg","type":"image\/jpeg"}],"author":"Seris","twitter_card":"summary_large_image","twitter_misc":{"\u00c9crit par":"Seris","Dur\u00e9e de lecture estim\u00e9e":"1 minute"},"schema":{"@context":"https:\/\/schema.org","@graph":[{"@type":"Article","@id":"http:\/\/www.semen-l.org\/?p=509#article","isPartOf":{"@id":"http:\/\/www.semen-l.org\/?p=509"},"author":{"name":"Seris","@id":"http:\/\/www.semen-l.org\/#\/schema\/person\/6e8c8c75b499690cc37dd369354a7c47"},"headline":"Journ\u00e9e d&rsquo;\u00e9tude \u00ab\u00a0Juv\u00e9nal et sa post\u00e9rit\u00e9\u00a0\u00bb (Sorbonne, 1er mars 2019)","datePublished":"2019-02-11T17:15:14+00:00","dateModified":"2020-11-18T20:39:45+00:00","mainEntityOfPage":{"@id":"http:\/\/www.semen-l.org\/?p=509"},"wordCount":175,"commentCount":0,"publisher":{"@id":"http:\/\/www.semen-l.org\/#organization"},"image":{"@id":"http:\/\/www.semen-l.org\/?p=509#primaryimage"},"thumbnailUrl":"http:\/\/www.semen-l.org\/wp-content\/uploads\/2019\/02\/juvenal-dessin.jpg","keywords":["Buchanan (George)","conscience de soi","\u00c9gypte","exeg\u00e8se","Franciscanus","Hugo (Victor)","indignation","Juv\u00e9nal","Philelphe (Fran\u00e7ois)"],"articleSection":["Colloques"],"inLanguage":"fr-FR","potentialAction":[{"@type":"CommentAction","name":"Comment","target":["http:\/\/www.semen-l.org\/?p=509#respond"]}]},{"@type":"WebPage","@id":"http:\/\/www.semen-l.org\/?p=509","url":"http:\/\/www.semen-l.org\/?p=509","name":"Journ\u00e9e d'\u00e9tude \"Juv\u00e9nal et sa post\u00e9rit\u00e9\" (Sorbonne, 1er mars 2019) - Soci\u00e9t\u00e9 d&#039;\u00c9tudes M\u00e9dio Et N\u00e9o-Latines","isPartOf":{"@id":"http:\/\/www.semen-l.org\/#website"},"primaryImageOfPage":{"@id":"http:\/\/www.semen-l.org\/?p=509#primaryimage"},"image":{"@id":"http:\/\/www.semen-l.org\/?p=509#primaryimage"},"thumbnailUrl":"http:\/\/www.semen-l.org\/wp-content\/uploads\/2019\/02\/juvenal-dessin.jpg","datePublished":"2019-02-11T17:15:14+00:00","dateModified":"2020-11-18T20:39:45+00:00","breadcrumb":{"@id":"http:\/\/www.semen-l.org\/?p=509#breadcrumb"},"inLanguage":"fr-FR","potentialAction":[{"@type":"ReadAction","target":["http:\/\/www.semen-l.org\/?p=509"]}]},{"@type":"ImageObject","inLanguage":"fr-FR","@id":"http:\/\/www.semen-l.org\/?p=509#primaryimage","url":"http:\/\/www.semen-l.org\/wp-content\/uploads\/2019\/02\/juvenal-dessin.jpg","contentUrl":"http:\/\/www.semen-l.org\/wp-content\/uploads\/2019\/02\/juvenal-dessin.jpg","width":200,"height":200},{"@type":"BreadcrumbList","@id":"http:\/\/www.semen-l.org\/?p=509#breadcrumb","itemListElement":[{"@type":"ListItem","position":1,"name":"Accueil","item":"http:\/\/www.semen-l.org\/"},{"@type":"ListItem","position":2,"name":"Journ\u00e9e d&rsquo;\u00e9tude \u00ab\u00a0Juv\u00e9nal et sa post\u00e9rit\u00e9\u00a0\u00bb (Sorbonne, 1er mars 2019)"}]},{"@type":"WebSite","@id":"http:\/\/www.semen-l.org\/#website","url":"http:\/\/www.semen-l.org\/","name":"Soci\u00e9t\u00e9 d'\u00c9tudes M\u00e9dio Et N\u00e9o-Latines","description":"","publisher":{"@id":"http:\/\/www.semen-l.org\/#organization"},"potentialAction":[{"@type":"SearchAction","target":{"@type":"EntryPoint","urlTemplate":"http:\/\/www.semen-l.org\/?s={search_term_string}"},"query-input":{"@type":"PropertyValueSpecification","valueRequired":true,"valueName":"search_term_string"}}],"inLanguage":"fr-FR"},{"@type":"Organization","@id":"http:\/\/www.semen-l.org\/#organization","name":"Soci\u00e9t\u00e9 d'\u00e9tudes m\u00e9dio et n\u00e9o-latines","url":"http:\/\/www.semen-l.org\/","logo":{"@type":"ImageObject","inLanguage":"fr-FR","@id":"http:\/\/www.semen-l.org\/#\/schema\/logo\/image\/","url":"http:\/\/www.semen-l.org\/wp-content\/uploads\/2020\/11\/logo-semenl.jpg","contentUrl":"http:\/\/www.semen-l.org\/wp-content\/uploads\/2020\/11\/logo-semenl.jpg","width":408,"height":403,"caption":"Soci\u00e9t\u00e9 d'\u00e9tudes m\u00e9dio et n\u00e9o-latines"},"image":{"@id":"http:\/\/www.semen-l.org\/#\/schema\/logo\/image\/"},"sameAs":["https:\/\/www.facebook.com\/SEMENL2018","https:\/\/independent.academia.edu\/SocitsdtudesmdioetnolatinesSEMENL"]},{"@type":"Person","@id":"http:\/\/www.semen-l.org\/#\/schema\/person\/6e8c8c75b499690cc37dd369354a7c47","name":"Seris","image":{"@type":"ImageObject","inLanguage":"fr-FR","@id":"https:\/\/secure.gravatar.com\/avatar\/8aec6178114279c28f7f0f4ccbb54eefdf0db708e95973d3513a9c5387b223b9?s=96&d=mm&r=g","url":"https:\/\/secure.gravatar.com\/avatar\/8aec6178114279c28f7f0f4ccbb54eefdf0db708e95973d3513a9c5387b223b9?s=96&d=mm&r=g","contentUrl":"https:\/\/secure.gravatar.com\/avatar\/8aec6178114279c28f7f0f4ccbb54eefdf0db708e95973d3513a9c5387b223b9?s=96&d=mm&r=g","caption":"Seris"},"url":"http:\/\/www.semen-l.org\/?author=5"}]}},"jetpack_featured_media_url":"http:\/\/www.semen-l.org\/wp-content\/uploads\/2019\/02\/juvenal-dessin.jpg","_links":{"self":[{"href":"http:\/\/www.semen-l.org\/index.php?rest_route=\/wp\/v2\/posts\/509","targetHints":{"allow":["GET"]}}],"collection":[{"href":"http:\/\/www.semen-l.org\/index.php?rest_route=\/wp\/v2\/posts"}],"about":[{"href":"http:\/\/www.semen-l.org\/index.php?rest_route=\/wp\/v2\/types\/post"}],"author":[{"embeddable":true,"href":"http:\/\/www.semen-l.org\/index.php?rest_route=\/wp\/v2\/users\/5"}],"replies":[{"embeddable":true,"href":"http:\/\/www.semen-l.org\/index.php?rest_route=%2Fwp%2Fv2%2Fcomments&post=509"}],"version-history":[{"count":0,"href":"http:\/\/www.semen-l.org\/index.php?rest_route=\/wp\/v2\/posts\/509\/revisions"}],"wp:featuredmedia":[{"embeddable":true,"href":"http:\/\/www.semen-l.org\/index.php?rest_route=\/wp\/v2\/media\/929"}],"wp:attachment":[{"href":"http:\/\/www.semen-l.org\/index.php?rest_route=%2Fwp%2Fv2%2Fmedia&parent=509"}],"wp:term":[{"taxonomy":"category","embeddable":true,"href":"http:\/\/www.semen-l.org\/index.php?rest_route=%2Fwp%2Fv2%2Fcategories&post=509"},{"taxonomy":"post_tag","embeddable":true,"href":"http:\/\/www.semen-l.org\/index.php?rest_route=%2Fwp%2Fv2%2Ftags&post=509"}],"curies":[{"name":"wp","href":"https:\/\/api.w.org\/{rel}","templated":true}]}}