{"id":501,"date":"2019-01-10T13:28:20","date_gmt":"2019-01-10T13:28:20","guid":{"rendered":"http:\/\/www.semen-l.org\/?p=501"},"modified":"2020-11-19T20:01:00","modified_gmt":"2020-11-19T20:01:00","slug":"colloques-sur-les-genres-dialogiques","status":"publish","type":"post","link":"http:\/\/www.semen-l.org\/?p=501","title":{"rendered":"Colloque sur les genres dialogiques"},"content":{"rendered":"\t\t<div data-elementor-type=\"wp-post\" data-elementor-id=\"501\" class=\"elementor elementor-501\">\n\t\t\t\t\t\t<section class=\"elementor-section elementor-top-section elementor-element elementor-element-733fabcd elementor-section-boxed elementor-section-height-default elementor-section-height-default\" data-id=\"733fabcd\" data-element_type=\"section\" data-e-type=\"section\">\n\t\t\t\t\t\t<div class=\"elementor-container elementor-column-gap-default\">\n\t\t\t\t\t<div class=\"elementor-column elementor-col-100 elementor-top-column elementor-element elementor-element-3d828ac5\" data-id=\"3d828ac5\" data-element_type=\"column\" data-e-type=\"column\">\n\t\t\t<div class=\"elementor-widget-wrap elementor-element-populated\">\n\t\t\t\t\t\t<div class=\"elementor-element elementor-element-1c3e1e55 elementor-widget elementor-widget-text-editor\" data-id=\"1c3e1e55\" data-element_type=\"widget\" data-e-type=\"widget\" data-widget_type=\"text-editor.default\">\n\t\t\t\t<div class=\"elementor-widget-container\">\n\t\t\t\t\t\t\t\t\t<a href=\"http:\/\/www.semen-l.org\/wp-content\/uploads\/2019\/01\/A-Programme-Genres-dialogiques.pdf\">A-Programme Genres dialogiques<\/a>\t\t\t\t\t\t\t\t<\/div>\n\t\t\t\t<\/div>\n\t\t\t\t\t<\/div>\n\t\t<\/div>\n\t\t\t\t\t<\/div>\n\t\t<\/section>\n\t\t\t\t<section class=\"elementor-section elementor-top-section elementor-element elementor-element-d8e753b elementor-section-boxed elementor-section-height-default elementor-section-height-default\" data-id=\"d8e753b\" data-element_type=\"section\" data-e-type=\"section\">\n\t\t\t\t\t\t<div class=\"elementor-container elementor-column-gap-default\">\n\t\t\t\t\t<div class=\"elementor-column elementor-col-100 elementor-top-column elementor-element elementor-element-97278f7\" data-id=\"97278f7\" data-element_type=\"column\" data-e-type=\"column\">\n\t\t\t<div class=\"elementor-widget-wrap elementor-element-populated\">\n\t\t\t\t\t\t<div class=\"elementor-element elementor-element-2258e4d elementor-widget elementor-widget-image\" data-id=\"2258e4d\" data-element_type=\"widget\" data-e-type=\"widget\" data-widget_type=\"image.default\">\n\t\t\t\t<div class=\"elementor-widget-container\">\n\t\t\t\t\t\t\t\t\t\t\t\t\t\t\t<img fetchpriority=\"high\" decoding=\"async\" width=\"584\" height=\"412\" src=\"http:\/\/www.semen-l.org\/wp-content\/uploads\/2019\/01\/genresdialogiquescouv-1024x722.jpg\" class=\"attachment-large size-large wp-image-937\" alt=\"\" srcset=\"http:\/\/www.semen-l.org\/wp-content\/uploads\/2019\/01\/genresdialogiquescouv-1024x722.jpg 1024w, http:\/\/www.semen-l.org\/wp-content\/uploads\/2019\/01\/genresdialogiquescouv-300x212.jpg 300w, http:\/\/www.semen-l.org\/wp-content\/uploads\/2019\/01\/genresdialogiquescouv-768x542.jpg 768w, http:\/\/www.semen-l.org\/wp-content\/uploads\/2019\/01\/genresdialogiquescouv-200x141.jpg 200w, http:\/\/www.semen-l.org\/wp-content\/uploads\/2019\/01\/genresdialogiquescouv-425x300.jpg 425w, http:\/\/www.semen-l.org\/wp-content\/uploads\/2019\/01\/genresdialogiquescouv.jpg 1114w\" sizes=\"(max-width: 584px) 100vw, 584px\" \/>\t\t\t\t\t\t\t\t\t\t\t\t\t\t\t<\/div>\n\t\t\t\t<\/div>\n\t\t\t\t\t<\/div>\n\t\t<\/div>\n\t\t\t\t\t<\/div>\n\t\t<\/section>\n\t\t\t\t<section class=\"elementor-section elementor-top-section elementor-element elementor-element-357a648 elementor-section-boxed elementor-section-height-default elementor-section-height-default\" data-id=\"357a648\" data-element_type=\"section\" data-e-type=\"section\">\n\t\t\t\t\t\t<div class=\"elementor-container elementor-column-gap-default\">\n\t\t\t\t\t<div class=\"elementor-column elementor-col-100 elementor-top-column elementor-element elementor-element-a8e7c6a\" data-id=\"a8e7c6a\" data-element_type=\"column\" data-e-type=\"column\">\n\t\t\t<div class=\"elementor-widget-wrap elementor-element-populated\">\n\t\t\t\t\t\t<div class=\"elementor-element elementor-element-6e733b8 elementor-widget elementor-widget-text-editor\" data-id=\"6e733b8\" data-element_type=\"widget\" data-e-type=\"widget\" data-widget_type=\"text-editor.default\">\n\t\t\t\t<div class=\"elementor-widget-container\">\n\t\t\t\t\t\t\t\t\t<h1 style=\"font-family: 'Segoe UI', Arial, Helvetica, sans-serif; font-size: 18px; margin-top: 1em; margin-bottom: 1em; color: #333333; font-style: normal; text-align: center;\">Les genres dialogiques de l&rsquo;Antiquit\u00e9 \u00e0 la Renaissance<\/h1><p style=\"margin-top: 1em; margin-bottom: 1em; color: #333333; font-family: Arial, Helvetica, sans-serif; font-size: 12px; font-style: normal; font-weight: 400; text-align: center;\"><br \/><br \/>Symposium international<br \/>Amiens, Logis du Roy, 17 et 18 janvier 2019<br \/>Dir. L. Boul\u00e8gue (UPJV\/EA 4284 TrAme) et G. Ierano (U. Trento)<\/p><p style=\"margin-top: 1em; margin-bottom: 1em; color: #333333; font-family: Arial, Helvetica, sans-serif; font-size: 12px; font-style: normal; font-weight: 400;\"><br \/><br \/>Comit\u00e9 d&rsquo;organisation<br \/>Laurence Boul\u00e8gue (Universit\u00e9 Picardie-Jules Verne) et Giorgio Ieran\u00f2 (Universit\u00e0 di Trento), avec la collaboration de Claire Mathis et C. Pochet (UPJV)<br \/><br \/>Comit\u00e9 scientifique<br \/>Laurence Boul\u00e8gue (Universit\u00e9 Picardie-Jules Verne), H\u00e9l\u00e8ne Casanova-Robin (Universit\u00e9 Paris-Sorbonne), Pierre Judet de la Combe (EHESS), Giorgio Ieran\u00f2 (Universit\u00e0 di Trento), Olimpia Imperio (Universit\u00e0 di Bari), Gabriella Moretti (Universit\u00e0 di Genova)<br \/><br \/><br \/><br \/><span style=\"text-decoration-line: underline;\">Jeudi 17 janvier<br \/><\/span><br \/>9.30<br \/>Accueil<br \/><br \/>9.50<br \/>Introduction : Laurence Boul\u00e8gue et Giorgio Ieran\u00f2<br \/><br \/>Premi\u00e8re Journ\u00e9e<br \/>Le dialogue philosophique<br \/><br \/><br \/>Premi\u00e8re session : Le dialogue philosophique dans l&rsquo;Antiquit\u00e9<br \/><br \/>Pr\u00e9sidence : Pierre Judet de la Combe (EHESS)<br \/><br \/>10.15 Mauro Tulli (Universit\u00e0 di Pisa) : \u00ab Per la teoria del dialogo: Platone \u00bb<br \/><br \/>10.45 Olimpia Imperio (Universit\u00e0 di Bari) : \u00ab Tra dialogo filosofico e dialogo drammatico: la \u2018prima lezione&rsquo; di Socrate nelle Nuvole di Aristofane \u00bb<br \/><br \/>Discussion<br \/>Pause<br \/><br \/>11.45 Carlos L\u00e9vy (Sorbonne Universit\u00e9) : \u00ab \u00c0 propos du dialogue dans les Tusculanes. Le personnage sans qualit\u00e9s et son double \u00bb<br \/><br \/>12.15 Sandrine Dubel (U. Blaise-Pascal, Clermont-Ferrand) \u00ab Essais de d\u00e9finition d&rsquo;un genre : relire les dialogues de Platon et d&rsquo;Aristote avec Carlo Sigonio (De dialogo liber, 1562) \u00bb<br \/><br \/>Discussion<br \/><br \/>13.15 D\u00e9jeuner pour les participants, Logis du Roi<br \/><br \/>Seconde session : La renaissance du dialogue philosophique<br \/><br \/>Pr\u00e9sidence : Michel Perrin (UPJV)<br \/><br \/>14.45 Laurence Boul\u00e8gue (UPJV-EA 4284 TrAme) : \u00ab Les paradoxes du genre du dialogue philosophique \u00e0 la fin du XVe et au XVIe si\u00e8cle en Italie \u00bb<br \/><br \/>15.15 Alejandro Cantarero de Salazar (Universidad Complutense de Madrid- DialogycaBDDH, IUMP) : \u00ab Le dialogue entre Pauvret\u00e9 et Fortune dans le Corbacho de l&rsquo;Arcipreste de Talavera: introduction \u00e0 l&rsquo;analyse d&rsquo;un genre argumentatif \u00bb<br \/><br \/>15.45 Carine Ferradou (U. Aix-Marseille) : \u00ab Pol\u00e9mique politique, forme dialogique et trait\u00e9s de philosophie politique \u00e0 la fin du XVIe si\u00e8cle : le De iure regni apud Scotos de George Buchanan (1579) et le De regno et regali potestate de William Barclay (1600) \u00bb<br \/><br \/>Discussion<br \/><br \/>20.15 : d\u00eener\u2003<br \/><br \/><span style=\"text-decoration-line: underline;\">Vendredi 18 janvier<br \/><\/span><br \/>Deuxi\u00e8me Journ\u00e9e<br \/>La contamination des genres<br \/><br \/><br \/>Premi\u00e8re session : Hybridit\u00e9 du genre dialogique dans l&rsquo;Antiquit\u00e9<br \/><br \/>Pr\u00e9sidence : Giorgio Ierano (U. Trento)<br \/><br \/>9.30 Monique Crampon (UPJV) : \u00ab Plaute et la prolif\u00e9ration du dialogue \u00bb<br \/><br \/>10.00 Alice Bonandini (Universit\u00e0 di Trento) : \u00ab Un figlio degenere per un nobile padre: dialogo filosofico e dialogo menippeo \u00bb<br \/><br \/>Discussion<br \/>Pause<br \/><br \/>11.00 Donatella Izzo (Universit\u00e0 di Trento) : \u00ab Manger comme un cochon : histoire d&rsquo;une comparaison entre com\u00e9die et Cynisme \u00bb<br \/><br \/>11.30 Sophie Van der Meeren (. U. de Rennes II) : \u00ab Silence et transcendance dans les dialogues de l&rsquo;Antiquit\u00e9 tardive. \u00c9tude compar\u00e9e d&rsquo;un motif philosophique et litt\u00e9raire chez Proclus, Augustin et Bo\u00e8ce \u00bb<br \/><br \/>Discussion<br \/><br \/>12.45 D\u00e9jeuner pour les participants, Logis du Roi<br \/><br \/>Seconde session : D\u00e9clinaisons de la forme du dialogue au Moyen \u00c2ge et \u00e0 la Renaissance<br \/><br \/>Pr\u00e9sidence : H\u00e9l\u00e8ne Casanova-Robin (Sorbonne universit\u00e9)<br \/><br \/>14.45 Michel Perrin (UPJV) : \u00ab Raban en dialogue avec ses auteurs \u00bb<br \/><br \/>15.15 Alice Lamy (EA \u00ab Rome et ses Renaissances \u00bb &#8211; EA TrAme) : \u00ab Partager les merveilles de la nature et les myst\u00e8res cosmologiques : le dialogue encyclop\u00e9dique dans l&rsquo;oeuvre d&rsquo;Ad\u00e9lard de Bath (XIIe si\u00e8cle) \u00bb<br \/><br \/>15.45 Laure Hermand-Sch\u00e9bat (Universit\u00e9 de Lyon-Jean Moulin, HiSoMa-UMR 5189) : \u00ab Mecum loquor. Le dialogue int\u00e9rieur chez P\u00e9trarque (Lettres et Secretum) \u00bb<br \/><br \/>Discussion<br \/><br \/>Cl\u00f4ture du colloque<br \/><br \/><\/p><p style=\"margin-top: 1em; margin-bottom: 1em; color: #333333; font-family: Arial, Helvetica, sans-serif; font-size: 12px; font-style: normal; font-weight: 400;\">Lieu de la manifestation : Amiens, UPJV, Logis du Roy<br \/>Organisation : Laurence Boul\u00e8gue et Giorgio Ierano<\/p>\t\t\t\t\t\t\t\t<\/div>\n\t\t\t\t<\/div>\n\t\t\t\t\t<\/div>\n\t\t<\/div>\n\t\t\t\t\t<\/div>\n\t\t<\/section>\n\t\t\t\t<\/div>\n\t\t","protected":false},"excerpt":{"rendered":"<p>A-Programme Genres dialogiques Les genres dialogiques de l&rsquo;Antiquit\u00e9 \u00e0 la Renaissance Symposium international Amiens, Logis du Roy, 17 et 18 janvier 2019 Dir. L. Boul\u00e8gue (UPJV\/EA 4284 TrAme) et G. Ierano (U. Trento) Comit\u00e9 d&rsquo;organisation Laurence Boul\u00e8gue (Universit\u00e9 Picardie-Jules Verne) &hellip; <a href=\"http:\/\/www.semen-l.org\/?p=501\">Continuer la lecture <span class=\"meta-nav\">&rarr;<\/span><\/a><\/p>\n","protected":false},"author":5,"featured_media":936,"comment_status":"open","ping_status":"open","sticky":false,"template":"","format":"standard","meta":{"footnotes":""},"categories":[4],"tags":[191,176,75,189,180,188,133,83,177,193,132,182,179,174,192,194,181,173,195,184,74,16,139,172,95,178,187,190,183,196,185,186,175],"class_list":["post-501","post","type-post","status-publish","format-standard","has-post-thumbnail","hentry","category-colloques","tag-adelard-de-bath","tag-arcipreste-de-talavera","tag-aristophane","tag-augustin-dhippone","tag-barclay-william","tag-boece","tag-george-buchanan","tag-ciceron","tag-corbacho","tag-cosmologie","tag-de-iure-regni-apud-scotos","tag-de-nuptiis-philologiae-et-mercurii","tag-de-regno-et-regali-potestate","tag-dialogue","tag-dialogue-encyclopedique","tag-dialogue-interieur","tag-dialogue-menippeen","tag-dialogue-philosophique","tag-lettres-petrarque","tag-martianus-capella","tag-nuees","tag-petrarque","tag-philosophie","tag-platon","tag-plaute","tag-polemique","tag-proclus","tag-raban-maur","tag-satire","tag-secretum-petrarque","tag-silence","tag-transcendance","tag-tusculanes"],"yoast_head":"<!-- This site is optimized with the Yoast SEO plugin v27.5 - https:\/\/yoast.com\/product\/yoast-seo-wordpress\/ -->\n<title>Colloque sur les genres dialogiques - SEMEN-L<\/title>\n<meta name=\"description\" content=\"Symposium international \u00e0 Amiens, Logis du Roy, 17 et 18 janvier 2019 Dir. L. Boul\u00e8gue (UPJV\/EA 4284 TrAme) et G. Ierano (U. Trento).\" \/>\n<meta name=\"robots\" content=\"index, follow, max-snippet:-1, max-image-preview:large, max-video-preview:-1\" \/>\n<link rel=\"canonical\" href=\"http:\/\/www.semen-l.org\/?p=501\" \/>\n<meta property=\"og:locale\" content=\"fr_FR\" \/>\n<meta property=\"og:type\" content=\"article\" \/>\n<meta property=\"og:title\" content=\"Colloque sur les genres dialogiques - SEMEN-L\" \/>\n<meta property=\"og:description\" content=\"Symposium international \u00e0 Amiens, Logis du Roy, 17 et 18 janvier 2019 Dir. L. Boul\u00e8gue (UPJV\/EA 4284 TrAme) et G. Ierano (U. Trento).\" \/>\n<meta property=\"og:url\" content=\"http:\/\/www.semen-l.org\/?p=501\" \/>\n<meta property=\"og:site_name\" content=\"Soci\u00e9t\u00e9 d&#039;\u00c9tudes M\u00e9dio Et N\u00e9o-Latines\" \/>\n<meta property=\"article:publisher\" content=\"https:\/\/www.facebook.com\/SEMENL2018\" \/>\n<meta property=\"article:published_time\" content=\"2019-01-10T13:28:20+00:00\" \/>\n<meta property=\"article:modified_time\" content=\"2020-11-19T20:01:00+00:00\" \/>\n<meta property=\"og:image\" content=\"http:\/\/www.semen-l.org\/wp-content\/uploads\/2019\/01\/genresdialogiquesmin.jpg\" \/>\n\t<meta property=\"og:image:width\" content=\"200\" \/>\n\t<meta property=\"og:image:height\" content=\"200\" \/>\n\t<meta property=\"og:image:type\" content=\"image\/jpeg\" \/>\n<meta name=\"author\" content=\"Seris\" \/>\n<meta name=\"twitter:card\" content=\"summary_large_image\" \/>\n<meta name=\"twitter:label1\" content=\"\u00c9crit par\" \/>\n\t<meta name=\"twitter:data1\" content=\"Seris\" \/>\n\t<meta name=\"twitter:label2\" content=\"Dur\u00e9e de lecture estim\u00e9e\" \/>\n\t<meta name=\"twitter:data2\" content=\"3 minutes\" \/>\n<script type=\"application\/ld+json\" class=\"yoast-schema-graph\">{\"@context\":\"https:\\\/\\\/schema.org\",\"@graph\":[{\"@type\":\"Article\",\"@id\":\"http:\\\/\\\/www.semen-l.org\\\/?p=501#article\",\"isPartOf\":{\"@id\":\"http:\\\/\\\/www.semen-l.org\\\/?p=501\"},\"author\":{\"name\":\"Seris\",\"@id\":\"http:\\\/\\\/www.semen-l.org\\\/#\\\/schema\\\/person\\\/6e8c8c75b499690cc37dd369354a7c47\"},\"headline\":\"Colloque sur les genres dialogiques\",\"datePublished\":\"2019-01-10T13:28:20+00:00\",\"dateModified\":\"2020-11-19T20:01:00+00:00\",\"mainEntityOfPage\":{\"@id\":\"http:\\\/\\\/www.semen-l.org\\\/?p=501\"},\"wordCount\":551,\"commentCount\":0,\"publisher\":{\"@id\":\"http:\\\/\\\/www.semen-l.org\\\/#organization\"},\"image\":{\"@id\":\"http:\\\/\\\/www.semen-l.org\\\/?p=501#primaryimage\"},\"thumbnailUrl\":\"http:\\\/\\\/www.semen-l.org\\\/wp-content\\\/uploads\\\/2019\\\/01\\\/genresdialogiquesmin.jpg\",\"keywords\":[\"Ad\u00e9lard de Bath\",\"Arcipreste de Talavera\",\"Aristophane\",\"Augustin d'Hippone\",\"Barclay (William)\",\"Bo\u00e8ce\",\"Buchanan (George)\",\"Cic\u00e9ron\",\"Corbacho\",\"cosmologie\",\"De Iure regni apud Scotos (George Buchanan)\",\"De nuptiis Philologiae et Mercurii\",\"De regno et regali potestate\",\"dialogue\",\"dialogue encyclop\u00e9dique\",\"dialogue int\u00e9rieur\",\"dialogue m\u00e9nipp\u00e9en\",\"dialogue philosophique\",\"Lettres (P\u00e9trarque)\",\"Martianus Capella\",\"Nu\u00e9es (Les)\",\"P\u00e9trarque\",\"philosophie\",\"Platon\",\"Plaute\",\"pol\u00e9mique\",\"Proclus\",\"Raban Maur\",\"satire\",\"Secretum (P\u00e9trarque)\",\"silence\",\"transcendance\",\"Tusculanes\"],\"articleSection\":[\"Colloques\"],\"inLanguage\":\"fr-FR\",\"potentialAction\":[{\"@type\":\"CommentAction\",\"name\":\"Comment\",\"target\":[\"http:\\\/\\\/www.semen-l.org\\\/?p=501#respond\"]}]},{\"@type\":\"WebPage\",\"@id\":\"http:\\\/\\\/www.semen-l.org\\\/?p=501\",\"url\":\"http:\\\/\\\/www.semen-l.org\\\/?p=501\",\"name\":\"Colloque sur les genres dialogiques - SEMEN-L\",\"isPartOf\":{\"@id\":\"http:\\\/\\\/www.semen-l.org\\\/#website\"},\"primaryImageOfPage\":{\"@id\":\"http:\\\/\\\/www.semen-l.org\\\/?p=501#primaryimage\"},\"image\":{\"@id\":\"http:\\\/\\\/www.semen-l.org\\\/?p=501#primaryimage\"},\"thumbnailUrl\":\"http:\\\/\\\/www.semen-l.org\\\/wp-content\\\/uploads\\\/2019\\\/01\\\/genresdialogiquesmin.jpg\",\"datePublished\":\"2019-01-10T13:28:20+00:00\",\"dateModified\":\"2020-11-19T20:01:00+00:00\",\"description\":\"Symposium international \u00e0 Amiens, Logis du Roy, 17 et 18 janvier 2019 Dir. L. Boul\u00e8gue (UPJV\\\/EA 4284 TrAme) et G. Ierano (U. Trento).\",\"breadcrumb\":{\"@id\":\"http:\\\/\\\/www.semen-l.org\\\/?p=501#breadcrumb\"},\"inLanguage\":\"fr-FR\",\"potentialAction\":[{\"@type\":\"ReadAction\",\"target\":[\"http:\\\/\\\/www.semen-l.org\\\/?p=501\"]}]},{\"@type\":\"ImageObject\",\"inLanguage\":\"fr-FR\",\"@id\":\"http:\\\/\\\/www.semen-l.org\\\/?p=501#primaryimage\",\"url\":\"http:\\\/\\\/www.semen-l.org\\\/wp-content\\\/uploads\\\/2019\\\/01\\\/genresdialogiquesmin.jpg\",\"contentUrl\":\"http:\\\/\\\/www.semen-l.org\\\/wp-content\\\/uploads\\\/2019\\\/01\\\/genresdialogiquesmin.jpg\",\"width\":200,\"height\":200},{\"@type\":\"BreadcrumbList\",\"@id\":\"http:\\\/\\\/www.semen-l.org\\\/?p=501#breadcrumb\",\"itemListElement\":[{\"@type\":\"ListItem\",\"position\":1,\"name\":\"Accueil\",\"item\":\"http:\\\/\\\/www.semen-l.org\\\/\"},{\"@type\":\"ListItem\",\"position\":2,\"name\":\"Colloque sur les genres dialogiques\"}]},{\"@type\":\"WebSite\",\"@id\":\"http:\\\/\\\/www.semen-l.org\\\/#website\",\"url\":\"http:\\\/\\\/www.semen-l.org\\\/\",\"name\":\"Soci\u00e9t\u00e9 d'\u00c9tudes M\u00e9dio Et N\u00e9o-Latines\",\"description\":\"\",\"publisher\":{\"@id\":\"http:\\\/\\\/www.semen-l.org\\\/#organization\"},\"potentialAction\":[{\"@type\":\"SearchAction\",\"target\":{\"@type\":\"EntryPoint\",\"urlTemplate\":\"http:\\\/\\\/www.semen-l.org\\\/?s={search_term_string}\"},\"query-input\":{\"@type\":\"PropertyValueSpecification\",\"valueRequired\":true,\"valueName\":\"search_term_string\"}}],\"inLanguage\":\"fr-FR\"},{\"@type\":\"Organization\",\"@id\":\"http:\\\/\\\/www.semen-l.org\\\/#organization\",\"name\":\"Soci\u00e9t\u00e9 d'\u00e9tudes m\u00e9dio et n\u00e9o-latines\",\"url\":\"http:\\\/\\\/www.semen-l.org\\\/\",\"logo\":{\"@type\":\"ImageObject\",\"inLanguage\":\"fr-FR\",\"@id\":\"http:\\\/\\\/www.semen-l.org\\\/#\\\/schema\\\/logo\\\/image\\\/\",\"url\":\"http:\\\/\\\/www.semen-l.org\\\/wp-content\\\/uploads\\\/2020\\\/11\\\/logo-semenl.jpg\",\"contentUrl\":\"http:\\\/\\\/www.semen-l.org\\\/wp-content\\\/uploads\\\/2020\\\/11\\\/logo-semenl.jpg\",\"width\":408,\"height\":403,\"caption\":\"Soci\u00e9t\u00e9 d'\u00e9tudes m\u00e9dio et n\u00e9o-latines\"},\"image\":{\"@id\":\"http:\\\/\\\/www.semen-l.org\\\/#\\\/schema\\\/logo\\\/image\\\/\"},\"sameAs\":[\"https:\\\/\\\/www.facebook.com\\\/SEMENL2018\",\"https:\\\/\\\/independent.academia.edu\\\/SocitsdtudesmdioetnolatinesSEMENL\"]},{\"@type\":\"Person\",\"@id\":\"http:\\\/\\\/www.semen-l.org\\\/#\\\/schema\\\/person\\\/6e8c8c75b499690cc37dd369354a7c47\",\"name\":\"Seris\",\"image\":{\"@type\":\"ImageObject\",\"inLanguage\":\"fr-FR\",\"@id\":\"https:\\\/\\\/secure.gravatar.com\\\/avatar\\\/8aec6178114279c28f7f0f4ccbb54eefdf0db708e95973d3513a9c5387b223b9?s=96&d=mm&r=g\",\"url\":\"https:\\\/\\\/secure.gravatar.com\\\/avatar\\\/8aec6178114279c28f7f0f4ccbb54eefdf0db708e95973d3513a9c5387b223b9?s=96&d=mm&r=g\",\"contentUrl\":\"https:\\\/\\\/secure.gravatar.com\\\/avatar\\\/8aec6178114279c28f7f0f4ccbb54eefdf0db708e95973d3513a9c5387b223b9?s=96&d=mm&r=g\",\"caption\":\"Seris\"},\"url\":\"http:\\\/\\\/www.semen-l.org\\\/?author=5\"}]}<\/script>\n<!-- \/ Yoast SEO plugin. -->","yoast_head_json":{"title":"Colloque sur les genres dialogiques - SEMEN-L","description":"Symposium international \u00e0 Amiens, Logis du Roy, 17 et 18 janvier 2019 Dir. L. Boul\u00e8gue (UPJV\/EA 4284 TrAme) et G. Ierano (U. Trento).","robots":{"index":"index","follow":"follow","max-snippet":"max-snippet:-1","max-image-preview":"max-image-preview:large","max-video-preview":"max-video-preview:-1"},"canonical":"http:\/\/www.semen-l.org\/?p=501","og_locale":"fr_FR","og_type":"article","og_title":"Colloque sur les genres dialogiques - SEMEN-L","og_description":"Symposium international \u00e0 Amiens, Logis du Roy, 17 et 18 janvier 2019 Dir. L. Boul\u00e8gue (UPJV\/EA 4284 TrAme) et G. Ierano (U. Trento).","og_url":"http:\/\/www.semen-l.org\/?p=501","og_site_name":"Soci\u00e9t\u00e9 d&#039;\u00c9tudes M\u00e9dio Et N\u00e9o-Latines","article_publisher":"https:\/\/www.facebook.com\/SEMENL2018","article_published_time":"2019-01-10T13:28:20+00:00","article_modified_time":"2020-11-19T20:01:00+00:00","og_image":[{"width":200,"height":200,"url":"http:\/\/www.semen-l.org\/wp-content\/uploads\/2019\/01\/genresdialogiquesmin.jpg","type":"image\/jpeg"}],"author":"Seris","twitter_card":"summary_large_image","twitter_misc":{"\u00c9crit par":"Seris","Dur\u00e9e de lecture estim\u00e9e":"3 minutes"},"schema":{"@context":"https:\/\/schema.org","@graph":[{"@type":"Article","@id":"http:\/\/www.semen-l.org\/?p=501#article","isPartOf":{"@id":"http:\/\/www.semen-l.org\/?p=501"},"author":{"name":"Seris","@id":"http:\/\/www.semen-l.org\/#\/schema\/person\/6e8c8c75b499690cc37dd369354a7c47"},"headline":"Colloque sur les genres dialogiques","datePublished":"2019-01-10T13:28:20+00:00","dateModified":"2020-11-19T20:01:00+00:00","mainEntityOfPage":{"@id":"http:\/\/www.semen-l.org\/?p=501"},"wordCount":551,"commentCount":0,"publisher":{"@id":"http:\/\/www.semen-l.org\/#organization"},"image":{"@id":"http:\/\/www.semen-l.org\/?p=501#primaryimage"},"thumbnailUrl":"http:\/\/www.semen-l.org\/wp-content\/uploads\/2019\/01\/genresdialogiquesmin.jpg","keywords":["Ad\u00e9lard de Bath","Arcipreste de Talavera","Aristophane","Augustin d'Hippone","Barclay (William)","Bo\u00e8ce","Buchanan (George)","Cic\u00e9ron","Corbacho","cosmologie","De Iure regni apud Scotos (George Buchanan)","De nuptiis Philologiae et Mercurii","De regno et regali potestate","dialogue","dialogue encyclop\u00e9dique","dialogue int\u00e9rieur","dialogue m\u00e9nipp\u00e9en","dialogue philosophique","Lettres (P\u00e9trarque)","Martianus Capella","Nu\u00e9es (Les)","P\u00e9trarque","philosophie","Platon","Plaute","pol\u00e9mique","Proclus","Raban Maur","satire","Secretum (P\u00e9trarque)","silence","transcendance","Tusculanes"],"articleSection":["Colloques"],"inLanguage":"fr-FR","potentialAction":[{"@type":"CommentAction","name":"Comment","target":["http:\/\/www.semen-l.org\/?p=501#respond"]}]},{"@type":"WebPage","@id":"http:\/\/www.semen-l.org\/?p=501","url":"http:\/\/www.semen-l.org\/?p=501","name":"Colloque sur les genres dialogiques - SEMEN-L","isPartOf":{"@id":"http:\/\/www.semen-l.org\/#website"},"primaryImageOfPage":{"@id":"http:\/\/www.semen-l.org\/?p=501#primaryimage"},"image":{"@id":"http:\/\/www.semen-l.org\/?p=501#primaryimage"},"thumbnailUrl":"http:\/\/www.semen-l.org\/wp-content\/uploads\/2019\/01\/genresdialogiquesmin.jpg","datePublished":"2019-01-10T13:28:20+00:00","dateModified":"2020-11-19T20:01:00+00:00","description":"Symposium international \u00e0 Amiens, Logis du Roy, 17 et 18 janvier 2019 Dir. L. Boul\u00e8gue (UPJV\/EA 4284 TrAme) et G. Ierano (U. Trento).","breadcrumb":{"@id":"http:\/\/www.semen-l.org\/?p=501#breadcrumb"},"inLanguage":"fr-FR","potentialAction":[{"@type":"ReadAction","target":["http:\/\/www.semen-l.org\/?p=501"]}]},{"@type":"ImageObject","inLanguage":"fr-FR","@id":"http:\/\/www.semen-l.org\/?p=501#primaryimage","url":"http:\/\/www.semen-l.org\/wp-content\/uploads\/2019\/01\/genresdialogiquesmin.jpg","contentUrl":"http:\/\/www.semen-l.org\/wp-content\/uploads\/2019\/01\/genresdialogiquesmin.jpg","width":200,"height":200},{"@type":"BreadcrumbList","@id":"http:\/\/www.semen-l.org\/?p=501#breadcrumb","itemListElement":[{"@type":"ListItem","position":1,"name":"Accueil","item":"http:\/\/www.semen-l.org\/"},{"@type":"ListItem","position":2,"name":"Colloque sur les genres dialogiques"}]},{"@type":"WebSite","@id":"http:\/\/www.semen-l.org\/#website","url":"http:\/\/www.semen-l.org\/","name":"Soci\u00e9t\u00e9 d'\u00c9tudes M\u00e9dio Et N\u00e9o-Latines","description":"","publisher":{"@id":"http:\/\/www.semen-l.org\/#organization"},"potentialAction":[{"@type":"SearchAction","target":{"@type":"EntryPoint","urlTemplate":"http:\/\/www.semen-l.org\/?s={search_term_string}"},"query-input":{"@type":"PropertyValueSpecification","valueRequired":true,"valueName":"search_term_string"}}],"inLanguage":"fr-FR"},{"@type":"Organization","@id":"http:\/\/www.semen-l.org\/#organization","name":"Soci\u00e9t\u00e9 d'\u00e9tudes m\u00e9dio et n\u00e9o-latines","url":"http:\/\/www.semen-l.org\/","logo":{"@type":"ImageObject","inLanguage":"fr-FR","@id":"http:\/\/www.semen-l.org\/#\/schema\/logo\/image\/","url":"http:\/\/www.semen-l.org\/wp-content\/uploads\/2020\/11\/logo-semenl.jpg","contentUrl":"http:\/\/www.semen-l.org\/wp-content\/uploads\/2020\/11\/logo-semenl.jpg","width":408,"height":403,"caption":"Soci\u00e9t\u00e9 d'\u00e9tudes m\u00e9dio et n\u00e9o-latines"},"image":{"@id":"http:\/\/www.semen-l.org\/#\/schema\/logo\/image\/"},"sameAs":["https:\/\/www.facebook.com\/SEMENL2018","https:\/\/independent.academia.edu\/SocitsdtudesmdioetnolatinesSEMENL"]},{"@type":"Person","@id":"http:\/\/www.semen-l.org\/#\/schema\/person\/6e8c8c75b499690cc37dd369354a7c47","name":"Seris","image":{"@type":"ImageObject","inLanguage":"fr-FR","@id":"https:\/\/secure.gravatar.com\/avatar\/8aec6178114279c28f7f0f4ccbb54eefdf0db708e95973d3513a9c5387b223b9?s=96&d=mm&r=g","url":"https:\/\/secure.gravatar.com\/avatar\/8aec6178114279c28f7f0f4ccbb54eefdf0db708e95973d3513a9c5387b223b9?s=96&d=mm&r=g","contentUrl":"https:\/\/secure.gravatar.com\/avatar\/8aec6178114279c28f7f0f4ccbb54eefdf0db708e95973d3513a9c5387b223b9?s=96&d=mm&r=g","caption":"Seris"},"url":"http:\/\/www.semen-l.org\/?author=5"}]}},"jetpack_featured_media_url":"http:\/\/www.semen-l.org\/wp-content\/uploads\/2019\/01\/genresdialogiquesmin.jpg","_links":{"self":[{"href":"http:\/\/www.semen-l.org\/index.php?rest_route=\/wp\/v2\/posts\/501","targetHints":{"allow":["GET"]}}],"collection":[{"href":"http:\/\/www.semen-l.org\/index.php?rest_route=\/wp\/v2\/posts"}],"about":[{"href":"http:\/\/www.semen-l.org\/index.php?rest_route=\/wp\/v2\/types\/post"}],"author":[{"embeddable":true,"href":"http:\/\/www.semen-l.org\/index.php?rest_route=\/wp\/v2\/users\/5"}],"replies":[{"embeddable":true,"href":"http:\/\/www.semen-l.org\/index.php?rest_route=%2Fwp%2Fv2%2Fcomments&post=501"}],"version-history":[{"count":0,"href":"http:\/\/www.semen-l.org\/index.php?rest_route=\/wp\/v2\/posts\/501\/revisions"}],"wp:featuredmedia":[{"embeddable":true,"href":"http:\/\/www.semen-l.org\/index.php?rest_route=\/wp\/v2\/media\/936"}],"wp:attachment":[{"href":"http:\/\/www.semen-l.org\/index.php?rest_route=%2Fwp%2Fv2%2Fmedia&parent=501"}],"wp:term":[{"taxonomy":"category","embeddable":true,"href":"http:\/\/www.semen-l.org\/index.php?rest_route=%2Fwp%2Fv2%2Fcategories&post=501"},{"taxonomy":"post_tag","embeddable":true,"href":"http:\/\/www.semen-l.org\/index.php?rest_route=%2Fwp%2Fv2%2Ftags&post=501"}],"curies":[{"name":"wp","href":"https:\/\/api.w.org\/{rel}","templated":true}]}}