{"id":482,"date":"2018-10-23T12:15:42","date_gmt":"2018-10-23T12:15:42","guid":{"rendered":"http:\/\/www.semen-l.org\/?p=482"},"modified":"2020-11-18T22:56:24","modified_gmt":"2020-11-18T22:56:24","slug":"colloque-peintures-et-figures-de-nus-dans-la-litterature","status":"publish","type":"post","link":"http:\/\/www.semen-l.org\/?p=482","title":{"rendered":"Colloque \u00ab\u00a0Peintures et figures de nus dans la litt\u00e9rature\u00a0\u00bb"},"content":{"rendered":"\t\t<div data-elementor-type=\"wp-post\" data-elementor-id=\"482\" class=\"elementor elementor-482\">\n\t\t\t\t\t\t<section class=\"elementor-section elementor-top-section elementor-element elementor-element-f0333eb elementor-section-boxed elementor-section-height-default elementor-section-height-default\" data-id=\"f0333eb\" data-element_type=\"section\" data-e-type=\"section\">\n\t\t\t\t\t\t<div class=\"elementor-container elementor-column-gap-default\">\n\t\t\t\t\t<div class=\"elementor-column elementor-col-100 elementor-top-column elementor-element elementor-element-46d7680\" data-id=\"46d7680\" data-element_type=\"column\" data-e-type=\"column\">\n\t\t\t<div class=\"elementor-widget-wrap elementor-element-populated\">\n\t\t\t\t\t\t<div class=\"elementor-element elementor-element-9ffa96d elementor-widget elementor-widget-image\" data-id=\"9ffa96d\" data-element_type=\"widget\" data-e-type=\"widget\" data-widget_type=\"image.default\">\n\t\t\t\t<div class=\"elementor-widget-container\">\n\t\t\t\t\t\t\t\t\t\t\t\t<figure class=\"wp-caption\">\n\t\t\t\t\t\t\t\t\t\t\t<a href=\"http:\/\/www.semen-l.org\/wp-content\/uploads\/2018\/10\/Programme-ColloquePeintureNus-161018-2.pdf\">\n\t\t\t\t\t\t\t<img fetchpriority=\"high\" decoding=\"async\" width=\"557\" height=\"788\" src=\"http:\/\/www.semen-l.org\/wp-content\/uploads\/2018\/10\/colloque-nu-affiche.jpg\" class=\"attachment-large size-large wp-image-954\" alt=\"\" srcset=\"http:\/\/www.semen-l.org\/wp-content\/uploads\/2018\/10\/colloque-nu-affiche.jpg 557w, http:\/\/www.semen-l.org\/wp-content\/uploads\/2018\/10\/colloque-nu-affiche-212x300.jpg 212w, http:\/\/www.semen-l.org\/wp-content\/uploads\/2018\/10\/colloque-nu-affiche-141x200.jpg 141w\" sizes=\"(max-width: 557px) 100vw, 557px\" \/>\t\t\t\t\t\t\t\t<\/a>\n\t\t\t\t\t\t\t\t\t\t\t<figcaption class=\"widget-image-caption wp-caption-text\">Cliquez sur l'image pour t\u00e9l\u00e9charger le programme.<\/figcaption>\n\t\t\t\t\t\t\t\t\t\t<\/figure>\n\t\t\t\t\t\t\t\t\t<\/div>\n\t\t\t\t<\/div>\n\t\t\t\t\t<\/div>\n\t\t<\/div>\n\t\t\t\t\t<\/div>\n\t\t<\/section>\n\t\t\t\t<section class=\"elementor-section elementor-top-section elementor-element elementor-element-531699c elementor-section-boxed elementor-section-height-default elementor-section-height-default\" data-id=\"531699c\" data-element_type=\"section\" data-e-type=\"section\">\n\t\t\t\t\t\t<div class=\"elementor-container elementor-column-gap-default\">\n\t\t\t\t\t<div class=\"elementor-column elementor-col-100 elementor-top-column elementor-element elementor-element-a22ce76\" data-id=\"a22ce76\" data-element_type=\"column\" data-e-type=\"column\">\n\t\t\t<div class=\"elementor-widget-wrap elementor-element-populated\">\n\t\t\t\t\t\t<div class=\"elementor-element elementor-element-0c6833c elementor-widget elementor-widget-text-editor\" data-id=\"0c6833c\" data-element_type=\"widget\" data-e-type=\"widget\" data-widget_type=\"text-editor.default\">\n\t\t\t\t<div class=\"elementor-widget-container\">\n\t\t\t\t\t\t\t\t\t<p><strong>JEUDI 22 NOVEMBRE 2018<\/strong><\/p><p><strong>\u00a0<\/strong><\/p><p>14h00\u00a0\u00a0\u00a0\u00a0\u00a0\u00a0 Accueil des participants<\/p><p>\u00a0<\/p><p>MOD\u00c8LES FIGUR\u00c9S, MOD\u00c8LES LITT\u00c9RAIRES<\/p><p>14h30\u00a0\u00a0\u00a0\u00a0\u00a0\u00a0 Val\u00e9rie Naas (Sorbonne Universit\u00e9 Lettres), \u00ab Approches sur le nu dans l\u2019Antiquit\u00e9 \u00bb<\/p><p>15h00\u00a0\u00a0\u00a0\u00a0\u00a0\u00a0 Gilles Sauron (Sorbonne Universit\u00e9 Lettres), \u00ab Le nu dans la grande fresque dionysiaque de la villa des Myst\u00e8res \u00e0 Pomp\u00e9i \u00bb<\/p><p>15h30\u00a0\u00a0\u00a0\u00a0\u00a0\u00a0 Emmanuelle Rosso (Sorbonne Universit\u00e9 Lettres \u2013 IUF), \u00ab Portrait et nudit\u00e9 \u00e0 Rome : le nu f\u00e9minin dans la statuaire d\u2019\u00e9poque imp\u00e9riale \u00bb<\/p><p><em>Discussion et pause<\/em><\/p><p>16h30 Francesca Mestre (Universit\u00e9 de Barcelone), \u00ab Tableaux et statues : le corps humain dans les textes grecs de l\u2019\u00e9poque imp\u00e9riale (Lucien, les Philostrate, Callistrate) \u00bb.<\/p><p>17h00\u00a0\u00a0\u00a0\u00a0\u00a0\u00a0 Julien Maudoux (Universit\u00e9 Bordeaux Montaigne) : \u00ab <em>Naturae desipientis opus <\/em>: le corps us\u00e9 des vieilles femmes dans la litt\u00e9rature m\u00e9di\u00e9vale \u00bb<\/p><p><em>Discussion<\/em><\/p><table><tbody><tr><td width=\"43\">\u00a0<\/td><\/tr><tr><td>\u00a0<\/td><td>\u00a0<\/td><\/tr><\/tbody><\/table><p><em>\u00a0<\/em><\/p><h2>VENDREDI 23 NOVEMBRE 2018<\/h2><p><strong>\u00a0<\/strong><\/p><p>MIS\u00c8RE ET DIGNIT\u00c9 DE L\u2019HOMME<\/p><p>9h00\u00a0\u00a0\u00a0\u00a0\u00a0\u00a0\u00a0\u00a0 Evrard Delbey (Universit\u00e9 de Nice) : \u00ab La nudit\u00e9 dans <em>Le D\u00e9cam\u00e9ron <\/em>: questions d\u2019\u00e9thique et de rh\u00e9torique? \u00bb<\/p><p>9h30\u00a0\u00a0\u00a0\u00a0\u00a0\u00a0\u00a0\u00a0 Donatella Coppini (Universit\u00e9 de Florence) : \u00ab Il nudo comico-epigrammatico nella letteratura umanistica \u00bb<\/p><p>10h00 Nicolas Casellato (Sorbonne Universit\u00e9 Lettres), \u00ab \u2018Nu comme un vers\u2019: mise en sc\u00e8ne de soi et r\u00e9\u00e9laboration parodique de la nudit\u00e9 dans les <em>Amores <\/em>de Conrad Celtis (1502) \u00bb<\/p><p><em>Discussion et pause<\/em><\/p><p>11h00\u00a0\u00a0\u00a0\u00a0\u00a0\u00a0 Guillaume Cassegrain (Universit\u00e9 de Grenoble), \u00ab Le nu \u00e0 la renverse. Regard indiscret sur le corps dans les images de la premi\u00e8re modernit\u00e9 \u00bb<\/p><p>11h30\u00a0\u00a0\u00a0\u00a0\u00a0\u00a0 Susanna Gambino Longo (Universit\u00e9 Lyon III-Jean Moulin), \u00ab Primitivisme et nudit\u00e9 : l\u2019homme demi-nu aux origines de la civilisation \u00bb<\/p><p>12h00\u00a0\u00a0\u00a0\u00a0\u00a0\u00a0 Marc Deramaix (Universit\u00e9 de Rouen), \u00ab Nu vulgaire et nu latin : le nu et son v\u00eatement chez Sannazar \u00bb.<\/p><p><em>Discussion et d\u00e9jeuner<\/em><\/p><p>\u00a0<\/p><p>D\u00c9VOILEMENTS \u00c9ROTIQUES ET SYMBOLIQUES<\/p><p>14h30\u00a0\u00a0\u00a0\u00a0\u00a0 Giuseppe Germano (Universit\u00e9 de Naples), \u00ab Rappresentazione della nudit\u00e0 tra vita familiare e gioco amoroso nella poesia di Giovanni Pontano \u00bb<\/p><p>15h00\u00a0\u00a0\u00a0\u00a0\u00a0 Roland B\u00e9har (ENS Paris), \u00ab <em>Nuda agitans choros<\/em>&#8230; : valeurs du nu f\u00e9minin dans la po\u00e9sie de Garcilaso de la Vega \u00bb<\/p><p>15h30\u00a0\u00a0\u00a0\u00a0\u00a0 John Nassichuk (Universit\u00e9 de l\u2019Ontario) : \u00ab La nudit\u00e9 de Suzanne dans une trag\u00e9die latine de Charles Godran (1571) \u00bb<\/p><p><em>Discussion et pause<\/em><\/p><p>16h30\u00a0\u00a0\u00a0\u00a0\u00a0 Nadeije Laneyrie-Dagen (ENS Paris), \u00ab Symbolique \u00e9rotique et gestuelle : le <em>topos <\/em>de la femme au bras lev\u00e9 \u00bb<\/p><p>17h00 Virginie Leroux (EPHE), \u00ab Sommeil et nudit\u00e9 \u00bb<\/p><p><em>Discussion<\/em><\/p><table><tbody><tr><td width=\"38\">\u00a0<\/td><\/tr><tr><td>\u00a0<\/td><td>\u00a0<\/td><\/tr><\/tbody><\/table><p><em>\u00a0<\/em><\/p><h2>SAMEDI 24 NOVEMBRE 2018<\/h2><p><strong>\u00a0<\/strong><\/p><p>LA FABRIQUE DU NU<\/p><p>9h00 Thomas Baier (Universit\u00e9 de W\u00fcrzburg),<\/p><p>\u00ab <em>Conspectu ut primo stupuit<\/em>\u2026 Le portrait f\u00e9minin chez Cristoforo Landino \u00bb<\/p><p>9h30\u00a0 Antonietta Iacono (Universit\u00e9 de Naples),<\/p><p>\u00ab Il corpo di Adone nel <em>De hortis Hesperidum<\/em><\/p><p>di Giovanni Pontano \u00bb<\/p><p>10h00 Gabriele Bucchi (Universit\u00e9 de Lausanne),<\/p><p>\u00ab Le corps contempl\u00e9 et le corps r\u00eav\u00e9 : le nu dans le <em>Roland Furieux <\/em>\u00bb<\/p><p><em>Discussion et pause<\/em><\/p><p>11h00 Anne-Pascale Pouey-Mounou (Sorbonne Universit\u00e9 Lettres &#8211; IUF), \u00ab Portraits de nus dans la po\u00e9sie de la Pl\u00e9iade \u00bb<\/p><p>11h30 Julien Goeury (Universit\u00e9 de Picardie),<\/p><p>\u00ab Parlons aussi des membres seulement \/ Que l\u2019on peut voir sans honte d\u00e9couverts \u00bb : La question du corps d\u00e9nud\u00e9 dans les recueils de Blasons anatomiques.<\/p>\t\t\t\t\t\t\t\t<\/div>\n\t\t\t\t<\/div>\n\t\t\t\t\t<\/div>\n\t\t<\/div>\n\t\t\t\t\t<\/div>\n\t\t<\/section>\n\t\t\t\t<\/div>\n\t\t","protected":false},"excerpt":{"rendered":"<p>Cliquez sur l&rsquo;image pour t\u00e9l\u00e9charger le programme. JEUDI 22 NOVEMBRE 2018 \u00a0 14h00\u00a0\u00a0\u00a0\u00a0\u00a0\u00a0 Accueil des participants MOD\u00c8LES FIGUR\u00c9S, MOD\u00c8LES LITT\u00c9RAIRES 14h30\u00a0\u00a0\u00a0\u00a0\u00a0\u00a0 Val\u00e9rie Naas (Sorbonne Universit\u00e9 Lettres), \u00ab Approches sur le nu dans l\u2019Antiquit\u00e9 \u00bb 15h00\u00a0\u00a0\u00a0\u00a0\u00a0\u00a0 Gilles Sauron (Sorbonne Universit\u00e9 Lettres), &hellip; <a href=\"http:\/\/www.semen-l.org\/?p=482\">Continuer la lecture <span class=\"meta-nav\">&rarr;<\/span><\/a><\/p>\n","protected":false},"author":5,"featured_media":953,"comment_status":"open","ping_status":"open","sticky":false,"template":"","format":"standard","meta":{"footnotes":""},"categories":[4],"tags":[245,238,251,235,55,72,248,246,236,68,237,243,228,241,240,244,223,100,232,233,250,229,36,230,249,43,247,239,231,242,234],"class_list":["post-482","post","type-post","status-publish","format-standard","has-post-thumbnail","hentry","category-colloques","tag-adonis","tag-amores-conrad-celtis","tag-blason","tag-callistrate-dalexandrie","tag-conrad-celtis","tag-comedie","tag-corps","tag-de-hortis-hesperidum","tag-decameron-le","tag-epigramme","tag-ethique","tag-femme-au-bras-leve","tag-fresque","tag-godran-charles","tag-de-la-vega-garcilaso","tag-landino-cristoforo","tag-nu","tag-peinture","tag-philostrate-dathenes","tag-philostrate-de-lemnos","tag-pleiade-la","tag-pompei","tag-giovanni-pontano","tag-portrait","tag-reve","tag-rhetorique","tag-roland-furieux","tag-sannazaro-jacopo","tag-sculpture","tag-sommeil","tag-vieillesse"],"yoast_head":"<!-- This site is optimized with the Yoast SEO plugin v27.5 - https:\/\/yoast.com\/product\/yoast-seo-wordpress\/ -->\n<title>Colloque &quot;Peintures et figures de nus dans la litt\u00e9rature&quot; - Soci\u00e9t\u00e9 d&#039;\u00c9tudes M\u00e9dio Et N\u00e9o-Latines<\/title>\n<meta name=\"robots\" content=\"index, follow, max-snippet:-1, max-image-preview:large, max-video-preview:-1\" \/>\n<link rel=\"canonical\" href=\"https:\/\/www.semen-l.org\/?p=482\" \/>\n<meta property=\"og:locale\" content=\"fr_FR\" \/>\n<meta property=\"og:type\" content=\"article\" \/>\n<meta property=\"og:title\" content=\"Colloque &quot;Peintures et figures de nus dans la litt\u00e9rature&quot; - Soci\u00e9t\u00e9 d&#039;\u00c9tudes M\u00e9dio Et N\u00e9o-Latines\" \/>\n<meta property=\"og:description\" content=\"Cliquez sur l&rsquo;image pour t\u00e9l\u00e9charger le programme. JEUDI 22 NOVEMBRE 2018 \u00a0 14h00\u00a0\u00a0\u00a0\u00a0\u00a0\u00a0 Accueil des participants MOD\u00c8LES FIGUR\u00c9S, MOD\u00c8LES LITT\u00c9RAIRES 14h30\u00a0\u00a0\u00a0\u00a0\u00a0\u00a0 Val\u00e9rie Naas (Sorbonne Universit\u00e9 Lettres), \u00ab Approches sur le nu dans l\u2019Antiquit\u00e9 \u00bb 15h00\u00a0\u00a0\u00a0\u00a0\u00a0\u00a0 Gilles Sauron (Sorbonne Universit\u00e9 Lettres), &hellip; Continuer la lecture &rarr;\" \/>\n<meta property=\"og:url\" content=\"https:\/\/www.semen-l.org\/?p=482\" \/>\n<meta property=\"og:site_name\" content=\"Soci\u00e9t\u00e9 d&#039;\u00c9tudes M\u00e9dio Et N\u00e9o-Latines\" \/>\n<meta property=\"article:publisher\" content=\"https:\/\/www.facebook.com\/SEMENL2018\" \/>\n<meta property=\"article:published_time\" content=\"2018-10-23T12:15:42+00:00\" \/>\n<meta property=\"article:modified_time\" content=\"2020-11-18T22:56:24+00:00\" \/>\n<meta property=\"og:image\" content=\"https:\/\/www.semen-l.org\/wp-content\/uploads\/2018\/10\/colloque-nu.jpg\" \/>\n\t<meta property=\"og:image:width\" content=\"559\" \/>\n\t<meta property=\"og:image:height\" content=\"494\" \/>\n\t<meta property=\"og:image:type\" content=\"image\/jpeg\" \/>\n<meta name=\"author\" content=\"Seris\" \/>\n<meta name=\"twitter:card\" content=\"summary_large_image\" \/>\n<meta name=\"twitter:label1\" content=\"\u00c9crit par\" \/>\n\t<meta name=\"twitter:data1\" content=\"Seris\" \/>\n\t<meta name=\"twitter:label2\" content=\"Dur\u00e9e de lecture estim\u00e9e\" \/>\n\t<meta name=\"twitter:data2\" content=\"2 minutes\" \/>\n<script type=\"application\/ld+json\" class=\"yoast-schema-graph\">{\"@context\":\"https:\\\/\\\/schema.org\",\"@graph\":[{\"@type\":\"Article\",\"@id\":\"https:\\\/\\\/www.semen-l.org\\\/?p=482#article\",\"isPartOf\":{\"@id\":\"https:\\\/\\\/www.semen-l.org\\\/?p=482\"},\"author\":{\"name\":\"Seris\",\"@id\":\"http:\\\/\\\/www.semen-l.org\\\/#\\\/schema\\\/person\\\/6e8c8c75b499690cc37dd369354a7c47\"},\"headline\":\"Colloque \u00ab\u00a0Peintures et figures de nus dans la litt\u00e9rature\u00a0\u00bb\",\"datePublished\":\"2018-10-23T12:15:42+00:00\",\"dateModified\":\"2020-11-18T22:56:24+00:00\",\"mainEntityOfPage\":{\"@id\":\"https:\\\/\\\/www.semen-l.org\\\/?p=482\"},\"wordCount\":490,\"commentCount\":0,\"publisher\":{\"@id\":\"http:\\\/\\\/www.semen-l.org\\\/#organization\"},\"image\":{\"@id\":\"https:\\\/\\\/www.semen-l.org\\\/?p=482#primaryimage\"},\"thumbnailUrl\":\"http:\\\/\\\/www.semen-l.org\\\/wp-content\\\/uploads\\\/2018\\\/10\\\/colloque-nu.jpg\",\"keywords\":[\"Adonis\",\"Amores (Conrad Celtis)\",\"blason\",\"Callistrate d'Alexandrie\",\"Celtis (Conrad)\",\"com\u00e9die\",\"corps\",\"De hortis Hesperidum (Giovanni Pontano)\",\"D\u00e9cam\u00e9ron (Le)\",\"\u00e9pigramme\",\"\u00e9thique\",\"femme au bras lev\u00e9\",\"fresque\",\"Godran (Charles)\",\"La Vega (Garcilaso de)\",\"Landino (Cristoforo)\",\"nu\",\"peinture\",\"Philostrate d'Ath\u00e8nes\",\"Philostrate de Lemnos\",\"Pl\u00e9iade (la)\",\"Pomp\u00e9i\",\"Pontano (Giovanni)\",\"portrait\",\"r\u00eave\",\"rh\u00e9torique\",\"Roland Furieux\",\"Sannazaro (Jacopo)\",\"sculpture\",\"sommeil\",\"vieillesse\"],\"articleSection\":[\"Colloques\"],\"inLanguage\":\"fr-FR\",\"potentialAction\":[{\"@type\":\"CommentAction\",\"name\":\"Comment\",\"target\":[\"https:\\\/\\\/www.semen-l.org\\\/?p=482#respond\"]}]},{\"@type\":\"WebPage\",\"@id\":\"https:\\\/\\\/www.semen-l.org\\\/?p=482\",\"url\":\"https:\\\/\\\/www.semen-l.org\\\/?p=482\",\"name\":\"Colloque \\\"Peintures et figures de nus dans la litt\u00e9rature\\\" - Soci\u00e9t\u00e9 d&#039;\u00c9tudes M\u00e9dio Et N\u00e9o-Latines\",\"isPartOf\":{\"@id\":\"http:\\\/\\\/www.semen-l.org\\\/#website\"},\"primaryImageOfPage\":{\"@id\":\"https:\\\/\\\/www.semen-l.org\\\/?p=482#primaryimage\"},\"image\":{\"@id\":\"https:\\\/\\\/www.semen-l.org\\\/?p=482#primaryimage\"},\"thumbnailUrl\":\"http:\\\/\\\/www.semen-l.org\\\/wp-content\\\/uploads\\\/2018\\\/10\\\/colloque-nu.jpg\",\"datePublished\":\"2018-10-23T12:15:42+00:00\",\"dateModified\":\"2020-11-18T22:56:24+00:00\",\"breadcrumb\":{\"@id\":\"https:\\\/\\\/www.semen-l.org\\\/?p=482#breadcrumb\"},\"inLanguage\":\"fr-FR\",\"potentialAction\":[{\"@type\":\"ReadAction\",\"target\":[\"https:\\\/\\\/www.semen-l.org\\\/?p=482\"]}]},{\"@type\":\"ImageObject\",\"inLanguage\":\"fr-FR\",\"@id\":\"https:\\\/\\\/www.semen-l.org\\\/?p=482#primaryimage\",\"url\":\"http:\\\/\\\/www.semen-l.org\\\/wp-content\\\/uploads\\\/2018\\\/10\\\/colloque-nu.jpg\",\"contentUrl\":\"http:\\\/\\\/www.semen-l.org\\\/wp-content\\\/uploads\\\/2018\\\/10\\\/colloque-nu.jpg\",\"width\":559,\"height\":494},{\"@type\":\"BreadcrumbList\",\"@id\":\"https:\\\/\\\/www.semen-l.org\\\/?p=482#breadcrumb\",\"itemListElement\":[{\"@type\":\"ListItem\",\"position\":1,\"name\":\"Accueil\",\"item\":\"http:\\\/\\\/www.semen-l.org\\\/\"},{\"@type\":\"ListItem\",\"position\":2,\"name\":\"Colloque \u00ab\u00a0Peintures et figures de nus dans la litt\u00e9rature\u00a0\u00bb\"}]},{\"@type\":\"WebSite\",\"@id\":\"http:\\\/\\\/www.semen-l.org\\\/#website\",\"url\":\"http:\\\/\\\/www.semen-l.org\\\/\",\"name\":\"Soci\u00e9t\u00e9 d'\u00c9tudes M\u00e9dio Et N\u00e9o-Latines\",\"description\":\"\",\"publisher\":{\"@id\":\"http:\\\/\\\/www.semen-l.org\\\/#organization\"},\"potentialAction\":[{\"@type\":\"SearchAction\",\"target\":{\"@type\":\"EntryPoint\",\"urlTemplate\":\"http:\\\/\\\/www.semen-l.org\\\/?s={search_term_string}\"},\"query-input\":{\"@type\":\"PropertyValueSpecification\",\"valueRequired\":true,\"valueName\":\"search_term_string\"}}],\"inLanguage\":\"fr-FR\"},{\"@type\":\"Organization\",\"@id\":\"http:\\\/\\\/www.semen-l.org\\\/#organization\",\"name\":\"Soci\u00e9t\u00e9 d'\u00e9tudes m\u00e9dio et n\u00e9o-latines\",\"url\":\"http:\\\/\\\/www.semen-l.org\\\/\",\"logo\":{\"@type\":\"ImageObject\",\"inLanguage\":\"fr-FR\",\"@id\":\"http:\\\/\\\/www.semen-l.org\\\/#\\\/schema\\\/logo\\\/image\\\/\",\"url\":\"http:\\\/\\\/www.semen-l.org\\\/wp-content\\\/uploads\\\/2020\\\/11\\\/logo-semenl.jpg\",\"contentUrl\":\"http:\\\/\\\/www.semen-l.org\\\/wp-content\\\/uploads\\\/2020\\\/11\\\/logo-semenl.jpg\",\"width\":408,\"height\":403,\"caption\":\"Soci\u00e9t\u00e9 d'\u00e9tudes m\u00e9dio et n\u00e9o-latines\"},\"image\":{\"@id\":\"http:\\\/\\\/www.semen-l.org\\\/#\\\/schema\\\/logo\\\/image\\\/\"},\"sameAs\":[\"https:\\\/\\\/www.facebook.com\\\/SEMENL2018\",\"https:\\\/\\\/independent.academia.edu\\\/SocitsdtudesmdioetnolatinesSEMENL\"]},{\"@type\":\"Person\",\"@id\":\"http:\\\/\\\/www.semen-l.org\\\/#\\\/schema\\\/person\\\/6e8c8c75b499690cc37dd369354a7c47\",\"name\":\"Seris\",\"image\":{\"@type\":\"ImageObject\",\"inLanguage\":\"fr-FR\",\"@id\":\"https:\\\/\\\/secure.gravatar.com\\\/avatar\\\/8aec6178114279c28f7f0f4ccbb54eefdf0db708e95973d3513a9c5387b223b9?s=96&d=mm&r=g\",\"url\":\"https:\\\/\\\/secure.gravatar.com\\\/avatar\\\/8aec6178114279c28f7f0f4ccbb54eefdf0db708e95973d3513a9c5387b223b9?s=96&d=mm&r=g\",\"contentUrl\":\"https:\\\/\\\/secure.gravatar.com\\\/avatar\\\/8aec6178114279c28f7f0f4ccbb54eefdf0db708e95973d3513a9c5387b223b9?s=96&d=mm&r=g\",\"caption\":\"Seris\"},\"url\":\"http:\\\/\\\/www.semen-l.org\\\/?author=5\"}]}<\/script>\n<!-- \/ Yoast SEO plugin. -->","yoast_head_json":{"title":"Colloque \"Peintures et figures de nus dans la litt\u00e9rature\" - Soci\u00e9t\u00e9 d&#039;\u00c9tudes M\u00e9dio Et N\u00e9o-Latines","robots":{"index":"index","follow":"follow","max-snippet":"max-snippet:-1","max-image-preview":"max-image-preview:large","max-video-preview":"max-video-preview:-1"},"canonical":"https:\/\/www.semen-l.org\/?p=482","og_locale":"fr_FR","og_type":"article","og_title":"Colloque \"Peintures et figures de nus dans la litt\u00e9rature\" - Soci\u00e9t\u00e9 d&#039;\u00c9tudes M\u00e9dio Et N\u00e9o-Latines","og_description":"Cliquez sur l&rsquo;image pour t\u00e9l\u00e9charger le programme. JEUDI 22 NOVEMBRE 2018 \u00a0 14h00\u00a0\u00a0\u00a0\u00a0\u00a0\u00a0 Accueil des participants MOD\u00c8LES FIGUR\u00c9S, MOD\u00c8LES LITT\u00c9RAIRES 14h30\u00a0\u00a0\u00a0\u00a0\u00a0\u00a0 Val\u00e9rie Naas (Sorbonne Universit\u00e9 Lettres), \u00ab Approches sur le nu dans l\u2019Antiquit\u00e9 \u00bb 15h00\u00a0\u00a0\u00a0\u00a0\u00a0\u00a0 Gilles Sauron (Sorbonne Universit\u00e9 Lettres), &hellip; Continuer la lecture &rarr;","og_url":"https:\/\/www.semen-l.org\/?p=482","og_site_name":"Soci\u00e9t\u00e9 d&#039;\u00c9tudes M\u00e9dio Et N\u00e9o-Latines","article_publisher":"https:\/\/www.facebook.com\/SEMENL2018","article_published_time":"2018-10-23T12:15:42+00:00","article_modified_time":"2020-11-18T22:56:24+00:00","og_image":[{"width":559,"height":494,"url":"https:\/\/www.semen-l.org\/wp-content\/uploads\/2018\/10\/colloque-nu.jpg","type":"image\/jpeg"}],"author":"Seris","twitter_card":"summary_large_image","twitter_misc":{"\u00c9crit par":"Seris","Dur\u00e9e de lecture estim\u00e9e":"2 minutes"},"schema":{"@context":"https:\/\/schema.org","@graph":[{"@type":"Article","@id":"https:\/\/www.semen-l.org\/?p=482#article","isPartOf":{"@id":"https:\/\/www.semen-l.org\/?p=482"},"author":{"name":"Seris","@id":"http:\/\/www.semen-l.org\/#\/schema\/person\/6e8c8c75b499690cc37dd369354a7c47"},"headline":"Colloque \u00ab\u00a0Peintures et figures de nus dans la litt\u00e9rature\u00a0\u00bb","datePublished":"2018-10-23T12:15:42+00:00","dateModified":"2020-11-18T22:56:24+00:00","mainEntityOfPage":{"@id":"https:\/\/www.semen-l.org\/?p=482"},"wordCount":490,"commentCount":0,"publisher":{"@id":"http:\/\/www.semen-l.org\/#organization"},"image":{"@id":"https:\/\/www.semen-l.org\/?p=482#primaryimage"},"thumbnailUrl":"http:\/\/www.semen-l.org\/wp-content\/uploads\/2018\/10\/colloque-nu.jpg","keywords":["Adonis","Amores (Conrad Celtis)","blason","Callistrate d'Alexandrie","Celtis (Conrad)","com\u00e9die","corps","De hortis Hesperidum (Giovanni Pontano)","D\u00e9cam\u00e9ron (Le)","\u00e9pigramme","\u00e9thique","femme au bras lev\u00e9","fresque","Godran (Charles)","La Vega (Garcilaso de)","Landino (Cristoforo)","nu","peinture","Philostrate d'Ath\u00e8nes","Philostrate de Lemnos","Pl\u00e9iade (la)","Pomp\u00e9i","Pontano (Giovanni)","portrait","r\u00eave","rh\u00e9torique","Roland Furieux","Sannazaro (Jacopo)","sculpture","sommeil","vieillesse"],"articleSection":["Colloques"],"inLanguage":"fr-FR","potentialAction":[{"@type":"CommentAction","name":"Comment","target":["https:\/\/www.semen-l.org\/?p=482#respond"]}]},{"@type":"WebPage","@id":"https:\/\/www.semen-l.org\/?p=482","url":"https:\/\/www.semen-l.org\/?p=482","name":"Colloque \"Peintures et figures de nus dans la litt\u00e9rature\" - Soci\u00e9t\u00e9 d&#039;\u00c9tudes M\u00e9dio Et N\u00e9o-Latines","isPartOf":{"@id":"http:\/\/www.semen-l.org\/#website"},"primaryImageOfPage":{"@id":"https:\/\/www.semen-l.org\/?p=482#primaryimage"},"image":{"@id":"https:\/\/www.semen-l.org\/?p=482#primaryimage"},"thumbnailUrl":"http:\/\/www.semen-l.org\/wp-content\/uploads\/2018\/10\/colloque-nu.jpg","datePublished":"2018-10-23T12:15:42+00:00","dateModified":"2020-11-18T22:56:24+00:00","breadcrumb":{"@id":"https:\/\/www.semen-l.org\/?p=482#breadcrumb"},"inLanguage":"fr-FR","potentialAction":[{"@type":"ReadAction","target":["https:\/\/www.semen-l.org\/?p=482"]}]},{"@type":"ImageObject","inLanguage":"fr-FR","@id":"https:\/\/www.semen-l.org\/?p=482#primaryimage","url":"http:\/\/www.semen-l.org\/wp-content\/uploads\/2018\/10\/colloque-nu.jpg","contentUrl":"http:\/\/www.semen-l.org\/wp-content\/uploads\/2018\/10\/colloque-nu.jpg","width":559,"height":494},{"@type":"BreadcrumbList","@id":"https:\/\/www.semen-l.org\/?p=482#breadcrumb","itemListElement":[{"@type":"ListItem","position":1,"name":"Accueil","item":"http:\/\/www.semen-l.org\/"},{"@type":"ListItem","position":2,"name":"Colloque \u00ab\u00a0Peintures et figures de nus dans la litt\u00e9rature\u00a0\u00bb"}]},{"@type":"WebSite","@id":"http:\/\/www.semen-l.org\/#website","url":"http:\/\/www.semen-l.org\/","name":"Soci\u00e9t\u00e9 d'\u00c9tudes M\u00e9dio Et N\u00e9o-Latines","description":"","publisher":{"@id":"http:\/\/www.semen-l.org\/#organization"},"potentialAction":[{"@type":"SearchAction","target":{"@type":"EntryPoint","urlTemplate":"http:\/\/www.semen-l.org\/?s={search_term_string}"},"query-input":{"@type":"PropertyValueSpecification","valueRequired":true,"valueName":"search_term_string"}}],"inLanguage":"fr-FR"},{"@type":"Organization","@id":"http:\/\/www.semen-l.org\/#organization","name":"Soci\u00e9t\u00e9 d'\u00e9tudes m\u00e9dio et n\u00e9o-latines","url":"http:\/\/www.semen-l.org\/","logo":{"@type":"ImageObject","inLanguage":"fr-FR","@id":"http:\/\/www.semen-l.org\/#\/schema\/logo\/image\/","url":"http:\/\/www.semen-l.org\/wp-content\/uploads\/2020\/11\/logo-semenl.jpg","contentUrl":"http:\/\/www.semen-l.org\/wp-content\/uploads\/2020\/11\/logo-semenl.jpg","width":408,"height":403,"caption":"Soci\u00e9t\u00e9 d'\u00e9tudes m\u00e9dio et n\u00e9o-latines"},"image":{"@id":"http:\/\/www.semen-l.org\/#\/schema\/logo\/image\/"},"sameAs":["https:\/\/www.facebook.com\/SEMENL2018","https:\/\/independent.academia.edu\/SocitsdtudesmdioetnolatinesSEMENL"]},{"@type":"Person","@id":"http:\/\/www.semen-l.org\/#\/schema\/person\/6e8c8c75b499690cc37dd369354a7c47","name":"Seris","image":{"@type":"ImageObject","inLanguage":"fr-FR","@id":"https:\/\/secure.gravatar.com\/avatar\/8aec6178114279c28f7f0f4ccbb54eefdf0db708e95973d3513a9c5387b223b9?s=96&d=mm&r=g","url":"https:\/\/secure.gravatar.com\/avatar\/8aec6178114279c28f7f0f4ccbb54eefdf0db708e95973d3513a9c5387b223b9?s=96&d=mm&r=g","contentUrl":"https:\/\/secure.gravatar.com\/avatar\/8aec6178114279c28f7f0f4ccbb54eefdf0db708e95973d3513a9c5387b223b9?s=96&d=mm&r=g","caption":"Seris"},"url":"http:\/\/www.semen-l.org\/?author=5"}]}},"jetpack_featured_media_url":"http:\/\/www.semen-l.org\/wp-content\/uploads\/2018\/10\/colloque-nu.jpg","_links":{"self":[{"href":"http:\/\/www.semen-l.org\/index.php?rest_route=\/wp\/v2\/posts\/482","targetHints":{"allow":["GET"]}}],"collection":[{"href":"http:\/\/www.semen-l.org\/index.php?rest_route=\/wp\/v2\/posts"}],"about":[{"href":"http:\/\/www.semen-l.org\/index.php?rest_route=\/wp\/v2\/types\/post"}],"author":[{"embeddable":true,"href":"http:\/\/www.semen-l.org\/index.php?rest_route=\/wp\/v2\/users\/5"}],"replies":[{"embeddable":true,"href":"http:\/\/www.semen-l.org\/index.php?rest_route=%2Fwp%2Fv2%2Fcomments&post=482"}],"version-history":[{"count":0,"href":"http:\/\/www.semen-l.org\/index.php?rest_route=\/wp\/v2\/posts\/482\/revisions"}],"wp:featuredmedia":[{"embeddable":true,"href":"http:\/\/www.semen-l.org\/index.php?rest_route=\/wp\/v2\/media\/953"}],"wp:attachment":[{"href":"http:\/\/www.semen-l.org\/index.php?rest_route=%2Fwp%2Fv2%2Fmedia&parent=482"}],"wp:term":[{"taxonomy":"category","embeddable":true,"href":"http:\/\/www.semen-l.org\/index.php?rest_route=%2Fwp%2Fv2%2Fcategories&post=482"},{"taxonomy":"post_tag","embeddable":true,"href":"http:\/\/www.semen-l.org\/index.php?rest_route=%2Fwp%2Fv2%2Ftags&post=482"}],"curies":[{"name":"wp","href":"https:\/\/api.w.org\/{rel}","templated":true}]}}