{"id":405,"date":"2017-05-04T06:42:46","date_gmt":"2017-05-04T06:42:46","guid":{"rendered":"http:\/\/www.semen-l.org\/?p=405"},"modified":"2023-02-15T10:55:55","modified_gmt":"2023-02-15T10:55:55","slug":"iie-journee-des-jeunes-chercheurs-de-la-semen-l","status":"publish","type":"post","link":"http:\/\/www.semen-l.org\/?p=405","title":{"rendered":"IIe journ\u00e9e des jeunes chercheurs de la SEMEN-L"},"content":{"rendered":"<p>La SEMEN-L organise le samedi 13 mai 2017 une deuxi\u00e8me journ\u00e9e consacr\u00e9e \u00e0 ses jeunes chercheurs : <a href=\"http:\/\/www.semen-l.org\/wp-content\/uploads\/2017\/05\/Programme-Jeunes-chercheurs-2017.pdf\">programme jeunes chercheurs 2017<\/a><br \/>\n<a href=\"http:\/\/www.semen-l.org\/wp-content\/uploads\/2017\/05\/Programme-Jeunes-chercheurs-2017.pdf\" class=\"pdfemb-viewer\" style=\"\" data-width=\"max\" data-height=\"max\" data-toolbar=\"both\" data-toolbar-fixed=\"off\">Programme Jeunes chercheurs 2017<\/a><\/p>\n<p>9h30 Accueil des participants<br \/>\n9h45 Ouverture de la journ\u00e9e<br \/>\n(Re)d\u00e9finition et renouvellement des savoirs<br \/>\nPr\u00e9sidence : Dani\u00e8le James-Raoul<br \/>\n(Universit\u00e9 Bordeaux Montaigne, EA 4593 CLARE)<br \/>\n10h00 Aude STUDER (\u00c9cole nationale des Chartes, EA 3624 Centre Jean Mabillon) :<br \/>\n\u00ab Th\u00e9ologie naturelle ou connaissance naturelle de Dieu ? L\u2019invention<br \/>\nparadoxale d\u2019une nouvelle discipline th\u00e9ologique \u00bb<br \/>\n10h35 Pierre-Yves CAUTY (Universit\u00e9 Sorbonne nouvelle-Paris 3, EA 173 CERAM) :<br \/>\n\u00ab L\u2019image de Dieu au miroir de l\u2019\u0153uvre de Gr\u00e9goire de Tours \u00bb<br \/>\n11h10 Ga\u00e9tan LEMAITRE (\u00c9cole nationale des Chartes, EA 3624 Centre Jean<br \/>\nMabillon) : \u00ab Le De Partibus Aedium, Lexicon Utilissimum de Francesco Maria<br \/>\nGrapaldo (Parme, 1494) \u00bb<br \/>\n\u2212 D\u00e9jeuner \u2212<br \/>\nPo\u00e9tique des textes m\u00e9dio- et n\u00e9o-latins<br \/>\nPr\u00e9sidence : Laurence Boul\u00e8gue<br \/>\n(Universit\u00e9 de Picardie Jules Verne, EA 4284 TrAme)<br \/>\n14h00 Nicolas CASELLATO (Universit\u00e9 Paris-Sorbonne, EA 4081 Rome et ses<br \/>\nrenaissances) : \u00ab Permanence et renouvellement de l\u2019\u00e9l\u00e9gie latine classique<br \/>\ndans les Amores de Conrad Celtis (1459-1508) \u00bb<br \/>\n14h35 Julien MAUDOUX (Universit\u00e9 Bordeaux Montaigne, EA 4593 CLARE) : \u00ab \u00c0<br \/>\npropos de quelques textes m\u00e9dio-latins autour de la figure de la vieille<br \/>\nfemme \u00bb<br \/>\n\u2212 Pause \u2212<br \/>\nLecture des classiques \u00e0 l\u2019\u00e9poque humaniste<br \/>\n15h30 Vincent BRUNI (Universit\u00e9 de Picardie Jules Verne, EA 4284 TrAme) :<br \/>\n\u00ab Quelques aspects de la r\u00e9ception du livre X de l\u2019Institutio oratoria dans le De<br \/>\nimitatione de Bartolomeo Ricci \u00bb<br \/>\n16h05 Astrid QUILLIEN (Universit\u00e9 Sorbonne nouvelle-Paris 3, EA 174 FIRL) : \u00ab Le<br \/>\ncommentaire de Denis Lambin \u00e0 l\u2019Art po\u00e9tique d\u2019Horace (1561-1568) : un<br \/>\ncommentaire \u00e9volutif et \u00ab\u00a0en r\u00e9seau\u00a0\u00bb \u00bb<\/p>\n","protected":false},"excerpt":{"rendered":"<p>La SEMEN-L organise le samedi 13 mai 2017 une deuxi\u00e8me journ\u00e9e consacr\u00e9e \u00e0 ses jeunes chercheurs : programme jeunes chercheurs 2017 9h30 Accueil des participants 9h45 Ouverture de la journ\u00e9e (Re)d\u00e9finition et renouvellement des savoirs Pr\u00e9sidence : Dani\u00e8le James-Raoul (Universit\u00e9 &hellip; <a href=\"http:\/\/www.semen-l.org\/?p=405\">Continuer la lecture <span class=\"meta-nav\">&rarr;<\/span><\/a><\/p>\n","protected":false},"author":7,"featured_media":0,"comment_status":"open","ping_status":"open","sticky":false,"template":"","format":"standard","meta":{"footnotes":""},"categories":[1712],"tags":[238,390,55,81,1399,1230,1401,284,691,1229,560,52,1398,1400,286,234],"class_list":["post-405","post","type-post","status-publish","format-standard","hentry","category-journees-jeunes-chercheurs","tag-amores-conrad-celtis","tag-art-poetique-horace","tag-conrad-celtis","tag-commentaire","tag-de-imitatione-bartolomeo-ricci","tag-de-partibus-aedium-traite-sur-les-parties-de-la-maison-antique","tag-dieu","tag-elegie","tag-femmes","tag-grapaldo-francesco-maria","tag-gregoire-de-tours","tag-horace","tag-institutio-oratoria","tag-ricci-bartolomeo","tag-theologie","tag-vieillesse"],"yoast_head":"<!-- This site is optimized with the Yoast SEO plugin v27.5 - https:\/\/yoast.com\/product\/yoast-seo-wordpress\/ -->\n<title>IIe journ\u00e9e des jeunes chercheurs de la SEMEN-L - Soci\u00e9t\u00e9 d&#039;\u00c9tudes M\u00e9dio Et N\u00e9o-Latines<\/title>\n<meta name=\"robots\" content=\"index, follow, max-snippet:-1, max-image-preview:large, max-video-preview:-1\" \/>\n<link rel=\"canonical\" href=\"http:\/\/www.semen-l.org\/?p=405\" \/>\n<meta property=\"og:locale\" content=\"fr_FR\" \/>\n<meta property=\"og:type\" content=\"article\" \/>\n<meta property=\"og:title\" content=\"IIe journ\u00e9e des jeunes chercheurs de la SEMEN-L - Soci\u00e9t\u00e9 d&#039;\u00c9tudes M\u00e9dio Et N\u00e9o-Latines\" \/>\n<meta property=\"og:description\" content=\"La SEMEN-L organise le samedi 13 mai 2017 une deuxi\u00e8me journ\u00e9e consacr\u00e9e \u00e0 ses jeunes chercheurs : programme jeunes chercheurs 2017 9h30 Accueil des participants 9h45 Ouverture de la journ\u00e9e (Re)d\u00e9finition et renouvellement des savoirs Pr\u00e9sidence : Dani\u00e8le James-Raoul (Universit\u00e9 &hellip; Continuer la lecture &rarr;\" \/>\n<meta property=\"og:url\" content=\"http:\/\/www.semen-l.org\/?p=405\" \/>\n<meta property=\"og:site_name\" content=\"Soci\u00e9t\u00e9 d&#039;\u00c9tudes M\u00e9dio Et N\u00e9o-Latines\" \/>\n<meta property=\"article:publisher\" content=\"https:\/\/www.facebook.com\/SEMENL2018\" \/>\n<meta property=\"article:published_time\" content=\"2017-05-04T06:42:46+00:00\" \/>\n<meta property=\"article:modified_time\" content=\"2023-02-15T10:55:55+00:00\" \/>\n<meta name=\"author\" content=\"Claire\" \/>\n<meta name=\"twitter:card\" content=\"summary_large_image\" \/>\n<meta name=\"twitter:label1\" content=\"\u00c9crit par\" \/>\n\t<meta name=\"twitter:data1\" content=\"Claire\" \/>\n\t<meta name=\"twitter:label2\" content=\"Dur\u00e9e de lecture estim\u00e9e\" \/>\n\t<meta name=\"twitter:data2\" content=\"1 minute\" \/>\n<script type=\"application\/ld+json\" class=\"yoast-schema-graph\">{\"@context\":\"https:\\\/\\\/schema.org\",\"@graph\":[{\"@type\":\"Article\",\"@id\":\"http:\\\/\\\/www.semen-l.org\\\/?p=405#article\",\"isPartOf\":{\"@id\":\"http:\\\/\\\/www.semen-l.org\\\/?p=405\"},\"author\":{\"name\":\"Claire\",\"@id\":\"http:\\\/\\\/www.semen-l.org\\\/#\\\/schema\\\/person\\\/c1da10720736e30a9294dcce77355003\"},\"headline\":\"IIe journ\u00e9e des jeunes chercheurs de la SEMEN-L\",\"datePublished\":\"2017-05-04T06:42:46+00:00\",\"dateModified\":\"2023-02-15T10:55:55+00:00\",\"mainEntityOfPage\":{\"@id\":\"http:\\\/\\\/www.semen-l.org\\\/?p=405\"},\"wordCount\":277,\"commentCount\":0,\"publisher\":{\"@id\":\"http:\\\/\\\/www.semen-l.org\\\/#organization\"},\"keywords\":[\"Amores (Conrad Celtis)\",\"Art po\u00e9tique (Horace)\",\"Celtis (Conrad)\",\"commentaire\",\"De imitatione (Bartolomeo Ricci)\",\"De Partibus aedium (Trait\u00e9 sur les parties de la maison antique)\",\"Dieu\",\"\u00e9l\u00e9gie\",\"femmes\",\"Grapaldo (Francesco Maria)\",\"Gr\u00e9goire de Tours\",\"Horace\",\"Institutio oratoria (Institution oratoire)\",\"Ricci (Bartolomeo)\",\"th\u00e9ologie\",\"vieillesse\"],\"articleSection\":[\"Journ\u00e9es des jeunes chercheurs\"],\"inLanguage\":\"fr-FR\",\"potentialAction\":[{\"@type\":\"CommentAction\",\"name\":\"Comment\",\"target\":[\"http:\\\/\\\/www.semen-l.org\\\/?p=405#respond\"]}]},{\"@type\":\"WebPage\",\"@id\":\"http:\\\/\\\/www.semen-l.org\\\/?p=405\",\"url\":\"http:\\\/\\\/www.semen-l.org\\\/?p=405\",\"name\":\"IIe journ\u00e9e des jeunes chercheurs de la SEMEN-L - Soci\u00e9t\u00e9 d&#039;\u00c9tudes M\u00e9dio Et N\u00e9o-Latines\",\"isPartOf\":{\"@id\":\"http:\\\/\\\/www.semen-l.org\\\/#website\"},\"datePublished\":\"2017-05-04T06:42:46+00:00\",\"dateModified\":\"2023-02-15T10:55:55+00:00\",\"breadcrumb\":{\"@id\":\"http:\\\/\\\/www.semen-l.org\\\/?p=405#breadcrumb\"},\"inLanguage\":\"fr-FR\",\"potentialAction\":[{\"@type\":\"ReadAction\",\"target\":[\"http:\\\/\\\/www.semen-l.org\\\/?p=405\"]}]},{\"@type\":\"BreadcrumbList\",\"@id\":\"http:\\\/\\\/www.semen-l.org\\\/?p=405#breadcrumb\",\"itemListElement\":[{\"@type\":\"ListItem\",\"position\":1,\"name\":\"Accueil\",\"item\":\"http:\\\/\\\/www.semen-l.org\\\/\"},{\"@type\":\"ListItem\",\"position\":2,\"name\":\"IIe journ\u00e9e des jeunes chercheurs de la SEMEN-L\"}]},{\"@type\":\"WebSite\",\"@id\":\"http:\\\/\\\/www.semen-l.org\\\/#website\",\"url\":\"http:\\\/\\\/www.semen-l.org\\\/\",\"name\":\"Soci\u00e9t\u00e9 d'\u00c9tudes M\u00e9dio Et N\u00e9o-Latines\",\"description\":\"\",\"publisher\":{\"@id\":\"http:\\\/\\\/www.semen-l.org\\\/#organization\"},\"potentialAction\":[{\"@type\":\"SearchAction\",\"target\":{\"@type\":\"EntryPoint\",\"urlTemplate\":\"http:\\\/\\\/www.semen-l.org\\\/?s={search_term_string}\"},\"query-input\":{\"@type\":\"PropertyValueSpecification\",\"valueRequired\":true,\"valueName\":\"search_term_string\"}}],\"inLanguage\":\"fr-FR\"},{\"@type\":\"Organization\",\"@id\":\"http:\\\/\\\/www.semen-l.org\\\/#organization\",\"name\":\"Soci\u00e9t\u00e9 d'\u00e9tudes m\u00e9dio et n\u00e9o-latines\",\"url\":\"http:\\\/\\\/www.semen-l.org\\\/\",\"logo\":{\"@type\":\"ImageObject\",\"inLanguage\":\"fr-FR\",\"@id\":\"http:\\\/\\\/www.semen-l.org\\\/#\\\/schema\\\/logo\\\/image\\\/\",\"url\":\"http:\\\/\\\/www.semen-l.org\\\/wp-content\\\/uploads\\\/2020\\\/11\\\/logo-semenl.jpg\",\"contentUrl\":\"http:\\\/\\\/www.semen-l.org\\\/wp-content\\\/uploads\\\/2020\\\/11\\\/logo-semenl.jpg\",\"width\":408,\"height\":403,\"caption\":\"Soci\u00e9t\u00e9 d'\u00e9tudes m\u00e9dio et n\u00e9o-latines\"},\"image\":{\"@id\":\"http:\\\/\\\/www.semen-l.org\\\/#\\\/schema\\\/logo\\\/image\\\/\"},\"sameAs\":[\"https:\\\/\\\/www.facebook.com\\\/SEMENL2018\",\"https:\\\/\\\/independent.academia.edu\\\/SocitsdtudesmdioetnolatinesSEMENL\"]},{\"@type\":\"Person\",\"@id\":\"http:\\\/\\\/www.semen-l.org\\\/#\\\/schema\\\/person\\\/c1da10720736e30a9294dcce77355003\",\"name\":\"Claire\",\"image\":{\"@type\":\"ImageObject\",\"inLanguage\":\"fr-FR\",\"@id\":\"https:\\\/\\\/secure.gravatar.com\\\/avatar\\\/fb942a7c25d70507e1cb150869aba56fe90ac8bf729ffb876b9b80161bf79d4f?s=96&d=mm&r=g\",\"url\":\"https:\\\/\\\/secure.gravatar.com\\\/avatar\\\/fb942a7c25d70507e1cb150869aba56fe90ac8bf729ffb876b9b80161bf79d4f?s=96&d=mm&r=g\",\"contentUrl\":\"https:\\\/\\\/secure.gravatar.com\\\/avatar\\\/fb942a7c25d70507e1cb150869aba56fe90ac8bf729ffb876b9b80161bf79d4f?s=96&d=mm&r=g\",\"caption\":\"Claire\"},\"url\":\"http:\\\/\\\/www.semen-l.org\\\/?author=7\"}]}<\/script>\n<!-- \/ Yoast SEO plugin. -->","yoast_head_json":{"title":"IIe journ\u00e9e des jeunes chercheurs de la SEMEN-L - Soci\u00e9t\u00e9 d&#039;\u00c9tudes M\u00e9dio Et N\u00e9o-Latines","robots":{"index":"index","follow":"follow","max-snippet":"max-snippet:-1","max-image-preview":"max-image-preview:large","max-video-preview":"max-video-preview:-1"},"canonical":"http:\/\/www.semen-l.org\/?p=405","og_locale":"fr_FR","og_type":"article","og_title":"IIe journ\u00e9e des jeunes chercheurs de la SEMEN-L - Soci\u00e9t\u00e9 d&#039;\u00c9tudes M\u00e9dio Et N\u00e9o-Latines","og_description":"La SEMEN-L organise le samedi 13 mai 2017 une deuxi\u00e8me journ\u00e9e consacr\u00e9e \u00e0 ses jeunes chercheurs : programme jeunes chercheurs 2017 9h30 Accueil des participants 9h45 Ouverture de la journ\u00e9e (Re)d\u00e9finition et renouvellement des savoirs Pr\u00e9sidence : Dani\u00e8le James-Raoul (Universit\u00e9 &hellip; Continuer la lecture &rarr;","og_url":"http:\/\/www.semen-l.org\/?p=405","og_site_name":"Soci\u00e9t\u00e9 d&#039;\u00c9tudes M\u00e9dio Et N\u00e9o-Latines","article_publisher":"https:\/\/www.facebook.com\/SEMENL2018","article_published_time":"2017-05-04T06:42:46+00:00","article_modified_time":"2023-02-15T10:55:55+00:00","author":"Claire","twitter_card":"summary_large_image","twitter_misc":{"\u00c9crit par":"Claire","Dur\u00e9e de lecture estim\u00e9e":"1 minute"},"schema":{"@context":"https:\/\/schema.org","@graph":[{"@type":"Article","@id":"http:\/\/www.semen-l.org\/?p=405#article","isPartOf":{"@id":"http:\/\/www.semen-l.org\/?p=405"},"author":{"name":"Claire","@id":"http:\/\/www.semen-l.org\/#\/schema\/person\/c1da10720736e30a9294dcce77355003"},"headline":"IIe journ\u00e9e des jeunes chercheurs de la SEMEN-L","datePublished":"2017-05-04T06:42:46+00:00","dateModified":"2023-02-15T10:55:55+00:00","mainEntityOfPage":{"@id":"http:\/\/www.semen-l.org\/?p=405"},"wordCount":277,"commentCount":0,"publisher":{"@id":"http:\/\/www.semen-l.org\/#organization"},"keywords":["Amores (Conrad Celtis)","Art po\u00e9tique (Horace)","Celtis (Conrad)","commentaire","De imitatione (Bartolomeo Ricci)","De Partibus aedium (Trait\u00e9 sur les parties de la maison antique)","Dieu","\u00e9l\u00e9gie","femmes","Grapaldo (Francesco Maria)","Gr\u00e9goire de Tours","Horace","Institutio oratoria (Institution oratoire)","Ricci (Bartolomeo)","th\u00e9ologie","vieillesse"],"articleSection":["Journ\u00e9es des jeunes chercheurs"],"inLanguage":"fr-FR","potentialAction":[{"@type":"CommentAction","name":"Comment","target":["http:\/\/www.semen-l.org\/?p=405#respond"]}]},{"@type":"WebPage","@id":"http:\/\/www.semen-l.org\/?p=405","url":"http:\/\/www.semen-l.org\/?p=405","name":"IIe journ\u00e9e des jeunes chercheurs de la SEMEN-L - Soci\u00e9t\u00e9 d&#039;\u00c9tudes M\u00e9dio Et N\u00e9o-Latines","isPartOf":{"@id":"http:\/\/www.semen-l.org\/#website"},"datePublished":"2017-05-04T06:42:46+00:00","dateModified":"2023-02-15T10:55:55+00:00","breadcrumb":{"@id":"http:\/\/www.semen-l.org\/?p=405#breadcrumb"},"inLanguage":"fr-FR","potentialAction":[{"@type":"ReadAction","target":["http:\/\/www.semen-l.org\/?p=405"]}]},{"@type":"BreadcrumbList","@id":"http:\/\/www.semen-l.org\/?p=405#breadcrumb","itemListElement":[{"@type":"ListItem","position":1,"name":"Accueil","item":"http:\/\/www.semen-l.org\/"},{"@type":"ListItem","position":2,"name":"IIe journ\u00e9e des jeunes chercheurs de la SEMEN-L"}]},{"@type":"WebSite","@id":"http:\/\/www.semen-l.org\/#website","url":"http:\/\/www.semen-l.org\/","name":"Soci\u00e9t\u00e9 d'\u00c9tudes M\u00e9dio Et N\u00e9o-Latines","description":"","publisher":{"@id":"http:\/\/www.semen-l.org\/#organization"},"potentialAction":[{"@type":"SearchAction","target":{"@type":"EntryPoint","urlTemplate":"http:\/\/www.semen-l.org\/?s={search_term_string}"},"query-input":{"@type":"PropertyValueSpecification","valueRequired":true,"valueName":"search_term_string"}}],"inLanguage":"fr-FR"},{"@type":"Organization","@id":"http:\/\/www.semen-l.org\/#organization","name":"Soci\u00e9t\u00e9 d'\u00e9tudes m\u00e9dio et n\u00e9o-latines","url":"http:\/\/www.semen-l.org\/","logo":{"@type":"ImageObject","inLanguage":"fr-FR","@id":"http:\/\/www.semen-l.org\/#\/schema\/logo\/image\/","url":"http:\/\/www.semen-l.org\/wp-content\/uploads\/2020\/11\/logo-semenl.jpg","contentUrl":"http:\/\/www.semen-l.org\/wp-content\/uploads\/2020\/11\/logo-semenl.jpg","width":408,"height":403,"caption":"Soci\u00e9t\u00e9 d'\u00e9tudes m\u00e9dio et n\u00e9o-latines"},"image":{"@id":"http:\/\/www.semen-l.org\/#\/schema\/logo\/image\/"},"sameAs":["https:\/\/www.facebook.com\/SEMENL2018","https:\/\/independent.academia.edu\/SocitsdtudesmdioetnolatinesSEMENL"]},{"@type":"Person","@id":"http:\/\/www.semen-l.org\/#\/schema\/person\/c1da10720736e30a9294dcce77355003","name":"Claire","image":{"@type":"ImageObject","inLanguage":"fr-FR","@id":"https:\/\/secure.gravatar.com\/avatar\/fb942a7c25d70507e1cb150869aba56fe90ac8bf729ffb876b9b80161bf79d4f?s=96&d=mm&r=g","url":"https:\/\/secure.gravatar.com\/avatar\/fb942a7c25d70507e1cb150869aba56fe90ac8bf729ffb876b9b80161bf79d4f?s=96&d=mm&r=g","contentUrl":"https:\/\/secure.gravatar.com\/avatar\/fb942a7c25d70507e1cb150869aba56fe90ac8bf729ffb876b9b80161bf79d4f?s=96&d=mm&r=g","caption":"Claire"},"url":"http:\/\/www.semen-l.org\/?author=7"}]}},"jetpack_featured_media_url":"","_links":{"self":[{"href":"http:\/\/www.semen-l.org\/index.php?rest_route=\/wp\/v2\/posts\/405","targetHints":{"allow":["GET"]}}],"collection":[{"href":"http:\/\/www.semen-l.org\/index.php?rest_route=\/wp\/v2\/posts"}],"about":[{"href":"http:\/\/www.semen-l.org\/index.php?rest_route=\/wp\/v2\/types\/post"}],"author":[{"embeddable":true,"href":"http:\/\/www.semen-l.org\/index.php?rest_route=\/wp\/v2\/users\/7"}],"replies":[{"embeddable":true,"href":"http:\/\/www.semen-l.org\/index.php?rest_route=%2Fwp%2Fv2%2Fcomments&post=405"}],"version-history":[{"count":0,"href":"http:\/\/www.semen-l.org\/index.php?rest_route=\/wp\/v2\/posts\/405\/revisions"}],"wp:attachment":[{"href":"http:\/\/www.semen-l.org\/index.php?rest_route=%2Fwp%2Fv2%2Fmedia&parent=405"}],"wp:term":[{"taxonomy":"category","embeddable":true,"href":"http:\/\/www.semen-l.org\/index.php?rest_route=%2Fwp%2Fv2%2Fcategories&post=405"},{"taxonomy":"post_tag","embeddable":true,"href":"http:\/\/www.semen-l.org\/index.php?rest_route=%2Fwp%2Fv2%2Ftags&post=405"}],"curies":[{"name":"wp","href":"https:\/\/api.w.org\/{rel}","templated":true}]}}