{"id":3782,"date":"2025-01-11T14:00:40","date_gmt":"2025-01-11T14:00:40","guid":{"rendered":"https:\/\/www.semen-l.org\/?p=3782"},"modified":"2025-01-11T14:14:51","modified_gmt":"2025-01-11T14:14:51","slug":"poesie-et-politique-dans-les-mondes-nordiques-et-normands-medievaux-ixe-xiiie-siecle-a-gautier-m-a-lucas-avenel-l-mathey-maille-dir-caen-puc-2024","status":"publish","type":"post","link":"http:\/\/www.semen-l.org\/?p=3782","title":{"rendered":"Po\u00e9sie et politique dans les mondes nordiques et normands m\u00e9di\u00e9vaux (IXe-XIIIe si\u00e8cle), A. Gautier, M.-A. Lucas-Avenel, L. Mathey-Maille (dir.), Caen, PUC, 2024"},"content":{"rendered":"<p><a href=\"https:\/\/www.puc-ed.fr\/fr\/book\/?gcoi=28777100623190#h2tabtableContents\"><img fetchpriority=\"high\" decoding=\"async\" class=\"alignright size-medium wp-image-3783\" src=\"http:\/\/www.semen-l.org\/wp-content\/uploads\/2025\/01\/Couverture-Poesie_Politique_marronclair-199x300.jpg\" alt=\"\" width=\"199\" height=\"300\" srcset=\"http:\/\/www.semen-l.org\/wp-content\/uploads\/2025\/01\/Couverture-Poesie_Politique_marronclair-199x300.jpg 199w, http:\/\/www.semen-l.org\/wp-content\/uploads\/2025\/01\/Couverture-Poesie_Politique_marronclair-679x1024.jpg 679w, http:\/\/www.semen-l.org\/wp-content\/uploads\/2025\/01\/Couverture-Poesie_Politique_marronclair-768x1158.jpg 768w, http:\/\/www.semen-l.org\/wp-content\/uploads\/2025\/01\/Couverture-Poesie_Politique_marronclair-1019x1536.jpg 1019w, http:\/\/www.semen-l.org\/wp-content\/uploads\/2025\/01\/Couverture-Poesie_Politique_marronclair-1358x2048.jpg 1358w, http:\/\/www.semen-l.org\/wp-content\/uploads\/2025\/01\/Couverture-Poesie_Politique_marronclair-133x200.jpg 133w, http:\/\/www.semen-l.org\/wp-content\/uploads\/2025\/01\/Couverture-Poesie_Politique_marronclair-scaled.jpg 1698w\" sizes=\"(max-width: 199px) 100vw, 199px\" \/><\/a>La Soci\u00e9t\u00e9 est heureuse de vous informer de la parution de <em>Po\u00e9sie et politique dans les mondes nordiques et normands m\u00e9di\u00e9vaux (IXe-XIIIe si\u00e8cle)<\/em>, A. Gautier, M.-A. Lucas-Avenel, L. Mathey-Maille (dir.), Caen, PUC, 2024.<\/p>\n<p><a href=\"https:\/\/www.puc-ed.fr\/fr\/book\/?gcoi=28777100623190#h2tabtableContents\">Lien vers la pr\u00e9sentation de l&rsquo;ouvrage sur le site des Presses Universitaires de Caen<\/a><\/p>\n<div class=\"longdescrption\">\n<blockquote><p>Le volume r\u00e9unit les actes du colloque qui s&rsquo;est tenu \u00e0 Cerisy-la-Salle du 29 septembre au 3 octobre 2021. Les rapports entre po\u00e9sie et politique ont \u00e9t\u00e9 interrog\u00e9s par des historiens et des sp\u00e9cialistes des litt\u00e9ratures latines et vernaculaires des mondes nordiques et normands du IX<sup>e<\/sup>\u00a0au XIII<sup>e<\/sup>\u00a0si\u00e8cle. Les po\u00e8mes \u00e9tudi\u00e9s ont \u00e9t\u00e9 compos\u00e9s dans diff\u00e9rentes langues parl\u00e9es sur un vaste territoire, celui des diasporas vikings et normandes, qui va de l\u2019Islande \u00e0 la Scandinavie, aux \u00eeles Britanniques, \u00e0 la Normandie et jusqu\u2019a\u0300 l\u2019Italie m\u00e9ridionale. Les contributions sont rassembl\u00e9es autour de trois th\u00e9matiques, le pouvoir et les armes, le pouvoir et les dieux, le pouvoir et les lettres. Elles \u00e9tudient la mani\u00e8re dont la po\u00e9sie s\u2019inspire d\u2019un contexte politique particulier ou l\u2019\u00e9claire, peut v\u00e9hiculer des valeurs ou promouvoir une id\u00e9ologie au service du pouvoir et, par un effet de r\u00e9ciprocit\u00e9, comment les rapports du pouvoir fournissent l\u2019occasion ou le pr\u00e9texte de la composition po\u00e9tique.<\/p><\/blockquote>\n<h4 class=\"space-top\">Sommaire<\/h4>\n<hr \/>\n<p><strong>Introduction\u00a0<\/strong><br \/>\nAlban GAUTIER, Marie-Agn\u00e8s LUCAS-AVENEL et Laurence MATHEY-MAILLE :\u00a0\u00a0<em>Le pouvoir et les vers. Le politique \u00e0 l&rsquo;\u00e9preuve de la po\u00e9tique.<\/em><\/p>\n<p><strong>Partie I : Le pouvoir et les armes<\/strong><\/p>\n<p>Victor BARABINO :\u00a0<em>Les \u00ab rois scaldes \u00bb : la formation militaire des souverains dans la po\u00e9sie scaldique des X<sup>e<\/sup>-XIII<sup>e<\/sup>\u00a0si\u00e8cles.<\/em><\/p>\n<p>Alban GAUTIER :\u00a0<em>Combattre et commander.\u00a0Le roi et ses guerriers dans la po\u00e9sie vernaculaire du long X<sup>e<\/sup>\u00a0si\u00e8cle.<\/em><\/p>\n<p>Simon LEBOUTEILLER, Sigvatr \u00de\u00f3r\u00f0arson :\u00a0<em>le \u00ab po\u00e8te-diplomate \u00bb.\u00a0Les scaldes comme messagers, interm\u00e9diaires et n\u00e9gociateurs dans la Scandinavie m\u00e9di\u00e9vale.<\/em><\/p>\n<p>Jean-Louis PARMENTIER :\u00a0<em>Conqu\u00eates, invasions, violences : quels discours sur le traitement des captifs dans la po\u00e9sie latine (IX<sup>e<\/sup>-XI<sup>e<\/sup>\u00a0si\u00e8cle) ?<\/em><\/p>\n<p>Caitlin ELLIS :\u00a0<em>The Politics of Poetic Preservation. Norse and Norman French in Ireland, Scotland and the Isles.<\/em><\/p>\n<p>St\u00e9phane LA\u00ceN\u00c9 :\u00a0<em>Les enjeux de la bataille de Valesdunes.<\/em><\/p>\n<p><strong>Partie II : Le pouvoir et les dieux<\/strong><\/p>\n<p>Bianca PATRIA, The Border of Heathendom :\u00a0<em>Poetics of Paganism at the Court of Hla\u00f0ir.<\/em><\/p>\n<p>Mikael MALES, Early Eddic Poetry (c. 850-1000) :\u00a0<em>The Other Type of Pagan Court Poetry ?<\/em><\/p>\n<p>Laura VANGONE :\u00a0<em>La po\u00e9sie hagiographique dans le duch\u00e9 de Normandie, sur quelques vers de deux Vitae dans le contexte de la r\u00e9forme.<\/em><\/p>\n<p>Marie-Agn\u00e8s LUCAS-AVENEL :\u00a0<em>Les satires socio-politiques de Serlon de Bayeux contre les moines de Caen<\/em>\u00a0(An satira censes plus tela nocere vel enses ?).<\/p>\n<p>Baptiste LA\u00cfD :\u00a0<em>Du\u00a0<\/em>tirant empereur<em>\u00a0au roi chr\u00e9tien : le pouvoir royal comme autorit\u00e9 religieuse dans\u00a0<\/em>Barlaam et Josaphat\u00a0<em>et<\/em>\u00a0Les Sept Dormants<em>\u00a0du po\u00e8te anglo-normand Chardri (XII<sup>e<\/sup>\u00a0si\u00e8cle).<\/em><\/p>\n<p><strong>Partie III : Le pouvoir et les lettres<\/strong><\/p>\n<p>Fran\u00e7oise LAURENT et Laurence MATHEY-MAILLE :\u00a0<em>Po\u00e9sie et politique dans le prosimetrum de Dudon de Saint-Quentin.<\/em><\/p>\n<p>Philippa BYRNE :\u00a0<em>Poetry, Dialogue, and the\u00a0<\/em>Trivium<em>\u00a0in Norman Sicily.<\/em><\/p>\n<p>Roberto ANGELINI :\u00a0<em>Le po\u00e8me \u00ab Vix loquar aut scribo, vix lingua manusque laborant \u00bb<\/em><\/p>\n<p>Ingvil Br\u00fcgger BUDAL, \u00c1sdis R\u00f3sa Magn\u00fasd\u00f3ttir et H\u00e9l\u00e8ne T\u00c9TREL :\u00a0<em>Le fait po\u00e9tique \u00e0 l&rsquo;\u00e9preuve de la traduction,\u00a0l&rsquo;exemple des sagas de chevaliers<\/em>.<\/p>\n<p><strong>Conclusion\u00a0<\/strong><br \/>\nPierre BAUDUIN\u00a0:\u00a0<em>Nusquam de traditore bona cantio cantata est<\/em><\/p>\n<a href=\"http:\/\/www.semen-l.org\/wp-content\/uploads\/2025\/01\/TDM-Poesie_Politique_marronclair.pdf\" class=\"pdfemb-viewer\" style=\"\" data-width=\"max\" data-height=\"max\" data-toolbar=\"both\" data-toolbar-fixed=\"off\">TDM-Poesie_Politique_marronclair<\/a>\n<\/div>\n","protected":false},"excerpt":{"rendered":"<p>La Soci\u00e9t\u00e9 est heureuse de vous informer de la parution de Po\u00e9sie et politique dans les mondes nordiques et normands m\u00e9di\u00e9vaux (IXe-XIIIe si\u00e8cle), A. Gautier, M.-A. Lucas-Avenel, L. Mathey-Maille (dir.), Caen, PUC, 2024. Lien vers la pr\u00e9sentation de l&rsquo;ouvrage sur &hellip; <a href=\"http:\/\/www.semen-l.org\/?p=3782\">Continuer la lecture <span class=\"meta-nav\">&rarr;<\/span><\/a><\/p>\n","protected":false},"author":26,"featured_media":3783,"comment_status":"open","ping_status":"open","sticky":false,"template":"","format":"standard","meta":{"footnotes":""},"categories":[7],"tags":[1850,2264,2271,1858,2269,2265,2275,174,1175,2273,2119,801,1050,2276,1736,1761,2270,1448,26,418,2267,2274,1594,183,2268,2272,2266,1685,371,1867,266,373,1170,744,2277],"class_list":["post-3782","post","type-post","status-publish","format-standard","has-post-thumbnail","hentry","category-publications","tag-anglo-normand","tag-barlaam","tag-barlaam-et-josaphat","tag-caen","tag-captivite","tag-chardri","tag-de-moribus-et-actis-primorum-normanniae-ducum","tag-dialogue","tag-diplomatie","tag-dudon-de-saint-quentin","tag-ecosse","tag-guerre","tag-hagiographie","tag-hladir","tag-irlande","tag-josaphat","tag-normandie","tag-paganisme","tag-poesie","tag-politique","tag-pouvoir","tag-prosimetre","tag-religion","tag-satire","tag-scandinavie","tag-sept-dormants-les","tag-serlon-de-bayeux","tag-sicile","tag-traduction","tag-trivium","tag-vers","tag-versification","tag-violence","tag-vitae","tag-vix-loquar-aut-scribo"],"yoast_head":"<!-- This site is optimized with the Yoast SEO plugin v27.5 - https:\/\/yoast.com\/product\/yoast-seo-wordpress\/ -->\n<title>Po\u00e9sie et la politique dans les mondes nordiques et normands<\/title>\n<meta name=\"description\" content=\"Parution de Po\u00e9sie et politique dans les mondes nordiques et normands m\u00e9di\u00e9vaux (IXe-XIIIe si\u00e8cle), Caen, PUC, 2024.\" \/>\n<meta name=\"robots\" content=\"index, follow, max-snippet:-1, max-image-preview:large, max-video-preview:-1\" \/>\n<link rel=\"canonical\" href=\"https:\/\/www.semen-l.org\/?p=3782\" \/>\n<meta property=\"og:locale\" content=\"fr_FR\" \/>\n<meta property=\"og:type\" content=\"article\" \/>\n<meta property=\"og:title\" content=\"Po\u00e9sie et la politique dans les mondes nordiques et normands\" \/>\n<meta property=\"og:description\" content=\"Parution de Po\u00e9sie et politique dans les mondes nordiques et normands m\u00e9di\u00e9vaux (IXe-XIIIe si\u00e8cle), Caen, PUC, 2024.\" \/>\n<meta property=\"og:url\" content=\"https:\/\/www.semen-l.org\/?p=3782\" \/>\n<meta property=\"og:site_name\" content=\"Soci\u00e9t\u00e9 d&#039;\u00c9tudes M\u00e9dio Et N\u00e9o-Latines\" \/>\n<meta property=\"article:publisher\" content=\"https:\/\/www.facebook.com\/SEMENL2018\" \/>\n<meta property=\"article:published_time\" content=\"2025-01-11T14:00:40+00:00\" \/>\n<meta property=\"article:modified_time\" content=\"2025-01-11T14:14:51+00:00\" \/>\n<meta property=\"og:image\" content=\"https:\/\/www.semen-l.org\/wp-content\/uploads\/2025\/01\/Couverture-Poesie_Politique_marronclair-scaled.jpg\" \/>\n\t<meta property=\"og:image:width\" content=\"1698\" \/>\n\t<meta property=\"og:image:height\" content=\"2560\" \/>\n\t<meta property=\"og:image:type\" content=\"image\/jpeg\" \/>\n<meta name=\"author\" content=\"Julien Maudoux\" \/>\n<meta name=\"twitter:card\" content=\"summary_large_image\" \/>\n<meta name=\"twitter:label1\" content=\"\u00c9crit par\" \/>\n\t<meta name=\"twitter:data1\" content=\"Julien Maudoux\" \/>\n\t<meta name=\"twitter:label2\" content=\"Dur\u00e9e de lecture estim\u00e9e\" \/>\n\t<meta name=\"twitter:data2\" content=\"3 minutes\" \/>\n<script type=\"application\/ld+json\" class=\"yoast-schema-graph\">{\"@context\":\"https:\\\/\\\/schema.org\",\"@graph\":[{\"@type\":\"Article\",\"@id\":\"https:\\\/\\\/www.semen-l.org\\\/?p=3782#article\",\"isPartOf\":{\"@id\":\"https:\\\/\\\/www.semen-l.org\\\/?p=3782\"},\"author\":{\"name\":\"Julien Maudoux\",\"@id\":\"http:\\\/\\\/www.semen-l.org\\\/#\\\/schema\\\/person\\\/ef5208815f17666727763c5363a51344\"},\"headline\":\"Po\u00e9sie et politique dans les mondes nordiques et normands m\u00e9di\u00e9vaux (IXe-XIIIe si\u00e8cle), A. Gautier, M.-A. Lucas-Avenel, L. Mathey-Maille (dir.), Caen, PUC, 2024\",\"datePublished\":\"2025-01-11T14:00:40+00:00\",\"dateModified\":\"2025-01-11T14:14:51+00:00\",\"mainEntityOfPage\":{\"@id\":\"https:\\\/\\\/www.semen-l.org\\\/?p=3782\"},\"wordCount\":614,\"commentCount\":0,\"publisher\":{\"@id\":\"http:\\\/\\\/www.semen-l.org\\\/#organization\"},\"image\":{\"@id\":\"https:\\\/\\\/www.semen-l.org\\\/?p=3782#primaryimage\"},\"thumbnailUrl\":\"http:\\\/\\\/www.semen-l.org\\\/wp-content\\\/uploads\\\/2025\\\/01\\\/Couverture-Poesie_Politique_marronclair-scaled.jpg\",\"keywords\":[\"anglo-normand\",\"Barlaam\",\"Barlaam et Josaphat\",\"Caen\",\"captivit\u00e9\",\"Chardri\",\"De moribus et actis primorum Normanniae ducum\",\"dialogue\",\"diplomatie\",\"Dudon de Saint-Quentin\",\"\u00c9cosse\",\"guerre\",\"hagiographie\",\"Hla\u00f0ir\",\"Irlande\",\"Josaphat\",\"Normandie\",\"paganisme\",\"po\u00e9sie\",\"politique\",\"pouvoir\",\"prosim\u00e8tre\",\"religion\",\"satire\",\"Scandinavie\",\"Sept Dormants (les)\",\"Serlon de Bayeux\",\"Sicile\",\"traduction\",\"trivium\",\"vers\",\"versification\",\"violence\",\"vitae\",\"Vix loquar aut scribo...\"],\"articleSection\":[\"Publications\"],\"inLanguage\":\"fr-FR\",\"potentialAction\":[{\"@type\":\"CommentAction\",\"name\":\"Comment\",\"target\":[\"https:\\\/\\\/www.semen-l.org\\\/?p=3782#respond\"]}]},{\"@type\":\"WebPage\",\"@id\":\"https:\\\/\\\/www.semen-l.org\\\/?p=3782\",\"url\":\"https:\\\/\\\/www.semen-l.org\\\/?p=3782\",\"name\":\"Po\u00e9sie et la politique dans les mondes nordiques et normands\",\"isPartOf\":{\"@id\":\"http:\\\/\\\/www.semen-l.org\\\/#website\"},\"primaryImageOfPage\":{\"@id\":\"https:\\\/\\\/www.semen-l.org\\\/?p=3782#primaryimage\"},\"image\":{\"@id\":\"https:\\\/\\\/www.semen-l.org\\\/?p=3782#primaryimage\"},\"thumbnailUrl\":\"http:\\\/\\\/www.semen-l.org\\\/wp-content\\\/uploads\\\/2025\\\/01\\\/Couverture-Poesie_Politique_marronclair-scaled.jpg\",\"datePublished\":\"2025-01-11T14:00:40+00:00\",\"dateModified\":\"2025-01-11T14:14:51+00:00\",\"description\":\"Parution de Po\u00e9sie et politique dans les mondes nordiques et normands m\u00e9di\u00e9vaux (IXe-XIIIe si\u00e8cle), Caen, PUC, 2024.\",\"breadcrumb\":{\"@id\":\"https:\\\/\\\/www.semen-l.org\\\/?p=3782#breadcrumb\"},\"inLanguage\":\"fr-FR\",\"potentialAction\":[{\"@type\":\"ReadAction\",\"target\":[\"https:\\\/\\\/www.semen-l.org\\\/?p=3782\"]}]},{\"@type\":\"ImageObject\",\"inLanguage\":\"fr-FR\",\"@id\":\"https:\\\/\\\/www.semen-l.org\\\/?p=3782#primaryimage\",\"url\":\"http:\\\/\\\/www.semen-l.org\\\/wp-content\\\/uploads\\\/2025\\\/01\\\/Couverture-Poesie_Politique_marronclair-scaled.jpg\",\"contentUrl\":\"http:\\\/\\\/www.semen-l.org\\\/wp-content\\\/uploads\\\/2025\\\/01\\\/Couverture-Poesie_Politique_marronclair-scaled.jpg\",\"width\":1698,\"height\":2560},{\"@type\":\"BreadcrumbList\",\"@id\":\"https:\\\/\\\/www.semen-l.org\\\/?p=3782#breadcrumb\",\"itemListElement\":[{\"@type\":\"ListItem\",\"position\":1,\"name\":\"Accueil\",\"item\":\"http:\\\/\\\/www.semen-l.org\\\/\"},{\"@type\":\"ListItem\",\"position\":2,\"name\":\"Po\u00e9sie et politique dans les mondes nordiques et normands m\u00e9di\u00e9vaux (IXe-XIIIe si\u00e8cle), A. Gautier, M.-A. Lucas-Avenel, L. Mathey-Maille (dir.), Caen, PUC, 2024\"}]},{\"@type\":\"WebSite\",\"@id\":\"http:\\\/\\\/www.semen-l.org\\\/#website\",\"url\":\"http:\\\/\\\/www.semen-l.org\\\/\",\"name\":\"Soci\u00e9t\u00e9 d'\u00c9tudes M\u00e9dio Et N\u00e9o-Latines\",\"description\":\"\",\"publisher\":{\"@id\":\"http:\\\/\\\/www.semen-l.org\\\/#organization\"},\"potentialAction\":[{\"@type\":\"SearchAction\",\"target\":{\"@type\":\"EntryPoint\",\"urlTemplate\":\"http:\\\/\\\/www.semen-l.org\\\/?s={search_term_string}\"},\"query-input\":{\"@type\":\"PropertyValueSpecification\",\"valueRequired\":true,\"valueName\":\"search_term_string\"}}],\"inLanguage\":\"fr-FR\"},{\"@type\":\"Organization\",\"@id\":\"http:\\\/\\\/www.semen-l.org\\\/#organization\",\"name\":\"Soci\u00e9t\u00e9 d'\u00e9tudes m\u00e9dio et n\u00e9o-latines\",\"url\":\"http:\\\/\\\/www.semen-l.org\\\/\",\"logo\":{\"@type\":\"ImageObject\",\"inLanguage\":\"fr-FR\",\"@id\":\"http:\\\/\\\/www.semen-l.org\\\/#\\\/schema\\\/logo\\\/image\\\/\",\"url\":\"http:\\\/\\\/www.semen-l.org\\\/wp-content\\\/uploads\\\/2020\\\/11\\\/logo-semenl.jpg\",\"contentUrl\":\"http:\\\/\\\/www.semen-l.org\\\/wp-content\\\/uploads\\\/2020\\\/11\\\/logo-semenl.jpg\",\"width\":408,\"height\":403,\"caption\":\"Soci\u00e9t\u00e9 d'\u00e9tudes m\u00e9dio et n\u00e9o-latines\"},\"image\":{\"@id\":\"http:\\\/\\\/www.semen-l.org\\\/#\\\/schema\\\/logo\\\/image\\\/\"},\"sameAs\":[\"https:\\\/\\\/www.facebook.com\\\/SEMENL2018\",\"https:\\\/\\\/independent.academia.edu\\\/SocitsdtudesmdioetnolatinesSEMENL\"]},{\"@type\":\"Person\",\"@id\":\"http:\\\/\\\/www.semen-l.org\\\/#\\\/schema\\\/person\\\/ef5208815f17666727763c5363a51344\",\"name\":\"Julien Maudoux\",\"image\":{\"@type\":\"ImageObject\",\"inLanguage\":\"fr-FR\",\"@id\":\"https:\\\/\\\/secure.gravatar.com\\\/avatar\\\/caabf4fb6242e2277733cd35a5c2aa083761ea25dae1d1ff3298b54292225292?s=96&d=mm&r=g\",\"url\":\"https:\\\/\\\/secure.gravatar.com\\\/avatar\\\/caabf4fb6242e2277733cd35a5c2aa083761ea25dae1d1ff3298b54292225292?s=96&d=mm&r=g\",\"contentUrl\":\"https:\\\/\\\/secure.gravatar.com\\\/avatar\\\/caabf4fb6242e2277733cd35a5c2aa083761ea25dae1d1ff3298b54292225292?s=96&d=mm&r=g\",\"caption\":\"Julien Maudoux\"},\"description\":\"Webmestre du site de la SEMEN-L\",\"url\":\"http:\\\/\\\/www.semen-l.org\\\/?author=26\"}]}<\/script>\n<!-- \/ Yoast SEO plugin. -->","yoast_head_json":{"title":"Po\u00e9sie et la politique dans les mondes nordiques et normands","description":"Parution de Po\u00e9sie et politique dans les mondes nordiques et normands m\u00e9di\u00e9vaux (IXe-XIIIe si\u00e8cle), Caen, PUC, 2024.","robots":{"index":"index","follow":"follow","max-snippet":"max-snippet:-1","max-image-preview":"max-image-preview:large","max-video-preview":"max-video-preview:-1"},"canonical":"https:\/\/www.semen-l.org\/?p=3782","og_locale":"fr_FR","og_type":"article","og_title":"Po\u00e9sie et la politique dans les mondes nordiques et normands","og_description":"Parution de Po\u00e9sie et politique dans les mondes nordiques et normands m\u00e9di\u00e9vaux (IXe-XIIIe si\u00e8cle), Caen, PUC, 2024.","og_url":"https:\/\/www.semen-l.org\/?p=3782","og_site_name":"Soci\u00e9t\u00e9 d&#039;\u00c9tudes M\u00e9dio Et N\u00e9o-Latines","article_publisher":"https:\/\/www.facebook.com\/SEMENL2018","article_published_time":"2025-01-11T14:00:40+00:00","article_modified_time":"2025-01-11T14:14:51+00:00","og_image":[{"width":1698,"height":2560,"url":"https:\/\/www.semen-l.org\/wp-content\/uploads\/2025\/01\/Couverture-Poesie_Politique_marronclair-scaled.jpg","type":"image\/jpeg"}],"author":"Julien Maudoux","twitter_card":"summary_large_image","twitter_misc":{"\u00c9crit par":"Julien Maudoux","Dur\u00e9e de lecture estim\u00e9e":"3 minutes"},"schema":{"@context":"https:\/\/schema.org","@graph":[{"@type":"Article","@id":"https:\/\/www.semen-l.org\/?p=3782#article","isPartOf":{"@id":"https:\/\/www.semen-l.org\/?p=3782"},"author":{"name":"Julien Maudoux","@id":"http:\/\/www.semen-l.org\/#\/schema\/person\/ef5208815f17666727763c5363a51344"},"headline":"Po\u00e9sie et politique dans les mondes nordiques et normands m\u00e9di\u00e9vaux (IXe-XIIIe si\u00e8cle), A. Gautier, M.-A. Lucas-Avenel, L. Mathey-Maille (dir.), Caen, PUC, 2024","datePublished":"2025-01-11T14:00:40+00:00","dateModified":"2025-01-11T14:14:51+00:00","mainEntityOfPage":{"@id":"https:\/\/www.semen-l.org\/?p=3782"},"wordCount":614,"commentCount":0,"publisher":{"@id":"http:\/\/www.semen-l.org\/#organization"},"image":{"@id":"https:\/\/www.semen-l.org\/?p=3782#primaryimage"},"thumbnailUrl":"http:\/\/www.semen-l.org\/wp-content\/uploads\/2025\/01\/Couverture-Poesie_Politique_marronclair-scaled.jpg","keywords":["anglo-normand","Barlaam","Barlaam et Josaphat","Caen","captivit\u00e9","Chardri","De moribus et actis primorum Normanniae ducum","dialogue","diplomatie","Dudon de Saint-Quentin","\u00c9cosse","guerre","hagiographie","Hla\u00f0ir","Irlande","Josaphat","Normandie","paganisme","po\u00e9sie","politique","pouvoir","prosim\u00e8tre","religion","satire","Scandinavie","Sept Dormants (les)","Serlon de Bayeux","Sicile","traduction","trivium","vers","versification","violence","vitae","Vix loquar aut scribo..."],"articleSection":["Publications"],"inLanguage":"fr-FR","potentialAction":[{"@type":"CommentAction","name":"Comment","target":["https:\/\/www.semen-l.org\/?p=3782#respond"]}]},{"@type":"WebPage","@id":"https:\/\/www.semen-l.org\/?p=3782","url":"https:\/\/www.semen-l.org\/?p=3782","name":"Po\u00e9sie et la politique dans les mondes nordiques et normands","isPartOf":{"@id":"http:\/\/www.semen-l.org\/#website"},"primaryImageOfPage":{"@id":"https:\/\/www.semen-l.org\/?p=3782#primaryimage"},"image":{"@id":"https:\/\/www.semen-l.org\/?p=3782#primaryimage"},"thumbnailUrl":"http:\/\/www.semen-l.org\/wp-content\/uploads\/2025\/01\/Couverture-Poesie_Politique_marronclair-scaled.jpg","datePublished":"2025-01-11T14:00:40+00:00","dateModified":"2025-01-11T14:14:51+00:00","description":"Parution de Po\u00e9sie et politique dans les mondes nordiques et normands m\u00e9di\u00e9vaux (IXe-XIIIe si\u00e8cle), Caen, PUC, 2024.","breadcrumb":{"@id":"https:\/\/www.semen-l.org\/?p=3782#breadcrumb"},"inLanguage":"fr-FR","potentialAction":[{"@type":"ReadAction","target":["https:\/\/www.semen-l.org\/?p=3782"]}]},{"@type":"ImageObject","inLanguage":"fr-FR","@id":"https:\/\/www.semen-l.org\/?p=3782#primaryimage","url":"http:\/\/www.semen-l.org\/wp-content\/uploads\/2025\/01\/Couverture-Poesie_Politique_marronclair-scaled.jpg","contentUrl":"http:\/\/www.semen-l.org\/wp-content\/uploads\/2025\/01\/Couverture-Poesie_Politique_marronclair-scaled.jpg","width":1698,"height":2560},{"@type":"BreadcrumbList","@id":"https:\/\/www.semen-l.org\/?p=3782#breadcrumb","itemListElement":[{"@type":"ListItem","position":1,"name":"Accueil","item":"http:\/\/www.semen-l.org\/"},{"@type":"ListItem","position":2,"name":"Po\u00e9sie et politique dans les mondes nordiques et normands m\u00e9di\u00e9vaux (IXe-XIIIe si\u00e8cle), A. Gautier, M.-A. Lucas-Avenel, L. Mathey-Maille (dir.), Caen, PUC, 2024"}]},{"@type":"WebSite","@id":"http:\/\/www.semen-l.org\/#website","url":"http:\/\/www.semen-l.org\/","name":"Soci\u00e9t\u00e9 d'\u00c9tudes M\u00e9dio Et N\u00e9o-Latines","description":"","publisher":{"@id":"http:\/\/www.semen-l.org\/#organization"},"potentialAction":[{"@type":"SearchAction","target":{"@type":"EntryPoint","urlTemplate":"http:\/\/www.semen-l.org\/?s={search_term_string}"},"query-input":{"@type":"PropertyValueSpecification","valueRequired":true,"valueName":"search_term_string"}}],"inLanguage":"fr-FR"},{"@type":"Organization","@id":"http:\/\/www.semen-l.org\/#organization","name":"Soci\u00e9t\u00e9 d'\u00e9tudes m\u00e9dio et n\u00e9o-latines","url":"http:\/\/www.semen-l.org\/","logo":{"@type":"ImageObject","inLanguage":"fr-FR","@id":"http:\/\/www.semen-l.org\/#\/schema\/logo\/image\/","url":"http:\/\/www.semen-l.org\/wp-content\/uploads\/2020\/11\/logo-semenl.jpg","contentUrl":"http:\/\/www.semen-l.org\/wp-content\/uploads\/2020\/11\/logo-semenl.jpg","width":408,"height":403,"caption":"Soci\u00e9t\u00e9 d'\u00e9tudes m\u00e9dio et n\u00e9o-latines"},"image":{"@id":"http:\/\/www.semen-l.org\/#\/schema\/logo\/image\/"},"sameAs":["https:\/\/www.facebook.com\/SEMENL2018","https:\/\/independent.academia.edu\/SocitsdtudesmdioetnolatinesSEMENL"]},{"@type":"Person","@id":"http:\/\/www.semen-l.org\/#\/schema\/person\/ef5208815f17666727763c5363a51344","name":"Julien Maudoux","image":{"@type":"ImageObject","inLanguage":"fr-FR","@id":"https:\/\/secure.gravatar.com\/avatar\/caabf4fb6242e2277733cd35a5c2aa083761ea25dae1d1ff3298b54292225292?s=96&d=mm&r=g","url":"https:\/\/secure.gravatar.com\/avatar\/caabf4fb6242e2277733cd35a5c2aa083761ea25dae1d1ff3298b54292225292?s=96&d=mm&r=g","contentUrl":"https:\/\/secure.gravatar.com\/avatar\/caabf4fb6242e2277733cd35a5c2aa083761ea25dae1d1ff3298b54292225292?s=96&d=mm&r=g","caption":"Julien Maudoux"},"description":"Webmestre du site de la SEMEN-L","url":"http:\/\/www.semen-l.org\/?author=26"}]}},"jetpack_featured_media_url":"http:\/\/www.semen-l.org\/wp-content\/uploads\/2025\/01\/Couverture-Poesie_Politique_marronclair-scaled.jpg","_links":{"self":[{"href":"http:\/\/www.semen-l.org\/index.php?rest_route=\/wp\/v2\/posts\/3782","targetHints":{"allow":["GET"]}}],"collection":[{"href":"http:\/\/www.semen-l.org\/index.php?rest_route=\/wp\/v2\/posts"}],"about":[{"href":"http:\/\/www.semen-l.org\/index.php?rest_route=\/wp\/v2\/types\/post"}],"author":[{"embeddable":true,"href":"http:\/\/www.semen-l.org\/index.php?rest_route=\/wp\/v2\/users\/26"}],"replies":[{"embeddable":true,"href":"http:\/\/www.semen-l.org\/index.php?rest_route=%2Fwp%2Fv2%2Fcomments&post=3782"}],"version-history":[{"count":0,"href":"http:\/\/www.semen-l.org\/index.php?rest_route=\/wp\/v2\/posts\/3782\/revisions"}],"wp:featuredmedia":[{"embeddable":true,"href":"http:\/\/www.semen-l.org\/index.php?rest_route=\/wp\/v2\/media\/3783"}],"wp:attachment":[{"href":"http:\/\/www.semen-l.org\/index.php?rest_route=%2Fwp%2Fv2%2Fmedia&parent=3782"}],"wp:term":[{"taxonomy":"category","embeddable":true,"href":"http:\/\/www.semen-l.org\/index.php?rest_route=%2Fwp%2Fv2%2Fcategories&post=3782"},{"taxonomy":"post_tag","embeddable":true,"href":"http:\/\/www.semen-l.org\/index.php?rest_route=%2Fwp%2Fv2%2Ftags&post=3782"}],"curies":[{"name":"wp","href":"https:\/\/api.w.org\/{rel}","templated":true}]}}