{"id":3705,"date":"2025-01-01T21:05:46","date_gmt":"2025-01-01T21:05:46","guid":{"rendered":"https:\/\/www.semen-l.org\/?p=3705"},"modified":"2025-01-29T10:37:39","modified_gmt":"2025-01-29T10:37:39","slug":"la-bibliotheque-de-labbaye-de-clairvaux-du-xiie-au-xviiie-siecle-tome-ii-manuscrits-conserves-4eme-partie-sous-la-direction-de-caroline-heid-et-jean-pierre-rotschild-paris-cnrs-editions","status":"publish","type":"post","link":"http:\/\/www.semen-l.org\/?p=3705","title":{"rendered":"La Biblioth\u00e8que de l\u2019abbaye de Clairvaux du XIIe au XVIIIe si\u00e8cle, Tome II, manuscrits conserv\u00e9s, 4\u00e8me partie, sous la direction de Caroline Heid et Jean-Pierre Rotschild, Paris, CNRS Editions, 2024"},"content":{"rendered":"<p><strong><em><a href=\"https:\/\/www.cnrseditions.fr\/catalogue\/histoire\/la-bibliotheque-de-l-abbaye-de-clairvaux-du-xiie-au-xviiie-siecle-2\/\"><img fetchpriority=\"high\" decoding=\"async\" class=\"alignright size-medium wp-image-3902\" src=\"http:\/\/www.semen-l.org\/wp-content\/uploads\/2025\/01\/bib-clairvaux-cov-4-233x300.jpg\" alt=\"\" width=\"233\" height=\"300\" srcset=\"http:\/\/www.semen-l.org\/wp-content\/uploads\/2025\/01\/bib-clairvaux-cov-4-233x300.jpg 233w, http:\/\/www.semen-l.org\/wp-content\/uploads\/2025\/01\/bib-clairvaux-cov-4-156x200.jpg 156w, http:\/\/www.semen-l.org\/wp-content\/uploads\/2025\/01\/bib-clairvaux-cov-4.jpg 600w\" sizes=\"(max-width: 233px) 100vw, 233px\" \/><\/a>La Biblioth\u00e8que de l\u2019abbaye de Clairvaux du XII<sup>e<\/sup> au XVIII<sup>e<\/sup> si\u00e8cle<\/em>, <em>Tome II, manuscrits conserv\u00e9s, <\/em>4<sup>\u00e8me<\/sup> partie, sous la direction de Caroline Heid et Jean-Pierre Rotschild, Paris, CNRS Editions, 2024, 424 p.<\/strong><\/p>\n<p>La biblioth\u00e8que de l\u2019abbaye de Clairvaux fut un centre de premi\u00e8re importance de la vie spirituelle et intellectuelle en France et en Europe au Moyen \u00c2ge. Andr\u00e9 Vernet en a \u00e9dit\u00e9 les anciens catalogues en 1979 dans la collection \u00ab DER \u00bb (<em>La biblioth\u00e8que de l\u2019abbaye de Clairvaux du XII<sup>e<\/sup> au XVIII<sup>e<\/sup> si\u00e8cle, t. I<\/em>) et ses collaborateurs de la section de codicologie de l\u2019IRHT, Jean-Paul Bouhot et Jean-Fran\u00e7ois Genest, y ont publi\u00e9 en 1997 les notices descriptives de plus de la moiti\u00e9 des mille et quelques manuscrits subsistants du catalogue de 1472 : t. II, 1re partie, <em>Manuscrits bibliques, patristiques et th\u00e9ologiques<\/em>. La section latine de l\u2019IRHT a continu\u00e9 ce programme \u00e0 partir de 2007, ayant \u00e0 d\u00e9crire de nombreux recueils de pi\u00e8ces multiples : floril\u00e8ges, sermonnaires, collections hagiographiques, livres liturgiques. En 2021 est paru sous la direction des pr\u00e9sents \u00e9diteurs le tome II, 3e partie, <em>Sermons et instruments pour la pr\u00e9dication <\/em>(prix Duchalais de l\u2019Acad\u00e9mie des Inscriptions et Belles-Lettres en 2023), premier publi\u00e9 de quatre volumes qui couvriront en outre, selon l\u2019ordre des cotes du catalogue de 1472, d\u2019autres manuscrits de sermons (t. II\/2) ; diverses disciplines (t. II\/4, ce volume) ; la liturgie (t. II\/5).<\/p>\n<p>147 manuscrits sont ici d\u00e9crits, de droit (66), m\u00e9decine (8), grammaire (12), logique (5), rh\u00e9torique (9), po\u00e9sie (15), philosophie (25), usages monastiques (7). Le d\u00e9tail des notices est de nature \u00e0 \u00e9clairer l\u2019histoire de l\u2019enseignement du droit \u00e0 Paris et \u00e0 Orl\u00e9ans, les traditions de gloses des textes classiques et philosophiques, la prosopographie de Clairvaux et enfin l\u2019histoire de sa biblioth\u00e8que, en partie le produit de son <em>scriptorium<\/em>, mais aussi ensemble organis\u00e9 et vivant du XII<sup>e<\/sup> au XVIII<sup>e<\/sup> si\u00e8cle.<\/p>\n<div class=\"entry-content\">\n<p><strong>\u00a0<em>Cette recension a \u00e9t\u00e9 publi\u00e9e dans le <a href=\"http:\/\/www.semen-l.org\/wp-content\/uploads\/2024\/12\/SEMENL-Bulletin22-2024.pdf\">Bulletin de liaison n\u00b022 (2024) de la SEMEN-L (p. 47-48).<\/a><\/em><\/strong><\/p>\n<\/div>\n","protected":false},"excerpt":{"rendered":"<p>La Biblioth\u00e8que de l\u2019abbaye de Clairvaux du XIIe au XVIIIe si\u00e8cle, Tome II, manuscrits conserv\u00e9s, 4\u00e8me partie, sous la direction de Caroline Heid et Jean-Pierre Rotschild, Paris, CNRS Editions, 2024, 424 p. La biblioth\u00e8que de l\u2019abbaye de Clairvaux fut un &hellip; <a href=\"http:\/\/www.semen-l.org\/?p=3705\">Continuer la lecture <span class=\"meta-nav\">&rarr;<\/span><\/a><\/p>\n","protected":false},"author":26,"featured_media":3902,"comment_status":"open","ping_status":"open","sticky":false,"template":"","format":"standard","meta":{"footnotes":""},"categories":[1825],"tags":[1957,207,1819,823,1255,338,1050,289,1536,159,23,2199,1605,139,26,43,1958],"class_list":["post-3705","post","type-post","status-publish","format-standard","has-post-thumbnail","hentry","category-recensions","tag-abbaye-de-clairvaux","tag-bibliotheque","tag-catalogue","tag-droit","tag-florilege","tag-grammaire","tag-hagiographie","tag-liturgie","tag-logique","tag-manuscrit","tag-medecine","tag-orleans","tag-paris","tag-philosophie","tag-poesie","tag-rhetorique","tag-scriptorium"],"yoast_head":"<!-- This site is optimized with the Yoast SEO plugin v27.5 - https:\/\/yoast.com\/product\/yoast-seo-wordpress\/ -->\n<title>Recension La Biblioth\u00e8que de l\u2019abbaye de Clairvaux tome II<\/title>\n<meta name=\"description\" content=\"La Biblioth\u00e8que de l\u2019abbaye de Clairvaux du XIIe au XVIIIe si\u00e8cle, Tome II, manuscrits conserv\u00e9s : recension par la SEMEN-L\" \/>\n<meta name=\"robots\" content=\"index, follow, max-snippet:-1, max-image-preview:large, max-video-preview:-1\" \/>\n<link rel=\"canonical\" href=\"https:\/\/www.semen-l.org\/?p=3705\" \/>\n<meta property=\"og:locale\" content=\"fr_FR\" \/>\n<meta property=\"og:type\" content=\"article\" \/>\n<meta property=\"og:title\" content=\"Recension La Biblioth\u00e8que de l\u2019abbaye de Clairvaux tome II\" \/>\n<meta property=\"og:description\" content=\"La Biblioth\u00e8que de l\u2019abbaye de Clairvaux du XIIe au XVIIIe si\u00e8cle, Tome II, manuscrits conserv\u00e9s : recension par la SEMEN-L\" \/>\n<meta property=\"og:url\" content=\"https:\/\/www.semen-l.org\/?p=3705\" \/>\n<meta property=\"og:site_name\" content=\"Soci\u00e9t\u00e9 d&#039;\u00c9tudes M\u00e9dio Et N\u00e9o-Latines\" \/>\n<meta property=\"article:publisher\" content=\"https:\/\/www.facebook.com\/SEMENL2018\" \/>\n<meta property=\"article:published_time\" content=\"2025-01-01T21:05:46+00:00\" \/>\n<meta property=\"article:modified_time\" content=\"2025-01-29T10:37:39+00:00\" \/>\n<meta property=\"og:image\" content=\"https:\/\/www.semen-l.org\/wp-content\/uploads\/2025\/01\/bib-clairvaux-cov-4.jpg\" \/>\n\t<meta property=\"og:image:width\" content=\"600\" \/>\n\t<meta property=\"og:image:height\" content=\"771\" \/>\n\t<meta property=\"og:image:type\" content=\"image\/jpeg\" \/>\n<meta name=\"author\" content=\"Julien Maudoux\" \/>\n<meta name=\"twitter:card\" content=\"summary_large_image\" \/>\n<meta name=\"twitter:label1\" content=\"\u00c9crit par\" \/>\n\t<meta name=\"twitter:data1\" content=\"Julien Maudoux\" \/>\n\t<meta name=\"twitter:label2\" content=\"Dur\u00e9e de lecture estim\u00e9e\" \/>\n\t<meta name=\"twitter:data2\" content=\"3 minutes\" \/>\n<script type=\"application\/ld+json\" class=\"yoast-schema-graph\">{\"@context\":\"https:\\\/\\\/schema.org\",\"@graph\":[{\"@type\":\"ScholarlyArticle\",\"@id\":\"https:\\\/\\\/www.semen-l.org\\\/?p=3705#article\",\"isPartOf\":{\"@id\":\"https:\\\/\\\/www.semen-l.org\\\/?p=3705\"},\"author\":{\"name\":\"Julien Maudoux\",\"@id\":\"http:\\\/\\\/www.semen-l.org\\\/#\\\/schema\\\/person\\\/ef5208815f17666727763c5363a51344\"},\"headline\":\"La Biblioth\u00e8que de l\u2019abbaye de Clairvaux du XIIe au XVIIIe si\u00e8cle, Tome II, manuscrits conserv\u00e9s, 4\u00e8me partie, sous la direction de Caroline Heid et Jean-Pierre Rotschild, Paris, CNRS Editions, 2024\",\"datePublished\":\"2025-01-01T21:05:46+00:00\",\"dateModified\":\"2025-01-29T10:37:39+00:00\",\"mainEntityOfPage\":{\"@id\":\"https:\\\/\\\/www.semen-l.org\\\/?p=3705\"},\"wordCount\":364,\"commentCount\":0,\"publisher\":{\"@id\":\"http:\\\/\\\/www.semen-l.org\\\/#organization\"},\"image\":{\"@id\":\"https:\\\/\\\/www.semen-l.org\\\/?p=3705#primaryimage\"},\"thumbnailUrl\":\"http:\\\/\\\/www.semen-l.org\\\/wp-content\\\/uploads\\\/2025\\\/01\\\/bib-clairvaux-cov-4.jpg\",\"keywords\":[\"abbaye de Clairvaux\",\"biblioth\u00e8que\",\"catalogue\",\"droit\",\"floril\u00e8ge\",\"grammaire\",\"hagiographie\",\"liturgie\",\"logique\",\"manuscrit\",\"m\u00e9decine\",\"Orl\u00e9ans\",\"Paris\",\"philosophie\",\"po\u00e9sie\",\"rh\u00e9torique\",\"scriptorium\"],\"articleSection\":[\"Recensions\"],\"inLanguage\":\"fr-FR\",\"potentialAction\":[{\"@type\":\"CommentAction\",\"name\":\"Comment\",\"target\":[\"https:\\\/\\\/www.semen-l.org\\\/?p=3705#respond\"]}]},{\"@type\":\"WebPage\",\"@id\":\"https:\\\/\\\/www.semen-l.org\\\/?p=3705\",\"url\":\"https:\\\/\\\/www.semen-l.org\\\/?p=3705\",\"name\":\"Recension La Biblioth\u00e8que de l\u2019abbaye de Clairvaux tome II\",\"isPartOf\":{\"@id\":\"http:\\\/\\\/www.semen-l.org\\\/#website\"},\"primaryImageOfPage\":{\"@id\":\"https:\\\/\\\/www.semen-l.org\\\/?p=3705#primaryimage\"},\"image\":{\"@id\":\"https:\\\/\\\/www.semen-l.org\\\/?p=3705#primaryimage\"},\"thumbnailUrl\":\"http:\\\/\\\/www.semen-l.org\\\/wp-content\\\/uploads\\\/2025\\\/01\\\/bib-clairvaux-cov-4.jpg\",\"datePublished\":\"2025-01-01T21:05:46+00:00\",\"dateModified\":\"2025-01-29T10:37:39+00:00\",\"description\":\"La Biblioth\u00e8que de l\u2019abbaye de Clairvaux du XIIe au XVIIIe si\u00e8cle, Tome II, manuscrits conserv\u00e9s : recension par la SEMEN-L\",\"breadcrumb\":{\"@id\":\"https:\\\/\\\/www.semen-l.org\\\/?p=3705#breadcrumb\"},\"inLanguage\":\"fr-FR\",\"potentialAction\":[{\"@type\":\"ReadAction\",\"target\":[\"https:\\\/\\\/www.semen-l.org\\\/?p=3705\"]}]},{\"@type\":\"ImageObject\",\"inLanguage\":\"fr-FR\",\"@id\":\"https:\\\/\\\/www.semen-l.org\\\/?p=3705#primaryimage\",\"url\":\"http:\\\/\\\/www.semen-l.org\\\/wp-content\\\/uploads\\\/2025\\\/01\\\/bib-clairvaux-cov-4.jpg\",\"contentUrl\":\"http:\\\/\\\/www.semen-l.org\\\/wp-content\\\/uploads\\\/2025\\\/01\\\/bib-clairvaux-cov-4.jpg\",\"width\":600,\"height\":771},{\"@type\":\"BreadcrumbList\",\"@id\":\"https:\\\/\\\/www.semen-l.org\\\/?p=3705#breadcrumb\",\"itemListElement\":[{\"@type\":\"ListItem\",\"position\":1,\"name\":\"Accueil\",\"item\":\"http:\\\/\\\/www.semen-l.org\\\/\"},{\"@type\":\"ListItem\",\"position\":2,\"name\":\"La Biblioth\u00e8que de l\u2019abbaye de Clairvaux du XIIe au XVIIIe si\u00e8cle, Tome II, manuscrits conserv\u00e9s, 4\u00e8me partie, sous la direction de Caroline Heid et Jean-Pierre Rotschild, Paris, CNRS Editions, 2024\"}]},{\"@type\":\"WebSite\",\"@id\":\"http:\\\/\\\/www.semen-l.org\\\/#website\",\"url\":\"http:\\\/\\\/www.semen-l.org\\\/\",\"name\":\"Soci\u00e9t\u00e9 d'\u00c9tudes M\u00e9dio Et N\u00e9o-Latines\",\"description\":\"\",\"publisher\":{\"@id\":\"http:\\\/\\\/www.semen-l.org\\\/#organization\"},\"potentialAction\":[{\"@type\":\"SearchAction\",\"target\":{\"@type\":\"EntryPoint\",\"urlTemplate\":\"http:\\\/\\\/www.semen-l.org\\\/?s={search_term_string}\"},\"query-input\":{\"@type\":\"PropertyValueSpecification\",\"valueRequired\":true,\"valueName\":\"search_term_string\"}}],\"inLanguage\":\"fr-FR\"},{\"@type\":\"Organization\",\"@id\":\"http:\\\/\\\/www.semen-l.org\\\/#organization\",\"name\":\"Soci\u00e9t\u00e9 d'\u00e9tudes m\u00e9dio et n\u00e9o-latines\",\"url\":\"http:\\\/\\\/www.semen-l.org\\\/\",\"logo\":{\"@type\":\"ImageObject\",\"inLanguage\":\"fr-FR\",\"@id\":\"http:\\\/\\\/www.semen-l.org\\\/#\\\/schema\\\/logo\\\/image\\\/\",\"url\":\"http:\\\/\\\/www.semen-l.org\\\/wp-content\\\/uploads\\\/2020\\\/11\\\/logo-semenl.jpg\",\"contentUrl\":\"http:\\\/\\\/www.semen-l.org\\\/wp-content\\\/uploads\\\/2020\\\/11\\\/logo-semenl.jpg\",\"width\":408,\"height\":403,\"caption\":\"Soci\u00e9t\u00e9 d'\u00e9tudes m\u00e9dio et n\u00e9o-latines\"},\"image\":{\"@id\":\"http:\\\/\\\/www.semen-l.org\\\/#\\\/schema\\\/logo\\\/image\\\/\"},\"sameAs\":[\"https:\\\/\\\/www.facebook.com\\\/SEMENL2018\",\"https:\\\/\\\/independent.academia.edu\\\/SocitsdtudesmdioetnolatinesSEMENL\"]},{\"@type\":\"Person\",\"@id\":\"http:\\\/\\\/www.semen-l.org\\\/#\\\/schema\\\/person\\\/ef5208815f17666727763c5363a51344\",\"name\":\"Julien Maudoux\",\"image\":{\"@type\":\"ImageObject\",\"inLanguage\":\"fr-FR\",\"@id\":\"https:\\\/\\\/secure.gravatar.com\\\/avatar\\\/caabf4fb6242e2277733cd35a5c2aa083761ea25dae1d1ff3298b54292225292?s=96&d=mm&r=g\",\"url\":\"https:\\\/\\\/secure.gravatar.com\\\/avatar\\\/caabf4fb6242e2277733cd35a5c2aa083761ea25dae1d1ff3298b54292225292?s=96&d=mm&r=g\",\"contentUrl\":\"https:\\\/\\\/secure.gravatar.com\\\/avatar\\\/caabf4fb6242e2277733cd35a5c2aa083761ea25dae1d1ff3298b54292225292?s=96&d=mm&r=g\",\"caption\":\"Julien Maudoux\"},\"description\":\"Webmestre du site de la SEMEN-L\",\"url\":\"http:\\\/\\\/www.semen-l.org\\\/?author=26\"}]}<\/script>\n<!-- \/ Yoast SEO plugin. -->","yoast_head_json":{"title":"Recension La Biblioth\u00e8que de l\u2019abbaye de Clairvaux tome II","description":"La Biblioth\u00e8que de l\u2019abbaye de Clairvaux du XIIe au XVIIIe si\u00e8cle, Tome II, manuscrits conserv\u00e9s : recension par la SEMEN-L","robots":{"index":"index","follow":"follow","max-snippet":"max-snippet:-1","max-image-preview":"max-image-preview:large","max-video-preview":"max-video-preview:-1"},"canonical":"https:\/\/www.semen-l.org\/?p=3705","og_locale":"fr_FR","og_type":"article","og_title":"Recension La Biblioth\u00e8que de l\u2019abbaye de Clairvaux tome II","og_description":"La Biblioth\u00e8que de l\u2019abbaye de Clairvaux du XIIe au XVIIIe si\u00e8cle, Tome II, manuscrits conserv\u00e9s : recension par la SEMEN-L","og_url":"https:\/\/www.semen-l.org\/?p=3705","og_site_name":"Soci\u00e9t\u00e9 d&#039;\u00c9tudes M\u00e9dio Et N\u00e9o-Latines","article_publisher":"https:\/\/www.facebook.com\/SEMENL2018","article_published_time":"2025-01-01T21:05:46+00:00","article_modified_time":"2025-01-29T10:37:39+00:00","og_image":[{"width":600,"height":771,"url":"https:\/\/www.semen-l.org\/wp-content\/uploads\/2025\/01\/bib-clairvaux-cov-4.jpg","type":"image\/jpeg"}],"author":"Julien Maudoux","twitter_card":"summary_large_image","twitter_misc":{"\u00c9crit par":"Julien Maudoux","Dur\u00e9e de lecture estim\u00e9e":"3 minutes"},"schema":{"@context":"https:\/\/schema.org","@graph":[{"@type":"ScholarlyArticle","@id":"https:\/\/www.semen-l.org\/?p=3705#article","isPartOf":{"@id":"https:\/\/www.semen-l.org\/?p=3705"},"author":{"name":"Julien Maudoux","@id":"http:\/\/www.semen-l.org\/#\/schema\/person\/ef5208815f17666727763c5363a51344"},"headline":"La Biblioth\u00e8que de l\u2019abbaye de Clairvaux du XIIe au XVIIIe si\u00e8cle, Tome II, manuscrits conserv\u00e9s, 4\u00e8me partie, sous la direction de Caroline Heid et Jean-Pierre Rotschild, Paris, CNRS Editions, 2024","datePublished":"2025-01-01T21:05:46+00:00","dateModified":"2025-01-29T10:37:39+00:00","mainEntityOfPage":{"@id":"https:\/\/www.semen-l.org\/?p=3705"},"wordCount":364,"commentCount":0,"publisher":{"@id":"http:\/\/www.semen-l.org\/#organization"},"image":{"@id":"https:\/\/www.semen-l.org\/?p=3705#primaryimage"},"thumbnailUrl":"http:\/\/www.semen-l.org\/wp-content\/uploads\/2025\/01\/bib-clairvaux-cov-4.jpg","keywords":["abbaye de Clairvaux","biblioth\u00e8que","catalogue","droit","floril\u00e8ge","grammaire","hagiographie","liturgie","logique","manuscrit","m\u00e9decine","Orl\u00e9ans","Paris","philosophie","po\u00e9sie","rh\u00e9torique","scriptorium"],"articleSection":["Recensions"],"inLanguage":"fr-FR","potentialAction":[{"@type":"CommentAction","name":"Comment","target":["https:\/\/www.semen-l.org\/?p=3705#respond"]}]},{"@type":"WebPage","@id":"https:\/\/www.semen-l.org\/?p=3705","url":"https:\/\/www.semen-l.org\/?p=3705","name":"Recension La Biblioth\u00e8que de l\u2019abbaye de Clairvaux tome II","isPartOf":{"@id":"http:\/\/www.semen-l.org\/#website"},"primaryImageOfPage":{"@id":"https:\/\/www.semen-l.org\/?p=3705#primaryimage"},"image":{"@id":"https:\/\/www.semen-l.org\/?p=3705#primaryimage"},"thumbnailUrl":"http:\/\/www.semen-l.org\/wp-content\/uploads\/2025\/01\/bib-clairvaux-cov-4.jpg","datePublished":"2025-01-01T21:05:46+00:00","dateModified":"2025-01-29T10:37:39+00:00","description":"La Biblioth\u00e8que de l\u2019abbaye de Clairvaux du XIIe au XVIIIe si\u00e8cle, Tome II, manuscrits conserv\u00e9s : recension par la SEMEN-L","breadcrumb":{"@id":"https:\/\/www.semen-l.org\/?p=3705#breadcrumb"},"inLanguage":"fr-FR","potentialAction":[{"@type":"ReadAction","target":["https:\/\/www.semen-l.org\/?p=3705"]}]},{"@type":"ImageObject","inLanguage":"fr-FR","@id":"https:\/\/www.semen-l.org\/?p=3705#primaryimage","url":"http:\/\/www.semen-l.org\/wp-content\/uploads\/2025\/01\/bib-clairvaux-cov-4.jpg","contentUrl":"http:\/\/www.semen-l.org\/wp-content\/uploads\/2025\/01\/bib-clairvaux-cov-4.jpg","width":600,"height":771},{"@type":"BreadcrumbList","@id":"https:\/\/www.semen-l.org\/?p=3705#breadcrumb","itemListElement":[{"@type":"ListItem","position":1,"name":"Accueil","item":"http:\/\/www.semen-l.org\/"},{"@type":"ListItem","position":2,"name":"La Biblioth\u00e8que de l\u2019abbaye de Clairvaux du XIIe au XVIIIe si\u00e8cle, Tome II, manuscrits conserv\u00e9s, 4\u00e8me partie, sous la direction de Caroline Heid et Jean-Pierre Rotschild, Paris, CNRS Editions, 2024"}]},{"@type":"WebSite","@id":"http:\/\/www.semen-l.org\/#website","url":"http:\/\/www.semen-l.org\/","name":"Soci\u00e9t\u00e9 d'\u00c9tudes M\u00e9dio Et N\u00e9o-Latines","description":"","publisher":{"@id":"http:\/\/www.semen-l.org\/#organization"},"potentialAction":[{"@type":"SearchAction","target":{"@type":"EntryPoint","urlTemplate":"http:\/\/www.semen-l.org\/?s={search_term_string}"},"query-input":{"@type":"PropertyValueSpecification","valueRequired":true,"valueName":"search_term_string"}}],"inLanguage":"fr-FR"},{"@type":"Organization","@id":"http:\/\/www.semen-l.org\/#organization","name":"Soci\u00e9t\u00e9 d'\u00e9tudes m\u00e9dio et n\u00e9o-latines","url":"http:\/\/www.semen-l.org\/","logo":{"@type":"ImageObject","inLanguage":"fr-FR","@id":"http:\/\/www.semen-l.org\/#\/schema\/logo\/image\/","url":"http:\/\/www.semen-l.org\/wp-content\/uploads\/2020\/11\/logo-semenl.jpg","contentUrl":"http:\/\/www.semen-l.org\/wp-content\/uploads\/2020\/11\/logo-semenl.jpg","width":408,"height":403,"caption":"Soci\u00e9t\u00e9 d'\u00e9tudes m\u00e9dio et n\u00e9o-latines"},"image":{"@id":"http:\/\/www.semen-l.org\/#\/schema\/logo\/image\/"},"sameAs":["https:\/\/www.facebook.com\/SEMENL2018","https:\/\/independent.academia.edu\/SocitsdtudesmdioetnolatinesSEMENL"]},{"@type":"Person","@id":"http:\/\/www.semen-l.org\/#\/schema\/person\/ef5208815f17666727763c5363a51344","name":"Julien Maudoux","image":{"@type":"ImageObject","inLanguage":"fr-FR","@id":"https:\/\/secure.gravatar.com\/avatar\/caabf4fb6242e2277733cd35a5c2aa083761ea25dae1d1ff3298b54292225292?s=96&d=mm&r=g","url":"https:\/\/secure.gravatar.com\/avatar\/caabf4fb6242e2277733cd35a5c2aa083761ea25dae1d1ff3298b54292225292?s=96&d=mm&r=g","contentUrl":"https:\/\/secure.gravatar.com\/avatar\/caabf4fb6242e2277733cd35a5c2aa083761ea25dae1d1ff3298b54292225292?s=96&d=mm&r=g","caption":"Julien Maudoux"},"description":"Webmestre du site de la SEMEN-L","url":"http:\/\/www.semen-l.org\/?author=26"}]}},"jetpack_featured_media_url":"http:\/\/www.semen-l.org\/wp-content\/uploads\/2025\/01\/bib-clairvaux-cov-4.jpg","_links":{"self":[{"href":"http:\/\/www.semen-l.org\/index.php?rest_route=\/wp\/v2\/posts\/3705","targetHints":{"allow":["GET"]}}],"collection":[{"href":"http:\/\/www.semen-l.org\/index.php?rest_route=\/wp\/v2\/posts"}],"about":[{"href":"http:\/\/www.semen-l.org\/index.php?rest_route=\/wp\/v2\/types\/post"}],"author":[{"embeddable":true,"href":"http:\/\/www.semen-l.org\/index.php?rest_route=\/wp\/v2\/users\/26"}],"replies":[{"embeddable":true,"href":"http:\/\/www.semen-l.org\/index.php?rest_route=%2Fwp%2Fv2%2Fcomments&post=3705"}],"version-history":[{"count":0,"href":"http:\/\/www.semen-l.org\/index.php?rest_route=\/wp\/v2\/posts\/3705\/revisions"}],"wp:featuredmedia":[{"embeddable":true,"href":"http:\/\/www.semen-l.org\/index.php?rest_route=\/wp\/v2\/media\/3902"}],"wp:attachment":[{"href":"http:\/\/www.semen-l.org\/index.php?rest_route=%2Fwp%2Fv2%2Fmedia&parent=3705"}],"wp:term":[{"taxonomy":"category","embeddable":true,"href":"http:\/\/www.semen-l.org\/index.php?rest_route=%2Fwp%2Fv2%2Fcategories&post=3705"},{"taxonomy":"post_tag","embeddable":true,"href":"http:\/\/www.semen-l.org\/index.php?rest_route=%2Fwp%2Fv2%2Ftags&post=3705"}],"curies":[{"name":"wp","href":"https:\/\/api.w.org\/{rel}","templated":true}]}}