{"id":3570,"date":"2024-11-20T18:55:10","date_gmt":"2024-11-20T18:55:10","guid":{"rendered":"https:\/\/www.semen-l.org\/?p=3570"},"modified":"2024-11-20T18:55:10","modified_gmt":"2024-11-20T18:55:10","slug":"seminaire-receptions-de-lantiquite-nantes-universite","status":"publish","type":"post","link":"http:\/\/www.semen-l.org\/?p=3570","title":{"rendered":"S\u00e9minaire R\u00e9ceptions de l&rsquo;Antiquit\u00e9 &#8211; Nantes Universit\u00e9"},"content":{"rendered":"<p>Lien : https:\/\/classnantes.hypotheses.org\/10839<\/p>\n<a href=\"http:\/\/www.semen-l.org\/wp-content\/uploads\/2024\/11\/RECEPTIONS_ANTIQUITE_PROGRAMME_24_25.pdf\" class=\"pdfemb-viewer\" style=\"\" data-width=\"max\" data-height=\"max\" data-toolbar=\"both\" data-toolbar-fixed=\"off\">RECEPTIONS_ANTIQUITE_PROGRAMME_24_25<\/a>\n<p>Le D\u00e9partement de Lettres classiques et Sciences de l\u2019Antiquit\u00e9 de Nantes Universit\u00e9 inaugure, \u00e0 la rentr\u00e9e 2024, un cycle de conf\u00e9rences consacr\u00e9es aux r\u00e9ceptions de l\u2019Antiquit\u00e9.<\/p>\n<p>Le programme de cette premi\u00e8re ann\u00e9e se concentre, plus sp\u00e9cifiquement, sur la\u00a0<strong>transmission et la r\u00e9ception de l\u2019Antiquit\u00e9 aux XV<sup>e<\/sup>\u00a0et XVI<sup>e\u00a0<\/sup>si\u00e8cles (enjeux litt\u00e9raires, philologiques et esth\u00e9tiques)<\/strong>.<\/p>\n<p>Toutes les s\u00e9ances seront accessibles en distanciel.<br \/>\nOrganisation : D\u00e9borah Boijoux (Deborah.Boijoux <em>at <\/em>univ-nantes.fr)<\/p>\n<ul class=\"wp-block-list\">\n<li><strong><a href=\"https:\/\/classnantes.hypotheses.org\/10493\" target=\"_blank\" rel=\"noreferrer noopener\" data-type=\"link\" data-id=\"https:\/\/classnantes.hypotheses.org\/10493\">lundi 2 d\u00e9cembre (9h30-12h)<\/a>\u00a0<\/strong>:<br \/>\n-Sylvie Laigneau-Fontaine (U. Bourgogne) :\u00a0<strong>\u201cDes Muses et des G\u00e9ants en Bourgogne au XVIe si\u00e8cle : Jean Girard et Jacques Guijon\u201d<\/strong><br \/>\n-Anne Rolet (U. Rennes 2) :\u00a0<strong>\u201cL\u2019\u00c9gypte r\u00eav\u00e9e de la Renaissance\u201d<\/strong><\/li>\n<\/ul>\n<ul class=\"wp-block-list\">\n<li><strong>mardi 11 f\u00e9vrier (10h-12h)<\/strong>\u00a0:<br \/>\n-Virginie Leroux (EPHE) :\u00a0<strong>\u201cMythologies du sommeil dans l\u2019Antiquit\u00e9 et la Renaissance\u201d<\/strong><\/li>\n<\/ul>\n<p>&nbsp;<\/p>\n<ul class=\"wp-block-list\">\n<li><strong>jeudi 6 mars (14h-16h)<\/strong>\u00a0:<br \/>\n-Mathieu Ferrand (U. Grenoble Alpes) :\u00a0<strong>\u201cPublier la com\u00e9die n\u00e9o-latine, du manuscrit \u00e0 l\u2019\u00e9dition critique\u201d<\/strong><\/li>\n<\/ul>\n<p>&nbsp;<\/p>\n<ul class=\"wp-block-list\">\n<li><strong>mercredi 19 mars (14h-16h)<\/strong>\u00a0:<br \/>\n-Natalia Bercea Bocskai (U. Paris III) :\u00a0<strong>\u201cRelectures du mythe troyen chez H\u00e9lisenne de Crenne\u201d<\/strong><\/li>\n<\/ul>\n<p>&nbsp;<\/p>\n<ul class=\"wp-block-list\">\n<li><strong>lundi 5 mai<\/strong>\u00a0<strong>(9h30-12h)\u00a0<\/strong>:<br \/>\n-Malika Bastin-Hammou (U. Grenoble Alpes) :\u00a0<strong>\u201cPenser la traduction dramatique au XVIe s. : l\u2019apport des paratextes aux \u00e9ditions et traductions du th\u00e9\u00e2tre grec\u201d<\/strong><br \/>\n-Pascale Par\u00e9-Rey (U. Jean Moulin \u2013 Lyon 3) :\u00a0<strong>\u201cR\u00e9ception de la trag\u00e9die latine \u00e0 travers l\u2019histoire culturelle de ses \u00e9ditions\u201d<\/strong><\/li>\n<\/ul>\n","protected":false},"excerpt":{"rendered":"<p>Lien : https:\/\/classnantes.hypotheses.org\/10839 Le D\u00e9partement de Lettres classiques et Sciences de l\u2019Antiquit\u00e9 de Nantes Universit\u00e9 inaugure, \u00e0 la rentr\u00e9e 2024, un cycle de conf\u00e9rences consacr\u00e9es aux r\u00e9ceptions de l\u2019Antiquit\u00e9. Le programme de cette premi\u00e8re ann\u00e9e se concentre, plus sp\u00e9cifiquement, sur &hellip; <a href=\"http:\/\/www.semen-l.org\/?p=3570\">Continuer la lecture <span class=\"meta-nav\">&rarr;<\/span><\/a><\/p>\n","protected":false},"author":26,"featured_media":3572,"comment_status":"open","ping_status":"open","sticky":false,"template":"","format":"standard","meta":{"footnotes":""},"categories":[5],"tags":[1560,72,2176,270,147,2174,2175,1562,1187,2178,159,820,417,1496,249,242,1296,371,114,2177],"class_list":["post-3570","post","type-post","status-publish","format-standard","has-post-thumbnail","hentry","category-cours-et-seminaires","tag-bourgogne","tag-comedie","tag-crenne-helisenne-de","tag-edition","tag-egypte","tag-geant","tag-girard-jean","tag-guijon-jacques","tag-histoire","tag-histoire-culturelle","tag-manuscrit","tag-muse","tag-mythologie","tag-paratexte","tag-reve","tag-sommeil","tag-theatre","tag-traduction","tag-tragedie","tag-troie"],"yoast_head":"<!-- This site is optimized with the Yoast SEO plugin v27.5 - https:\/\/yoast.com\/product\/yoast-seo-wordpress\/ -->\n<title>S\u00e9minaire R\u00e9ceptions de l&#039;Antiquit\u00e9 - Nantes Universit\u00e9 - Soci\u00e9t\u00e9 d&#039;\u00c9tudes M\u00e9dio Et N\u00e9o-Latines<\/title>\n<meta name=\"robots\" content=\"index, follow, max-snippet:-1, max-image-preview:large, max-video-preview:-1\" \/>\n<link rel=\"canonical\" href=\"https:\/\/www.semen-l.org\/?p=3570\" \/>\n<meta property=\"og:locale\" content=\"fr_FR\" \/>\n<meta property=\"og:type\" content=\"article\" \/>\n<meta property=\"og:title\" content=\"S\u00e9minaire R\u00e9ceptions de l&#039;Antiquit\u00e9 - Nantes Universit\u00e9 - Soci\u00e9t\u00e9 d&#039;\u00c9tudes M\u00e9dio Et N\u00e9o-Latines\" \/>\n<meta property=\"og:description\" content=\"Lien : https:\/\/classnantes.hypotheses.org\/10839 Le D\u00e9partement de Lettres classiques et Sciences de l\u2019Antiquit\u00e9 de Nantes Universit\u00e9 inaugure, \u00e0 la rentr\u00e9e 2024, un cycle de conf\u00e9rences consacr\u00e9es aux r\u00e9ceptions de l\u2019Antiquit\u00e9. Le programme de cette premi\u00e8re ann\u00e9e se concentre, plus sp\u00e9cifiquement, sur &hellip; Continuer la lecture &rarr;\" \/>\n<meta property=\"og:url\" content=\"https:\/\/www.semen-l.org\/?p=3570\" \/>\n<meta property=\"og:site_name\" content=\"Soci\u00e9t\u00e9 d&#039;\u00c9tudes M\u00e9dio Et N\u00e9o-Latines\" \/>\n<meta property=\"article:publisher\" content=\"https:\/\/www.facebook.com\/SEMENL2018\" \/>\n<meta property=\"article:published_time\" content=\"2024-11-20T18:55:10+00:00\" \/>\n<meta property=\"og:image\" content=\"https:\/\/www.semen-l.org\/wp-content\/uploads\/2024\/11\/seminaire-nantes-receptant.jpg\" \/>\n\t<meta property=\"og:image:width\" content=\"1083\" \/>\n\t<meta property=\"og:image:height\" content=\"518\" \/>\n\t<meta property=\"og:image:type\" content=\"image\/jpeg\" \/>\n<meta name=\"author\" content=\"Julien Maudoux\" \/>\n<meta name=\"twitter:card\" content=\"summary_large_image\" \/>\n<meta name=\"twitter:label1\" content=\"\u00c9crit par\" \/>\n\t<meta name=\"twitter:data1\" content=\"Julien Maudoux\" \/>\n\t<meta name=\"twitter:label2\" content=\"Dur\u00e9e de lecture estim\u00e9e\" \/>\n\t<meta name=\"twitter:data2\" content=\"2 minutes\" \/>\n<script type=\"application\/ld+json\" class=\"yoast-schema-graph\">{\"@context\":\"https:\\\/\\\/schema.org\",\"@graph\":[{\"@type\":\"Article\",\"@id\":\"https:\\\/\\\/www.semen-l.org\\\/?p=3570#article\",\"isPartOf\":{\"@id\":\"https:\\\/\\\/www.semen-l.org\\\/?p=3570\"},\"author\":{\"name\":\"Julien Maudoux\",\"@id\":\"http:\\\/\\\/www.semen-l.org\\\/#\\\/schema\\\/person\\\/ef5208815f17666727763c5363a51344\"},\"headline\":\"S\u00e9minaire R\u00e9ceptions de l&rsquo;Antiquit\u00e9 &#8211; Nantes Universit\u00e9\",\"datePublished\":\"2024-11-20T18:55:10+00:00\",\"mainEntityOfPage\":{\"@id\":\"https:\\\/\\\/www.semen-l.org\\\/?p=3570\"},\"wordCount\":259,\"commentCount\":0,\"publisher\":{\"@id\":\"http:\\\/\\\/www.semen-l.org\\\/#organization\"},\"image\":{\"@id\":\"https:\\\/\\\/www.semen-l.org\\\/?p=3570#primaryimage\"},\"thumbnailUrl\":\"http:\\\/\\\/www.semen-l.org\\\/wp-content\\\/uploads\\\/2024\\\/11\\\/seminaire-nantes-receptant.jpg\",\"keywords\":[\"Bourgogne\",\"com\u00e9die\",\"Crenne (H\u00e9lisenne de)\",\"\u00e9dition\",\"\u00c9gypte\",\"g\u00e9ant\",\"Girard (Jean)\",\"Guijon (Jacques)\",\"histoire\",\"histoire culturelle\",\"manuscrit\",\"muse\",\"mythologie\",\"paratexte\",\"r\u00eave\",\"sommeil\",\"th\u00e9\u00e2tre\",\"traduction\",\"trag\u00e9die\",\"Troie\"],\"articleSection\":[\"Cours et s\u00e9minaires\"],\"inLanguage\":\"fr-FR\",\"potentialAction\":[{\"@type\":\"CommentAction\",\"name\":\"Comment\",\"target\":[\"https:\\\/\\\/www.semen-l.org\\\/?p=3570#respond\"]}]},{\"@type\":\"WebPage\",\"@id\":\"https:\\\/\\\/www.semen-l.org\\\/?p=3570\",\"url\":\"https:\\\/\\\/www.semen-l.org\\\/?p=3570\",\"name\":\"S\u00e9minaire R\u00e9ceptions de l'Antiquit\u00e9 - Nantes Universit\u00e9 - Soci\u00e9t\u00e9 d&#039;\u00c9tudes M\u00e9dio Et N\u00e9o-Latines\",\"isPartOf\":{\"@id\":\"http:\\\/\\\/www.semen-l.org\\\/#website\"},\"primaryImageOfPage\":{\"@id\":\"https:\\\/\\\/www.semen-l.org\\\/?p=3570#primaryimage\"},\"image\":{\"@id\":\"https:\\\/\\\/www.semen-l.org\\\/?p=3570#primaryimage\"},\"thumbnailUrl\":\"http:\\\/\\\/www.semen-l.org\\\/wp-content\\\/uploads\\\/2024\\\/11\\\/seminaire-nantes-receptant.jpg\",\"datePublished\":\"2024-11-20T18:55:10+00:00\",\"breadcrumb\":{\"@id\":\"https:\\\/\\\/www.semen-l.org\\\/?p=3570#breadcrumb\"},\"inLanguage\":\"fr-FR\",\"potentialAction\":[{\"@type\":\"ReadAction\",\"target\":[\"https:\\\/\\\/www.semen-l.org\\\/?p=3570\"]}]},{\"@type\":\"ImageObject\",\"inLanguage\":\"fr-FR\",\"@id\":\"https:\\\/\\\/www.semen-l.org\\\/?p=3570#primaryimage\",\"url\":\"http:\\\/\\\/www.semen-l.org\\\/wp-content\\\/uploads\\\/2024\\\/11\\\/seminaire-nantes-receptant.jpg\",\"contentUrl\":\"http:\\\/\\\/www.semen-l.org\\\/wp-content\\\/uploads\\\/2024\\\/11\\\/seminaire-nantes-receptant.jpg\",\"width\":1083,\"height\":518},{\"@type\":\"BreadcrumbList\",\"@id\":\"https:\\\/\\\/www.semen-l.org\\\/?p=3570#breadcrumb\",\"itemListElement\":[{\"@type\":\"ListItem\",\"position\":1,\"name\":\"Accueil\",\"item\":\"http:\\\/\\\/www.semen-l.org\\\/\"},{\"@type\":\"ListItem\",\"position\":2,\"name\":\"S\u00e9minaire R\u00e9ceptions de l&rsquo;Antiquit\u00e9 &#8211; Nantes Universit\u00e9\"}]},{\"@type\":\"WebSite\",\"@id\":\"http:\\\/\\\/www.semen-l.org\\\/#website\",\"url\":\"http:\\\/\\\/www.semen-l.org\\\/\",\"name\":\"Soci\u00e9t\u00e9 d'\u00c9tudes M\u00e9dio Et N\u00e9o-Latines\",\"description\":\"\",\"publisher\":{\"@id\":\"http:\\\/\\\/www.semen-l.org\\\/#organization\"},\"potentialAction\":[{\"@type\":\"SearchAction\",\"target\":{\"@type\":\"EntryPoint\",\"urlTemplate\":\"http:\\\/\\\/www.semen-l.org\\\/?s={search_term_string}\"},\"query-input\":{\"@type\":\"PropertyValueSpecification\",\"valueRequired\":true,\"valueName\":\"search_term_string\"}}],\"inLanguage\":\"fr-FR\"},{\"@type\":\"Organization\",\"@id\":\"http:\\\/\\\/www.semen-l.org\\\/#organization\",\"name\":\"Soci\u00e9t\u00e9 d'\u00e9tudes m\u00e9dio et n\u00e9o-latines\",\"url\":\"http:\\\/\\\/www.semen-l.org\\\/\",\"logo\":{\"@type\":\"ImageObject\",\"inLanguage\":\"fr-FR\",\"@id\":\"http:\\\/\\\/www.semen-l.org\\\/#\\\/schema\\\/logo\\\/image\\\/\",\"url\":\"http:\\\/\\\/www.semen-l.org\\\/wp-content\\\/uploads\\\/2020\\\/11\\\/logo-semenl.jpg\",\"contentUrl\":\"http:\\\/\\\/www.semen-l.org\\\/wp-content\\\/uploads\\\/2020\\\/11\\\/logo-semenl.jpg\",\"width\":408,\"height\":403,\"caption\":\"Soci\u00e9t\u00e9 d'\u00e9tudes m\u00e9dio et n\u00e9o-latines\"},\"image\":{\"@id\":\"http:\\\/\\\/www.semen-l.org\\\/#\\\/schema\\\/logo\\\/image\\\/\"},\"sameAs\":[\"https:\\\/\\\/www.facebook.com\\\/SEMENL2018\",\"https:\\\/\\\/independent.academia.edu\\\/SocitsdtudesmdioetnolatinesSEMENL\"]},{\"@type\":\"Person\",\"@id\":\"http:\\\/\\\/www.semen-l.org\\\/#\\\/schema\\\/person\\\/ef5208815f17666727763c5363a51344\",\"name\":\"Julien Maudoux\",\"image\":{\"@type\":\"ImageObject\",\"inLanguage\":\"fr-FR\",\"@id\":\"https:\\\/\\\/secure.gravatar.com\\\/avatar\\\/caabf4fb6242e2277733cd35a5c2aa083761ea25dae1d1ff3298b54292225292?s=96&d=mm&r=g\",\"url\":\"https:\\\/\\\/secure.gravatar.com\\\/avatar\\\/caabf4fb6242e2277733cd35a5c2aa083761ea25dae1d1ff3298b54292225292?s=96&d=mm&r=g\",\"contentUrl\":\"https:\\\/\\\/secure.gravatar.com\\\/avatar\\\/caabf4fb6242e2277733cd35a5c2aa083761ea25dae1d1ff3298b54292225292?s=96&d=mm&r=g\",\"caption\":\"Julien Maudoux\"},\"description\":\"Webmestre du site de la SEMEN-L\",\"url\":\"http:\\\/\\\/www.semen-l.org\\\/?author=26\"}]}<\/script>\n<!-- \/ Yoast SEO plugin. -->","yoast_head_json":{"title":"S\u00e9minaire R\u00e9ceptions de l'Antiquit\u00e9 - Nantes Universit\u00e9 - Soci\u00e9t\u00e9 d&#039;\u00c9tudes M\u00e9dio Et N\u00e9o-Latines","robots":{"index":"index","follow":"follow","max-snippet":"max-snippet:-1","max-image-preview":"max-image-preview:large","max-video-preview":"max-video-preview:-1"},"canonical":"https:\/\/www.semen-l.org\/?p=3570","og_locale":"fr_FR","og_type":"article","og_title":"S\u00e9minaire R\u00e9ceptions de l'Antiquit\u00e9 - Nantes Universit\u00e9 - Soci\u00e9t\u00e9 d&#039;\u00c9tudes M\u00e9dio Et N\u00e9o-Latines","og_description":"Lien : https:\/\/classnantes.hypotheses.org\/10839 Le D\u00e9partement de Lettres classiques et Sciences de l\u2019Antiquit\u00e9 de Nantes Universit\u00e9 inaugure, \u00e0 la rentr\u00e9e 2024, un cycle de conf\u00e9rences consacr\u00e9es aux r\u00e9ceptions de l\u2019Antiquit\u00e9. Le programme de cette premi\u00e8re ann\u00e9e se concentre, plus sp\u00e9cifiquement, sur &hellip; Continuer la lecture &rarr;","og_url":"https:\/\/www.semen-l.org\/?p=3570","og_site_name":"Soci\u00e9t\u00e9 d&#039;\u00c9tudes M\u00e9dio Et N\u00e9o-Latines","article_publisher":"https:\/\/www.facebook.com\/SEMENL2018","article_published_time":"2024-11-20T18:55:10+00:00","og_image":[{"width":1083,"height":518,"url":"https:\/\/www.semen-l.org\/wp-content\/uploads\/2024\/11\/seminaire-nantes-receptant.jpg","type":"image\/jpeg"}],"author":"Julien Maudoux","twitter_card":"summary_large_image","twitter_misc":{"\u00c9crit par":"Julien Maudoux","Dur\u00e9e de lecture estim\u00e9e":"2 minutes"},"schema":{"@context":"https:\/\/schema.org","@graph":[{"@type":"Article","@id":"https:\/\/www.semen-l.org\/?p=3570#article","isPartOf":{"@id":"https:\/\/www.semen-l.org\/?p=3570"},"author":{"name":"Julien Maudoux","@id":"http:\/\/www.semen-l.org\/#\/schema\/person\/ef5208815f17666727763c5363a51344"},"headline":"S\u00e9minaire R\u00e9ceptions de l&rsquo;Antiquit\u00e9 &#8211; Nantes Universit\u00e9","datePublished":"2024-11-20T18:55:10+00:00","mainEntityOfPage":{"@id":"https:\/\/www.semen-l.org\/?p=3570"},"wordCount":259,"commentCount":0,"publisher":{"@id":"http:\/\/www.semen-l.org\/#organization"},"image":{"@id":"https:\/\/www.semen-l.org\/?p=3570#primaryimage"},"thumbnailUrl":"http:\/\/www.semen-l.org\/wp-content\/uploads\/2024\/11\/seminaire-nantes-receptant.jpg","keywords":["Bourgogne","com\u00e9die","Crenne (H\u00e9lisenne de)","\u00e9dition","\u00c9gypte","g\u00e9ant","Girard (Jean)","Guijon (Jacques)","histoire","histoire culturelle","manuscrit","muse","mythologie","paratexte","r\u00eave","sommeil","th\u00e9\u00e2tre","traduction","trag\u00e9die","Troie"],"articleSection":["Cours et s\u00e9minaires"],"inLanguage":"fr-FR","potentialAction":[{"@type":"CommentAction","name":"Comment","target":["https:\/\/www.semen-l.org\/?p=3570#respond"]}]},{"@type":"WebPage","@id":"https:\/\/www.semen-l.org\/?p=3570","url":"https:\/\/www.semen-l.org\/?p=3570","name":"S\u00e9minaire R\u00e9ceptions de l'Antiquit\u00e9 - Nantes Universit\u00e9 - Soci\u00e9t\u00e9 d&#039;\u00c9tudes M\u00e9dio Et N\u00e9o-Latines","isPartOf":{"@id":"http:\/\/www.semen-l.org\/#website"},"primaryImageOfPage":{"@id":"https:\/\/www.semen-l.org\/?p=3570#primaryimage"},"image":{"@id":"https:\/\/www.semen-l.org\/?p=3570#primaryimage"},"thumbnailUrl":"http:\/\/www.semen-l.org\/wp-content\/uploads\/2024\/11\/seminaire-nantes-receptant.jpg","datePublished":"2024-11-20T18:55:10+00:00","breadcrumb":{"@id":"https:\/\/www.semen-l.org\/?p=3570#breadcrumb"},"inLanguage":"fr-FR","potentialAction":[{"@type":"ReadAction","target":["https:\/\/www.semen-l.org\/?p=3570"]}]},{"@type":"ImageObject","inLanguage":"fr-FR","@id":"https:\/\/www.semen-l.org\/?p=3570#primaryimage","url":"http:\/\/www.semen-l.org\/wp-content\/uploads\/2024\/11\/seminaire-nantes-receptant.jpg","contentUrl":"http:\/\/www.semen-l.org\/wp-content\/uploads\/2024\/11\/seminaire-nantes-receptant.jpg","width":1083,"height":518},{"@type":"BreadcrumbList","@id":"https:\/\/www.semen-l.org\/?p=3570#breadcrumb","itemListElement":[{"@type":"ListItem","position":1,"name":"Accueil","item":"http:\/\/www.semen-l.org\/"},{"@type":"ListItem","position":2,"name":"S\u00e9minaire R\u00e9ceptions de l&rsquo;Antiquit\u00e9 &#8211; Nantes Universit\u00e9"}]},{"@type":"WebSite","@id":"http:\/\/www.semen-l.org\/#website","url":"http:\/\/www.semen-l.org\/","name":"Soci\u00e9t\u00e9 d'\u00c9tudes M\u00e9dio Et N\u00e9o-Latines","description":"","publisher":{"@id":"http:\/\/www.semen-l.org\/#organization"},"potentialAction":[{"@type":"SearchAction","target":{"@type":"EntryPoint","urlTemplate":"http:\/\/www.semen-l.org\/?s={search_term_string}"},"query-input":{"@type":"PropertyValueSpecification","valueRequired":true,"valueName":"search_term_string"}}],"inLanguage":"fr-FR"},{"@type":"Organization","@id":"http:\/\/www.semen-l.org\/#organization","name":"Soci\u00e9t\u00e9 d'\u00e9tudes m\u00e9dio et n\u00e9o-latines","url":"http:\/\/www.semen-l.org\/","logo":{"@type":"ImageObject","inLanguage":"fr-FR","@id":"http:\/\/www.semen-l.org\/#\/schema\/logo\/image\/","url":"http:\/\/www.semen-l.org\/wp-content\/uploads\/2020\/11\/logo-semenl.jpg","contentUrl":"http:\/\/www.semen-l.org\/wp-content\/uploads\/2020\/11\/logo-semenl.jpg","width":408,"height":403,"caption":"Soci\u00e9t\u00e9 d'\u00e9tudes m\u00e9dio et n\u00e9o-latines"},"image":{"@id":"http:\/\/www.semen-l.org\/#\/schema\/logo\/image\/"},"sameAs":["https:\/\/www.facebook.com\/SEMENL2018","https:\/\/independent.academia.edu\/SocitsdtudesmdioetnolatinesSEMENL"]},{"@type":"Person","@id":"http:\/\/www.semen-l.org\/#\/schema\/person\/ef5208815f17666727763c5363a51344","name":"Julien Maudoux","image":{"@type":"ImageObject","inLanguage":"fr-FR","@id":"https:\/\/secure.gravatar.com\/avatar\/caabf4fb6242e2277733cd35a5c2aa083761ea25dae1d1ff3298b54292225292?s=96&d=mm&r=g","url":"https:\/\/secure.gravatar.com\/avatar\/caabf4fb6242e2277733cd35a5c2aa083761ea25dae1d1ff3298b54292225292?s=96&d=mm&r=g","contentUrl":"https:\/\/secure.gravatar.com\/avatar\/caabf4fb6242e2277733cd35a5c2aa083761ea25dae1d1ff3298b54292225292?s=96&d=mm&r=g","caption":"Julien Maudoux"},"description":"Webmestre du site de la SEMEN-L","url":"http:\/\/www.semen-l.org\/?author=26"}]}},"jetpack_featured_media_url":"http:\/\/www.semen-l.org\/wp-content\/uploads\/2024\/11\/seminaire-nantes-receptant.jpg","_links":{"self":[{"href":"http:\/\/www.semen-l.org\/index.php?rest_route=\/wp\/v2\/posts\/3570","targetHints":{"allow":["GET"]}}],"collection":[{"href":"http:\/\/www.semen-l.org\/index.php?rest_route=\/wp\/v2\/posts"}],"about":[{"href":"http:\/\/www.semen-l.org\/index.php?rest_route=\/wp\/v2\/types\/post"}],"author":[{"embeddable":true,"href":"http:\/\/www.semen-l.org\/index.php?rest_route=\/wp\/v2\/users\/26"}],"replies":[{"embeddable":true,"href":"http:\/\/www.semen-l.org\/index.php?rest_route=%2Fwp%2Fv2%2Fcomments&post=3570"}],"version-history":[{"count":0,"href":"http:\/\/www.semen-l.org\/index.php?rest_route=\/wp\/v2\/posts\/3570\/revisions"}],"wp:featuredmedia":[{"embeddable":true,"href":"http:\/\/www.semen-l.org\/index.php?rest_route=\/wp\/v2\/media\/3572"}],"wp:attachment":[{"href":"http:\/\/www.semen-l.org\/index.php?rest_route=%2Fwp%2Fv2%2Fmedia&parent=3570"}],"wp:term":[{"taxonomy":"category","embeddable":true,"href":"http:\/\/www.semen-l.org\/index.php?rest_route=%2Fwp%2Fv2%2Fcategories&post=3570"},{"taxonomy":"post_tag","embeddable":true,"href":"http:\/\/www.semen-l.org\/index.php?rest_route=%2Fwp%2Fv2%2Ftags&post=3570"}],"curies":[{"name":"wp","href":"https:\/\/api.w.org\/{rel}","templated":true}]}}