{"id":3390,"date":"2015-10-22T18:41:23","date_gmt":"2015-10-22T18:41:23","guid":{"rendered":"https:\/\/www.semen-l.org\/?p=3390"},"modified":"2024-02-22T18:44:30","modified_gmt":"2024-02-22T18:44:30","slug":"pierre-laurens-histoire-critique-de-la-litterature-latine-paris-les-belles-lettres-2014","status":"publish","type":"post","link":"http:\/\/www.semen-l.org\/?p=3390","title":{"rendered":"Pierre Laurens, Histoire critique de la litt\u00e9rature latine, Paris, Les Belles Lettres, 2014"},"content":{"rendered":"<p><strong>Pierre Laurens, <em>Histoire critique de la litt\u00e9rature latine<\/em>, Paris, Les Belles Lettres, 2014, 652 pages.<a href=\"https:\/\/www.lesbelleslettres.com\/livre\/9782251444819\/histoire-critique-de-la-litterature-latine\"><img fetchpriority=\"high\" decoding=\"async\" class=\"alignright size-medium wp-image-3391\" src=\"http:\/\/www.semen-l.org\/wp-content\/uploads\/2024\/02\/hcll-pl-couv-195x300.jpg\" alt=\"\" width=\"195\" height=\"300\" srcset=\"http:\/\/www.semen-l.org\/wp-content\/uploads\/2024\/02\/hcll-pl-couv-195x300.jpg 195w, http:\/\/www.semen-l.org\/wp-content\/uploads\/2024\/02\/hcll-pl-couv-130x200.jpg 130w, http:\/\/www.semen-l.org\/wp-content\/uploads\/2024\/02\/hcll-pl-couv.jpg 252w\" sizes=\"(max-width: 195px) 100vw, 195px\" \/><\/a><\/strong><\/p>\n<p>L\u2019histoire critique qu\u2019offre Pierre Laurens est un ouvrage de r\u00e9f\u00e9rence qui inscrit enfin la litt\u00e9rature latine dans une perspective diachronique en montrant, outre la vari\u00e9t\u00e9 et la richesse de la litt\u00e9rature de l\u2019Antiquit\u00e9, sa post\u00e9rit\u00e9 et la multiplicit\u00e9 de ses destins, bien au-del\u00e0 des fronti\u00e8res chronologiques habituelles dans lesquelles sont habituellement enclos les grands textes de la latinit\u00e9. Ainsi, \u00e0 c\u00f4t\u00e9 des grandes figures de la litt\u00e9rature romaine que sont, entre autres, Cic\u00e9ron, Virgile ou Ovide, rencontre-t-on aussi celles des humanistes et des \u00e9crivains, de P\u00e9trarque \u00e0 Huysmans, en passant par Politien, Montaigne ou encore Juste Lipse, qui ont conquis et construit le vaste territoire litt\u00e9raire et culturel de la latinit\u00e9.<\/p>\n<p>Cette recension a \u00e9t\u00e9 publi\u00e9e dans le<a href=\"https:\/\/www.semen-l.org\/?p=317\"> Bulletin de liaison n\u00b013 (2015) de la SEMEN-L<\/a> (p. 14-15).<\/p>\n","protected":false},"excerpt":{"rendered":"<p>Pierre Laurens, Histoire critique de la litt\u00e9rature latine, Paris, Les Belles Lettres, 2014, 652 pages. L\u2019histoire critique qu\u2019offre Pierre Laurens est un ouvrage de r\u00e9f\u00e9rence qui inscrit enfin la litt\u00e9rature latine dans une perspective diachronique en montrant, outre la vari\u00e9t\u00e9 &hellip; <a href=\"http:\/\/www.semen-l.org\/?p=3390\">Continuer la lecture <span class=\"meta-nav\">&rarr;<\/span><\/a><\/p>\n","protected":false},"author":26,"featured_media":3391,"comment_status":"open","ping_status":"open","sticky":false,"template":"","format":"standard","meta":{"footnotes":""},"categories":[1825],"tags":[83,1420,643,1334,70,16,30,54],"class_list":["post-3390","post","type-post","status-publish","format-standard","has-post-thumbnail","hentry","category-recensions","tag-ciceron","tag-histoire-des-textes","tag-lipse-juste","tag-montaigne-michel-de","tag-ovide","tag-petrarque","tag-ange-politien","tag-virgile"],"yoast_head":"<!-- This site is optimized with the Yoast SEO plugin v27.5 - https:\/\/yoast.com\/product\/yoast-seo-wordpress\/ -->\n<title>Pierre Laurens, Histoire critique de la litt\u00e9rature latine - recension<\/title>\n<meta name=\"description\" content=\"Recension de Pierre Laurens, Histoire critique de la litt\u00e9rature latine, Paris, Les Belles Lettres, 2014 - par la SEMEN-L.\" \/>\n<meta name=\"robots\" content=\"index, follow, max-snippet:-1, max-image-preview:large, max-video-preview:-1\" \/>\n<link rel=\"canonical\" href=\"http:\/\/www.semen-l.org\/?p=3390\" \/>\n<meta property=\"og:locale\" content=\"fr_FR\" \/>\n<meta property=\"og:type\" content=\"article\" \/>\n<meta property=\"og:title\" content=\"Pierre Laurens, Histoire critique de la litt\u00e9rature latine - recension\" \/>\n<meta property=\"og:description\" content=\"Recension de Pierre Laurens, Histoire critique de la litt\u00e9rature latine, Paris, Les Belles Lettres, 2014 - par la SEMEN-L.\" \/>\n<meta property=\"og:url\" content=\"http:\/\/www.semen-l.org\/?p=3390\" \/>\n<meta property=\"og:site_name\" content=\"Soci\u00e9t\u00e9 d&#039;\u00c9tudes M\u00e9dio Et N\u00e9o-Latines\" \/>\n<meta property=\"article:publisher\" content=\"https:\/\/www.facebook.com\/SEMENL2018\" \/>\n<meta property=\"article:published_time\" content=\"2015-10-22T18:41:23+00:00\" \/>\n<meta property=\"article:modified_time\" content=\"2024-02-22T18:44:30+00:00\" \/>\n<meta property=\"og:image\" content=\"http:\/\/www.semen-l.org\/wp-content\/uploads\/2024\/02\/hcll-pl-couv.jpg\" \/>\n\t<meta property=\"og:image:width\" content=\"252\" \/>\n\t<meta property=\"og:image:height\" content=\"387\" \/>\n\t<meta property=\"og:image:type\" content=\"image\/jpeg\" \/>\n<meta name=\"author\" content=\"Julien Maudoux\" \/>\n<meta name=\"twitter:card\" content=\"summary_large_image\" \/>\n<meta name=\"twitter:label1\" content=\"\u00c9crit par\" \/>\n\t<meta name=\"twitter:data1\" content=\"Julien Maudoux\" \/>\n\t<meta name=\"twitter:label2\" content=\"Dur\u00e9e de lecture estim\u00e9e\" \/>\n\t<meta name=\"twitter:data2\" content=\"2 minutes\" \/>\n<script type=\"application\/ld+json\" class=\"yoast-schema-graph\">{\"@context\":\"https:\\\/\\\/schema.org\",\"@graph\":[{\"@type\":\"Article\",\"@id\":\"http:\\\/\\\/www.semen-l.org\\\/?p=3390#article\",\"isPartOf\":{\"@id\":\"http:\\\/\\\/www.semen-l.org\\\/?p=3390\"},\"author\":{\"name\":\"Julien Maudoux\",\"@id\":\"http:\\\/\\\/www.semen-l.org\\\/#\\\/schema\\\/person\\\/ef5208815f17666727763c5363a51344\"},\"headline\":\"Pierre Laurens, Histoire critique de la litt\u00e9rature latine, Paris, Les Belles Lettres, 2014\",\"datePublished\":\"2015-10-22T18:41:23+00:00\",\"dateModified\":\"2024-02-22T18:44:30+00:00\",\"mainEntityOfPage\":{\"@id\":\"http:\\\/\\\/www.semen-l.org\\\/?p=3390\"},\"wordCount\":168,\"commentCount\":0,\"publisher\":{\"@id\":\"http:\\\/\\\/www.semen-l.org\\\/#organization\"},\"image\":{\"@id\":\"http:\\\/\\\/www.semen-l.org\\\/?p=3390#primaryimage\"},\"thumbnailUrl\":\"http:\\\/\\\/www.semen-l.org\\\/wp-content\\\/uploads\\\/2024\\\/02\\\/hcll-pl-couv.jpg\",\"keywords\":[\"Cic\u00e9ron\",\"histoire des textes\",\"Lipse (Juste)\",\"Montaigne (Michel de)\",\"Ovide\",\"P\u00e9trarque\",\"Politien (Ange)\",\"Virgile\"],\"articleSection\":[\"Recensions\"],\"inLanguage\":\"fr-FR\",\"potentialAction\":[{\"@type\":\"CommentAction\",\"name\":\"Comment\",\"target\":[\"http:\\\/\\\/www.semen-l.org\\\/?p=3390#respond\"]}]},{\"@type\":\"WebPage\",\"@id\":\"http:\\\/\\\/www.semen-l.org\\\/?p=3390\",\"url\":\"http:\\\/\\\/www.semen-l.org\\\/?p=3390\",\"name\":\"Pierre Laurens, Histoire critique de la litt\u00e9rature latine - recension\",\"isPartOf\":{\"@id\":\"http:\\\/\\\/www.semen-l.org\\\/#website\"},\"primaryImageOfPage\":{\"@id\":\"http:\\\/\\\/www.semen-l.org\\\/?p=3390#primaryimage\"},\"image\":{\"@id\":\"http:\\\/\\\/www.semen-l.org\\\/?p=3390#primaryimage\"},\"thumbnailUrl\":\"http:\\\/\\\/www.semen-l.org\\\/wp-content\\\/uploads\\\/2024\\\/02\\\/hcll-pl-couv.jpg\",\"datePublished\":\"2015-10-22T18:41:23+00:00\",\"dateModified\":\"2024-02-22T18:44:30+00:00\",\"description\":\"Recension de Pierre Laurens, Histoire critique de la litt\u00e9rature latine, Paris, Les Belles Lettres, 2014 - par la SEMEN-L.\",\"breadcrumb\":{\"@id\":\"http:\\\/\\\/www.semen-l.org\\\/?p=3390#breadcrumb\"},\"inLanguage\":\"fr-FR\",\"potentialAction\":[{\"@type\":\"ReadAction\",\"target\":[\"http:\\\/\\\/www.semen-l.org\\\/?p=3390\"]}]},{\"@type\":\"ImageObject\",\"inLanguage\":\"fr-FR\",\"@id\":\"http:\\\/\\\/www.semen-l.org\\\/?p=3390#primaryimage\",\"url\":\"http:\\\/\\\/www.semen-l.org\\\/wp-content\\\/uploads\\\/2024\\\/02\\\/hcll-pl-couv.jpg\",\"contentUrl\":\"http:\\\/\\\/www.semen-l.org\\\/wp-content\\\/uploads\\\/2024\\\/02\\\/hcll-pl-couv.jpg\",\"width\":252,\"height\":387},{\"@type\":\"BreadcrumbList\",\"@id\":\"http:\\\/\\\/www.semen-l.org\\\/?p=3390#breadcrumb\",\"itemListElement\":[{\"@type\":\"ListItem\",\"position\":1,\"name\":\"Accueil\",\"item\":\"http:\\\/\\\/www.semen-l.org\\\/\"},{\"@type\":\"ListItem\",\"position\":2,\"name\":\"Pierre Laurens, Histoire critique de la litt\u00e9rature latine, Paris, Les Belles Lettres, 2014\"}]},{\"@type\":\"WebSite\",\"@id\":\"http:\\\/\\\/www.semen-l.org\\\/#website\",\"url\":\"http:\\\/\\\/www.semen-l.org\\\/\",\"name\":\"Soci\u00e9t\u00e9 d'\u00c9tudes M\u00e9dio Et N\u00e9o-Latines\",\"description\":\"\",\"publisher\":{\"@id\":\"http:\\\/\\\/www.semen-l.org\\\/#organization\"},\"potentialAction\":[{\"@type\":\"SearchAction\",\"target\":{\"@type\":\"EntryPoint\",\"urlTemplate\":\"http:\\\/\\\/www.semen-l.org\\\/?s={search_term_string}\"},\"query-input\":{\"@type\":\"PropertyValueSpecification\",\"valueRequired\":true,\"valueName\":\"search_term_string\"}}],\"inLanguage\":\"fr-FR\"},{\"@type\":\"Organization\",\"@id\":\"http:\\\/\\\/www.semen-l.org\\\/#organization\",\"name\":\"Soci\u00e9t\u00e9 d'\u00e9tudes m\u00e9dio et n\u00e9o-latines\",\"url\":\"http:\\\/\\\/www.semen-l.org\\\/\",\"logo\":{\"@type\":\"ImageObject\",\"inLanguage\":\"fr-FR\",\"@id\":\"http:\\\/\\\/www.semen-l.org\\\/#\\\/schema\\\/logo\\\/image\\\/\",\"url\":\"http:\\\/\\\/www.semen-l.org\\\/wp-content\\\/uploads\\\/2020\\\/11\\\/logo-semenl.jpg\",\"contentUrl\":\"http:\\\/\\\/www.semen-l.org\\\/wp-content\\\/uploads\\\/2020\\\/11\\\/logo-semenl.jpg\",\"width\":408,\"height\":403,\"caption\":\"Soci\u00e9t\u00e9 d'\u00e9tudes m\u00e9dio et n\u00e9o-latines\"},\"image\":{\"@id\":\"http:\\\/\\\/www.semen-l.org\\\/#\\\/schema\\\/logo\\\/image\\\/\"},\"sameAs\":[\"https:\\\/\\\/www.facebook.com\\\/SEMENL2018\",\"https:\\\/\\\/independent.academia.edu\\\/SocitsdtudesmdioetnolatinesSEMENL\"]},{\"@type\":\"Person\",\"@id\":\"http:\\\/\\\/www.semen-l.org\\\/#\\\/schema\\\/person\\\/ef5208815f17666727763c5363a51344\",\"name\":\"Julien Maudoux\",\"image\":{\"@type\":\"ImageObject\",\"inLanguage\":\"fr-FR\",\"@id\":\"https:\\\/\\\/secure.gravatar.com\\\/avatar\\\/caabf4fb6242e2277733cd35a5c2aa083761ea25dae1d1ff3298b54292225292?s=96&d=mm&r=g\",\"url\":\"https:\\\/\\\/secure.gravatar.com\\\/avatar\\\/caabf4fb6242e2277733cd35a5c2aa083761ea25dae1d1ff3298b54292225292?s=96&d=mm&r=g\",\"contentUrl\":\"https:\\\/\\\/secure.gravatar.com\\\/avatar\\\/caabf4fb6242e2277733cd35a5c2aa083761ea25dae1d1ff3298b54292225292?s=96&d=mm&r=g\",\"caption\":\"Julien Maudoux\"},\"description\":\"Webmestre du site de la SEMEN-L\",\"url\":\"http:\\\/\\\/www.semen-l.org\\\/?author=26\"}]}<\/script>\n<!-- \/ Yoast SEO plugin. -->","yoast_head_json":{"title":"Pierre Laurens, Histoire critique de la litt\u00e9rature latine - recension","description":"Recension de Pierre Laurens, Histoire critique de la litt\u00e9rature latine, Paris, Les Belles Lettres, 2014 - par la SEMEN-L.","robots":{"index":"index","follow":"follow","max-snippet":"max-snippet:-1","max-image-preview":"max-image-preview:large","max-video-preview":"max-video-preview:-1"},"canonical":"http:\/\/www.semen-l.org\/?p=3390","og_locale":"fr_FR","og_type":"article","og_title":"Pierre Laurens, Histoire critique de la litt\u00e9rature latine - recension","og_description":"Recension de Pierre Laurens, Histoire critique de la litt\u00e9rature latine, Paris, Les Belles Lettres, 2014 - par la SEMEN-L.","og_url":"http:\/\/www.semen-l.org\/?p=3390","og_site_name":"Soci\u00e9t\u00e9 d&#039;\u00c9tudes M\u00e9dio Et N\u00e9o-Latines","article_publisher":"https:\/\/www.facebook.com\/SEMENL2018","article_published_time":"2015-10-22T18:41:23+00:00","article_modified_time":"2024-02-22T18:44:30+00:00","og_image":[{"width":252,"height":387,"url":"http:\/\/www.semen-l.org\/wp-content\/uploads\/2024\/02\/hcll-pl-couv.jpg","type":"image\/jpeg"}],"author":"Julien Maudoux","twitter_card":"summary_large_image","twitter_misc":{"\u00c9crit par":"Julien Maudoux","Dur\u00e9e de lecture estim\u00e9e":"2 minutes"},"schema":{"@context":"https:\/\/schema.org","@graph":[{"@type":"Article","@id":"http:\/\/www.semen-l.org\/?p=3390#article","isPartOf":{"@id":"http:\/\/www.semen-l.org\/?p=3390"},"author":{"name":"Julien Maudoux","@id":"http:\/\/www.semen-l.org\/#\/schema\/person\/ef5208815f17666727763c5363a51344"},"headline":"Pierre Laurens, Histoire critique de la litt\u00e9rature latine, Paris, Les Belles Lettres, 2014","datePublished":"2015-10-22T18:41:23+00:00","dateModified":"2024-02-22T18:44:30+00:00","mainEntityOfPage":{"@id":"http:\/\/www.semen-l.org\/?p=3390"},"wordCount":168,"commentCount":0,"publisher":{"@id":"http:\/\/www.semen-l.org\/#organization"},"image":{"@id":"http:\/\/www.semen-l.org\/?p=3390#primaryimage"},"thumbnailUrl":"http:\/\/www.semen-l.org\/wp-content\/uploads\/2024\/02\/hcll-pl-couv.jpg","keywords":["Cic\u00e9ron","histoire des textes","Lipse (Juste)","Montaigne (Michel de)","Ovide","P\u00e9trarque","Politien (Ange)","Virgile"],"articleSection":["Recensions"],"inLanguage":"fr-FR","potentialAction":[{"@type":"CommentAction","name":"Comment","target":["http:\/\/www.semen-l.org\/?p=3390#respond"]}]},{"@type":"WebPage","@id":"http:\/\/www.semen-l.org\/?p=3390","url":"http:\/\/www.semen-l.org\/?p=3390","name":"Pierre Laurens, Histoire critique de la litt\u00e9rature latine - recension","isPartOf":{"@id":"http:\/\/www.semen-l.org\/#website"},"primaryImageOfPage":{"@id":"http:\/\/www.semen-l.org\/?p=3390#primaryimage"},"image":{"@id":"http:\/\/www.semen-l.org\/?p=3390#primaryimage"},"thumbnailUrl":"http:\/\/www.semen-l.org\/wp-content\/uploads\/2024\/02\/hcll-pl-couv.jpg","datePublished":"2015-10-22T18:41:23+00:00","dateModified":"2024-02-22T18:44:30+00:00","description":"Recension de Pierre Laurens, Histoire critique de la litt\u00e9rature latine, Paris, Les Belles Lettres, 2014 - par la SEMEN-L.","breadcrumb":{"@id":"http:\/\/www.semen-l.org\/?p=3390#breadcrumb"},"inLanguage":"fr-FR","potentialAction":[{"@type":"ReadAction","target":["http:\/\/www.semen-l.org\/?p=3390"]}]},{"@type":"ImageObject","inLanguage":"fr-FR","@id":"http:\/\/www.semen-l.org\/?p=3390#primaryimage","url":"http:\/\/www.semen-l.org\/wp-content\/uploads\/2024\/02\/hcll-pl-couv.jpg","contentUrl":"http:\/\/www.semen-l.org\/wp-content\/uploads\/2024\/02\/hcll-pl-couv.jpg","width":252,"height":387},{"@type":"BreadcrumbList","@id":"http:\/\/www.semen-l.org\/?p=3390#breadcrumb","itemListElement":[{"@type":"ListItem","position":1,"name":"Accueil","item":"http:\/\/www.semen-l.org\/"},{"@type":"ListItem","position":2,"name":"Pierre Laurens, Histoire critique de la litt\u00e9rature latine, Paris, Les Belles Lettres, 2014"}]},{"@type":"WebSite","@id":"http:\/\/www.semen-l.org\/#website","url":"http:\/\/www.semen-l.org\/","name":"Soci\u00e9t\u00e9 d'\u00c9tudes M\u00e9dio Et N\u00e9o-Latines","description":"","publisher":{"@id":"http:\/\/www.semen-l.org\/#organization"},"potentialAction":[{"@type":"SearchAction","target":{"@type":"EntryPoint","urlTemplate":"http:\/\/www.semen-l.org\/?s={search_term_string}"},"query-input":{"@type":"PropertyValueSpecification","valueRequired":true,"valueName":"search_term_string"}}],"inLanguage":"fr-FR"},{"@type":"Organization","@id":"http:\/\/www.semen-l.org\/#organization","name":"Soci\u00e9t\u00e9 d'\u00e9tudes m\u00e9dio et n\u00e9o-latines","url":"http:\/\/www.semen-l.org\/","logo":{"@type":"ImageObject","inLanguage":"fr-FR","@id":"http:\/\/www.semen-l.org\/#\/schema\/logo\/image\/","url":"http:\/\/www.semen-l.org\/wp-content\/uploads\/2020\/11\/logo-semenl.jpg","contentUrl":"http:\/\/www.semen-l.org\/wp-content\/uploads\/2020\/11\/logo-semenl.jpg","width":408,"height":403,"caption":"Soci\u00e9t\u00e9 d'\u00e9tudes m\u00e9dio et n\u00e9o-latines"},"image":{"@id":"http:\/\/www.semen-l.org\/#\/schema\/logo\/image\/"},"sameAs":["https:\/\/www.facebook.com\/SEMENL2018","https:\/\/independent.academia.edu\/SocitsdtudesmdioetnolatinesSEMENL"]},{"@type":"Person","@id":"http:\/\/www.semen-l.org\/#\/schema\/person\/ef5208815f17666727763c5363a51344","name":"Julien Maudoux","image":{"@type":"ImageObject","inLanguage":"fr-FR","@id":"https:\/\/secure.gravatar.com\/avatar\/caabf4fb6242e2277733cd35a5c2aa083761ea25dae1d1ff3298b54292225292?s=96&d=mm&r=g","url":"https:\/\/secure.gravatar.com\/avatar\/caabf4fb6242e2277733cd35a5c2aa083761ea25dae1d1ff3298b54292225292?s=96&d=mm&r=g","contentUrl":"https:\/\/secure.gravatar.com\/avatar\/caabf4fb6242e2277733cd35a5c2aa083761ea25dae1d1ff3298b54292225292?s=96&d=mm&r=g","caption":"Julien Maudoux"},"description":"Webmestre du site de la SEMEN-L","url":"http:\/\/www.semen-l.org\/?author=26"}]}},"jetpack_featured_media_url":"http:\/\/www.semen-l.org\/wp-content\/uploads\/2024\/02\/hcll-pl-couv.jpg","_links":{"self":[{"href":"http:\/\/www.semen-l.org\/index.php?rest_route=\/wp\/v2\/posts\/3390","targetHints":{"allow":["GET"]}}],"collection":[{"href":"http:\/\/www.semen-l.org\/index.php?rest_route=\/wp\/v2\/posts"}],"about":[{"href":"http:\/\/www.semen-l.org\/index.php?rest_route=\/wp\/v2\/types\/post"}],"author":[{"embeddable":true,"href":"http:\/\/www.semen-l.org\/index.php?rest_route=\/wp\/v2\/users\/26"}],"replies":[{"embeddable":true,"href":"http:\/\/www.semen-l.org\/index.php?rest_route=%2Fwp%2Fv2%2Fcomments&post=3390"}],"version-history":[{"count":0,"href":"http:\/\/www.semen-l.org\/index.php?rest_route=\/wp\/v2\/posts\/3390\/revisions"}],"wp:featuredmedia":[{"embeddable":true,"href":"http:\/\/www.semen-l.org\/index.php?rest_route=\/wp\/v2\/media\/3391"}],"wp:attachment":[{"href":"http:\/\/www.semen-l.org\/index.php?rest_route=%2Fwp%2Fv2%2Fmedia&parent=3390"}],"wp:term":[{"taxonomy":"category","embeddable":true,"href":"http:\/\/www.semen-l.org\/index.php?rest_route=%2Fwp%2Fv2%2Fcategories&post=3390"},{"taxonomy":"post_tag","embeddable":true,"href":"http:\/\/www.semen-l.org\/index.php?rest_route=%2Fwp%2Fv2%2Ftags&post=3390"}],"curies":[{"name":"wp","href":"https:\/\/api.w.org\/{rel}","templated":true}]}}