{"id":3384,"date":"2015-10-22T18:33:56","date_gmt":"2015-10-22T18:33:56","guid":{"rendered":"https:\/\/www.semen-l.org\/?p=3384"},"modified":"2024-02-22T18:37:55","modified_gmt":"2024-02-22T18:37:55","slug":"marie-dominique-couzinet-pierre-ramus-et-la-critique-du-pedantisme-philosophie-humanisme-et-culture-scolaire-au-xvie-siecle-paris-champion-2015","status":"publish","type":"post","link":"http:\/\/www.semen-l.org\/?p=3384","title":{"rendered":"Marie-Dominique Couzinet, Pierre Ramus et la critique du p\u00e9dantisme : philosophie, humanisme et culture scolaire au XVIe si\u00e8cle, Paris, Champion, 2015"},"content":{"rendered":"<p><strong>Marie-Dominique Couzinet, <em>Pierre Ramus et la critique du p\u00e9dantisme : philosophie, humanisme et culture scolaire au XVIe si\u00e8cle<\/em>, Paris, Champion, 2015.<a href=\"https:\/\/www.honorechampion.com\/fr\/editions-honore-champion\/9120-book-08532918-9782745329189.html\"><img fetchpriority=\"high\" decoding=\"async\" class=\"alignright size-medium wp-image-3385\" src=\"http:\/\/www.semen-l.org\/wp-content\/uploads\/2024\/02\/prcp-couv-203x300.jpg\" alt=\"\" width=\"203\" height=\"300\" srcset=\"http:\/\/www.semen-l.org\/wp-content\/uploads\/2024\/02\/prcp-couv-203x300.jpg 203w, http:\/\/www.semen-l.org\/wp-content\/uploads\/2024\/02\/prcp-couv-135x200.jpg 135w, http:\/\/www.semen-l.org\/wp-content\/uploads\/2024\/02\/prcp-couv.jpg 275w\" sizes=\"(max-width: 203px) 100vw, 203px\" \/><\/a><\/strong><\/p>\n<p>C\u2019est une \u00e9tude tr\u00e8s document\u00e9e sur Pierre de la Ram\u00e9e avec un arri\u00e8re-plan important sur les productions de coll\u00e8ges, essentiellement latines. Le travail sur les notes de cours et les livres annot\u00e9s dans le Paris des ann\u00e9es 1550-1560 apporte du neuf et propose des \u00e9l\u00e9ments importants sur la transmission des classiques par la m\u00e9thode ramiste (Cic\u00e9ron en particulier).<\/p>\n<p>Cette recension a \u00e9t\u00e9 publi\u00e9e dans le<a href=\"https:\/\/www.semen-l.org\/?p=317\"> Bulletin de liaison n\u00b013 (2015) de la SEMEN-L<\/a> (p. 14).<\/p>\n","protected":false},"excerpt":{"rendered":"<p>Marie-Dominique Couzinet, Pierre Ramus et la critique du p\u00e9dantisme : philosophie, humanisme et culture scolaire au XVIe si\u00e8cle, Paris, Champion, 2015. C\u2019est une \u00e9tude tr\u00e8s document\u00e9e sur Pierre de la Ram\u00e9e avec un arri\u00e8re-plan important sur les productions de coll\u00e8ges, &hellip; <a href=\"http:\/\/www.semen-l.org\/?p=3384\">Continuer la lecture <span class=\"meta-nav\">&rarr;<\/span><\/a><\/p>\n","protected":false},"author":26,"featured_media":3385,"comment_status":"open","ping_status":"open","sticky":false,"template":"","format":"standard","meta":{"footnotes":""},"categories":[1825],"tags":[1924,1207,144,811,1208,139],"class_list":["post-3384","post","type-post","status-publish","format-standard","has-post-thumbnail","hentry","category-recensions","tag-college-parisien","tag-education","tag-humanisme","tag-de-la-ramee-pierre","tag-pedagogie","tag-philosophie"],"yoast_head":"<!-- This site is optimized with the Yoast SEO plugin v27.5 - https:\/\/yoast.com\/product\/yoast-seo-wordpress\/ -->\n<title>Marie-Dominique Couzinet, Pierre Ramus - recension<\/title>\n<meta name=\"description\" content=\"Marie-Dominique Couzinet, Pierre Ramus et la critique du p\u00e9dantisme : philosophie, humanisme et culture scolaire au XVIe si\u00e8cle, recension\" \/>\n<meta name=\"robots\" content=\"index, follow, max-snippet:-1, max-image-preview:large, max-video-preview:-1\" \/>\n<link rel=\"canonical\" href=\"http:\/\/www.semen-l.org\/?p=3384\" \/>\n<meta property=\"og:locale\" content=\"fr_FR\" \/>\n<meta property=\"og:type\" content=\"article\" \/>\n<meta property=\"og:title\" content=\"Marie-Dominique Couzinet, Pierre Ramus - recension\" \/>\n<meta property=\"og:description\" content=\"Marie-Dominique Couzinet, Pierre Ramus et la critique du p\u00e9dantisme : philosophie, humanisme et culture scolaire au XVIe si\u00e8cle, recension\" \/>\n<meta property=\"og:url\" content=\"http:\/\/www.semen-l.org\/?p=3384\" \/>\n<meta property=\"og:site_name\" content=\"Soci\u00e9t\u00e9 d&#039;\u00c9tudes M\u00e9dio Et N\u00e9o-Latines\" \/>\n<meta property=\"article:publisher\" content=\"https:\/\/www.facebook.com\/SEMENL2018\" \/>\n<meta property=\"article:published_time\" content=\"2015-10-22T18:33:56+00:00\" \/>\n<meta property=\"article:modified_time\" content=\"2024-02-22T18:37:55+00:00\" \/>\n<meta property=\"og:image\" content=\"http:\/\/www.semen-l.org\/wp-content\/uploads\/2024\/02\/prcp-couv.jpg\" \/>\n\t<meta property=\"og:image:width\" content=\"275\" \/>\n\t<meta property=\"og:image:height\" content=\"406\" \/>\n\t<meta property=\"og:image:type\" content=\"image\/jpeg\" \/>\n<meta name=\"author\" content=\"Julien Maudoux\" \/>\n<meta name=\"twitter:card\" content=\"summary_large_image\" \/>\n<meta name=\"twitter:label1\" content=\"\u00c9crit par\" \/>\n\t<meta name=\"twitter:data1\" content=\"Julien Maudoux\" \/>\n\t<meta name=\"twitter:label2\" content=\"Dur\u00e9e de lecture estim\u00e9e\" \/>\n\t<meta name=\"twitter:data2\" content=\"1 minute\" \/>\n<script type=\"application\/ld+json\" class=\"yoast-schema-graph\">{\"@context\":\"https:\\\/\\\/schema.org\",\"@graph\":[{\"@type\":\"Article\",\"@id\":\"http:\\\/\\\/www.semen-l.org\\\/?p=3384#article\",\"isPartOf\":{\"@id\":\"http:\\\/\\\/www.semen-l.org\\\/?p=3384\"},\"author\":{\"name\":\"Julien Maudoux\",\"@id\":\"http:\\\/\\\/www.semen-l.org\\\/#\\\/schema\\\/person\\\/ef5208815f17666727763c5363a51344\"},\"headline\":\"Marie-Dominique Couzinet, Pierre Ramus et la critique du p\u00e9dantisme : philosophie, humanisme et culture scolaire au XVIe si\u00e8cle, Paris, Champion, 2015\",\"datePublished\":\"2015-10-22T18:33:56+00:00\",\"dateModified\":\"2024-02-22T18:37:55+00:00\",\"mainEntityOfPage\":{\"@id\":\"http:\\\/\\\/www.semen-l.org\\\/?p=3384\"},\"wordCount\":127,\"commentCount\":0,\"publisher\":{\"@id\":\"http:\\\/\\\/www.semen-l.org\\\/#organization\"},\"image\":{\"@id\":\"http:\\\/\\\/www.semen-l.org\\\/?p=3384#primaryimage\"},\"thumbnailUrl\":\"http:\\\/\\\/www.semen-l.org\\\/wp-content\\\/uploads\\\/2024\\\/02\\\/prcp-couv.jpg\",\"keywords\":[\"coll\u00e8ge parisien\",\"\u00e9ducation\",\"humanisme\",\"La Ram\u00e9e (Pierre de)\",\"p\u00e9dagogie\",\"philosophie\"],\"articleSection\":[\"Recensions\"],\"inLanguage\":\"fr-FR\",\"potentialAction\":[{\"@type\":\"CommentAction\",\"name\":\"Comment\",\"target\":[\"http:\\\/\\\/www.semen-l.org\\\/?p=3384#respond\"]}]},{\"@type\":\"WebPage\",\"@id\":\"http:\\\/\\\/www.semen-l.org\\\/?p=3384\",\"url\":\"http:\\\/\\\/www.semen-l.org\\\/?p=3384\",\"name\":\"Marie-Dominique Couzinet, Pierre Ramus - recension\",\"isPartOf\":{\"@id\":\"http:\\\/\\\/www.semen-l.org\\\/#website\"},\"primaryImageOfPage\":{\"@id\":\"http:\\\/\\\/www.semen-l.org\\\/?p=3384#primaryimage\"},\"image\":{\"@id\":\"http:\\\/\\\/www.semen-l.org\\\/?p=3384#primaryimage\"},\"thumbnailUrl\":\"http:\\\/\\\/www.semen-l.org\\\/wp-content\\\/uploads\\\/2024\\\/02\\\/prcp-couv.jpg\",\"datePublished\":\"2015-10-22T18:33:56+00:00\",\"dateModified\":\"2024-02-22T18:37:55+00:00\",\"description\":\"Marie-Dominique Couzinet, Pierre Ramus et la critique du p\u00e9dantisme : philosophie, humanisme et culture scolaire au XVIe si\u00e8cle, recension\",\"breadcrumb\":{\"@id\":\"http:\\\/\\\/www.semen-l.org\\\/?p=3384#breadcrumb\"},\"inLanguage\":\"fr-FR\",\"potentialAction\":[{\"@type\":\"ReadAction\",\"target\":[\"http:\\\/\\\/www.semen-l.org\\\/?p=3384\"]}]},{\"@type\":\"ImageObject\",\"inLanguage\":\"fr-FR\",\"@id\":\"http:\\\/\\\/www.semen-l.org\\\/?p=3384#primaryimage\",\"url\":\"http:\\\/\\\/www.semen-l.org\\\/wp-content\\\/uploads\\\/2024\\\/02\\\/prcp-couv.jpg\",\"contentUrl\":\"http:\\\/\\\/www.semen-l.org\\\/wp-content\\\/uploads\\\/2024\\\/02\\\/prcp-couv.jpg\",\"width\":275,\"height\":406},{\"@type\":\"BreadcrumbList\",\"@id\":\"http:\\\/\\\/www.semen-l.org\\\/?p=3384#breadcrumb\",\"itemListElement\":[{\"@type\":\"ListItem\",\"position\":1,\"name\":\"Accueil\",\"item\":\"http:\\\/\\\/www.semen-l.org\\\/\"},{\"@type\":\"ListItem\",\"position\":2,\"name\":\"Marie-Dominique Couzinet, Pierre Ramus et la critique du p\u00e9dantisme : philosophie, humanisme et culture scolaire au XVIe si\u00e8cle, Paris, Champion, 2015\"}]},{\"@type\":\"WebSite\",\"@id\":\"http:\\\/\\\/www.semen-l.org\\\/#website\",\"url\":\"http:\\\/\\\/www.semen-l.org\\\/\",\"name\":\"Soci\u00e9t\u00e9 d'\u00c9tudes M\u00e9dio Et N\u00e9o-Latines\",\"description\":\"\",\"publisher\":{\"@id\":\"http:\\\/\\\/www.semen-l.org\\\/#organization\"},\"potentialAction\":[{\"@type\":\"SearchAction\",\"target\":{\"@type\":\"EntryPoint\",\"urlTemplate\":\"http:\\\/\\\/www.semen-l.org\\\/?s={search_term_string}\"},\"query-input\":{\"@type\":\"PropertyValueSpecification\",\"valueRequired\":true,\"valueName\":\"search_term_string\"}}],\"inLanguage\":\"fr-FR\"},{\"@type\":\"Organization\",\"@id\":\"http:\\\/\\\/www.semen-l.org\\\/#organization\",\"name\":\"Soci\u00e9t\u00e9 d'\u00e9tudes m\u00e9dio et n\u00e9o-latines\",\"url\":\"http:\\\/\\\/www.semen-l.org\\\/\",\"logo\":{\"@type\":\"ImageObject\",\"inLanguage\":\"fr-FR\",\"@id\":\"http:\\\/\\\/www.semen-l.org\\\/#\\\/schema\\\/logo\\\/image\\\/\",\"url\":\"http:\\\/\\\/www.semen-l.org\\\/wp-content\\\/uploads\\\/2020\\\/11\\\/logo-semenl.jpg\",\"contentUrl\":\"http:\\\/\\\/www.semen-l.org\\\/wp-content\\\/uploads\\\/2020\\\/11\\\/logo-semenl.jpg\",\"width\":408,\"height\":403,\"caption\":\"Soci\u00e9t\u00e9 d'\u00e9tudes m\u00e9dio et n\u00e9o-latines\"},\"image\":{\"@id\":\"http:\\\/\\\/www.semen-l.org\\\/#\\\/schema\\\/logo\\\/image\\\/\"},\"sameAs\":[\"https:\\\/\\\/www.facebook.com\\\/SEMENL2018\",\"https:\\\/\\\/independent.academia.edu\\\/SocitsdtudesmdioetnolatinesSEMENL\"]},{\"@type\":\"Person\",\"@id\":\"http:\\\/\\\/www.semen-l.org\\\/#\\\/schema\\\/person\\\/ef5208815f17666727763c5363a51344\",\"name\":\"Julien Maudoux\",\"image\":{\"@type\":\"ImageObject\",\"inLanguage\":\"fr-FR\",\"@id\":\"https:\\\/\\\/secure.gravatar.com\\\/avatar\\\/caabf4fb6242e2277733cd35a5c2aa083761ea25dae1d1ff3298b54292225292?s=96&d=mm&r=g\",\"url\":\"https:\\\/\\\/secure.gravatar.com\\\/avatar\\\/caabf4fb6242e2277733cd35a5c2aa083761ea25dae1d1ff3298b54292225292?s=96&d=mm&r=g\",\"contentUrl\":\"https:\\\/\\\/secure.gravatar.com\\\/avatar\\\/caabf4fb6242e2277733cd35a5c2aa083761ea25dae1d1ff3298b54292225292?s=96&d=mm&r=g\",\"caption\":\"Julien Maudoux\"},\"description\":\"Webmestre du site de la SEMEN-L\",\"url\":\"http:\\\/\\\/www.semen-l.org\\\/?author=26\"}]}<\/script>\n<!-- \/ Yoast SEO plugin. -->","yoast_head_json":{"title":"Marie-Dominique Couzinet, Pierre Ramus - recension","description":"Marie-Dominique Couzinet, Pierre Ramus et la critique du p\u00e9dantisme : philosophie, humanisme et culture scolaire au XVIe si\u00e8cle, recension","robots":{"index":"index","follow":"follow","max-snippet":"max-snippet:-1","max-image-preview":"max-image-preview:large","max-video-preview":"max-video-preview:-1"},"canonical":"http:\/\/www.semen-l.org\/?p=3384","og_locale":"fr_FR","og_type":"article","og_title":"Marie-Dominique Couzinet, Pierre Ramus - recension","og_description":"Marie-Dominique Couzinet, Pierre Ramus et la critique du p\u00e9dantisme : philosophie, humanisme et culture scolaire au XVIe si\u00e8cle, recension","og_url":"http:\/\/www.semen-l.org\/?p=3384","og_site_name":"Soci\u00e9t\u00e9 d&#039;\u00c9tudes M\u00e9dio Et N\u00e9o-Latines","article_publisher":"https:\/\/www.facebook.com\/SEMENL2018","article_published_time":"2015-10-22T18:33:56+00:00","article_modified_time":"2024-02-22T18:37:55+00:00","og_image":[{"width":275,"height":406,"url":"http:\/\/www.semen-l.org\/wp-content\/uploads\/2024\/02\/prcp-couv.jpg","type":"image\/jpeg"}],"author":"Julien Maudoux","twitter_card":"summary_large_image","twitter_misc":{"\u00c9crit par":"Julien Maudoux","Dur\u00e9e de lecture estim\u00e9e":"1 minute"},"schema":{"@context":"https:\/\/schema.org","@graph":[{"@type":"Article","@id":"http:\/\/www.semen-l.org\/?p=3384#article","isPartOf":{"@id":"http:\/\/www.semen-l.org\/?p=3384"},"author":{"name":"Julien Maudoux","@id":"http:\/\/www.semen-l.org\/#\/schema\/person\/ef5208815f17666727763c5363a51344"},"headline":"Marie-Dominique Couzinet, Pierre Ramus et la critique du p\u00e9dantisme : philosophie, humanisme et culture scolaire au XVIe si\u00e8cle, Paris, Champion, 2015","datePublished":"2015-10-22T18:33:56+00:00","dateModified":"2024-02-22T18:37:55+00:00","mainEntityOfPage":{"@id":"http:\/\/www.semen-l.org\/?p=3384"},"wordCount":127,"commentCount":0,"publisher":{"@id":"http:\/\/www.semen-l.org\/#organization"},"image":{"@id":"http:\/\/www.semen-l.org\/?p=3384#primaryimage"},"thumbnailUrl":"http:\/\/www.semen-l.org\/wp-content\/uploads\/2024\/02\/prcp-couv.jpg","keywords":["coll\u00e8ge parisien","\u00e9ducation","humanisme","La Ram\u00e9e (Pierre de)","p\u00e9dagogie","philosophie"],"articleSection":["Recensions"],"inLanguage":"fr-FR","potentialAction":[{"@type":"CommentAction","name":"Comment","target":["http:\/\/www.semen-l.org\/?p=3384#respond"]}]},{"@type":"WebPage","@id":"http:\/\/www.semen-l.org\/?p=3384","url":"http:\/\/www.semen-l.org\/?p=3384","name":"Marie-Dominique Couzinet, Pierre Ramus - recension","isPartOf":{"@id":"http:\/\/www.semen-l.org\/#website"},"primaryImageOfPage":{"@id":"http:\/\/www.semen-l.org\/?p=3384#primaryimage"},"image":{"@id":"http:\/\/www.semen-l.org\/?p=3384#primaryimage"},"thumbnailUrl":"http:\/\/www.semen-l.org\/wp-content\/uploads\/2024\/02\/prcp-couv.jpg","datePublished":"2015-10-22T18:33:56+00:00","dateModified":"2024-02-22T18:37:55+00:00","description":"Marie-Dominique Couzinet, Pierre Ramus et la critique du p\u00e9dantisme : philosophie, humanisme et culture scolaire au XVIe si\u00e8cle, recension","breadcrumb":{"@id":"http:\/\/www.semen-l.org\/?p=3384#breadcrumb"},"inLanguage":"fr-FR","potentialAction":[{"@type":"ReadAction","target":["http:\/\/www.semen-l.org\/?p=3384"]}]},{"@type":"ImageObject","inLanguage":"fr-FR","@id":"http:\/\/www.semen-l.org\/?p=3384#primaryimage","url":"http:\/\/www.semen-l.org\/wp-content\/uploads\/2024\/02\/prcp-couv.jpg","contentUrl":"http:\/\/www.semen-l.org\/wp-content\/uploads\/2024\/02\/prcp-couv.jpg","width":275,"height":406},{"@type":"BreadcrumbList","@id":"http:\/\/www.semen-l.org\/?p=3384#breadcrumb","itemListElement":[{"@type":"ListItem","position":1,"name":"Accueil","item":"http:\/\/www.semen-l.org\/"},{"@type":"ListItem","position":2,"name":"Marie-Dominique Couzinet, Pierre Ramus et la critique du p\u00e9dantisme : philosophie, humanisme et culture scolaire au XVIe si\u00e8cle, Paris, Champion, 2015"}]},{"@type":"WebSite","@id":"http:\/\/www.semen-l.org\/#website","url":"http:\/\/www.semen-l.org\/","name":"Soci\u00e9t\u00e9 d'\u00c9tudes M\u00e9dio Et N\u00e9o-Latines","description":"","publisher":{"@id":"http:\/\/www.semen-l.org\/#organization"},"potentialAction":[{"@type":"SearchAction","target":{"@type":"EntryPoint","urlTemplate":"http:\/\/www.semen-l.org\/?s={search_term_string}"},"query-input":{"@type":"PropertyValueSpecification","valueRequired":true,"valueName":"search_term_string"}}],"inLanguage":"fr-FR"},{"@type":"Organization","@id":"http:\/\/www.semen-l.org\/#organization","name":"Soci\u00e9t\u00e9 d'\u00e9tudes m\u00e9dio et n\u00e9o-latines","url":"http:\/\/www.semen-l.org\/","logo":{"@type":"ImageObject","inLanguage":"fr-FR","@id":"http:\/\/www.semen-l.org\/#\/schema\/logo\/image\/","url":"http:\/\/www.semen-l.org\/wp-content\/uploads\/2020\/11\/logo-semenl.jpg","contentUrl":"http:\/\/www.semen-l.org\/wp-content\/uploads\/2020\/11\/logo-semenl.jpg","width":408,"height":403,"caption":"Soci\u00e9t\u00e9 d'\u00e9tudes m\u00e9dio et n\u00e9o-latines"},"image":{"@id":"http:\/\/www.semen-l.org\/#\/schema\/logo\/image\/"},"sameAs":["https:\/\/www.facebook.com\/SEMENL2018","https:\/\/independent.academia.edu\/SocitsdtudesmdioetnolatinesSEMENL"]},{"@type":"Person","@id":"http:\/\/www.semen-l.org\/#\/schema\/person\/ef5208815f17666727763c5363a51344","name":"Julien Maudoux","image":{"@type":"ImageObject","inLanguage":"fr-FR","@id":"https:\/\/secure.gravatar.com\/avatar\/caabf4fb6242e2277733cd35a5c2aa083761ea25dae1d1ff3298b54292225292?s=96&d=mm&r=g","url":"https:\/\/secure.gravatar.com\/avatar\/caabf4fb6242e2277733cd35a5c2aa083761ea25dae1d1ff3298b54292225292?s=96&d=mm&r=g","contentUrl":"https:\/\/secure.gravatar.com\/avatar\/caabf4fb6242e2277733cd35a5c2aa083761ea25dae1d1ff3298b54292225292?s=96&d=mm&r=g","caption":"Julien Maudoux"},"description":"Webmestre du site de la SEMEN-L","url":"http:\/\/www.semen-l.org\/?author=26"}]}},"jetpack_featured_media_url":"http:\/\/www.semen-l.org\/wp-content\/uploads\/2024\/02\/prcp-couv.jpg","_links":{"self":[{"href":"http:\/\/www.semen-l.org\/index.php?rest_route=\/wp\/v2\/posts\/3384","targetHints":{"allow":["GET"]}}],"collection":[{"href":"http:\/\/www.semen-l.org\/index.php?rest_route=\/wp\/v2\/posts"}],"about":[{"href":"http:\/\/www.semen-l.org\/index.php?rest_route=\/wp\/v2\/types\/post"}],"author":[{"embeddable":true,"href":"http:\/\/www.semen-l.org\/index.php?rest_route=\/wp\/v2\/users\/26"}],"replies":[{"embeddable":true,"href":"http:\/\/www.semen-l.org\/index.php?rest_route=%2Fwp%2Fv2%2Fcomments&post=3384"}],"version-history":[{"count":0,"href":"http:\/\/www.semen-l.org\/index.php?rest_route=\/wp\/v2\/posts\/3384\/revisions"}],"wp:featuredmedia":[{"embeddable":true,"href":"http:\/\/www.semen-l.org\/index.php?rest_route=\/wp\/v2\/media\/3385"}],"wp:attachment":[{"href":"http:\/\/www.semen-l.org\/index.php?rest_route=%2Fwp%2Fv2%2Fmedia&parent=3384"}],"wp:term":[{"taxonomy":"category","embeddable":true,"href":"http:\/\/www.semen-l.org\/index.php?rest_route=%2Fwp%2Fv2%2Fcategories&post=3384"},{"taxonomy":"post_tag","embeddable":true,"href":"http:\/\/www.semen-l.org\/index.php?rest_route=%2Fwp%2Fv2%2Ftags&post=3384"}],"curies":[{"name":"wp","href":"https:\/\/api.w.org\/{rel}","templated":true}]}}