{"id":3315,"date":"2017-10-15T20:27:50","date_gmt":"2017-10-15T20:27:50","guid":{"rendered":"https:\/\/www.semen-l.org\/?p=3315"},"modified":"2024-02-15T20:31:46","modified_gmt":"2024-02-15T20:31:46","slug":"patrick-morantin-lire-homere-a-la-renaissance-philologie-humaniste-et-tradition-grecque-geneve-droz-2017-olivier-pedeflous","status":"publish","type":"post","link":"http:\/\/www.semen-l.org\/?p=3315","title":{"rendered":"Patrick Morantin, Lire Hom\u00e8re \u00e0 la Renaissance. Philologie humaniste et tradition grecque, Gen\u00e8ve, Droz, 2017. (Olivier P\u00e9deflous)"},"content":{"rendered":"<p><strong>Patrick Morantin, <em>Lire Hom\u00e8re \u00e0 la Renaissance. Philologie humaniste et tradition grecque<\/em>, Gen\u00e8ve, Droz, 2017. 408<a href=\"https:\/\/www.droz.org\/europe\/product\/9782600019118\"><img fetchpriority=\"high\" decoding=\"async\" class=\"alignright size-medium wp-image-3316\" src=\"http:\/\/www.semen-l.org\/wp-content\/uploads\/2024\/02\/homere-renaissance-couv-215x300.jpg\" alt=\"\" width=\"215\" height=\"300\" srcset=\"http:\/\/www.semen-l.org\/wp-content\/uploads\/2024\/02\/homere-renaissance-couv-215x300.jpg 215w, http:\/\/www.semen-l.org\/wp-content\/uploads\/2024\/02\/homere-renaissance-couv-143x200.jpg 143w, http:\/\/www.semen-l.org\/wp-content\/uploads\/2024\/02\/homere-renaissance-couv.jpg 301w\" sizes=\"(max-width: 215px) 100vw, 215px\" \/><\/a><\/strong><\/p>\n<p>Cet ouvrage, issu d\u2019une th\u00e8se de doctorat, s\u2019int\u00e9resse \u00e0 la r\u00e9ception d\u2019Hom\u00e8re \u00e0 la fin du XVe si\u00e8cle et au d\u00e9but du XVIe si\u00e8cle, entre France et Italie, \u00e0 partir de l\u2019examen des annotations appos\u00e9es par les humanistes Vettor Fausto et Guillaume Bud\u00e9 sur l\u2019\u00e9dition princeps d\u2019Hom\u00e8re. Ce volume d\u00e9veloppe notamment des r\u00e9flexions int\u00e9ressantes sur l\u2019annotation humaniste, le bilinguisme latin-grec \u00e0 Venise, la tradition des textes, les biblioth\u00e8ques anciennes. La version pdf propose de nombreuses annexes compl\u00e9mentaires.<\/p>\n<p><strong>Olivier P\u00e9deflous<\/strong><\/p>\n<p>Cette recension a \u00e9t\u00e9 publi\u00e9e dans le<a href=\"http:\/\/www.semen-l.org\/wp-content\/uploads\/2010\/11\/bulletin-semenl-15.pdf\"> Bulletin de liaison n\u00b015 (2017) de la SEMEN-L<\/a> (p. 19).<\/p>\n","protected":false},"excerpt":{"rendered":"<p>Patrick Morantin, Lire Hom\u00e8re \u00e0 la Renaissance. Philologie humaniste et tradition grecque, Gen\u00e8ve, Droz, 2017. 408 Cet ouvrage, issu d\u2019une th\u00e8se de doctorat, s\u2019int\u00e9resse \u00e0 la r\u00e9ception d\u2019Hom\u00e8re \u00e0 la fin du XVe si\u00e8cle et au d\u00e9but du XVIe si\u00e8cle, &hellip; <a href=\"http:\/\/www.semen-l.org\/?p=3315\">Continuer la lecture <span class=\"meta-nav\">&rarr;<\/span><\/a><\/p>\n","protected":false},"author":26,"featured_media":3316,"comment_status":"open","ping_status":"open","sticky":false,"template":"","format":"standard","meta":{"footnotes":""},"categories":[1825],"tags":[207,91,2071,416,144,692,1508],"class_list":["post-3315","post","type-post","status-publish","format-standard","has-post-thumbnail","hentry","category-recensions","tag-bibliotheque","tag-guillaume-bude","tag-fausto-vettor","tag-homere","tag-humanisme","tag-philologie","tag-tradition"],"yoast_head":"<!-- This site is optimized with the Yoast SEO plugin v27.5 - https:\/\/yoast.com\/product\/yoast-seo-wordpress\/ -->\n<title>Recension du livre Lire Hom\u00e8re \u00e0 la Renaissance par la SEMEN-L<\/title>\n<meta name=\"description\" content=\"Recension par Olivier P\u00e9deflous du livre Lire Hom\u00e8re \u00e0 la Renaissance. Philologie humaniste et tradition grecque, pour la SEMEN-L.\" \/>\n<meta name=\"robots\" content=\"index, follow, max-snippet:-1, max-image-preview:large, max-video-preview:-1\" \/>\n<link rel=\"canonical\" href=\"http:\/\/www.semen-l.org\/?p=3315\" \/>\n<meta property=\"og:locale\" content=\"fr_FR\" \/>\n<meta property=\"og:type\" content=\"article\" \/>\n<meta property=\"og:title\" content=\"Recension du livre Lire Hom\u00e8re \u00e0 la Renaissance par la SEMEN-L\" \/>\n<meta property=\"og:description\" content=\"Recension par Olivier P\u00e9deflous du livre Lire Hom\u00e8re \u00e0 la Renaissance. Philologie humaniste et tradition grecque, pour la SEMEN-L.\" \/>\n<meta property=\"og:url\" content=\"http:\/\/www.semen-l.org\/?p=3315\" \/>\n<meta property=\"og:site_name\" content=\"Soci\u00e9t\u00e9 d&#039;\u00c9tudes M\u00e9dio Et N\u00e9o-Latines\" \/>\n<meta property=\"article:publisher\" content=\"https:\/\/www.facebook.com\/SEMENL2018\" \/>\n<meta property=\"article:published_time\" content=\"2017-10-15T20:27:50+00:00\" \/>\n<meta property=\"article:modified_time\" content=\"2024-02-15T20:31:46+00:00\" \/>\n<meta property=\"og:image\" content=\"http:\/\/www.semen-l.org\/wp-content\/uploads\/2024\/02\/homere-renaissance-couv.jpg\" \/>\n\t<meta property=\"og:image:width\" content=\"301\" \/>\n\t<meta property=\"og:image:height\" content=\"420\" \/>\n\t<meta property=\"og:image:type\" content=\"image\/jpeg\" \/>\n<meta name=\"author\" content=\"Julien Maudoux\" \/>\n<meta name=\"twitter:card\" content=\"summary_large_image\" \/>\n<meta name=\"twitter:label1\" content=\"\u00c9crit par\" \/>\n\t<meta name=\"twitter:data1\" content=\"Julien Maudoux\" \/>\n\t<meta name=\"twitter:label2\" content=\"Dur\u00e9e de lecture estim\u00e9e\" \/>\n\t<meta name=\"twitter:data2\" content=\"1 minute\" \/>\n<script type=\"application\/ld+json\" class=\"yoast-schema-graph\">{\"@context\":\"https:\\\/\\\/schema.org\",\"@graph\":[{\"@type\":\"Article\",\"@id\":\"http:\\\/\\\/www.semen-l.org\\\/?p=3315#article\",\"isPartOf\":{\"@id\":\"http:\\\/\\\/www.semen-l.org\\\/?p=3315\"},\"author\":{\"name\":\"Julien Maudoux\",\"@id\":\"http:\\\/\\\/www.semen-l.org\\\/#\\\/schema\\\/person\\\/ef5208815f17666727763c5363a51344\"},\"headline\":\"Patrick Morantin, Lire Hom\u00e8re \u00e0 la Renaissance. Philologie humaniste et tradition grecque, Gen\u00e8ve, Droz, 2017. (Olivier P\u00e9deflous)\",\"datePublished\":\"2017-10-15T20:27:50+00:00\",\"dateModified\":\"2024-02-15T20:31:46+00:00\",\"mainEntityOfPage\":{\"@id\":\"http:\\\/\\\/www.semen-l.org\\\/?p=3315\"},\"wordCount\":146,\"commentCount\":0,\"publisher\":{\"@id\":\"http:\\\/\\\/www.semen-l.org\\\/#organization\"},\"image\":{\"@id\":\"http:\\\/\\\/www.semen-l.org\\\/?p=3315#primaryimage\"},\"thumbnailUrl\":\"http:\\\/\\\/www.semen-l.org\\\/wp-content\\\/uploads\\\/2024\\\/02\\\/homere-renaissance-couv.jpg\",\"keywords\":[\"biblioth\u00e8que\",\"Bud\u00e9 (Guillaume)\",\"Fausto (Vettor)\",\"Hom\u00e8re\",\"humanisme\",\"philologie\",\"tradition\"],\"articleSection\":[\"Recensions\"],\"inLanguage\":\"fr-FR\",\"potentialAction\":[{\"@type\":\"CommentAction\",\"name\":\"Comment\",\"target\":[\"http:\\\/\\\/www.semen-l.org\\\/?p=3315#respond\"]}]},{\"@type\":\"WebPage\",\"@id\":\"http:\\\/\\\/www.semen-l.org\\\/?p=3315\",\"url\":\"http:\\\/\\\/www.semen-l.org\\\/?p=3315\",\"name\":\"Recension du livre Lire Hom\u00e8re \u00e0 la Renaissance par la SEMEN-L\",\"isPartOf\":{\"@id\":\"http:\\\/\\\/www.semen-l.org\\\/#website\"},\"primaryImageOfPage\":{\"@id\":\"http:\\\/\\\/www.semen-l.org\\\/?p=3315#primaryimage\"},\"image\":{\"@id\":\"http:\\\/\\\/www.semen-l.org\\\/?p=3315#primaryimage\"},\"thumbnailUrl\":\"http:\\\/\\\/www.semen-l.org\\\/wp-content\\\/uploads\\\/2024\\\/02\\\/homere-renaissance-couv.jpg\",\"datePublished\":\"2017-10-15T20:27:50+00:00\",\"dateModified\":\"2024-02-15T20:31:46+00:00\",\"description\":\"Recension par Olivier P\u00e9deflous du livre Lire Hom\u00e8re \u00e0 la Renaissance. Philologie humaniste et tradition grecque, pour la SEMEN-L.\",\"breadcrumb\":{\"@id\":\"http:\\\/\\\/www.semen-l.org\\\/?p=3315#breadcrumb\"},\"inLanguage\":\"fr-FR\",\"potentialAction\":[{\"@type\":\"ReadAction\",\"target\":[\"http:\\\/\\\/www.semen-l.org\\\/?p=3315\"]}]},{\"@type\":\"ImageObject\",\"inLanguage\":\"fr-FR\",\"@id\":\"http:\\\/\\\/www.semen-l.org\\\/?p=3315#primaryimage\",\"url\":\"http:\\\/\\\/www.semen-l.org\\\/wp-content\\\/uploads\\\/2024\\\/02\\\/homere-renaissance-couv.jpg\",\"contentUrl\":\"http:\\\/\\\/www.semen-l.org\\\/wp-content\\\/uploads\\\/2024\\\/02\\\/homere-renaissance-couv.jpg\",\"width\":301,\"height\":420},{\"@type\":\"BreadcrumbList\",\"@id\":\"http:\\\/\\\/www.semen-l.org\\\/?p=3315#breadcrumb\",\"itemListElement\":[{\"@type\":\"ListItem\",\"position\":1,\"name\":\"Accueil\",\"item\":\"http:\\\/\\\/www.semen-l.org\\\/\"},{\"@type\":\"ListItem\",\"position\":2,\"name\":\"Patrick Morantin, Lire Hom\u00e8re \u00e0 la Renaissance. Philologie humaniste et tradition grecque, Gen\u00e8ve, Droz, 2017. (Olivier P\u00e9deflous)\"}]},{\"@type\":\"WebSite\",\"@id\":\"http:\\\/\\\/www.semen-l.org\\\/#website\",\"url\":\"http:\\\/\\\/www.semen-l.org\\\/\",\"name\":\"Soci\u00e9t\u00e9 d'\u00c9tudes M\u00e9dio Et N\u00e9o-Latines\",\"description\":\"\",\"publisher\":{\"@id\":\"http:\\\/\\\/www.semen-l.org\\\/#organization\"},\"potentialAction\":[{\"@type\":\"SearchAction\",\"target\":{\"@type\":\"EntryPoint\",\"urlTemplate\":\"http:\\\/\\\/www.semen-l.org\\\/?s={search_term_string}\"},\"query-input\":{\"@type\":\"PropertyValueSpecification\",\"valueRequired\":true,\"valueName\":\"search_term_string\"}}],\"inLanguage\":\"fr-FR\"},{\"@type\":\"Organization\",\"@id\":\"http:\\\/\\\/www.semen-l.org\\\/#organization\",\"name\":\"Soci\u00e9t\u00e9 d'\u00e9tudes m\u00e9dio et n\u00e9o-latines\",\"url\":\"http:\\\/\\\/www.semen-l.org\\\/\",\"logo\":{\"@type\":\"ImageObject\",\"inLanguage\":\"fr-FR\",\"@id\":\"http:\\\/\\\/www.semen-l.org\\\/#\\\/schema\\\/logo\\\/image\\\/\",\"url\":\"http:\\\/\\\/www.semen-l.org\\\/wp-content\\\/uploads\\\/2020\\\/11\\\/logo-semenl.jpg\",\"contentUrl\":\"http:\\\/\\\/www.semen-l.org\\\/wp-content\\\/uploads\\\/2020\\\/11\\\/logo-semenl.jpg\",\"width\":408,\"height\":403,\"caption\":\"Soci\u00e9t\u00e9 d'\u00e9tudes m\u00e9dio et n\u00e9o-latines\"},\"image\":{\"@id\":\"http:\\\/\\\/www.semen-l.org\\\/#\\\/schema\\\/logo\\\/image\\\/\"},\"sameAs\":[\"https:\\\/\\\/www.facebook.com\\\/SEMENL2018\",\"https:\\\/\\\/independent.academia.edu\\\/SocitsdtudesmdioetnolatinesSEMENL\"]},{\"@type\":\"Person\",\"@id\":\"http:\\\/\\\/www.semen-l.org\\\/#\\\/schema\\\/person\\\/ef5208815f17666727763c5363a51344\",\"name\":\"Julien Maudoux\",\"image\":{\"@type\":\"ImageObject\",\"inLanguage\":\"fr-FR\",\"@id\":\"https:\\\/\\\/secure.gravatar.com\\\/avatar\\\/caabf4fb6242e2277733cd35a5c2aa083761ea25dae1d1ff3298b54292225292?s=96&d=mm&r=g\",\"url\":\"https:\\\/\\\/secure.gravatar.com\\\/avatar\\\/caabf4fb6242e2277733cd35a5c2aa083761ea25dae1d1ff3298b54292225292?s=96&d=mm&r=g\",\"contentUrl\":\"https:\\\/\\\/secure.gravatar.com\\\/avatar\\\/caabf4fb6242e2277733cd35a5c2aa083761ea25dae1d1ff3298b54292225292?s=96&d=mm&r=g\",\"caption\":\"Julien Maudoux\"},\"description\":\"Webmestre du site de la SEMEN-L\",\"url\":\"http:\\\/\\\/www.semen-l.org\\\/?author=26\"}]}<\/script>\n<!-- \/ Yoast SEO plugin. -->","yoast_head_json":{"title":"Recension du livre Lire Hom\u00e8re \u00e0 la Renaissance par la SEMEN-L","description":"Recension par Olivier P\u00e9deflous du livre Lire Hom\u00e8re \u00e0 la Renaissance. Philologie humaniste et tradition grecque, pour la SEMEN-L.","robots":{"index":"index","follow":"follow","max-snippet":"max-snippet:-1","max-image-preview":"max-image-preview:large","max-video-preview":"max-video-preview:-1"},"canonical":"http:\/\/www.semen-l.org\/?p=3315","og_locale":"fr_FR","og_type":"article","og_title":"Recension du livre Lire Hom\u00e8re \u00e0 la Renaissance par la SEMEN-L","og_description":"Recension par Olivier P\u00e9deflous du livre Lire Hom\u00e8re \u00e0 la Renaissance. Philologie humaniste et tradition grecque, pour la SEMEN-L.","og_url":"http:\/\/www.semen-l.org\/?p=3315","og_site_name":"Soci\u00e9t\u00e9 d&#039;\u00c9tudes M\u00e9dio Et N\u00e9o-Latines","article_publisher":"https:\/\/www.facebook.com\/SEMENL2018","article_published_time":"2017-10-15T20:27:50+00:00","article_modified_time":"2024-02-15T20:31:46+00:00","og_image":[{"width":301,"height":420,"url":"http:\/\/www.semen-l.org\/wp-content\/uploads\/2024\/02\/homere-renaissance-couv.jpg","type":"image\/jpeg"}],"author":"Julien Maudoux","twitter_card":"summary_large_image","twitter_misc":{"\u00c9crit par":"Julien Maudoux","Dur\u00e9e de lecture estim\u00e9e":"1 minute"},"schema":{"@context":"https:\/\/schema.org","@graph":[{"@type":"Article","@id":"http:\/\/www.semen-l.org\/?p=3315#article","isPartOf":{"@id":"http:\/\/www.semen-l.org\/?p=3315"},"author":{"name":"Julien Maudoux","@id":"http:\/\/www.semen-l.org\/#\/schema\/person\/ef5208815f17666727763c5363a51344"},"headline":"Patrick Morantin, Lire Hom\u00e8re \u00e0 la Renaissance. Philologie humaniste et tradition grecque, Gen\u00e8ve, Droz, 2017. (Olivier P\u00e9deflous)","datePublished":"2017-10-15T20:27:50+00:00","dateModified":"2024-02-15T20:31:46+00:00","mainEntityOfPage":{"@id":"http:\/\/www.semen-l.org\/?p=3315"},"wordCount":146,"commentCount":0,"publisher":{"@id":"http:\/\/www.semen-l.org\/#organization"},"image":{"@id":"http:\/\/www.semen-l.org\/?p=3315#primaryimage"},"thumbnailUrl":"http:\/\/www.semen-l.org\/wp-content\/uploads\/2024\/02\/homere-renaissance-couv.jpg","keywords":["biblioth\u00e8que","Bud\u00e9 (Guillaume)","Fausto (Vettor)","Hom\u00e8re","humanisme","philologie","tradition"],"articleSection":["Recensions"],"inLanguage":"fr-FR","potentialAction":[{"@type":"CommentAction","name":"Comment","target":["http:\/\/www.semen-l.org\/?p=3315#respond"]}]},{"@type":"WebPage","@id":"http:\/\/www.semen-l.org\/?p=3315","url":"http:\/\/www.semen-l.org\/?p=3315","name":"Recension du livre Lire Hom\u00e8re \u00e0 la Renaissance par la SEMEN-L","isPartOf":{"@id":"http:\/\/www.semen-l.org\/#website"},"primaryImageOfPage":{"@id":"http:\/\/www.semen-l.org\/?p=3315#primaryimage"},"image":{"@id":"http:\/\/www.semen-l.org\/?p=3315#primaryimage"},"thumbnailUrl":"http:\/\/www.semen-l.org\/wp-content\/uploads\/2024\/02\/homere-renaissance-couv.jpg","datePublished":"2017-10-15T20:27:50+00:00","dateModified":"2024-02-15T20:31:46+00:00","description":"Recension par Olivier P\u00e9deflous du livre Lire Hom\u00e8re \u00e0 la Renaissance. Philologie humaniste et tradition grecque, pour la SEMEN-L.","breadcrumb":{"@id":"http:\/\/www.semen-l.org\/?p=3315#breadcrumb"},"inLanguage":"fr-FR","potentialAction":[{"@type":"ReadAction","target":["http:\/\/www.semen-l.org\/?p=3315"]}]},{"@type":"ImageObject","inLanguage":"fr-FR","@id":"http:\/\/www.semen-l.org\/?p=3315#primaryimage","url":"http:\/\/www.semen-l.org\/wp-content\/uploads\/2024\/02\/homere-renaissance-couv.jpg","contentUrl":"http:\/\/www.semen-l.org\/wp-content\/uploads\/2024\/02\/homere-renaissance-couv.jpg","width":301,"height":420},{"@type":"BreadcrumbList","@id":"http:\/\/www.semen-l.org\/?p=3315#breadcrumb","itemListElement":[{"@type":"ListItem","position":1,"name":"Accueil","item":"http:\/\/www.semen-l.org\/"},{"@type":"ListItem","position":2,"name":"Patrick Morantin, Lire Hom\u00e8re \u00e0 la Renaissance. Philologie humaniste et tradition grecque, Gen\u00e8ve, Droz, 2017. (Olivier P\u00e9deflous)"}]},{"@type":"WebSite","@id":"http:\/\/www.semen-l.org\/#website","url":"http:\/\/www.semen-l.org\/","name":"Soci\u00e9t\u00e9 d'\u00c9tudes M\u00e9dio Et N\u00e9o-Latines","description":"","publisher":{"@id":"http:\/\/www.semen-l.org\/#organization"},"potentialAction":[{"@type":"SearchAction","target":{"@type":"EntryPoint","urlTemplate":"http:\/\/www.semen-l.org\/?s={search_term_string}"},"query-input":{"@type":"PropertyValueSpecification","valueRequired":true,"valueName":"search_term_string"}}],"inLanguage":"fr-FR"},{"@type":"Organization","@id":"http:\/\/www.semen-l.org\/#organization","name":"Soci\u00e9t\u00e9 d'\u00e9tudes m\u00e9dio et n\u00e9o-latines","url":"http:\/\/www.semen-l.org\/","logo":{"@type":"ImageObject","inLanguage":"fr-FR","@id":"http:\/\/www.semen-l.org\/#\/schema\/logo\/image\/","url":"http:\/\/www.semen-l.org\/wp-content\/uploads\/2020\/11\/logo-semenl.jpg","contentUrl":"http:\/\/www.semen-l.org\/wp-content\/uploads\/2020\/11\/logo-semenl.jpg","width":408,"height":403,"caption":"Soci\u00e9t\u00e9 d'\u00e9tudes m\u00e9dio et n\u00e9o-latines"},"image":{"@id":"http:\/\/www.semen-l.org\/#\/schema\/logo\/image\/"},"sameAs":["https:\/\/www.facebook.com\/SEMENL2018","https:\/\/independent.academia.edu\/SocitsdtudesmdioetnolatinesSEMENL"]},{"@type":"Person","@id":"http:\/\/www.semen-l.org\/#\/schema\/person\/ef5208815f17666727763c5363a51344","name":"Julien Maudoux","image":{"@type":"ImageObject","inLanguage":"fr-FR","@id":"https:\/\/secure.gravatar.com\/avatar\/caabf4fb6242e2277733cd35a5c2aa083761ea25dae1d1ff3298b54292225292?s=96&d=mm&r=g","url":"https:\/\/secure.gravatar.com\/avatar\/caabf4fb6242e2277733cd35a5c2aa083761ea25dae1d1ff3298b54292225292?s=96&d=mm&r=g","contentUrl":"https:\/\/secure.gravatar.com\/avatar\/caabf4fb6242e2277733cd35a5c2aa083761ea25dae1d1ff3298b54292225292?s=96&d=mm&r=g","caption":"Julien Maudoux"},"description":"Webmestre du site de la SEMEN-L","url":"http:\/\/www.semen-l.org\/?author=26"}]}},"jetpack_featured_media_url":"http:\/\/www.semen-l.org\/wp-content\/uploads\/2024\/02\/homere-renaissance-couv.jpg","_links":{"self":[{"href":"http:\/\/www.semen-l.org\/index.php?rest_route=\/wp\/v2\/posts\/3315","targetHints":{"allow":["GET"]}}],"collection":[{"href":"http:\/\/www.semen-l.org\/index.php?rest_route=\/wp\/v2\/posts"}],"about":[{"href":"http:\/\/www.semen-l.org\/index.php?rest_route=\/wp\/v2\/types\/post"}],"author":[{"embeddable":true,"href":"http:\/\/www.semen-l.org\/index.php?rest_route=\/wp\/v2\/users\/26"}],"replies":[{"embeddable":true,"href":"http:\/\/www.semen-l.org\/index.php?rest_route=%2Fwp%2Fv2%2Fcomments&post=3315"}],"version-history":[{"count":0,"href":"http:\/\/www.semen-l.org\/index.php?rest_route=\/wp\/v2\/posts\/3315\/revisions"}],"wp:featuredmedia":[{"embeddable":true,"href":"http:\/\/www.semen-l.org\/index.php?rest_route=\/wp\/v2\/media\/3316"}],"wp:attachment":[{"href":"http:\/\/www.semen-l.org\/index.php?rest_route=%2Fwp%2Fv2%2Fmedia&parent=3315"}],"wp:term":[{"taxonomy":"category","embeddable":true,"href":"http:\/\/www.semen-l.org\/index.php?rest_route=%2Fwp%2Fv2%2Fcategories&post=3315"},{"taxonomy":"post_tag","embeddable":true,"href":"http:\/\/www.semen-l.org\/index.php?rest_route=%2Fwp%2Fv2%2Ftags&post=3315"}],"curies":[{"name":"wp","href":"https:\/\/api.w.org\/{rel}","templated":true}]}}