{"id":3312,"date":"2017-10-15T20:23:14","date_gmt":"2017-10-15T20:23:14","guid":{"rendered":"https:\/\/www.semen-l.org\/?p=3312"},"modified":"2024-02-15T20:27:25","modified_gmt":"2024-02-15T20:27:25","slug":"aldo-manuzio-la-costruzione-del-mito-ed-mario-infelise-venise-marsilio-editori-2016-olivier-pedeflous","status":"publish","type":"post","link":"http:\/\/www.semen-l.org\/?p=3312","title":{"rendered":"Aldo Manuzio. La costruzione del mito. Ed. Mario Infelise. Venise. Marsilio Editori. 2016. (Olivier P\u00e9deflous)"},"content":{"rendered":"<p><strong><em>Aldo Manuzio. La costruzione del mito<\/em><\/strong><strong>. Ed. Mario Infelise. Venise. Marsilio Editori. 2016. 395 pp.<img fetchpriority=\"high\" decoding=\"async\" class=\"alignright size-medium wp-image-3313\" src=\"http:\/\/www.semen-l.org\/wp-content\/uploads\/2024\/02\/manuce-mythe-couv-205x300.jpg\" alt=\"\" width=\"205\" height=\"300\" srcset=\"http:\/\/www.semen-l.org\/wp-content\/uploads\/2024\/02\/manuce-mythe-couv-205x300.jpg 205w, http:\/\/www.semen-l.org\/wp-content\/uploads\/2024\/02\/manuce-mythe-couv-137x200.jpg 137w, http:\/\/www.semen-l.org\/wp-content\/uploads\/2024\/02\/manuce-mythe-couv.jpg 410w\" sizes=\"(max-width: 205px) 100vw, 205px\" \/><\/strong><\/p>\n<p>Ce volume rassemble 20 articles, dont une introduction du ma\u00eetre d\u2019\u0153uvre, qui pr\u00e9cisent et compl\u00e8tent les connaissances sur le grand imprimeur v\u00e9nitien Alde Manuce. Plusieurs contributions int\u00e9ressant les n\u00e9o-latinistes, en particulier l\u2019article de John Butcher sur l\u2019\u00e9dition des \u0153uvres po\u00e9tiques de Pontano (\u00ab Aldo Manuzio editore dell\u2019opera poetica di Giovanni Pontano) \u00bb, celui de Giordano Castellani sur la typographie des citations (\u00ab Le citazioni nelle edizioni aldine \u00bb). Une importance section est consacr\u00e9e \u00e0 la fortune des \u00e9ditions aldines : l\u2019essai de Shanti Graheli \u00abAldo Manuzio e il Rinascimento francese \u00bb, compl\u00e9tant les travaux connus de Carlo Vecce ; la contribution de Paolo Sachet \u00e9claire la valeur prescriptrice de la collection du libraire A.-A. Renouard au d\u00e9but du XIXe si\u00e8cle.<\/p>\n<p><strong>Olivier P\u00e9deflous<\/strong><\/p>\n<p>Cette recension a \u00e9t\u00e9 publi\u00e9e dans le<a href=\"http:\/\/www.semen-l.org\/wp-content\/uploads\/2010\/11\/bulletin-semenl-15.pdf\"> Bulletin de liaison n\u00b015 (2017) de la SEMEN-L<\/a> (p. 19).<\/p>\n","protected":false},"excerpt":{"rendered":"<p>Aldo Manuzio. La costruzione del mito. Ed. Mario Infelise. Venise. Marsilio Editori. 2016. 395 pp. Ce volume rassemble 20 articles, dont une introduction du ma\u00eetre d\u2019\u0153uvre, qui pr\u00e9cisent et compl\u00e8tent les connaissances sur le grand imprimeur v\u00e9nitien Alde Manuce. Plusieurs &hellip; <a href=\"http:\/\/www.semen-l.org\/?p=3312\">Continuer la lecture <span class=\"meta-nav\">&rarr;<\/span><\/a><\/p>\n","protected":false},"author":26,"featured_media":3313,"comment_status":"open","ping_status":"open","sticky":false,"template":"","format":"standard","meta":{"footnotes":""},"categories":[1825],"tags":[2070,144,171,2069,646,36],"class_list":["post-3312","post","type-post","status-publish","format-standard","has-post-thumbnail","hentry","category-recensions","tag-citation","tag-humanisme","tag-imprimerie","tag-librairie","tag-manuce-alde","tag-giovanni-pontano"],"yoast_head":"<!-- This site is optimized with the Yoast SEO plugin v27.5 - https:\/\/yoast.com\/product\/yoast-seo-wordpress\/ -->\n<title>Recension SEMEN-L du livre Aldo Manuzio La costruzione del mito<\/title>\n<meta name=\"description\" content=\"Olivier P\u00e9deflous fait un compte-rendu du livre collectif Aldo Manuzio La costruzione del mito pour la SEMEN-L.\" \/>\n<meta name=\"robots\" content=\"index, follow, max-snippet:-1, max-image-preview:large, max-video-preview:-1\" \/>\n<link rel=\"canonical\" href=\"http:\/\/www.semen-l.org\/?p=3312\" \/>\n<meta property=\"og:locale\" content=\"fr_FR\" \/>\n<meta property=\"og:type\" content=\"article\" \/>\n<meta property=\"og:title\" content=\"Recension SEMEN-L du livre Aldo Manuzio La costruzione del mito\" \/>\n<meta property=\"og:description\" content=\"Olivier P\u00e9deflous fait un compte-rendu du livre collectif Aldo Manuzio La costruzione del mito pour la SEMEN-L.\" \/>\n<meta property=\"og:url\" content=\"http:\/\/www.semen-l.org\/?p=3312\" \/>\n<meta property=\"og:site_name\" content=\"Soci\u00e9t\u00e9 d&#039;\u00c9tudes M\u00e9dio Et N\u00e9o-Latines\" \/>\n<meta property=\"article:publisher\" content=\"https:\/\/www.facebook.com\/SEMENL2018\" \/>\n<meta property=\"article:published_time\" content=\"2017-10-15T20:23:14+00:00\" \/>\n<meta property=\"article:modified_time\" content=\"2024-02-15T20:27:25+00:00\" \/>\n<meta property=\"og:image\" content=\"http:\/\/www.semen-l.org\/wp-content\/uploads\/2024\/02\/manuce-mythe-couv.jpg\" \/>\n\t<meta property=\"og:image:width\" content=\"410\" \/>\n\t<meta property=\"og:image:height\" content=\"600\" \/>\n\t<meta property=\"og:image:type\" content=\"image\/jpeg\" \/>\n<meta name=\"author\" content=\"Julien Maudoux\" \/>\n<meta name=\"twitter:card\" content=\"summary_large_image\" \/>\n<meta name=\"twitter:label1\" content=\"\u00c9crit par\" \/>\n\t<meta name=\"twitter:data1\" content=\"Julien Maudoux\" \/>\n\t<meta name=\"twitter:label2\" content=\"Dur\u00e9e de lecture estim\u00e9e\" \/>\n\t<meta name=\"twitter:data2\" content=\"2 minutes\" \/>\n<script type=\"application\/ld+json\" class=\"yoast-schema-graph\">{\"@context\":\"https:\\\/\\\/schema.org\",\"@graph\":[{\"@type\":\"Article\",\"@id\":\"http:\\\/\\\/www.semen-l.org\\\/?p=3312#article\",\"isPartOf\":{\"@id\":\"http:\\\/\\\/www.semen-l.org\\\/?p=3312\"},\"author\":{\"name\":\"Julien Maudoux\",\"@id\":\"http:\\\/\\\/www.semen-l.org\\\/#\\\/schema\\\/person\\\/ef5208815f17666727763c5363a51344\"},\"headline\":\"Aldo Manuzio. La costruzione del mito. Ed. Mario Infelise. Venise. Marsilio Editori. 2016. (Olivier P\u00e9deflous)\",\"datePublished\":\"2017-10-15T20:23:14+00:00\",\"dateModified\":\"2024-02-15T20:27:25+00:00\",\"mainEntityOfPage\":{\"@id\":\"http:\\\/\\\/www.semen-l.org\\\/?p=3312\"},\"wordCount\":175,\"commentCount\":0,\"publisher\":{\"@id\":\"http:\\\/\\\/www.semen-l.org\\\/#organization\"},\"image\":{\"@id\":\"http:\\\/\\\/www.semen-l.org\\\/?p=3312#primaryimage\"},\"thumbnailUrl\":\"http:\\\/\\\/www.semen-l.org\\\/wp-content\\\/uploads\\\/2024\\\/02\\\/manuce-mythe-couv.jpg\",\"keywords\":[\"citation\",\"humanisme\",\"imprimerie\",\"librairie\",\"Manuce (Alde)\",\"Pontano (Giovanni)\"],\"articleSection\":[\"Recensions\"],\"inLanguage\":\"fr-FR\",\"potentialAction\":[{\"@type\":\"CommentAction\",\"name\":\"Comment\",\"target\":[\"http:\\\/\\\/www.semen-l.org\\\/?p=3312#respond\"]}]},{\"@type\":\"WebPage\",\"@id\":\"http:\\\/\\\/www.semen-l.org\\\/?p=3312\",\"url\":\"http:\\\/\\\/www.semen-l.org\\\/?p=3312\",\"name\":\"Recension SEMEN-L du livre Aldo Manuzio La costruzione del mito\",\"isPartOf\":{\"@id\":\"http:\\\/\\\/www.semen-l.org\\\/#website\"},\"primaryImageOfPage\":{\"@id\":\"http:\\\/\\\/www.semen-l.org\\\/?p=3312#primaryimage\"},\"image\":{\"@id\":\"http:\\\/\\\/www.semen-l.org\\\/?p=3312#primaryimage\"},\"thumbnailUrl\":\"http:\\\/\\\/www.semen-l.org\\\/wp-content\\\/uploads\\\/2024\\\/02\\\/manuce-mythe-couv.jpg\",\"datePublished\":\"2017-10-15T20:23:14+00:00\",\"dateModified\":\"2024-02-15T20:27:25+00:00\",\"description\":\"Olivier P\u00e9deflous fait un compte-rendu du livre collectif Aldo Manuzio La costruzione del mito pour la SEMEN-L.\",\"breadcrumb\":{\"@id\":\"http:\\\/\\\/www.semen-l.org\\\/?p=3312#breadcrumb\"},\"inLanguage\":\"fr-FR\",\"potentialAction\":[{\"@type\":\"ReadAction\",\"target\":[\"http:\\\/\\\/www.semen-l.org\\\/?p=3312\"]}]},{\"@type\":\"ImageObject\",\"inLanguage\":\"fr-FR\",\"@id\":\"http:\\\/\\\/www.semen-l.org\\\/?p=3312#primaryimage\",\"url\":\"http:\\\/\\\/www.semen-l.org\\\/wp-content\\\/uploads\\\/2024\\\/02\\\/manuce-mythe-couv.jpg\",\"contentUrl\":\"http:\\\/\\\/www.semen-l.org\\\/wp-content\\\/uploads\\\/2024\\\/02\\\/manuce-mythe-couv.jpg\",\"width\":410,\"height\":600},{\"@type\":\"BreadcrumbList\",\"@id\":\"http:\\\/\\\/www.semen-l.org\\\/?p=3312#breadcrumb\",\"itemListElement\":[{\"@type\":\"ListItem\",\"position\":1,\"name\":\"Accueil\",\"item\":\"http:\\\/\\\/www.semen-l.org\\\/\"},{\"@type\":\"ListItem\",\"position\":2,\"name\":\"Aldo Manuzio. La costruzione del mito. Ed. Mario Infelise. Venise. Marsilio Editori. 2016. (Olivier P\u00e9deflous)\"}]},{\"@type\":\"WebSite\",\"@id\":\"http:\\\/\\\/www.semen-l.org\\\/#website\",\"url\":\"http:\\\/\\\/www.semen-l.org\\\/\",\"name\":\"Soci\u00e9t\u00e9 d'\u00c9tudes M\u00e9dio Et N\u00e9o-Latines\",\"description\":\"\",\"publisher\":{\"@id\":\"http:\\\/\\\/www.semen-l.org\\\/#organization\"},\"potentialAction\":[{\"@type\":\"SearchAction\",\"target\":{\"@type\":\"EntryPoint\",\"urlTemplate\":\"http:\\\/\\\/www.semen-l.org\\\/?s={search_term_string}\"},\"query-input\":{\"@type\":\"PropertyValueSpecification\",\"valueRequired\":true,\"valueName\":\"search_term_string\"}}],\"inLanguage\":\"fr-FR\"},{\"@type\":\"Organization\",\"@id\":\"http:\\\/\\\/www.semen-l.org\\\/#organization\",\"name\":\"Soci\u00e9t\u00e9 d'\u00e9tudes m\u00e9dio et n\u00e9o-latines\",\"url\":\"http:\\\/\\\/www.semen-l.org\\\/\",\"logo\":{\"@type\":\"ImageObject\",\"inLanguage\":\"fr-FR\",\"@id\":\"http:\\\/\\\/www.semen-l.org\\\/#\\\/schema\\\/logo\\\/image\\\/\",\"url\":\"http:\\\/\\\/www.semen-l.org\\\/wp-content\\\/uploads\\\/2020\\\/11\\\/logo-semenl.jpg\",\"contentUrl\":\"http:\\\/\\\/www.semen-l.org\\\/wp-content\\\/uploads\\\/2020\\\/11\\\/logo-semenl.jpg\",\"width\":408,\"height\":403,\"caption\":\"Soci\u00e9t\u00e9 d'\u00e9tudes m\u00e9dio et n\u00e9o-latines\"},\"image\":{\"@id\":\"http:\\\/\\\/www.semen-l.org\\\/#\\\/schema\\\/logo\\\/image\\\/\"},\"sameAs\":[\"https:\\\/\\\/www.facebook.com\\\/SEMENL2018\",\"https:\\\/\\\/independent.academia.edu\\\/SocitsdtudesmdioetnolatinesSEMENL\"]},{\"@type\":\"Person\",\"@id\":\"http:\\\/\\\/www.semen-l.org\\\/#\\\/schema\\\/person\\\/ef5208815f17666727763c5363a51344\",\"name\":\"Julien Maudoux\",\"image\":{\"@type\":\"ImageObject\",\"inLanguage\":\"fr-FR\",\"@id\":\"https:\\\/\\\/secure.gravatar.com\\\/avatar\\\/caabf4fb6242e2277733cd35a5c2aa083761ea25dae1d1ff3298b54292225292?s=96&d=mm&r=g\",\"url\":\"https:\\\/\\\/secure.gravatar.com\\\/avatar\\\/caabf4fb6242e2277733cd35a5c2aa083761ea25dae1d1ff3298b54292225292?s=96&d=mm&r=g\",\"contentUrl\":\"https:\\\/\\\/secure.gravatar.com\\\/avatar\\\/caabf4fb6242e2277733cd35a5c2aa083761ea25dae1d1ff3298b54292225292?s=96&d=mm&r=g\",\"caption\":\"Julien Maudoux\"},\"description\":\"Webmestre du site de la SEMEN-L\",\"url\":\"http:\\\/\\\/www.semen-l.org\\\/?author=26\"}]}<\/script>\n<!-- \/ Yoast SEO plugin. -->","yoast_head_json":{"title":"Recension SEMEN-L du livre Aldo Manuzio La costruzione del mito","description":"Olivier P\u00e9deflous fait un compte-rendu du livre collectif Aldo Manuzio La costruzione del mito pour la SEMEN-L.","robots":{"index":"index","follow":"follow","max-snippet":"max-snippet:-1","max-image-preview":"max-image-preview:large","max-video-preview":"max-video-preview:-1"},"canonical":"http:\/\/www.semen-l.org\/?p=3312","og_locale":"fr_FR","og_type":"article","og_title":"Recension SEMEN-L du livre Aldo Manuzio La costruzione del mito","og_description":"Olivier P\u00e9deflous fait un compte-rendu du livre collectif Aldo Manuzio La costruzione del mito pour la SEMEN-L.","og_url":"http:\/\/www.semen-l.org\/?p=3312","og_site_name":"Soci\u00e9t\u00e9 d&#039;\u00c9tudes M\u00e9dio Et N\u00e9o-Latines","article_publisher":"https:\/\/www.facebook.com\/SEMENL2018","article_published_time":"2017-10-15T20:23:14+00:00","article_modified_time":"2024-02-15T20:27:25+00:00","og_image":[{"width":410,"height":600,"url":"http:\/\/www.semen-l.org\/wp-content\/uploads\/2024\/02\/manuce-mythe-couv.jpg","type":"image\/jpeg"}],"author":"Julien Maudoux","twitter_card":"summary_large_image","twitter_misc":{"\u00c9crit par":"Julien Maudoux","Dur\u00e9e de lecture estim\u00e9e":"2 minutes"},"schema":{"@context":"https:\/\/schema.org","@graph":[{"@type":"Article","@id":"http:\/\/www.semen-l.org\/?p=3312#article","isPartOf":{"@id":"http:\/\/www.semen-l.org\/?p=3312"},"author":{"name":"Julien Maudoux","@id":"http:\/\/www.semen-l.org\/#\/schema\/person\/ef5208815f17666727763c5363a51344"},"headline":"Aldo Manuzio. La costruzione del mito. Ed. Mario Infelise. Venise. Marsilio Editori. 2016. (Olivier P\u00e9deflous)","datePublished":"2017-10-15T20:23:14+00:00","dateModified":"2024-02-15T20:27:25+00:00","mainEntityOfPage":{"@id":"http:\/\/www.semen-l.org\/?p=3312"},"wordCount":175,"commentCount":0,"publisher":{"@id":"http:\/\/www.semen-l.org\/#organization"},"image":{"@id":"http:\/\/www.semen-l.org\/?p=3312#primaryimage"},"thumbnailUrl":"http:\/\/www.semen-l.org\/wp-content\/uploads\/2024\/02\/manuce-mythe-couv.jpg","keywords":["citation","humanisme","imprimerie","librairie","Manuce (Alde)","Pontano (Giovanni)"],"articleSection":["Recensions"],"inLanguage":"fr-FR","potentialAction":[{"@type":"CommentAction","name":"Comment","target":["http:\/\/www.semen-l.org\/?p=3312#respond"]}]},{"@type":"WebPage","@id":"http:\/\/www.semen-l.org\/?p=3312","url":"http:\/\/www.semen-l.org\/?p=3312","name":"Recension SEMEN-L du livre Aldo Manuzio La costruzione del mito","isPartOf":{"@id":"http:\/\/www.semen-l.org\/#website"},"primaryImageOfPage":{"@id":"http:\/\/www.semen-l.org\/?p=3312#primaryimage"},"image":{"@id":"http:\/\/www.semen-l.org\/?p=3312#primaryimage"},"thumbnailUrl":"http:\/\/www.semen-l.org\/wp-content\/uploads\/2024\/02\/manuce-mythe-couv.jpg","datePublished":"2017-10-15T20:23:14+00:00","dateModified":"2024-02-15T20:27:25+00:00","description":"Olivier P\u00e9deflous fait un compte-rendu du livre collectif Aldo Manuzio La costruzione del mito pour la SEMEN-L.","breadcrumb":{"@id":"http:\/\/www.semen-l.org\/?p=3312#breadcrumb"},"inLanguage":"fr-FR","potentialAction":[{"@type":"ReadAction","target":["http:\/\/www.semen-l.org\/?p=3312"]}]},{"@type":"ImageObject","inLanguage":"fr-FR","@id":"http:\/\/www.semen-l.org\/?p=3312#primaryimage","url":"http:\/\/www.semen-l.org\/wp-content\/uploads\/2024\/02\/manuce-mythe-couv.jpg","contentUrl":"http:\/\/www.semen-l.org\/wp-content\/uploads\/2024\/02\/manuce-mythe-couv.jpg","width":410,"height":600},{"@type":"BreadcrumbList","@id":"http:\/\/www.semen-l.org\/?p=3312#breadcrumb","itemListElement":[{"@type":"ListItem","position":1,"name":"Accueil","item":"http:\/\/www.semen-l.org\/"},{"@type":"ListItem","position":2,"name":"Aldo Manuzio. La costruzione del mito. Ed. Mario Infelise. Venise. Marsilio Editori. 2016. (Olivier P\u00e9deflous)"}]},{"@type":"WebSite","@id":"http:\/\/www.semen-l.org\/#website","url":"http:\/\/www.semen-l.org\/","name":"Soci\u00e9t\u00e9 d'\u00c9tudes M\u00e9dio Et N\u00e9o-Latines","description":"","publisher":{"@id":"http:\/\/www.semen-l.org\/#organization"},"potentialAction":[{"@type":"SearchAction","target":{"@type":"EntryPoint","urlTemplate":"http:\/\/www.semen-l.org\/?s={search_term_string}"},"query-input":{"@type":"PropertyValueSpecification","valueRequired":true,"valueName":"search_term_string"}}],"inLanguage":"fr-FR"},{"@type":"Organization","@id":"http:\/\/www.semen-l.org\/#organization","name":"Soci\u00e9t\u00e9 d'\u00e9tudes m\u00e9dio et n\u00e9o-latines","url":"http:\/\/www.semen-l.org\/","logo":{"@type":"ImageObject","inLanguage":"fr-FR","@id":"http:\/\/www.semen-l.org\/#\/schema\/logo\/image\/","url":"http:\/\/www.semen-l.org\/wp-content\/uploads\/2020\/11\/logo-semenl.jpg","contentUrl":"http:\/\/www.semen-l.org\/wp-content\/uploads\/2020\/11\/logo-semenl.jpg","width":408,"height":403,"caption":"Soci\u00e9t\u00e9 d'\u00e9tudes m\u00e9dio et n\u00e9o-latines"},"image":{"@id":"http:\/\/www.semen-l.org\/#\/schema\/logo\/image\/"},"sameAs":["https:\/\/www.facebook.com\/SEMENL2018","https:\/\/independent.academia.edu\/SocitsdtudesmdioetnolatinesSEMENL"]},{"@type":"Person","@id":"http:\/\/www.semen-l.org\/#\/schema\/person\/ef5208815f17666727763c5363a51344","name":"Julien Maudoux","image":{"@type":"ImageObject","inLanguage":"fr-FR","@id":"https:\/\/secure.gravatar.com\/avatar\/caabf4fb6242e2277733cd35a5c2aa083761ea25dae1d1ff3298b54292225292?s=96&d=mm&r=g","url":"https:\/\/secure.gravatar.com\/avatar\/caabf4fb6242e2277733cd35a5c2aa083761ea25dae1d1ff3298b54292225292?s=96&d=mm&r=g","contentUrl":"https:\/\/secure.gravatar.com\/avatar\/caabf4fb6242e2277733cd35a5c2aa083761ea25dae1d1ff3298b54292225292?s=96&d=mm&r=g","caption":"Julien Maudoux"},"description":"Webmestre du site de la SEMEN-L","url":"http:\/\/www.semen-l.org\/?author=26"}]}},"jetpack_featured_media_url":"http:\/\/www.semen-l.org\/wp-content\/uploads\/2024\/02\/manuce-mythe-couv.jpg","_links":{"self":[{"href":"http:\/\/www.semen-l.org\/index.php?rest_route=\/wp\/v2\/posts\/3312","targetHints":{"allow":["GET"]}}],"collection":[{"href":"http:\/\/www.semen-l.org\/index.php?rest_route=\/wp\/v2\/posts"}],"about":[{"href":"http:\/\/www.semen-l.org\/index.php?rest_route=\/wp\/v2\/types\/post"}],"author":[{"embeddable":true,"href":"http:\/\/www.semen-l.org\/index.php?rest_route=\/wp\/v2\/users\/26"}],"replies":[{"embeddable":true,"href":"http:\/\/www.semen-l.org\/index.php?rest_route=%2Fwp%2Fv2%2Fcomments&post=3312"}],"version-history":[{"count":0,"href":"http:\/\/www.semen-l.org\/index.php?rest_route=\/wp\/v2\/posts\/3312\/revisions"}],"wp:featuredmedia":[{"embeddable":true,"href":"http:\/\/www.semen-l.org\/index.php?rest_route=\/wp\/v2\/media\/3313"}],"wp:attachment":[{"href":"http:\/\/www.semen-l.org\/index.php?rest_route=%2Fwp%2Fv2%2Fmedia&parent=3312"}],"wp:term":[{"taxonomy":"category","embeddable":true,"href":"http:\/\/www.semen-l.org\/index.php?rest_route=%2Fwp%2Fv2%2Fcategories&post=3312"},{"taxonomy":"post_tag","embeddable":true,"href":"http:\/\/www.semen-l.org\/index.php?rest_route=%2Fwp%2Fv2%2Ftags&post=3312"}],"curies":[{"name":"wp","href":"https:\/\/api.w.org\/{rel}","templated":true}]}}